{"id":236332,"date":"2025-03-05T19:30:00","date_gmt":"2025-03-05T22:30:00","guid":{"rendered":"https:\/\/www.gaveanews.com\/?p=236332"},"modified":"2025-03-05T19:07:01","modified_gmt":"2025-03-05T22:07:01","slug":"botafogo-toma-atitude-importante-sobre-o-futuro-do-goleiro-john","status":"publish","type":"post","link":"https:\/\/www.gaveanews.com\/index.php\/2025\/03\/05\/botafogo-toma-atitude-importante-sobre-o-futuro-do-goleiro-john\/","title":{"rendered":"Botafogo toma atitude importante sobre o futuro do goleiro John"},"content":{"rendered":"\n<p>O Botafogo iniciou negocia\u00e7\u00f5es para a renova\u00e7\u00e3o do contrato do goleiro John, visando garantir sua perman\u00eancia e valoriza\u00e7\u00e3o dentro do elenco. O jogador, que tem v\u00ednculo com o clube at\u00e9 dezembro de 2027, foi pe\u00e7a-chave nas conquistas da Libertadores e do Campeonato Brasileiro de 2024, sendo eleito o melhor goleiro de ambas as competi\u00e7\u00f5es.<\/p>\n\n\n\n<p>Contratado do Santos em janeiro de 2024 por US$ 1,5 milh\u00e3o (cerca de R$ 7 milh\u00f5es na cota\u00e7\u00e3o da \u00e9poca), John chegou ao clube para disputar posi\u00e7\u00e3o com Gatito Fern\u00e1ndez, ap\u00f3s a sa\u00edda de Lucas Perri para o Lyon. Com boas atua\u00e7\u00f5es, o goleiro se consolidou como titular sob o comando do t\u00e9cnico Artur Jorge, tornando-se um dos destaques do elenco alvinegro.<\/p>\n\n\n\n<p>Mesmo com a oscila\u00e7\u00e3o da equipe no in\u00edcio de 2025, John tem sido um dos poucos pontos positivos do Botafogo na temporada. At\u00e9 o momento, o jogador acumula 58 partidas pelo clube, demonstrando regularidade e seguran\u00e7a na meta alvinegra. Na recente derrota por 2 a 0 para o Racing, pela Recopa Sul-Americana, o goleiro fez defesas importantes e evitou um placar mais el\u00e1stico.<\/p>\n\n\n\n<p>As negocia\u00e7\u00f5es para a renova\u00e7\u00e3o ainda est\u00e3o em est\u00e1gio inicial, mas n\u00e3o devem encontrar grandes obst\u00e1culos para um desfecho positivo. A diretoria do Botafogo estuda ajustes na multa rescis\u00f3ria do jogador, que j\u00e1 \u00e9 considerada alta, para dificultar poss\u00edveis investidas do mercado. Clubes da Inglaterra, Turquia e do Brasil demonstraram interesse em sua contrata\u00e7\u00e3o no final de 2024, chegando a apresentar uma proposta de cerca de 7 milh\u00f5es de euros. No entanto, o goleiro n\u00e3o manifestou inten\u00e7\u00e3o de deixar o clube neste momento.<\/p>\n\n\n\n<p>Al\u00e9m da renova\u00e7\u00e3o com John, o Botafogo tamb\u00e9m trabalha para estender o contrato do volante Gregore, cujo v\u00ednculo atual vai at\u00e9 2026. A diretoria busca manter a base da equipe e assegurar a continuidade do projeto esportivo para as pr\u00f3ximas temporadas.<\/p>\n\n\n\n<p>O goleiro segue como uma das principais refer\u00eancias do elenco e pe\u00e7a fundamental para os planos do Botafogo. A expectativa \u00e9 de que as conversas avancem nas pr\u00f3ximas semanas e um novo contrato seja oficializado em breve.<\/p>\n","protected":false},"excerpt":{"rendered":"<p>O Botafogo iniciou negocia\u00e7\u00f5es para a renova\u00e7\u00e3o do contrato do goleiro John, visando garantir sua perman\u00eancia e valoriza\u00e7\u00e3o dentro do elenco. O jogador, que tem v\u00ednculo com o clube at\u00e9 dezembro de 2027, foi pe\u00e7a-chave nas conquistas da Libertadores e do Campeonato Brasileiro de 2024, sendo eleito o melhor goleiro de ambas as competi\u00e7\u00f5es. Contratado [&hellip;]<\/p>\n","protected":false},"author":18,"featured_media":125909,"comment_status":"open","ping_status":"closed","sticky":false,"template":"","format":"standard","meta":{"footnotes":""},"categories":[138],"tags":[],"class_list":["post-236332","post","type-post","status-publish","format-standard","has-post-thumbnail","hentry","category-botafogo"],"yoast_head":"<!-- This site is optimized with the Yoast SEO Premium plugin v24.2 (Yoast SEO v26.9) - https:\/\/yoast.com\/product\/yoast-seo-premium-wordpress\/ -->\n<title>Botafogo toma atitude importante sobre o futuro do goleiro John<\/title>\n<meta name=\"robots\" content=\"index, follow, max-snippet:-1, max-image-preview:large, max-video-preview:-1\" \/>\n<link rel=\"canonical\" href=\"https:\/\/www.gaveanews.com\/index.php\/2025\/03\/05\/botafogo-toma-atitude-importante-sobre-o-futuro-do-goleiro-john\/\" \/>\n<meta property=\"og:locale\" content=\"pt_BR\" \/>\n<meta property=\"og:type\" content=\"article\" \/>\n<meta property=\"og:title\" content=\"Botafogo toma atitude importante sobre o futuro do goleiro John\" \/>\n<meta property=\"og:description\" content=\"O Botafogo iniciou negocia\u00e7\u00f5es para a renova\u00e7\u00e3o do contrato do goleiro John, visando garantir sua perman\u00eancia e valoriza\u00e7\u00e3o dentro do elenco. O jogador, que tem v\u00ednculo com o clube at\u00e9 dezembro de 2027, foi pe\u00e7a-chave nas conquistas da Libertadores e do Campeonato Brasileiro de 2024, sendo eleito o melhor goleiro de ambas as competi\u00e7\u00f5es. Contratado [&hellip;]\" \/>\n<meta property=\"og:url\" content=\"https:\/\/www.gaveanews.com\/index.php\/2025\/03\/05\/botafogo-toma-atitude-importante-sobre-o-futuro-do-goleiro-john\/\" \/>\n<meta property=\"og:site_name\" content=\"G\u00e1vea News\" \/>\n<meta property=\"article:publisher\" content=\"https:\/\/facebook.com\/gaveaNews\/\" \/>\n<meta property=\"article:published_time\" content=\"2025-03-05T22:30:00+00:00\" \/>\n<meta property=\"og:image\" content=\"https:\/\/www.gaveanews.com\/wp-content\/uploads\/johnvictor_1707255982338.webp\" \/>\n\t<meta property=\"og:image:width\" content=\"1440\" \/>\n\t<meta property=\"og:image:height\" content=\"1800\" \/>\n\t<meta property=\"og:image:type\" content=\"image\/jpeg\" \/>\n<meta name=\"author\" content=\"Paula Silva\" \/>\n<meta name=\"twitter:card\" content=\"summary_large_image\" \/>\n<meta name=\"twitter:label1\" content=\"Escrito por\" \/>\n\t<meta name=\"twitter:data1\" content=\"Paula Silva\" \/>\n\t<meta name=\"twitter:label2\" content=\"Est. tempo de leitura\" \/>\n\t<meta name=\"twitter:data2\" content=\"3 minutos\" \/>\n<script type=\"application\/ld+json\" class=\"yoast-schema-graph\">{\"@context\":\"https:\/\/schema.org\",\"@graph\":[{\"@type\":\"NewsArticle\",\"@id\":\"https:\/\/www.gaveanews.com\/index.php\/2025\/03\/05\/botafogo-toma-atitude-importante-sobre-o-futuro-do-goleiro-john\/#article\",\"isPartOf\":{\"@id\":\"https:\/\/www.gaveanews.com\/index.php\/2025\/03\/05\/botafogo-toma-atitude-importante-sobre-o-futuro-do-goleiro-john\/\"},\"author\":{\"name\":\"Paula Silva\",\"@id\":\"https:\/\/www.gaveanews.com\/#\/schema\/person\/daf63eec72e1164eb13dc35096c2b8da\"},\"headline\":\"Botafogo toma atitude importante sobre o futuro do goleiro John\",\"datePublished\":\"2025-03-05T22:30:00+00:00\",\"mainEntityOfPage\":{\"@id\":\"https:\/\/www.gaveanews.com\/index.php\/2025\/03\/05\/botafogo-toma-atitude-importante-sobre-o-futuro-do-goleiro-john\/\"},\"wordCount\":376,\"commentCount\":0,\"image\":{\"@id\":\"https:\/\/www.gaveanews.com\/index.php\/2025\/03\/05\/botafogo-toma-atitude-importante-sobre-o-futuro-do-goleiro-john\/#primaryimage\"},\"thumbnailUrl\":\"https:\/\/www.gaveanews.com\/wp-content\/uploads\/johnvictor_1707255982338.webp\",\"articleSection\":[\"Botafogo\"],\"inLanguage\":\"pt-BR\",\"potentialAction\":[{\"@type\":\"CommentAction\",\"name\":\"Comment\",\"target\":[\"https:\/\/www.gaveanews.com\/index.php\/2025\/03\/05\/botafogo-toma-atitude-importante-sobre-o-futuro-do-goleiro-john\/#respond\"]}],\"copyrightYear\":\"2025\",\"copyrightHolder\":{\"@id\":\"https:\/\/www.gaveanews.com\/#organization\"}},{\"@type\":\"WebPage\",\"@id\":\"https:\/\/www.gaveanews.com\/index.php\/2025\/03\/05\/botafogo-toma-atitude-importante-sobre-o-futuro-do-goleiro-john\/\",\"url\":\"https:\/\/www.gaveanews.com\/index.php\/2025\/03\/05\/botafogo-toma-atitude-importante-sobre-o-futuro-do-goleiro-john\/\",\"name\":\"Botafogo toma atitude importante sobre o futuro do goleiro John\",\"isPartOf\":{\"@id\":\"https:\/\/www.gaveanews.com\/#website\"},\"primaryImageOfPage\":{\"@id\":\"https:\/\/www.gaveanews.com\/index.php\/2025\/03\/05\/botafogo-toma-atitude-importante-sobre-o-futuro-do-goleiro-john\/#primaryimage\"},\"image\":{\"@id\":\"https:\/\/www.gaveanews.com\/index.php\/2025\/03\/05\/botafogo-toma-atitude-importante-sobre-o-futuro-do-goleiro-john\/#primaryimage\"},\"thumbnailUrl\":\"https:\/\/www.gaveanews.com\/wp-content\/uploads\/johnvictor_1707255982338.webp\",\"datePublished\":\"2025-03-05T22:30:00+00:00\",\"author\":{\"@id\":\"https:\/\/www.gaveanews.com\/#\/schema\/person\/daf63eec72e1164eb13dc35096c2b8da\"},\"breadcrumb\":{\"@id\":\"https:\/\/www.gaveanews.com\/index.php\/2025\/03\/05\/botafogo-toma-atitude-importante-sobre-o-futuro-do-goleiro-john\/#breadcrumb\"},\"inLanguage\":\"pt-BR\",\"potentialAction\":[{\"@type\":\"ReadAction\",\"target\":[\"https:\/\/www.gaveanews.com\/index.php\/2025\/03\/05\/botafogo-toma-atitude-importante-sobre-o-futuro-do-goleiro-john\/\"]}]},{\"@type\":\"ImageObject\",\"inLanguage\":\"pt-BR\",\"@id\":\"https:\/\/www.gaveanews.com\/index.php\/2025\/03\/05\/botafogo-toma-atitude-importante-sobre-o-futuro-do-goleiro-john\/#primaryimage\",\"url\":\"https:\/\/www.gaveanews.com\/wp-content\/uploads\/johnvictor_1707255982338.webp\",\"contentUrl\":\"https:\/\/www.gaveanews.com\/wp-content\/uploads\/johnvictor_1707255982338.webp\",\"width\":1440,\"height\":1800,\"caption\":\"John, goleiro do Botafogo (Foto: Reprodu\u00e7\u00e3o\/Instagram)\"},{\"@type\":\"BreadcrumbList\",\"@id\":\"https:\/\/www.gaveanews.com\/index.php\/2025\/03\/05\/botafogo-toma-atitude-importante-sobre-o-futuro-do-goleiro-john\/#breadcrumb\",\"itemListElement\":[{\"@type\":\"ListItem\",\"position\":1,\"name\":\"Home\",\"item\":\"https:\/\/www.gaveanews.com\/\"},{\"@type\":\"ListItem\",\"position\":2,\"name\":\"Botafogo toma atitude importante sobre o futuro do goleiro John\"}]},{\"@type\":\"WebSite\",\"@id\":\"https:\/\/www.gaveanews.com\/#website\",\"url\":\"https:\/\/www.gaveanews.com\/\",\"name\":\"G\u00e1vea News\",\"description\":\"Veja todas as not\u00edcias sobre o Flamengo: Contrata\u00e7\u00f5es, categorias de base, resultados das partidas, tabela de classifica\u00e7\u00e3o, pr\u00f3ximos jogos!\",\"potentialAction\":[{\"@type\":\"SearchAction\",\"target\":{\"@type\":\"EntryPoint\",\"urlTemplate\":\"https:\/\/www.gaveanews.com\/?s={search_term_string}\"},\"query-input\":{\"@type\":\"PropertyValueSpecification\",\"valueRequired\":true,\"valueName\":\"search_term_string\"}}],\"inLanguage\":\"pt-BR\"},{\"@type\":\"Person\",\"@id\":\"https:\/\/www.gaveanews.com\/#\/schema\/person\/daf63eec72e1164eb13dc35096c2b8da\",\"name\":\"Paula Silva\",\"image\":{\"@type\":\"ImageObject\",\"inLanguage\":\"pt-BR\",\"@id\":\"https:\/\/www.gaveanews.com\/#\/schema\/person\/image\/\",\"url\":\"https:\/\/secure.gravatar.com\/avatar\/eda381c845527cc5d64c13b901833cda29d97500ba040d3e6461f76f51d163bb?s=96&d=mm&r=g\",\"contentUrl\":\"https:\/\/secure.gravatar.com\/avatar\/eda381c845527cc5d64c13b901833cda29d97500ba040d3e6461f76f51d163bb?s=96&d=mm&r=g\",\"caption\":\"Paula Silva\"}}]}<\/script>\n<!-- \/ Yoast SEO Premium plugin. -->","yoast_head_json":{"title":"Botafogo toma atitude importante sobre o futuro do goleiro John","robots":{"index":"index","follow":"follow","max-snippet":"max-snippet:-1","max-image-preview":"max-image-preview:large","max-video-preview":"max-video-preview:-1"},"canonical":"https:\/\/www.gaveanews.com\/index.php\/2025\/03\/05\/botafogo-toma-atitude-importante-sobre-o-futuro-do-goleiro-john\/","og_locale":"pt_BR","og_type":"article","og_title":"Botafogo toma atitude importante sobre o futuro do goleiro John","og_description":"O Botafogo iniciou negocia\u00e7\u00f5es para a renova\u00e7\u00e3o do contrato do goleiro John, visando garantir sua perman\u00eancia e valoriza\u00e7\u00e3o dentro do elenco. O jogador, que tem v\u00ednculo com o clube at\u00e9 dezembro de 2027, foi pe\u00e7a-chave nas conquistas da Libertadores e do Campeonato Brasileiro de 2024, sendo eleito o melhor goleiro de ambas as competi\u00e7\u00f5es. Contratado [&hellip;]","og_url":"https:\/\/www.gaveanews.com\/index.php\/2025\/03\/05\/botafogo-toma-atitude-importante-sobre-o-futuro-do-goleiro-john\/","og_site_name":"G\u00e1vea News","article_publisher":"https:\/\/facebook.com\/gaveaNews\/","article_published_time":"2025-03-05T22:30:00+00:00","og_image":[{"width":1440,"height":1800,"url":"https:\/\/www.gaveanews.com\/wp-content\/uploads\/johnvictor_1707255982338.webp","type":"image\/jpeg"}],"author":"Paula Silva","twitter_card":"summary_large_image","twitter_misc":{"Escrito por":"Paula Silva","Est. tempo de leitura":"3 minutos"},"schema":{"@context":"https:\/\/schema.org","@graph":[{"@type":"NewsArticle","@id":"https:\/\/www.gaveanews.com\/index.php\/2025\/03\/05\/botafogo-toma-atitude-importante-sobre-o-futuro-do-goleiro-john\/#article","isPartOf":{"@id":"https:\/\/www.gaveanews.com\/index.php\/2025\/03\/05\/botafogo-toma-atitude-importante-sobre-o-futuro-do-goleiro-john\/"},"author":{"name":"Paula Silva","@id":"https:\/\/www.gaveanews.com\/#\/schema\/person\/daf63eec72e1164eb13dc35096c2b8da"},"headline":"Botafogo toma atitude importante sobre o futuro do goleiro John","datePublished":"2025-03-05T22:30:00+00:00","mainEntityOfPage":{"@id":"https:\/\/www.gaveanews.com\/index.php\/2025\/03\/05\/botafogo-toma-atitude-importante-sobre-o-futuro-do-goleiro-john\/"},"wordCount":376,"commentCount":0,"image":{"@id":"https:\/\/www.gaveanews.com\/index.php\/2025\/03\/05\/botafogo-toma-atitude-importante-sobre-o-futuro-do-goleiro-john\/#primaryimage"},"thumbnailUrl":"https:\/\/www.gaveanews.com\/wp-content\/uploads\/johnvictor_1707255982338.webp","articleSection":["Botafogo"],"inLanguage":"pt-BR","potentialAction":[{"@type":"CommentAction","name":"Comment","target":["https:\/\/www.gaveanews.com\/index.php\/2025\/03\/05\/botafogo-toma-atitude-importante-sobre-o-futuro-do-goleiro-john\/#respond"]}],"copyrightYear":"2025","copyrightHolder":{"@id":"https:\/\/www.gaveanews.com\/#organization"}},{"@type":"WebPage","@id":"https:\/\/www.gaveanews.com\/index.php\/2025\/03\/05\/botafogo-toma-atitude-importante-sobre-o-futuro-do-goleiro-john\/","url":"https:\/\/www.gaveanews.com\/index.php\/2025\/03\/05\/botafogo-toma-atitude-importante-sobre-o-futuro-do-goleiro-john\/","name":"Botafogo toma atitude importante sobre o futuro do goleiro John","isPartOf":{"@id":"https:\/\/www.gaveanews.com\/#website"},"primaryImageOfPage":{"@id":"https:\/\/www.gaveanews.com\/index.php\/2025\/03\/05\/botafogo-toma-atitude-importante-sobre-o-futuro-do-goleiro-john\/#primaryimage"},"image":{"@id":"https:\/\/www.gaveanews.com\/index.php\/2025\/03\/05\/botafogo-toma-atitude-importante-sobre-o-futuro-do-goleiro-john\/#primaryimage"},"thumbnailUrl":"https:\/\/www.gaveanews.com\/wp-content\/uploads\/johnvictor_1707255982338.webp","datePublished":"2025-03-05T22:30:00+00:00","author":{"@id":"https:\/\/www.gaveanews.com\/#\/schema\/person\/daf63eec72e1164eb13dc35096c2b8da"},"breadcrumb":{"@id":"https:\/\/www.gaveanews.com\/index.php\/2025\/03\/05\/botafogo-toma-atitude-importante-sobre-o-futuro-do-goleiro-john\/#breadcrumb"},"inLanguage":"pt-BR","potentialAction":[{"@type":"ReadAction","target":["https:\/\/www.gaveanews.com\/index.php\/2025\/03\/05\/botafogo-toma-atitude-importante-sobre-o-futuro-do-goleiro-john\/"]}]},{"@type":"ImageObject","inLanguage":"pt-BR","@id":"https:\/\/www.gaveanews.com\/index.php\/2025\/03\/05\/botafogo-toma-atitude-importante-sobre-o-futuro-do-goleiro-john\/#primaryimage","url":"https:\/\/www.gaveanews.com\/wp-content\/uploads\/johnvictor_1707255982338.webp","contentUrl":"https:\/\/www.gaveanews.com\/wp-content\/uploads\/johnvictor_1707255982338.webp","width":1440,"height":1800,"caption":"John, goleiro do Botafogo (Foto: Reprodu\u00e7\u00e3o\/Instagram)"},{"@type":"BreadcrumbList","@id":"https:\/\/www.gaveanews.com\/index.php\/2025\/03\/05\/botafogo-toma-atitude-importante-sobre-o-futuro-do-goleiro-john\/#breadcrumb","itemListElement":[{"@type":"ListItem","position":1,"name":"Home","item":"https:\/\/www.gaveanews.com\/"},{"@type":"ListItem","position":2,"name":"Botafogo toma atitude importante sobre o futuro do goleiro John"}]},{"@type":"WebSite","@id":"https:\/\/www.gaveanews.com\/#website","url":"https:\/\/www.gaveanews.com\/","name":"G\u00e1vea News","description":"Veja todas as not\u00edcias sobre o Flamengo: Contrata\u00e7\u00f5es, categorias de base, resultados das partidas, tabela de classifica\u00e7\u00e3o, pr\u00f3ximos jogos!","potentialAction":[{"@type":"SearchAction","target":{"@type":"EntryPoint","urlTemplate":"https:\/\/www.gaveanews.com\/?s={search_term_string}"},"query-input":{"@type":"PropertyValueSpecification","valueRequired":true,"valueName":"search_term_string"}}],"inLanguage":"pt-BR"},{"@type":"Person","@id":"https:\/\/www.gaveanews.com\/#\/schema\/person\/daf63eec72e1164eb13dc35096c2b8da","name":"Paula Silva","image":{"@type":"ImageObject","inLanguage":"pt-BR","@id":"https:\/\/www.gaveanews.com\/#\/schema\/person\/image\/","url":"https:\/\/secure.gravatar.com\/avatar\/eda381c845527cc5d64c13b901833cda29d97500ba040d3e6461f76f51d163bb?s=96&d=mm&r=g","contentUrl":"https:\/\/secure.gravatar.com\/avatar\/eda381c845527cc5d64c13b901833cda29d97500ba040d3e6461f76f51d163bb?s=96&d=mm&r=g","caption":"Paula Silva"}}]}},"_links":{"self":[{"href":"https:\/\/www.gaveanews.com\/index.php\/wp-json\/wp\/v2\/posts\/236332","targetHints":{"allow":["GET"]}}],"collection":[{"href":"https:\/\/www.gaveanews.com\/index.php\/wp-json\/wp\/v2\/posts"}],"about":[{"href":"https:\/\/www.gaveanews.com\/index.php\/wp-json\/wp\/v2\/types\/post"}],"author":[{"embeddable":true,"href":"https:\/\/www.gaveanews.com\/index.php\/wp-json\/wp\/v2\/users\/18"}],"replies":[{"embeddable":true,"href":"https:\/\/www.gaveanews.com\/index.php\/wp-json\/wp\/v2\/comments?post=236332"}],"version-history":[{"count":1,"href":"https:\/\/www.gaveanews.com\/index.php\/wp-json\/wp\/v2\/posts\/236332\/revisions"}],"predecessor-version":[{"id":236338,"href":"https:\/\/www.gaveanews.com\/index.php\/wp-json\/wp\/v2\/posts\/236332\/revisions\/236338"}],"wp:featuredmedia":[{"embeddable":true,"href":"https:\/\/www.gaveanews.com\/index.php\/wp-json\/wp\/v2\/media\/125909"}],"wp:attachment":[{"href":"https:\/\/www.gaveanews.com\/index.php\/wp-json\/wp\/v2\/media?parent=236332"}],"wp:term":[{"taxonomy":"category","embeddable":true,"href":"https:\/\/www.gaveanews.com\/index.php\/wp-json\/wp\/v2\/categories?post=236332"},{"taxonomy":"post_tag","embeddable":true,"href":"https:\/\/www.gaveanews.com\/index.php\/wp-json\/wp\/v2\/tags?post=236332"}],"curies":[{"name":"wp","href":"https:\/\/api.w.org\/{rel}","templated":true}]}}