{"id":236366,"date":"2025-03-05T19:51:42","date_gmt":"2025-03-05T22:51:42","guid":{"rendered":"https:\/\/www.gaveanews.com\/?p=236366"},"modified":"2025-03-05T21:46:03","modified_gmt":"2025-03-06T00:46:03","slug":"caxias-x-fluminense-a-declaracao-de-german-cano","status":"publish","type":"post","link":"https:\/\/www.gaveanews.com\/index.php\/2025\/03\/05\/caxias-x-fluminense-a-declaracao-de-german-cano\/","title":{"rendered":"Caxias x Fluminense: a declara\u00e7\u00e3o de Germ\u00e1n Cano"},"content":{"rendered":"\n<p>O cent\u00e9simo, no Centen\u00e1rio! A estrela de Germ\u00e1n Cano brilhou na noite desta quarta-feira, 5, e o gol de n\u00famero cem com a camisa do Fluminense serviu para dar vantagem aos cariocas no duelo contra o Caxias, pela segunda etapa da Copa do Brasil. O tento do argentino vai garantindo, por ora, o Tricolor na pr\u00f3xima fase do torneio. <\/p>\n\n\n\n<p>&#8220;Muito feliz por chegar a 100 gols com a camisa do Fluminense. Para mim, \u00e9 uma honra representar esse time que tem muita hist\u00f3ria no futebol brasileiro. Sou muito grato a todos que passaram por aqui e fizeram parte de cada gol que fiz. Gratid\u00e3o, agradecer tamb\u00e9m a essa torcida maravilhosa, minha fam\u00edlia. Estou muito feliz, passando um bom momento aqui. Quero continuar por muitos anos mais&#8221;, celebrou Cano.<\/p>\n\n\n\n<p>Cano se tornou o terceiro jogador da hist\u00f3ria do Fluminense a atingir o feito neste s\u00e9culo. O atacante precisou de 184 partidas para alcan\u00e7ar a marca e s\u00f3 fica atr\u00e1s de Fred, que alcan\u00e7ou a marca em 148 jogos. Magno Alves figura na terceira coloca\u00e7\u00e3o do seleto ranking, visto que chegou ao cent\u00e9simo ap\u00f3s 233 duelos.<\/p>\n\n\n\n<h2 class=\"wp-block-heading\" id=\"h-primeiro-tempo\">Primeiro tempo<\/h2>\n\n\n\n<p>A partida come\u00e7ou bem morna no Est\u00e1dio Centen\u00e1rio, no Rio Grande do Sul, e nenhuma equipe criou grandes chances nos primeiros 10 minutos. De cara, o Fluminense percebeu que teria que enfrentar dois advers\u00e1rios nesta noite de quarta-feira, 5: o Caxias e o gramado. As condi\u00e7\u00f5es do campo dificultaram bastante as primeiras a\u00e7\u00f5es do Tricolor e interferiram diretamente na qualidade t\u00e9cnica do confronto.<\/p>\n\n\n\n<p>O primeiro lance de perigo ocorreu aos 12 minutos em cobran\u00e7a de escanteio de Arias. Freytes subiu alto e ajeitou de cabe\u00e7a para Cano, que finalizou em cima do goleiro na segunda trave. A partir da\u00ed, o Fluminense passou a concentrar mais seu jogo pelo lado direito de ataque &#8211; onde conseguiu suas principais a\u00e7\u00f5es na etapa inicial.<\/p>\n\n\n\n<p>As a\u00e7\u00f5es ofensivas do Flu ficaram comprometidas pelas condi\u00e7\u00f5es do gramado, mas, ainda assim, a equipe de Mano Menezes se lan\u00e7ou \u00e0 frente e conseguiu criar solu\u00e7\u00f5es dentro das limita\u00e7\u00f5es do jogo. Seja pelo campo, adapta\u00e7\u00e3o ou proposta defensiva do Caxias. E ai apareceu ele, Germ\u00e1n Cano, acostumado a botar ordem na casa sempre que necess\u00e1rio. Canobbio iniciou a jogada pelo meio e acionou Arias pela esquerda. O colombiano cruzou para o camisa 14, que finalizou de primeira para dar vantagem ao Tricolor aos 40 minutos. <\/p>\n\n\n\n<figure class=\"wp-block-embed is-type-rich is-provider-twitter wp-block-embed-twitter\"><div class=\"wp-block-embed__wrapper\">\n<blockquote class=\"twitter-tweet\" data-width=\"550\" data-dnt=\"true\"><p lang=\"pt\" dir=\"ltr\">1\ufe0f\u20e30\ufe0f\u20e30\ufe0f\u20e3 VEZES GERM\u00c1N EZEQUIEL CANO.<br>FA\u00c7AM O LL 100 VEZES. IMEDIATAMENTE. <a href=\"https:\/\/t.co\/Sn9bRuqxPA\">pic.twitter.com\/Sn9bRuqxPA<\/a><\/p>&mdash; Fluminense F.C. (@FluminenseFC) <a href=\"https:\/\/twitter.com\/FluminenseFC\/status\/1897418291058274322?ref_src=twsrc%5Etfw\">March 5, 2025<\/a><\/blockquote><script async src=\"https:\/\/platform.twitter.com\/widgets.js\" charset=\"utf-8\"><\/script>\n<\/div><\/figure>\n\n\n\n<h2 class=\"wp-block-heading\" id=\"h-copa-do-brasil\">Copa do Brasil<\/h2>\n\n\n\n<p>O Fluminense chegou ao Rio Grande do Sul disposto a ampliar o per\u00edodo de invencibilidade, que perdura h\u00e1 sete jogos &#8211; dois empates e cinco vit\u00f3rias. O Tricolor, ali\u00e1s, emplacou a maior goleada do clube na Copa do Brasil na fase anterior ao vencer o \u00c1guia de Marab\u00e1 por 8 a 0.<\/p>\n\n\n\n<p>A segunda fase tamb\u00e9m \u00e9 decidida em jogo \u00fanico e n\u00e3o h\u00e1 vantagem do empate. Ou seja, a decis\u00e3o ir\u00e1 aos p\u00eanaltis em caso de igualdade no placar.<\/p>\n","protected":false},"excerpt":{"rendered":"<p>O cent\u00e9simo, no Centen\u00e1rio! A estrela de Germ\u00e1n Cano brilhou na noite desta quarta-feira, 5, e o gol de n\u00famero cem com a camisa do Fluminense serviu para dar vantagem aos cariocas no duelo contra o Caxias, pela segunda etapa da Copa do Brasil. O tento do argentino vai garantindo, por ora, o Tricolor na [&hellip;]<\/p>\n","protected":false},"author":30,"featured_media":170376,"comment_status":"open","ping_status":"closed","sticky":false,"template":"","format":"standard","meta":{"footnotes":""},"categories":[145],"tags":[],"class_list":["post-236366","post","type-post","status-publish","format-standard","has-post-thumbnail","hentry","category-fluminense"],"yoast_head":"<!-- This site is optimized with the Yoast SEO Premium plugin v24.2 (Yoast SEO v26.9) - https:\/\/yoast.com\/product\/yoast-seo-premium-wordpress\/ -->\n<title>Caxias x Fluminense: a declara\u00e7\u00e3o de Germ\u00e1n Cano<\/title>\n<meta name=\"robots\" content=\"index, follow, max-snippet:-1, max-image-preview:large, max-video-preview:-1\" \/>\n<link rel=\"canonical\" href=\"https:\/\/www.gaveanews.com\/index.php\/2025\/03\/05\/caxias-x-fluminense-a-declaracao-de-german-cano\/\" \/>\n<meta property=\"og:locale\" content=\"pt_BR\" \/>\n<meta property=\"og:type\" content=\"article\" \/>\n<meta property=\"og:title\" content=\"Caxias x Fluminense: a declara\u00e7\u00e3o de Germ\u00e1n Cano\" \/>\n<meta property=\"og:description\" content=\"O cent\u00e9simo, no Centen\u00e1rio! A estrela de Germ\u00e1n Cano brilhou na noite desta quarta-feira, 5, e o gol de n\u00famero cem com a camisa do Fluminense serviu para dar vantagem aos cariocas no duelo contra o Caxias, pela segunda etapa da Copa do Brasil. O tento do argentino vai garantindo, por ora, o Tricolor na [&hellip;]\" \/>\n<meta property=\"og:url\" content=\"https:\/\/www.gaveanews.com\/index.php\/2025\/03\/05\/caxias-x-fluminense-a-declaracao-de-german-cano\/\" \/>\n<meta property=\"og:site_name\" content=\"G\u00e1vea News\" \/>\n<meta property=\"article:publisher\" content=\"https:\/\/facebook.com\/gaveaNews\/\" \/>\n<meta property=\"article:published_time\" content=\"2025-03-05T22:51:42+00:00\" \/>\n<meta property=\"article:modified_time\" content=\"2025-03-06T00:46:03+00:00\" \/>\n<meta property=\"og:image\" content=\"http:\/\/www.gaveanews.com\/wp-content\/uploads\/German-Cano-em-acao-pelo-Fluminense.webp\" \/>\n\t<meta property=\"og:image:width\" content=\"908\" \/>\n\t<meta property=\"og:image:height\" content=\"637\" \/>\n\t<meta property=\"og:image:type\" content=\"image\/jpeg\" \/>\n<meta name=\"author\" content=\"Ana Teixeira\" \/>\n<meta name=\"twitter:card\" content=\"summary_large_image\" \/>\n<meta name=\"twitter:label1\" content=\"Escrito por\" \/>\n\t<meta name=\"twitter:data1\" content=\"Ana Teixeira\" \/>\n\t<meta name=\"twitter:label2\" content=\"Est. tempo de leitura\" \/>\n\t<meta name=\"twitter:data2\" content=\"3 minutos\" \/>\n<script type=\"application\/ld+json\" class=\"yoast-schema-graph\">{\"@context\":\"https:\/\/schema.org\",\"@graph\":[{\"@type\":\"NewsArticle\",\"@id\":\"https:\/\/www.gaveanews.com\/index.php\/2025\/03\/05\/caxias-x-fluminense-a-declaracao-de-german-cano\/#article\",\"isPartOf\":{\"@id\":\"https:\/\/www.gaveanews.com\/index.php\/2025\/03\/05\/caxias-x-fluminense-a-declaracao-de-german-cano\/\"},\"author\":{\"name\":\"Ana Teixeira\",\"@id\":\"https:\/\/www.gaveanews.com\/#\/schema\/person\/3b19f7288b0ce20372991275e4f2e6c2\"},\"headline\":\"Caxias x Fluminense: a declara\u00e7\u00e3o de Germ\u00e1n Cano\",\"datePublished\":\"2025-03-05T22:51:42+00:00\",\"dateModified\":\"2025-03-06T00:46:03+00:00\",\"mainEntityOfPage\":{\"@id\":\"https:\/\/www.gaveanews.com\/index.php\/2025\/03\/05\/caxias-x-fluminense-a-declaracao-de-german-cano\/\"},\"wordCount\":518,\"commentCount\":0,\"image\":{\"@id\":\"https:\/\/www.gaveanews.com\/index.php\/2025\/03\/05\/caxias-x-fluminense-a-declaracao-de-german-cano\/#primaryimage\"},\"thumbnailUrl\":\"https:\/\/www.gaveanews.com\/wp-content\/uploads\/German-Cano-em-acao-pelo-Fluminense.webp\",\"articleSection\":[\"Fluminense\"],\"inLanguage\":\"pt-BR\",\"potentialAction\":[{\"@type\":\"CommentAction\",\"name\":\"Comment\",\"target\":[\"https:\/\/www.gaveanews.com\/index.php\/2025\/03\/05\/caxias-x-fluminense-a-declaracao-de-german-cano\/#respond\"]}],\"copyrightYear\":\"2025\",\"copyrightHolder\":{\"@id\":\"https:\/\/www.gaveanews.com\/#organization\"}},{\"@type\":\"WebPage\",\"@id\":\"https:\/\/www.gaveanews.com\/index.php\/2025\/03\/05\/caxias-x-fluminense-a-declaracao-de-german-cano\/\",\"url\":\"https:\/\/www.gaveanews.com\/index.php\/2025\/03\/05\/caxias-x-fluminense-a-declaracao-de-german-cano\/\",\"name\":\"Caxias x Fluminense: a declara\u00e7\u00e3o de Germ\u00e1n Cano\",\"isPartOf\":{\"@id\":\"https:\/\/www.gaveanews.com\/#website\"},\"primaryImageOfPage\":{\"@id\":\"https:\/\/www.gaveanews.com\/index.php\/2025\/03\/05\/caxias-x-fluminense-a-declaracao-de-german-cano\/#primaryimage\"},\"image\":{\"@id\":\"https:\/\/www.gaveanews.com\/index.php\/2025\/03\/05\/caxias-x-fluminense-a-declaracao-de-german-cano\/#primaryimage\"},\"thumbnailUrl\":\"https:\/\/www.gaveanews.com\/wp-content\/uploads\/German-Cano-em-acao-pelo-Fluminense.webp\",\"datePublished\":\"2025-03-05T22:51:42+00:00\",\"dateModified\":\"2025-03-06T00:46:03+00:00\",\"author\":{\"@id\":\"https:\/\/www.gaveanews.com\/#\/schema\/person\/3b19f7288b0ce20372991275e4f2e6c2\"},\"breadcrumb\":{\"@id\":\"https:\/\/www.gaveanews.com\/index.php\/2025\/03\/05\/caxias-x-fluminense-a-declaracao-de-german-cano\/#breadcrumb\"},\"inLanguage\":\"pt-BR\",\"potentialAction\":[{\"@type\":\"ReadAction\",\"target\":[\"https:\/\/www.gaveanews.com\/index.php\/2025\/03\/05\/caxias-x-fluminense-a-declaracao-de-german-cano\/\"]}]},{\"@type\":\"ImageObject\",\"inLanguage\":\"pt-BR\",\"@id\":\"https:\/\/www.gaveanews.com\/index.php\/2025\/03\/05\/caxias-x-fluminense-a-declaracao-de-german-cano\/#primaryimage\",\"url\":\"https:\/\/www.gaveanews.com\/wp-content\/uploads\/German-Cano-em-acao-pelo-Fluminense.webp\",\"contentUrl\":\"https:\/\/www.gaveanews.com\/wp-content\/uploads\/German-Cano-em-acao-pelo-Fluminense.webp\",\"width\":908,\"height\":637,\"caption\":\"Germ\u00e1n Cano em a\u00e7\u00e3o pelo Fluminense (Foto: Lucas Mer\u00e7on\/Fluminense)\"},{\"@type\":\"BreadcrumbList\",\"@id\":\"https:\/\/www.gaveanews.com\/index.php\/2025\/03\/05\/caxias-x-fluminense-a-declaracao-de-german-cano\/#breadcrumb\",\"itemListElement\":[{\"@type\":\"ListItem\",\"position\":1,\"name\":\"Home\",\"item\":\"https:\/\/www.gaveanews.com\/\"},{\"@type\":\"ListItem\",\"position\":2,\"name\":\"Caxias x Fluminense: a declara\u00e7\u00e3o de Germ\u00e1n Cano\"}]},{\"@type\":\"WebSite\",\"@id\":\"https:\/\/www.gaveanews.com\/#website\",\"url\":\"https:\/\/www.gaveanews.com\/\",\"name\":\"G\u00e1vea News\",\"description\":\"Veja todas as not\u00edcias sobre o Flamengo: Contrata\u00e7\u00f5es, categorias de base, resultados das partidas, tabela de classifica\u00e7\u00e3o, pr\u00f3ximos jogos!\",\"potentialAction\":[{\"@type\":\"SearchAction\",\"target\":{\"@type\":\"EntryPoint\",\"urlTemplate\":\"https:\/\/www.gaveanews.com\/?s={search_term_string}\"},\"query-input\":{\"@type\":\"PropertyValueSpecification\",\"valueRequired\":true,\"valueName\":\"search_term_string\"}}],\"inLanguage\":\"pt-BR\"},{\"@type\":\"Person\",\"@id\":\"https:\/\/www.gaveanews.com\/#\/schema\/person\/3b19f7288b0ce20372991275e4f2e6c2\",\"name\":\"Ana Teixeira\",\"image\":{\"@type\":\"ImageObject\",\"inLanguage\":\"pt-BR\",\"@id\":\"https:\/\/www.gaveanews.com\/#\/schema\/person\/image\/\",\"url\":\"https:\/\/secure.gravatar.com\/avatar\/0a73f5a5258f3fed37fc2fa641892f3f7a4748456d4d4792f9bc550e6c19e06c?s=96&d=mm&r=g\",\"contentUrl\":\"https:\/\/secure.gravatar.com\/avatar\/0a73f5a5258f3fed37fc2fa641892f3f7a4748456d4d4792f9bc550e6c19e06c?s=96&d=mm&r=g\",\"caption\":\"Ana Teixeira\"}}]}<\/script>\n<!-- \/ Yoast SEO Premium plugin. -->","yoast_head_json":{"title":"Caxias x Fluminense: a declara\u00e7\u00e3o de Germ\u00e1n Cano","robots":{"index":"index","follow":"follow","max-snippet":"max-snippet:-1","max-image-preview":"max-image-preview:large","max-video-preview":"max-video-preview:-1"},"canonical":"https:\/\/www.gaveanews.com\/index.php\/2025\/03\/05\/caxias-x-fluminense-a-declaracao-de-german-cano\/","og_locale":"pt_BR","og_type":"article","og_title":"Caxias x Fluminense: a declara\u00e7\u00e3o de Germ\u00e1n Cano","og_description":"O cent\u00e9simo, no Centen\u00e1rio! A estrela de Germ\u00e1n Cano brilhou na noite desta quarta-feira, 5, e o gol de n\u00famero cem com a camisa do Fluminense serviu para dar vantagem aos cariocas no duelo contra o Caxias, pela segunda etapa da Copa do Brasil. O tento do argentino vai garantindo, por ora, o Tricolor na [&hellip;]","og_url":"https:\/\/www.gaveanews.com\/index.php\/2025\/03\/05\/caxias-x-fluminense-a-declaracao-de-german-cano\/","og_site_name":"G\u00e1vea News","article_publisher":"https:\/\/facebook.com\/gaveaNews\/","article_published_time":"2025-03-05T22:51:42+00:00","article_modified_time":"2025-03-06T00:46:03+00:00","og_image":[{"width":908,"height":637,"url":"http:\/\/www.gaveanews.com\/wp-content\/uploads\/German-Cano-em-acao-pelo-Fluminense.webp","type":"image\/jpeg"}],"author":"Ana Teixeira","twitter_card":"summary_large_image","twitter_misc":{"Escrito por":"Ana Teixeira","Est. tempo de leitura":"3 minutos"},"schema":{"@context":"https:\/\/schema.org","@graph":[{"@type":"NewsArticle","@id":"https:\/\/www.gaveanews.com\/index.php\/2025\/03\/05\/caxias-x-fluminense-a-declaracao-de-german-cano\/#article","isPartOf":{"@id":"https:\/\/www.gaveanews.com\/index.php\/2025\/03\/05\/caxias-x-fluminense-a-declaracao-de-german-cano\/"},"author":{"name":"Ana Teixeira","@id":"https:\/\/www.gaveanews.com\/#\/schema\/person\/3b19f7288b0ce20372991275e4f2e6c2"},"headline":"Caxias x Fluminense: a declara\u00e7\u00e3o de Germ\u00e1n Cano","datePublished":"2025-03-05T22:51:42+00:00","dateModified":"2025-03-06T00:46:03+00:00","mainEntityOfPage":{"@id":"https:\/\/www.gaveanews.com\/index.php\/2025\/03\/05\/caxias-x-fluminense-a-declaracao-de-german-cano\/"},"wordCount":518,"commentCount":0,"image":{"@id":"https:\/\/www.gaveanews.com\/index.php\/2025\/03\/05\/caxias-x-fluminense-a-declaracao-de-german-cano\/#primaryimage"},"thumbnailUrl":"https:\/\/www.gaveanews.com\/wp-content\/uploads\/German-Cano-em-acao-pelo-Fluminense.webp","articleSection":["Fluminense"],"inLanguage":"pt-BR","potentialAction":[{"@type":"CommentAction","name":"Comment","target":["https:\/\/www.gaveanews.com\/index.php\/2025\/03\/05\/caxias-x-fluminense-a-declaracao-de-german-cano\/#respond"]}],"copyrightYear":"2025","copyrightHolder":{"@id":"https:\/\/www.gaveanews.com\/#organization"}},{"@type":"WebPage","@id":"https:\/\/www.gaveanews.com\/index.php\/2025\/03\/05\/caxias-x-fluminense-a-declaracao-de-german-cano\/","url":"https:\/\/www.gaveanews.com\/index.php\/2025\/03\/05\/caxias-x-fluminense-a-declaracao-de-german-cano\/","name":"Caxias x Fluminense: a declara\u00e7\u00e3o de Germ\u00e1n Cano","isPartOf":{"@id":"https:\/\/www.gaveanews.com\/#website"},"primaryImageOfPage":{"@id":"https:\/\/www.gaveanews.com\/index.php\/2025\/03\/05\/caxias-x-fluminense-a-declaracao-de-german-cano\/#primaryimage"},"image":{"@id":"https:\/\/www.gaveanews.com\/index.php\/2025\/03\/05\/caxias-x-fluminense-a-declaracao-de-german-cano\/#primaryimage"},"thumbnailUrl":"https:\/\/www.gaveanews.com\/wp-content\/uploads\/German-Cano-em-acao-pelo-Fluminense.webp","datePublished":"2025-03-05T22:51:42+00:00","dateModified":"2025-03-06T00:46:03+00:00","author":{"@id":"https:\/\/www.gaveanews.com\/#\/schema\/person\/3b19f7288b0ce20372991275e4f2e6c2"},"breadcrumb":{"@id":"https:\/\/www.gaveanews.com\/index.php\/2025\/03\/05\/caxias-x-fluminense-a-declaracao-de-german-cano\/#breadcrumb"},"inLanguage":"pt-BR","potentialAction":[{"@type":"ReadAction","target":["https:\/\/www.gaveanews.com\/index.php\/2025\/03\/05\/caxias-x-fluminense-a-declaracao-de-german-cano\/"]}]},{"@type":"ImageObject","inLanguage":"pt-BR","@id":"https:\/\/www.gaveanews.com\/index.php\/2025\/03\/05\/caxias-x-fluminense-a-declaracao-de-german-cano\/#primaryimage","url":"https:\/\/www.gaveanews.com\/wp-content\/uploads\/German-Cano-em-acao-pelo-Fluminense.webp","contentUrl":"https:\/\/www.gaveanews.com\/wp-content\/uploads\/German-Cano-em-acao-pelo-Fluminense.webp","width":908,"height":637,"caption":"Germ\u00e1n Cano em a\u00e7\u00e3o pelo Fluminense (Foto: Lucas Mer\u00e7on\/Fluminense)"},{"@type":"BreadcrumbList","@id":"https:\/\/www.gaveanews.com\/index.php\/2025\/03\/05\/caxias-x-fluminense-a-declaracao-de-german-cano\/#breadcrumb","itemListElement":[{"@type":"ListItem","position":1,"name":"Home","item":"https:\/\/www.gaveanews.com\/"},{"@type":"ListItem","position":2,"name":"Caxias x Fluminense: a declara\u00e7\u00e3o de Germ\u00e1n Cano"}]},{"@type":"WebSite","@id":"https:\/\/www.gaveanews.com\/#website","url":"https:\/\/www.gaveanews.com\/","name":"G\u00e1vea News","description":"Veja todas as not\u00edcias sobre o Flamengo: Contrata\u00e7\u00f5es, categorias de base, resultados das partidas, tabela de classifica\u00e7\u00e3o, pr\u00f3ximos jogos!","potentialAction":[{"@type":"SearchAction","target":{"@type":"EntryPoint","urlTemplate":"https:\/\/www.gaveanews.com\/?s={search_term_string}"},"query-input":{"@type":"PropertyValueSpecification","valueRequired":true,"valueName":"search_term_string"}}],"inLanguage":"pt-BR"},{"@type":"Person","@id":"https:\/\/www.gaveanews.com\/#\/schema\/person\/3b19f7288b0ce20372991275e4f2e6c2","name":"Ana Teixeira","image":{"@type":"ImageObject","inLanguage":"pt-BR","@id":"https:\/\/www.gaveanews.com\/#\/schema\/person\/image\/","url":"https:\/\/secure.gravatar.com\/avatar\/0a73f5a5258f3fed37fc2fa641892f3f7a4748456d4d4792f9bc550e6c19e06c?s=96&d=mm&r=g","contentUrl":"https:\/\/secure.gravatar.com\/avatar\/0a73f5a5258f3fed37fc2fa641892f3f7a4748456d4d4792f9bc550e6c19e06c?s=96&d=mm&r=g","caption":"Ana Teixeira"}}]}},"_links":{"self":[{"href":"https:\/\/www.gaveanews.com\/index.php\/wp-json\/wp\/v2\/posts\/236366","targetHints":{"allow":["GET"]}}],"collection":[{"href":"https:\/\/www.gaveanews.com\/index.php\/wp-json\/wp\/v2\/posts"}],"about":[{"href":"https:\/\/www.gaveanews.com\/index.php\/wp-json\/wp\/v2\/types\/post"}],"author":[{"embeddable":true,"href":"https:\/\/www.gaveanews.com\/index.php\/wp-json\/wp\/v2\/users\/30"}],"replies":[{"embeddable":true,"href":"https:\/\/www.gaveanews.com\/index.php\/wp-json\/wp\/v2\/comments?post=236366"}],"version-history":[{"count":5,"href":"https:\/\/www.gaveanews.com\/index.php\/wp-json\/wp\/v2\/posts\/236366\/revisions"}],"predecessor-version":[{"id":236393,"href":"https:\/\/www.gaveanews.com\/index.php\/wp-json\/wp\/v2\/posts\/236366\/revisions\/236393"}],"wp:featuredmedia":[{"embeddable":true,"href":"https:\/\/www.gaveanews.com\/index.php\/wp-json\/wp\/v2\/media\/170376"}],"wp:attachment":[{"href":"https:\/\/www.gaveanews.com\/index.php\/wp-json\/wp\/v2\/media?parent=236366"}],"wp:term":[{"taxonomy":"category","embeddable":true,"href":"https:\/\/www.gaveanews.com\/index.php\/wp-json\/wp\/v2\/categories?post=236366"},{"taxonomy":"post_tag","embeddable":true,"href":"https:\/\/www.gaveanews.com\/index.php\/wp-json\/wp\/v2\/tags?post=236366"}],"curies":[{"name":"wp","href":"https:\/\/api.w.org\/{rel}","templated":true}]}}