{"id":236703,"date":"2025-03-06T21:55:00","date_gmt":"2025-03-07T00:55:00","guid":{"rendered":"https:\/\/www.gaveanews.com\/?p=236703"},"modified":"2025-03-06T20:28:18","modified_gmt":"2025-03-06T23:28:18","slug":"a-declaracao-de-dorival-junior-direcionada-a-danilo-do-flamengo","status":"publish","type":"post","link":"https:\/\/www.gaveanews.com\/index.php\/2025\/03\/06\/a-declaracao-de-dorival-junior-direcionada-a-danilo-do-flamengo\/","title":{"rendered":"A declara\u00e7\u00e3o de Dorival J\u00fanior direcionada a Danilo, do Flamengo"},"content":{"rendered":"\n<p>O t\u00e9cnico Dorival J\u00fanior anunciou a lista final de convocados da Sele\u00e7\u00e3o Brasileira para os jogos contra Col\u00f4mbia e Argentina pelas Eliminat\u00f3rias da Copa do Mundo de 2026. Entre os 23 jogadores chamados, quatro pertencem ao Flamengo: Danilo, Wesley, L\u00e9o Ortiz e Gerson. O clube carioca, ali\u00e1s, havia tido seis nomes na pr\u00e9-lista de 52 jogadores, mas Alex Sandro e Bruno Henrique acabaram ficando fora da rela\u00e7\u00e3o final.<\/p>\n\n\n\n<p>As partidas est\u00e3o marcadas para os dias 20 e 25 de mar\u00e7o. O primeiro confronto ser\u00e1 realizado no Est\u00e1dio Man\u00e9 Garrincha, em Bras\u00edlia, enquanto o segundo acontecer\u00e1 em solo argentino. Para Dorival J\u00fanior, esses duelos ser\u00e3o essenciais para observar os jogadores convocados, especialmente aqueles que buscam se firmar no elenco.<\/p>\n\n\n\n<h2 class=\"wp-block-heading\" id=\"h-a-versatilidade-de-danilo\">A versatilidade de Danilo<\/h2>\n\n\n\n<p>Dentre os atletas chamados, Danilo se destaca pela polival\u00eancia. O jogador, que pode atuar tanto como lateral-direito quanto como zagueiro, foi inclu\u00eddo na lista entre os defensores, sem uma posi\u00e7\u00e3o fixa definida. Em entrevista coletiva ap\u00f3s a convoca\u00e7\u00e3o, Dorival elogiou a capacidade do atleta em desempenhar diferentes fun\u00e7\u00f5es dentro de campo.<\/p>\n\n\n\n<p>&#8220;\u00c9 uma configura\u00e7\u00e3o para as duas partidas. Confio na versatilidade. O Danilo faz qualquer fun\u00e7\u00e3o. Deixo esse exerc\u00edcio para voc\u00eas, temos na cabe\u00e7a o que queremos&#8221;, declarou o treinador.<\/p>\n\n\n\n<h2 class=\"wp-block-heading\" id=\"h-a-declaracao-de-dorival-sobre-danilo\">A declara\u00e7\u00e3o de Dorival sobre Danilo<\/h2>\n\n\n\n<p>Dorival tamb\u00e9m enfatizou a liberdade de movimenta\u00e7\u00e3o que deseja dentro da equipe e a import\u00e2ncia de jogadores que possam se adaptar a diferentes cen\u00e1rios durante as partidas. &#8220;Fica dif\u00edcil exemplificar, citando meio-campistas, quero liberdade de movimenta\u00e7\u00e3o, com a participa\u00e7\u00e3o de todos marcando e, com bola, criar a partir do desenvolvimento dessa equipe&#8221;, completou o t\u00e9cnico.<\/p>\n\n\n\n<h2 class=\"wp-block-heading\" id=\"h-o-flamengo-na-selecao\">O Flamengo na Sele\u00e7\u00e3o<\/h2>\n\n\n\n<p>Al\u00e9m de Danilo, outros tr\u00eas jogadores do Flamengo foram chamados. Wesley, que vive bom momento no clube carioca, foi convocado pela primeira vez para a equipe principal. J\u00e1 Gerson segue sendo visto como uma pe\u00e7a relevante para o meio-campo da sele\u00e7\u00e3o. L\u00e9o Ortiz, por sua vez, refor\u00e7a o setor defensivo da equipe nacional.<\/p>\n\n\n\n<p>A lista de convocados tamb\u00e9m conta com Neymar, do Santos, Est\u00eav\u00e3o, do Palmeiras, e Guilherme Arana, do Atl\u00e9tico-MG, entre os atletas que atuam no futebol brasileiro.<\/p>\n","protected":false},"excerpt":{"rendered":"<p>O t\u00e9cnico Dorival J\u00fanior anunciou a lista final de convocados da Sele\u00e7\u00e3o Brasileira para os jogos contra Col\u00f4mbia e Argentina pelas Eliminat\u00f3rias da Copa do Mundo de 2026. Entre os 23 jogadores chamados, quatro pertencem ao Flamengo: Danilo, Wesley, L\u00e9o Ortiz e Gerson. O clube carioca, ali\u00e1s, havia tido seis nomes na pr\u00e9-lista de 52 [&hellip;]<\/p>\n","protected":false},"author":15,"featured_media":222093,"comment_status":"open","ping_status":"closed","sticky":false,"template":"","format":"standard","meta":{"footnotes":""},"categories":[1],"tags":[],"class_list":["post-236703","post","type-post","status-publish","format-standard","has-post-thumbnail","hentry","category-flamengo"],"yoast_head":"<!-- This site is optimized with the Yoast SEO Premium plugin v24.2 (Yoast SEO v26.9) - https:\/\/yoast.com\/product\/yoast-seo-premium-wordpress\/ -->\n<title>A declara\u00e7\u00e3o de Dorival J\u00fanior direcionada a Danilo, do Flamengo<\/title>\n<meta name=\"robots\" content=\"index, follow, max-snippet:-1, max-image-preview:large, max-video-preview:-1\" \/>\n<link rel=\"canonical\" href=\"https:\/\/www.gaveanews.com\/index.php\/2025\/03\/06\/a-declaracao-de-dorival-junior-direcionada-a-danilo-do-flamengo\/\" \/>\n<meta property=\"og:locale\" content=\"pt_BR\" \/>\n<meta property=\"og:type\" content=\"article\" \/>\n<meta property=\"og:title\" content=\"A declara\u00e7\u00e3o de Dorival J\u00fanior direcionada a Danilo, do Flamengo\" \/>\n<meta property=\"og:description\" content=\"O t\u00e9cnico Dorival J\u00fanior anunciou a lista final de convocados da Sele\u00e7\u00e3o Brasileira para os jogos contra Col\u00f4mbia e Argentina pelas Eliminat\u00f3rias da Copa do Mundo de 2026. Entre os 23 jogadores chamados, quatro pertencem ao Flamengo: Danilo, Wesley, L\u00e9o Ortiz e Gerson. O clube carioca, ali\u00e1s, havia tido seis nomes na pr\u00e9-lista de 52 [&hellip;]\" \/>\n<meta property=\"og:url\" content=\"https:\/\/www.gaveanews.com\/index.php\/2025\/03\/06\/a-declaracao-de-dorival-junior-direcionada-a-danilo-do-flamengo\/\" \/>\n<meta property=\"og:site_name\" content=\"G\u00e1vea News\" \/>\n<meta property=\"article:publisher\" content=\"https:\/\/facebook.com\/gaveaNews\/\" \/>\n<meta property=\"article:published_time\" content=\"2025-03-07T00:55:00+00:00\" \/>\n<meta property=\"og:image\" content=\"https:\/\/www.gaveanews.com\/wp-content\/uploads\/Danilo-pelo-Flamengo.webp\" \/>\n\t<meta property=\"og:image:width\" content=\"622\" \/>\n\t<meta property=\"og:image:height\" content=\"519\" \/>\n\t<meta property=\"og:image:type\" content=\"image\/jpeg\" \/>\n<meta name=\"author\" content=\"Henrique Machado\" \/>\n<meta name=\"twitter:card\" content=\"summary_large_image\" \/>\n<meta name=\"twitter:label1\" content=\"Escrito por\" \/>\n\t<meta name=\"twitter:data1\" content=\"Henrique Machado\" \/>\n\t<meta name=\"twitter:label2\" content=\"Est. tempo de leitura\" \/>\n\t<meta name=\"twitter:data2\" content=\"3 minutos\" \/>\n<script type=\"application\/ld+json\" class=\"yoast-schema-graph\">{\"@context\":\"https:\/\/schema.org\",\"@graph\":[{\"@type\":\"NewsArticle\",\"@id\":\"https:\/\/www.gaveanews.com\/index.php\/2025\/03\/06\/a-declaracao-de-dorival-junior-direcionada-a-danilo-do-flamengo\/#article\",\"isPartOf\":{\"@id\":\"https:\/\/www.gaveanews.com\/index.php\/2025\/03\/06\/a-declaracao-de-dorival-junior-direcionada-a-danilo-do-flamengo\/\"},\"author\":{\"name\":\"Henrique Machado\",\"@id\":\"https:\/\/www.gaveanews.com\/#\/schema\/person\/fd07635ec039ec3ba74ad18ec8a6dbd6\"},\"headline\":\"A declara\u00e7\u00e3o de Dorival J\u00fanior direcionada a Danilo, do Flamengo\",\"datePublished\":\"2025-03-07T00:55:00+00:00\",\"mainEntityOfPage\":{\"@id\":\"https:\/\/www.gaveanews.com\/index.php\/2025\/03\/06\/a-declaracao-de-dorival-junior-direcionada-a-danilo-do-flamengo\/\"},\"wordCount\":398,\"commentCount\":0,\"image\":{\"@id\":\"https:\/\/www.gaveanews.com\/index.php\/2025\/03\/06\/a-declaracao-de-dorival-junior-direcionada-a-danilo-do-flamengo\/#primaryimage\"},\"thumbnailUrl\":\"https:\/\/www.gaveanews.com\/wp-content\/uploads\/Danilo-pelo-Flamengo.webp\",\"articleSection\":[\"Flamengo\"],\"inLanguage\":\"pt-BR\",\"potentialAction\":[{\"@type\":\"CommentAction\",\"name\":\"Comment\",\"target\":[\"https:\/\/www.gaveanews.com\/index.php\/2025\/03\/06\/a-declaracao-de-dorival-junior-direcionada-a-danilo-do-flamengo\/#respond\"]}],\"copyrightYear\":\"2025\",\"copyrightHolder\":{\"@id\":\"https:\/\/www.gaveanews.com\/#organization\"}},{\"@type\":\"WebPage\",\"@id\":\"https:\/\/www.gaveanews.com\/index.php\/2025\/03\/06\/a-declaracao-de-dorival-junior-direcionada-a-danilo-do-flamengo\/\",\"url\":\"https:\/\/www.gaveanews.com\/index.php\/2025\/03\/06\/a-declaracao-de-dorival-junior-direcionada-a-danilo-do-flamengo\/\",\"name\":\"A declara\u00e7\u00e3o de Dorival J\u00fanior direcionada a Danilo, do Flamengo\",\"isPartOf\":{\"@id\":\"https:\/\/www.gaveanews.com\/#website\"},\"primaryImageOfPage\":{\"@id\":\"https:\/\/www.gaveanews.com\/index.php\/2025\/03\/06\/a-declaracao-de-dorival-junior-direcionada-a-danilo-do-flamengo\/#primaryimage\"},\"image\":{\"@id\":\"https:\/\/www.gaveanews.com\/index.php\/2025\/03\/06\/a-declaracao-de-dorival-junior-direcionada-a-danilo-do-flamengo\/#primaryimage\"},\"thumbnailUrl\":\"https:\/\/www.gaveanews.com\/wp-content\/uploads\/Danilo-pelo-Flamengo.webp\",\"datePublished\":\"2025-03-07T00:55:00+00:00\",\"author\":{\"@id\":\"https:\/\/www.gaveanews.com\/#\/schema\/person\/fd07635ec039ec3ba74ad18ec8a6dbd6\"},\"breadcrumb\":{\"@id\":\"https:\/\/www.gaveanews.com\/index.php\/2025\/03\/06\/a-declaracao-de-dorival-junior-direcionada-a-danilo-do-flamengo\/#breadcrumb\"},\"inLanguage\":\"pt-BR\",\"potentialAction\":[{\"@type\":\"ReadAction\",\"target\":[\"https:\/\/www.gaveanews.com\/index.php\/2025\/03\/06\/a-declaracao-de-dorival-junior-direcionada-a-danilo-do-flamengo\/\"]}]},{\"@type\":\"ImageObject\",\"inLanguage\":\"pt-BR\",\"@id\":\"https:\/\/www.gaveanews.com\/index.php\/2025\/03\/06\/a-declaracao-de-dorival-junior-direcionada-a-danilo-do-flamengo\/#primaryimage\",\"url\":\"https:\/\/www.gaveanews.com\/wp-content\/uploads\/Danilo-pelo-Flamengo.webp\",\"contentUrl\":\"https:\/\/www.gaveanews.com\/wp-content\/uploads\/Danilo-pelo-Flamengo.webp\",\"width\":622,\"height\":519,\"caption\":\"Danilo pelo Flamengo (Foto: Divulga\u00e7\u00e3o\/Flamengo)\"},{\"@type\":\"BreadcrumbList\",\"@id\":\"https:\/\/www.gaveanews.com\/index.php\/2025\/03\/06\/a-declaracao-de-dorival-junior-direcionada-a-danilo-do-flamengo\/#breadcrumb\",\"itemListElement\":[{\"@type\":\"ListItem\",\"position\":1,\"name\":\"Home\",\"item\":\"https:\/\/www.gaveanews.com\/\"},{\"@type\":\"ListItem\",\"position\":2,\"name\":\"A declara\u00e7\u00e3o de Dorival J\u00fanior direcionada a Danilo, do Flamengo\"}]},{\"@type\":\"WebSite\",\"@id\":\"https:\/\/www.gaveanews.com\/#website\",\"url\":\"https:\/\/www.gaveanews.com\/\",\"name\":\"G\u00e1vea News\",\"description\":\"Veja todas as not\u00edcias sobre o Flamengo: Contrata\u00e7\u00f5es, categorias de base, resultados das partidas, tabela de classifica\u00e7\u00e3o, pr\u00f3ximos jogos!\",\"potentialAction\":[{\"@type\":\"SearchAction\",\"target\":{\"@type\":\"EntryPoint\",\"urlTemplate\":\"https:\/\/www.gaveanews.com\/?s={search_term_string}\"},\"query-input\":{\"@type\":\"PropertyValueSpecification\",\"valueRequired\":true,\"valueName\":\"search_term_string\"}}],\"inLanguage\":\"pt-BR\"},{\"@type\":\"Person\",\"@id\":\"https:\/\/www.gaveanews.com\/#\/schema\/person\/fd07635ec039ec3ba74ad18ec8a6dbd6\",\"name\":\"Henrique Machado\",\"image\":{\"@type\":\"ImageObject\",\"inLanguage\":\"pt-BR\",\"@id\":\"https:\/\/www.gaveanews.com\/#\/schema\/person\/image\/\",\"url\":\"https:\/\/secure.gravatar.com\/avatar\/b95e35997e01d9800c1b6184bd79d4d898d370a3fce2584f5c77b907d5c7d9e9?s=96&d=mm&r=g\",\"contentUrl\":\"https:\/\/secure.gravatar.com\/avatar\/b95e35997e01d9800c1b6184bd79d4d898d370a3fce2584f5c77b907d5c7d9e9?s=96&d=mm&r=g\",\"caption\":\"Henrique Machado\"}}]}<\/script>\n<!-- \/ Yoast SEO Premium plugin. -->","yoast_head_json":{"title":"A declara\u00e7\u00e3o de Dorival J\u00fanior direcionada a Danilo, do Flamengo","robots":{"index":"index","follow":"follow","max-snippet":"max-snippet:-1","max-image-preview":"max-image-preview:large","max-video-preview":"max-video-preview:-1"},"canonical":"https:\/\/www.gaveanews.com\/index.php\/2025\/03\/06\/a-declaracao-de-dorival-junior-direcionada-a-danilo-do-flamengo\/","og_locale":"pt_BR","og_type":"article","og_title":"A declara\u00e7\u00e3o de Dorival J\u00fanior direcionada a Danilo, do Flamengo","og_description":"O t\u00e9cnico Dorival J\u00fanior anunciou a lista final de convocados da Sele\u00e7\u00e3o Brasileira para os jogos contra Col\u00f4mbia e Argentina pelas Eliminat\u00f3rias da Copa do Mundo de 2026. Entre os 23 jogadores chamados, quatro pertencem ao Flamengo: Danilo, Wesley, L\u00e9o Ortiz e Gerson. O clube carioca, ali\u00e1s, havia tido seis nomes na pr\u00e9-lista de 52 [&hellip;]","og_url":"https:\/\/www.gaveanews.com\/index.php\/2025\/03\/06\/a-declaracao-de-dorival-junior-direcionada-a-danilo-do-flamengo\/","og_site_name":"G\u00e1vea News","article_publisher":"https:\/\/facebook.com\/gaveaNews\/","article_published_time":"2025-03-07T00:55:00+00:00","og_image":[{"width":622,"height":519,"url":"https:\/\/www.gaveanews.com\/wp-content\/uploads\/Danilo-pelo-Flamengo.webp","type":"image\/jpeg"}],"author":"Henrique Machado","twitter_card":"summary_large_image","twitter_misc":{"Escrito por":"Henrique Machado","Est. tempo de leitura":"3 minutos"},"schema":{"@context":"https:\/\/schema.org","@graph":[{"@type":"NewsArticle","@id":"https:\/\/www.gaveanews.com\/index.php\/2025\/03\/06\/a-declaracao-de-dorival-junior-direcionada-a-danilo-do-flamengo\/#article","isPartOf":{"@id":"https:\/\/www.gaveanews.com\/index.php\/2025\/03\/06\/a-declaracao-de-dorival-junior-direcionada-a-danilo-do-flamengo\/"},"author":{"name":"Henrique Machado","@id":"https:\/\/www.gaveanews.com\/#\/schema\/person\/fd07635ec039ec3ba74ad18ec8a6dbd6"},"headline":"A declara\u00e7\u00e3o de Dorival J\u00fanior direcionada a Danilo, do Flamengo","datePublished":"2025-03-07T00:55:00+00:00","mainEntityOfPage":{"@id":"https:\/\/www.gaveanews.com\/index.php\/2025\/03\/06\/a-declaracao-de-dorival-junior-direcionada-a-danilo-do-flamengo\/"},"wordCount":398,"commentCount":0,"image":{"@id":"https:\/\/www.gaveanews.com\/index.php\/2025\/03\/06\/a-declaracao-de-dorival-junior-direcionada-a-danilo-do-flamengo\/#primaryimage"},"thumbnailUrl":"https:\/\/www.gaveanews.com\/wp-content\/uploads\/Danilo-pelo-Flamengo.webp","articleSection":["Flamengo"],"inLanguage":"pt-BR","potentialAction":[{"@type":"CommentAction","name":"Comment","target":["https:\/\/www.gaveanews.com\/index.php\/2025\/03\/06\/a-declaracao-de-dorival-junior-direcionada-a-danilo-do-flamengo\/#respond"]}],"copyrightYear":"2025","copyrightHolder":{"@id":"https:\/\/www.gaveanews.com\/#organization"}},{"@type":"WebPage","@id":"https:\/\/www.gaveanews.com\/index.php\/2025\/03\/06\/a-declaracao-de-dorival-junior-direcionada-a-danilo-do-flamengo\/","url":"https:\/\/www.gaveanews.com\/index.php\/2025\/03\/06\/a-declaracao-de-dorival-junior-direcionada-a-danilo-do-flamengo\/","name":"A declara\u00e7\u00e3o de Dorival J\u00fanior direcionada a Danilo, do Flamengo","isPartOf":{"@id":"https:\/\/www.gaveanews.com\/#website"},"primaryImageOfPage":{"@id":"https:\/\/www.gaveanews.com\/index.php\/2025\/03\/06\/a-declaracao-de-dorival-junior-direcionada-a-danilo-do-flamengo\/#primaryimage"},"image":{"@id":"https:\/\/www.gaveanews.com\/index.php\/2025\/03\/06\/a-declaracao-de-dorival-junior-direcionada-a-danilo-do-flamengo\/#primaryimage"},"thumbnailUrl":"https:\/\/www.gaveanews.com\/wp-content\/uploads\/Danilo-pelo-Flamengo.webp","datePublished":"2025-03-07T00:55:00+00:00","author":{"@id":"https:\/\/www.gaveanews.com\/#\/schema\/person\/fd07635ec039ec3ba74ad18ec8a6dbd6"},"breadcrumb":{"@id":"https:\/\/www.gaveanews.com\/index.php\/2025\/03\/06\/a-declaracao-de-dorival-junior-direcionada-a-danilo-do-flamengo\/#breadcrumb"},"inLanguage":"pt-BR","potentialAction":[{"@type":"ReadAction","target":["https:\/\/www.gaveanews.com\/index.php\/2025\/03\/06\/a-declaracao-de-dorival-junior-direcionada-a-danilo-do-flamengo\/"]}]},{"@type":"ImageObject","inLanguage":"pt-BR","@id":"https:\/\/www.gaveanews.com\/index.php\/2025\/03\/06\/a-declaracao-de-dorival-junior-direcionada-a-danilo-do-flamengo\/#primaryimage","url":"https:\/\/www.gaveanews.com\/wp-content\/uploads\/Danilo-pelo-Flamengo.webp","contentUrl":"https:\/\/www.gaveanews.com\/wp-content\/uploads\/Danilo-pelo-Flamengo.webp","width":622,"height":519,"caption":"Danilo pelo Flamengo (Foto: Divulga\u00e7\u00e3o\/Flamengo)"},{"@type":"BreadcrumbList","@id":"https:\/\/www.gaveanews.com\/index.php\/2025\/03\/06\/a-declaracao-de-dorival-junior-direcionada-a-danilo-do-flamengo\/#breadcrumb","itemListElement":[{"@type":"ListItem","position":1,"name":"Home","item":"https:\/\/www.gaveanews.com\/"},{"@type":"ListItem","position":2,"name":"A declara\u00e7\u00e3o de Dorival J\u00fanior direcionada a Danilo, do Flamengo"}]},{"@type":"WebSite","@id":"https:\/\/www.gaveanews.com\/#website","url":"https:\/\/www.gaveanews.com\/","name":"G\u00e1vea News","description":"Veja todas as not\u00edcias sobre o Flamengo: Contrata\u00e7\u00f5es, categorias de base, resultados das partidas, tabela de classifica\u00e7\u00e3o, pr\u00f3ximos jogos!","potentialAction":[{"@type":"SearchAction","target":{"@type":"EntryPoint","urlTemplate":"https:\/\/www.gaveanews.com\/?s={search_term_string}"},"query-input":{"@type":"PropertyValueSpecification","valueRequired":true,"valueName":"search_term_string"}}],"inLanguage":"pt-BR"},{"@type":"Person","@id":"https:\/\/www.gaveanews.com\/#\/schema\/person\/fd07635ec039ec3ba74ad18ec8a6dbd6","name":"Henrique Machado","image":{"@type":"ImageObject","inLanguage":"pt-BR","@id":"https:\/\/www.gaveanews.com\/#\/schema\/person\/image\/","url":"https:\/\/secure.gravatar.com\/avatar\/b95e35997e01d9800c1b6184bd79d4d898d370a3fce2584f5c77b907d5c7d9e9?s=96&d=mm&r=g","contentUrl":"https:\/\/secure.gravatar.com\/avatar\/b95e35997e01d9800c1b6184bd79d4d898d370a3fce2584f5c77b907d5c7d9e9?s=96&d=mm&r=g","caption":"Henrique Machado"}}]}},"_links":{"self":[{"href":"https:\/\/www.gaveanews.com\/index.php\/wp-json\/wp\/v2\/posts\/236703","targetHints":{"allow":["GET"]}}],"collection":[{"href":"https:\/\/www.gaveanews.com\/index.php\/wp-json\/wp\/v2\/posts"}],"about":[{"href":"https:\/\/www.gaveanews.com\/index.php\/wp-json\/wp\/v2\/types\/post"}],"author":[{"embeddable":true,"href":"https:\/\/www.gaveanews.com\/index.php\/wp-json\/wp\/v2\/users\/15"}],"replies":[{"embeddable":true,"href":"https:\/\/www.gaveanews.com\/index.php\/wp-json\/wp\/v2\/comments?post=236703"}],"version-history":[{"count":1,"href":"https:\/\/www.gaveanews.com\/index.php\/wp-json\/wp\/v2\/posts\/236703\/revisions"}],"predecessor-version":[{"id":236775,"href":"https:\/\/www.gaveanews.com\/index.php\/wp-json\/wp\/v2\/posts\/236703\/revisions\/236775"}],"wp:featuredmedia":[{"embeddable":true,"href":"https:\/\/www.gaveanews.com\/index.php\/wp-json\/wp\/v2\/media\/222093"}],"wp:attachment":[{"href":"https:\/\/www.gaveanews.com\/index.php\/wp-json\/wp\/v2\/media?parent=236703"}],"wp:term":[{"taxonomy":"category","embeddable":true,"href":"https:\/\/www.gaveanews.com\/index.php\/wp-json\/wp\/v2\/categories?post=236703"},{"taxonomy":"post_tag","embeddable":true,"href":"https:\/\/www.gaveanews.com\/index.php\/wp-json\/wp\/v2\/tags?post=236703"}],"curies":[{"name":"wp","href":"https:\/\/api.w.org\/{rel}","templated":true}]}}