{"id":236801,"date":"2025-03-06T22:15:00","date_gmt":"2025-03-07T01:15:00","guid":{"rendered":"https:\/\/www.gaveanews.com\/?p=236801"},"modified":"2025-03-06T20:28:41","modified_gmt":"2025-03-06T23:28:41","slug":"video-rede-globo-revolta-torcedores-antes-de-flamengo-x-vasco","status":"publish","type":"post","link":"https:\/\/www.gaveanews.com\/index.php\/2025\/03\/06\/video-rede-globo-revolta-torcedores-antes-de-flamengo-x-vasco\/","title":{"rendered":"V\u00eddeo: Rede Globo revolta torcedores antes de Flamengo x Vasco"},"content":{"rendered":"\n<p>Flamengo e Vasco protagonizam mais uma edi\u00e7\u00e3o do Cl\u00e1ssico dos Milh\u00f5es, desta vez valendo uma vaga na final do Campeonato Carioca. No jogo de ida, realizado no Est\u00e1dio Nilton Santos, o Flamengo venceu por 1 a 0, com um belo gol de Bruno Henrique. Com isso, o rubro-negro pode perder por at\u00e9 um gol de diferen\u00e7a na partida de volta, no Maracan\u00e3, que ainda assim garantir\u00e1 a classifica\u00e7\u00e3o. J\u00e1 o Vasco precisar\u00e1 vencer por pelo menos dois gols para avan\u00e7ar no torneio.<\/p>\n\n\n\n<p>O confronto desperta grande expectativa entre torcedores e gera ampla cobertura da m\u00eddia. No entanto, um detalhe na divulga\u00e7\u00e3o do jogo por parte da TV Globo acabou gerando pol\u00eamica e descontentamento entre os torcedores vasca\u00ednos.<\/p>\n\n\n\n<h2 class=\"wp-block-heading\" id=\"h-repercussao-negativa-da-chamada-da-globo\">Repercuss\u00e3o negativa da chamada da Globo<\/h2>\n\n\n\n<p>A chamada promocional da TV Globo para a transmiss\u00e3o do cl\u00e1ssico desagradou parte da torcida do Vasco. No v\u00eddeo divulgado pela emissora, a narra\u00e7\u00e3o destacava apenas o Flamengo e sua busca por uma vaga na final, sem mencionar a disputa equilibrada entre os times. &#8220;E l\u00e1 que o Rubro-Negro quer carimbar a vaga para a final&#8221;, dizia o trecho da propaganda.<\/p>\n\n\n\n<p>Essa abordagem provocou uma onda de cr\u00edticas nas redes sociais. Torcedores cruzmaltinos expressaram insatisfa\u00e7\u00e3o, alegando falta de imparcialidade na cobertura. O jornalista Emerson Rocha foi um dos que questionaram o v\u00eddeo.<\/p>\n\n\n\n<p>&#8220;O Campeonato \u00e9 Carioca. A chamada \u00e9 para um cl\u00e1ssico entre duas grandes equipes do Rio. A TV Globo RJ, que vai transmitir a partida, faz essa chamada e coloca &#8216;e l\u00e1 que o Rubro-Negro quer carimbar a vaga pra final&#8217;. U\u00e9, o Vasco tamb\u00e9m n\u00e3o quer, n\u00e3o? N\u00e3o entendi&#8230;&#8221;, disse Emerson.<\/p>\n\n\n\n<blockquote class=\"twitter-tweet\"><p lang=\"pt\" dir=\"ltr\">SURREAL<br>O Campeonato \u00e9 Carioca. A chamada \u00e9 para um cl\u00e1ssico entre duas grandes equipes do Rio. A TV Globo RJ, que vai transmitir a partida, faz essa chamada e coloca &quot;e l\u00e1 que o Rubro-negro quer carimbar a vaga pra final&quot;. U\u00e9, o Vasco tamb\u00e9m n\u00e3o quer, n\u00e3o? N\u00e3o entendi&#8230; <a href=\"https:\/\/t.co\/HsSY3WdqqR\">pic.twitter.com\/HsSY3WdqqR<\/a><\/p>&mdash; Emerson Rocha (@emerson_rocha) <a href=\"https:\/\/twitter.com\/emerson_rocha\/status\/1897674280759926934?ref_src=twsrc%5Etfw\">March 6, 2025<\/a><\/blockquote> <script async src=\"https:\/\/platform.twitter.com\/widgets.js\" charset=\"utf-8\"><\/script>\n\n\n\n<h2 class=\"wp-block-heading\" id=\"h-torcida-se-manifesta-nas-redes-sociais\">Torcida se manifesta nas redes sociais<\/h2>\n\n\n\n<p>O tema repercutiu entre torcedores vasca\u00ednos, que consideraram a abordagem desrespeitosa e tendenciosa. Em coment\u00e1rios na internet, muitos apontaram que a emissora deveria tratar as duas equipes com equidade, especialmente em um confronto decisivo.<\/p>\n\n\n\n<blockquote class=\"twitter-tweet\" data-conversation=\"none\"><p lang=\"pt\" dir=\"ltr\">Parece que o Vasco \u00e9 um time estrangeiro, que nojo, e ainda tem fdp que fala que flapress n\u00e3o existe<\/p>&mdash; Leonardo Rossetto (@GalaRosstt) <a href=\"https:\/\/twitter.com\/GalaRosstt\/status\/1897676072700801341?ref_src=twsrc%5Etfw\">March 6, 2025<\/a><\/blockquote> <script async src=\"https:\/\/platform.twitter.com\/widgets.js\" charset=\"utf-8\"><\/script>\n\n\n\n<blockquote class=\"twitter-tweet\" data-conversation=\"none\"><p lang=\"pt\" dir=\"ltr\">A rela\u00e7\u00e3o sempre foi de m\u00e3e e filho. Sempre foi. Assim que eles se popularizaram. N\u00e3o sei o motivo do seu espanto.<\/p>&mdash; KEBRADA SANTISTA \u26aa\ufe0f\u26ab\ufe0f (@kebradasantista) <a href=\"https:\/\/twitter.com\/kebradasantista\/status\/1897713954002288653?ref_src=twsrc%5Etfw\">March 6, 2025<\/a><\/blockquote> <script async src=\"https:\/\/platform.twitter.com\/widgets.js\" charset=\"utf-8\"><\/script>\n","protected":false},"excerpt":{"rendered":"<p>Flamengo e Vasco protagonizam mais uma edi\u00e7\u00e3o do Cl\u00e1ssico dos Milh\u00f5es, desta vez valendo uma vaga na final do Campeonato Carioca. No jogo de ida, realizado no Est\u00e1dio Nilton Santos, o Flamengo venceu por 1 a 0, com um belo gol de Bruno Henrique. Com isso, o rubro-negro pode perder por at\u00e9 um gol de [&hellip;]<\/p>\n","protected":false},"author":15,"featured_media":236525,"comment_status":"open","ping_status":"closed","sticky":false,"template":"","format":"standard","meta":{"footnotes":""},"categories":[1,152],"tags":[],"class_list":["post-236801","post","type-post","status-publish","format-standard","has-post-thumbnail","hentry","category-flamengo","category-vasco"],"yoast_head":"<!-- This site is optimized with the Yoast SEO Premium plugin v24.2 (Yoast SEO v26.9) - https:\/\/yoast.com\/product\/yoast-seo-premium-wordpress\/ -->\n<title>V\u00eddeo: Rede Globo revolta torcedores antes de Flamengo x Vasco<\/title>\n<meta name=\"robots\" content=\"index, follow, max-snippet:-1, max-image-preview:large, max-video-preview:-1\" \/>\n<link rel=\"canonical\" href=\"https:\/\/www.gaveanews.com\/index.php\/2025\/03\/06\/video-rede-globo-revolta-torcedores-antes-de-flamengo-x-vasco\/\" \/>\n<meta property=\"og:locale\" content=\"pt_BR\" \/>\n<meta property=\"og:type\" content=\"article\" \/>\n<meta property=\"og:title\" content=\"V\u00eddeo: Rede Globo revolta torcedores antes de Flamengo x Vasco\" \/>\n<meta property=\"og:description\" content=\"Flamengo e Vasco protagonizam mais uma edi\u00e7\u00e3o do Cl\u00e1ssico dos Milh\u00f5es, desta vez valendo uma vaga na final do Campeonato Carioca. No jogo de ida, realizado no Est\u00e1dio Nilton Santos, o Flamengo venceu por 1 a 0, com um belo gol de Bruno Henrique. Com isso, o rubro-negro pode perder por at\u00e9 um gol de [&hellip;]\" \/>\n<meta property=\"og:url\" content=\"https:\/\/www.gaveanews.com\/index.php\/2025\/03\/06\/video-rede-globo-revolta-torcedores-antes-de-flamengo-x-vasco\/\" \/>\n<meta property=\"og:site_name\" content=\"G\u00e1vea News\" \/>\n<meta property=\"article:publisher\" content=\"https:\/\/facebook.com\/gaveaNews\/\" \/>\n<meta property=\"article:published_time\" content=\"2025-03-07T01:15:00+00:00\" \/>\n<meta property=\"og:image\" content=\"https:\/\/www.gaveanews.com\/wp-content\/uploads\/Flamengo-x-Vasco-semifinal-Carioca-2025.webp\" \/>\n\t<meta property=\"og:image:width\" content=\"838\" \/>\n\t<meta property=\"og:image:height\" content=\"558\" \/>\n\t<meta property=\"og:image:type\" content=\"image\/jpeg\" \/>\n<meta name=\"author\" content=\"Henrique Machado\" \/>\n<meta name=\"twitter:card\" content=\"summary_large_image\" \/>\n<meta name=\"twitter:label1\" content=\"Escrito por\" \/>\n\t<meta name=\"twitter:data1\" content=\"Henrique Machado\" \/>\n\t<meta name=\"twitter:label2\" content=\"Est. tempo de leitura\" \/>\n\t<meta name=\"twitter:data2\" content=\"2 minutos\" \/>\n<script type=\"application\/ld+json\" class=\"yoast-schema-graph\">{\"@context\":\"https:\/\/schema.org\",\"@graph\":[{\"@type\":\"NewsArticle\",\"@id\":\"https:\/\/www.gaveanews.com\/index.php\/2025\/03\/06\/video-rede-globo-revolta-torcedores-antes-de-flamengo-x-vasco\/#article\",\"isPartOf\":{\"@id\":\"https:\/\/www.gaveanews.com\/index.php\/2025\/03\/06\/video-rede-globo-revolta-torcedores-antes-de-flamengo-x-vasco\/\"},\"author\":{\"name\":\"Henrique Machado\",\"@id\":\"https:\/\/www.gaveanews.com\/#\/schema\/person\/fd07635ec039ec3ba74ad18ec8a6dbd6\"},\"headline\":\"V\u00eddeo: Rede Globo revolta torcedores antes de Flamengo x Vasco\",\"datePublished\":\"2025-03-07T01:15:00+00:00\",\"mainEntityOfPage\":{\"@id\":\"https:\/\/www.gaveanews.com\/index.php\/2025\/03\/06\/video-rede-globo-revolta-torcedores-antes-de-flamengo-x-vasco\/\"},\"wordCount\":461,\"commentCount\":0,\"image\":{\"@id\":\"https:\/\/www.gaveanews.com\/index.php\/2025\/03\/06\/video-rede-globo-revolta-torcedores-antes-de-flamengo-x-vasco\/#primaryimage\"},\"thumbnailUrl\":\"https:\/\/www.gaveanews.com\/wp-content\/uploads\/Flamengo-x-Vasco-semifinal-Carioca-2025.webp\",\"articleSection\":[\"Flamengo\",\"Vasco\"],\"inLanguage\":\"pt-BR\",\"potentialAction\":[{\"@type\":\"CommentAction\",\"name\":\"Comment\",\"target\":[\"https:\/\/www.gaveanews.com\/index.php\/2025\/03\/06\/video-rede-globo-revolta-torcedores-antes-de-flamengo-x-vasco\/#respond\"]}],\"copyrightYear\":\"2025\",\"copyrightHolder\":{\"@id\":\"https:\/\/www.gaveanews.com\/#organization\"}},{\"@type\":\"WebPage\",\"@id\":\"https:\/\/www.gaveanews.com\/index.php\/2025\/03\/06\/video-rede-globo-revolta-torcedores-antes-de-flamengo-x-vasco\/\",\"url\":\"https:\/\/www.gaveanews.com\/index.php\/2025\/03\/06\/video-rede-globo-revolta-torcedores-antes-de-flamengo-x-vasco\/\",\"name\":\"V\u00eddeo: Rede Globo revolta torcedores antes de Flamengo x Vasco\",\"isPartOf\":{\"@id\":\"https:\/\/www.gaveanews.com\/#website\"},\"primaryImageOfPage\":{\"@id\":\"https:\/\/www.gaveanews.com\/index.php\/2025\/03\/06\/video-rede-globo-revolta-torcedores-antes-de-flamengo-x-vasco\/#primaryimage\"},\"image\":{\"@id\":\"https:\/\/www.gaveanews.com\/index.php\/2025\/03\/06\/video-rede-globo-revolta-torcedores-antes-de-flamengo-x-vasco\/#primaryimage\"},\"thumbnailUrl\":\"https:\/\/www.gaveanews.com\/wp-content\/uploads\/Flamengo-x-Vasco-semifinal-Carioca-2025.webp\",\"datePublished\":\"2025-03-07T01:15:00+00:00\",\"author\":{\"@id\":\"https:\/\/www.gaveanews.com\/#\/schema\/person\/fd07635ec039ec3ba74ad18ec8a6dbd6\"},\"breadcrumb\":{\"@id\":\"https:\/\/www.gaveanews.com\/index.php\/2025\/03\/06\/video-rede-globo-revolta-torcedores-antes-de-flamengo-x-vasco\/#breadcrumb\"},\"inLanguage\":\"pt-BR\",\"potentialAction\":[{\"@type\":\"ReadAction\",\"target\":[\"https:\/\/www.gaveanews.com\/index.php\/2025\/03\/06\/video-rede-globo-revolta-torcedores-antes-de-flamengo-x-vasco\/\"]}]},{\"@type\":\"ImageObject\",\"inLanguage\":\"pt-BR\",\"@id\":\"https:\/\/www.gaveanews.com\/index.php\/2025\/03\/06\/video-rede-globo-revolta-torcedores-antes-de-flamengo-x-vasco\/#primaryimage\",\"url\":\"https:\/\/www.gaveanews.com\/wp-content\/uploads\/Flamengo-x-Vasco-semifinal-Carioca-2025.webp\",\"contentUrl\":\"https:\/\/www.gaveanews.com\/wp-content\/uploads\/Flamengo-x-Vasco-semifinal-Carioca-2025.webp\",\"width\":838,\"height\":558,\"caption\":\"Flamengo x Vasco semifinal Carioca 2025 (Foto: PaulaReis\/Flamengo)\"},{\"@type\":\"BreadcrumbList\",\"@id\":\"https:\/\/www.gaveanews.com\/index.php\/2025\/03\/06\/video-rede-globo-revolta-torcedores-antes-de-flamengo-x-vasco\/#breadcrumb\",\"itemListElement\":[{\"@type\":\"ListItem\",\"position\":1,\"name\":\"Home\",\"item\":\"https:\/\/www.gaveanews.com\/\"},{\"@type\":\"ListItem\",\"position\":2,\"name\":\"V\u00eddeo: Rede Globo revolta torcedores antes de Flamengo x Vasco\"}]},{\"@type\":\"WebSite\",\"@id\":\"https:\/\/www.gaveanews.com\/#website\",\"url\":\"https:\/\/www.gaveanews.com\/\",\"name\":\"G\u00e1vea News\",\"description\":\"Veja todas as not\u00edcias sobre o Flamengo: Contrata\u00e7\u00f5es, categorias de base, resultados das partidas, tabela de classifica\u00e7\u00e3o, pr\u00f3ximos jogos!\",\"potentialAction\":[{\"@type\":\"SearchAction\",\"target\":{\"@type\":\"EntryPoint\",\"urlTemplate\":\"https:\/\/www.gaveanews.com\/?s={search_term_string}\"},\"query-input\":{\"@type\":\"PropertyValueSpecification\",\"valueRequired\":true,\"valueName\":\"search_term_string\"}}],\"inLanguage\":\"pt-BR\"},{\"@type\":\"Person\",\"@id\":\"https:\/\/www.gaveanews.com\/#\/schema\/person\/fd07635ec039ec3ba74ad18ec8a6dbd6\",\"name\":\"Henrique Machado\",\"image\":{\"@type\":\"ImageObject\",\"inLanguage\":\"pt-BR\",\"@id\":\"https:\/\/www.gaveanews.com\/#\/schema\/person\/image\/\",\"url\":\"https:\/\/secure.gravatar.com\/avatar\/b95e35997e01d9800c1b6184bd79d4d898d370a3fce2584f5c77b907d5c7d9e9?s=96&d=mm&r=g\",\"contentUrl\":\"https:\/\/secure.gravatar.com\/avatar\/b95e35997e01d9800c1b6184bd79d4d898d370a3fce2584f5c77b907d5c7d9e9?s=96&d=mm&r=g\",\"caption\":\"Henrique Machado\"}}]}<\/script>\n<!-- \/ Yoast SEO Premium plugin. -->","yoast_head_json":{"title":"V\u00eddeo: Rede Globo revolta torcedores antes de Flamengo x Vasco","robots":{"index":"index","follow":"follow","max-snippet":"max-snippet:-1","max-image-preview":"max-image-preview:large","max-video-preview":"max-video-preview:-1"},"canonical":"https:\/\/www.gaveanews.com\/index.php\/2025\/03\/06\/video-rede-globo-revolta-torcedores-antes-de-flamengo-x-vasco\/","og_locale":"pt_BR","og_type":"article","og_title":"V\u00eddeo: Rede Globo revolta torcedores antes de Flamengo x Vasco","og_description":"Flamengo e Vasco protagonizam mais uma edi\u00e7\u00e3o do Cl\u00e1ssico dos Milh\u00f5es, desta vez valendo uma vaga na final do Campeonato Carioca. No jogo de ida, realizado no Est\u00e1dio Nilton Santos, o Flamengo venceu por 1 a 0, com um belo gol de Bruno Henrique. Com isso, o rubro-negro pode perder por at\u00e9 um gol de [&hellip;]","og_url":"https:\/\/www.gaveanews.com\/index.php\/2025\/03\/06\/video-rede-globo-revolta-torcedores-antes-de-flamengo-x-vasco\/","og_site_name":"G\u00e1vea News","article_publisher":"https:\/\/facebook.com\/gaveaNews\/","article_published_time":"2025-03-07T01:15:00+00:00","og_image":[{"width":838,"height":558,"url":"https:\/\/www.gaveanews.com\/wp-content\/uploads\/Flamengo-x-Vasco-semifinal-Carioca-2025.webp","type":"image\/jpeg"}],"author":"Henrique Machado","twitter_card":"summary_large_image","twitter_misc":{"Escrito por":"Henrique Machado","Est. tempo de leitura":"2 minutos"},"schema":{"@context":"https:\/\/schema.org","@graph":[{"@type":"NewsArticle","@id":"https:\/\/www.gaveanews.com\/index.php\/2025\/03\/06\/video-rede-globo-revolta-torcedores-antes-de-flamengo-x-vasco\/#article","isPartOf":{"@id":"https:\/\/www.gaveanews.com\/index.php\/2025\/03\/06\/video-rede-globo-revolta-torcedores-antes-de-flamengo-x-vasco\/"},"author":{"name":"Henrique Machado","@id":"https:\/\/www.gaveanews.com\/#\/schema\/person\/fd07635ec039ec3ba74ad18ec8a6dbd6"},"headline":"V\u00eddeo: Rede Globo revolta torcedores antes de Flamengo x Vasco","datePublished":"2025-03-07T01:15:00+00:00","mainEntityOfPage":{"@id":"https:\/\/www.gaveanews.com\/index.php\/2025\/03\/06\/video-rede-globo-revolta-torcedores-antes-de-flamengo-x-vasco\/"},"wordCount":461,"commentCount":0,"image":{"@id":"https:\/\/www.gaveanews.com\/index.php\/2025\/03\/06\/video-rede-globo-revolta-torcedores-antes-de-flamengo-x-vasco\/#primaryimage"},"thumbnailUrl":"https:\/\/www.gaveanews.com\/wp-content\/uploads\/Flamengo-x-Vasco-semifinal-Carioca-2025.webp","articleSection":["Flamengo","Vasco"],"inLanguage":"pt-BR","potentialAction":[{"@type":"CommentAction","name":"Comment","target":["https:\/\/www.gaveanews.com\/index.php\/2025\/03\/06\/video-rede-globo-revolta-torcedores-antes-de-flamengo-x-vasco\/#respond"]}],"copyrightYear":"2025","copyrightHolder":{"@id":"https:\/\/www.gaveanews.com\/#organization"}},{"@type":"WebPage","@id":"https:\/\/www.gaveanews.com\/index.php\/2025\/03\/06\/video-rede-globo-revolta-torcedores-antes-de-flamengo-x-vasco\/","url":"https:\/\/www.gaveanews.com\/index.php\/2025\/03\/06\/video-rede-globo-revolta-torcedores-antes-de-flamengo-x-vasco\/","name":"V\u00eddeo: Rede Globo revolta torcedores antes de Flamengo x Vasco","isPartOf":{"@id":"https:\/\/www.gaveanews.com\/#website"},"primaryImageOfPage":{"@id":"https:\/\/www.gaveanews.com\/index.php\/2025\/03\/06\/video-rede-globo-revolta-torcedores-antes-de-flamengo-x-vasco\/#primaryimage"},"image":{"@id":"https:\/\/www.gaveanews.com\/index.php\/2025\/03\/06\/video-rede-globo-revolta-torcedores-antes-de-flamengo-x-vasco\/#primaryimage"},"thumbnailUrl":"https:\/\/www.gaveanews.com\/wp-content\/uploads\/Flamengo-x-Vasco-semifinal-Carioca-2025.webp","datePublished":"2025-03-07T01:15:00+00:00","author":{"@id":"https:\/\/www.gaveanews.com\/#\/schema\/person\/fd07635ec039ec3ba74ad18ec8a6dbd6"},"breadcrumb":{"@id":"https:\/\/www.gaveanews.com\/index.php\/2025\/03\/06\/video-rede-globo-revolta-torcedores-antes-de-flamengo-x-vasco\/#breadcrumb"},"inLanguage":"pt-BR","potentialAction":[{"@type":"ReadAction","target":["https:\/\/www.gaveanews.com\/index.php\/2025\/03\/06\/video-rede-globo-revolta-torcedores-antes-de-flamengo-x-vasco\/"]}]},{"@type":"ImageObject","inLanguage":"pt-BR","@id":"https:\/\/www.gaveanews.com\/index.php\/2025\/03\/06\/video-rede-globo-revolta-torcedores-antes-de-flamengo-x-vasco\/#primaryimage","url":"https:\/\/www.gaveanews.com\/wp-content\/uploads\/Flamengo-x-Vasco-semifinal-Carioca-2025.webp","contentUrl":"https:\/\/www.gaveanews.com\/wp-content\/uploads\/Flamengo-x-Vasco-semifinal-Carioca-2025.webp","width":838,"height":558,"caption":"Flamengo x Vasco semifinal Carioca 2025 (Foto: PaulaReis\/Flamengo)"},{"@type":"BreadcrumbList","@id":"https:\/\/www.gaveanews.com\/index.php\/2025\/03\/06\/video-rede-globo-revolta-torcedores-antes-de-flamengo-x-vasco\/#breadcrumb","itemListElement":[{"@type":"ListItem","position":1,"name":"Home","item":"https:\/\/www.gaveanews.com\/"},{"@type":"ListItem","position":2,"name":"V\u00eddeo: Rede Globo revolta torcedores antes de Flamengo x Vasco"}]},{"@type":"WebSite","@id":"https:\/\/www.gaveanews.com\/#website","url":"https:\/\/www.gaveanews.com\/","name":"G\u00e1vea News","description":"Veja todas as not\u00edcias sobre o Flamengo: Contrata\u00e7\u00f5es, categorias de base, resultados das partidas, tabela de classifica\u00e7\u00e3o, pr\u00f3ximos jogos!","potentialAction":[{"@type":"SearchAction","target":{"@type":"EntryPoint","urlTemplate":"https:\/\/www.gaveanews.com\/?s={search_term_string}"},"query-input":{"@type":"PropertyValueSpecification","valueRequired":true,"valueName":"search_term_string"}}],"inLanguage":"pt-BR"},{"@type":"Person","@id":"https:\/\/www.gaveanews.com\/#\/schema\/person\/fd07635ec039ec3ba74ad18ec8a6dbd6","name":"Henrique Machado","image":{"@type":"ImageObject","inLanguage":"pt-BR","@id":"https:\/\/www.gaveanews.com\/#\/schema\/person\/image\/","url":"https:\/\/secure.gravatar.com\/avatar\/b95e35997e01d9800c1b6184bd79d4d898d370a3fce2584f5c77b907d5c7d9e9?s=96&d=mm&r=g","contentUrl":"https:\/\/secure.gravatar.com\/avatar\/b95e35997e01d9800c1b6184bd79d4d898d370a3fce2584f5c77b907d5c7d9e9?s=96&d=mm&r=g","caption":"Henrique Machado"}}]}},"_links":{"self":[{"href":"https:\/\/www.gaveanews.com\/index.php\/wp-json\/wp\/v2\/posts\/236801","targetHints":{"allow":["GET"]}}],"collection":[{"href":"https:\/\/www.gaveanews.com\/index.php\/wp-json\/wp\/v2\/posts"}],"about":[{"href":"https:\/\/www.gaveanews.com\/index.php\/wp-json\/wp\/v2\/types\/post"}],"author":[{"embeddable":true,"href":"https:\/\/www.gaveanews.com\/index.php\/wp-json\/wp\/v2\/users\/15"}],"replies":[{"embeddable":true,"href":"https:\/\/www.gaveanews.com\/index.php\/wp-json\/wp\/v2\/comments?post=236801"}],"version-history":[{"count":2,"href":"https:\/\/www.gaveanews.com\/index.php\/wp-json\/wp\/v2\/posts\/236801\/revisions"}],"predecessor-version":[{"id":236830,"href":"https:\/\/www.gaveanews.com\/index.php\/wp-json\/wp\/v2\/posts\/236801\/revisions\/236830"}],"wp:featuredmedia":[{"embeddable":true,"href":"https:\/\/www.gaveanews.com\/index.php\/wp-json\/wp\/v2\/media\/236525"}],"wp:attachment":[{"href":"https:\/\/www.gaveanews.com\/index.php\/wp-json\/wp\/v2\/media?parent=236801"}],"wp:term":[{"taxonomy":"category","embeddable":true,"href":"https:\/\/www.gaveanews.com\/index.php\/wp-json\/wp\/v2\/categories?post=236801"},{"taxonomy":"post_tag","embeddable":true,"href":"https:\/\/www.gaveanews.com\/index.php\/wp-json\/wp\/v2\/tags?post=236801"}],"curies":[{"name":"wp","href":"https:\/\/api.w.org\/{rel}","templated":true}]}}