{"id":236807,"date":"2025-03-06T22:10:00","date_gmt":"2025-03-07T01:10:00","guid":{"rendered":"https:\/\/www.gaveanews.com\/?p=236807"},"modified":"2025-03-06T20:28:33","modified_gmt":"2025-03-06T23:28:33","slug":"atacante-vai-assinar-com-o-gremio-ate-2027","status":"publish","type":"post","link":"https:\/\/www.gaveanews.com\/index.php\/2025\/03\/06\/atacante-vai-assinar-com-o-gremio-ate-2027\/","title":{"rendered":"Atacante vai assinar com o Gr\u00eamio at\u00e9 2027"},"content":{"rendered":"\n<h2 class=\"wp-block-heading\" id=\"h-jogador-e-um-dos-principais-nomes-da-equipe\">Jogador \u00e9 um dos principais nomes da equipe <\/h2>\n\n\n\n<p>O Gr\u00eamio avan\u00e7ou para renovar o contrato do atacante dinamarqu\u00eas Martin Braithwaite at\u00e9 o fim de 2027. O jogador est\u00e1 no Imortal desde o meio do ano passado e seu v\u00ednculo iria at\u00e9 junho de 2026. A informa\u00e7\u00e3o foi divulgada inicialmente pela TNT Sports e em seguida confirmada pelo\u00a0ge. <\/p>\n\n\n\n<p>A diretoria do Tricolor ga\u00facho confirmou que existe a conversa internamente com o jogador e tamb\u00e9m confirmou que est\u00e1 avan\u00e7ada. At\u00e9 aqui nesta temporada, Braithwaite j\u00e1 marcou seis gols e deu uma assist\u00eancia em oito jogos disputados pelo Imortal. Al\u00e9m do bom desempenho, o atacante \u00e9 um l\u00edder no vesti\u00e1rio e \u00e9 elogiado por sua postura. Com isso, os dirigentes do clube quiseram antecipar sua renova\u00e7\u00e3o. <\/p>\n\n\n\n<p>Martin Braithwaite chegou ao Gr\u00eamio em agosto do ano passado, e em sua estreia marcou duas vezes, na vit\u00f3ria sobre o Cuiab\u00e1 por 3 a 1. No total, s\u00e3o 14 gols marcados e tr\u00eas assist\u00eancias realizadas em 28 jogos disputados com a camisa gremista. <\/p>\n\n\n\n<figure class=\"wp-block-image size-large\"><img loading=\"lazy\" decoding=\"async\" width=\"1024\" height=\"683\" src=\"http:\/\/www.gaveanews.com\/wp-content\/uploads\/Braithwaite-com-a-camisa-do-Gremio-em-2024-1024x683.webp\" alt=\"\" class=\"wp-image-159019\" srcset=\"https:\/\/www.gaveanews.com\/wp-content\/uploads\/Braithwaite-com-a-camisa-do-Gremio-em-2024-1024x683.webp 1024w, https:\/\/www.gaveanews.com\/wp-content\/uploads\/Braithwaite-com-a-camisa-do-Gremio-em-2024-300x200.webp 300w, https:\/\/www.gaveanews.com\/wp-content\/uploads\/Braithwaite-com-a-camisa-do-Gremio-em-2024-768x512.webp 768w, https:\/\/www.gaveanews.com\/wp-content\/uploads\/Braithwaite-com-a-camisa-do-Gremio-em-2024-630x420.webp 630w, https:\/\/www.gaveanews.com\/wp-content\/uploads\/Braithwaite-com-a-camisa-do-Gremio-em-2024-1260x840.webp 1260w, https:\/\/www.gaveanews.com\/wp-content\/uploads\/Braithwaite-com-a-camisa-do-Gremio-em-2024-640x427.webp 640w, https:\/\/www.gaveanews.com\/wp-content\/uploads\/Braithwaite-com-a-camisa-do-Gremio-em-2024-1280x853.webp 1280w, https:\/\/www.gaveanews.com\/wp-content\/uploads\/Braithwaite-com-a-camisa-do-Gremio-em-2024-681x454.webp 681w, https:\/\/www.gaveanews.com\/wp-content\/uploads\/Braithwaite-com-a-camisa-do-Gremio-em-2024-1362x908.webp 1362w, https:\/\/www.gaveanews.com\/wp-content\/uploads\/Braithwaite-com-a-camisa-do-Gremio-em-2024-100x67.webp 100w, https:\/\/www.gaveanews.com\/wp-content\/uploads\/Braithwaite-com-a-camisa-do-Gremio-em-2024.webp 1440w\" sizes=\"auto, (max-width: 1024px) 100vw, 1024px\" \/><figcaption class=\"wp-element-caption\">Braithwaite com a camisa do Gr\u00eamio em 2024 (Foto: Lucas Uebel\/Gr\u00eamio)<\/figcaption><\/figure>\n\n\n\n<p>O Gr\u00eamio acertou a chegada de Braithwaite ap\u00f3s mais de um ano de observa\u00e7\u00e3o. Ainda na \u00e9poca em que Su\u00e1rez estava no clube, o Tricolor passou a monitorar o centroavante como uma poss\u00edvel alternativa no mercado para reposi\u00e7\u00e3o, o que se concretizou oito meses ap\u00f3s a sa\u00edda do uruguaio.<\/p>\n\n\n\n<p>Martin Braithwaite foi revelado nas categorias de base do Esbjerg fB, da Dinamarca. Como profissional, o atacante ainda passou por Toulouse e Bordeaux, ambos da Fran\u00e7a, Middlesbrough, da Inglaterra, Legan\u00e9s, Espanyol e Barcelona, da Espanha. <\/p>\n\n\n\n<p>Foi no Toulouse onde Braithwaite mais jogou, com 149 partidas no total, marcando 40 gols e dando 15 assist\u00eancias. O que menos jogou foi o Bordeaux, com apenas 14 partidas, quatro gols e tr\u00eas assist\u00eancias. <\/p>\n\n\n\n<h2 class=\"wp-block-heading\" id=\"h-numeros-de-martin-braithwaite-por-todos-os-clubes\">N\u00fameros de Martin Braithwaite por todos os clubes:<\/h2>\n\n\n\n<ul class=\"wp-block-list\">\n<li>Toulouse-FRA: 149 jogos, 40 gols e 15 assist\u00eancias <\/li>\n\n\n\n<li>Esbjerg fB-DIN: 97 jogos, 19 gols e 10 assist\u00eancias <\/li>\n\n\n\n<li>Espnayol-ESP: 78 jogos, 32 gols e cinco assist\u00eancias <\/li>\n\n\n\n<li>Barcelona-ESP: 58 jogos, 10 gols e cinco assist\u00eancias <\/li>\n\n\n\n<li>Legan\u00e9s-ESP: 48 jogos, 13 gols e oito assist\u00eancias <\/li>\n\n\n\n<li>Middlesbrough-ING: 40 jogos, nove gols e duas assist\u00eancias <\/li>\n\n\n\n<li>Gr\u00eamio: 28 jogos, 14 gols e tr\u00eas assist\u00eancias <\/li>\n\n\n\n<li>Bordeaux-FRA: 14 jogos, quatro gols e tr\u00eas assist\u00eancias <\/li>\n<\/ul>\n","protected":false},"excerpt":{"rendered":"<p>Jogador \u00e9 um dos principais nomes da equipe O Gr\u00eamio avan\u00e7ou para renovar o contrato do atacante dinamarqu\u00eas Martin Braithwaite at\u00e9 o fim de 2027. O jogador est\u00e1 no Imortal desde o meio do ano passado e seu v\u00ednculo iria at\u00e9 junho de 2026. A informa\u00e7\u00e3o foi divulgada inicialmente pela TNT Sports e em seguida [&hellip;]<\/p>\n","protected":false},"author":21,"featured_media":165925,"comment_status":"open","ping_status":"closed","sticky":false,"template":"","format":"standard","meta":{"footnotes":""},"categories":[147],"tags":[],"class_list":["post-236807","post","type-post","status-publish","format-standard","has-post-thumbnail","hentry","category-gremio"],"yoast_head":"<!-- This site is optimized with the Yoast SEO Premium plugin v24.2 (Yoast SEO v26.9) - https:\/\/yoast.com\/product\/yoast-seo-premium-wordpress\/ -->\n<title>Atacante vai assinar com o Gr\u00eamio at\u00e9 2027<\/title>\n<meta name=\"robots\" content=\"index, follow, max-snippet:-1, max-image-preview:large, max-video-preview:-1\" \/>\n<link rel=\"canonical\" href=\"https:\/\/www.gaveanews.com\/index.php\/2025\/03\/06\/atacante-vai-assinar-com-o-gremio-ate-2027\/\" \/>\n<meta property=\"og:locale\" content=\"pt_BR\" \/>\n<meta property=\"og:type\" content=\"article\" \/>\n<meta property=\"og:title\" content=\"Atacante vai assinar com o Gr\u00eamio at\u00e9 2027\" \/>\n<meta property=\"og:description\" content=\"Jogador \u00e9 um dos principais nomes da equipe O Gr\u00eamio avan\u00e7ou para renovar o contrato do atacante dinamarqu\u00eas Martin Braithwaite at\u00e9 o fim de 2027. O jogador est\u00e1 no Imortal desde o meio do ano passado e seu v\u00ednculo iria at\u00e9 junho de 2026. A informa\u00e7\u00e3o foi divulgada inicialmente pela TNT Sports e em seguida [&hellip;]\" \/>\n<meta property=\"og:url\" content=\"https:\/\/www.gaveanews.com\/index.php\/2025\/03\/06\/atacante-vai-assinar-com-o-gremio-ate-2027\/\" \/>\n<meta property=\"og:site_name\" content=\"G\u00e1vea News\" \/>\n<meta property=\"article:publisher\" content=\"https:\/\/facebook.com\/gaveaNews\/\" \/>\n<meta property=\"article:published_time\" content=\"2025-03-07T01:10:00+00:00\" \/>\n<meta property=\"og:image\" content=\"https:\/\/www.gaveanews.com\/wp-content\/uploads\/Bandeira-do-Gremio.webp\" \/>\n\t<meta property=\"og:image:width\" content=\"1043\" \/>\n\t<meta property=\"og:image:height\" content=\"695\" \/>\n\t<meta property=\"og:image:type\" content=\"image\/webp\" \/>\n<meta name=\"author\" content=\"Andr\u00e9 Serra\" \/>\n<meta name=\"twitter:card\" content=\"summary_large_image\" \/>\n<meta name=\"twitter:label1\" content=\"Escrito por\" \/>\n\t<meta name=\"twitter:data1\" content=\"Andr\u00e9 Serra\" \/>\n\t<meta name=\"twitter:label2\" content=\"Est. tempo de leitura\" \/>\n\t<meta name=\"twitter:data2\" content=\"3 minutos\" \/>\n<script type=\"application\/ld+json\" class=\"yoast-schema-graph\">{\"@context\":\"https:\/\/schema.org\",\"@graph\":[{\"@type\":\"NewsArticle\",\"@id\":\"https:\/\/www.gaveanews.com\/index.php\/2025\/03\/06\/atacante-vai-assinar-com-o-gremio-ate-2027\/#article\",\"isPartOf\":{\"@id\":\"https:\/\/www.gaveanews.com\/index.php\/2025\/03\/06\/atacante-vai-assinar-com-o-gremio-ate-2027\/\"},\"author\":{\"name\":\"Andr\u00e9 Serra\",\"@id\":\"https:\/\/www.gaveanews.com\/#\/schema\/person\/0277a79a1289c451c281ec0411d84f0c\"},\"headline\":\"Atacante vai assinar com o Gr\u00eamio at\u00e9 2027\",\"datePublished\":\"2025-03-07T01:10:00+00:00\",\"mainEntityOfPage\":{\"@id\":\"https:\/\/www.gaveanews.com\/index.php\/2025\/03\/06\/atacante-vai-assinar-com-o-gremio-ate-2027\/\"},\"wordCount\":396,\"commentCount\":0,\"image\":{\"@id\":\"https:\/\/www.gaveanews.com\/index.php\/2025\/03\/06\/atacante-vai-assinar-com-o-gremio-ate-2027\/#primaryimage\"},\"thumbnailUrl\":\"https:\/\/www.gaveanews.com\/wp-content\/uploads\/Bandeira-do-Gremio.webp\",\"articleSection\":[\"Gr\u00eamio\"],\"inLanguage\":\"pt-BR\",\"potentialAction\":[{\"@type\":\"CommentAction\",\"name\":\"Comment\",\"target\":[\"https:\/\/www.gaveanews.com\/index.php\/2025\/03\/06\/atacante-vai-assinar-com-o-gremio-ate-2027\/#respond\"]}],\"copyrightYear\":\"2025\",\"copyrightHolder\":{\"@id\":\"https:\/\/www.gaveanews.com\/#organization\"}},{\"@type\":\"WebPage\",\"@id\":\"https:\/\/www.gaveanews.com\/index.php\/2025\/03\/06\/atacante-vai-assinar-com-o-gremio-ate-2027\/\",\"url\":\"https:\/\/www.gaveanews.com\/index.php\/2025\/03\/06\/atacante-vai-assinar-com-o-gremio-ate-2027\/\",\"name\":\"Atacante vai assinar com o Gr\u00eamio at\u00e9 2027\",\"isPartOf\":{\"@id\":\"https:\/\/www.gaveanews.com\/#website\"},\"primaryImageOfPage\":{\"@id\":\"https:\/\/www.gaveanews.com\/index.php\/2025\/03\/06\/atacante-vai-assinar-com-o-gremio-ate-2027\/#primaryimage\"},\"image\":{\"@id\":\"https:\/\/www.gaveanews.com\/index.php\/2025\/03\/06\/atacante-vai-assinar-com-o-gremio-ate-2027\/#primaryimage\"},\"thumbnailUrl\":\"https:\/\/www.gaveanews.com\/wp-content\/uploads\/Bandeira-do-Gremio.webp\",\"datePublished\":\"2025-03-07T01:10:00+00:00\",\"author\":{\"@id\":\"https:\/\/www.gaveanews.com\/#\/schema\/person\/0277a79a1289c451c281ec0411d84f0c\"},\"breadcrumb\":{\"@id\":\"https:\/\/www.gaveanews.com\/index.php\/2025\/03\/06\/atacante-vai-assinar-com-o-gremio-ate-2027\/#breadcrumb\"},\"inLanguage\":\"pt-BR\",\"potentialAction\":[{\"@type\":\"ReadAction\",\"target\":[\"https:\/\/www.gaveanews.com\/index.php\/2025\/03\/06\/atacante-vai-assinar-com-o-gremio-ate-2027\/\"]}]},{\"@type\":\"ImageObject\",\"inLanguage\":\"pt-BR\",\"@id\":\"https:\/\/www.gaveanews.com\/index.php\/2025\/03\/06\/atacante-vai-assinar-com-o-gremio-ate-2027\/#primaryimage\",\"url\":\"https:\/\/www.gaveanews.com\/wp-content\/uploads\/Bandeira-do-Gremio.webp\",\"contentUrl\":\"https:\/\/www.gaveanews.com\/wp-content\/uploads\/Bandeira-do-Gremio.webp\",\"width\":1043,\"height\":695,\"caption\":\"Bandeira do Gr\u00eamio (Foto: Reprodu\u00e7\u00e3o\/Gr\u00eamio)\"},{\"@type\":\"BreadcrumbList\",\"@id\":\"https:\/\/www.gaveanews.com\/index.php\/2025\/03\/06\/atacante-vai-assinar-com-o-gremio-ate-2027\/#breadcrumb\",\"itemListElement\":[{\"@type\":\"ListItem\",\"position\":1,\"name\":\"Home\",\"item\":\"https:\/\/www.gaveanews.com\/\"},{\"@type\":\"ListItem\",\"position\":2,\"name\":\"Atacante vai assinar com o Gr\u00eamio at\u00e9 2027\"}]},{\"@type\":\"WebSite\",\"@id\":\"https:\/\/www.gaveanews.com\/#website\",\"url\":\"https:\/\/www.gaveanews.com\/\",\"name\":\"G\u00e1vea News\",\"description\":\"Veja todas as not\u00edcias sobre o Flamengo: Contrata\u00e7\u00f5es, categorias de base, resultados das partidas, tabela de classifica\u00e7\u00e3o, pr\u00f3ximos jogos!\",\"potentialAction\":[{\"@type\":\"SearchAction\",\"target\":{\"@type\":\"EntryPoint\",\"urlTemplate\":\"https:\/\/www.gaveanews.com\/?s={search_term_string}\"},\"query-input\":{\"@type\":\"PropertyValueSpecification\",\"valueRequired\":true,\"valueName\":\"search_term_string\"}}],\"inLanguage\":\"pt-BR\"},{\"@type\":\"Person\",\"@id\":\"https:\/\/www.gaveanews.com\/#\/schema\/person\/0277a79a1289c451c281ec0411d84f0c\",\"name\":\"Andr\u00e9 Serra\",\"image\":{\"@type\":\"ImageObject\",\"inLanguage\":\"pt-BR\",\"@id\":\"https:\/\/www.gaveanews.com\/#\/schema\/person\/image\/\",\"url\":\"https:\/\/secure.gravatar.com\/avatar\/d7231369fe48db93292b3e88eb2162dbd9a34a47a8437d9ef3bcaca2a86a83d7?s=96&d=mm&r=g\",\"contentUrl\":\"https:\/\/secure.gravatar.com\/avatar\/d7231369fe48db93292b3e88eb2162dbd9a34a47a8437d9ef3bcaca2a86a83d7?s=96&d=mm&r=g\",\"caption\":\"Andr\u00e9 Serra\"}}]}<\/script>\n<!-- \/ Yoast SEO Premium plugin. -->","yoast_head_json":{"title":"Atacante vai assinar com o Gr\u00eamio at\u00e9 2027","robots":{"index":"index","follow":"follow","max-snippet":"max-snippet:-1","max-image-preview":"max-image-preview:large","max-video-preview":"max-video-preview:-1"},"canonical":"https:\/\/www.gaveanews.com\/index.php\/2025\/03\/06\/atacante-vai-assinar-com-o-gremio-ate-2027\/","og_locale":"pt_BR","og_type":"article","og_title":"Atacante vai assinar com o Gr\u00eamio at\u00e9 2027","og_description":"Jogador \u00e9 um dos principais nomes da equipe O Gr\u00eamio avan\u00e7ou para renovar o contrato do atacante dinamarqu\u00eas Martin Braithwaite at\u00e9 o fim de 2027. O jogador est\u00e1 no Imortal desde o meio do ano passado e seu v\u00ednculo iria at\u00e9 junho de 2026. A informa\u00e7\u00e3o foi divulgada inicialmente pela TNT Sports e em seguida [&hellip;]","og_url":"https:\/\/www.gaveanews.com\/index.php\/2025\/03\/06\/atacante-vai-assinar-com-o-gremio-ate-2027\/","og_site_name":"G\u00e1vea News","article_publisher":"https:\/\/facebook.com\/gaveaNews\/","article_published_time":"2025-03-07T01:10:00+00:00","og_image":[{"width":1043,"height":695,"url":"https:\/\/www.gaveanews.com\/wp-content\/uploads\/Bandeira-do-Gremio.webp","type":"image\/webp"}],"author":"Andr\u00e9 Serra","twitter_card":"summary_large_image","twitter_misc":{"Escrito por":"Andr\u00e9 Serra","Est. tempo de leitura":"3 minutos"},"schema":{"@context":"https:\/\/schema.org","@graph":[{"@type":"NewsArticle","@id":"https:\/\/www.gaveanews.com\/index.php\/2025\/03\/06\/atacante-vai-assinar-com-o-gremio-ate-2027\/#article","isPartOf":{"@id":"https:\/\/www.gaveanews.com\/index.php\/2025\/03\/06\/atacante-vai-assinar-com-o-gremio-ate-2027\/"},"author":{"name":"Andr\u00e9 Serra","@id":"https:\/\/www.gaveanews.com\/#\/schema\/person\/0277a79a1289c451c281ec0411d84f0c"},"headline":"Atacante vai assinar com o Gr\u00eamio at\u00e9 2027","datePublished":"2025-03-07T01:10:00+00:00","mainEntityOfPage":{"@id":"https:\/\/www.gaveanews.com\/index.php\/2025\/03\/06\/atacante-vai-assinar-com-o-gremio-ate-2027\/"},"wordCount":396,"commentCount":0,"image":{"@id":"https:\/\/www.gaveanews.com\/index.php\/2025\/03\/06\/atacante-vai-assinar-com-o-gremio-ate-2027\/#primaryimage"},"thumbnailUrl":"https:\/\/www.gaveanews.com\/wp-content\/uploads\/Bandeira-do-Gremio.webp","articleSection":["Gr\u00eamio"],"inLanguage":"pt-BR","potentialAction":[{"@type":"CommentAction","name":"Comment","target":["https:\/\/www.gaveanews.com\/index.php\/2025\/03\/06\/atacante-vai-assinar-com-o-gremio-ate-2027\/#respond"]}],"copyrightYear":"2025","copyrightHolder":{"@id":"https:\/\/www.gaveanews.com\/#organization"}},{"@type":"WebPage","@id":"https:\/\/www.gaveanews.com\/index.php\/2025\/03\/06\/atacante-vai-assinar-com-o-gremio-ate-2027\/","url":"https:\/\/www.gaveanews.com\/index.php\/2025\/03\/06\/atacante-vai-assinar-com-o-gremio-ate-2027\/","name":"Atacante vai assinar com o Gr\u00eamio at\u00e9 2027","isPartOf":{"@id":"https:\/\/www.gaveanews.com\/#website"},"primaryImageOfPage":{"@id":"https:\/\/www.gaveanews.com\/index.php\/2025\/03\/06\/atacante-vai-assinar-com-o-gremio-ate-2027\/#primaryimage"},"image":{"@id":"https:\/\/www.gaveanews.com\/index.php\/2025\/03\/06\/atacante-vai-assinar-com-o-gremio-ate-2027\/#primaryimage"},"thumbnailUrl":"https:\/\/www.gaveanews.com\/wp-content\/uploads\/Bandeira-do-Gremio.webp","datePublished":"2025-03-07T01:10:00+00:00","author":{"@id":"https:\/\/www.gaveanews.com\/#\/schema\/person\/0277a79a1289c451c281ec0411d84f0c"},"breadcrumb":{"@id":"https:\/\/www.gaveanews.com\/index.php\/2025\/03\/06\/atacante-vai-assinar-com-o-gremio-ate-2027\/#breadcrumb"},"inLanguage":"pt-BR","potentialAction":[{"@type":"ReadAction","target":["https:\/\/www.gaveanews.com\/index.php\/2025\/03\/06\/atacante-vai-assinar-com-o-gremio-ate-2027\/"]}]},{"@type":"ImageObject","inLanguage":"pt-BR","@id":"https:\/\/www.gaveanews.com\/index.php\/2025\/03\/06\/atacante-vai-assinar-com-o-gremio-ate-2027\/#primaryimage","url":"https:\/\/www.gaveanews.com\/wp-content\/uploads\/Bandeira-do-Gremio.webp","contentUrl":"https:\/\/www.gaveanews.com\/wp-content\/uploads\/Bandeira-do-Gremio.webp","width":1043,"height":695,"caption":"Bandeira do Gr\u00eamio (Foto: Reprodu\u00e7\u00e3o\/Gr\u00eamio)"},{"@type":"BreadcrumbList","@id":"https:\/\/www.gaveanews.com\/index.php\/2025\/03\/06\/atacante-vai-assinar-com-o-gremio-ate-2027\/#breadcrumb","itemListElement":[{"@type":"ListItem","position":1,"name":"Home","item":"https:\/\/www.gaveanews.com\/"},{"@type":"ListItem","position":2,"name":"Atacante vai assinar com o Gr\u00eamio at\u00e9 2027"}]},{"@type":"WebSite","@id":"https:\/\/www.gaveanews.com\/#website","url":"https:\/\/www.gaveanews.com\/","name":"G\u00e1vea News","description":"Veja todas as not\u00edcias sobre o Flamengo: Contrata\u00e7\u00f5es, categorias de base, resultados das partidas, tabela de classifica\u00e7\u00e3o, pr\u00f3ximos jogos!","potentialAction":[{"@type":"SearchAction","target":{"@type":"EntryPoint","urlTemplate":"https:\/\/www.gaveanews.com\/?s={search_term_string}"},"query-input":{"@type":"PropertyValueSpecification","valueRequired":true,"valueName":"search_term_string"}}],"inLanguage":"pt-BR"},{"@type":"Person","@id":"https:\/\/www.gaveanews.com\/#\/schema\/person\/0277a79a1289c451c281ec0411d84f0c","name":"Andr\u00e9 Serra","image":{"@type":"ImageObject","inLanguage":"pt-BR","@id":"https:\/\/www.gaveanews.com\/#\/schema\/person\/image\/","url":"https:\/\/secure.gravatar.com\/avatar\/d7231369fe48db93292b3e88eb2162dbd9a34a47a8437d9ef3bcaca2a86a83d7?s=96&d=mm&r=g","contentUrl":"https:\/\/secure.gravatar.com\/avatar\/d7231369fe48db93292b3e88eb2162dbd9a34a47a8437d9ef3bcaca2a86a83d7?s=96&d=mm&r=g","caption":"Andr\u00e9 Serra"}}]}},"_links":{"self":[{"href":"https:\/\/www.gaveanews.com\/index.php\/wp-json\/wp\/v2\/posts\/236807","targetHints":{"allow":["GET"]}}],"collection":[{"href":"https:\/\/www.gaveanews.com\/index.php\/wp-json\/wp\/v2\/posts"}],"about":[{"href":"https:\/\/www.gaveanews.com\/index.php\/wp-json\/wp\/v2\/types\/post"}],"author":[{"embeddable":true,"href":"https:\/\/www.gaveanews.com\/index.php\/wp-json\/wp\/v2\/users\/21"}],"replies":[{"embeddable":true,"href":"https:\/\/www.gaveanews.com\/index.php\/wp-json\/wp\/v2\/comments?post=236807"}],"version-history":[{"count":1,"href":"https:\/\/www.gaveanews.com\/index.php\/wp-json\/wp\/v2\/posts\/236807\/revisions"}],"predecessor-version":[{"id":236822,"href":"https:\/\/www.gaveanews.com\/index.php\/wp-json\/wp\/v2\/posts\/236807\/revisions\/236822"}],"wp:featuredmedia":[{"embeddable":true,"href":"https:\/\/www.gaveanews.com\/index.php\/wp-json\/wp\/v2\/media\/165925"}],"wp:attachment":[{"href":"https:\/\/www.gaveanews.com\/index.php\/wp-json\/wp\/v2\/media?parent=236807"}],"wp:term":[{"taxonomy":"category","embeddable":true,"href":"https:\/\/www.gaveanews.com\/index.php\/wp-json\/wp\/v2\/categories?post=236807"},{"taxonomy":"post_tag","embeddable":true,"href":"https:\/\/www.gaveanews.com\/index.php\/wp-json\/wp\/v2\/tags?post=236807"}],"curies":[{"name":"wp","href":"https:\/\/api.w.org\/{rel}","templated":true}]}}