{"id":236880,"date":"2025-03-06T22:40:00","date_gmt":"2025-03-07T01:40:00","guid":{"rendered":"https:\/\/www.gaveanews.com\/?p=236880"},"modified":"2025-03-06T20:29:14","modified_gmt":"2025-03-06T23:29:14","slug":"thiago-carpini-atinge-marca-historica-com-o-vitoria","status":"publish","type":"post","link":"https:\/\/www.gaveanews.com\/index.php\/2025\/03\/06\/thiago-carpini-atinge-marca-historica-com-o-vitoria\/","title":{"rendered":"Thiago Carpini atinge marca hist\u00f3rica com o Vit\u00f3ria"},"content":{"rendered":"\n<h2 class=\"wp-block-heading\" id=\"h-leao-da-barra-esta-invicto-ha-mais-de-20-jogos\">Le\u00e3o da Barra est\u00e1 invicto h\u00e1 mais de 20 jogos<\/h2>\n\n\n\n<p>Na \u00faltima quarta-feira (5), o Vit\u00f3ria empatou com o Altos-PI por 1 a 1, no Barrad\u00e3o. em jogo da quinta rodada da Copa do Nordeste. Apesar de n\u00e3o ter vencido a partida, o Le\u00e3o da Barra atingiu uma marca hist\u00f3rica. <\/p>\n\n\n\n<p>Com o empate, o Vit\u00f3ria chegou a marca de 21 jogos invictos, sendo a segunda maior de toda sua hist\u00f3ria. A \u00faltima derrota da equipe aconteceu em novembro do ano passado, para o Corinthians. Desde ent\u00e3o, o Le\u00e3o da Barra venceu 13 jogos e empatou oito, tendo um aproveitamento de 74,6%.<\/p>\n\n\n\n<h2 class=\"wp-block-heading\" id=\"h-sequencia-invicta-do-vitoria\">Sequ\u00eancia invicta do Vit\u00f3ria:<\/h2>\n\n\n\n<ul class=\"wp-block-list\">\n<li>Vit\u00f3ria 1 x 1 Altos &#8211; Copa do Nordeste 2025\ud83e\udd1d<\/li>\n\n\n\n<li>Atl\u00e9tico de Alagoinhas 0 x 4 Vit\u00f3rias &#8211; Campeonato Baiano 2025 \u2705<\/li>\n\n\n\n<li>Maranh\u00e3o 0 x 1 Vit\u00f3ria &#8211; Copa do Brasil 2025\u2705<\/li>\n\n\n\n<li>Atl\u00e9tico de Alagoinhas 0 x 1 Vit\u00f3ria &#8211; Campeonato Baiano 2025 \u2705<\/li>\n\n\n\n<li>Fortaleza 1 x 2 Vit\u00f3ria &#8211; Copa do Nordeste 2025\u2705<\/li>\n\n\n\n<li>Vit\u00f3ria 2&#215;0 Jequi\u00e9 &#8211; Campeonato Baiano 2025\u2705<\/li>\n\n\n\n<li>Vit\u00f3ria 2&#215;1 Ferrovi\u00e1rio &#8211; Copa do Nordeste 2025\u2705<\/li>\n\n\n\n<li>Vit\u00f3ria 2&#215;1 Porto &#8211; Campeonato Baiano 2025\u2705<\/li>\n\n\n\n<li>Vit\u00f3ria 1 x 0 Sousa &#8211; Copa do Nordeste 2025\u2705<\/li>\n\n\n\n<li>Bahia 0 x 0 Vit\u00f3ria &#8211; Campeonato Baiano 2025\ud83e\udd1d<\/li>\n\n\n\n<li>Vit\u00f3ria 4 x 0 Jacobina &#8211; Campeonato Baiano 2025\u2705<\/li>\n\n\n\n<li>Colo-Colo 1 x 4 Vit\u00f3ria &#8211; Campeonato Baiano 2025\u2705<\/li>\n\n\n\n<li>CRB 2 x 2 Vit\u00f3ria &#8211; Copa do Nordeste 2025\ud83e\udd1d<\/li>\n\n\n\n<li>Vit\u00f3ria 1 x 1 Jacuipense &#8211; Campeonato Baiano 2025\ud83e\udd1d<\/li>\n\n\n\n<li>Juazeirense 1 x 4 Vit\u00f3ria &#8211; Campeonato Baiano 2025\u2705<\/li>\n\n\n\n<li>Vit\u00f3ria 0 x 0 Barcelona de Ilh\u00e9us &#8211; Campeonato Baiano 2025\ud83e\udd1d<\/li>\n\n\n\n<li>Flamengo 2 x 2 Vit\u00f3ria &#8211; S\u00e9rie A 2024\ud83e\udd1d<\/li>\n\n\n\n<li>Vit\u00f3ria 1 x 1 Gr\u00eamio &#8211; S\u00e9rie A 2024 \ud83e\udd1d<\/li>\n\n\n\n<li>Vit\u00f3ria 2 x 0 Fortaleza &#8211; S\u00e9rie A 2024 \u2705<\/li>\n\n\n\n<li>Botafogo 1 x 1 Vit\u00f3ria &#8211; S\u00e9rie A 2024\ud83e\udd1d<\/li>\n\n\n\n<li>Crici\u00fama 0 x 1 Vit\u00f3ria &#8211; S\u00e9rie A 2024\u2705<\/li>\n<\/ul>\n\n\n\n<p>O t\u00e9cnico Thiago Carpini tem usado a sequ\u00eancia invicta como uma esp\u00e9cie de estrat\u00e9gia para incentivar a equipe nos jogos. O treinador j\u00e1 falou sobre o assunto tamb\u00e9m nas entrevistas coletivas. <\/p>\n\n\n\n<p>&#8220;O atleta trabalha tamb\u00e9m pelo lado financeiro, claro, \u00e9 importante, mas acima disso existem outros valores. \u00c9 isso que quero passar para eles: os t\u00edtulos, os recordes, os tabus. \u00c9 isso que quero passar para eles. A import\u00e2ncia de deixar um legado, de ser lembrado com carinho. Se n\u00e3o for n\u00f3s, s\u00e3o outros que v\u00e3o fazer&#8221; afirmou o treinador ap\u00f3s vencer o Atl\u00e9tico de Alagoinhas no fim de semana.<\/p>\n\n\n\n<p>Os 21 jogos invictos tamb\u00e9m representam a maior sequ\u00eancia invita da carreira de Thiago Carpini como treinador, assim o deixando valorizado no mercado. <\/p>\n\n\n\n<h2 class=\"wp-block-heading\" id=\"h-maiores-sequencias-invictas-do-vitoria-com-jogos-amistosos\">Maiores sequ\u00eancias invictas do Vit\u00f3ria [com jogos amistosos]:<\/h2>\n\n\n\n<ul class=\"wp-block-list\">\n<li>32 jogos [22 vit\u00f3rias e dez empates] sem perder entre 10\/12\/1978 e 12\/07\/1979<\/li>\n\n\n\n<li>22 jogos [15 vit\u00f3rias e sete empates] sem perder entre 05\/07\/1959 e 21\/11\/1959<\/li>\n\n\n\n<li>21 jogos [13 vit\u00f3rias e oito empates] sem perder iniciados no dia 20 de novembro de 2024<\/li>\n<\/ul>\n","protected":false},"excerpt":{"rendered":"<p>Le\u00e3o da Barra est\u00e1 invicto h\u00e1 mais de 20 jogos Na \u00faltima quarta-feira (5), o Vit\u00f3ria empatou com o Altos-PI por 1 a 1, no Barrad\u00e3o. em jogo da quinta rodada da Copa do Nordeste. Apesar de n\u00e3o ter vencido a partida, o Le\u00e3o da Barra atingiu uma marca hist\u00f3rica. Com o empate, o Vit\u00f3ria [&hellip;]<\/p>\n","protected":false},"author":21,"featured_media":154111,"comment_status":"open","ping_status":"closed","sticky":false,"template":"","format":"standard","meta":{"footnotes":""},"categories":[153],"tags":[],"class_list":["post-236880","post","type-post","status-publish","format-standard","has-post-thumbnail","hentry","category-vitoria"],"yoast_head":"<!-- This site is optimized with the Yoast SEO Premium plugin v24.2 (Yoast SEO v26.9) - https:\/\/yoast.com\/product\/yoast-seo-premium-wordpress\/ -->\n<title>Thiago Carpini atinge marca hist\u00f3rica com o Vit\u00f3ria<\/title>\n<meta name=\"robots\" content=\"index, follow, max-snippet:-1, max-image-preview:large, max-video-preview:-1\" \/>\n<link rel=\"canonical\" href=\"https:\/\/www.gaveanews.com\/index.php\/2025\/03\/06\/thiago-carpini-atinge-marca-historica-com-o-vitoria\/\" \/>\n<meta property=\"og:locale\" content=\"pt_BR\" \/>\n<meta property=\"og:type\" content=\"article\" \/>\n<meta property=\"og:title\" content=\"Thiago Carpini atinge marca hist\u00f3rica com o Vit\u00f3ria\" \/>\n<meta property=\"og:description\" content=\"Le\u00e3o da Barra est\u00e1 invicto h\u00e1 mais de 20 jogos Na \u00faltima quarta-feira (5), o Vit\u00f3ria empatou com o Altos-PI por 1 a 1, no Barrad\u00e3o. em jogo da quinta rodada da Copa do Nordeste. Apesar de n\u00e3o ter vencido a partida, o Le\u00e3o da Barra atingiu uma marca hist\u00f3rica. Com o empate, o Vit\u00f3ria [&hellip;]\" \/>\n<meta property=\"og:url\" content=\"https:\/\/www.gaveanews.com\/index.php\/2025\/03\/06\/thiago-carpini-atinge-marca-historica-com-o-vitoria\/\" \/>\n<meta property=\"og:site_name\" content=\"G\u00e1vea News\" \/>\n<meta property=\"article:publisher\" content=\"https:\/\/facebook.com\/gaveaNews\/\" \/>\n<meta property=\"article:published_time\" content=\"2025-03-07T01:40:00+00:00\" \/>\n<meta property=\"og:image\" content=\"https:\/\/www.gaveanews.com\/wp-content\/uploads\/IMAGEM_NOTICIA_3-1.webp\" \/>\n\t<meta property=\"og:image:width\" content=\"640\" \/>\n\t<meta property=\"og:image:height\" content=\"426\" \/>\n\t<meta property=\"og:image:type\" content=\"image\/jpeg\" \/>\n<meta name=\"author\" content=\"Andr\u00e9 Serra\" \/>\n<meta name=\"twitter:card\" content=\"summary_large_image\" \/>\n<meta name=\"twitter:label1\" content=\"Escrito por\" \/>\n\t<meta name=\"twitter:data1\" content=\"Andr\u00e9 Serra\" \/>\n\t<meta name=\"twitter:label2\" content=\"Est. tempo de leitura\" \/>\n\t<meta name=\"twitter:data2\" content=\"3 minutos\" \/>\n<script type=\"application\/ld+json\" class=\"yoast-schema-graph\">{\"@context\":\"https:\/\/schema.org\",\"@graph\":[{\"@type\":\"NewsArticle\",\"@id\":\"https:\/\/www.gaveanews.com\/index.php\/2025\/03\/06\/thiago-carpini-atinge-marca-historica-com-o-vitoria\/#article\",\"isPartOf\":{\"@id\":\"https:\/\/www.gaveanews.com\/index.php\/2025\/03\/06\/thiago-carpini-atinge-marca-historica-com-o-vitoria\/\"},\"author\":{\"name\":\"Andr\u00e9 Serra\",\"@id\":\"https:\/\/www.gaveanews.com\/#\/schema\/person\/0277a79a1289c451c281ec0411d84f0c\"},\"headline\":\"Thiago Carpini atinge marca hist\u00f3rica com o Vit\u00f3ria\",\"datePublished\":\"2025-03-07T01:40:00+00:00\",\"mainEntityOfPage\":{\"@id\":\"https:\/\/www.gaveanews.com\/index.php\/2025\/03\/06\/thiago-carpini-atinge-marca-historica-com-o-vitoria\/\"},\"wordCount\":470,\"commentCount\":0,\"image\":{\"@id\":\"https:\/\/www.gaveanews.com\/index.php\/2025\/03\/06\/thiago-carpini-atinge-marca-historica-com-o-vitoria\/#primaryimage\"},\"thumbnailUrl\":\"https:\/\/www.gaveanews.com\/wp-content\/uploads\/IMAGEM_NOTICIA_3-1.webp\",\"articleSection\":[\"Vit\u00f3ria\"],\"inLanguage\":\"pt-BR\",\"potentialAction\":[{\"@type\":\"CommentAction\",\"name\":\"Comment\",\"target\":[\"https:\/\/www.gaveanews.com\/index.php\/2025\/03\/06\/thiago-carpini-atinge-marca-historica-com-o-vitoria\/#respond\"]}],\"copyrightYear\":\"2025\",\"copyrightHolder\":{\"@id\":\"https:\/\/www.gaveanews.com\/#organization\"}},{\"@type\":\"WebPage\",\"@id\":\"https:\/\/www.gaveanews.com\/index.php\/2025\/03\/06\/thiago-carpini-atinge-marca-historica-com-o-vitoria\/\",\"url\":\"https:\/\/www.gaveanews.com\/index.php\/2025\/03\/06\/thiago-carpini-atinge-marca-historica-com-o-vitoria\/\",\"name\":\"Thiago Carpini atinge marca hist\u00f3rica com o Vit\u00f3ria\",\"isPartOf\":{\"@id\":\"https:\/\/www.gaveanews.com\/#website\"},\"primaryImageOfPage\":{\"@id\":\"https:\/\/www.gaveanews.com\/index.php\/2025\/03\/06\/thiago-carpini-atinge-marca-historica-com-o-vitoria\/#primaryimage\"},\"image\":{\"@id\":\"https:\/\/www.gaveanews.com\/index.php\/2025\/03\/06\/thiago-carpini-atinge-marca-historica-com-o-vitoria\/#primaryimage\"},\"thumbnailUrl\":\"https:\/\/www.gaveanews.com\/wp-content\/uploads\/IMAGEM_NOTICIA_3-1.webp\",\"datePublished\":\"2025-03-07T01:40:00+00:00\",\"author\":{\"@id\":\"https:\/\/www.gaveanews.com\/#\/schema\/person\/0277a79a1289c451c281ec0411d84f0c\"},\"breadcrumb\":{\"@id\":\"https:\/\/www.gaveanews.com\/index.php\/2025\/03\/06\/thiago-carpini-atinge-marca-historica-com-o-vitoria\/#breadcrumb\"},\"inLanguage\":\"pt-BR\",\"potentialAction\":[{\"@type\":\"ReadAction\",\"target\":[\"https:\/\/www.gaveanews.com\/index.php\/2025\/03\/06\/thiago-carpini-atinge-marca-historica-com-o-vitoria\/\"]}]},{\"@type\":\"ImageObject\",\"inLanguage\":\"pt-BR\",\"@id\":\"https:\/\/www.gaveanews.com\/index.php\/2025\/03\/06\/thiago-carpini-atinge-marca-historica-com-o-vitoria\/#primaryimage\",\"url\":\"https:\/\/www.gaveanews.com\/wp-content\/uploads\/IMAGEM_NOTICIA_3-1.webp\",\"contentUrl\":\"https:\/\/www.gaveanews.com\/wp-content\/uploads\/IMAGEM_NOTICIA_3-1.webp\",\"width\":640,\"height\":426,\"caption\":\"Foto: Victor Ferreira\/EC Vit\u00f3ria\"},{\"@type\":\"BreadcrumbList\",\"@id\":\"https:\/\/www.gaveanews.com\/index.php\/2025\/03\/06\/thiago-carpini-atinge-marca-historica-com-o-vitoria\/#breadcrumb\",\"itemListElement\":[{\"@type\":\"ListItem\",\"position\":1,\"name\":\"Home\",\"item\":\"https:\/\/www.gaveanews.com\/\"},{\"@type\":\"ListItem\",\"position\":2,\"name\":\"Thiago Carpini atinge marca hist\u00f3rica com o Vit\u00f3ria\"}]},{\"@type\":\"WebSite\",\"@id\":\"https:\/\/www.gaveanews.com\/#website\",\"url\":\"https:\/\/www.gaveanews.com\/\",\"name\":\"G\u00e1vea News\",\"description\":\"Veja todas as not\u00edcias sobre o Flamengo: Contrata\u00e7\u00f5es, categorias de base, resultados das partidas, tabela de classifica\u00e7\u00e3o, pr\u00f3ximos jogos!\",\"potentialAction\":[{\"@type\":\"SearchAction\",\"target\":{\"@type\":\"EntryPoint\",\"urlTemplate\":\"https:\/\/www.gaveanews.com\/?s={search_term_string}\"},\"query-input\":{\"@type\":\"PropertyValueSpecification\",\"valueRequired\":true,\"valueName\":\"search_term_string\"}}],\"inLanguage\":\"pt-BR\"},{\"@type\":\"Person\",\"@id\":\"https:\/\/www.gaveanews.com\/#\/schema\/person\/0277a79a1289c451c281ec0411d84f0c\",\"name\":\"Andr\u00e9 Serra\",\"image\":{\"@type\":\"ImageObject\",\"inLanguage\":\"pt-BR\",\"@id\":\"https:\/\/www.gaveanews.com\/#\/schema\/person\/image\/\",\"url\":\"https:\/\/secure.gravatar.com\/avatar\/d7231369fe48db93292b3e88eb2162dbd9a34a47a8437d9ef3bcaca2a86a83d7?s=96&d=mm&r=g\",\"contentUrl\":\"https:\/\/secure.gravatar.com\/avatar\/d7231369fe48db93292b3e88eb2162dbd9a34a47a8437d9ef3bcaca2a86a83d7?s=96&d=mm&r=g\",\"caption\":\"Andr\u00e9 Serra\"}}]}<\/script>\n<!-- \/ Yoast SEO Premium plugin. -->","yoast_head_json":{"title":"Thiago Carpini atinge marca hist\u00f3rica com o Vit\u00f3ria","robots":{"index":"index","follow":"follow","max-snippet":"max-snippet:-1","max-image-preview":"max-image-preview:large","max-video-preview":"max-video-preview:-1"},"canonical":"https:\/\/www.gaveanews.com\/index.php\/2025\/03\/06\/thiago-carpini-atinge-marca-historica-com-o-vitoria\/","og_locale":"pt_BR","og_type":"article","og_title":"Thiago Carpini atinge marca hist\u00f3rica com o Vit\u00f3ria","og_description":"Le\u00e3o da Barra est\u00e1 invicto h\u00e1 mais de 20 jogos Na \u00faltima quarta-feira (5), o Vit\u00f3ria empatou com o Altos-PI por 1 a 1, no Barrad\u00e3o. em jogo da quinta rodada da Copa do Nordeste. Apesar de n\u00e3o ter vencido a partida, o Le\u00e3o da Barra atingiu uma marca hist\u00f3rica. Com o empate, o Vit\u00f3ria [&hellip;]","og_url":"https:\/\/www.gaveanews.com\/index.php\/2025\/03\/06\/thiago-carpini-atinge-marca-historica-com-o-vitoria\/","og_site_name":"G\u00e1vea News","article_publisher":"https:\/\/facebook.com\/gaveaNews\/","article_published_time":"2025-03-07T01:40:00+00:00","og_image":[{"width":640,"height":426,"url":"https:\/\/www.gaveanews.com\/wp-content\/uploads\/IMAGEM_NOTICIA_3-1.webp","type":"image\/jpeg"}],"author":"Andr\u00e9 Serra","twitter_card":"summary_large_image","twitter_misc":{"Escrito por":"Andr\u00e9 Serra","Est. tempo de leitura":"3 minutos"},"schema":{"@context":"https:\/\/schema.org","@graph":[{"@type":"NewsArticle","@id":"https:\/\/www.gaveanews.com\/index.php\/2025\/03\/06\/thiago-carpini-atinge-marca-historica-com-o-vitoria\/#article","isPartOf":{"@id":"https:\/\/www.gaveanews.com\/index.php\/2025\/03\/06\/thiago-carpini-atinge-marca-historica-com-o-vitoria\/"},"author":{"name":"Andr\u00e9 Serra","@id":"https:\/\/www.gaveanews.com\/#\/schema\/person\/0277a79a1289c451c281ec0411d84f0c"},"headline":"Thiago Carpini atinge marca hist\u00f3rica com o Vit\u00f3ria","datePublished":"2025-03-07T01:40:00+00:00","mainEntityOfPage":{"@id":"https:\/\/www.gaveanews.com\/index.php\/2025\/03\/06\/thiago-carpini-atinge-marca-historica-com-o-vitoria\/"},"wordCount":470,"commentCount":0,"image":{"@id":"https:\/\/www.gaveanews.com\/index.php\/2025\/03\/06\/thiago-carpini-atinge-marca-historica-com-o-vitoria\/#primaryimage"},"thumbnailUrl":"https:\/\/www.gaveanews.com\/wp-content\/uploads\/IMAGEM_NOTICIA_3-1.webp","articleSection":["Vit\u00f3ria"],"inLanguage":"pt-BR","potentialAction":[{"@type":"CommentAction","name":"Comment","target":["https:\/\/www.gaveanews.com\/index.php\/2025\/03\/06\/thiago-carpini-atinge-marca-historica-com-o-vitoria\/#respond"]}],"copyrightYear":"2025","copyrightHolder":{"@id":"https:\/\/www.gaveanews.com\/#organization"}},{"@type":"WebPage","@id":"https:\/\/www.gaveanews.com\/index.php\/2025\/03\/06\/thiago-carpini-atinge-marca-historica-com-o-vitoria\/","url":"https:\/\/www.gaveanews.com\/index.php\/2025\/03\/06\/thiago-carpini-atinge-marca-historica-com-o-vitoria\/","name":"Thiago Carpini atinge marca hist\u00f3rica com o Vit\u00f3ria","isPartOf":{"@id":"https:\/\/www.gaveanews.com\/#website"},"primaryImageOfPage":{"@id":"https:\/\/www.gaveanews.com\/index.php\/2025\/03\/06\/thiago-carpini-atinge-marca-historica-com-o-vitoria\/#primaryimage"},"image":{"@id":"https:\/\/www.gaveanews.com\/index.php\/2025\/03\/06\/thiago-carpini-atinge-marca-historica-com-o-vitoria\/#primaryimage"},"thumbnailUrl":"https:\/\/www.gaveanews.com\/wp-content\/uploads\/IMAGEM_NOTICIA_3-1.webp","datePublished":"2025-03-07T01:40:00+00:00","author":{"@id":"https:\/\/www.gaveanews.com\/#\/schema\/person\/0277a79a1289c451c281ec0411d84f0c"},"breadcrumb":{"@id":"https:\/\/www.gaveanews.com\/index.php\/2025\/03\/06\/thiago-carpini-atinge-marca-historica-com-o-vitoria\/#breadcrumb"},"inLanguage":"pt-BR","potentialAction":[{"@type":"ReadAction","target":["https:\/\/www.gaveanews.com\/index.php\/2025\/03\/06\/thiago-carpini-atinge-marca-historica-com-o-vitoria\/"]}]},{"@type":"ImageObject","inLanguage":"pt-BR","@id":"https:\/\/www.gaveanews.com\/index.php\/2025\/03\/06\/thiago-carpini-atinge-marca-historica-com-o-vitoria\/#primaryimage","url":"https:\/\/www.gaveanews.com\/wp-content\/uploads\/IMAGEM_NOTICIA_3-1.webp","contentUrl":"https:\/\/www.gaveanews.com\/wp-content\/uploads\/IMAGEM_NOTICIA_3-1.webp","width":640,"height":426,"caption":"Foto: Victor Ferreira\/EC Vit\u00f3ria"},{"@type":"BreadcrumbList","@id":"https:\/\/www.gaveanews.com\/index.php\/2025\/03\/06\/thiago-carpini-atinge-marca-historica-com-o-vitoria\/#breadcrumb","itemListElement":[{"@type":"ListItem","position":1,"name":"Home","item":"https:\/\/www.gaveanews.com\/"},{"@type":"ListItem","position":2,"name":"Thiago Carpini atinge marca hist\u00f3rica com o Vit\u00f3ria"}]},{"@type":"WebSite","@id":"https:\/\/www.gaveanews.com\/#website","url":"https:\/\/www.gaveanews.com\/","name":"G\u00e1vea News","description":"Veja todas as not\u00edcias sobre o Flamengo: Contrata\u00e7\u00f5es, categorias de base, resultados das partidas, tabela de classifica\u00e7\u00e3o, pr\u00f3ximos jogos!","potentialAction":[{"@type":"SearchAction","target":{"@type":"EntryPoint","urlTemplate":"https:\/\/www.gaveanews.com\/?s={search_term_string}"},"query-input":{"@type":"PropertyValueSpecification","valueRequired":true,"valueName":"search_term_string"}}],"inLanguage":"pt-BR"},{"@type":"Person","@id":"https:\/\/www.gaveanews.com\/#\/schema\/person\/0277a79a1289c451c281ec0411d84f0c","name":"Andr\u00e9 Serra","image":{"@type":"ImageObject","inLanguage":"pt-BR","@id":"https:\/\/www.gaveanews.com\/#\/schema\/person\/image\/","url":"https:\/\/secure.gravatar.com\/avatar\/d7231369fe48db93292b3e88eb2162dbd9a34a47a8437d9ef3bcaca2a86a83d7?s=96&d=mm&r=g","contentUrl":"https:\/\/secure.gravatar.com\/avatar\/d7231369fe48db93292b3e88eb2162dbd9a34a47a8437d9ef3bcaca2a86a83d7?s=96&d=mm&r=g","caption":"Andr\u00e9 Serra"}}]}},"_links":{"self":[{"href":"https:\/\/www.gaveanews.com\/index.php\/wp-json\/wp\/v2\/posts\/236880","targetHints":{"allow":["GET"]}}],"collection":[{"href":"https:\/\/www.gaveanews.com\/index.php\/wp-json\/wp\/v2\/posts"}],"about":[{"href":"https:\/\/www.gaveanews.com\/index.php\/wp-json\/wp\/v2\/types\/post"}],"author":[{"embeddable":true,"href":"https:\/\/www.gaveanews.com\/index.php\/wp-json\/wp\/v2\/users\/21"}],"replies":[{"embeddable":true,"href":"https:\/\/www.gaveanews.com\/index.php\/wp-json\/wp\/v2\/comments?post=236880"}],"version-history":[{"count":1,"href":"https:\/\/www.gaveanews.com\/index.php\/wp-json\/wp\/v2\/posts\/236880\/revisions"}],"predecessor-version":[{"id":236887,"href":"https:\/\/www.gaveanews.com\/index.php\/wp-json\/wp\/v2\/posts\/236880\/revisions\/236887"}],"wp:featuredmedia":[{"embeddable":true,"href":"https:\/\/www.gaveanews.com\/index.php\/wp-json\/wp\/v2\/media\/154111"}],"wp:attachment":[{"href":"https:\/\/www.gaveanews.com\/index.php\/wp-json\/wp\/v2\/media?parent=236880"}],"wp:term":[{"taxonomy":"category","embeddable":true,"href":"https:\/\/www.gaveanews.com\/index.php\/wp-json\/wp\/v2\/categories?post=236880"},{"taxonomy":"post_tag","embeddable":true,"href":"https:\/\/www.gaveanews.com\/index.php\/wp-json\/wp\/v2\/tags?post=236880"}],"curies":[{"name":"wp","href":"https:\/\/api.w.org\/{rel}","templated":true}]}}