{"id":236883,"date":"2025-03-06T22:45:00","date_gmt":"2025-03-07T01:45:00","guid":{"rendered":"https:\/\/www.gaveanews.com\/?p=236883"},"modified":"2025-03-06T20:29:22","modified_gmt":"2025-03-06T23:29:22","slug":"a-declaracao-do-craque-neto-direcionada-a-breno-bidon-do-corinthians","status":"publish","type":"post","link":"https:\/\/www.gaveanews.com\/index.php\/2025\/03\/06\/a-declaracao-do-craque-neto-direcionada-a-breno-bidon-do-corinthians\/","title":{"rendered":"A declara\u00e7\u00e3o do Craque Neto direcionada a Breno Bidon, do Corinthians"},"content":{"rendered":"\n<p>O ex-jogador Craque Neto manifestou sua insatisfa\u00e7\u00e3o em rela\u00e7\u00e3o ao desempenho do time na derrota sofrida contra o Barcelona de Guayaquil. A partida v\u00e1lida pela terceira rodada da fase preliminar da Libertadores terminou com um marcador de 3 a 0, resultado que surpreendeu os torcedores alvinegros. Como consequ\u00eancia, o comentarista aproveitou a ocasi\u00e3o para destacar pontos fracos do elenco.<\/p>\n\n\n\n<h2 class=\"wp-block-heading\" id=\"h-avaliacao-sobre-o-jogo\">Avalia\u00e7\u00e3o sobre o jogo<\/h2>\n\n\n\n<p>Durante a transmiss\u00e3o do confronto pelo &#8220;R\u00e1dio Craque Neto&#8221;, o ex-atleta decidiu expor suas impress\u00f5es sobre a atua\u00e7\u00e3o do Corinthians. Ao analisar a movimenta\u00e7\u00e3o dos jogadores em campo, ele ressaltou que o advers\u00e1rio demonstrou superioridade t\u00e9cnica e t\u00e1tica durante todo o duelo. Al\u00e9m disso, Neto mencionou que o placar poderia ter sido ainda mais el\u00e1stico, caso o Barcelona de Guayaquil tivesse aproveitado melhor as oportunidades criadas.<\/p>\n\n\n\n<p>Entretanto, o comentarista chamou aten\u00e7\u00e3o para quest\u00f5es espec\u00edficas relacionadas \u00e0 forma\u00e7\u00e3o t\u00e1tica adotada por Ram\u00f3n D\u00edaz. Ele argumentou que a escala\u00e7\u00e3o inicial comprometeu o rendimento coletivo, especialmente ao utilizar tr\u00eas volantes no sistema defensivo. Assim, Neto explicou que essa escolha prejudicou Memphis e Yuri Alberto, jogadores que necessitam de maior liberdade para receber passes e desenvolver suas caracter\u00edsticas ofensivas.<\/p>\n\n\n\n<h2 class=\"wp-block-heading\" id=\"h-declaracao-do-neto-a-breno-bidon\">Declara\u00e7\u00e3o do Neto a Breno Bidon<\/h2>\n\n\n\n<p>Ao longo da transmiss\u00e3o, Craque Neto tamb\u00e9m selecionou alguns atletas que n\u00e3o corresponderam \u00e0s expectativas. Entre eles, destacou Maicon, cuja condi\u00e7\u00e3o f\u00edsica foi questionada pelo comentarista. <\/p>\n\n\n\n<p>Segundo Neto, o jogador apresentou dificuldades para acompanhar o ritmo imposto pelo Barcelona de Guayaquil. Por outro lado, Breno Bidon recebeu uma cr\u00edtica ainda mais enf\u00e1tica, sendo apontado como o pior desempenho individual dentro de campo.<\/p>\n\n\n\n<p>&#8220;A\u00ed entra com tr\u00eas volantes. Depois, tira o Memphis, coloca um, outro, enfim, ficou um time muito perdido em campo. Desculpa, o Maicon n\u00e3o teve condi\u00e7\u00f5es f\u00edsicas nenhuma de aguentar o jogo. O Breno Bidon, para mim, foi o pior jogador em campo&#8221;, declarou.<\/p>\n\n\n\n<figure class=\"wp-block-image size-large\"><img loading=\"lazy\" decoding=\"async\" width=\"822\" height=\"1024\" src=\"http:\/\/www.gaveanews.com\/wp-content\/uploads\/Breno-Bidon-em-acao-pelo-Corinthians-822x1024.webp\" alt=\"\" class=\"wp-image-150875\" srcset=\"https:\/\/www.gaveanews.com\/wp-content\/uploads\/Breno-Bidon-em-acao-pelo-Corinthians-822x1024.webp 822w, https:\/\/www.gaveanews.com\/wp-content\/uploads\/Breno-Bidon-em-acao-pelo-Corinthians-241x300.webp 241w, https:\/\/www.gaveanews.com\/wp-content\/uploads\/Breno-Bidon-em-acao-pelo-Corinthians-768x957.webp 768w, https:\/\/www.gaveanews.com\/wp-content\/uploads\/Breno-Bidon-em-acao-pelo-Corinthians-337x420.webp 337w, https:\/\/www.gaveanews.com\/wp-content\/uploads\/Breno-Bidon-em-acao-pelo-Corinthians-674x840.webp 674w, https:\/\/www.gaveanews.com\/wp-content\/uploads\/Breno-Bidon-em-acao-pelo-Corinthians-640x798.webp 640w, https:\/\/www.gaveanews.com\/wp-content\/uploads\/Breno-Bidon-em-acao-pelo-Corinthians-681x849.webp 681w, https:\/\/www.gaveanews.com\/wp-content\/uploads\/Breno-Bidon-em-acao-pelo-Corinthians-100x125.webp 100w, https:\/\/www.gaveanews.com\/wp-content\/uploads\/Breno-Bidon-em-acao-pelo-Corinthians.webp 1080w\" sizes=\"auto, (max-width: 822px) 100vw, 822px\" \/><figcaption class=\"wp-element-caption\">Breno Bidon em a\u00e7\u00e3o pelo Corinthians (Foto: Reprodu\u00e7\u00e3o\/Instagram)<\/figcaption><\/figure>\n\n\n\n<p>Embora o t\u00e9cnico argentino tenha realizado substitui\u00e7\u00f5es ao longo da partida, Neto considerou que essas mudan\u00e7as n\u00e3o surtiram o efeito esperado. Ele acrescentou que a falta de entrosamento entre os jogadores reservas contribuiu para a continuidade das falhas t\u00e1ticas e estrat\u00e9gicas j\u00e1 observadas desde o in\u00edcio do jogo.<\/p>\n\n\n\n<p>Diante desse cen\u00e1rio, o comentarista refor\u00e7ou a necessidade de ajustes urgentes antes do pr\u00f3ximo encontro contra o mesmo advers\u00e1rio. Enquanto isso, o Corinthians precisa focar em outras competi\u00e7\u00f5es importantes para manter o calend\u00e1rio competitivo.<\/p>\n\n\n\n<h2 class=\"wp-block-heading\" id=\"h-proximos-jogos-do-corinthians\">Pr\u00f3ximos jogos do Corinthians<\/h2>\n\n\n\n<p>Ap\u00f3s a derrota no Equador, o Corinthians enfrenta um desafio monumental na Neo Qu\u00edmica Arena. O clube precisar\u00e1 vencer o Barcelona de Guayaquil por tr\u00eas gols de diferen\u00e7a para levar o confronto aos p\u00eanaltis. Este segundo duelo est\u00e1 marcado para a pr\u00f3xima quarta-feira (12), \u00e0s 21h30 (hor\u00e1rio de Bras\u00edlia).<\/p>\n\n\n\n<p>Por\u00e9m, antes deste compromisso internacional, o Alvinegro tem um compromisso decisivo no Campeonato Paulista. No domingo (9), o Corinthians entra em campo contra o Santos, \u00e0s 18h30 (hor\u00e1rio de Bras\u00edlia), em Itaquera, pela semifinal estadual. Para avan\u00e7ar \u00e0 final do torneio, o time comandado por Ram\u00f3n D\u00edaz dever\u00e1 demonstrar maior consist\u00eancia e efici\u00eancia em suas a\u00e7\u00f5es ofensivas e defensivas.<\/p>\n","protected":false},"excerpt":{"rendered":"<p>O ex-jogador Craque Neto manifestou sua insatisfa\u00e7\u00e3o em rela\u00e7\u00e3o ao desempenho do time na derrota sofrida contra o Barcelona de Guayaquil. A partida v\u00e1lida pela terceira rodada da fase preliminar da Libertadores terminou com um marcador de 3 a 0, resultado que surpreendeu os torcedores alvinegros. Como consequ\u00eancia, o comentarista aproveitou a ocasi\u00e3o para destacar [&hellip;]<\/p>\n","protected":false},"author":28,"featured_media":71983,"comment_status":"open","ping_status":"closed","sticky":false,"template":"","format":"standard","meta":{"footnotes":""},"categories":[141],"tags":[],"class_list":["post-236883","post","type-post","status-publish","format-standard","has-post-thumbnail","hentry","category-corinthians"],"yoast_head":"<!-- This site is optimized with the Yoast SEO Premium plugin v24.2 (Yoast SEO v26.9) - https:\/\/yoast.com\/product\/yoast-seo-premium-wordpress\/ -->\n<title>A declara\u00e7\u00e3o do Craque Neto direcionada a Breno Bidon, do Corinthians<\/title>\n<meta name=\"robots\" content=\"index, follow, max-snippet:-1, max-image-preview:large, max-video-preview:-1\" \/>\n<link rel=\"canonical\" href=\"https:\/\/www.gaveanews.com\/index.php\/2025\/03\/06\/a-declaracao-do-craque-neto-direcionada-a-breno-bidon-do-corinthians\/\" \/>\n<meta property=\"og:locale\" content=\"pt_BR\" \/>\n<meta property=\"og:type\" content=\"article\" \/>\n<meta property=\"og:title\" content=\"A declara\u00e7\u00e3o do Craque Neto direcionada a Breno Bidon, do Corinthians\" \/>\n<meta property=\"og:description\" content=\"O ex-jogador Craque Neto manifestou sua insatisfa\u00e7\u00e3o em rela\u00e7\u00e3o ao desempenho do time na derrota sofrida contra o Barcelona de Guayaquil. A partida v\u00e1lida pela terceira rodada da fase preliminar da Libertadores terminou com um marcador de 3 a 0, resultado que surpreendeu os torcedores alvinegros. Como consequ\u00eancia, o comentarista aproveitou a ocasi\u00e3o para destacar [&hellip;]\" \/>\n<meta property=\"og:url\" content=\"https:\/\/www.gaveanews.com\/index.php\/2025\/03\/06\/a-declaracao-do-craque-neto-direcionada-a-breno-bidon-do-corinthians\/\" \/>\n<meta property=\"og:site_name\" content=\"G\u00e1vea News\" \/>\n<meta property=\"article:publisher\" content=\"https:\/\/facebook.com\/gaveaNews\/\" \/>\n<meta property=\"article:published_time\" content=\"2025-03-07T01:45:00+00:00\" \/>\n<meta property=\"og:image\" content=\"https:\/\/www.gaveanews.com\/wp-content\/uploads\/Comentarista-Neto-em-programa-da-Band.webp\" \/>\n\t<meta property=\"og:image:width\" content=\"846\" \/>\n\t<meta property=\"og:image:height\" content=\"476\" \/>\n\t<meta property=\"og:image:type\" content=\"image\/jpeg\" \/>\n<meta name=\"author\" content=\"Hudson Pereira\" \/>\n<meta name=\"twitter:card\" content=\"summary_large_image\" \/>\n<meta name=\"twitter:label1\" content=\"Escrito por\" \/>\n\t<meta name=\"twitter:data1\" content=\"Hudson Pereira\" \/>\n\t<meta name=\"twitter:label2\" content=\"Est. tempo de leitura\" \/>\n\t<meta name=\"twitter:data2\" content=\"4 minutos\" \/>\n<script type=\"application\/ld+json\" class=\"yoast-schema-graph\">{\"@context\":\"https:\/\/schema.org\",\"@graph\":[{\"@type\":\"NewsArticle\",\"@id\":\"https:\/\/www.gaveanews.com\/index.php\/2025\/03\/06\/a-declaracao-do-craque-neto-direcionada-a-breno-bidon-do-corinthians\/#article\",\"isPartOf\":{\"@id\":\"https:\/\/www.gaveanews.com\/index.php\/2025\/03\/06\/a-declaracao-do-craque-neto-direcionada-a-breno-bidon-do-corinthians\/\"},\"author\":{\"name\":\"Hudson Pereira\",\"@id\":\"https:\/\/www.gaveanews.com\/#\/schema\/person\/bd08f00534b403119b92741a6d469ef0\"},\"headline\":\"A declara\u00e7\u00e3o do Craque Neto direcionada a Breno Bidon, do Corinthians\",\"datePublished\":\"2025-03-07T01:45:00+00:00\",\"mainEntityOfPage\":{\"@id\":\"https:\/\/www.gaveanews.com\/index.php\/2025\/03\/06\/a-declaracao-do-craque-neto-direcionada-a-breno-bidon-do-corinthians\/\"},\"wordCount\":580,\"commentCount\":0,\"image\":{\"@id\":\"https:\/\/www.gaveanews.com\/index.php\/2025\/03\/06\/a-declaracao-do-craque-neto-direcionada-a-breno-bidon-do-corinthians\/#primaryimage\"},\"thumbnailUrl\":\"https:\/\/www.gaveanews.com\/wp-content\/uploads\/Comentarista-Neto-em-programa-da-Band.webp\",\"articleSection\":[\"Corinthians\"],\"inLanguage\":\"pt-BR\",\"potentialAction\":[{\"@type\":\"CommentAction\",\"name\":\"Comment\",\"target\":[\"https:\/\/www.gaveanews.com\/index.php\/2025\/03\/06\/a-declaracao-do-craque-neto-direcionada-a-breno-bidon-do-corinthians\/#respond\"]}],\"copyrightYear\":\"2025\",\"copyrightHolder\":{\"@id\":\"https:\/\/www.gaveanews.com\/#organization\"}},{\"@type\":\"WebPage\",\"@id\":\"https:\/\/www.gaveanews.com\/index.php\/2025\/03\/06\/a-declaracao-do-craque-neto-direcionada-a-breno-bidon-do-corinthians\/\",\"url\":\"https:\/\/www.gaveanews.com\/index.php\/2025\/03\/06\/a-declaracao-do-craque-neto-direcionada-a-breno-bidon-do-corinthians\/\",\"name\":\"A declara\u00e7\u00e3o do Craque Neto direcionada a Breno Bidon, do Corinthians\",\"isPartOf\":{\"@id\":\"https:\/\/www.gaveanews.com\/#website\"},\"primaryImageOfPage\":{\"@id\":\"https:\/\/www.gaveanews.com\/index.php\/2025\/03\/06\/a-declaracao-do-craque-neto-direcionada-a-breno-bidon-do-corinthians\/#primaryimage\"},\"image\":{\"@id\":\"https:\/\/www.gaveanews.com\/index.php\/2025\/03\/06\/a-declaracao-do-craque-neto-direcionada-a-breno-bidon-do-corinthians\/#primaryimage\"},\"thumbnailUrl\":\"https:\/\/www.gaveanews.com\/wp-content\/uploads\/Comentarista-Neto-em-programa-da-Band.webp\",\"datePublished\":\"2025-03-07T01:45:00+00:00\",\"author\":{\"@id\":\"https:\/\/www.gaveanews.com\/#\/schema\/person\/bd08f00534b403119b92741a6d469ef0\"},\"breadcrumb\":{\"@id\":\"https:\/\/www.gaveanews.com\/index.php\/2025\/03\/06\/a-declaracao-do-craque-neto-direcionada-a-breno-bidon-do-corinthians\/#breadcrumb\"},\"inLanguage\":\"pt-BR\",\"potentialAction\":[{\"@type\":\"ReadAction\",\"target\":[\"https:\/\/www.gaveanews.com\/index.php\/2025\/03\/06\/a-declaracao-do-craque-neto-direcionada-a-breno-bidon-do-corinthians\/\"]}]},{\"@type\":\"ImageObject\",\"inLanguage\":\"pt-BR\",\"@id\":\"https:\/\/www.gaveanews.com\/index.php\/2025\/03\/06\/a-declaracao-do-craque-neto-direcionada-a-breno-bidon-do-corinthians\/#primaryimage\",\"url\":\"https:\/\/www.gaveanews.com\/wp-content\/uploads\/Comentarista-Neto-em-programa-da-Band.webp\",\"contentUrl\":\"https:\/\/www.gaveanews.com\/wp-content\/uploads\/Comentarista-Neto-em-programa-da-Band.webp\",\"width\":846,\"height\":476,\"caption\":\"Comentarista Neto em programa da Band (Foto: Reprodu\u00e7\u00e3o\/Band)\"},{\"@type\":\"BreadcrumbList\",\"@id\":\"https:\/\/www.gaveanews.com\/index.php\/2025\/03\/06\/a-declaracao-do-craque-neto-direcionada-a-breno-bidon-do-corinthians\/#breadcrumb\",\"itemListElement\":[{\"@type\":\"ListItem\",\"position\":1,\"name\":\"Home\",\"item\":\"https:\/\/www.gaveanews.com\/\"},{\"@type\":\"ListItem\",\"position\":2,\"name\":\"A declara\u00e7\u00e3o do Craque Neto direcionada a Breno Bidon, do Corinthians\"}]},{\"@type\":\"WebSite\",\"@id\":\"https:\/\/www.gaveanews.com\/#website\",\"url\":\"https:\/\/www.gaveanews.com\/\",\"name\":\"G\u00e1vea News\",\"description\":\"Veja todas as not\u00edcias sobre o Flamengo: Contrata\u00e7\u00f5es, categorias de base, resultados das partidas, tabela de classifica\u00e7\u00e3o, pr\u00f3ximos jogos!\",\"potentialAction\":[{\"@type\":\"SearchAction\",\"target\":{\"@type\":\"EntryPoint\",\"urlTemplate\":\"https:\/\/www.gaveanews.com\/?s={search_term_string}\"},\"query-input\":{\"@type\":\"PropertyValueSpecification\",\"valueRequired\":true,\"valueName\":\"search_term_string\"}}],\"inLanguage\":\"pt-BR\"},{\"@type\":\"Person\",\"@id\":\"https:\/\/www.gaveanews.com\/#\/schema\/person\/bd08f00534b403119b92741a6d469ef0\",\"name\":\"Hudson Pereira\",\"image\":{\"@type\":\"ImageObject\",\"inLanguage\":\"pt-BR\",\"@id\":\"https:\/\/www.gaveanews.com\/#\/schema\/person\/image\/\",\"url\":\"https:\/\/secure.gravatar.com\/avatar\/ecc491b489e454e510efffc9b23c1052ce5fb4f2e05555768ba65819cd55f03e?s=96&d=mm&r=g\",\"contentUrl\":\"https:\/\/secure.gravatar.com\/avatar\/ecc491b489e454e510efffc9b23c1052ce5fb4f2e05555768ba65819cd55f03e?s=96&d=mm&r=g\",\"caption\":\"Hudson Pereira\"}}]}<\/script>\n<!-- \/ Yoast SEO Premium plugin. -->","yoast_head_json":{"title":"A declara\u00e7\u00e3o do Craque Neto direcionada a Breno Bidon, do Corinthians","robots":{"index":"index","follow":"follow","max-snippet":"max-snippet:-1","max-image-preview":"max-image-preview:large","max-video-preview":"max-video-preview:-1"},"canonical":"https:\/\/www.gaveanews.com\/index.php\/2025\/03\/06\/a-declaracao-do-craque-neto-direcionada-a-breno-bidon-do-corinthians\/","og_locale":"pt_BR","og_type":"article","og_title":"A declara\u00e7\u00e3o do Craque Neto direcionada a Breno Bidon, do Corinthians","og_description":"O ex-jogador Craque Neto manifestou sua insatisfa\u00e7\u00e3o em rela\u00e7\u00e3o ao desempenho do time na derrota sofrida contra o Barcelona de Guayaquil. A partida v\u00e1lida pela terceira rodada da fase preliminar da Libertadores terminou com um marcador de 3 a 0, resultado que surpreendeu os torcedores alvinegros. Como consequ\u00eancia, o comentarista aproveitou a ocasi\u00e3o para destacar [&hellip;]","og_url":"https:\/\/www.gaveanews.com\/index.php\/2025\/03\/06\/a-declaracao-do-craque-neto-direcionada-a-breno-bidon-do-corinthians\/","og_site_name":"G\u00e1vea News","article_publisher":"https:\/\/facebook.com\/gaveaNews\/","article_published_time":"2025-03-07T01:45:00+00:00","og_image":[{"width":846,"height":476,"url":"https:\/\/www.gaveanews.com\/wp-content\/uploads\/Comentarista-Neto-em-programa-da-Band.webp","type":"image\/jpeg"}],"author":"Hudson Pereira","twitter_card":"summary_large_image","twitter_misc":{"Escrito por":"Hudson Pereira","Est. tempo de leitura":"4 minutos"},"schema":{"@context":"https:\/\/schema.org","@graph":[{"@type":"NewsArticle","@id":"https:\/\/www.gaveanews.com\/index.php\/2025\/03\/06\/a-declaracao-do-craque-neto-direcionada-a-breno-bidon-do-corinthians\/#article","isPartOf":{"@id":"https:\/\/www.gaveanews.com\/index.php\/2025\/03\/06\/a-declaracao-do-craque-neto-direcionada-a-breno-bidon-do-corinthians\/"},"author":{"name":"Hudson Pereira","@id":"https:\/\/www.gaveanews.com\/#\/schema\/person\/bd08f00534b403119b92741a6d469ef0"},"headline":"A declara\u00e7\u00e3o do Craque Neto direcionada a Breno Bidon, do Corinthians","datePublished":"2025-03-07T01:45:00+00:00","mainEntityOfPage":{"@id":"https:\/\/www.gaveanews.com\/index.php\/2025\/03\/06\/a-declaracao-do-craque-neto-direcionada-a-breno-bidon-do-corinthians\/"},"wordCount":580,"commentCount":0,"image":{"@id":"https:\/\/www.gaveanews.com\/index.php\/2025\/03\/06\/a-declaracao-do-craque-neto-direcionada-a-breno-bidon-do-corinthians\/#primaryimage"},"thumbnailUrl":"https:\/\/www.gaveanews.com\/wp-content\/uploads\/Comentarista-Neto-em-programa-da-Band.webp","articleSection":["Corinthians"],"inLanguage":"pt-BR","potentialAction":[{"@type":"CommentAction","name":"Comment","target":["https:\/\/www.gaveanews.com\/index.php\/2025\/03\/06\/a-declaracao-do-craque-neto-direcionada-a-breno-bidon-do-corinthians\/#respond"]}],"copyrightYear":"2025","copyrightHolder":{"@id":"https:\/\/www.gaveanews.com\/#organization"}},{"@type":"WebPage","@id":"https:\/\/www.gaveanews.com\/index.php\/2025\/03\/06\/a-declaracao-do-craque-neto-direcionada-a-breno-bidon-do-corinthians\/","url":"https:\/\/www.gaveanews.com\/index.php\/2025\/03\/06\/a-declaracao-do-craque-neto-direcionada-a-breno-bidon-do-corinthians\/","name":"A declara\u00e7\u00e3o do Craque Neto direcionada a Breno Bidon, do Corinthians","isPartOf":{"@id":"https:\/\/www.gaveanews.com\/#website"},"primaryImageOfPage":{"@id":"https:\/\/www.gaveanews.com\/index.php\/2025\/03\/06\/a-declaracao-do-craque-neto-direcionada-a-breno-bidon-do-corinthians\/#primaryimage"},"image":{"@id":"https:\/\/www.gaveanews.com\/index.php\/2025\/03\/06\/a-declaracao-do-craque-neto-direcionada-a-breno-bidon-do-corinthians\/#primaryimage"},"thumbnailUrl":"https:\/\/www.gaveanews.com\/wp-content\/uploads\/Comentarista-Neto-em-programa-da-Band.webp","datePublished":"2025-03-07T01:45:00+00:00","author":{"@id":"https:\/\/www.gaveanews.com\/#\/schema\/person\/bd08f00534b403119b92741a6d469ef0"},"breadcrumb":{"@id":"https:\/\/www.gaveanews.com\/index.php\/2025\/03\/06\/a-declaracao-do-craque-neto-direcionada-a-breno-bidon-do-corinthians\/#breadcrumb"},"inLanguage":"pt-BR","potentialAction":[{"@type":"ReadAction","target":["https:\/\/www.gaveanews.com\/index.php\/2025\/03\/06\/a-declaracao-do-craque-neto-direcionada-a-breno-bidon-do-corinthians\/"]}]},{"@type":"ImageObject","inLanguage":"pt-BR","@id":"https:\/\/www.gaveanews.com\/index.php\/2025\/03\/06\/a-declaracao-do-craque-neto-direcionada-a-breno-bidon-do-corinthians\/#primaryimage","url":"https:\/\/www.gaveanews.com\/wp-content\/uploads\/Comentarista-Neto-em-programa-da-Band.webp","contentUrl":"https:\/\/www.gaveanews.com\/wp-content\/uploads\/Comentarista-Neto-em-programa-da-Band.webp","width":846,"height":476,"caption":"Comentarista Neto em programa da Band (Foto: Reprodu\u00e7\u00e3o\/Band)"},{"@type":"BreadcrumbList","@id":"https:\/\/www.gaveanews.com\/index.php\/2025\/03\/06\/a-declaracao-do-craque-neto-direcionada-a-breno-bidon-do-corinthians\/#breadcrumb","itemListElement":[{"@type":"ListItem","position":1,"name":"Home","item":"https:\/\/www.gaveanews.com\/"},{"@type":"ListItem","position":2,"name":"A declara\u00e7\u00e3o do Craque Neto direcionada a Breno Bidon, do Corinthians"}]},{"@type":"WebSite","@id":"https:\/\/www.gaveanews.com\/#website","url":"https:\/\/www.gaveanews.com\/","name":"G\u00e1vea News","description":"Veja todas as not\u00edcias sobre o Flamengo: Contrata\u00e7\u00f5es, categorias de base, resultados das partidas, tabela de classifica\u00e7\u00e3o, pr\u00f3ximos jogos!","potentialAction":[{"@type":"SearchAction","target":{"@type":"EntryPoint","urlTemplate":"https:\/\/www.gaveanews.com\/?s={search_term_string}"},"query-input":{"@type":"PropertyValueSpecification","valueRequired":true,"valueName":"search_term_string"}}],"inLanguage":"pt-BR"},{"@type":"Person","@id":"https:\/\/www.gaveanews.com\/#\/schema\/person\/bd08f00534b403119b92741a6d469ef0","name":"Hudson Pereira","image":{"@type":"ImageObject","inLanguage":"pt-BR","@id":"https:\/\/www.gaveanews.com\/#\/schema\/person\/image\/","url":"https:\/\/secure.gravatar.com\/avatar\/ecc491b489e454e510efffc9b23c1052ce5fb4f2e05555768ba65819cd55f03e?s=96&d=mm&r=g","contentUrl":"https:\/\/secure.gravatar.com\/avatar\/ecc491b489e454e510efffc9b23c1052ce5fb4f2e05555768ba65819cd55f03e?s=96&d=mm&r=g","caption":"Hudson Pereira"}}]}},"_links":{"self":[{"href":"https:\/\/www.gaveanews.com\/index.php\/wp-json\/wp\/v2\/posts\/236883","targetHints":{"allow":["GET"]}}],"collection":[{"href":"https:\/\/www.gaveanews.com\/index.php\/wp-json\/wp\/v2\/posts"}],"about":[{"href":"https:\/\/www.gaveanews.com\/index.php\/wp-json\/wp\/v2\/types\/post"}],"author":[{"embeddable":true,"href":"https:\/\/www.gaveanews.com\/index.php\/wp-json\/wp\/v2\/users\/28"}],"replies":[{"embeddable":true,"href":"https:\/\/www.gaveanews.com\/index.php\/wp-json\/wp\/v2\/comments?post=236883"}],"version-history":[{"count":2,"href":"https:\/\/www.gaveanews.com\/index.php\/wp-json\/wp\/v2\/posts\/236883\/revisions"}],"predecessor-version":[{"id":236890,"href":"https:\/\/www.gaveanews.com\/index.php\/wp-json\/wp\/v2\/posts\/236883\/revisions\/236890"}],"wp:featuredmedia":[{"embeddable":true,"href":"https:\/\/www.gaveanews.com\/index.php\/wp-json\/wp\/v2\/media\/71983"}],"wp:attachment":[{"href":"https:\/\/www.gaveanews.com\/index.php\/wp-json\/wp\/v2\/media?parent=236883"}],"wp:term":[{"taxonomy":"category","embeddable":true,"href":"https:\/\/www.gaveanews.com\/index.php\/wp-json\/wp\/v2\/categories?post=236883"},{"taxonomy":"post_tag","embeddable":true,"href":"https:\/\/www.gaveanews.com\/index.php\/wp-json\/wp\/v2\/tags?post=236883"}],"curies":[{"name":"wp","href":"https:\/\/api.w.org\/{rel}","templated":true}]}}