{"id":236888,"date":"2025-03-06T22:50:00","date_gmt":"2025-03-07T01:50:00","guid":{"rendered":"https:\/\/www.gaveanews.com\/?p=236888"},"modified":"2025-03-06T20:30:20","modified_gmt":"2025-03-06T23:30:20","slug":"jornal-espanhol-coloca-raphinha-como-um-dos-candidatos-para-o-premio-da-bola-de-ouro","status":"publish","type":"post","link":"https:\/\/www.gaveanews.com\/index.php\/2025\/03\/06\/jornal-espanhol-coloca-raphinha-como-um-dos-candidatos-para-o-premio-da-bola-de-ouro\/","title":{"rendered":"Jornal espanhol coloca Raphinha como um dos candidatos para o pr\u00eamio da Bola de Ouro"},"content":{"rendered":"\n<h2 class=\"wp-block-heading\" id=\"h-seus-numeros-o-colocam-como-um-firme-candidato\">&#8220;Seus n\u00fameros o colocam como um firme candidato&#8221;<\/h2>\n\n\n\n<p>Na \u00faltima quarta-feira (5), o Barcelona enfrentou o Benfica, no Est\u00e1dio da Luz, em Portugal, e venceu pelo placar de 1 a 0, com gol de Raphinha. Com o triunfo, o time catal\u00e3o pode empatar em casa no jogo de volta, que avan\u00e7a para as quartas de final da Liga dos Campe\u00f5es.<\/p>\n\n\n\n<p>Ap\u00f3s mais um gol e mais uma bela atua\u00e7\u00e3o na temporada, o jornal espanhol &#8220;As&#8221; colocou Raphinha como um dos candidatos para o pr\u00eamio da Bola de Ouro. <\/p>\n\n\n\n<p>&#8220;Em outra partida grande, o brasileiro voltou a crescer. Talvez n\u00e3o surpreenda mais, mas seus n\u00fameros nesta temporada o colocam como um firme candidato a chegar entre os finalistas da pr\u00f3xima Bola de Ouro se o Barcelona \u00e9 capaz de traduzir suas grandes atua\u00e7\u00f5es em t\u00edtulos&#8221;, escreveu o jornal.<\/p>\n\n\n\n<p>At\u00e9 aqui nesta temporada, o atacante brasileiro soma 25 gols e 18 assist\u00eancias. Apenas na Champions League, Raphinha marcou nove gols e deu quatro assist\u00eancias, sendo o vice-artilheiro da competi\u00e7\u00e3o e tendo marcado um hat-trick contra o Bayern de Munique. <\/p>\n\n\n\n<p>Na Catalunha, a imprensa tamb\u00e9m destacou a performance de Raphinha. Segundo o &#8220;Sport&#8221;, o brasileiro \u00e9 o melhor atacante da atual edi\u00e7\u00e3o da Champions, uma opini\u00e3o respaldada tamb\u00e9m pelos n\u00fameros do jogador.<\/p>\n\n\n\n<p>&#8220;Raphinha est\u00e1 demonstrado com Hansi Flick que sua contrata\u00e7\u00e3o foi um acerto. Sua explos\u00e3o chegou em sua terceira temporada. Marcou 25 gols em 40 jogos oficiais, uma cifra desorbitada ao se tratar de um jogador de lado de campo&#8221;, escreveu o &#8220;Sport&#8221;.<\/p>\n\n\n\n<p>Raphinha foi revelado pelo Ava\u00ed, mas n\u00e3o chegou a estrear na equipe principal. Sua primeira partida como um jogador profissional foi no Vit\u00f3ria de Guimar\u00e3es, de Portugal. No pa\u00eds, o atacante ainda passou por Sporting, antes de jogar no Rennes, da Fran\u00e7a e no Leeds United, da Inglaterra. <\/p>\n\n\n\n<p>Em julho de 2022, o Barcelona acertou a chegada de Raphinha por cerca de 58 milh\u00f5es de euros. No total, o camisa 11 soma 45 gols e 43 assist\u00eancias em 127 partidas. O v\u00ednculo de Raphinha com o Bar\u00e7a vai at\u00e9 junho de 2027. <\/p>\n","protected":false},"excerpt":{"rendered":"<p>&#8220;Seus n\u00fameros o colocam como um firme candidato&#8221; Na \u00faltima quarta-feira (5), o Barcelona enfrentou o Benfica, no Est\u00e1dio da Luz, em Portugal, e venceu pelo placar de 1 a 0, com gol de Raphinha. Com o triunfo, o time catal\u00e3o pode empatar em casa no jogo de volta, que avan\u00e7a para as quartas de [&hellip;]<\/p>\n","protected":false},"author":21,"featured_media":172534,"comment_status":"open","ping_status":"closed","sticky":false,"template":"","format":"standard","meta":{"footnotes":""},"categories":[87],"tags":[],"class_list":["post-236888","post","type-post","status-publish","format-standard","has-post-thumbnail","hentry","category-barcelona"],"yoast_head":"<!-- This site is optimized with the Yoast SEO Premium plugin v24.2 (Yoast SEO v26.9) - https:\/\/yoast.com\/product\/yoast-seo-premium-wordpress\/ -->\n<title>Jornal espanhol coloca Raphinha como um dos candidatos para o pr\u00eamio da Bola de Ouro<\/title>\n<meta name=\"robots\" content=\"index, follow, max-snippet:-1, max-image-preview:large, max-video-preview:-1\" \/>\n<link rel=\"canonical\" href=\"https:\/\/www.gaveanews.com\/index.php\/2025\/03\/06\/jornal-espanhol-coloca-raphinha-como-um-dos-candidatos-para-o-premio-da-bola-de-ouro\/\" \/>\n<meta property=\"og:locale\" content=\"pt_BR\" \/>\n<meta property=\"og:type\" content=\"article\" \/>\n<meta property=\"og:title\" content=\"Jornal espanhol coloca Raphinha como um dos candidatos para o pr\u00eamio da Bola de Ouro\" \/>\n<meta property=\"og:description\" content=\"&#8220;Seus n\u00fameros o colocam como um firme candidato&#8221; Na \u00faltima quarta-feira (5), o Barcelona enfrentou o Benfica, no Est\u00e1dio da Luz, em Portugal, e venceu pelo placar de 1 a 0, com gol de Raphinha. Com o triunfo, o time catal\u00e3o pode empatar em casa no jogo de volta, que avan\u00e7a para as quartas de [&hellip;]\" \/>\n<meta property=\"og:url\" content=\"https:\/\/www.gaveanews.com\/index.php\/2025\/03\/06\/jornal-espanhol-coloca-raphinha-como-um-dos-candidatos-para-o-premio-da-bola-de-ouro\/\" \/>\n<meta property=\"og:site_name\" content=\"G\u00e1vea News\" \/>\n<meta property=\"article:publisher\" content=\"https:\/\/facebook.com\/gaveaNews\/\" \/>\n<meta property=\"article:published_time\" content=\"2025-03-07T01:50:00+00:00\" \/>\n<meta property=\"og:image\" content=\"https:\/\/www.gaveanews.com\/wp-content\/uploads\/Raphinha-em-acao-pelo-Barcelona.webp\" \/>\n\t<meta property=\"og:image:width\" content=\"1440\" \/>\n\t<meta property=\"og:image:height\" content=\"1799\" \/>\n\t<meta property=\"og:image:type\" content=\"image\/jpeg\" \/>\n<meta name=\"author\" content=\"Andr\u00e9 Serra\" \/>\n<meta name=\"twitter:card\" content=\"summary_large_image\" \/>\n<meta name=\"twitter:label1\" content=\"Escrito por\" \/>\n\t<meta name=\"twitter:data1\" content=\"Andr\u00e9 Serra\" \/>\n\t<meta name=\"twitter:label2\" content=\"Est. tempo de leitura\" \/>\n\t<meta name=\"twitter:data2\" content=\"3 minutos\" \/>\n<script type=\"application\/ld+json\" class=\"yoast-schema-graph\">{\"@context\":\"https:\/\/schema.org\",\"@graph\":[{\"@type\":\"NewsArticle\",\"@id\":\"https:\/\/www.gaveanews.com\/index.php\/2025\/03\/06\/jornal-espanhol-coloca-raphinha-como-um-dos-candidatos-para-o-premio-da-bola-de-ouro\/#article\",\"isPartOf\":{\"@id\":\"https:\/\/www.gaveanews.com\/index.php\/2025\/03\/06\/jornal-espanhol-coloca-raphinha-como-um-dos-candidatos-para-o-premio-da-bola-de-ouro\/\"},\"author\":{\"name\":\"Andr\u00e9 Serra\",\"@id\":\"https:\/\/www.gaveanews.com\/#\/schema\/person\/0277a79a1289c451c281ec0411d84f0c\"},\"headline\":\"Jornal espanhol coloca Raphinha como um dos candidatos para o pr\u00eamio da Bola de Ouro\",\"datePublished\":\"2025-03-07T01:50:00+00:00\",\"mainEntityOfPage\":{\"@id\":\"https:\/\/www.gaveanews.com\/index.php\/2025\/03\/06\/jornal-espanhol-coloca-raphinha-como-um-dos-candidatos-para-o-premio-da-bola-de-ouro\/\"},\"wordCount\":375,\"commentCount\":0,\"image\":{\"@id\":\"https:\/\/www.gaveanews.com\/index.php\/2025\/03\/06\/jornal-espanhol-coloca-raphinha-como-um-dos-candidatos-para-o-premio-da-bola-de-ouro\/#primaryimage\"},\"thumbnailUrl\":\"https:\/\/www.gaveanews.com\/wp-content\/uploads\/Raphinha-em-acao-pelo-Barcelona.webp\",\"articleSection\":[\"Barcelona\"],\"inLanguage\":\"pt-BR\",\"potentialAction\":[{\"@type\":\"CommentAction\",\"name\":\"Comment\",\"target\":[\"https:\/\/www.gaveanews.com\/index.php\/2025\/03\/06\/jornal-espanhol-coloca-raphinha-como-um-dos-candidatos-para-o-premio-da-bola-de-ouro\/#respond\"]}],\"copyrightYear\":\"2025\",\"copyrightHolder\":{\"@id\":\"https:\/\/www.gaveanews.com\/#organization\"}},{\"@type\":\"WebPage\",\"@id\":\"https:\/\/www.gaveanews.com\/index.php\/2025\/03\/06\/jornal-espanhol-coloca-raphinha-como-um-dos-candidatos-para-o-premio-da-bola-de-ouro\/\",\"url\":\"https:\/\/www.gaveanews.com\/index.php\/2025\/03\/06\/jornal-espanhol-coloca-raphinha-como-um-dos-candidatos-para-o-premio-da-bola-de-ouro\/\",\"name\":\"Jornal espanhol coloca Raphinha como um dos candidatos para o pr\u00eamio da Bola de Ouro\",\"isPartOf\":{\"@id\":\"https:\/\/www.gaveanews.com\/#website\"},\"primaryImageOfPage\":{\"@id\":\"https:\/\/www.gaveanews.com\/index.php\/2025\/03\/06\/jornal-espanhol-coloca-raphinha-como-um-dos-candidatos-para-o-premio-da-bola-de-ouro\/#primaryimage\"},\"image\":{\"@id\":\"https:\/\/www.gaveanews.com\/index.php\/2025\/03\/06\/jornal-espanhol-coloca-raphinha-como-um-dos-candidatos-para-o-premio-da-bola-de-ouro\/#primaryimage\"},\"thumbnailUrl\":\"https:\/\/www.gaveanews.com\/wp-content\/uploads\/Raphinha-em-acao-pelo-Barcelona.webp\",\"datePublished\":\"2025-03-07T01:50:00+00:00\",\"author\":{\"@id\":\"https:\/\/www.gaveanews.com\/#\/schema\/person\/0277a79a1289c451c281ec0411d84f0c\"},\"breadcrumb\":{\"@id\":\"https:\/\/www.gaveanews.com\/index.php\/2025\/03\/06\/jornal-espanhol-coloca-raphinha-como-um-dos-candidatos-para-o-premio-da-bola-de-ouro\/#breadcrumb\"},\"inLanguage\":\"pt-BR\",\"potentialAction\":[{\"@type\":\"ReadAction\",\"target\":[\"https:\/\/www.gaveanews.com\/index.php\/2025\/03\/06\/jornal-espanhol-coloca-raphinha-como-um-dos-candidatos-para-o-premio-da-bola-de-ouro\/\"]}]},{\"@type\":\"ImageObject\",\"inLanguage\":\"pt-BR\",\"@id\":\"https:\/\/www.gaveanews.com\/index.php\/2025\/03\/06\/jornal-espanhol-coloca-raphinha-como-um-dos-candidatos-para-o-premio-da-bola-de-ouro\/#primaryimage\",\"url\":\"https:\/\/www.gaveanews.com\/wp-content\/uploads\/Raphinha-em-acao-pelo-Barcelona.webp\",\"contentUrl\":\"https:\/\/www.gaveanews.com\/wp-content\/uploads\/Raphinha-em-acao-pelo-Barcelona.webp\",\"width\":1440,\"height\":1799,\"caption\":\"Raphinha em a\u00e7\u00e3o pelo Barcelona (Foto: Reprodu\u00e7\u00e3o\/Barcelona)\"},{\"@type\":\"BreadcrumbList\",\"@id\":\"https:\/\/www.gaveanews.com\/index.php\/2025\/03\/06\/jornal-espanhol-coloca-raphinha-como-um-dos-candidatos-para-o-premio-da-bola-de-ouro\/#breadcrumb\",\"itemListElement\":[{\"@type\":\"ListItem\",\"position\":1,\"name\":\"Home\",\"item\":\"https:\/\/www.gaveanews.com\/\"},{\"@type\":\"ListItem\",\"position\":2,\"name\":\"Jornal espanhol coloca Raphinha como um dos candidatos para o pr\u00eamio da Bola de Ouro\"}]},{\"@type\":\"WebSite\",\"@id\":\"https:\/\/www.gaveanews.com\/#website\",\"url\":\"https:\/\/www.gaveanews.com\/\",\"name\":\"G\u00e1vea News\",\"description\":\"Veja todas as not\u00edcias sobre o Flamengo: Contrata\u00e7\u00f5es, categorias de base, resultados das partidas, tabela de classifica\u00e7\u00e3o, pr\u00f3ximos jogos!\",\"potentialAction\":[{\"@type\":\"SearchAction\",\"target\":{\"@type\":\"EntryPoint\",\"urlTemplate\":\"https:\/\/www.gaveanews.com\/?s={search_term_string}\"},\"query-input\":{\"@type\":\"PropertyValueSpecification\",\"valueRequired\":true,\"valueName\":\"search_term_string\"}}],\"inLanguage\":\"pt-BR\"},{\"@type\":\"Person\",\"@id\":\"https:\/\/www.gaveanews.com\/#\/schema\/person\/0277a79a1289c451c281ec0411d84f0c\",\"name\":\"Andr\u00e9 Serra\",\"image\":{\"@type\":\"ImageObject\",\"inLanguage\":\"pt-BR\",\"@id\":\"https:\/\/www.gaveanews.com\/#\/schema\/person\/image\/\",\"url\":\"https:\/\/secure.gravatar.com\/avatar\/d7231369fe48db93292b3e88eb2162dbd9a34a47a8437d9ef3bcaca2a86a83d7?s=96&d=mm&r=g\",\"contentUrl\":\"https:\/\/secure.gravatar.com\/avatar\/d7231369fe48db93292b3e88eb2162dbd9a34a47a8437d9ef3bcaca2a86a83d7?s=96&d=mm&r=g\",\"caption\":\"Andr\u00e9 Serra\"}}]}<\/script>\n<!-- \/ Yoast SEO Premium plugin. -->","yoast_head_json":{"title":"Jornal espanhol coloca Raphinha como um dos candidatos para o pr\u00eamio da Bola de Ouro","robots":{"index":"index","follow":"follow","max-snippet":"max-snippet:-1","max-image-preview":"max-image-preview:large","max-video-preview":"max-video-preview:-1"},"canonical":"https:\/\/www.gaveanews.com\/index.php\/2025\/03\/06\/jornal-espanhol-coloca-raphinha-como-um-dos-candidatos-para-o-premio-da-bola-de-ouro\/","og_locale":"pt_BR","og_type":"article","og_title":"Jornal espanhol coloca Raphinha como um dos candidatos para o pr\u00eamio da Bola de Ouro","og_description":"&#8220;Seus n\u00fameros o colocam como um firme candidato&#8221; Na \u00faltima quarta-feira (5), o Barcelona enfrentou o Benfica, no Est\u00e1dio da Luz, em Portugal, e venceu pelo placar de 1 a 0, com gol de Raphinha. Com o triunfo, o time catal\u00e3o pode empatar em casa no jogo de volta, que avan\u00e7a para as quartas de [&hellip;]","og_url":"https:\/\/www.gaveanews.com\/index.php\/2025\/03\/06\/jornal-espanhol-coloca-raphinha-como-um-dos-candidatos-para-o-premio-da-bola-de-ouro\/","og_site_name":"G\u00e1vea News","article_publisher":"https:\/\/facebook.com\/gaveaNews\/","article_published_time":"2025-03-07T01:50:00+00:00","og_image":[{"width":1440,"height":1799,"url":"https:\/\/www.gaveanews.com\/wp-content\/uploads\/Raphinha-em-acao-pelo-Barcelona.webp","type":"image\/jpeg"}],"author":"Andr\u00e9 Serra","twitter_card":"summary_large_image","twitter_misc":{"Escrito por":"Andr\u00e9 Serra","Est. tempo de leitura":"3 minutos"},"schema":{"@context":"https:\/\/schema.org","@graph":[{"@type":"NewsArticle","@id":"https:\/\/www.gaveanews.com\/index.php\/2025\/03\/06\/jornal-espanhol-coloca-raphinha-como-um-dos-candidatos-para-o-premio-da-bola-de-ouro\/#article","isPartOf":{"@id":"https:\/\/www.gaveanews.com\/index.php\/2025\/03\/06\/jornal-espanhol-coloca-raphinha-como-um-dos-candidatos-para-o-premio-da-bola-de-ouro\/"},"author":{"name":"Andr\u00e9 Serra","@id":"https:\/\/www.gaveanews.com\/#\/schema\/person\/0277a79a1289c451c281ec0411d84f0c"},"headline":"Jornal espanhol coloca Raphinha como um dos candidatos para o pr\u00eamio da Bola de Ouro","datePublished":"2025-03-07T01:50:00+00:00","mainEntityOfPage":{"@id":"https:\/\/www.gaveanews.com\/index.php\/2025\/03\/06\/jornal-espanhol-coloca-raphinha-como-um-dos-candidatos-para-o-premio-da-bola-de-ouro\/"},"wordCount":375,"commentCount":0,"image":{"@id":"https:\/\/www.gaveanews.com\/index.php\/2025\/03\/06\/jornal-espanhol-coloca-raphinha-como-um-dos-candidatos-para-o-premio-da-bola-de-ouro\/#primaryimage"},"thumbnailUrl":"https:\/\/www.gaveanews.com\/wp-content\/uploads\/Raphinha-em-acao-pelo-Barcelona.webp","articleSection":["Barcelona"],"inLanguage":"pt-BR","potentialAction":[{"@type":"CommentAction","name":"Comment","target":["https:\/\/www.gaveanews.com\/index.php\/2025\/03\/06\/jornal-espanhol-coloca-raphinha-como-um-dos-candidatos-para-o-premio-da-bola-de-ouro\/#respond"]}],"copyrightYear":"2025","copyrightHolder":{"@id":"https:\/\/www.gaveanews.com\/#organization"}},{"@type":"WebPage","@id":"https:\/\/www.gaveanews.com\/index.php\/2025\/03\/06\/jornal-espanhol-coloca-raphinha-como-um-dos-candidatos-para-o-premio-da-bola-de-ouro\/","url":"https:\/\/www.gaveanews.com\/index.php\/2025\/03\/06\/jornal-espanhol-coloca-raphinha-como-um-dos-candidatos-para-o-premio-da-bola-de-ouro\/","name":"Jornal espanhol coloca Raphinha como um dos candidatos para o pr\u00eamio da Bola de Ouro","isPartOf":{"@id":"https:\/\/www.gaveanews.com\/#website"},"primaryImageOfPage":{"@id":"https:\/\/www.gaveanews.com\/index.php\/2025\/03\/06\/jornal-espanhol-coloca-raphinha-como-um-dos-candidatos-para-o-premio-da-bola-de-ouro\/#primaryimage"},"image":{"@id":"https:\/\/www.gaveanews.com\/index.php\/2025\/03\/06\/jornal-espanhol-coloca-raphinha-como-um-dos-candidatos-para-o-premio-da-bola-de-ouro\/#primaryimage"},"thumbnailUrl":"https:\/\/www.gaveanews.com\/wp-content\/uploads\/Raphinha-em-acao-pelo-Barcelona.webp","datePublished":"2025-03-07T01:50:00+00:00","author":{"@id":"https:\/\/www.gaveanews.com\/#\/schema\/person\/0277a79a1289c451c281ec0411d84f0c"},"breadcrumb":{"@id":"https:\/\/www.gaveanews.com\/index.php\/2025\/03\/06\/jornal-espanhol-coloca-raphinha-como-um-dos-candidatos-para-o-premio-da-bola-de-ouro\/#breadcrumb"},"inLanguage":"pt-BR","potentialAction":[{"@type":"ReadAction","target":["https:\/\/www.gaveanews.com\/index.php\/2025\/03\/06\/jornal-espanhol-coloca-raphinha-como-um-dos-candidatos-para-o-premio-da-bola-de-ouro\/"]}]},{"@type":"ImageObject","inLanguage":"pt-BR","@id":"https:\/\/www.gaveanews.com\/index.php\/2025\/03\/06\/jornal-espanhol-coloca-raphinha-como-um-dos-candidatos-para-o-premio-da-bola-de-ouro\/#primaryimage","url":"https:\/\/www.gaveanews.com\/wp-content\/uploads\/Raphinha-em-acao-pelo-Barcelona.webp","contentUrl":"https:\/\/www.gaveanews.com\/wp-content\/uploads\/Raphinha-em-acao-pelo-Barcelona.webp","width":1440,"height":1799,"caption":"Raphinha em a\u00e7\u00e3o pelo Barcelona (Foto: Reprodu\u00e7\u00e3o\/Barcelona)"},{"@type":"BreadcrumbList","@id":"https:\/\/www.gaveanews.com\/index.php\/2025\/03\/06\/jornal-espanhol-coloca-raphinha-como-um-dos-candidatos-para-o-premio-da-bola-de-ouro\/#breadcrumb","itemListElement":[{"@type":"ListItem","position":1,"name":"Home","item":"https:\/\/www.gaveanews.com\/"},{"@type":"ListItem","position":2,"name":"Jornal espanhol coloca Raphinha como um dos candidatos para o pr\u00eamio da Bola de Ouro"}]},{"@type":"WebSite","@id":"https:\/\/www.gaveanews.com\/#website","url":"https:\/\/www.gaveanews.com\/","name":"G\u00e1vea News","description":"Veja todas as not\u00edcias sobre o Flamengo: Contrata\u00e7\u00f5es, categorias de base, resultados das partidas, tabela de classifica\u00e7\u00e3o, pr\u00f3ximos jogos!","potentialAction":[{"@type":"SearchAction","target":{"@type":"EntryPoint","urlTemplate":"https:\/\/www.gaveanews.com\/?s={search_term_string}"},"query-input":{"@type":"PropertyValueSpecification","valueRequired":true,"valueName":"search_term_string"}}],"inLanguage":"pt-BR"},{"@type":"Person","@id":"https:\/\/www.gaveanews.com\/#\/schema\/person\/0277a79a1289c451c281ec0411d84f0c","name":"Andr\u00e9 Serra","image":{"@type":"ImageObject","inLanguage":"pt-BR","@id":"https:\/\/www.gaveanews.com\/#\/schema\/person\/image\/","url":"https:\/\/secure.gravatar.com\/avatar\/d7231369fe48db93292b3e88eb2162dbd9a34a47a8437d9ef3bcaca2a86a83d7?s=96&d=mm&r=g","contentUrl":"https:\/\/secure.gravatar.com\/avatar\/d7231369fe48db93292b3e88eb2162dbd9a34a47a8437d9ef3bcaca2a86a83d7?s=96&d=mm&r=g","caption":"Andr\u00e9 Serra"}}]}},"_links":{"self":[{"href":"https:\/\/www.gaveanews.com\/index.php\/wp-json\/wp\/v2\/posts\/236888","targetHints":{"allow":["GET"]}}],"collection":[{"href":"https:\/\/www.gaveanews.com\/index.php\/wp-json\/wp\/v2\/posts"}],"about":[{"href":"https:\/\/www.gaveanews.com\/index.php\/wp-json\/wp\/v2\/types\/post"}],"author":[{"embeddable":true,"href":"https:\/\/www.gaveanews.com\/index.php\/wp-json\/wp\/v2\/users\/21"}],"replies":[{"embeddable":true,"href":"https:\/\/www.gaveanews.com\/index.php\/wp-json\/wp\/v2\/comments?post=236888"}],"version-history":[{"count":1,"href":"https:\/\/www.gaveanews.com\/index.php\/wp-json\/wp\/v2\/posts\/236888\/revisions"}],"predecessor-version":[{"id":236891,"href":"https:\/\/www.gaveanews.com\/index.php\/wp-json\/wp\/v2\/posts\/236888\/revisions\/236891"}],"wp:featuredmedia":[{"embeddable":true,"href":"https:\/\/www.gaveanews.com\/index.php\/wp-json\/wp\/v2\/media\/172534"}],"wp:attachment":[{"href":"https:\/\/www.gaveanews.com\/index.php\/wp-json\/wp\/v2\/media?parent=236888"}],"wp:term":[{"taxonomy":"category","embeddable":true,"href":"https:\/\/www.gaveanews.com\/index.php\/wp-json\/wp\/v2\/categories?post=236888"},{"taxonomy":"post_tag","embeddable":true,"href":"https:\/\/www.gaveanews.com\/index.php\/wp-json\/wp\/v2\/tags?post=236888"}],"curies":[{"name":"wp","href":"https:\/\/api.w.org\/{rel}","templated":true}]}}