{"id":236904,"date":"2025-03-06T23:15:00","date_gmt":"2025-03-07T02:15:00","guid":{"rendered":"https:\/\/www.gaveanews.com\/?p=236904"},"modified":"2025-03-06T20:30:47","modified_gmt":"2025-03-06T23:30:47","slug":"agora-veja-foto-da-nova-camisa-do-cruzeiro","status":"publish","type":"post","link":"https:\/\/www.gaveanews.com\/index.php\/2025\/03\/06\/agora-veja-foto-da-nova-camisa-do-cruzeiro\/","title":{"rendered":"Agora: veja foto da nova camisa do Cruzeiro"},"content":{"rendered":"\n<p>Uma nova imagem da camisa do Cruzeiro vazou nas redes sociais, antecipando detalhes do uniforme que ser\u00e1 oficialmente lan\u00e7ado nesta sexta-feira (07 de mar\u00e7o). A pe\u00e7a estar\u00e1 dispon\u00edvel para compra nas lojas oficiais do clube pelo valor de R$ 399. A revela\u00e7\u00e3o n\u00e3o planejada gerou grande repercuss\u00e3o entre os torcedores, que j\u00e1 discutem as mudan\u00e7as implementadas no design.<\/p>\n\n\n\n<p>O novo uniforme apresenta um visual reformulado, trazendo mangas brancas e tr\u00eas listras nos ombros em diferentes tons de azul, marca registrada da fornecedora de material esportivo Adidas. Al\u00e9m disso, pequenos grafismos em formato de estrelas foram incorporados, refor\u00e7ando a identidade do clube e homenageando sua hist\u00f3ria. A novidade mais marcante, contudo, \u00e9 o retorno do escudo fechado, que substitui as estrelas soltas que vinham sendo usadas nas \u00faltimas temporadas.<\/p>\n\n\n\n<blockquote class=\"twitter-tweet\"><p lang=\"pt\" dir=\"ltr\">\ud83d\udcf8 Detalhes da nova camisa do Cruzeiro para 2025.<br><br>O que achou? Comente. <a href=\"https:\/\/t.co\/dci8Kes9T1\">pic.twitter.com\/dci8Kes9T1<\/a><\/p>&mdash; Conex\u00e3o Cruzeiro (@conexaocec) <a href=\"https:\/\/twitter.com\/conexaocec\/status\/1897668150184853655?ref_src=twsrc%5Etfw\">March 6, 2025<\/a><\/blockquote> <script async src=\"https:\/\/platform.twitter.com\/widgets.js\" charset=\"utf-8\"><\/script>\n\n\n\n<p>A estreia oficial do novo uniforme ocorrer\u00e1 com a equipe feminina do Cruzeiro, que enfrentar\u00e1 o Bahia neste s\u00e1bado (08 de mar\u00e7o), \u00e0s 19h (hor\u00e1rio de Bras\u00edlia), pela Supercopa Feminina. A escolha da data tem um significado especial, j\u00e1 que coincide com o Dia Internacional da Mulher, o que fortalece ainda mais a visibilidade do futebol feminino e a representatividade das jogadoras em campo.<\/p>\n\n\n\n<p>Outro ponto de destaque na campanha de lan\u00e7amento \u00e9 a participa\u00e7\u00e3o do atacante Gabigol, principal refor\u00e7o da temporada. O jogador aparece como um dos modelos na divulga\u00e7\u00e3o oficial do uniforme, aumentando a expectativa da torcida para ver a pe\u00e7a em a\u00e7\u00e3o nos gramados. Sua presen\u00e7a nas pe\u00e7as promocionais refor\u00e7a a import\u00e2ncia da camisa dentro do planejamento do clube para 2025.<\/p>\n\n\n\n<p>Inicialmente, o Cruzeiro planejava estrear a nova camisa durante o Campeonato Mineiro, mas quest\u00f5es log\u00edsticas com a fornecedora de material esportivo adiaram esse plano. Agora, a expectativa \u00e9 que o uniforme seja utilizado pela equipe masculina na primeira rodada do Campeonato Brasileiro, prevista para o fim de mar\u00e7o. Caso contr\u00e1rio, os amistosos preparat\u00f3rios para a Copa do Brasil podem marcar a primeira apari\u00e7\u00e3o da pe\u00e7a com o time principal.<\/p>\n\n\n\n<p>O vazamento da imagem gerou um grande engajamento entre os torcedores, que se mostraram ansiosos para adquirir a nova camisa e v\u00ea-la em campo. A reformula\u00e7\u00e3o do uniforme refor\u00e7a a tradi\u00e7\u00e3o do Cruzeiro e marca uma nova fase do clube, buscando uma identidade visual que resgate s\u00edmbolos hist\u00f3ricos e ao mesmo tempo traga elementos modernos ao design.<\/p>\n","protected":false},"excerpt":{"rendered":"<p>Uma nova imagem da camisa do Cruzeiro vazou nas redes sociais, antecipando detalhes do uniforme que ser\u00e1 oficialmente lan\u00e7ado nesta sexta-feira (07 de mar\u00e7o). A pe\u00e7a estar\u00e1 dispon\u00edvel para compra nas lojas oficiais do clube pelo valor de R$ 399. A revela\u00e7\u00e3o n\u00e3o planejada gerou grande repercuss\u00e3o entre os torcedores, que j\u00e1 discutem as mudan\u00e7as [&hellip;]<\/p>\n","protected":false},"author":18,"featured_media":175601,"comment_status":"open","ping_status":"closed","sticky":false,"template":"","format":"standard","meta":{"footnotes":""},"categories":[143],"tags":[],"class_list":["post-236904","post","type-post","status-publish","format-standard","has-post-thumbnail","hentry","category-cruzeiro"],"yoast_head":"<!-- This site is optimized with the Yoast SEO Premium plugin v24.2 (Yoast SEO v26.9) - https:\/\/yoast.com\/product\/yoast-seo-premium-wordpress\/ -->\n<title>Agora: veja foto da nova camisa do Cruzeiro<\/title>\n<meta name=\"robots\" content=\"index, follow, max-snippet:-1, max-image-preview:large, max-video-preview:-1\" \/>\n<link rel=\"canonical\" href=\"https:\/\/www.gaveanews.com\/index.php\/2025\/03\/06\/agora-veja-foto-da-nova-camisa-do-cruzeiro\/\" \/>\n<meta property=\"og:locale\" content=\"pt_BR\" \/>\n<meta property=\"og:type\" content=\"article\" \/>\n<meta property=\"og:title\" content=\"Agora: veja foto da nova camisa do Cruzeiro\" \/>\n<meta property=\"og:description\" content=\"Uma nova imagem da camisa do Cruzeiro vazou nas redes sociais, antecipando detalhes do uniforme que ser\u00e1 oficialmente lan\u00e7ado nesta sexta-feira (07 de mar\u00e7o). A pe\u00e7a estar\u00e1 dispon\u00edvel para compra nas lojas oficiais do clube pelo valor de R$ 399. A revela\u00e7\u00e3o n\u00e3o planejada gerou grande repercuss\u00e3o entre os torcedores, que j\u00e1 discutem as mudan\u00e7as [&hellip;]\" \/>\n<meta property=\"og:url\" content=\"https:\/\/www.gaveanews.com\/index.php\/2025\/03\/06\/agora-veja-foto-da-nova-camisa-do-cruzeiro\/\" \/>\n<meta property=\"og:site_name\" content=\"G\u00e1vea News\" \/>\n<meta property=\"article:publisher\" content=\"https:\/\/facebook.com\/gaveaNews\/\" \/>\n<meta property=\"article:published_time\" content=\"2025-03-07T02:15:00+00:00\" \/>\n<meta property=\"og:image\" content=\"https:\/\/www.gaveanews.com\/wp-content\/uploads\/Bandeira-do-Cruzeiro.webp\" \/>\n\t<meta property=\"og:image:width\" content=\"1062\" \/>\n\t<meta property=\"og:image:height\" content=\"708\" \/>\n\t<meta property=\"og:image:type\" content=\"image\/webp\" \/>\n<meta name=\"author\" content=\"Paula Silva\" \/>\n<meta name=\"twitter:card\" content=\"summary_large_image\" \/>\n<meta name=\"twitter:label1\" content=\"Escrito por\" \/>\n\t<meta name=\"twitter:data1\" content=\"Paula Silva\" \/>\n\t<meta name=\"twitter:label2\" content=\"Est. tempo de leitura\" \/>\n\t<meta name=\"twitter:data2\" content=\"3 minutos\" \/>\n<script type=\"application\/ld+json\" class=\"yoast-schema-graph\">{\"@context\":\"https:\/\/schema.org\",\"@graph\":[{\"@type\":\"NewsArticle\",\"@id\":\"https:\/\/www.gaveanews.com\/index.php\/2025\/03\/06\/agora-veja-foto-da-nova-camisa-do-cruzeiro\/#article\",\"isPartOf\":{\"@id\":\"https:\/\/www.gaveanews.com\/index.php\/2025\/03\/06\/agora-veja-foto-da-nova-camisa-do-cruzeiro\/\"},\"author\":{\"name\":\"Paula Silva\",\"@id\":\"https:\/\/www.gaveanews.com\/#\/schema\/person\/daf63eec72e1164eb13dc35096c2b8da\"},\"headline\":\"Agora: veja foto da nova camisa do Cruzeiro\",\"datePublished\":\"2025-03-07T02:15:00+00:00\",\"mainEntityOfPage\":{\"@id\":\"https:\/\/www.gaveanews.com\/index.php\/2025\/03\/06\/agora-veja-foto-da-nova-camisa-do-cruzeiro\/\"},\"wordCount\":441,\"commentCount\":0,\"image\":{\"@id\":\"https:\/\/www.gaveanews.com\/index.php\/2025\/03\/06\/agora-veja-foto-da-nova-camisa-do-cruzeiro\/#primaryimage\"},\"thumbnailUrl\":\"https:\/\/www.gaveanews.com\/wp-content\/uploads\/Bandeira-do-Cruzeiro.webp\",\"articleSection\":[\"Cruzeiro\"],\"inLanguage\":\"pt-BR\",\"potentialAction\":[{\"@type\":\"CommentAction\",\"name\":\"Comment\",\"target\":[\"https:\/\/www.gaveanews.com\/index.php\/2025\/03\/06\/agora-veja-foto-da-nova-camisa-do-cruzeiro\/#respond\"]}],\"copyrightYear\":\"2025\",\"copyrightHolder\":{\"@id\":\"https:\/\/www.gaveanews.com\/#organization\"}},{\"@type\":\"WebPage\",\"@id\":\"https:\/\/www.gaveanews.com\/index.php\/2025\/03\/06\/agora-veja-foto-da-nova-camisa-do-cruzeiro\/\",\"url\":\"https:\/\/www.gaveanews.com\/index.php\/2025\/03\/06\/agora-veja-foto-da-nova-camisa-do-cruzeiro\/\",\"name\":\"Agora: veja foto da nova camisa do Cruzeiro\",\"isPartOf\":{\"@id\":\"https:\/\/www.gaveanews.com\/#website\"},\"primaryImageOfPage\":{\"@id\":\"https:\/\/www.gaveanews.com\/index.php\/2025\/03\/06\/agora-veja-foto-da-nova-camisa-do-cruzeiro\/#primaryimage\"},\"image\":{\"@id\":\"https:\/\/www.gaveanews.com\/index.php\/2025\/03\/06\/agora-veja-foto-da-nova-camisa-do-cruzeiro\/#primaryimage\"},\"thumbnailUrl\":\"https:\/\/www.gaveanews.com\/wp-content\/uploads\/Bandeira-do-Cruzeiro.webp\",\"datePublished\":\"2025-03-07T02:15:00+00:00\",\"author\":{\"@id\":\"https:\/\/www.gaveanews.com\/#\/schema\/person\/daf63eec72e1164eb13dc35096c2b8da\"},\"breadcrumb\":{\"@id\":\"https:\/\/www.gaveanews.com\/index.php\/2025\/03\/06\/agora-veja-foto-da-nova-camisa-do-cruzeiro\/#breadcrumb\"},\"inLanguage\":\"pt-BR\",\"potentialAction\":[{\"@type\":\"ReadAction\",\"target\":[\"https:\/\/www.gaveanews.com\/index.php\/2025\/03\/06\/agora-veja-foto-da-nova-camisa-do-cruzeiro\/\"]}]},{\"@type\":\"ImageObject\",\"inLanguage\":\"pt-BR\",\"@id\":\"https:\/\/www.gaveanews.com\/index.php\/2025\/03\/06\/agora-veja-foto-da-nova-camisa-do-cruzeiro\/#primaryimage\",\"url\":\"https:\/\/www.gaveanews.com\/wp-content\/uploads\/Bandeira-do-Cruzeiro.webp\",\"contentUrl\":\"https:\/\/www.gaveanews.com\/wp-content\/uploads\/Bandeira-do-Cruzeiro.webp\",\"width\":1062,\"height\":708,\"caption\":\"Bandeira do Cruzeiro (Foto: Reprodu\u00e7\u00e3o\/Cruzeiro)\"},{\"@type\":\"BreadcrumbList\",\"@id\":\"https:\/\/www.gaveanews.com\/index.php\/2025\/03\/06\/agora-veja-foto-da-nova-camisa-do-cruzeiro\/#breadcrumb\",\"itemListElement\":[{\"@type\":\"ListItem\",\"position\":1,\"name\":\"Home\",\"item\":\"https:\/\/www.gaveanews.com\/\"},{\"@type\":\"ListItem\",\"position\":2,\"name\":\"Agora: veja foto da nova camisa do Cruzeiro\"}]},{\"@type\":\"WebSite\",\"@id\":\"https:\/\/www.gaveanews.com\/#website\",\"url\":\"https:\/\/www.gaveanews.com\/\",\"name\":\"G\u00e1vea News\",\"description\":\"Veja todas as not\u00edcias sobre o Flamengo: Contrata\u00e7\u00f5es, categorias de base, resultados das partidas, tabela de classifica\u00e7\u00e3o, pr\u00f3ximos jogos!\",\"potentialAction\":[{\"@type\":\"SearchAction\",\"target\":{\"@type\":\"EntryPoint\",\"urlTemplate\":\"https:\/\/www.gaveanews.com\/?s={search_term_string}\"},\"query-input\":{\"@type\":\"PropertyValueSpecification\",\"valueRequired\":true,\"valueName\":\"search_term_string\"}}],\"inLanguage\":\"pt-BR\"},{\"@type\":\"Person\",\"@id\":\"https:\/\/www.gaveanews.com\/#\/schema\/person\/daf63eec72e1164eb13dc35096c2b8da\",\"name\":\"Paula Silva\",\"image\":{\"@type\":\"ImageObject\",\"inLanguage\":\"pt-BR\",\"@id\":\"https:\/\/www.gaveanews.com\/#\/schema\/person\/image\/\",\"url\":\"https:\/\/secure.gravatar.com\/avatar\/eda381c845527cc5d64c13b901833cda29d97500ba040d3e6461f76f51d163bb?s=96&d=mm&r=g\",\"contentUrl\":\"https:\/\/secure.gravatar.com\/avatar\/eda381c845527cc5d64c13b901833cda29d97500ba040d3e6461f76f51d163bb?s=96&d=mm&r=g\",\"caption\":\"Paula Silva\"}}]}<\/script>\n<!-- \/ Yoast SEO Premium plugin. -->","yoast_head_json":{"title":"Agora: veja foto da nova camisa do Cruzeiro","robots":{"index":"index","follow":"follow","max-snippet":"max-snippet:-1","max-image-preview":"max-image-preview:large","max-video-preview":"max-video-preview:-1"},"canonical":"https:\/\/www.gaveanews.com\/index.php\/2025\/03\/06\/agora-veja-foto-da-nova-camisa-do-cruzeiro\/","og_locale":"pt_BR","og_type":"article","og_title":"Agora: veja foto da nova camisa do Cruzeiro","og_description":"Uma nova imagem da camisa do Cruzeiro vazou nas redes sociais, antecipando detalhes do uniforme que ser\u00e1 oficialmente lan\u00e7ado nesta sexta-feira (07 de mar\u00e7o). A pe\u00e7a estar\u00e1 dispon\u00edvel para compra nas lojas oficiais do clube pelo valor de R$ 399. A revela\u00e7\u00e3o n\u00e3o planejada gerou grande repercuss\u00e3o entre os torcedores, que j\u00e1 discutem as mudan\u00e7as [&hellip;]","og_url":"https:\/\/www.gaveanews.com\/index.php\/2025\/03\/06\/agora-veja-foto-da-nova-camisa-do-cruzeiro\/","og_site_name":"G\u00e1vea News","article_publisher":"https:\/\/facebook.com\/gaveaNews\/","article_published_time":"2025-03-07T02:15:00+00:00","og_image":[{"width":1062,"height":708,"url":"https:\/\/www.gaveanews.com\/wp-content\/uploads\/Bandeira-do-Cruzeiro.webp","type":"image\/webp"}],"author":"Paula Silva","twitter_card":"summary_large_image","twitter_misc":{"Escrito por":"Paula Silva","Est. tempo de leitura":"3 minutos"},"schema":{"@context":"https:\/\/schema.org","@graph":[{"@type":"NewsArticle","@id":"https:\/\/www.gaveanews.com\/index.php\/2025\/03\/06\/agora-veja-foto-da-nova-camisa-do-cruzeiro\/#article","isPartOf":{"@id":"https:\/\/www.gaveanews.com\/index.php\/2025\/03\/06\/agora-veja-foto-da-nova-camisa-do-cruzeiro\/"},"author":{"name":"Paula Silva","@id":"https:\/\/www.gaveanews.com\/#\/schema\/person\/daf63eec72e1164eb13dc35096c2b8da"},"headline":"Agora: veja foto da nova camisa do Cruzeiro","datePublished":"2025-03-07T02:15:00+00:00","mainEntityOfPage":{"@id":"https:\/\/www.gaveanews.com\/index.php\/2025\/03\/06\/agora-veja-foto-da-nova-camisa-do-cruzeiro\/"},"wordCount":441,"commentCount":0,"image":{"@id":"https:\/\/www.gaveanews.com\/index.php\/2025\/03\/06\/agora-veja-foto-da-nova-camisa-do-cruzeiro\/#primaryimage"},"thumbnailUrl":"https:\/\/www.gaveanews.com\/wp-content\/uploads\/Bandeira-do-Cruzeiro.webp","articleSection":["Cruzeiro"],"inLanguage":"pt-BR","potentialAction":[{"@type":"CommentAction","name":"Comment","target":["https:\/\/www.gaveanews.com\/index.php\/2025\/03\/06\/agora-veja-foto-da-nova-camisa-do-cruzeiro\/#respond"]}],"copyrightYear":"2025","copyrightHolder":{"@id":"https:\/\/www.gaveanews.com\/#organization"}},{"@type":"WebPage","@id":"https:\/\/www.gaveanews.com\/index.php\/2025\/03\/06\/agora-veja-foto-da-nova-camisa-do-cruzeiro\/","url":"https:\/\/www.gaveanews.com\/index.php\/2025\/03\/06\/agora-veja-foto-da-nova-camisa-do-cruzeiro\/","name":"Agora: veja foto da nova camisa do Cruzeiro","isPartOf":{"@id":"https:\/\/www.gaveanews.com\/#website"},"primaryImageOfPage":{"@id":"https:\/\/www.gaveanews.com\/index.php\/2025\/03\/06\/agora-veja-foto-da-nova-camisa-do-cruzeiro\/#primaryimage"},"image":{"@id":"https:\/\/www.gaveanews.com\/index.php\/2025\/03\/06\/agora-veja-foto-da-nova-camisa-do-cruzeiro\/#primaryimage"},"thumbnailUrl":"https:\/\/www.gaveanews.com\/wp-content\/uploads\/Bandeira-do-Cruzeiro.webp","datePublished":"2025-03-07T02:15:00+00:00","author":{"@id":"https:\/\/www.gaveanews.com\/#\/schema\/person\/daf63eec72e1164eb13dc35096c2b8da"},"breadcrumb":{"@id":"https:\/\/www.gaveanews.com\/index.php\/2025\/03\/06\/agora-veja-foto-da-nova-camisa-do-cruzeiro\/#breadcrumb"},"inLanguage":"pt-BR","potentialAction":[{"@type":"ReadAction","target":["https:\/\/www.gaveanews.com\/index.php\/2025\/03\/06\/agora-veja-foto-da-nova-camisa-do-cruzeiro\/"]}]},{"@type":"ImageObject","inLanguage":"pt-BR","@id":"https:\/\/www.gaveanews.com\/index.php\/2025\/03\/06\/agora-veja-foto-da-nova-camisa-do-cruzeiro\/#primaryimage","url":"https:\/\/www.gaveanews.com\/wp-content\/uploads\/Bandeira-do-Cruzeiro.webp","contentUrl":"https:\/\/www.gaveanews.com\/wp-content\/uploads\/Bandeira-do-Cruzeiro.webp","width":1062,"height":708,"caption":"Bandeira do Cruzeiro (Foto: Reprodu\u00e7\u00e3o\/Cruzeiro)"},{"@type":"BreadcrumbList","@id":"https:\/\/www.gaveanews.com\/index.php\/2025\/03\/06\/agora-veja-foto-da-nova-camisa-do-cruzeiro\/#breadcrumb","itemListElement":[{"@type":"ListItem","position":1,"name":"Home","item":"https:\/\/www.gaveanews.com\/"},{"@type":"ListItem","position":2,"name":"Agora: veja foto da nova camisa do Cruzeiro"}]},{"@type":"WebSite","@id":"https:\/\/www.gaveanews.com\/#website","url":"https:\/\/www.gaveanews.com\/","name":"G\u00e1vea News","description":"Veja todas as not\u00edcias sobre o Flamengo: Contrata\u00e7\u00f5es, categorias de base, resultados das partidas, tabela de classifica\u00e7\u00e3o, pr\u00f3ximos jogos!","potentialAction":[{"@type":"SearchAction","target":{"@type":"EntryPoint","urlTemplate":"https:\/\/www.gaveanews.com\/?s={search_term_string}"},"query-input":{"@type":"PropertyValueSpecification","valueRequired":true,"valueName":"search_term_string"}}],"inLanguage":"pt-BR"},{"@type":"Person","@id":"https:\/\/www.gaveanews.com\/#\/schema\/person\/daf63eec72e1164eb13dc35096c2b8da","name":"Paula Silva","image":{"@type":"ImageObject","inLanguage":"pt-BR","@id":"https:\/\/www.gaveanews.com\/#\/schema\/person\/image\/","url":"https:\/\/secure.gravatar.com\/avatar\/eda381c845527cc5d64c13b901833cda29d97500ba040d3e6461f76f51d163bb?s=96&d=mm&r=g","contentUrl":"https:\/\/secure.gravatar.com\/avatar\/eda381c845527cc5d64c13b901833cda29d97500ba040d3e6461f76f51d163bb?s=96&d=mm&r=g","caption":"Paula Silva"}}]}},"_links":{"self":[{"href":"https:\/\/www.gaveanews.com\/index.php\/wp-json\/wp\/v2\/posts\/236904","targetHints":{"allow":["GET"]}}],"collection":[{"href":"https:\/\/www.gaveanews.com\/index.php\/wp-json\/wp\/v2\/posts"}],"about":[{"href":"https:\/\/www.gaveanews.com\/index.php\/wp-json\/wp\/v2\/types\/post"}],"author":[{"embeddable":true,"href":"https:\/\/www.gaveanews.com\/index.php\/wp-json\/wp\/v2\/users\/18"}],"replies":[{"embeddable":true,"href":"https:\/\/www.gaveanews.com\/index.php\/wp-json\/wp\/v2\/comments?post=236904"}],"version-history":[{"count":1,"href":"https:\/\/www.gaveanews.com\/index.php\/wp-json\/wp\/v2\/posts\/236904\/revisions"}],"predecessor-version":[{"id":236912,"href":"https:\/\/www.gaveanews.com\/index.php\/wp-json\/wp\/v2\/posts\/236904\/revisions\/236912"}],"wp:featuredmedia":[{"embeddable":true,"href":"https:\/\/www.gaveanews.com\/index.php\/wp-json\/wp\/v2\/media\/175601"}],"wp:attachment":[{"href":"https:\/\/www.gaveanews.com\/index.php\/wp-json\/wp\/v2\/media?parent=236904"}],"wp:term":[{"taxonomy":"category","embeddable":true,"href":"https:\/\/www.gaveanews.com\/index.php\/wp-json\/wp\/v2\/categories?post=236904"},{"taxonomy":"post_tag","embeddable":true,"href":"https:\/\/www.gaveanews.com\/index.php\/wp-json\/wp\/v2\/tags?post=236904"}],"curies":[{"name":"wp","href":"https:\/\/api.w.org\/{rel}","templated":true}]}}