{"id":236905,"date":"2025-03-06T23:10:00","date_gmt":"2025-03-07T02:10:00","guid":{"rendered":"https:\/\/www.gaveanews.com\/?p=236905"},"modified":"2025-03-06T20:30:43","modified_gmt":"2025-03-06T23:30:43","slug":"fabio-carille-e-jogadores-do-vasco-mandam-recado-para-o-flamengo","status":"publish","type":"post","link":"https:\/\/www.gaveanews.com\/index.php\/2025\/03\/06\/fabio-carille-e-jogadores-do-vasco-mandam-recado-para-o-flamengo\/","title":{"rendered":"F\u00e1bio Carille e jogadores do Vasco mandam recado para o Flamengo"},"content":{"rendered":"\n<p>O Vasco se prepara para um dos jogos mais importantes da temporada. Neste s\u00e1bado (08 de mar\u00e7o), a equipe enfrenta o Flamengo no Maracan\u00e3, precisando vencer por dois gols de diferen\u00e7a para avan\u00e7ar \u00e0 final do Campeonato Carioca. A derrota por 1 a 0 no primeiro confronto obriga o time comandado por F\u00e1bio Carille a buscar uma atua\u00e7\u00e3o ofensiva e eficiente.<\/p>\n\n\n\n<p>A vit\u00f3ria por 3 a 0 sobre o Nova Igua\u00e7u, na Copa do Brasil, serviu como um impulso moral para o elenco vasca\u00edno. O meia Nuno Moreira, rec\u00e9m-contratado, destacou a qualidade do time e garantiu que a equipe est\u00e1 preparada para reverter o placar. <\/p>\n\n\n\n<p>&#8220;N\u00e3o acho que o Flamengo seja um bicho-pap\u00e3o. Mostramos que temos qualidade e confio que podemos conseguir a classifica\u00e7\u00e3o&#8221;, afirmou.<\/p>\n\n\n\n<p>O treinador F\u00e1bio Carille refor\u00e7ou a import\u00e2ncia da prepara\u00e7\u00e3o mental dos jogadores. O t\u00e9cnico apontou que a equipe precisa manter a concentra\u00e7\u00e3o e n\u00e3o se abater em caso de desvantagem no placar.<\/p>\n\n\n\n<p>&#8220;A prepara\u00e7\u00e3o para s\u00e1bado vai ser mais mental. Precisamos ter sabedoria e dosar a vontade de ganhar. Contra o Flamengo, quando sofremos um gol, parece que tudo desmorona, e isso n\u00e3o pode acontecer&#8221;, alertou.<\/p>\n\n\n\n<p>Carille tamb\u00e9m indicou que far\u00e1 ajustes t\u00e1ticos para evitar problemas como o excesso de cart\u00f5es no primeiro jogo. &#8220;Tivemos uma vontade excessiva e levamos quatro cart\u00f5es amarelos. Isso n\u00e3o pode acontecer de novo. Defensivamente, fomos bem, mas precisamos melhorar com a posse de bola&#8221;, explicou.<\/p>\n\n\n\n<p>O atacante Rayan destacou a import\u00e2ncia de uma postura agressiva desde os primeiros minutos da partida. &#8220;Podemos entrar mais ofensivos e tentar marcar um gol logo no in\u00edcio para buscar a vit\u00f3ria com mais tranquilidade&#8221;, disse o jogador.<\/p>\n\n\n\n<p>Do outro lado, o Flamengo tem a vantagem do empate e pode at\u00e9 perder por um gol de diferen\u00e7a para avan\u00e7ar. A equipe rubro-negra ainda pode contar com refor\u00e7os importantes, como o retorno de Danilo, aumentando ainda mais o desafio para o Vasco. O cl\u00e1ssico promete ser disputado intensamente, com os vasca\u00ednos confiantes na possibilidade de reverter o resultado e garantir a classifica\u00e7\u00e3o para a decis\u00e3o do Estadual.<\/p>\n","protected":false},"excerpt":{"rendered":"<p>O Vasco se prepara para um dos jogos mais importantes da temporada. Neste s\u00e1bado (08 de mar\u00e7o), a equipe enfrenta o Flamengo no Maracan\u00e3, precisando vencer por dois gols de diferen\u00e7a para avan\u00e7ar \u00e0 final do Campeonato Carioca. A derrota por 1 a 0 no primeiro confronto obriga o time comandado por F\u00e1bio Carille a [&hellip;]<\/p>\n","protected":false},"author":18,"featured_media":147443,"comment_status":"open","ping_status":"closed","sticky":false,"template":"","format":"standard","meta":{"footnotes":""},"categories":[1,152],"tags":[],"class_list":["post-236905","post","type-post","status-publish","format-standard","has-post-thumbnail","hentry","category-flamengo","category-vasco"],"yoast_head":"<!-- This site is optimized with the Yoast SEO Premium plugin v24.2 (Yoast SEO v26.9) - https:\/\/yoast.com\/product\/yoast-seo-premium-wordpress\/ -->\n<title>F\u00e1bio Carille e jogadores do Vasco mandam recado para o Flamengo<\/title>\n<meta name=\"robots\" content=\"index, follow, max-snippet:-1, max-image-preview:large, max-video-preview:-1\" \/>\n<link rel=\"canonical\" href=\"https:\/\/www.gaveanews.com\/index.php\/2025\/03\/06\/fabio-carille-e-jogadores-do-vasco-mandam-recado-para-o-flamengo\/\" \/>\n<meta property=\"og:locale\" content=\"pt_BR\" \/>\n<meta property=\"og:type\" content=\"article\" \/>\n<meta property=\"og:title\" content=\"F\u00e1bio Carille e jogadores do Vasco mandam recado para o Flamengo\" \/>\n<meta property=\"og:description\" content=\"O Vasco se prepara para um dos jogos mais importantes da temporada. Neste s\u00e1bado (08 de mar\u00e7o), a equipe enfrenta o Flamengo no Maracan\u00e3, precisando vencer por dois gols de diferen\u00e7a para avan\u00e7ar \u00e0 final do Campeonato Carioca. A derrota por 1 a 0 no primeiro confronto obriga o time comandado por F\u00e1bio Carille a [&hellip;]\" \/>\n<meta property=\"og:url\" content=\"https:\/\/www.gaveanews.com\/index.php\/2025\/03\/06\/fabio-carille-e-jogadores-do-vasco-mandam-recado-para-o-flamengo\/\" \/>\n<meta property=\"og:site_name\" content=\"G\u00e1vea News\" \/>\n<meta property=\"article:publisher\" content=\"https:\/\/facebook.com\/gaveaNews\/\" \/>\n<meta property=\"article:published_time\" content=\"2025-03-07T02:10:00+00:00\" \/>\n<meta property=\"og:image\" content=\"https:\/\/www.gaveanews.com\/wp-content\/uploads\/Camisa-do-Vasco-da-Gama.webp\" \/>\n\t<meta property=\"og:image:width\" content=\"1440\" \/>\n\t<meta property=\"og:image:height\" content=\"960\" \/>\n\t<meta property=\"og:image:type\" content=\"image\/jpeg\" \/>\n<meta name=\"author\" content=\"Paula Silva\" \/>\n<meta name=\"twitter:card\" content=\"summary_large_image\" \/>\n<meta name=\"twitter:label1\" content=\"Escrito por\" \/>\n\t<meta name=\"twitter:data1\" content=\"Paula Silva\" \/>\n\t<meta name=\"twitter:label2\" content=\"Est. tempo de leitura\" \/>\n\t<meta name=\"twitter:data2\" content=\"3 minutos\" \/>\n<script type=\"application\/ld+json\" class=\"yoast-schema-graph\">{\"@context\":\"https:\/\/schema.org\",\"@graph\":[{\"@type\":\"NewsArticle\",\"@id\":\"https:\/\/www.gaveanews.com\/index.php\/2025\/03\/06\/fabio-carille-e-jogadores-do-vasco-mandam-recado-para-o-flamengo\/#article\",\"isPartOf\":{\"@id\":\"https:\/\/www.gaveanews.com\/index.php\/2025\/03\/06\/fabio-carille-e-jogadores-do-vasco-mandam-recado-para-o-flamengo\/\"},\"author\":{\"name\":\"Paula Silva\",\"@id\":\"https:\/\/www.gaveanews.com\/#\/schema\/person\/daf63eec72e1164eb13dc35096c2b8da\"},\"headline\":\"F\u00e1bio Carille e jogadores do Vasco mandam recado para o Flamengo\",\"datePublished\":\"2025-03-07T02:10:00+00:00\",\"mainEntityOfPage\":{\"@id\":\"https:\/\/www.gaveanews.com\/index.php\/2025\/03\/06\/fabio-carille-e-jogadores-do-vasco-mandam-recado-para-o-flamengo\/\"},\"wordCount\":386,\"commentCount\":0,\"image\":{\"@id\":\"https:\/\/www.gaveanews.com\/index.php\/2025\/03\/06\/fabio-carille-e-jogadores-do-vasco-mandam-recado-para-o-flamengo\/#primaryimage\"},\"thumbnailUrl\":\"https:\/\/www.gaveanews.com\/wp-content\/uploads\/Camisa-do-Vasco-da-Gama.webp\",\"articleSection\":[\"Flamengo\",\"Vasco\"],\"inLanguage\":\"pt-BR\",\"potentialAction\":[{\"@type\":\"CommentAction\",\"name\":\"Comment\",\"target\":[\"https:\/\/www.gaveanews.com\/index.php\/2025\/03\/06\/fabio-carille-e-jogadores-do-vasco-mandam-recado-para-o-flamengo\/#respond\"]}],\"copyrightYear\":\"2025\",\"copyrightHolder\":{\"@id\":\"https:\/\/www.gaveanews.com\/#organization\"}},{\"@type\":\"WebPage\",\"@id\":\"https:\/\/www.gaveanews.com\/index.php\/2025\/03\/06\/fabio-carille-e-jogadores-do-vasco-mandam-recado-para-o-flamengo\/\",\"url\":\"https:\/\/www.gaveanews.com\/index.php\/2025\/03\/06\/fabio-carille-e-jogadores-do-vasco-mandam-recado-para-o-flamengo\/\",\"name\":\"F\u00e1bio Carille e jogadores do Vasco mandam recado para o Flamengo\",\"isPartOf\":{\"@id\":\"https:\/\/www.gaveanews.com\/#website\"},\"primaryImageOfPage\":{\"@id\":\"https:\/\/www.gaveanews.com\/index.php\/2025\/03\/06\/fabio-carille-e-jogadores-do-vasco-mandam-recado-para-o-flamengo\/#primaryimage\"},\"image\":{\"@id\":\"https:\/\/www.gaveanews.com\/index.php\/2025\/03\/06\/fabio-carille-e-jogadores-do-vasco-mandam-recado-para-o-flamengo\/#primaryimage\"},\"thumbnailUrl\":\"https:\/\/www.gaveanews.com\/wp-content\/uploads\/Camisa-do-Vasco-da-Gama.webp\",\"datePublished\":\"2025-03-07T02:10:00+00:00\",\"author\":{\"@id\":\"https:\/\/www.gaveanews.com\/#\/schema\/person\/daf63eec72e1164eb13dc35096c2b8da\"},\"breadcrumb\":{\"@id\":\"https:\/\/www.gaveanews.com\/index.php\/2025\/03\/06\/fabio-carille-e-jogadores-do-vasco-mandam-recado-para-o-flamengo\/#breadcrumb\"},\"inLanguage\":\"pt-BR\",\"potentialAction\":[{\"@type\":\"ReadAction\",\"target\":[\"https:\/\/www.gaveanews.com\/index.php\/2025\/03\/06\/fabio-carille-e-jogadores-do-vasco-mandam-recado-para-o-flamengo\/\"]}]},{\"@type\":\"ImageObject\",\"inLanguage\":\"pt-BR\",\"@id\":\"https:\/\/www.gaveanews.com\/index.php\/2025\/03\/06\/fabio-carille-e-jogadores-do-vasco-mandam-recado-para-o-flamengo\/#primaryimage\",\"url\":\"https:\/\/www.gaveanews.com\/wp-content\/uploads\/Camisa-do-Vasco-da-Gama.webp\",\"contentUrl\":\"https:\/\/www.gaveanews.com\/wp-content\/uploads\/Camisa-do-Vasco-da-Gama.webp\",\"width\":1440,\"height\":960,\"caption\":\"Camisa do Vasco da Gama (Foto: Reprodu\u00e7\u00e3o\/Instagram)\"},{\"@type\":\"BreadcrumbList\",\"@id\":\"https:\/\/www.gaveanews.com\/index.php\/2025\/03\/06\/fabio-carille-e-jogadores-do-vasco-mandam-recado-para-o-flamengo\/#breadcrumb\",\"itemListElement\":[{\"@type\":\"ListItem\",\"position\":1,\"name\":\"Home\",\"item\":\"https:\/\/www.gaveanews.com\/\"},{\"@type\":\"ListItem\",\"position\":2,\"name\":\"F\u00e1bio Carille e jogadores do Vasco mandam recado para o Flamengo\"}]},{\"@type\":\"WebSite\",\"@id\":\"https:\/\/www.gaveanews.com\/#website\",\"url\":\"https:\/\/www.gaveanews.com\/\",\"name\":\"G\u00e1vea News\",\"description\":\"Veja todas as not\u00edcias sobre o Flamengo: Contrata\u00e7\u00f5es, categorias de base, resultados das partidas, tabela de classifica\u00e7\u00e3o, pr\u00f3ximos jogos!\",\"potentialAction\":[{\"@type\":\"SearchAction\",\"target\":{\"@type\":\"EntryPoint\",\"urlTemplate\":\"https:\/\/www.gaveanews.com\/?s={search_term_string}\"},\"query-input\":{\"@type\":\"PropertyValueSpecification\",\"valueRequired\":true,\"valueName\":\"search_term_string\"}}],\"inLanguage\":\"pt-BR\"},{\"@type\":\"Person\",\"@id\":\"https:\/\/www.gaveanews.com\/#\/schema\/person\/daf63eec72e1164eb13dc35096c2b8da\",\"name\":\"Paula Silva\",\"image\":{\"@type\":\"ImageObject\",\"inLanguage\":\"pt-BR\",\"@id\":\"https:\/\/www.gaveanews.com\/#\/schema\/person\/image\/\",\"url\":\"https:\/\/secure.gravatar.com\/avatar\/eda381c845527cc5d64c13b901833cda29d97500ba040d3e6461f76f51d163bb?s=96&d=mm&r=g\",\"contentUrl\":\"https:\/\/secure.gravatar.com\/avatar\/eda381c845527cc5d64c13b901833cda29d97500ba040d3e6461f76f51d163bb?s=96&d=mm&r=g\",\"caption\":\"Paula Silva\"}}]}<\/script>\n<!-- \/ Yoast SEO Premium plugin. -->","yoast_head_json":{"title":"F\u00e1bio Carille e jogadores do Vasco mandam recado para o Flamengo","robots":{"index":"index","follow":"follow","max-snippet":"max-snippet:-1","max-image-preview":"max-image-preview:large","max-video-preview":"max-video-preview:-1"},"canonical":"https:\/\/www.gaveanews.com\/index.php\/2025\/03\/06\/fabio-carille-e-jogadores-do-vasco-mandam-recado-para-o-flamengo\/","og_locale":"pt_BR","og_type":"article","og_title":"F\u00e1bio Carille e jogadores do Vasco mandam recado para o Flamengo","og_description":"O Vasco se prepara para um dos jogos mais importantes da temporada. Neste s\u00e1bado (08 de mar\u00e7o), a equipe enfrenta o Flamengo no Maracan\u00e3, precisando vencer por dois gols de diferen\u00e7a para avan\u00e7ar \u00e0 final do Campeonato Carioca. A derrota por 1 a 0 no primeiro confronto obriga o time comandado por F\u00e1bio Carille a [&hellip;]","og_url":"https:\/\/www.gaveanews.com\/index.php\/2025\/03\/06\/fabio-carille-e-jogadores-do-vasco-mandam-recado-para-o-flamengo\/","og_site_name":"G\u00e1vea News","article_publisher":"https:\/\/facebook.com\/gaveaNews\/","article_published_time":"2025-03-07T02:10:00+00:00","og_image":[{"width":1440,"height":960,"url":"https:\/\/www.gaveanews.com\/wp-content\/uploads\/Camisa-do-Vasco-da-Gama.webp","type":"image\/jpeg"}],"author":"Paula Silva","twitter_card":"summary_large_image","twitter_misc":{"Escrito por":"Paula Silva","Est. tempo de leitura":"3 minutos"},"schema":{"@context":"https:\/\/schema.org","@graph":[{"@type":"NewsArticle","@id":"https:\/\/www.gaveanews.com\/index.php\/2025\/03\/06\/fabio-carille-e-jogadores-do-vasco-mandam-recado-para-o-flamengo\/#article","isPartOf":{"@id":"https:\/\/www.gaveanews.com\/index.php\/2025\/03\/06\/fabio-carille-e-jogadores-do-vasco-mandam-recado-para-o-flamengo\/"},"author":{"name":"Paula Silva","@id":"https:\/\/www.gaveanews.com\/#\/schema\/person\/daf63eec72e1164eb13dc35096c2b8da"},"headline":"F\u00e1bio Carille e jogadores do Vasco mandam recado para o Flamengo","datePublished":"2025-03-07T02:10:00+00:00","mainEntityOfPage":{"@id":"https:\/\/www.gaveanews.com\/index.php\/2025\/03\/06\/fabio-carille-e-jogadores-do-vasco-mandam-recado-para-o-flamengo\/"},"wordCount":386,"commentCount":0,"image":{"@id":"https:\/\/www.gaveanews.com\/index.php\/2025\/03\/06\/fabio-carille-e-jogadores-do-vasco-mandam-recado-para-o-flamengo\/#primaryimage"},"thumbnailUrl":"https:\/\/www.gaveanews.com\/wp-content\/uploads\/Camisa-do-Vasco-da-Gama.webp","articleSection":["Flamengo","Vasco"],"inLanguage":"pt-BR","potentialAction":[{"@type":"CommentAction","name":"Comment","target":["https:\/\/www.gaveanews.com\/index.php\/2025\/03\/06\/fabio-carille-e-jogadores-do-vasco-mandam-recado-para-o-flamengo\/#respond"]}],"copyrightYear":"2025","copyrightHolder":{"@id":"https:\/\/www.gaveanews.com\/#organization"}},{"@type":"WebPage","@id":"https:\/\/www.gaveanews.com\/index.php\/2025\/03\/06\/fabio-carille-e-jogadores-do-vasco-mandam-recado-para-o-flamengo\/","url":"https:\/\/www.gaveanews.com\/index.php\/2025\/03\/06\/fabio-carille-e-jogadores-do-vasco-mandam-recado-para-o-flamengo\/","name":"F\u00e1bio Carille e jogadores do Vasco mandam recado para o Flamengo","isPartOf":{"@id":"https:\/\/www.gaveanews.com\/#website"},"primaryImageOfPage":{"@id":"https:\/\/www.gaveanews.com\/index.php\/2025\/03\/06\/fabio-carille-e-jogadores-do-vasco-mandam-recado-para-o-flamengo\/#primaryimage"},"image":{"@id":"https:\/\/www.gaveanews.com\/index.php\/2025\/03\/06\/fabio-carille-e-jogadores-do-vasco-mandam-recado-para-o-flamengo\/#primaryimage"},"thumbnailUrl":"https:\/\/www.gaveanews.com\/wp-content\/uploads\/Camisa-do-Vasco-da-Gama.webp","datePublished":"2025-03-07T02:10:00+00:00","author":{"@id":"https:\/\/www.gaveanews.com\/#\/schema\/person\/daf63eec72e1164eb13dc35096c2b8da"},"breadcrumb":{"@id":"https:\/\/www.gaveanews.com\/index.php\/2025\/03\/06\/fabio-carille-e-jogadores-do-vasco-mandam-recado-para-o-flamengo\/#breadcrumb"},"inLanguage":"pt-BR","potentialAction":[{"@type":"ReadAction","target":["https:\/\/www.gaveanews.com\/index.php\/2025\/03\/06\/fabio-carille-e-jogadores-do-vasco-mandam-recado-para-o-flamengo\/"]}]},{"@type":"ImageObject","inLanguage":"pt-BR","@id":"https:\/\/www.gaveanews.com\/index.php\/2025\/03\/06\/fabio-carille-e-jogadores-do-vasco-mandam-recado-para-o-flamengo\/#primaryimage","url":"https:\/\/www.gaveanews.com\/wp-content\/uploads\/Camisa-do-Vasco-da-Gama.webp","contentUrl":"https:\/\/www.gaveanews.com\/wp-content\/uploads\/Camisa-do-Vasco-da-Gama.webp","width":1440,"height":960,"caption":"Camisa do Vasco da Gama (Foto: Reprodu\u00e7\u00e3o\/Instagram)"},{"@type":"BreadcrumbList","@id":"https:\/\/www.gaveanews.com\/index.php\/2025\/03\/06\/fabio-carille-e-jogadores-do-vasco-mandam-recado-para-o-flamengo\/#breadcrumb","itemListElement":[{"@type":"ListItem","position":1,"name":"Home","item":"https:\/\/www.gaveanews.com\/"},{"@type":"ListItem","position":2,"name":"F\u00e1bio Carille e jogadores do Vasco mandam recado para o Flamengo"}]},{"@type":"WebSite","@id":"https:\/\/www.gaveanews.com\/#website","url":"https:\/\/www.gaveanews.com\/","name":"G\u00e1vea News","description":"Veja todas as not\u00edcias sobre o Flamengo: Contrata\u00e7\u00f5es, categorias de base, resultados das partidas, tabela de classifica\u00e7\u00e3o, pr\u00f3ximos jogos!","potentialAction":[{"@type":"SearchAction","target":{"@type":"EntryPoint","urlTemplate":"https:\/\/www.gaveanews.com\/?s={search_term_string}"},"query-input":{"@type":"PropertyValueSpecification","valueRequired":true,"valueName":"search_term_string"}}],"inLanguage":"pt-BR"},{"@type":"Person","@id":"https:\/\/www.gaveanews.com\/#\/schema\/person\/daf63eec72e1164eb13dc35096c2b8da","name":"Paula Silva","image":{"@type":"ImageObject","inLanguage":"pt-BR","@id":"https:\/\/www.gaveanews.com\/#\/schema\/person\/image\/","url":"https:\/\/secure.gravatar.com\/avatar\/eda381c845527cc5d64c13b901833cda29d97500ba040d3e6461f76f51d163bb?s=96&d=mm&r=g","contentUrl":"https:\/\/secure.gravatar.com\/avatar\/eda381c845527cc5d64c13b901833cda29d97500ba040d3e6461f76f51d163bb?s=96&d=mm&r=g","caption":"Paula Silva"}}]}},"_links":{"self":[{"href":"https:\/\/www.gaveanews.com\/index.php\/wp-json\/wp\/v2\/posts\/236905","targetHints":{"allow":["GET"]}}],"collection":[{"href":"https:\/\/www.gaveanews.com\/index.php\/wp-json\/wp\/v2\/posts"}],"about":[{"href":"https:\/\/www.gaveanews.com\/index.php\/wp-json\/wp\/v2\/types\/post"}],"author":[{"embeddable":true,"href":"https:\/\/www.gaveanews.com\/index.php\/wp-json\/wp\/v2\/users\/18"}],"replies":[{"embeddable":true,"href":"https:\/\/www.gaveanews.com\/index.php\/wp-json\/wp\/v2\/comments?post=236905"}],"version-history":[{"count":1,"href":"https:\/\/www.gaveanews.com\/index.php\/wp-json\/wp\/v2\/posts\/236905\/revisions"}],"predecessor-version":[{"id":236914,"href":"https:\/\/www.gaveanews.com\/index.php\/wp-json\/wp\/v2\/posts\/236905\/revisions\/236914"}],"wp:featuredmedia":[{"embeddable":true,"href":"https:\/\/www.gaveanews.com\/index.php\/wp-json\/wp\/v2\/media\/147443"}],"wp:attachment":[{"href":"https:\/\/www.gaveanews.com\/index.php\/wp-json\/wp\/v2\/media?parent=236905"}],"wp:term":[{"taxonomy":"category","embeddable":true,"href":"https:\/\/www.gaveanews.com\/index.php\/wp-json\/wp\/v2\/categories?post=236905"},{"taxonomy":"post_tag","embeddable":true,"href":"https:\/\/www.gaveanews.com\/index.php\/wp-json\/wp\/v2\/tags?post=236905"}],"curies":[{"name":"wp","href":"https:\/\/api.w.org\/{rel}","templated":true}]}}