{"id":236944,"date":"2025-03-06T21:45:00","date_gmt":"2025-03-07T00:45:00","guid":{"rendered":"https:\/\/www.gaveanews.com\/?p=236944"},"modified":"2025-03-06T20:18:20","modified_gmt":"2025-03-06T23:18:20","slug":"a-declaracao-de-lucho-rodriguez-direcionada-a-rogerio-ceni-no-bahia","status":"publish","type":"post","link":"https:\/\/www.gaveanews.com\/index.php\/2025\/03\/06\/a-declaracao-de-lucho-rodriguez-direcionada-a-rogerio-ceni-no-bahia\/","title":{"rendered":"A declara\u00e7\u00e3o de Lucho Rodriguez direcionada a Rog\u00e9rio Ceni, no Bahia"},"content":{"rendered":"\n<p>Lucho Rodr\u00edguez segue se consolidando como um dos principais destaques do Bahia em 2025. O atacante uruguaio brilhou na goleada por 6 a 0 sobre o Colo-Colo ao marcar seu primeiro hat-trick pelo clube. Com isso, ele se tornou o artilheiro da equipe na temporada e refor\u00e7ou sua import\u00e2ncia no elenco comandado por Rog\u00e9rio Ceni.<\/p>\n\n\n\n<p>O bom desempenho do camisa 9 tem rendido elogios do t\u00e9cnico Rog\u00e9rio Ceni. O treinador destacou a evolu\u00e7\u00e3o t\u00e9cnica e, principalmente, a melhora f\u00edsica do jogador. \u201cEle vem se desenvolvendo a cada dia, ganhando mais confian\u00e7a. Tecnicamente, tem crescido muito, mas o diferencial \u00e9 sua capacidade f\u00edsica, que impressiona. Hoje, ele se escala pelo que demonstra em campo\u201d, afirmou Ceni.<\/p>\n\n\n\n<p>Mesmo com a chegada de Willian Jos\u00e9, refor\u00e7o experiente que construiu carreira na Europa, Lucho seguiu no time titular. Desde sua contrata\u00e7\u00e3o, nenhum jogador do elenco tricolor marcou mais gols do que ele. Ao todo, j\u00e1 s\u00e3o 13 bolas na rede em 29 partidas, sendo 14 como titular. O atacante tamb\u00e9m divide os m\u00e9ritos com a comiss\u00e3o t\u00e9cnica e destaca o trabalho f\u00edsico realizado no clube. \u201cDesde que cheguei, minha resist\u00eancia melhorou muito. O trabalho feito aqui tem sido fundamental para minha evolu\u00e7\u00e3o dentro de campo\u201d, disse o uruguaio.<\/p>\n\n\n\n<p>Agora, Lucho Rodr\u00edguez se prepara para um desafio especial. O Bahia enfrenta o Boston River, pela terceira fase da Libertadores, no Est\u00e1dio Centen\u00e1rio, em Montevid\u00e9u. O atacante tem boas recorda\u00e7\u00f5es do advers\u00e1rio e j\u00e1 marcou contra o time uruguaio. \u201cTenho boas lembran\u00e7as desses jogos. Sei que \u00e9 um advers\u00e1rio muito forte, mas tamb\u00e9m temos um grande time. Nosso objetivo \u00e9 seguir na competi\u00e7\u00e3o e chegar \u00e0 fase de grupos\u201d, declarou.<\/p>\n\n\n\n<p>Com quatro gols marcados na atual temporada, Lucho Rodr\u00edguez se firma como uma das principais armas do Bahia para os pr\u00f3ximos compromissos. O jogo contra o Boston River acontece nesta quinta-feira, \u00e0s 21h30 (hor\u00e1rio de Bras\u00edlia), e pode ser mais um cap\u00edtulo importante na hist\u00f3ria do atacante no clube baiano.<\/p>\n\n\n\n<p>Contratado no segundo semestre de 2024 por R$ 65,3 milh\u00f5es, a maior transfer\u00eancia da hist\u00f3ria do futebol nordestino, Lucho demorou a conquistar a titularidade. Inicialmente utilizado como op\u00e7\u00e3o no banco de reservas, o atacante aproveitou bem as chances e terminou o ano passado como pe\u00e7a fundamental na classifica\u00e7\u00e3o do Tricolor para a Libertadores. No jogo decisivo contra o Atl\u00e9tico-GO, Rodr\u00edguez deixou sua marca e ajudou o Bahia a voltar ao torneio continental depois de 35 anos.<\/p>\n","protected":false},"excerpt":{"rendered":"<p>Lucho Rodr\u00edguez segue se consolidando como um dos principais destaques do Bahia em 2025. O atacante uruguaio brilhou na goleada por 6 a 0 sobre o Colo-Colo ao marcar seu primeiro hat-trick pelo clube. Com isso, ele se tornou o artilheiro da equipe na temporada e refor\u00e7ou sua import\u00e2ncia no elenco comandado por Rog\u00e9rio Ceni. [&hellip;]<\/p>\n","protected":false},"author":18,"featured_media":148504,"comment_status":"open","ping_status":"closed","sticky":false,"template":"","format":"standard","meta":{"footnotes":""},"categories":[137],"tags":[],"class_list":["post-236944","post","type-post","status-publish","format-standard","has-post-thumbnail","hentry","category-bahia"],"yoast_head":"<!-- This site is optimized with the Yoast SEO Premium plugin v24.2 (Yoast SEO v26.9) - https:\/\/yoast.com\/product\/yoast-seo-premium-wordpress\/ -->\n<title>A declara\u00e7\u00e3o de Lucho Rodriguez direcionada a Rog\u00e9rio Ceni, no Bahia<\/title>\n<meta name=\"robots\" content=\"index, follow, max-snippet:-1, max-image-preview:large, max-video-preview:-1\" \/>\n<link rel=\"canonical\" href=\"https:\/\/www.gaveanews.com\/index.php\/2025\/03\/06\/a-declaracao-de-lucho-rodriguez-direcionada-a-rogerio-ceni-no-bahia\/\" \/>\n<meta property=\"og:locale\" content=\"pt_BR\" \/>\n<meta property=\"og:type\" content=\"article\" \/>\n<meta property=\"og:title\" content=\"A declara\u00e7\u00e3o de Lucho Rodriguez direcionada a Rog\u00e9rio Ceni, no Bahia\" \/>\n<meta property=\"og:description\" content=\"Lucho Rodr\u00edguez segue se consolidando como um dos principais destaques do Bahia em 2025. O atacante uruguaio brilhou na goleada por 6 a 0 sobre o Colo-Colo ao marcar seu primeiro hat-trick pelo clube. Com isso, ele se tornou o artilheiro da equipe na temporada e refor\u00e7ou sua import\u00e2ncia no elenco comandado por Rog\u00e9rio Ceni. [&hellip;]\" \/>\n<meta property=\"og:url\" content=\"https:\/\/www.gaveanews.com\/index.php\/2025\/03\/06\/a-declaracao-de-lucho-rodriguez-direcionada-a-rogerio-ceni-no-bahia\/\" \/>\n<meta property=\"og:site_name\" content=\"G\u00e1vea News\" \/>\n<meta property=\"article:publisher\" content=\"https:\/\/facebook.com\/gaveaNews\/\" \/>\n<meta property=\"article:published_time\" content=\"2025-03-07T00:45:00+00:00\" \/>\n<meta property=\"og:image\" content=\"https:\/\/www.gaveanews.com\/wp-content\/uploads\/Rogerio-Ceni-tecnico-do-Bahia-em-entrevista-coletiva-apos-o-classico-contra-o-Vitoria.webp\" \/>\n\t<meta property=\"og:image:width\" content=\"874\" \/>\n\t<meta property=\"og:image:height\" content=\"463\" \/>\n\t<meta property=\"og:image:type\" content=\"image\/webp\" \/>\n<meta name=\"author\" content=\"Paula Silva\" \/>\n<meta name=\"twitter:card\" content=\"summary_large_image\" \/>\n<meta name=\"twitter:label1\" content=\"Escrito por\" \/>\n\t<meta name=\"twitter:data1\" content=\"Paula Silva\" \/>\n\t<meta name=\"twitter:label2\" content=\"Est. tempo de leitura\" \/>\n\t<meta name=\"twitter:data2\" content=\"3 minutos\" \/>\n<script type=\"application\/ld+json\" class=\"yoast-schema-graph\">{\"@context\":\"https:\/\/schema.org\",\"@graph\":[{\"@type\":\"NewsArticle\",\"@id\":\"https:\/\/www.gaveanews.com\/index.php\/2025\/03\/06\/a-declaracao-de-lucho-rodriguez-direcionada-a-rogerio-ceni-no-bahia\/#article\",\"isPartOf\":{\"@id\":\"https:\/\/www.gaveanews.com\/index.php\/2025\/03\/06\/a-declaracao-de-lucho-rodriguez-direcionada-a-rogerio-ceni-no-bahia\/\"},\"author\":{\"name\":\"Paula Silva\",\"@id\":\"https:\/\/www.gaveanews.com\/#\/schema\/person\/daf63eec72e1164eb13dc35096c2b8da\"},\"headline\":\"A declara\u00e7\u00e3o de Lucho Rodriguez direcionada a Rog\u00e9rio Ceni, no Bahia\",\"datePublished\":\"2025-03-07T00:45:00+00:00\",\"mainEntityOfPage\":{\"@id\":\"https:\/\/www.gaveanews.com\/index.php\/2025\/03\/06\/a-declaracao-de-lucho-rodriguez-direcionada-a-rogerio-ceni-no-bahia\/\"},\"wordCount\":444,\"commentCount\":0,\"image\":{\"@id\":\"https:\/\/www.gaveanews.com\/index.php\/2025\/03\/06\/a-declaracao-de-lucho-rodriguez-direcionada-a-rogerio-ceni-no-bahia\/#primaryimage\"},\"thumbnailUrl\":\"https:\/\/www.gaveanews.com\/wp-content\/uploads\/Rogerio-Ceni-tecnico-do-Bahia-em-entrevista-coletiva-apos-o-classico-contra-o-Vitoria.webp\",\"articleSection\":[\"Bahia\"],\"inLanguage\":\"pt-BR\",\"potentialAction\":[{\"@type\":\"CommentAction\",\"name\":\"Comment\",\"target\":[\"https:\/\/www.gaveanews.com\/index.php\/2025\/03\/06\/a-declaracao-de-lucho-rodriguez-direcionada-a-rogerio-ceni-no-bahia\/#respond\"]}],\"copyrightYear\":\"2025\",\"copyrightHolder\":{\"@id\":\"https:\/\/www.gaveanews.com\/#organization\"}},{\"@type\":\"WebPage\",\"@id\":\"https:\/\/www.gaveanews.com\/index.php\/2025\/03\/06\/a-declaracao-de-lucho-rodriguez-direcionada-a-rogerio-ceni-no-bahia\/\",\"url\":\"https:\/\/www.gaveanews.com\/index.php\/2025\/03\/06\/a-declaracao-de-lucho-rodriguez-direcionada-a-rogerio-ceni-no-bahia\/\",\"name\":\"A declara\u00e7\u00e3o de Lucho Rodriguez direcionada a Rog\u00e9rio Ceni, no Bahia\",\"isPartOf\":{\"@id\":\"https:\/\/www.gaveanews.com\/#website\"},\"primaryImageOfPage\":{\"@id\":\"https:\/\/www.gaveanews.com\/index.php\/2025\/03\/06\/a-declaracao-de-lucho-rodriguez-direcionada-a-rogerio-ceni-no-bahia\/#primaryimage\"},\"image\":{\"@id\":\"https:\/\/www.gaveanews.com\/index.php\/2025\/03\/06\/a-declaracao-de-lucho-rodriguez-direcionada-a-rogerio-ceni-no-bahia\/#primaryimage\"},\"thumbnailUrl\":\"https:\/\/www.gaveanews.com\/wp-content\/uploads\/Rogerio-Ceni-tecnico-do-Bahia-em-entrevista-coletiva-apos-o-classico-contra-o-Vitoria.webp\",\"datePublished\":\"2025-03-07T00:45:00+00:00\",\"author\":{\"@id\":\"https:\/\/www.gaveanews.com\/#\/schema\/person\/daf63eec72e1164eb13dc35096c2b8da\"},\"breadcrumb\":{\"@id\":\"https:\/\/www.gaveanews.com\/index.php\/2025\/03\/06\/a-declaracao-de-lucho-rodriguez-direcionada-a-rogerio-ceni-no-bahia\/#breadcrumb\"},\"inLanguage\":\"pt-BR\",\"potentialAction\":[{\"@type\":\"ReadAction\",\"target\":[\"https:\/\/www.gaveanews.com\/index.php\/2025\/03\/06\/a-declaracao-de-lucho-rodriguez-direcionada-a-rogerio-ceni-no-bahia\/\"]}]},{\"@type\":\"ImageObject\",\"inLanguage\":\"pt-BR\",\"@id\":\"https:\/\/www.gaveanews.com\/index.php\/2025\/03\/06\/a-declaracao-de-lucho-rodriguez-direcionada-a-rogerio-ceni-no-bahia\/#primaryimage\",\"url\":\"https:\/\/www.gaveanews.com\/wp-content\/uploads\/Rogerio-Ceni-tecnico-do-Bahia-em-entrevista-coletiva-apos-o-classico-contra-o-Vitoria.webp\",\"contentUrl\":\"https:\/\/www.gaveanews.com\/wp-content\/uploads\/Rogerio-Ceni-tecnico-do-Bahia-em-entrevista-coletiva-apos-o-classico-contra-o-Vitoria.webp\",\"width\":874,\"height\":463,\"caption\":\"Rog\u00e9rio Ceni - Foto: Let\u00edcia Martins \/ EC Bahia\"},{\"@type\":\"BreadcrumbList\",\"@id\":\"https:\/\/www.gaveanews.com\/index.php\/2025\/03\/06\/a-declaracao-de-lucho-rodriguez-direcionada-a-rogerio-ceni-no-bahia\/#breadcrumb\",\"itemListElement\":[{\"@type\":\"ListItem\",\"position\":1,\"name\":\"Home\",\"item\":\"https:\/\/www.gaveanews.com\/\"},{\"@type\":\"ListItem\",\"position\":2,\"name\":\"A declara\u00e7\u00e3o de Lucho Rodriguez direcionada a Rog\u00e9rio Ceni, no Bahia\"}]},{\"@type\":\"WebSite\",\"@id\":\"https:\/\/www.gaveanews.com\/#website\",\"url\":\"https:\/\/www.gaveanews.com\/\",\"name\":\"G\u00e1vea News\",\"description\":\"Veja todas as not\u00edcias sobre o Flamengo: Contrata\u00e7\u00f5es, categorias de base, resultados das partidas, tabela de classifica\u00e7\u00e3o, pr\u00f3ximos jogos!\",\"potentialAction\":[{\"@type\":\"SearchAction\",\"target\":{\"@type\":\"EntryPoint\",\"urlTemplate\":\"https:\/\/www.gaveanews.com\/?s={search_term_string}\"},\"query-input\":{\"@type\":\"PropertyValueSpecification\",\"valueRequired\":true,\"valueName\":\"search_term_string\"}}],\"inLanguage\":\"pt-BR\"},{\"@type\":\"Person\",\"@id\":\"https:\/\/www.gaveanews.com\/#\/schema\/person\/daf63eec72e1164eb13dc35096c2b8da\",\"name\":\"Paula Silva\",\"image\":{\"@type\":\"ImageObject\",\"inLanguage\":\"pt-BR\",\"@id\":\"https:\/\/www.gaveanews.com\/#\/schema\/person\/image\/\",\"url\":\"https:\/\/secure.gravatar.com\/avatar\/eda381c845527cc5d64c13b901833cda29d97500ba040d3e6461f76f51d163bb?s=96&d=mm&r=g\",\"contentUrl\":\"https:\/\/secure.gravatar.com\/avatar\/eda381c845527cc5d64c13b901833cda29d97500ba040d3e6461f76f51d163bb?s=96&d=mm&r=g\",\"caption\":\"Paula Silva\"}}]}<\/script>\n<!-- \/ Yoast SEO Premium plugin. -->","yoast_head_json":{"title":"A declara\u00e7\u00e3o de Lucho Rodriguez direcionada a Rog\u00e9rio Ceni, no Bahia","robots":{"index":"index","follow":"follow","max-snippet":"max-snippet:-1","max-image-preview":"max-image-preview:large","max-video-preview":"max-video-preview:-1"},"canonical":"https:\/\/www.gaveanews.com\/index.php\/2025\/03\/06\/a-declaracao-de-lucho-rodriguez-direcionada-a-rogerio-ceni-no-bahia\/","og_locale":"pt_BR","og_type":"article","og_title":"A declara\u00e7\u00e3o de Lucho Rodriguez direcionada a Rog\u00e9rio Ceni, no Bahia","og_description":"Lucho Rodr\u00edguez segue se consolidando como um dos principais destaques do Bahia em 2025. O atacante uruguaio brilhou na goleada por 6 a 0 sobre o Colo-Colo ao marcar seu primeiro hat-trick pelo clube. Com isso, ele se tornou o artilheiro da equipe na temporada e refor\u00e7ou sua import\u00e2ncia no elenco comandado por Rog\u00e9rio Ceni. [&hellip;]","og_url":"https:\/\/www.gaveanews.com\/index.php\/2025\/03\/06\/a-declaracao-de-lucho-rodriguez-direcionada-a-rogerio-ceni-no-bahia\/","og_site_name":"G\u00e1vea News","article_publisher":"https:\/\/facebook.com\/gaveaNews\/","article_published_time":"2025-03-07T00:45:00+00:00","og_image":[{"width":874,"height":463,"url":"https:\/\/www.gaveanews.com\/wp-content\/uploads\/Rogerio-Ceni-tecnico-do-Bahia-em-entrevista-coletiva-apos-o-classico-contra-o-Vitoria.webp","type":"image\/webp"}],"author":"Paula Silva","twitter_card":"summary_large_image","twitter_misc":{"Escrito por":"Paula Silva","Est. tempo de leitura":"3 minutos"},"schema":{"@context":"https:\/\/schema.org","@graph":[{"@type":"NewsArticle","@id":"https:\/\/www.gaveanews.com\/index.php\/2025\/03\/06\/a-declaracao-de-lucho-rodriguez-direcionada-a-rogerio-ceni-no-bahia\/#article","isPartOf":{"@id":"https:\/\/www.gaveanews.com\/index.php\/2025\/03\/06\/a-declaracao-de-lucho-rodriguez-direcionada-a-rogerio-ceni-no-bahia\/"},"author":{"name":"Paula Silva","@id":"https:\/\/www.gaveanews.com\/#\/schema\/person\/daf63eec72e1164eb13dc35096c2b8da"},"headline":"A declara\u00e7\u00e3o de Lucho Rodriguez direcionada a Rog\u00e9rio Ceni, no Bahia","datePublished":"2025-03-07T00:45:00+00:00","mainEntityOfPage":{"@id":"https:\/\/www.gaveanews.com\/index.php\/2025\/03\/06\/a-declaracao-de-lucho-rodriguez-direcionada-a-rogerio-ceni-no-bahia\/"},"wordCount":444,"commentCount":0,"image":{"@id":"https:\/\/www.gaveanews.com\/index.php\/2025\/03\/06\/a-declaracao-de-lucho-rodriguez-direcionada-a-rogerio-ceni-no-bahia\/#primaryimage"},"thumbnailUrl":"https:\/\/www.gaveanews.com\/wp-content\/uploads\/Rogerio-Ceni-tecnico-do-Bahia-em-entrevista-coletiva-apos-o-classico-contra-o-Vitoria.webp","articleSection":["Bahia"],"inLanguage":"pt-BR","potentialAction":[{"@type":"CommentAction","name":"Comment","target":["https:\/\/www.gaveanews.com\/index.php\/2025\/03\/06\/a-declaracao-de-lucho-rodriguez-direcionada-a-rogerio-ceni-no-bahia\/#respond"]}],"copyrightYear":"2025","copyrightHolder":{"@id":"https:\/\/www.gaveanews.com\/#organization"}},{"@type":"WebPage","@id":"https:\/\/www.gaveanews.com\/index.php\/2025\/03\/06\/a-declaracao-de-lucho-rodriguez-direcionada-a-rogerio-ceni-no-bahia\/","url":"https:\/\/www.gaveanews.com\/index.php\/2025\/03\/06\/a-declaracao-de-lucho-rodriguez-direcionada-a-rogerio-ceni-no-bahia\/","name":"A declara\u00e7\u00e3o de Lucho Rodriguez direcionada a Rog\u00e9rio Ceni, no Bahia","isPartOf":{"@id":"https:\/\/www.gaveanews.com\/#website"},"primaryImageOfPage":{"@id":"https:\/\/www.gaveanews.com\/index.php\/2025\/03\/06\/a-declaracao-de-lucho-rodriguez-direcionada-a-rogerio-ceni-no-bahia\/#primaryimage"},"image":{"@id":"https:\/\/www.gaveanews.com\/index.php\/2025\/03\/06\/a-declaracao-de-lucho-rodriguez-direcionada-a-rogerio-ceni-no-bahia\/#primaryimage"},"thumbnailUrl":"https:\/\/www.gaveanews.com\/wp-content\/uploads\/Rogerio-Ceni-tecnico-do-Bahia-em-entrevista-coletiva-apos-o-classico-contra-o-Vitoria.webp","datePublished":"2025-03-07T00:45:00+00:00","author":{"@id":"https:\/\/www.gaveanews.com\/#\/schema\/person\/daf63eec72e1164eb13dc35096c2b8da"},"breadcrumb":{"@id":"https:\/\/www.gaveanews.com\/index.php\/2025\/03\/06\/a-declaracao-de-lucho-rodriguez-direcionada-a-rogerio-ceni-no-bahia\/#breadcrumb"},"inLanguage":"pt-BR","potentialAction":[{"@type":"ReadAction","target":["https:\/\/www.gaveanews.com\/index.php\/2025\/03\/06\/a-declaracao-de-lucho-rodriguez-direcionada-a-rogerio-ceni-no-bahia\/"]}]},{"@type":"ImageObject","inLanguage":"pt-BR","@id":"https:\/\/www.gaveanews.com\/index.php\/2025\/03\/06\/a-declaracao-de-lucho-rodriguez-direcionada-a-rogerio-ceni-no-bahia\/#primaryimage","url":"https:\/\/www.gaveanews.com\/wp-content\/uploads\/Rogerio-Ceni-tecnico-do-Bahia-em-entrevista-coletiva-apos-o-classico-contra-o-Vitoria.webp","contentUrl":"https:\/\/www.gaveanews.com\/wp-content\/uploads\/Rogerio-Ceni-tecnico-do-Bahia-em-entrevista-coletiva-apos-o-classico-contra-o-Vitoria.webp","width":874,"height":463,"caption":"Rog\u00e9rio Ceni - Foto: Let\u00edcia Martins \/ EC Bahia"},{"@type":"BreadcrumbList","@id":"https:\/\/www.gaveanews.com\/index.php\/2025\/03\/06\/a-declaracao-de-lucho-rodriguez-direcionada-a-rogerio-ceni-no-bahia\/#breadcrumb","itemListElement":[{"@type":"ListItem","position":1,"name":"Home","item":"https:\/\/www.gaveanews.com\/"},{"@type":"ListItem","position":2,"name":"A declara\u00e7\u00e3o de Lucho Rodriguez direcionada a Rog\u00e9rio Ceni, no Bahia"}]},{"@type":"WebSite","@id":"https:\/\/www.gaveanews.com\/#website","url":"https:\/\/www.gaveanews.com\/","name":"G\u00e1vea News","description":"Veja todas as not\u00edcias sobre o Flamengo: Contrata\u00e7\u00f5es, categorias de base, resultados das partidas, tabela de classifica\u00e7\u00e3o, pr\u00f3ximos jogos!","potentialAction":[{"@type":"SearchAction","target":{"@type":"EntryPoint","urlTemplate":"https:\/\/www.gaveanews.com\/?s={search_term_string}"},"query-input":{"@type":"PropertyValueSpecification","valueRequired":true,"valueName":"search_term_string"}}],"inLanguage":"pt-BR"},{"@type":"Person","@id":"https:\/\/www.gaveanews.com\/#\/schema\/person\/daf63eec72e1164eb13dc35096c2b8da","name":"Paula Silva","image":{"@type":"ImageObject","inLanguage":"pt-BR","@id":"https:\/\/www.gaveanews.com\/#\/schema\/person\/image\/","url":"https:\/\/secure.gravatar.com\/avatar\/eda381c845527cc5d64c13b901833cda29d97500ba040d3e6461f76f51d163bb?s=96&d=mm&r=g","contentUrl":"https:\/\/secure.gravatar.com\/avatar\/eda381c845527cc5d64c13b901833cda29d97500ba040d3e6461f76f51d163bb?s=96&d=mm&r=g","caption":"Paula Silva"}}]}},"_links":{"self":[{"href":"https:\/\/www.gaveanews.com\/index.php\/wp-json\/wp\/v2\/posts\/236944","targetHints":{"allow":["GET"]}}],"collection":[{"href":"https:\/\/www.gaveanews.com\/index.php\/wp-json\/wp\/v2\/posts"}],"about":[{"href":"https:\/\/www.gaveanews.com\/index.php\/wp-json\/wp\/v2\/types\/post"}],"author":[{"embeddable":true,"href":"https:\/\/www.gaveanews.com\/index.php\/wp-json\/wp\/v2\/users\/18"}],"replies":[{"embeddable":true,"href":"https:\/\/www.gaveanews.com\/index.php\/wp-json\/wp\/v2\/comments?post=236944"}],"version-history":[{"count":1,"href":"https:\/\/www.gaveanews.com\/index.php\/wp-json\/wp\/v2\/posts\/236944\/revisions"}],"predecessor-version":[{"id":236956,"href":"https:\/\/www.gaveanews.com\/index.php\/wp-json\/wp\/v2\/posts\/236944\/revisions\/236956"}],"wp:featuredmedia":[{"embeddable":true,"href":"https:\/\/www.gaveanews.com\/index.php\/wp-json\/wp\/v2\/media\/148504"}],"wp:attachment":[{"href":"https:\/\/www.gaveanews.com\/index.php\/wp-json\/wp\/v2\/media?parent=236944"}],"wp:term":[{"taxonomy":"category","embeddable":true,"href":"https:\/\/www.gaveanews.com\/index.php\/wp-json\/wp\/v2\/categories?post=236944"},{"taxonomy":"post_tag","embeddable":true,"href":"https:\/\/www.gaveanews.com\/index.php\/wp-json\/wp\/v2\/tags?post=236944"}],"curies":[{"name":"wp","href":"https:\/\/api.w.org\/{rel}","templated":true}]}}