{"id":236981,"date":"2025-03-06T23:30:00","date_gmt":"2025-03-07T02:30:00","guid":{"rendered":"https:\/\/www.gaveanews.com\/?p=236981"},"modified":"2025-03-06T21:36:25","modified_gmt":"2025-03-07T00:36:25","slug":"meio-campista-vai-assinar-com-o-atletico-mg-ate-2027","status":"publish","type":"post","link":"https:\/\/www.gaveanews.com\/index.php\/2025\/03\/06\/meio-campista-vai-assinar-com-o-atletico-mg-ate-2027\/","title":{"rendered":"Meio-campista vai assinar com o Atl\u00e9tico-MG at\u00e9 2027"},"content":{"rendered":"\n<p>O meio-campista equatoriano Alan Franco teve sua perman\u00eancia no Atl\u00e9tico-MG garantida por mais alguns anos. O clube acertou a renova\u00e7\u00e3o do contrato do volante at\u00e9 o fim de 2027, mantendo uma pe\u00e7a importante do elenco comandado pelo t\u00e9cnico Cuca. O novo v\u00ednculo j\u00e1 foi acordado entre as partes, restando apenas a assinatura formal do contrato.<\/p>\n\n\n\n<figure class=\"wp-block-image size-full\"><img loading=\"lazy\" decoding=\"async\" width=\"640\" height=\"582\" src=\"http:\/\/www.gaveanews.com\/wp-content\/uploads\/Alan-Franco-em-acao-pelo-Atletico-MG.webp\" alt=\"\" class=\"wp-image-171355\" srcset=\"https:\/\/www.gaveanews.com\/wp-content\/uploads\/Alan-Franco-em-acao-pelo-Atletico-MG.webp 640w, https:\/\/www.gaveanews.com\/wp-content\/uploads\/Alan-Franco-em-acao-pelo-Atletico-MG-300x273.webp 300w, https:\/\/www.gaveanews.com\/wp-content\/uploads\/Alan-Franco-em-acao-pelo-Atletico-MG-462x420.webp 462w, https:\/\/www.gaveanews.com\/wp-content\/uploads\/Alan-Franco-em-acao-pelo-Atletico-MG-100x91.webp 100w\" sizes=\"auto, (max-width: 640px) 100vw, 640px\" \/><figcaption class=\"wp-element-caption\">Alan Franco em a\u00e7\u00e3o pelo Atl\u00e9tico-MG  (Foto: Pedro Souza\/Atl\u00e9tico)<\/figcaption><\/figure>\n\n\n\n<p>Franco chegou ao Atl\u00e9tico-MG em 2020, mas, nos anos seguintes, passou por empr\u00e9stimos ao Charlotte FC, dos Estados Unidos, e ao Talleres, da Argentina. Somente em 2023, ap\u00f3s 18 meses fora, retornou ao clube alvinegro em busca de espa\u00e7o no time. Desde ent\u00e3o, consolidou-se como uma das pe\u00e7as fundamentais do elenco e garantiu um lugar entre os titulares.<\/p>\n\n\n\n<p>O volante tem sido presen\u00e7a constante na equipe, tendo participado de todas as partidas em que esteve dispon\u00edvel na temporada. Sob o comando de Cuca, tornou-se pe\u00e7a-chave tanto na marca\u00e7\u00e3o quanto na constru\u00e7\u00e3o de jogadas no meio-campo do Atl\u00e9tico-MG. Seu desempenho s\u00f3lido fez com que a diretoria priorizasse a renova\u00e7\u00e3o contratual.<\/p>\n\n\n\n<p>Al\u00e9m do destaque no clube mineiro, Alan Franco segue sendo convocado regularmente para a sele\u00e7\u00e3o equatoriana. O jogador, de 26 anos, esteve presente na \u00faltima convoca\u00e7\u00e3o para as eliminat\u00f3rias da Copa do Mundo, refor\u00e7ando sua import\u00e2ncia no cen\u00e1rio internacional.<\/p>\n\n\n\n<p>Em entrevista recente, o volante expressou seu desejo de permanecer no Atl\u00e9tico-MG e destacou sua adapta\u00e7\u00e3o \u00e0 cidade de Belo Horizonte. &#8220;Interesse sempre houve. Sou muito grato ao Galo, foi o primeiro clube que me levou para atuar fora do Equador. Minha fam\u00edlia e eu nos sentimos muito \u00e0 vontade aqui&#8221;, afirmou Franco.<\/p>\n\n\n\n<p>Com 128 partidas disputadas pelo Atl\u00e9tico-MG e tr\u00eas gols marcados, Alan Franco seguir\u00e1 vestindo a camisa alvinegra pelos pr\u00f3ximos anos. Sua renova\u00e7\u00e3o refor\u00e7a o planejamento do clube em manter uma base s\u00f3lida para as pr\u00f3ximas temporadas.<\/p>\n","protected":false},"excerpt":{"rendered":"<p>O meio-campista equatoriano Alan Franco teve sua perman\u00eancia no Atl\u00e9tico-MG garantida por mais alguns anos. O clube acertou a renova\u00e7\u00e3o do contrato do volante at\u00e9 o fim de 2027, mantendo uma pe\u00e7a importante do elenco comandado pelo t\u00e9cnico Cuca. O novo v\u00ednculo j\u00e1 foi acordado entre as partes, restando apenas a assinatura formal do contrato. [&hellip;]<\/p>\n","protected":false},"author":18,"featured_media":153999,"comment_status":"open","ping_status":"closed","sticky":false,"template":"","format":"standard","meta":{"footnotes":""},"categories":[136],"tags":[],"class_list":["post-236981","post","type-post","status-publish","format-standard","has-post-thumbnail","hentry","category-atletico-mg"],"yoast_head":"<!-- This site is optimized with the Yoast SEO Premium plugin v24.2 (Yoast SEO v26.9) - https:\/\/yoast.com\/product\/yoast-seo-premium-wordpress\/ -->\n<title>Meio-campista vai assinar com o Atl\u00e9tico-MG at\u00e9 2027<\/title>\n<meta name=\"robots\" content=\"index, follow, max-snippet:-1, max-image-preview:large, max-video-preview:-1\" \/>\n<link rel=\"canonical\" href=\"https:\/\/www.gaveanews.com\/index.php\/2025\/03\/06\/meio-campista-vai-assinar-com-o-atletico-mg-ate-2027\/\" \/>\n<meta property=\"og:locale\" content=\"pt_BR\" \/>\n<meta property=\"og:type\" content=\"article\" \/>\n<meta property=\"og:title\" content=\"Meio-campista vai assinar com o Atl\u00e9tico-MG at\u00e9 2027\" \/>\n<meta property=\"og:description\" content=\"O meio-campista equatoriano Alan Franco teve sua perman\u00eancia no Atl\u00e9tico-MG garantida por mais alguns anos. O clube acertou a renova\u00e7\u00e3o do contrato do volante at\u00e9 o fim de 2027, mantendo uma pe\u00e7a importante do elenco comandado pelo t\u00e9cnico Cuca. O novo v\u00ednculo j\u00e1 foi acordado entre as partes, restando apenas a assinatura formal do contrato. [&hellip;]\" \/>\n<meta property=\"og:url\" content=\"https:\/\/www.gaveanews.com\/index.php\/2025\/03\/06\/meio-campista-vai-assinar-com-o-atletico-mg-ate-2027\/\" \/>\n<meta property=\"og:site_name\" content=\"G\u00e1vea News\" \/>\n<meta property=\"article:publisher\" content=\"https:\/\/facebook.com\/gaveaNews\/\" \/>\n<meta property=\"article:published_time\" content=\"2025-03-07T02:30:00+00:00\" \/>\n<meta property=\"og:image\" content=\"https:\/\/www.gaveanews.com\/wp-content\/uploads\/Estadio-do-Atletico-MG.webp\" \/>\n\t<meta property=\"og:image:width\" content=\"900\" \/>\n\t<meta property=\"og:image:height\" content=\"600\" \/>\n\t<meta property=\"og:image:type\" content=\"image\/webp\" \/>\n<meta name=\"author\" content=\"Paula Silva\" \/>\n<meta name=\"twitter:card\" content=\"summary_large_image\" \/>\n<meta name=\"twitter:label1\" content=\"Escrito por\" \/>\n\t<meta name=\"twitter:data1\" content=\"Paula Silva\" \/>\n\t<meta name=\"twitter:label2\" content=\"Est. tempo de leitura\" \/>\n\t<meta name=\"twitter:data2\" content=\"3 minutos\" \/>\n<script type=\"application\/ld+json\" class=\"yoast-schema-graph\">{\"@context\":\"https:\/\/schema.org\",\"@graph\":[{\"@type\":\"NewsArticle\",\"@id\":\"https:\/\/www.gaveanews.com\/index.php\/2025\/03\/06\/meio-campista-vai-assinar-com-o-atletico-mg-ate-2027\/#article\",\"isPartOf\":{\"@id\":\"https:\/\/www.gaveanews.com\/index.php\/2025\/03\/06\/meio-campista-vai-assinar-com-o-atletico-mg-ate-2027\/\"},\"author\":{\"name\":\"Paula Silva\",\"@id\":\"https:\/\/www.gaveanews.com\/#\/schema\/person\/daf63eec72e1164eb13dc35096c2b8da\"},\"headline\":\"Meio-campista vai assinar com o Atl\u00e9tico-MG at\u00e9 2027\",\"datePublished\":\"2025-03-07T02:30:00+00:00\",\"mainEntityOfPage\":{\"@id\":\"https:\/\/www.gaveanews.com\/index.php\/2025\/03\/06\/meio-campista-vai-assinar-com-o-atletico-mg-ate-2027\/\"},\"wordCount\":342,\"commentCount\":0,\"image\":{\"@id\":\"https:\/\/www.gaveanews.com\/index.php\/2025\/03\/06\/meio-campista-vai-assinar-com-o-atletico-mg-ate-2027\/#primaryimage\"},\"thumbnailUrl\":\"https:\/\/www.gaveanews.com\/wp-content\/uploads\/Estadio-do-Atletico-MG.webp\",\"articleSection\":[\"Atl\u00e9tico-MG\"],\"inLanguage\":\"pt-BR\",\"potentialAction\":[{\"@type\":\"CommentAction\",\"name\":\"Comment\",\"target\":[\"https:\/\/www.gaveanews.com\/index.php\/2025\/03\/06\/meio-campista-vai-assinar-com-o-atletico-mg-ate-2027\/#respond\"]}],\"copyrightYear\":\"2025\",\"copyrightHolder\":{\"@id\":\"https:\/\/www.gaveanews.com\/#organization\"}},{\"@type\":\"WebPage\",\"@id\":\"https:\/\/www.gaveanews.com\/index.php\/2025\/03\/06\/meio-campista-vai-assinar-com-o-atletico-mg-ate-2027\/\",\"url\":\"https:\/\/www.gaveanews.com\/index.php\/2025\/03\/06\/meio-campista-vai-assinar-com-o-atletico-mg-ate-2027\/\",\"name\":\"Meio-campista vai assinar com o Atl\u00e9tico-MG at\u00e9 2027\",\"isPartOf\":{\"@id\":\"https:\/\/www.gaveanews.com\/#website\"},\"primaryImageOfPage\":{\"@id\":\"https:\/\/www.gaveanews.com\/index.php\/2025\/03\/06\/meio-campista-vai-assinar-com-o-atletico-mg-ate-2027\/#primaryimage\"},\"image\":{\"@id\":\"https:\/\/www.gaveanews.com\/index.php\/2025\/03\/06\/meio-campista-vai-assinar-com-o-atletico-mg-ate-2027\/#primaryimage\"},\"thumbnailUrl\":\"https:\/\/www.gaveanews.com\/wp-content\/uploads\/Estadio-do-Atletico-MG.webp\",\"datePublished\":\"2025-03-07T02:30:00+00:00\",\"author\":{\"@id\":\"https:\/\/www.gaveanews.com\/#\/schema\/person\/daf63eec72e1164eb13dc35096c2b8da\"},\"breadcrumb\":{\"@id\":\"https:\/\/www.gaveanews.com\/index.php\/2025\/03\/06\/meio-campista-vai-assinar-com-o-atletico-mg-ate-2027\/#breadcrumb\"},\"inLanguage\":\"pt-BR\",\"potentialAction\":[{\"@type\":\"ReadAction\",\"target\":[\"https:\/\/www.gaveanews.com\/index.php\/2025\/03\/06\/meio-campista-vai-assinar-com-o-atletico-mg-ate-2027\/\"]}]},{\"@type\":\"ImageObject\",\"inLanguage\":\"pt-BR\",\"@id\":\"https:\/\/www.gaveanews.com\/index.php\/2025\/03\/06\/meio-campista-vai-assinar-com-o-atletico-mg-ate-2027\/#primaryimage\",\"url\":\"https:\/\/www.gaveanews.com\/wp-content\/uploads\/Estadio-do-Atletico-MG.webp\",\"contentUrl\":\"https:\/\/www.gaveanews.com\/wp-content\/uploads\/Estadio-do-Atletico-MG.webp\",\"width\":900,\"height\":600,\"caption\":\"Arena MRV, est\u00e1dio do Atl\u00e9tico-MG (Foto: Reprodu\u00e7\u00e3o\/Atl\u00e9tico)\"},{\"@type\":\"BreadcrumbList\",\"@id\":\"https:\/\/www.gaveanews.com\/index.php\/2025\/03\/06\/meio-campista-vai-assinar-com-o-atletico-mg-ate-2027\/#breadcrumb\",\"itemListElement\":[{\"@type\":\"ListItem\",\"position\":1,\"name\":\"Home\",\"item\":\"https:\/\/www.gaveanews.com\/\"},{\"@type\":\"ListItem\",\"position\":2,\"name\":\"Meio-campista vai assinar com o Atl\u00e9tico-MG at\u00e9 2027\"}]},{\"@type\":\"WebSite\",\"@id\":\"https:\/\/www.gaveanews.com\/#website\",\"url\":\"https:\/\/www.gaveanews.com\/\",\"name\":\"G\u00e1vea News\",\"description\":\"Veja todas as not\u00edcias sobre o Flamengo: Contrata\u00e7\u00f5es, categorias de base, resultados das partidas, tabela de classifica\u00e7\u00e3o, pr\u00f3ximos jogos!\",\"potentialAction\":[{\"@type\":\"SearchAction\",\"target\":{\"@type\":\"EntryPoint\",\"urlTemplate\":\"https:\/\/www.gaveanews.com\/?s={search_term_string}\"},\"query-input\":{\"@type\":\"PropertyValueSpecification\",\"valueRequired\":true,\"valueName\":\"search_term_string\"}}],\"inLanguage\":\"pt-BR\"},{\"@type\":\"Person\",\"@id\":\"https:\/\/www.gaveanews.com\/#\/schema\/person\/daf63eec72e1164eb13dc35096c2b8da\",\"name\":\"Paula Silva\",\"image\":{\"@type\":\"ImageObject\",\"inLanguage\":\"pt-BR\",\"@id\":\"https:\/\/www.gaveanews.com\/#\/schema\/person\/image\/\",\"url\":\"https:\/\/secure.gravatar.com\/avatar\/eda381c845527cc5d64c13b901833cda29d97500ba040d3e6461f76f51d163bb?s=96&d=mm&r=g\",\"contentUrl\":\"https:\/\/secure.gravatar.com\/avatar\/eda381c845527cc5d64c13b901833cda29d97500ba040d3e6461f76f51d163bb?s=96&d=mm&r=g\",\"caption\":\"Paula Silva\"}}]}<\/script>\n<!-- \/ Yoast SEO Premium plugin. -->","yoast_head_json":{"title":"Meio-campista vai assinar com o Atl\u00e9tico-MG at\u00e9 2027","robots":{"index":"index","follow":"follow","max-snippet":"max-snippet:-1","max-image-preview":"max-image-preview:large","max-video-preview":"max-video-preview:-1"},"canonical":"https:\/\/www.gaveanews.com\/index.php\/2025\/03\/06\/meio-campista-vai-assinar-com-o-atletico-mg-ate-2027\/","og_locale":"pt_BR","og_type":"article","og_title":"Meio-campista vai assinar com o Atl\u00e9tico-MG at\u00e9 2027","og_description":"O meio-campista equatoriano Alan Franco teve sua perman\u00eancia no Atl\u00e9tico-MG garantida por mais alguns anos. O clube acertou a renova\u00e7\u00e3o do contrato do volante at\u00e9 o fim de 2027, mantendo uma pe\u00e7a importante do elenco comandado pelo t\u00e9cnico Cuca. O novo v\u00ednculo j\u00e1 foi acordado entre as partes, restando apenas a assinatura formal do contrato. [&hellip;]","og_url":"https:\/\/www.gaveanews.com\/index.php\/2025\/03\/06\/meio-campista-vai-assinar-com-o-atletico-mg-ate-2027\/","og_site_name":"G\u00e1vea News","article_publisher":"https:\/\/facebook.com\/gaveaNews\/","article_published_time":"2025-03-07T02:30:00+00:00","og_image":[{"width":900,"height":600,"url":"https:\/\/www.gaveanews.com\/wp-content\/uploads\/Estadio-do-Atletico-MG.webp","type":"image\/webp"}],"author":"Paula Silva","twitter_card":"summary_large_image","twitter_misc":{"Escrito por":"Paula Silva","Est. tempo de leitura":"3 minutos"},"schema":{"@context":"https:\/\/schema.org","@graph":[{"@type":"NewsArticle","@id":"https:\/\/www.gaveanews.com\/index.php\/2025\/03\/06\/meio-campista-vai-assinar-com-o-atletico-mg-ate-2027\/#article","isPartOf":{"@id":"https:\/\/www.gaveanews.com\/index.php\/2025\/03\/06\/meio-campista-vai-assinar-com-o-atletico-mg-ate-2027\/"},"author":{"name":"Paula Silva","@id":"https:\/\/www.gaveanews.com\/#\/schema\/person\/daf63eec72e1164eb13dc35096c2b8da"},"headline":"Meio-campista vai assinar com o Atl\u00e9tico-MG at\u00e9 2027","datePublished":"2025-03-07T02:30:00+00:00","mainEntityOfPage":{"@id":"https:\/\/www.gaveanews.com\/index.php\/2025\/03\/06\/meio-campista-vai-assinar-com-o-atletico-mg-ate-2027\/"},"wordCount":342,"commentCount":0,"image":{"@id":"https:\/\/www.gaveanews.com\/index.php\/2025\/03\/06\/meio-campista-vai-assinar-com-o-atletico-mg-ate-2027\/#primaryimage"},"thumbnailUrl":"https:\/\/www.gaveanews.com\/wp-content\/uploads\/Estadio-do-Atletico-MG.webp","articleSection":["Atl\u00e9tico-MG"],"inLanguage":"pt-BR","potentialAction":[{"@type":"CommentAction","name":"Comment","target":["https:\/\/www.gaveanews.com\/index.php\/2025\/03\/06\/meio-campista-vai-assinar-com-o-atletico-mg-ate-2027\/#respond"]}],"copyrightYear":"2025","copyrightHolder":{"@id":"https:\/\/www.gaveanews.com\/#organization"}},{"@type":"WebPage","@id":"https:\/\/www.gaveanews.com\/index.php\/2025\/03\/06\/meio-campista-vai-assinar-com-o-atletico-mg-ate-2027\/","url":"https:\/\/www.gaveanews.com\/index.php\/2025\/03\/06\/meio-campista-vai-assinar-com-o-atletico-mg-ate-2027\/","name":"Meio-campista vai assinar com o Atl\u00e9tico-MG at\u00e9 2027","isPartOf":{"@id":"https:\/\/www.gaveanews.com\/#website"},"primaryImageOfPage":{"@id":"https:\/\/www.gaveanews.com\/index.php\/2025\/03\/06\/meio-campista-vai-assinar-com-o-atletico-mg-ate-2027\/#primaryimage"},"image":{"@id":"https:\/\/www.gaveanews.com\/index.php\/2025\/03\/06\/meio-campista-vai-assinar-com-o-atletico-mg-ate-2027\/#primaryimage"},"thumbnailUrl":"https:\/\/www.gaveanews.com\/wp-content\/uploads\/Estadio-do-Atletico-MG.webp","datePublished":"2025-03-07T02:30:00+00:00","author":{"@id":"https:\/\/www.gaveanews.com\/#\/schema\/person\/daf63eec72e1164eb13dc35096c2b8da"},"breadcrumb":{"@id":"https:\/\/www.gaveanews.com\/index.php\/2025\/03\/06\/meio-campista-vai-assinar-com-o-atletico-mg-ate-2027\/#breadcrumb"},"inLanguage":"pt-BR","potentialAction":[{"@type":"ReadAction","target":["https:\/\/www.gaveanews.com\/index.php\/2025\/03\/06\/meio-campista-vai-assinar-com-o-atletico-mg-ate-2027\/"]}]},{"@type":"ImageObject","inLanguage":"pt-BR","@id":"https:\/\/www.gaveanews.com\/index.php\/2025\/03\/06\/meio-campista-vai-assinar-com-o-atletico-mg-ate-2027\/#primaryimage","url":"https:\/\/www.gaveanews.com\/wp-content\/uploads\/Estadio-do-Atletico-MG.webp","contentUrl":"https:\/\/www.gaveanews.com\/wp-content\/uploads\/Estadio-do-Atletico-MG.webp","width":900,"height":600,"caption":"Arena MRV, est\u00e1dio do Atl\u00e9tico-MG (Foto: Reprodu\u00e7\u00e3o\/Atl\u00e9tico)"},{"@type":"BreadcrumbList","@id":"https:\/\/www.gaveanews.com\/index.php\/2025\/03\/06\/meio-campista-vai-assinar-com-o-atletico-mg-ate-2027\/#breadcrumb","itemListElement":[{"@type":"ListItem","position":1,"name":"Home","item":"https:\/\/www.gaveanews.com\/"},{"@type":"ListItem","position":2,"name":"Meio-campista vai assinar com o Atl\u00e9tico-MG at\u00e9 2027"}]},{"@type":"WebSite","@id":"https:\/\/www.gaveanews.com\/#website","url":"https:\/\/www.gaveanews.com\/","name":"G\u00e1vea News","description":"Veja todas as not\u00edcias sobre o Flamengo: Contrata\u00e7\u00f5es, categorias de base, resultados das partidas, tabela de classifica\u00e7\u00e3o, pr\u00f3ximos jogos!","potentialAction":[{"@type":"SearchAction","target":{"@type":"EntryPoint","urlTemplate":"https:\/\/www.gaveanews.com\/?s={search_term_string}"},"query-input":{"@type":"PropertyValueSpecification","valueRequired":true,"valueName":"search_term_string"}}],"inLanguage":"pt-BR"},{"@type":"Person","@id":"https:\/\/www.gaveanews.com\/#\/schema\/person\/daf63eec72e1164eb13dc35096c2b8da","name":"Paula Silva","image":{"@type":"ImageObject","inLanguage":"pt-BR","@id":"https:\/\/www.gaveanews.com\/#\/schema\/person\/image\/","url":"https:\/\/secure.gravatar.com\/avatar\/eda381c845527cc5d64c13b901833cda29d97500ba040d3e6461f76f51d163bb?s=96&d=mm&r=g","contentUrl":"https:\/\/secure.gravatar.com\/avatar\/eda381c845527cc5d64c13b901833cda29d97500ba040d3e6461f76f51d163bb?s=96&d=mm&r=g","caption":"Paula Silva"}}]}},"_links":{"self":[{"href":"https:\/\/www.gaveanews.com\/index.php\/wp-json\/wp\/v2\/posts\/236981","targetHints":{"allow":["GET"]}}],"collection":[{"href":"https:\/\/www.gaveanews.com\/index.php\/wp-json\/wp\/v2\/posts"}],"about":[{"href":"https:\/\/www.gaveanews.com\/index.php\/wp-json\/wp\/v2\/types\/post"}],"author":[{"embeddable":true,"href":"https:\/\/www.gaveanews.com\/index.php\/wp-json\/wp\/v2\/users\/18"}],"replies":[{"embeddable":true,"href":"https:\/\/www.gaveanews.com\/index.php\/wp-json\/wp\/v2\/comments?post=236981"}],"version-history":[{"count":1,"href":"https:\/\/www.gaveanews.com\/index.php\/wp-json\/wp\/v2\/posts\/236981\/revisions"}],"predecessor-version":[{"id":237004,"href":"https:\/\/www.gaveanews.com\/index.php\/wp-json\/wp\/v2\/posts\/236981\/revisions\/237004"}],"wp:featuredmedia":[{"embeddable":true,"href":"https:\/\/www.gaveanews.com\/index.php\/wp-json\/wp\/v2\/media\/153999"}],"wp:attachment":[{"href":"https:\/\/www.gaveanews.com\/index.php\/wp-json\/wp\/v2\/media?parent=236981"}],"wp:term":[{"taxonomy":"category","embeddable":true,"href":"https:\/\/www.gaveanews.com\/index.php\/wp-json\/wp\/v2\/categories?post=236981"},{"taxonomy":"post_tag","embeddable":true,"href":"https:\/\/www.gaveanews.com\/index.php\/wp-json\/wp\/v2\/tags?post=236981"}],"curies":[{"name":"wp","href":"https:\/\/api.w.org\/{rel}","templated":true}]}}