{"id":237007,"date":"2025-03-06T23:35:00","date_gmt":"2025-03-07T02:35:00","guid":{"rendered":"https:\/\/www.gaveanews.com\/?p=237007"},"modified":"2025-03-06T21:42:35","modified_gmt":"2025-03-07T00:42:35","slug":"atletico-mg-acerta-troca-de-jogadores","status":"publish","type":"post","link":"https:\/\/www.gaveanews.com\/index.php\/2025\/03\/06\/atletico-mg-acerta-troca-de-jogadores\/","title":{"rendered":"Atl\u00e9tico-MG acerta troca de jogadores"},"content":{"rendered":"\n<p>O Atl\u00e9tico-MG oficializou a contrata\u00e7\u00e3o do atacante Jo\u00e3o Marcelo, de 19 anos, que vinha se destacando pelo Guarani no Campeonato Paulista. O jogador assinou contrato com o clube mineiro at\u00e9 2029, ap\u00f3s uma negocia\u00e7\u00e3o que envolveu compensa\u00e7\u00e3o financeira e a manuten\u00e7\u00e3o de um percentual dos direitos econ\u00f4micos para o Guarani.<\/p>\n\n\n\n<p>A transfer\u00eancia de Jo\u00e3o Marcelo gerou concorr\u00eancia, j\u00e1 que o Corinthians tamb\u00e9m demonstrou interesse no atleta. No entanto, o atacante optou pelo Atl\u00e9tico-MG, motivado pela liga\u00e7\u00e3o de sua fam\u00edlia com o clube e pela expectativa de receber mais oportunidades dentro de campo.<\/p>\n\n\n\n<p>Como parte do acordo, o Atl\u00e9tico-MG se comprometeu a ceder jogadores ao Guarani, embora os nomes dos atletas que refor\u00e7ar\u00e3o o elenco do time paulista ainda n\u00e3o tenham sido definidos. Segundo o dirigente do Galo, Paulo Bracks, a equipe mineira ajudar\u00e1 na montagem do elenco do Guarani para a disputa da S\u00e9rie C do Campeonato Brasileiro.<\/p>\n\n\n\n<p>A trajet\u00f3ria de Jo\u00e3o Marcelo no futebol ganhou destaque em 2024, quando chegou ao Guarani ap\u00f3s passagens por Monte Azul, Rio Preto, Barretos e Atl\u00e9tico Tubar\u00e3o. Sua ascens\u00e3o foi impulsionada pela excelente campanha na Copa S\u00e3o Paulo de Futebol J\u00fanior, onde marcou cinco gols em cinco jogos, incluindo um contra o pr\u00f3prio Atl\u00e9tico-MG, chamando a aten\u00e7\u00e3o do clube.<\/p>\n\n\n\n<p>No Paulist\u00e3o, o atacante assumiu rapidamente a titularidade no Guarani, balan\u00e7ando as redes quatro vezes e distribuindo duas assist\u00eancias. Seu primeiro gol como profissional foi contra o Noroeste, no Brinco de Ouro, um momento que o jogador descreveu como inesquec\u00edvel. O desempenho contra o Corinthians, em Itaquera, tamb\u00e9m atraiu olhares, mas a escolha final foi pelo Galo.<\/p>\n\n\n\n<p>Apesar da r\u00e1pida valoriza\u00e7\u00e3o, Jo\u00e3o Marcelo teve um in\u00edcio modesto no Guarani. Quando chegou ao clube, em julho de 2024, recebia um sal\u00e1rio de R$ 1,5 mil e morava no alojamento do est\u00e1dio. Com a crescente import\u00e2ncia no elenco, o Guarani tentou renovar seu contrato, oferecendo reajuste salarial e aumento na multa rescis\u00f3ria. No entanto, as negocia\u00e7\u00f5es n\u00e3o avan\u00e7aram, levando \u00e0 transfer\u00eancia para o Atl\u00e9tico-MG.<\/p>\n\n\n\n<p>Agora, Jo\u00e3o Marcelo inicia uma nova etapa na carreira, buscando consolidar-se no futebol brasileiro com a camisa do Galo.<\/p>\n","protected":false},"excerpt":{"rendered":"<p>O Atl\u00e9tico-MG oficializou a contrata\u00e7\u00e3o do atacante Jo\u00e3o Marcelo, de 19 anos, que vinha se destacando pelo Guarani no Campeonato Paulista. O jogador assinou contrato com o clube mineiro at\u00e9 2029, ap\u00f3s uma negocia\u00e7\u00e3o que envolveu compensa\u00e7\u00e3o financeira e a manuten\u00e7\u00e3o de um percentual dos direitos econ\u00f4micos para o Guarani. A transfer\u00eancia de Jo\u00e3o Marcelo [&hellip;]<\/p>\n","protected":false},"author":18,"featured_media":109263,"comment_status":"open","ping_status":"closed","sticky":false,"template":"","format":"standard","meta":{"footnotes":""},"categories":[136],"tags":[],"class_list":["post-237007","post","type-post","status-publish","format-standard","has-post-thumbnail","hentry","category-atletico-mg"],"yoast_head":"<!-- This site is optimized with the Yoast SEO Premium plugin v24.2 (Yoast SEO v26.9) - https:\/\/yoast.com\/product\/yoast-seo-premium-wordpress\/ -->\n<title>Atl\u00e9tico-MG acerta troca de jogadores<\/title>\n<meta name=\"robots\" content=\"index, follow, max-snippet:-1, max-image-preview:large, max-video-preview:-1\" \/>\n<link rel=\"canonical\" href=\"https:\/\/www.gaveanews.com\/index.php\/2025\/03\/06\/atletico-mg-acerta-troca-de-jogadores\/\" \/>\n<meta property=\"og:locale\" content=\"pt_BR\" \/>\n<meta property=\"og:type\" content=\"article\" \/>\n<meta property=\"og:title\" content=\"Atl\u00e9tico-MG acerta troca de jogadores\" \/>\n<meta property=\"og:description\" content=\"O Atl\u00e9tico-MG oficializou a contrata\u00e7\u00e3o do atacante Jo\u00e3o Marcelo, de 19 anos, que vinha se destacando pelo Guarani no Campeonato Paulista. O jogador assinou contrato com o clube mineiro at\u00e9 2029, ap\u00f3s uma negocia\u00e7\u00e3o que envolveu compensa\u00e7\u00e3o financeira e a manuten\u00e7\u00e3o de um percentual dos direitos econ\u00f4micos para o Guarani. A transfer\u00eancia de Jo\u00e3o Marcelo [&hellip;]\" \/>\n<meta property=\"og:url\" content=\"https:\/\/www.gaveanews.com\/index.php\/2025\/03\/06\/atletico-mg-acerta-troca-de-jogadores\/\" \/>\n<meta property=\"og:site_name\" content=\"G\u00e1vea News\" \/>\n<meta property=\"article:publisher\" content=\"https:\/\/facebook.com\/gaveaNews\/\" \/>\n<meta property=\"article:published_time\" content=\"2025-03-07T02:35:00+00:00\" \/>\n<meta property=\"og:image\" content=\"https:\/\/www.gaveanews.com\/wp-content\/uploads\/arena-mrv-atletico-mg.webp\" \/>\n\t<meta property=\"og:image:width\" content=\"732\" \/>\n\t<meta property=\"og:image:height\" content=\"412\" \/>\n\t<meta property=\"og:image:type\" content=\"image\/webp\" \/>\n<meta name=\"author\" content=\"Paula Silva\" \/>\n<meta name=\"twitter:card\" content=\"summary_large_image\" \/>\n<meta name=\"twitter:label1\" content=\"Escrito por\" \/>\n\t<meta name=\"twitter:data1\" content=\"Paula Silva\" \/>\n\t<meta name=\"twitter:label2\" content=\"Est. tempo de leitura\" \/>\n\t<meta name=\"twitter:data2\" content=\"3 minutos\" \/>\n<script type=\"application\/ld+json\" class=\"yoast-schema-graph\">{\"@context\":\"https:\/\/schema.org\",\"@graph\":[{\"@type\":\"NewsArticle\",\"@id\":\"https:\/\/www.gaveanews.com\/index.php\/2025\/03\/06\/atletico-mg-acerta-troca-de-jogadores\/#article\",\"isPartOf\":{\"@id\":\"https:\/\/www.gaveanews.com\/index.php\/2025\/03\/06\/atletico-mg-acerta-troca-de-jogadores\/\"},\"author\":{\"name\":\"Paula Silva\",\"@id\":\"https:\/\/www.gaveanews.com\/#\/schema\/person\/daf63eec72e1164eb13dc35096c2b8da\"},\"headline\":\"Atl\u00e9tico-MG acerta troca de jogadores\",\"datePublished\":\"2025-03-07T02:35:00+00:00\",\"mainEntityOfPage\":{\"@id\":\"https:\/\/www.gaveanews.com\/index.php\/2025\/03\/06\/atletico-mg-acerta-troca-de-jogadores\/\"},\"wordCount\":397,\"commentCount\":0,\"image\":{\"@id\":\"https:\/\/www.gaveanews.com\/index.php\/2025\/03\/06\/atletico-mg-acerta-troca-de-jogadores\/#primaryimage\"},\"thumbnailUrl\":\"https:\/\/www.gaveanews.com\/wp-content\/uploads\/arena-mrv-atletico-mg.webp\",\"articleSection\":[\"Atl\u00e9tico-MG\"],\"inLanguage\":\"pt-BR\",\"potentialAction\":[{\"@type\":\"CommentAction\",\"name\":\"Comment\",\"target\":[\"https:\/\/www.gaveanews.com\/index.php\/2025\/03\/06\/atletico-mg-acerta-troca-de-jogadores\/#respond\"]}],\"copyrightYear\":\"2025\",\"copyrightHolder\":{\"@id\":\"https:\/\/www.gaveanews.com\/#organization\"}},{\"@type\":\"WebPage\",\"@id\":\"https:\/\/www.gaveanews.com\/index.php\/2025\/03\/06\/atletico-mg-acerta-troca-de-jogadores\/\",\"url\":\"https:\/\/www.gaveanews.com\/index.php\/2025\/03\/06\/atletico-mg-acerta-troca-de-jogadores\/\",\"name\":\"Atl\u00e9tico-MG acerta troca de jogadores\",\"isPartOf\":{\"@id\":\"https:\/\/www.gaveanews.com\/#website\"},\"primaryImageOfPage\":{\"@id\":\"https:\/\/www.gaveanews.com\/index.php\/2025\/03\/06\/atletico-mg-acerta-troca-de-jogadores\/#primaryimage\"},\"image\":{\"@id\":\"https:\/\/www.gaveanews.com\/index.php\/2025\/03\/06\/atletico-mg-acerta-troca-de-jogadores\/#primaryimage\"},\"thumbnailUrl\":\"https:\/\/www.gaveanews.com\/wp-content\/uploads\/arena-mrv-atletico-mg.webp\",\"datePublished\":\"2025-03-07T02:35:00+00:00\",\"author\":{\"@id\":\"https:\/\/www.gaveanews.com\/#\/schema\/person\/daf63eec72e1164eb13dc35096c2b8da\"},\"breadcrumb\":{\"@id\":\"https:\/\/www.gaveanews.com\/index.php\/2025\/03\/06\/atletico-mg-acerta-troca-de-jogadores\/#breadcrumb\"},\"inLanguage\":\"pt-BR\",\"potentialAction\":[{\"@type\":\"ReadAction\",\"target\":[\"https:\/\/www.gaveanews.com\/index.php\/2025\/03\/06\/atletico-mg-acerta-troca-de-jogadores\/\"]}]},{\"@type\":\"ImageObject\",\"inLanguage\":\"pt-BR\",\"@id\":\"https:\/\/www.gaveanews.com\/index.php\/2025\/03\/06\/atletico-mg-acerta-troca-de-jogadores\/#primaryimage\",\"url\":\"https:\/\/www.gaveanews.com\/wp-content\/uploads\/arena-mrv-atletico-mg.webp\",\"contentUrl\":\"https:\/\/www.gaveanews.com\/wp-content\/uploads\/arena-mrv-atletico-mg.webp\",\"width\":732,\"height\":412,\"caption\":\"Arena MRV, est\u00e1dio do Atl\u00e9tico-MG (Foto: Pedro Souza\/Atl\u00e9tico-MG)\"},{\"@type\":\"BreadcrumbList\",\"@id\":\"https:\/\/www.gaveanews.com\/index.php\/2025\/03\/06\/atletico-mg-acerta-troca-de-jogadores\/#breadcrumb\",\"itemListElement\":[{\"@type\":\"ListItem\",\"position\":1,\"name\":\"Home\",\"item\":\"https:\/\/www.gaveanews.com\/\"},{\"@type\":\"ListItem\",\"position\":2,\"name\":\"Atl\u00e9tico-MG acerta troca de jogadores\"}]},{\"@type\":\"WebSite\",\"@id\":\"https:\/\/www.gaveanews.com\/#website\",\"url\":\"https:\/\/www.gaveanews.com\/\",\"name\":\"G\u00e1vea News\",\"description\":\"Veja todas as not\u00edcias sobre o Flamengo: Contrata\u00e7\u00f5es, categorias de base, resultados das partidas, tabela de classifica\u00e7\u00e3o, pr\u00f3ximos jogos!\",\"potentialAction\":[{\"@type\":\"SearchAction\",\"target\":{\"@type\":\"EntryPoint\",\"urlTemplate\":\"https:\/\/www.gaveanews.com\/?s={search_term_string}\"},\"query-input\":{\"@type\":\"PropertyValueSpecification\",\"valueRequired\":true,\"valueName\":\"search_term_string\"}}],\"inLanguage\":\"pt-BR\"},{\"@type\":\"Person\",\"@id\":\"https:\/\/www.gaveanews.com\/#\/schema\/person\/daf63eec72e1164eb13dc35096c2b8da\",\"name\":\"Paula Silva\",\"image\":{\"@type\":\"ImageObject\",\"inLanguage\":\"pt-BR\",\"@id\":\"https:\/\/www.gaveanews.com\/#\/schema\/person\/image\/\",\"url\":\"https:\/\/secure.gravatar.com\/avatar\/eda381c845527cc5d64c13b901833cda29d97500ba040d3e6461f76f51d163bb?s=96&d=mm&r=g\",\"contentUrl\":\"https:\/\/secure.gravatar.com\/avatar\/eda381c845527cc5d64c13b901833cda29d97500ba040d3e6461f76f51d163bb?s=96&d=mm&r=g\",\"caption\":\"Paula Silva\"}}]}<\/script>\n<!-- \/ Yoast SEO Premium plugin. -->","yoast_head_json":{"title":"Atl\u00e9tico-MG acerta troca de jogadores","robots":{"index":"index","follow":"follow","max-snippet":"max-snippet:-1","max-image-preview":"max-image-preview:large","max-video-preview":"max-video-preview:-1"},"canonical":"https:\/\/www.gaveanews.com\/index.php\/2025\/03\/06\/atletico-mg-acerta-troca-de-jogadores\/","og_locale":"pt_BR","og_type":"article","og_title":"Atl\u00e9tico-MG acerta troca de jogadores","og_description":"O Atl\u00e9tico-MG oficializou a contrata\u00e7\u00e3o do atacante Jo\u00e3o Marcelo, de 19 anos, que vinha se destacando pelo Guarani no Campeonato Paulista. O jogador assinou contrato com o clube mineiro at\u00e9 2029, ap\u00f3s uma negocia\u00e7\u00e3o que envolveu compensa\u00e7\u00e3o financeira e a manuten\u00e7\u00e3o de um percentual dos direitos econ\u00f4micos para o Guarani. A transfer\u00eancia de Jo\u00e3o Marcelo [&hellip;]","og_url":"https:\/\/www.gaveanews.com\/index.php\/2025\/03\/06\/atletico-mg-acerta-troca-de-jogadores\/","og_site_name":"G\u00e1vea News","article_publisher":"https:\/\/facebook.com\/gaveaNews\/","article_published_time":"2025-03-07T02:35:00+00:00","og_image":[{"width":732,"height":412,"url":"https:\/\/www.gaveanews.com\/wp-content\/uploads\/arena-mrv-atletico-mg.webp","type":"image\/webp"}],"author":"Paula Silva","twitter_card":"summary_large_image","twitter_misc":{"Escrito por":"Paula Silva","Est. tempo de leitura":"3 minutos"},"schema":{"@context":"https:\/\/schema.org","@graph":[{"@type":"NewsArticle","@id":"https:\/\/www.gaveanews.com\/index.php\/2025\/03\/06\/atletico-mg-acerta-troca-de-jogadores\/#article","isPartOf":{"@id":"https:\/\/www.gaveanews.com\/index.php\/2025\/03\/06\/atletico-mg-acerta-troca-de-jogadores\/"},"author":{"name":"Paula Silva","@id":"https:\/\/www.gaveanews.com\/#\/schema\/person\/daf63eec72e1164eb13dc35096c2b8da"},"headline":"Atl\u00e9tico-MG acerta troca de jogadores","datePublished":"2025-03-07T02:35:00+00:00","mainEntityOfPage":{"@id":"https:\/\/www.gaveanews.com\/index.php\/2025\/03\/06\/atletico-mg-acerta-troca-de-jogadores\/"},"wordCount":397,"commentCount":0,"image":{"@id":"https:\/\/www.gaveanews.com\/index.php\/2025\/03\/06\/atletico-mg-acerta-troca-de-jogadores\/#primaryimage"},"thumbnailUrl":"https:\/\/www.gaveanews.com\/wp-content\/uploads\/arena-mrv-atletico-mg.webp","articleSection":["Atl\u00e9tico-MG"],"inLanguage":"pt-BR","potentialAction":[{"@type":"CommentAction","name":"Comment","target":["https:\/\/www.gaveanews.com\/index.php\/2025\/03\/06\/atletico-mg-acerta-troca-de-jogadores\/#respond"]}],"copyrightYear":"2025","copyrightHolder":{"@id":"https:\/\/www.gaveanews.com\/#organization"}},{"@type":"WebPage","@id":"https:\/\/www.gaveanews.com\/index.php\/2025\/03\/06\/atletico-mg-acerta-troca-de-jogadores\/","url":"https:\/\/www.gaveanews.com\/index.php\/2025\/03\/06\/atletico-mg-acerta-troca-de-jogadores\/","name":"Atl\u00e9tico-MG acerta troca de jogadores","isPartOf":{"@id":"https:\/\/www.gaveanews.com\/#website"},"primaryImageOfPage":{"@id":"https:\/\/www.gaveanews.com\/index.php\/2025\/03\/06\/atletico-mg-acerta-troca-de-jogadores\/#primaryimage"},"image":{"@id":"https:\/\/www.gaveanews.com\/index.php\/2025\/03\/06\/atletico-mg-acerta-troca-de-jogadores\/#primaryimage"},"thumbnailUrl":"https:\/\/www.gaveanews.com\/wp-content\/uploads\/arena-mrv-atletico-mg.webp","datePublished":"2025-03-07T02:35:00+00:00","author":{"@id":"https:\/\/www.gaveanews.com\/#\/schema\/person\/daf63eec72e1164eb13dc35096c2b8da"},"breadcrumb":{"@id":"https:\/\/www.gaveanews.com\/index.php\/2025\/03\/06\/atletico-mg-acerta-troca-de-jogadores\/#breadcrumb"},"inLanguage":"pt-BR","potentialAction":[{"@type":"ReadAction","target":["https:\/\/www.gaveanews.com\/index.php\/2025\/03\/06\/atletico-mg-acerta-troca-de-jogadores\/"]}]},{"@type":"ImageObject","inLanguage":"pt-BR","@id":"https:\/\/www.gaveanews.com\/index.php\/2025\/03\/06\/atletico-mg-acerta-troca-de-jogadores\/#primaryimage","url":"https:\/\/www.gaveanews.com\/wp-content\/uploads\/arena-mrv-atletico-mg.webp","contentUrl":"https:\/\/www.gaveanews.com\/wp-content\/uploads\/arena-mrv-atletico-mg.webp","width":732,"height":412,"caption":"Arena MRV, est\u00e1dio do Atl\u00e9tico-MG (Foto: Pedro Souza\/Atl\u00e9tico-MG)"},{"@type":"BreadcrumbList","@id":"https:\/\/www.gaveanews.com\/index.php\/2025\/03\/06\/atletico-mg-acerta-troca-de-jogadores\/#breadcrumb","itemListElement":[{"@type":"ListItem","position":1,"name":"Home","item":"https:\/\/www.gaveanews.com\/"},{"@type":"ListItem","position":2,"name":"Atl\u00e9tico-MG acerta troca de jogadores"}]},{"@type":"WebSite","@id":"https:\/\/www.gaveanews.com\/#website","url":"https:\/\/www.gaveanews.com\/","name":"G\u00e1vea News","description":"Veja todas as not\u00edcias sobre o Flamengo: Contrata\u00e7\u00f5es, categorias de base, resultados das partidas, tabela de classifica\u00e7\u00e3o, pr\u00f3ximos jogos!","potentialAction":[{"@type":"SearchAction","target":{"@type":"EntryPoint","urlTemplate":"https:\/\/www.gaveanews.com\/?s={search_term_string}"},"query-input":{"@type":"PropertyValueSpecification","valueRequired":true,"valueName":"search_term_string"}}],"inLanguage":"pt-BR"},{"@type":"Person","@id":"https:\/\/www.gaveanews.com\/#\/schema\/person\/daf63eec72e1164eb13dc35096c2b8da","name":"Paula Silva","image":{"@type":"ImageObject","inLanguage":"pt-BR","@id":"https:\/\/www.gaveanews.com\/#\/schema\/person\/image\/","url":"https:\/\/secure.gravatar.com\/avatar\/eda381c845527cc5d64c13b901833cda29d97500ba040d3e6461f76f51d163bb?s=96&d=mm&r=g","contentUrl":"https:\/\/secure.gravatar.com\/avatar\/eda381c845527cc5d64c13b901833cda29d97500ba040d3e6461f76f51d163bb?s=96&d=mm&r=g","caption":"Paula Silva"}}]}},"_links":{"self":[{"href":"https:\/\/www.gaveanews.com\/index.php\/wp-json\/wp\/v2\/posts\/237007","targetHints":{"allow":["GET"]}}],"collection":[{"href":"https:\/\/www.gaveanews.com\/index.php\/wp-json\/wp\/v2\/posts"}],"about":[{"href":"https:\/\/www.gaveanews.com\/index.php\/wp-json\/wp\/v2\/types\/post"}],"author":[{"embeddable":true,"href":"https:\/\/www.gaveanews.com\/index.php\/wp-json\/wp\/v2\/users\/18"}],"replies":[{"embeddable":true,"href":"https:\/\/www.gaveanews.com\/index.php\/wp-json\/wp\/v2\/comments?post=237007"}],"version-history":[{"count":1,"href":"https:\/\/www.gaveanews.com\/index.php\/wp-json\/wp\/v2\/posts\/237007\/revisions"}],"predecessor-version":[{"id":237010,"href":"https:\/\/www.gaveanews.com\/index.php\/wp-json\/wp\/v2\/posts\/237007\/revisions\/237010"}],"wp:featuredmedia":[{"embeddable":true,"href":"https:\/\/www.gaveanews.com\/index.php\/wp-json\/wp\/v2\/media\/109263"}],"wp:attachment":[{"href":"https:\/\/www.gaveanews.com\/index.php\/wp-json\/wp\/v2\/media?parent=237007"}],"wp:term":[{"taxonomy":"category","embeddable":true,"href":"https:\/\/www.gaveanews.com\/index.php\/wp-json\/wp\/v2\/categories?post=237007"},{"taxonomy":"post_tag","embeddable":true,"href":"https:\/\/www.gaveanews.com\/index.php\/wp-json\/wp\/v2\/tags?post=237007"}],"curies":[{"name":"wp","href":"https:\/\/api.w.org\/{rel}","templated":true}]}}