{"id":237012,"date":"2025-03-06T23:40:00","date_gmt":"2025-03-07T02:40:00","guid":{"rendered":"https:\/\/www.gaveanews.com\/?p=237012"},"modified":"2025-03-06T21:49:02","modified_gmt":"2025-03-07T00:49:02","slug":"federacao-emite-nota-oficial-sobre-semifinais-do-campeonato-cearense","status":"publish","type":"post","link":"https:\/\/www.gaveanews.com\/index.php\/2025\/03\/06\/federacao-emite-nota-oficial-sobre-semifinais-do-campeonato-cearense\/","title":{"rendered":"Federa\u00e7\u00e3o emite nota oficial sobre semifinais do Campeonato Cearense"},"content":{"rendered":"\n<p>A Federa\u00e7\u00e3o Cearense de Futebol (FCF) definiu que os jogos de volta das semifinais do Campeonato Cearense de 2025 ser\u00e3o disputados no Est\u00e1dio Presidente Vargas (PV), em Fortaleza. A decis\u00e3o foi tomada ap\u00f3s a Secretaria do Esporte do Estado do Cear\u00e1 (Sesporte) estabelecer um intervalo m\u00ednimo de 66 horas entre partidas realizadas na Arena Castel\u00e3o, impedindo que as partidas fossem disputadas no local.<\/p>\n\n\n\n<p>As semifinais contar\u00e3o com dois confrontos decisivos. No s\u00e1bado (08), \u00e0s 16h30 (hor\u00e1rio de Bras\u00edlia), Fortaleza e Ferrovi\u00e1rio entram em campo. No primeiro duelo entre as equipes, o placar terminou empatado em 0 a 0. J\u00e1 no domingo (09), \u00e0s 17h (hor\u00e1rio de Bras\u00edlia), o Cear\u00e1 enfrenta o Maracan\u00e3, ap\u00f3s vencer o jogo de ida por 3 a 0.<\/p>\n\n\n\n<p>Os clubes Fortaleza e Cear\u00e1, que s\u00e3o mandantes dos jogos de volta, buscaram manuten\u00e7\u00e3o das partidas no Castel\u00e3o, enviando solicita\u00e7\u00f5es \u00e0 Sesporte. Entretanto, os pedidos foram negados, e os times n\u00e3o chegaram a um acordo com a administra\u00e7\u00e3o do est\u00e1dio para viabilizar os confrontos no local.<\/p>\n\n\n\n<p>Diante do impasse, a FCF tomou a decis\u00e3o de transferir as partidas para o PV, garantindo o cumprimento do regulamento e assegurando a realiza\u00e7\u00e3o dos jogos nas datas previamente agendadas. A entidade destacou que a medida foi necess\u00e1ria para evitar preju\u00edzos ao andamento da competi\u00e7\u00e3o.<\/p>\n\n\n\n<p>O Est\u00e1dio Presidente Vargas, que agora ser\u00e1 o palco das semifinais, \u00e9 uma das pra\u00e7as esportivas mais tradicionais do futebol cearense. Embora tenha uma capacidade inferior \u00e0 do Castel\u00e3o, o PV j\u00e1 recebeu diversas partidas decisivas ao longo de sua hist\u00f3ria e est\u00e1 preparado para os duelos.<\/p>\n\n\n\n<p>Com a defini\u00e7\u00e3o do novo local, as equipes intensificam seus preparativos para os confrontos decisivos que determinar\u00e3o os finalistas do Campeonato Cearense de 2025.<\/p>\n","protected":false},"excerpt":{"rendered":"<p>A Federa\u00e7\u00e3o Cearense de Futebol (FCF) definiu que os jogos de volta das semifinais do Campeonato Cearense de 2025 ser\u00e3o disputados no Est\u00e1dio Presidente Vargas (PV), em Fortaleza. A decis\u00e3o foi tomada ap\u00f3s a Secretaria do Esporte do Estado do Cear\u00e1 (Sesporte) estabelecer um intervalo m\u00ednimo de 66 horas entre partidas realizadas na Arena Castel\u00e3o, [&hellip;]<\/p>\n","protected":false},"author":18,"featured_media":185926,"comment_status":"open","ping_status":"closed","sticky":false,"template":"","format":"standard","meta":{"footnotes":""},"categories":[158,146],"tags":[],"class_list":["post-237012","post","type-post","status-publish","format-standard","has-post-thumbnail","hentry","category-ceara","category-fortaleza"],"yoast_head":"<!-- This site is optimized with the Yoast SEO Premium plugin v24.2 (Yoast SEO v26.9) - https:\/\/yoast.com\/product\/yoast-seo-premium-wordpress\/ -->\n<title>Federa\u00e7\u00e3o emite nota oficial sobre semifinais do Campeonato Cearense<\/title>\n<meta name=\"robots\" content=\"index, follow, max-snippet:-1, max-image-preview:large, max-video-preview:-1\" \/>\n<link rel=\"canonical\" href=\"https:\/\/www.gaveanews.com\/index.php\/2025\/03\/06\/federacao-emite-nota-oficial-sobre-semifinais-do-campeonato-cearense\/\" \/>\n<meta property=\"og:locale\" content=\"pt_BR\" \/>\n<meta property=\"og:type\" content=\"article\" \/>\n<meta property=\"og:title\" content=\"Federa\u00e7\u00e3o emite nota oficial sobre semifinais do Campeonato Cearense\" \/>\n<meta property=\"og:description\" content=\"A Federa\u00e7\u00e3o Cearense de Futebol (FCF) definiu que os jogos de volta das semifinais do Campeonato Cearense de 2025 ser\u00e3o disputados no Est\u00e1dio Presidente Vargas (PV), em Fortaleza. A decis\u00e3o foi tomada ap\u00f3s a Secretaria do Esporte do Estado do Cear\u00e1 (Sesporte) estabelecer um intervalo m\u00ednimo de 66 horas entre partidas realizadas na Arena Castel\u00e3o, [&hellip;]\" \/>\n<meta property=\"og:url\" content=\"https:\/\/www.gaveanews.com\/index.php\/2025\/03\/06\/federacao-emite-nota-oficial-sobre-semifinais-do-campeonato-cearense\/\" \/>\n<meta property=\"og:site_name\" content=\"G\u00e1vea News\" \/>\n<meta property=\"article:publisher\" content=\"https:\/\/facebook.com\/gaveaNews\/\" \/>\n<meta property=\"article:published_time\" content=\"2025-03-07T02:40:00+00:00\" \/>\n<meta property=\"og:image\" content=\"https:\/\/www.gaveanews.com\/wp-content\/uploads\/Torcida-do-Ceara-no-Castelao.webp\" \/>\n\t<meta property=\"og:image:width\" content=\"1080\" \/>\n\t<meta property=\"og:image:height\" content=\"720\" \/>\n\t<meta property=\"og:image:type\" content=\"image\/webp\" \/>\n<meta name=\"author\" content=\"Paula Silva\" \/>\n<meta name=\"twitter:card\" content=\"summary_large_image\" \/>\n<meta name=\"twitter:label1\" content=\"Escrito por\" \/>\n\t<meta name=\"twitter:data1\" content=\"Paula Silva\" \/>\n\t<meta name=\"twitter:label2\" content=\"Est. tempo de leitura\" \/>\n\t<meta name=\"twitter:data2\" content=\"2 minutos\" \/>\n<script type=\"application\/ld+json\" class=\"yoast-schema-graph\">{\"@context\":\"https:\/\/schema.org\",\"@graph\":[{\"@type\":\"NewsArticle\",\"@id\":\"https:\/\/www.gaveanews.com\/index.php\/2025\/03\/06\/federacao-emite-nota-oficial-sobre-semifinais-do-campeonato-cearense\/#article\",\"isPartOf\":{\"@id\":\"https:\/\/www.gaveanews.com\/index.php\/2025\/03\/06\/federacao-emite-nota-oficial-sobre-semifinais-do-campeonato-cearense\/\"},\"author\":{\"name\":\"Paula Silva\",\"@id\":\"https:\/\/www.gaveanews.com\/#\/schema\/person\/daf63eec72e1164eb13dc35096c2b8da\"},\"headline\":\"Federa\u00e7\u00e3o emite nota oficial sobre semifinais do Campeonato Cearense\",\"datePublished\":\"2025-03-07T02:40:00+00:00\",\"mainEntityOfPage\":{\"@id\":\"https:\/\/www.gaveanews.com\/index.php\/2025\/03\/06\/federacao-emite-nota-oficial-sobre-semifinais-do-campeonato-cearense\/\"},\"wordCount\":315,\"commentCount\":0,\"image\":{\"@id\":\"https:\/\/www.gaveanews.com\/index.php\/2025\/03\/06\/federacao-emite-nota-oficial-sobre-semifinais-do-campeonato-cearense\/#primaryimage\"},\"thumbnailUrl\":\"https:\/\/www.gaveanews.com\/wp-content\/uploads\/Torcida-do-Ceara-no-Castelao.webp\",\"articleSection\":[\"Cear\u00e1\",\"Fortaleza\"],\"inLanguage\":\"pt-BR\",\"potentialAction\":[{\"@type\":\"CommentAction\",\"name\":\"Comment\",\"target\":[\"https:\/\/www.gaveanews.com\/index.php\/2025\/03\/06\/federacao-emite-nota-oficial-sobre-semifinais-do-campeonato-cearense\/#respond\"]}],\"copyrightYear\":\"2025\",\"copyrightHolder\":{\"@id\":\"https:\/\/www.gaveanews.com\/#organization\"}},{\"@type\":\"WebPage\",\"@id\":\"https:\/\/www.gaveanews.com\/index.php\/2025\/03\/06\/federacao-emite-nota-oficial-sobre-semifinais-do-campeonato-cearense\/\",\"url\":\"https:\/\/www.gaveanews.com\/index.php\/2025\/03\/06\/federacao-emite-nota-oficial-sobre-semifinais-do-campeonato-cearense\/\",\"name\":\"Federa\u00e7\u00e3o emite nota oficial sobre semifinais do Campeonato Cearense\",\"isPartOf\":{\"@id\":\"https:\/\/www.gaveanews.com\/#website\"},\"primaryImageOfPage\":{\"@id\":\"https:\/\/www.gaveanews.com\/index.php\/2025\/03\/06\/federacao-emite-nota-oficial-sobre-semifinais-do-campeonato-cearense\/#primaryimage\"},\"image\":{\"@id\":\"https:\/\/www.gaveanews.com\/index.php\/2025\/03\/06\/federacao-emite-nota-oficial-sobre-semifinais-do-campeonato-cearense\/#primaryimage\"},\"thumbnailUrl\":\"https:\/\/www.gaveanews.com\/wp-content\/uploads\/Torcida-do-Ceara-no-Castelao.webp\",\"datePublished\":\"2025-03-07T02:40:00+00:00\",\"author\":{\"@id\":\"https:\/\/www.gaveanews.com\/#\/schema\/person\/daf63eec72e1164eb13dc35096c2b8da\"},\"breadcrumb\":{\"@id\":\"https:\/\/www.gaveanews.com\/index.php\/2025\/03\/06\/federacao-emite-nota-oficial-sobre-semifinais-do-campeonato-cearense\/#breadcrumb\"},\"inLanguage\":\"pt-BR\",\"potentialAction\":[{\"@type\":\"ReadAction\",\"target\":[\"https:\/\/www.gaveanews.com\/index.php\/2025\/03\/06\/federacao-emite-nota-oficial-sobre-semifinais-do-campeonato-cearense\/\"]}]},{\"@type\":\"ImageObject\",\"inLanguage\":\"pt-BR\",\"@id\":\"https:\/\/www.gaveanews.com\/index.php\/2025\/03\/06\/federacao-emite-nota-oficial-sobre-semifinais-do-campeonato-cearense\/#primaryimage\",\"url\":\"https:\/\/www.gaveanews.com\/wp-content\/uploads\/Torcida-do-Ceara-no-Castelao.webp\",\"contentUrl\":\"https:\/\/www.gaveanews.com\/wp-content\/uploads\/Torcida-do-Ceara-no-Castelao.webp\",\"width\":1080,\"height\":720,\"caption\":\"Torcida do Cear\u00e1 no Castel\u00e3o (Foto: Reprodu\u00e7\u00e3o\/Instagram Murillo)\"},{\"@type\":\"BreadcrumbList\",\"@id\":\"https:\/\/www.gaveanews.com\/index.php\/2025\/03\/06\/federacao-emite-nota-oficial-sobre-semifinais-do-campeonato-cearense\/#breadcrumb\",\"itemListElement\":[{\"@type\":\"ListItem\",\"position\":1,\"name\":\"Home\",\"item\":\"https:\/\/www.gaveanews.com\/\"},{\"@type\":\"ListItem\",\"position\":2,\"name\":\"Federa\u00e7\u00e3o emite nota oficial sobre semifinais do Campeonato Cearense\"}]},{\"@type\":\"WebSite\",\"@id\":\"https:\/\/www.gaveanews.com\/#website\",\"url\":\"https:\/\/www.gaveanews.com\/\",\"name\":\"G\u00e1vea News\",\"description\":\"Veja todas as not\u00edcias sobre o Flamengo: Contrata\u00e7\u00f5es, categorias de base, resultados das partidas, tabela de classifica\u00e7\u00e3o, pr\u00f3ximos jogos!\",\"potentialAction\":[{\"@type\":\"SearchAction\",\"target\":{\"@type\":\"EntryPoint\",\"urlTemplate\":\"https:\/\/www.gaveanews.com\/?s={search_term_string}\"},\"query-input\":{\"@type\":\"PropertyValueSpecification\",\"valueRequired\":true,\"valueName\":\"search_term_string\"}}],\"inLanguage\":\"pt-BR\"},{\"@type\":\"Person\",\"@id\":\"https:\/\/www.gaveanews.com\/#\/schema\/person\/daf63eec72e1164eb13dc35096c2b8da\",\"name\":\"Paula Silva\",\"image\":{\"@type\":\"ImageObject\",\"inLanguage\":\"pt-BR\",\"@id\":\"https:\/\/www.gaveanews.com\/#\/schema\/person\/image\/\",\"url\":\"https:\/\/secure.gravatar.com\/avatar\/eda381c845527cc5d64c13b901833cda29d97500ba040d3e6461f76f51d163bb?s=96&d=mm&r=g\",\"contentUrl\":\"https:\/\/secure.gravatar.com\/avatar\/eda381c845527cc5d64c13b901833cda29d97500ba040d3e6461f76f51d163bb?s=96&d=mm&r=g\",\"caption\":\"Paula Silva\"}}]}<\/script>\n<!-- \/ Yoast SEO Premium plugin. -->","yoast_head_json":{"title":"Federa\u00e7\u00e3o emite nota oficial sobre semifinais do Campeonato Cearense","robots":{"index":"index","follow":"follow","max-snippet":"max-snippet:-1","max-image-preview":"max-image-preview:large","max-video-preview":"max-video-preview:-1"},"canonical":"https:\/\/www.gaveanews.com\/index.php\/2025\/03\/06\/federacao-emite-nota-oficial-sobre-semifinais-do-campeonato-cearense\/","og_locale":"pt_BR","og_type":"article","og_title":"Federa\u00e7\u00e3o emite nota oficial sobre semifinais do Campeonato Cearense","og_description":"A Federa\u00e7\u00e3o Cearense de Futebol (FCF) definiu que os jogos de volta das semifinais do Campeonato Cearense de 2025 ser\u00e3o disputados no Est\u00e1dio Presidente Vargas (PV), em Fortaleza. A decis\u00e3o foi tomada ap\u00f3s a Secretaria do Esporte do Estado do Cear\u00e1 (Sesporte) estabelecer um intervalo m\u00ednimo de 66 horas entre partidas realizadas na Arena Castel\u00e3o, [&hellip;]","og_url":"https:\/\/www.gaveanews.com\/index.php\/2025\/03\/06\/federacao-emite-nota-oficial-sobre-semifinais-do-campeonato-cearense\/","og_site_name":"G\u00e1vea News","article_publisher":"https:\/\/facebook.com\/gaveaNews\/","article_published_time":"2025-03-07T02:40:00+00:00","og_image":[{"width":1080,"height":720,"url":"https:\/\/www.gaveanews.com\/wp-content\/uploads\/Torcida-do-Ceara-no-Castelao.webp","type":"image\/webp"}],"author":"Paula Silva","twitter_card":"summary_large_image","twitter_misc":{"Escrito por":"Paula Silva","Est. tempo de leitura":"2 minutos"},"schema":{"@context":"https:\/\/schema.org","@graph":[{"@type":"NewsArticle","@id":"https:\/\/www.gaveanews.com\/index.php\/2025\/03\/06\/federacao-emite-nota-oficial-sobre-semifinais-do-campeonato-cearense\/#article","isPartOf":{"@id":"https:\/\/www.gaveanews.com\/index.php\/2025\/03\/06\/federacao-emite-nota-oficial-sobre-semifinais-do-campeonato-cearense\/"},"author":{"name":"Paula Silva","@id":"https:\/\/www.gaveanews.com\/#\/schema\/person\/daf63eec72e1164eb13dc35096c2b8da"},"headline":"Federa\u00e7\u00e3o emite nota oficial sobre semifinais do Campeonato Cearense","datePublished":"2025-03-07T02:40:00+00:00","mainEntityOfPage":{"@id":"https:\/\/www.gaveanews.com\/index.php\/2025\/03\/06\/federacao-emite-nota-oficial-sobre-semifinais-do-campeonato-cearense\/"},"wordCount":315,"commentCount":0,"image":{"@id":"https:\/\/www.gaveanews.com\/index.php\/2025\/03\/06\/federacao-emite-nota-oficial-sobre-semifinais-do-campeonato-cearense\/#primaryimage"},"thumbnailUrl":"https:\/\/www.gaveanews.com\/wp-content\/uploads\/Torcida-do-Ceara-no-Castelao.webp","articleSection":["Cear\u00e1","Fortaleza"],"inLanguage":"pt-BR","potentialAction":[{"@type":"CommentAction","name":"Comment","target":["https:\/\/www.gaveanews.com\/index.php\/2025\/03\/06\/federacao-emite-nota-oficial-sobre-semifinais-do-campeonato-cearense\/#respond"]}],"copyrightYear":"2025","copyrightHolder":{"@id":"https:\/\/www.gaveanews.com\/#organization"}},{"@type":"WebPage","@id":"https:\/\/www.gaveanews.com\/index.php\/2025\/03\/06\/federacao-emite-nota-oficial-sobre-semifinais-do-campeonato-cearense\/","url":"https:\/\/www.gaveanews.com\/index.php\/2025\/03\/06\/federacao-emite-nota-oficial-sobre-semifinais-do-campeonato-cearense\/","name":"Federa\u00e7\u00e3o emite nota oficial sobre semifinais do Campeonato Cearense","isPartOf":{"@id":"https:\/\/www.gaveanews.com\/#website"},"primaryImageOfPage":{"@id":"https:\/\/www.gaveanews.com\/index.php\/2025\/03\/06\/federacao-emite-nota-oficial-sobre-semifinais-do-campeonato-cearense\/#primaryimage"},"image":{"@id":"https:\/\/www.gaveanews.com\/index.php\/2025\/03\/06\/federacao-emite-nota-oficial-sobre-semifinais-do-campeonato-cearense\/#primaryimage"},"thumbnailUrl":"https:\/\/www.gaveanews.com\/wp-content\/uploads\/Torcida-do-Ceara-no-Castelao.webp","datePublished":"2025-03-07T02:40:00+00:00","author":{"@id":"https:\/\/www.gaveanews.com\/#\/schema\/person\/daf63eec72e1164eb13dc35096c2b8da"},"breadcrumb":{"@id":"https:\/\/www.gaveanews.com\/index.php\/2025\/03\/06\/federacao-emite-nota-oficial-sobre-semifinais-do-campeonato-cearense\/#breadcrumb"},"inLanguage":"pt-BR","potentialAction":[{"@type":"ReadAction","target":["https:\/\/www.gaveanews.com\/index.php\/2025\/03\/06\/federacao-emite-nota-oficial-sobre-semifinais-do-campeonato-cearense\/"]}]},{"@type":"ImageObject","inLanguage":"pt-BR","@id":"https:\/\/www.gaveanews.com\/index.php\/2025\/03\/06\/federacao-emite-nota-oficial-sobre-semifinais-do-campeonato-cearense\/#primaryimage","url":"https:\/\/www.gaveanews.com\/wp-content\/uploads\/Torcida-do-Ceara-no-Castelao.webp","contentUrl":"https:\/\/www.gaveanews.com\/wp-content\/uploads\/Torcida-do-Ceara-no-Castelao.webp","width":1080,"height":720,"caption":"Torcida do Cear\u00e1 no Castel\u00e3o (Foto: Reprodu\u00e7\u00e3o\/Instagram Murillo)"},{"@type":"BreadcrumbList","@id":"https:\/\/www.gaveanews.com\/index.php\/2025\/03\/06\/federacao-emite-nota-oficial-sobre-semifinais-do-campeonato-cearense\/#breadcrumb","itemListElement":[{"@type":"ListItem","position":1,"name":"Home","item":"https:\/\/www.gaveanews.com\/"},{"@type":"ListItem","position":2,"name":"Federa\u00e7\u00e3o emite nota oficial sobre semifinais do Campeonato Cearense"}]},{"@type":"WebSite","@id":"https:\/\/www.gaveanews.com\/#website","url":"https:\/\/www.gaveanews.com\/","name":"G\u00e1vea News","description":"Veja todas as not\u00edcias sobre o Flamengo: Contrata\u00e7\u00f5es, categorias de base, resultados das partidas, tabela de classifica\u00e7\u00e3o, pr\u00f3ximos jogos!","potentialAction":[{"@type":"SearchAction","target":{"@type":"EntryPoint","urlTemplate":"https:\/\/www.gaveanews.com\/?s={search_term_string}"},"query-input":{"@type":"PropertyValueSpecification","valueRequired":true,"valueName":"search_term_string"}}],"inLanguage":"pt-BR"},{"@type":"Person","@id":"https:\/\/www.gaveanews.com\/#\/schema\/person\/daf63eec72e1164eb13dc35096c2b8da","name":"Paula Silva","image":{"@type":"ImageObject","inLanguage":"pt-BR","@id":"https:\/\/www.gaveanews.com\/#\/schema\/person\/image\/","url":"https:\/\/secure.gravatar.com\/avatar\/eda381c845527cc5d64c13b901833cda29d97500ba040d3e6461f76f51d163bb?s=96&d=mm&r=g","contentUrl":"https:\/\/secure.gravatar.com\/avatar\/eda381c845527cc5d64c13b901833cda29d97500ba040d3e6461f76f51d163bb?s=96&d=mm&r=g","caption":"Paula Silva"}}]}},"_links":{"self":[{"href":"https:\/\/www.gaveanews.com\/index.php\/wp-json\/wp\/v2\/posts\/237012","targetHints":{"allow":["GET"]}}],"collection":[{"href":"https:\/\/www.gaveanews.com\/index.php\/wp-json\/wp\/v2\/posts"}],"about":[{"href":"https:\/\/www.gaveanews.com\/index.php\/wp-json\/wp\/v2\/types\/post"}],"author":[{"embeddable":true,"href":"https:\/\/www.gaveanews.com\/index.php\/wp-json\/wp\/v2\/users\/18"}],"replies":[{"embeddable":true,"href":"https:\/\/www.gaveanews.com\/index.php\/wp-json\/wp\/v2\/comments?post=237012"}],"version-history":[{"count":1,"href":"https:\/\/www.gaveanews.com\/index.php\/wp-json\/wp\/v2\/posts\/237012\/revisions"}],"predecessor-version":[{"id":237013,"href":"https:\/\/www.gaveanews.com\/index.php\/wp-json\/wp\/v2\/posts\/237012\/revisions\/237013"}],"wp:featuredmedia":[{"embeddable":true,"href":"https:\/\/www.gaveanews.com\/index.php\/wp-json\/wp\/v2\/media\/185926"}],"wp:attachment":[{"href":"https:\/\/www.gaveanews.com\/index.php\/wp-json\/wp\/v2\/media?parent=237012"}],"wp:term":[{"taxonomy":"category","embeddable":true,"href":"https:\/\/www.gaveanews.com\/index.php\/wp-json\/wp\/v2\/categories?post=237012"},{"taxonomy":"post_tag","embeddable":true,"href":"https:\/\/www.gaveanews.com\/index.php\/wp-json\/wp\/v2\/tags?post=237012"}],"curies":[{"name":"wp","href":"https:\/\/api.w.org\/{rel}","templated":true}]}}