{"id":237387,"date":"2025-03-07T23:50:00","date_gmt":"2025-03-08T02:50:00","guid":{"rendered":"https:\/\/www.gaveanews.com\/?p=237387"},"modified":"2025-03-07T20:36:36","modified_gmt":"2025-03-07T23:36:36","slug":"torcedor-do-botafogo-baleado-e-contratado-por-emissora","status":"publish","type":"post","link":"https:\/\/www.gaveanews.com\/index.php\/2025\/03\/07\/torcedor-do-botafogo-baleado-e-contratado-por-emissora\/","title":{"rendered":"Torcedor do Botafogo baleado \u00e9 contratado por emissora"},"content":{"rendered":"\n<p>Tem refor\u00e7o no time da &#8216;R\u00e1dio Craque Neto&#8217;! O estudante de jornalismo Igor Melo, baleado por um policial militar da reserva ap\u00f3s ser acusado injustamente de roubo, chega ao canal para ser o novo correspondente do futebol carioca para temporada. A not\u00edcia foi anunciada pelo pr\u00f3prio apresentador durante a edi\u00e7\u00e3o desta sexta-feira, 7, do programa &#8216;Os Donos da Bola&#8217;, da Rede Bandeirantes.<\/p>\n\n\n\n<p>Igor Melo se dividia em tr\u00eas empregos antes do ocorrido para sustentar a fam\u00edlia e, paralelamente, o sonho do jornalismo esportivo. N\u00e3o \u00e0 toa, colocava esse desejo em pr\u00e1tica atrav\u00e9s de seu canal &#8216;Informe Botafogo&#8217;, que somava pouco mais de tr\u00eas mil seguidores no X.<\/p>\n\n\n\n<p>&#8220;\u00d4, Igor, que voc\u00ea continue firme e forte. Vou falar o que eu fiz: eu contratei ele para a R\u00e1dio Craque Neto. Ele vai ser meu correspondente e do Sidnei (Fraiole, s\u00f3cio da r\u00e1dio). Porque \u00e0s vezes as pessoas usam muito. As pessoas v\u00e3o te levar l\u00e1 no Luciano Huck, para n\u00e3o sei onde, v\u00e3o querer mostrar sua intimidade, sua humildade. A\u00ed \u00e9 s\u00f3 l\u00e1, depois esquece&#8221;, disse Neto ao anunciar a novidade.<\/p>\n\n\n\n<p>&#8220;Ele \u00e9 criador de conte\u00fado do Botafogo, trabalhava de atendente. A\u00ed o Igor, na hora em que eu liguei para ele, ele n\u00e3o acreditou muito. Botei o Godoi para falar com ele, e ele acreditou. Eu falei: &#8216;O Sidnei vai te ligar&#8217;. E a gente j\u00e1 contratou ele para que ele seja correspondendo da R\u00e1dio Craque Neto nos campeonatos brasileiros a partir de mar\u00e7o e de tudo que tiver no Rio. Falei para ele: Tem que trabalhar, \u00e9 isso que tem que fazer&#8221;, finalizou.<\/p>\n\n\n\n<blockquote class=\"twitter-tweet\" data-media-max-width=\"560\"><p lang=\"pt\" dir=\"ltr\">Neto revelou no programa &#39;Os Donos da Bola&#39;, que contratou o jornalista Igor Melo, que levou um tiro de um policial militar da reserva, para trabalhar na &#39;R\u00e1dio Craque Neto&#39; como correspondente no Campeonato Brasileiro.<br><br>\ud83d\udcfd\ufe0f: <a href=\"https:\/\/twitter.com\/OSDONOSDABOLA?ref_src=twsrc%5Etfw\">@OSDONOSDABOLA<\/a> <a href=\"https:\/\/t.co\/wwCb0VcClW\">pic.twitter.com\/wwCb0VcClW<\/a><\/p>&mdash; LIBERTA DEPRE (@liberta___depre) <a href=\"https:\/\/twitter.com\/liberta___depre\/status\/1898088837181489358?ref_src=twsrc%5Etfw\">March 7, 2025<\/a><\/blockquote> <script async src=\"https:\/\/platform.twitter.com\/widgets.js\" charset=\"utf-8\"><\/script>\n\n\n\n<p>Igor Melo estava internado no Hospital Get\u00falio Vargas desde o dia 24 de fevereiro e recebeu alta na manh\u00e3 do \u00faltimo domingo, 2. O universit\u00e1rio de 32 anos perdeu um rim, al\u00e9m de ter parte do est\u00f4mago e intestino comprometidos pelo tiro.<\/p>\n\n\n\n<h2 class=\"wp-block-heading\" id=\"h-arquivamento-de-acusacao\">Arquivamento de acusa\u00e7\u00e3o<\/h2>\n\n\n\n<p>O Minist\u00e9rio P\u00fablico do Rio de Janeiro (MPRJ) pediu o arquivamento das acusa\u00e7\u00f5es contra Igor Melo de Carvalho e Thiago Marques Gon\u00e7alves, motorista da moto que levava o universit\u00e1rio para casa na noite do ocorrido. Os dois foram presos em flagrante sob suspeita de roubo na Zona Norte do Rio, mas, segundo o \u00f3rg\u00e3o, eles n\u00e3o cometeram o crime.<\/p>\n\n\n\n<p>A promotora Roberta Laplace, , que atua na promotoria de Justi\u00e7a junto a 29\u00aa Vara Criminal da Capital, solicitou o arquivamento nessa quinta-feira, 6. A Justi\u00e7a decidir\u00e1 nos pr\u00f3ximos dias se acata ou n\u00e3o o pedido. O MPRJ afirma que Igor e Thiago estavam &#8220;comprovadamente trabalhando&#8221; no hor\u00e1rio estimado do crime de roubo.<\/p>\n\n\n\n<h2 class=\"wp-block-heading\" id=\"h-o-caso-envolvendo-igor-melo\">O caso envolvendo Igor Melo<\/h2>\n\n\n\n<p>O comunicador se tornou v\u00edtima do PM ao se aproximar do Viaduto Jo\u00e3o XXIII, que liga as avenidas Lobo J\u00fanior e Br\u00e1s de Pina, na Penha. Igor e Thiago Marques, motorista da moto, estavam sendo perseguidos por Carlos Alberto em um carro prata, quando o mesmo conseguiu se aproximar e efetuar os disparos.<\/p>\n\n\n\n<p>Igor acabou atingido nas costas e n\u00e3o recebeu socorro por parte dos atiradores, mas conseguiu enviar mensagem aos colegas de trabalho da casa de samba. A v\u00edtima foi levada ao Hospital Estadual Get\u00falio Vargas, na Penha, onde passou por uma cirurgia de remo\u00e7\u00e3o de um dos rins. Seu quadro ainda demanda cuidados.<\/p>\n\n\n\n<p>A persegui\u00e7\u00e3o ocorreu ap\u00f3s a cabelereira Josilene da Silva Souza, esposa do PM que efetuou os disparos, acusar Igor e Thiago de serem autores de um roubo de celular \u00e0s 23h do domingo \u2013 horas antes do fim do expediente do gar\u00e7om na casa de samba.<\/p>\n\n\n\n<p>\u201cTudo isso se deu porque ele est\u00e1 sendo acusado de roubo por uma mulher. Temos relatos de um policial que estava l\u00e1 e que a mulher estava visivelmente b\u00eabada\u201d, escreveu Marina Moura, esposa de Igor Melo, pouco ap\u00f3s o ocorrido.<\/p>\n\n\n\n<h2 class=\"wp-block-heading\" id=\"h-denunciante-muda-versao\">Denunciante muda vers\u00e3o<\/h2>\n\n\n\n<p>Josilene esteve no hospital pouco depois da entrada de Igor Melo e o acusou, novamente, de ser um dos bandidos envolvidos no roubo \u00e0s 23h do domingo. J\u00e1 na tarde da \u00faltima segunda-feira, 24, a mulher retornou ao local e descartou a participa\u00e7\u00e3o da v\u00edtima no crime.<\/p>\n\n\n\n<p>O PM respons\u00e1vel pelos disparos tamb\u00e9m mudou sua vers\u00e3o em depoimento nesta ter\u00e7a-feira, 25. Inicialmente, Carlos Alberto de Jesus afirmou que viu Igor, de camisa amarela e na garupa da moto de Thiago, armado e por isso atirou. Depois, alterou a narrativa e disse que a v\u00edtima havia realizado um movimento girando seu corpo para a esquerda e para a direta, fazendo men\u00e7\u00e3o em estar armado.<\/p>\n","protected":false},"excerpt":{"rendered":"<p>Tem refor\u00e7o no time da &#8216;R\u00e1dio Craque Neto&#8217;! O estudante de jornalismo Igor Melo, baleado por um policial militar da reserva ap\u00f3s ser acusado injustamente de roubo, chega ao canal para ser o novo correspondente do futebol carioca para temporada. A not\u00edcia foi anunciada pelo pr\u00f3prio apresentador durante a edi\u00e7\u00e3o desta sexta-feira, 7, do programa [&hellip;]<\/p>\n","protected":false},"author":30,"featured_media":156132,"comment_status":"open","ping_status":"closed","sticky":false,"template":"","format":"standard","meta":{"footnotes":""},"categories":[138,47,433],"tags":[],"class_list":["post-237387","post","type-post","status-publish","format-standard","has-post-thumbnail","hentry","category-botafogo","category-destaques","category-entretenimento"],"yoast_head":"<!-- This site is optimized with the Yoast SEO Premium plugin v24.2 (Yoast SEO v26.9) - https:\/\/yoast.com\/product\/yoast-seo-premium-wordpress\/ -->\n<title>Torcedor do Botafogo baleado \u00e9 contratado por emissora<\/title>\n<meta name=\"robots\" content=\"index, follow, max-snippet:-1, max-image-preview:large, max-video-preview:-1\" \/>\n<link rel=\"canonical\" href=\"https:\/\/www.gaveanews.com\/index.php\/2025\/03\/07\/torcedor-do-botafogo-baleado-e-contratado-por-emissora\/\" \/>\n<meta property=\"og:locale\" content=\"pt_BR\" \/>\n<meta property=\"og:type\" content=\"article\" \/>\n<meta property=\"og:title\" content=\"Torcedor do Botafogo baleado \u00e9 contratado por emissora\" \/>\n<meta property=\"og:description\" content=\"Tem refor\u00e7o no time da &#8216;R\u00e1dio Craque Neto&#8217;! O estudante de jornalismo Igor Melo, baleado por um policial militar da reserva ap\u00f3s ser acusado injustamente de roubo, chega ao canal para ser o novo correspondente do futebol carioca para temporada. A not\u00edcia foi anunciada pelo pr\u00f3prio apresentador durante a edi\u00e7\u00e3o desta sexta-feira, 7, do programa [&hellip;]\" \/>\n<meta property=\"og:url\" content=\"https:\/\/www.gaveanews.com\/index.php\/2025\/03\/07\/torcedor-do-botafogo-baleado-e-contratado-por-emissora\/\" \/>\n<meta property=\"og:site_name\" content=\"G\u00e1vea News\" \/>\n<meta property=\"article:publisher\" content=\"https:\/\/facebook.com\/gaveaNews\/\" \/>\n<meta property=\"article:published_time\" content=\"2025-03-08T02:50:00+00:00\" \/>\n<meta property=\"og:image\" content=\"https:\/\/www.gaveanews.com\/wp-content\/uploads\/Escudo-do-Botafogo.webp\" \/>\n\t<meta property=\"og:image:width\" content=\"1053\" \/>\n\t<meta property=\"og:image:height\" content=\"702\" \/>\n\t<meta property=\"og:image:type\" content=\"image\/webp\" \/>\n<meta name=\"author\" content=\"Ana Teixeira\" \/>\n<meta name=\"twitter:card\" content=\"summary_large_image\" \/>\n<meta name=\"twitter:label1\" content=\"Escrito por\" \/>\n\t<meta name=\"twitter:data1\" content=\"Ana Teixeira\" \/>\n\t<meta name=\"twitter:label2\" content=\"Est. tempo de leitura\" \/>\n\t<meta name=\"twitter:data2\" content=\"5 minutos\" \/>\n<script type=\"application\/ld+json\" class=\"yoast-schema-graph\">{\"@context\":\"https:\/\/schema.org\",\"@graph\":[{\"@type\":\"NewsArticle\",\"@id\":\"https:\/\/www.gaveanews.com\/index.php\/2025\/03\/07\/torcedor-do-botafogo-baleado-e-contratado-por-emissora\/#article\",\"isPartOf\":{\"@id\":\"https:\/\/www.gaveanews.com\/index.php\/2025\/03\/07\/torcedor-do-botafogo-baleado-e-contratado-por-emissora\/\"},\"author\":{\"name\":\"Ana Teixeira\",\"@id\":\"https:\/\/www.gaveanews.com\/#\/schema\/person\/3b19f7288b0ce20372991275e4f2e6c2\"},\"headline\":\"Torcedor do Botafogo baleado \u00e9 contratado por emissora\",\"datePublished\":\"2025-03-08T02:50:00+00:00\",\"mainEntityOfPage\":{\"@id\":\"https:\/\/www.gaveanews.com\/index.php\/2025\/03\/07\/torcedor-do-botafogo-baleado-e-contratado-por-emissora\/\"},\"wordCount\":834,\"commentCount\":0,\"image\":{\"@id\":\"https:\/\/www.gaveanews.com\/index.php\/2025\/03\/07\/torcedor-do-botafogo-baleado-e-contratado-por-emissora\/#primaryimage\"},\"thumbnailUrl\":\"https:\/\/www.gaveanews.com\/wp-content\/uploads\/Escudo-do-Botafogo.webp\",\"articleSection\":[\"Botafogo\",\"Destaques\",\"Entretenimento\"],\"inLanguage\":\"pt-BR\",\"potentialAction\":[{\"@type\":\"CommentAction\",\"name\":\"Comment\",\"target\":[\"https:\/\/www.gaveanews.com\/index.php\/2025\/03\/07\/torcedor-do-botafogo-baleado-e-contratado-por-emissora\/#respond\"]}],\"copyrightYear\":\"2025\",\"copyrightHolder\":{\"@id\":\"https:\/\/www.gaveanews.com\/#organization\"}},{\"@type\":\"WebPage\",\"@id\":\"https:\/\/www.gaveanews.com\/index.php\/2025\/03\/07\/torcedor-do-botafogo-baleado-e-contratado-por-emissora\/\",\"url\":\"https:\/\/www.gaveanews.com\/index.php\/2025\/03\/07\/torcedor-do-botafogo-baleado-e-contratado-por-emissora\/\",\"name\":\"Torcedor do Botafogo baleado \u00e9 contratado por emissora\",\"isPartOf\":{\"@id\":\"https:\/\/www.gaveanews.com\/#website\"},\"primaryImageOfPage\":{\"@id\":\"https:\/\/www.gaveanews.com\/index.php\/2025\/03\/07\/torcedor-do-botafogo-baleado-e-contratado-por-emissora\/#primaryimage\"},\"image\":{\"@id\":\"https:\/\/www.gaveanews.com\/index.php\/2025\/03\/07\/torcedor-do-botafogo-baleado-e-contratado-por-emissora\/#primaryimage\"},\"thumbnailUrl\":\"https:\/\/www.gaveanews.com\/wp-content\/uploads\/Escudo-do-Botafogo.webp\",\"datePublished\":\"2025-03-08T02:50:00+00:00\",\"author\":{\"@id\":\"https:\/\/www.gaveanews.com\/#\/schema\/person\/3b19f7288b0ce20372991275e4f2e6c2\"},\"breadcrumb\":{\"@id\":\"https:\/\/www.gaveanews.com\/index.php\/2025\/03\/07\/torcedor-do-botafogo-baleado-e-contratado-por-emissora\/#breadcrumb\"},\"inLanguage\":\"pt-BR\",\"potentialAction\":[{\"@type\":\"ReadAction\",\"target\":[\"https:\/\/www.gaveanews.com\/index.php\/2025\/03\/07\/torcedor-do-botafogo-baleado-e-contratado-por-emissora\/\"]}]},{\"@type\":\"ImageObject\",\"inLanguage\":\"pt-BR\",\"@id\":\"https:\/\/www.gaveanews.com\/index.php\/2025\/03\/07\/torcedor-do-botafogo-baleado-e-contratado-por-emissora\/#primaryimage\",\"url\":\"https:\/\/www.gaveanews.com\/wp-content\/uploads\/Escudo-do-Botafogo.webp\",\"contentUrl\":\"https:\/\/www.gaveanews.com\/wp-content\/uploads\/Escudo-do-Botafogo.webp\",\"width\":1053,\"height\":702,\"caption\":\"Escudo do Botafogo (Foto: Reprodu\u00e7\u00e3o\/Botafogo)\"},{\"@type\":\"BreadcrumbList\",\"@id\":\"https:\/\/www.gaveanews.com\/index.php\/2025\/03\/07\/torcedor-do-botafogo-baleado-e-contratado-por-emissora\/#breadcrumb\",\"itemListElement\":[{\"@type\":\"ListItem\",\"position\":1,\"name\":\"Home\",\"item\":\"https:\/\/www.gaveanews.com\/\"},{\"@type\":\"ListItem\",\"position\":2,\"name\":\"Torcedor do Botafogo baleado \u00e9 contratado por emissora\"}]},{\"@type\":\"WebSite\",\"@id\":\"https:\/\/www.gaveanews.com\/#website\",\"url\":\"https:\/\/www.gaveanews.com\/\",\"name\":\"G\u00e1vea News\",\"description\":\"Veja todas as not\u00edcias sobre o Flamengo: Contrata\u00e7\u00f5es, categorias de base, resultados das partidas, tabela de classifica\u00e7\u00e3o, pr\u00f3ximos jogos!\",\"potentialAction\":[{\"@type\":\"SearchAction\",\"target\":{\"@type\":\"EntryPoint\",\"urlTemplate\":\"https:\/\/www.gaveanews.com\/?s={search_term_string}\"},\"query-input\":{\"@type\":\"PropertyValueSpecification\",\"valueRequired\":true,\"valueName\":\"search_term_string\"}}],\"inLanguage\":\"pt-BR\"},{\"@type\":\"Person\",\"@id\":\"https:\/\/www.gaveanews.com\/#\/schema\/person\/3b19f7288b0ce20372991275e4f2e6c2\",\"name\":\"Ana Teixeira\",\"image\":{\"@type\":\"ImageObject\",\"inLanguage\":\"pt-BR\",\"@id\":\"https:\/\/www.gaveanews.com\/#\/schema\/person\/image\/\",\"url\":\"https:\/\/secure.gravatar.com\/avatar\/0a73f5a5258f3fed37fc2fa641892f3f7a4748456d4d4792f9bc550e6c19e06c?s=96&d=mm&r=g\",\"contentUrl\":\"https:\/\/secure.gravatar.com\/avatar\/0a73f5a5258f3fed37fc2fa641892f3f7a4748456d4d4792f9bc550e6c19e06c?s=96&d=mm&r=g\",\"caption\":\"Ana Teixeira\"}}]}<\/script>\n<!-- \/ Yoast SEO Premium plugin. -->","yoast_head_json":{"title":"Torcedor do Botafogo baleado \u00e9 contratado por emissora","robots":{"index":"index","follow":"follow","max-snippet":"max-snippet:-1","max-image-preview":"max-image-preview:large","max-video-preview":"max-video-preview:-1"},"canonical":"https:\/\/www.gaveanews.com\/index.php\/2025\/03\/07\/torcedor-do-botafogo-baleado-e-contratado-por-emissora\/","og_locale":"pt_BR","og_type":"article","og_title":"Torcedor do Botafogo baleado \u00e9 contratado por emissora","og_description":"Tem refor\u00e7o no time da &#8216;R\u00e1dio Craque Neto&#8217;! O estudante de jornalismo Igor Melo, baleado por um policial militar da reserva ap\u00f3s ser acusado injustamente de roubo, chega ao canal para ser o novo correspondente do futebol carioca para temporada. A not\u00edcia foi anunciada pelo pr\u00f3prio apresentador durante a edi\u00e7\u00e3o desta sexta-feira, 7, do programa [&hellip;]","og_url":"https:\/\/www.gaveanews.com\/index.php\/2025\/03\/07\/torcedor-do-botafogo-baleado-e-contratado-por-emissora\/","og_site_name":"G\u00e1vea News","article_publisher":"https:\/\/facebook.com\/gaveaNews\/","article_published_time":"2025-03-08T02:50:00+00:00","og_image":[{"width":1053,"height":702,"url":"https:\/\/www.gaveanews.com\/wp-content\/uploads\/Escudo-do-Botafogo.webp","type":"image\/webp"}],"author":"Ana Teixeira","twitter_card":"summary_large_image","twitter_misc":{"Escrito por":"Ana Teixeira","Est. tempo de leitura":"5 minutos"},"schema":{"@context":"https:\/\/schema.org","@graph":[{"@type":"NewsArticle","@id":"https:\/\/www.gaveanews.com\/index.php\/2025\/03\/07\/torcedor-do-botafogo-baleado-e-contratado-por-emissora\/#article","isPartOf":{"@id":"https:\/\/www.gaveanews.com\/index.php\/2025\/03\/07\/torcedor-do-botafogo-baleado-e-contratado-por-emissora\/"},"author":{"name":"Ana Teixeira","@id":"https:\/\/www.gaveanews.com\/#\/schema\/person\/3b19f7288b0ce20372991275e4f2e6c2"},"headline":"Torcedor do Botafogo baleado \u00e9 contratado por emissora","datePublished":"2025-03-08T02:50:00+00:00","mainEntityOfPage":{"@id":"https:\/\/www.gaveanews.com\/index.php\/2025\/03\/07\/torcedor-do-botafogo-baleado-e-contratado-por-emissora\/"},"wordCount":834,"commentCount":0,"image":{"@id":"https:\/\/www.gaveanews.com\/index.php\/2025\/03\/07\/torcedor-do-botafogo-baleado-e-contratado-por-emissora\/#primaryimage"},"thumbnailUrl":"https:\/\/www.gaveanews.com\/wp-content\/uploads\/Escudo-do-Botafogo.webp","articleSection":["Botafogo","Destaques","Entretenimento"],"inLanguage":"pt-BR","potentialAction":[{"@type":"CommentAction","name":"Comment","target":["https:\/\/www.gaveanews.com\/index.php\/2025\/03\/07\/torcedor-do-botafogo-baleado-e-contratado-por-emissora\/#respond"]}],"copyrightYear":"2025","copyrightHolder":{"@id":"https:\/\/www.gaveanews.com\/#organization"}},{"@type":"WebPage","@id":"https:\/\/www.gaveanews.com\/index.php\/2025\/03\/07\/torcedor-do-botafogo-baleado-e-contratado-por-emissora\/","url":"https:\/\/www.gaveanews.com\/index.php\/2025\/03\/07\/torcedor-do-botafogo-baleado-e-contratado-por-emissora\/","name":"Torcedor do Botafogo baleado \u00e9 contratado por emissora","isPartOf":{"@id":"https:\/\/www.gaveanews.com\/#website"},"primaryImageOfPage":{"@id":"https:\/\/www.gaveanews.com\/index.php\/2025\/03\/07\/torcedor-do-botafogo-baleado-e-contratado-por-emissora\/#primaryimage"},"image":{"@id":"https:\/\/www.gaveanews.com\/index.php\/2025\/03\/07\/torcedor-do-botafogo-baleado-e-contratado-por-emissora\/#primaryimage"},"thumbnailUrl":"https:\/\/www.gaveanews.com\/wp-content\/uploads\/Escudo-do-Botafogo.webp","datePublished":"2025-03-08T02:50:00+00:00","author":{"@id":"https:\/\/www.gaveanews.com\/#\/schema\/person\/3b19f7288b0ce20372991275e4f2e6c2"},"breadcrumb":{"@id":"https:\/\/www.gaveanews.com\/index.php\/2025\/03\/07\/torcedor-do-botafogo-baleado-e-contratado-por-emissora\/#breadcrumb"},"inLanguage":"pt-BR","potentialAction":[{"@type":"ReadAction","target":["https:\/\/www.gaveanews.com\/index.php\/2025\/03\/07\/torcedor-do-botafogo-baleado-e-contratado-por-emissora\/"]}]},{"@type":"ImageObject","inLanguage":"pt-BR","@id":"https:\/\/www.gaveanews.com\/index.php\/2025\/03\/07\/torcedor-do-botafogo-baleado-e-contratado-por-emissora\/#primaryimage","url":"https:\/\/www.gaveanews.com\/wp-content\/uploads\/Escudo-do-Botafogo.webp","contentUrl":"https:\/\/www.gaveanews.com\/wp-content\/uploads\/Escudo-do-Botafogo.webp","width":1053,"height":702,"caption":"Escudo do Botafogo (Foto: Reprodu\u00e7\u00e3o\/Botafogo)"},{"@type":"BreadcrumbList","@id":"https:\/\/www.gaveanews.com\/index.php\/2025\/03\/07\/torcedor-do-botafogo-baleado-e-contratado-por-emissora\/#breadcrumb","itemListElement":[{"@type":"ListItem","position":1,"name":"Home","item":"https:\/\/www.gaveanews.com\/"},{"@type":"ListItem","position":2,"name":"Torcedor do Botafogo baleado \u00e9 contratado por emissora"}]},{"@type":"WebSite","@id":"https:\/\/www.gaveanews.com\/#website","url":"https:\/\/www.gaveanews.com\/","name":"G\u00e1vea News","description":"Veja todas as not\u00edcias sobre o Flamengo: Contrata\u00e7\u00f5es, categorias de base, resultados das partidas, tabela de classifica\u00e7\u00e3o, pr\u00f3ximos jogos!","potentialAction":[{"@type":"SearchAction","target":{"@type":"EntryPoint","urlTemplate":"https:\/\/www.gaveanews.com\/?s={search_term_string}"},"query-input":{"@type":"PropertyValueSpecification","valueRequired":true,"valueName":"search_term_string"}}],"inLanguage":"pt-BR"},{"@type":"Person","@id":"https:\/\/www.gaveanews.com\/#\/schema\/person\/3b19f7288b0ce20372991275e4f2e6c2","name":"Ana Teixeira","image":{"@type":"ImageObject","inLanguage":"pt-BR","@id":"https:\/\/www.gaveanews.com\/#\/schema\/person\/image\/","url":"https:\/\/secure.gravatar.com\/avatar\/0a73f5a5258f3fed37fc2fa641892f3f7a4748456d4d4792f9bc550e6c19e06c?s=96&d=mm&r=g","contentUrl":"https:\/\/secure.gravatar.com\/avatar\/0a73f5a5258f3fed37fc2fa641892f3f7a4748456d4d4792f9bc550e6c19e06c?s=96&d=mm&r=g","caption":"Ana Teixeira"}}]}},"_links":{"self":[{"href":"https:\/\/www.gaveanews.com\/index.php\/wp-json\/wp\/v2\/posts\/237387","targetHints":{"allow":["GET"]}}],"collection":[{"href":"https:\/\/www.gaveanews.com\/index.php\/wp-json\/wp\/v2\/posts"}],"about":[{"href":"https:\/\/www.gaveanews.com\/index.php\/wp-json\/wp\/v2\/types\/post"}],"author":[{"embeddable":true,"href":"https:\/\/www.gaveanews.com\/index.php\/wp-json\/wp\/v2\/users\/30"}],"replies":[{"embeddable":true,"href":"https:\/\/www.gaveanews.com\/index.php\/wp-json\/wp\/v2\/comments?post=237387"}],"version-history":[{"count":1,"href":"https:\/\/www.gaveanews.com\/index.php\/wp-json\/wp\/v2\/posts\/237387\/revisions"}],"predecessor-version":[{"id":237388,"href":"https:\/\/www.gaveanews.com\/index.php\/wp-json\/wp\/v2\/posts\/237387\/revisions\/237388"}],"wp:featuredmedia":[{"embeddable":true,"href":"https:\/\/www.gaveanews.com\/index.php\/wp-json\/wp\/v2\/media\/156132"}],"wp:attachment":[{"href":"https:\/\/www.gaveanews.com\/index.php\/wp-json\/wp\/v2\/media?parent=237387"}],"wp:term":[{"taxonomy":"category","embeddable":true,"href":"https:\/\/www.gaveanews.com\/index.php\/wp-json\/wp\/v2\/categories?post=237387"},{"taxonomy":"post_tag","embeddable":true,"href":"https:\/\/www.gaveanews.com\/index.php\/wp-json\/wp\/v2\/tags?post=237387"}],"curies":[{"name":"wp","href":"https:\/\/api.w.org\/{rel}","templated":true}]}}