{"id":237453,"date":"2025-03-08T13:20:50","date_gmt":"2025-03-08T16:20:50","guid":{"rendered":"https:\/\/www.gaveanews.com\/?p=237453"},"modified":"2025-03-08T13:17:45","modified_gmt":"2025-03-08T16:17:45","slug":"a-declaracao-de-dorival-jr-direcionada-ao-jogador-do-flamengo","status":"publish","type":"post","link":"https:\/\/www.gaveanews.com\/index.php\/2025\/03\/08\/a-declaracao-de-dorival-jr-direcionada-ao-jogador-do-flamengo\/","title":{"rendered":"A declara\u00e7\u00e3o de Dorival Jr direcionada ao jogador do Flamengo"},"content":{"rendered":"\n<p>O t\u00e9cnico Dorival J\u00fanior segue apostando no futebol de Danilo. Refor\u00e7o do Flamengo para a atual temporada, o zagueiro foi inclu\u00eddo na lista de convocados da Sele\u00e7\u00e3o Brasileira para os jogos contra Col\u00f4mbia e Argentina. Al\u00e9m da experi\u00eancia do jogador, Dorival destacou a versatilidade do defensor, que pode atuar em diferentes setores da defesa.<\/p>\n\n\n\n<p>&#8220;\u00c9 uma configura\u00e7\u00e3o para as duas partidas. Confio na versatilidade. O Danilo faz qualquer fun\u00e7\u00e3o. Deixo esse exerc\u00edcio para voc\u00eas, temos na cabe\u00e7a o que queremos&#8221;, afirmou o treinador em coletiva de imprensa.<\/p>\n\n\n\n<p>Contratado para refor\u00e7ar o sistema defensivo rubro-negro, Danilo vem sendo uma pe\u00e7a importante na equipe e chega \u00e0 Sele\u00e7\u00e3o em um momento de ascens\u00e3o. Com t\u00edtulos da Supercopa e da Ta\u00e7a Guanabara no curr\u00edculo, o zagueiro agora mira a conquista do Campeonato Carioca. Antes de se apresentar para os compromissos com o Brasil, ele tem a miss\u00e3o de ajudar o Flamengo a segurar o ataque do Vasco na decis\u00e3o do Estadual.<\/p>\n\n\n\n<p>&#8220;Em termos de estrutura, eu fiquei muito surpreso com aquilo que o Flamengo oferece. Em termos de mentalidade tamb\u00e9m dos atletas. Creio que o futebol brasileiro est\u00e1 melhorando realmente muito&#8221;, elogiou Danilo.<\/p>\n\n\n\n<p>Outro jogador do Flamengo convocado por Dorival J\u00fanior foi Wesley. O lateral-direito atravessa um grande momento e pode ganhar uma oportunidade como titular nos pr\u00f3ximos jogos. O treinador revelou que acompanha o atleta h\u00e1 anos e sempre viu potencial em seu futebol.<\/p>\n\n\n\n<p>&#8220;Desde 2022, eu j\u00e1 conhecia o Wesley e o trazia para treinamentos. Era um jogador promissor, mesmo que n\u00f3s tiv\u00e9ssemos tr\u00eas laterais que atuavam com frequ\u00eancia. Ele sempre chamou muita aten\u00e7\u00e3o, um jogador muito interessante. De setembro para c\u00e1, ele conseguiu um salto de qualidade que o credenciou a um momento como esse&#8221;, destacou Dorival.<\/p>\n\n\n\n<p>Com Danilo e Wesley na lista, o rubro-negro ainda conta com Gerson e L\u00e9o Ortiz,  o Flamengo \u00e9 o clube que mais cedeu jogadores a Sele\u00e7\u00e3o Brasileira nesta pr\u00f3xima data FIFA. Com um \u00f3timo elenco e representantes na Sele\u00e7\u00e3o Brasileira, s\u00f3 refor\u00e7a a import\u00e2ncia do clube na forma\u00e7\u00e3o e valoriza\u00e7\u00e3o de jogadores.<\/p>\n","protected":false},"excerpt":{"rendered":"<p>O t\u00e9cnico Dorival J\u00fanior segue apostando no futebol de Danilo. Refor\u00e7o do Flamengo para a atual temporada, o zagueiro foi inclu\u00eddo na lista de convocados da Sele\u00e7\u00e3o Brasileira para os jogos contra Col\u00f4mbia e Argentina. Al\u00e9m da experi\u00eancia do jogador, Dorival destacou a versatilidade do defensor, que pode atuar em diferentes setores da defesa. &#8220;\u00c9 [&hellip;]<\/p>\n","protected":false},"author":23,"featured_media":126556,"comment_status":"open","ping_status":"closed","sticky":false,"template":"","format":"standard","meta":{"footnotes":""},"categories":[1],"tags":[],"class_list":["post-237453","post","type-post","status-publish","format-standard","has-post-thumbnail","hentry","category-flamengo"],"yoast_head":"<!-- This site is optimized with the Yoast SEO Premium plugin v24.2 (Yoast SEO v26.9) - https:\/\/yoast.com\/product\/yoast-seo-premium-wordpress\/ -->\n<title>A declara\u00e7\u00e3o de Dorival Jr direcionada ao jogador do Flamengo<\/title>\n<meta name=\"robots\" content=\"index, follow, max-snippet:-1, max-image-preview:large, max-video-preview:-1\" \/>\n<link rel=\"canonical\" href=\"https:\/\/www.gaveanews.com\/index.php\/2025\/03\/08\/a-declaracao-de-dorival-jr-direcionada-ao-jogador-do-flamengo\/\" \/>\n<meta property=\"og:locale\" content=\"pt_BR\" \/>\n<meta property=\"og:type\" content=\"article\" \/>\n<meta property=\"og:title\" content=\"A declara\u00e7\u00e3o de Dorival Jr direcionada ao jogador do Flamengo\" \/>\n<meta property=\"og:description\" content=\"O t\u00e9cnico Dorival J\u00fanior segue apostando no futebol de Danilo. Refor\u00e7o do Flamengo para a atual temporada, o zagueiro foi inclu\u00eddo na lista de convocados da Sele\u00e7\u00e3o Brasileira para os jogos contra Col\u00f4mbia e Argentina. Al\u00e9m da experi\u00eancia do jogador, Dorival destacou a versatilidade do defensor, que pode atuar em diferentes setores da defesa. &#8220;\u00c9 [&hellip;]\" \/>\n<meta property=\"og:url\" content=\"https:\/\/www.gaveanews.com\/index.php\/2025\/03\/08\/a-declaracao-de-dorival-jr-direcionada-ao-jogador-do-flamengo\/\" \/>\n<meta property=\"og:site_name\" content=\"G\u00e1vea News\" \/>\n<meta property=\"article:publisher\" content=\"https:\/\/facebook.com\/gaveaNews\/\" \/>\n<meta property=\"article:published_time\" content=\"2025-03-08T16:20:50+00:00\" \/>\n<meta property=\"og:image\" content=\"https:\/\/www.gaveanews.com\/wp-content\/uploads\/dorival-junior-selecao-e1704998153515.webp\" \/>\n\t<meta property=\"og:image:width\" content=\"732\" \/>\n\t<meta property=\"og:image:height\" content=\"412\" \/>\n\t<meta property=\"og:image:type\" content=\"image\/webp\" \/>\n<meta name=\"author\" content=\"Leandro Azevedo\" \/>\n<meta name=\"twitter:card\" content=\"summary_large_image\" \/>\n<meta name=\"twitter:label1\" content=\"Escrito por\" \/>\n\t<meta name=\"twitter:data1\" content=\"Leandro Azevedo\" \/>\n\t<meta name=\"twitter:label2\" content=\"Est. tempo de leitura\" \/>\n\t<meta name=\"twitter:data2\" content=\"3 minutos\" \/>\n<script type=\"application\/ld+json\" class=\"yoast-schema-graph\">{\"@context\":\"https:\/\/schema.org\",\"@graph\":[{\"@type\":\"NewsArticle\",\"@id\":\"https:\/\/www.gaveanews.com\/index.php\/2025\/03\/08\/a-declaracao-de-dorival-jr-direcionada-ao-jogador-do-flamengo\/#article\",\"isPartOf\":{\"@id\":\"https:\/\/www.gaveanews.com\/index.php\/2025\/03\/08\/a-declaracao-de-dorival-jr-direcionada-ao-jogador-do-flamengo\/\"},\"author\":{\"name\":\"Leandro Azevedo\",\"@id\":\"https:\/\/www.gaveanews.com\/#\/schema\/person\/2877169f354c4596cf5aab74ea7c56a8\"},\"headline\":\"A declara\u00e7\u00e3o de Dorival Jr direcionada ao jogador do Flamengo\",\"datePublished\":\"2025-03-08T16:20:50+00:00\",\"mainEntityOfPage\":{\"@id\":\"https:\/\/www.gaveanews.com\/index.php\/2025\/03\/08\/a-declaracao-de-dorival-jr-direcionada-ao-jogador-do-flamengo\/\"},\"wordCount\":384,\"commentCount\":0,\"image\":{\"@id\":\"https:\/\/www.gaveanews.com\/index.php\/2025\/03\/08\/a-declaracao-de-dorival-jr-direcionada-ao-jogador-do-flamengo\/#primaryimage\"},\"thumbnailUrl\":\"https:\/\/www.gaveanews.com\/wp-content\/uploads\/dorival-junior-selecao-e1704998153515.webp\",\"articleSection\":[\"Flamengo\"],\"inLanguage\":\"pt-BR\",\"potentialAction\":[{\"@type\":\"CommentAction\",\"name\":\"Comment\",\"target\":[\"https:\/\/www.gaveanews.com\/index.php\/2025\/03\/08\/a-declaracao-de-dorival-jr-direcionada-ao-jogador-do-flamengo\/#respond\"]}],\"copyrightYear\":\"2025\",\"copyrightHolder\":{\"@id\":\"https:\/\/www.gaveanews.com\/#organization\"}},{\"@type\":\"WebPage\",\"@id\":\"https:\/\/www.gaveanews.com\/index.php\/2025\/03\/08\/a-declaracao-de-dorival-jr-direcionada-ao-jogador-do-flamengo\/\",\"url\":\"https:\/\/www.gaveanews.com\/index.php\/2025\/03\/08\/a-declaracao-de-dorival-jr-direcionada-ao-jogador-do-flamengo\/\",\"name\":\"A declara\u00e7\u00e3o de Dorival Jr direcionada ao jogador do Flamengo\",\"isPartOf\":{\"@id\":\"https:\/\/www.gaveanews.com\/#website\"},\"primaryImageOfPage\":{\"@id\":\"https:\/\/www.gaveanews.com\/index.php\/2025\/03\/08\/a-declaracao-de-dorival-jr-direcionada-ao-jogador-do-flamengo\/#primaryimage\"},\"image\":{\"@id\":\"https:\/\/www.gaveanews.com\/index.php\/2025\/03\/08\/a-declaracao-de-dorival-jr-direcionada-ao-jogador-do-flamengo\/#primaryimage\"},\"thumbnailUrl\":\"https:\/\/www.gaveanews.com\/wp-content\/uploads\/dorival-junior-selecao-e1704998153515.webp\",\"datePublished\":\"2025-03-08T16:20:50+00:00\",\"author\":{\"@id\":\"https:\/\/www.gaveanews.com\/#\/schema\/person\/2877169f354c4596cf5aab74ea7c56a8\"},\"breadcrumb\":{\"@id\":\"https:\/\/www.gaveanews.com\/index.php\/2025\/03\/08\/a-declaracao-de-dorival-jr-direcionada-ao-jogador-do-flamengo\/#breadcrumb\"},\"inLanguage\":\"pt-BR\",\"potentialAction\":[{\"@type\":\"ReadAction\",\"target\":[\"https:\/\/www.gaveanews.com\/index.php\/2025\/03\/08\/a-declaracao-de-dorival-jr-direcionada-ao-jogador-do-flamengo\/\"]}]},{\"@type\":\"ImageObject\",\"inLanguage\":\"pt-BR\",\"@id\":\"https:\/\/www.gaveanews.com\/index.php\/2025\/03\/08\/a-declaracao-de-dorival-jr-direcionada-ao-jogador-do-flamengo\/#primaryimage\",\"url\":\"https:\/\/www.gaveanews.com\/wp-content\/uploads\/dorival-junior-selecao-e1704998153515.webp\",\"contentUrl\":\"https:\/\/www.gaveanews.com\/wp-content\/uploads\/dorival-junior-selecao-e1704998153515.webp\",\"width\":732,\"height\":412,\"caption\":\"Dorival J\u00fanior, t\u00e9cnico da Sele\u00e7\u00e3o Brasileira (Foto: Reprodu\u00e7\u00e3o)\"},{\"@type\":\"BreadcrumbList\",\"@id\":\"https:\/\/www.gaveanews.com\/index.php\/2025\/03\/08\/a-declaracao-de-dorival-jr-direcionada-ao-jogador-do-flamengo\/#breadcrumb\",\"itemListElement\":[{\"@type\":\"ListItem\",\"position\":1,\"name\":\"Home\",\"item\":\"https:\/\/www.gaveanews.com\/\"},{\"@type\":\"ListItem\",\"position\":2,\"name\":\"A declara\u00e7\u00e3o de Dorival Jr direcionada ao jogador do Flamengo\"}]},{\"@type\":\"WebSite\",\"@id\":\"https:\/\/www.gaveanews.com\/#website\",\"url\":\"https:\/\/www.gaveanews.com\/\",\"name\":\"G\u00e1vea News\",\"description\":\"Veja todas as not\u00edcias sobre o Flamengo: Contrata\u00e7\u00f5es, categorias de base, resultados das partidas, tabela de classifica\u00e7\u00e3o, pr\u00f3ximos jogos!\",\"potentialAction\":[{\"@type\":\"SearchAction\",\"target\":{\"@type\":\"EntryPoint\",\"urlTemplate\":\"https:\/\/www.gaveanews.com\/?s={search_term_string}\"},\"query-input\":{\"@type\":\"PropertyValueSpecification\",\"valueRequired\":true,\"valueName\":\"search_term_string\"}}],\"inLanguage\":\"pt-BR\"},{\"@type\":\"Person\",\"@id\":\"https:\/\/www.gaveanews.com\/#\/schema\/person\/2877169f354c4596cf5aab74ea7c56a8\",\"name\":\"Leandro Azevedo\",\"image\":{\"@type\":\"ImageObject\",\"inLanguage\":\"pt-BR\",\"@id\":\"https:\/\/www.gaveanews.com\/#\/schema\/person\/image\/\",\"url\":\"https:\/\/secure.gravatar.com\/avatar\/e2f72eb6d986a41d592a85e4e36a6c6170e9ea8a1f433dfc29d0011a8968f89c?s=96&d=mm&r=g\",\"contentUrl\":\"https:\/\/secure.gravatar.com\/avatar\/e2f72eb6d986a41d592a85e4e36a6c6170e9ea8a1f433dfc29d0011a8968f89c?s=96&d=mm&r=g\",\"caption\":\"Leandro Azevedo\"}}]}<\/script>\n<!-- \/ Yoast SEO Premium plugin. -->","yoast_head_json":{"title":"A declara\u00e7\u00e3o de Dorival Jr direcionada ao jogador do Flamengo","robots":{"index":"index","follow":"follow","max-snippet":"max-snippet:-1","max-image-preview":"max-image-preview:large","max-video-preview":"max-video-preview:-1"},"canonical":"https:\/\/www.gaveanews.com\/index.php\/2025\/03\/08\/a-declaracao-de-dorival-jr-direcionada-ao-jogador-do-flamengo\/","og_locale":"pt_BR","og_type":"article","og_title":"A declara\u00e7\u00e3o de Dorival Jr direcionada ao jogador do Flamengo","og_description":"O t\u00e9cnico Dorival J\u00fanior segue apostando no futebol de Danilo. Refor\u00e7o do Flamengo para a atual temporada, o zagueiro foi inclu\u00eddo na lista de convocados da Sele\u00e7\u00e3o Brasileira para os jogos contra Col\u00f4mbia e Argentina. Al\u00e9m da experi\u00eancia do jogador, Dorival destacou a versatilidade do defensor, que pode atuar em diferentes setores da defesa. &#8220;\u00c9 [&hellip;]","og_url":"https:\/\/www.gaveanews.com\/index.php\/2025\/03\/08\/a-declaracao-de-dorival-jr-direcionada-ao-jogador-do-flamengo\/","og_site_name":"G\u00e1vea News","article_publisher":"https:\/\/facebook.com\/gaveaNews\/","article_published_time":"2025-03-08T16:20:50+00:00","og_image":[{"width":732,"height":412,"url":"https:\/\/www.gaveanews.com\/wp-content\/uploads\/dorival-junior-selecao-e1704998153515.webp","type":"image\/webp"}],"author":"Leandro Azevedo","twitter_card":"summary_large_image","twitter_misc":{"Escrito por":"Leandro Azevedo","Est. tempo de leitura":"3 minutos"},"schema":{"@context":"https:\/\/schema.org","@graph":[{"@type":"NewsArticle","@id":"https:\/\/www.gaveanews.com\/index.php\/2025\/03\/08\/a-declaracao-de-dorival-jr-direcionada-ao-jogador-do-flamengo\/#article","isPartOf":{"@id":"https:\/\/www.gaveanews.com\/index.php\/2025\/03\/08\/a-declaracao-de-dorival-jr-direcionada-ao-jogador-do-flamengo\/"},"author":{"name":"Leandro Azevedo","@id":"https:\/\/www.gaveanews.com\/#\/schema\/person\/2877169f354c4596cf5aab74ea7c56a8"},"headline":"A declara\u00e7\u00e3o de Dorival Jr direcionada ao jogador do Flamengo","datePublished":"2025-03-08T16:20:50+00:00","mainEntityOfPage":{"@id":"https:\/\/www.gaveanews.com\/index.php\/2025\/03\/08\/a-declaracao-de-dorival-jr-direcionada-ao-jogador-do-flamengo\/"},"wordCount":384,"commentCount":0,"image":{"@id":"https:\/\/www.gaveanews.com\/index.php\/2025\/03\/08\/a-declaracao-de-dorival-jr-direcionada-ao-jogador-do-flamengo\/#primaryimage"},"thumbnailUrl":"https:\/\/www.gaveanews.com\/wp-content\/uploads\/dorival-junior-selecao-e1704998153515.webp","articleSection":["Flamengo"],"inLanguage":"pt-BR","potentialAction":[{"@type":"CommentAction","name":"Comment","target":["https:\/\/www.gaveanews.com\/index.php\/2025\/03\/08\/a-declaracao-de-dorival-jr-direcionada-ao-jogador-do-flamengo\/#respond"]}],"copyrightYear":"2025","copyrightHolder":{"@id":"https:\/\/www.gaveanews.com\/#organization"}},{"@type":"WebPage","@id":"https:\/\/www.gaveanews.com\/index.php\/2025\/03\/08\/a-declaracao-de-dorival-jr-direcionada-ao-jogador-do-flamengo\/","url":"https:\/\/www.gaveanews.com\/index.php\/2025\/03\/08\/a-declaracao-de-dorival-jr-direcionada-ao-jogador-do-flamengo\/","name":"A declara\u00e7\u00e3o de Dorival Jr direcionada ao jogador do Flamengo","isPartOf":{"@id":"https:\/\/www.gaveanews.com\/#website"},"primaryImageOfPage":{"@id":"https:\/\/www.gaveanews.com\/index.php\/2025\/03\/08\/a-declaracao-de-dorival-jr-direcionada-ao-jogador-do-flamengo\/#primaryimage"},"image":{"@id":"https:\/\/www.gaveanews.com\/index.php\/2025\/03\/08\/a-declaracao-de-dorival-jr-direcionada-ao-jogador-do-flamengo\/#primaryimage"},"thumbnailUrl":"https:\/\/www.gaveanews.com\/wp-content\/uploads\/dorival-junior-selecao-e1704998153515.webp","datePublished":"2025-03-08T16:20:50+00:00","author":{"@id":"https:\/\/www.gaveanews.com\/#\/schema\/person\/2877169f354c4596cf5aab74ea7c56a8"},"breadcrumb":{"@id":"https:\/\/www.gaveanews.com\/index.php\/2025\/03\/08\/a-declaracao-de-dorival-jr-direcionada-ao-jogador-do-flamengo\/#breadcrumb"},"inLanguage":"pt-BR","potentialAction":[{"@type":"ReadAction","target":["https:\/\/www.gaveanews.com\/index.php\/2025\/03\/08\/a-declaracao-de-dorival-jr-direcionada-ao-jogador-do-flamengo\/"]}]},{"@type":"ImageObject","inLanguage":"pt-BR","@id":"https:\/\/www.gaveanews.com\/index.php\/2025\/03\/08\/a-declaracao-de-dorival-jr-direcionada-ao-jogador-do-flamengo\/#primaryimage","url":"https:\/\/www.gaveanews.com\/wp-content\/uploads\/dorival-junior-selecao-e1704998153515.webp","contentUrl":"https:\/\/www.gaveanews.com\/wp-content\/uploads\/dorival-junior-selecao-e1704998153515.webp","width":732,"height":412,"caption":"Dorival J\u00fanior, t\u00e9cnico da Sele\u00e7\u00e3o Brasileira (Foto: Reprodu\u00e7\u00e3o)"},{"@type":"BreadcrumbList","@id":"https:\/\/www.gaveanews.com\/index.php\/2025\/03\/08\/a-declaracao-de-dorival-jr-direcionada-ao-jogador-do-flamengo\/#breadcrumb","itemListElement":[{"@type":"ListItem","position":1,"name":"Home","item":"https:\/\/www.gaveanews.com\/"},{"@type":"ListItem","position":2,"name":"A declara\u00e7\u00e3o de Dorival Jr direcionada ao jogador do Flamengo"}]},{"@type":"WebSite","@id":"https:\/\/www.gaveanews.com\/#website","url":"https:\/\/www.gaveanews.com\/","name":"G\u00e1vea News","description":"Veja todas as not\u00edcias sobre o Flamengo: Contrata\u00e7\u00f5es, categorias de base, resultados das partidas, tabela de classifica\u00e7\u00e3o, pr\u00f3ximos jogos!","potentialAction":[{"@type":"SearchAction","target":{"@type":"EntryPoint","urlTemplate":"https:\/\/www.gaveanews.com\/?s={search_term_string}"},"query-input":{"@type":"PropertyValueSpecification","valueRequired":true,"valueName":"search_term_string"}}],"inLanguage":"pt-BR"},{"@type":"Person","@id":"https:\/\/www.gaveanews.com\/#\/schema\/person\/2877169f354c4596cf5aab74ea7c56a8","name":"Leandro Azevedo","image":{"@type":"ImageObject","inLanguage":"pt-BR","@id":"https:\/\/www.gaveanews.com\/#\/schema\/person\/image\/","url":"https:\/\/secure.gravatar.com\/avatar\/e2f72eb6d986a41d592a85e4e36a6c6170e9ea8a1f433dfc29d0011a8968f89c?s=96&d=mm&r=g","contentUrl":"https:\/\/secure.gravatar.com\/avatar\/e2f72eb6d986a41d592a85e4e36a6c6170e9ea8a1f433dfc29d0011a8968f89c?s=96&d=mm&r=g","caption":"Leandro Azevedo"}}]}},"_links":{"self":[{"href":"https:\/\/www.gaveanews.com\/index.php\/wp-json\/wp\/v2\/posts\/237453","targetHints":{"allow":["GET"]}}],"collection":[{"href":"https:\/\/www.gaveanews.com\/index.php\/wp-json\/wp\/v2\/posts"}],"about":[{"href":"https:\/\/www.gaveanews.com\/index.php\/wp-json\/wp\/v2\/types\/post"}],"author":[{"embeddable":true,"href":"https:\/\/www.gaveanews.com\/index.php\/wp-json\/wp\/v2\/users\/23"}],"replies":[{"embeddable":true,"href":"https:\/\/www.gaveanews.com\/index.php\/wp-json\/wp\/v2\/comments?post=237453"}],"version-history":[{"count":1,"href":"https:\/\/www.gaveanews.com\/index.php\/wp-json\/wp\/v2\/posts\/237453\/revisions"}],"predecessor-version":[{"id":237457,"href":"https:\/\/www.gaveanews.com\/index.php\/wp-json\/wp\/v2\/posts\/237453\/revisions\/237457"}],"wp:featuredmedia":[{"embeddable":true,"href":"https:\/\/www.gaveanews.com\/index.php\/wp-json\/wp\/v2\/media\/126556"}],"wp:attachment":[{"href":"https:\/\/www.gaveanews.com\/index.php\/wp-json\/wp\/v2\/media?parent=237453"}],"wp:term":[{"taxonomy":"category","embeddable":true,"href":"https:\/\/www.gaveanews.com\/index.php\/wp-json\/wp\/v2\/categories?post=237453"},{"taxonomy":"post_tag","embeddable":true,"href":"https:\/\/www.gaveanews.com\/index.php\/wp-json\/wp\/v2\/tags?post=237453"}],"curies":[{"name":"wp","href":"https:\/\/api.w.org\/{rel}","templated":true}]}}