{"id":237465,"date":"2025-03-08T01:55:00","date_gmt":"2025-03-08T04:55:00","guid":{"rendered":"https:\/\/www.gaveanews.com\/?p=237465"},"modified":"2025-03-07T22:07:53","modified_gmt":"2025-03-08T01:07:53","slug":"federacao-paulista-faz-pedido-para-corinthians-palmeiras-santos-e-sao-paulo","status":"publish","type":"post","link":"https:\/\/www.gaveanews.com\/index.php\/2025\/03\/08\/federacao-paulista-faz-pedido-para-corinthians-palmeiras-santos-e-sao-paulo\/","title":{"rendered":"Federa\u00e7\u00e3o Paulista faz pedido para Corinthians, Palmeiras, Santos e S\u00e3o Paulo"},"content":{"rendered":"\n<p>A Federa\u00e7\u00e3o Paulista de Futebol (FPF) encaminhou um of\u00edcio aos quatro clubes semifinalistas do Campeonato Paulista \u2013 Corinthians, Santos, Palmeiras e S\u00e3o Paulo \u2013 refor\u00e7ando a necessidade de respeito entre os advers\u00e1rios e a evita\u00e7\u00e3o de atitudes provocativas. A entidade destacou a campanha &#8220;menos \u00f3dio, mais futebol&#8221; como parte dos esfor\u00e7os para promover um ambiente esportivo mais pac\u00edfico.<\/p>\n\n\n\n<p>O documento n\u00e3o cita explicitamente, mas tem como objetivo coibir comemora\u00e7\u00f5es que envolvem chutes ou &#8220;voadoras&#8221; em bandeirinhas de escanteio com escudos de times rivais. A pr\u00e1tica tem gerado pol\u00eamica nos \u00faltimos anos, especialmente em cl\u00e1ssicos paulistas, levando a confrontos entre jogadores e torcidas.<\/p>\n\n\n\n<p>Casos recentes refor\u00e7am a preocupa\u00e7\u00e3o da federa\u00e7\u00e3o. O atacante Luciano, do S\u00e3o Paulo, j\u00e1 utilizou a bandeirinha do Palmeiras para celebrar um gol no Allianz Parque, assim como fez no est\u00e1dio do Corinthians em uma ocasi\u00e3o anterior. Do lado alvinegro, Yuri Alberto tamb\u00e9m repetiu o gesto ao marcar contra o Palmeiras. Esses epis\u00f3dios alimentaram provoca\u00e7\u00f5es entre torcedores organizados durante a semana que antecede as semifinais.<\/p>\n\n\n\n<p>A FPF alertou que qualquer atitude que incite revolta ou confrontos compromete o bom andamento do torneio e a seguran\u00e7a dos envolvidos. O documento pede que atletas, comiss\u00f5es t\u00e9cnicas e dirigentes tenham consci\u00eancia do impacto de suas a\u00e7\u00f5es dentro de campo.<\/p>\n\n\n\n<p>Embora a International Football Association Board (IFAB), respons\u00e1vel pelas regras do futebol, n\u00e3o tenha uma norma espec\u00edfica contra esse tipo de comemora\u00e7\u00e3o, a entidade destaca que gestos considerados excessivos podem ser punidos com cart\u00e3o amarelo, dependendo da interpreta\u00e7\u00e3o do \u00e1rbitro da partida.<\/p>\n\n\n\n<p>As semifinais ser\u00e3o disputadas em jogo \u00fanico. No domingo, \u00e0s 18h30 (hor\u00e1rio de Bras\u00edlia), o Corinthians enfrenta o Santos na Neo Qu\u00edmica Arena. Na segunda-feira, \u00e0s 21h35 (hor\u00e1rio de Bras\u00edlia), o Palmeiras recebe o S\u00e3o Paulo no Allianz Parque. A expectativa \u00e9 de est\u00e1dios lotados e grande audi\u00eancia na transmiss\u00e3o televisiva.<\/p>\n","protected":false},"excerpt":{"rendered":"<p>A Federa\u00e7\u00e3o Paulista de Futebol (FPF) encaminhou um of\u00edcio aos quatro clubes semifinalistas do Campeonato Paulista \u2013 Corinthians, Santos, Palmeiras e S\u00e3o Paulo \u2013 refor\u00e7ando a necessidade de respeito entre os advers\u00e1rios e a evita\u00e7\u00e3o de atitudes provocativas. A entidade destacou a campanha &#8220;menos \u00f3dio, mais futebol&#8221; como parte dos esfor\u00e7os para promover um ambiente [&hellip;]<\/p>\n","protected":false},"author":18,"featured_media":192594,"comment_status":"open","ping_status":"closed","sticky":false,"template":"","format":"standard","meta":{"footnotes":""},"categories":[141,150,139,151],"tags":[],"class_list":["post-237465","post","type-post","status-publish","format-standard","has-post-thumbnail","hentry","category-corinthians","category-palmeiras","category-santos","category-sao-paulo"],"yoast_head":"<!-- This site is optimized with the Yoast SEO Premium plugin v24.2 (Yoast SEO v26.9) - https:\/\/yoast.com\/product\/yoast-seo-premium-wordpress\/ -->\n<title>Federa\u00e7\u00e3o Paulista faz pedido para Corinthians, Palmeiras, Santos e S\u00e3o Paulo<\/title>\n<meta name=\"robots\" content=\"index, follow, max-snippet:-1, max-image-preview:large, max-video-preview:-1\" \/>\n<link rel=\"canonical\" href=\"https:\/\/www.gaveanews.com\/index.php\/2025\/03\/08\/federacao-paulista-faz-pedido-para-corinthians-palmeiras-santos-e-sao-paulo\/\" \/>\n<meta property=\"og:locale\" content=\"pt_BR\" \/>\n<meta property=\"og:type\" content=\"article\" \/>\n<meta property=\"og:title\" content=\"Federa\u00e7\u00e3o Paulista faz pedido para Corinthians, Palmeiras, Santos e S\u00e3o Paulo\" \/>\n<meta property=\"og:description\" content=\"A Federa\u00e7\u00e3o Paulista de Futebol (FPF) encaminhou um of\u00edcio aos quatro clubes semifinalistas do Campeonato Paulista \u2013 Corinthians, Santos, Palmeiras e S\u00e3o Paulo \u2013 refor\u00e7ando a necessidade de respeito entre os advers\u00e1rios e a evita\u00e7\u00e3o de atitudes provocativas. A entidade destacou a campanha &#8220;menos \u00f3dio, mais futebol&#8221; como parte dos esfor\u00e7os para promover um ambiente [&hellip;]\" \/>\n<meta property=\"og:url\" content=\"https:\/\/www.gaveanews.com\/index.php\/2025\/03\/08\/federacao-paulista-faz-pedido-para-corinthians-palmeiras-santos-e-sao-paulo\/\" \/>\n<meta property=\"og:site_name\" content=\"G\u00e1vea News\" \/>\n<meta property=\"article:publisher\" content=\"https:\/\/facebook.com\/gaveaNews\/\" \/>\n<meta property=\"article:published_time\" content=\"2025-03-08T04:55:00+00:00\" \/>\n<meta property=\"og:image\" content=\"https:\/\/www.gaveanews.com\/wp-content\/uploads\/taca-paulistao-2024.webp\" \/>\n\t<meta property=\"og:image:width\" content=\"984\" \/>\n\t<meta property=\"og:image:height\" content=\"1376\" \/>\n\t<meta property=\"og:image:type\" content=\"image\/jpeg\" \/>\n<meta name=\"author\" content=\"Paula Silva\" \/>\n<meta name=\"twitter:card\" content=\"summary_large_image\" \/>\n<meta name=\"twitter:label1\" content=\"Escrito por\" \/>\n\t<meta name=\"twitter:data1\" content=\"Paula Silva\" \/>\n\t<meta name=\"twitter:label2\" content=\"Est. tempo de leitura\" \/>\n\t<meta name=\"twitter:data2\" content=\"2 minutos\" \/>\n<script type=\"application\/ld+json\" class=\"yoast-schema-graph\">{\"@context\":\"https:\/\/schema.org\",\"@graph\":[{\"@type\":\"NewsArticle\",\"@id\":\"https:\/\/www.gaveanews.com\/index.php\/2025\/03\/08\/federacao-paulista-faz-pedido-para-corinthians-palmeiras-santos-e-sao-paulo\/#article\",\"isPartOf\":{\"@id\":\"https:\/\/www.gaveanews.com\/index.php\/2025\/03\/08\/federacao-paulista-faz-pedido-para-corinthians-palmeiras-santos-e-sao-paulo\/\"},\"author\":{\"name\":\"Paula Silva\",\"@id\":\"https:\/\/www.gaveanews.com\/#\/schema\/person\/daf63eec72e1164eb13dc35096c2b8da\"},\"headline\":\"Federa\u00e7\u00e3o Paulista faz pedido para Corinthians, Palmeiras, Santos e S\u00e3o Paulo\",\"datePublished\":\"2025-03-08T04:55:00+00:00\",\"mainEntityOfPage\":{\"@id\":\"https:\/\/www.gaveanews.com\/index.php\/2025\/03\/08\/federacao-paulista-faz-pedido-para-corinthians-palmeiras-santos-e-sao-paulo\/\"},\"wordCount\":354,\"commentCount\":0,\"image\":{\"@id\":\"https:\/\/www.gaveanews.com\/index.php\/2025\/03\/08\/federacao-paulista-faz-pedido-para-corinthians-palmeiras-santos-e-sao-paulo\/#primaryimage\"},\"thumbnailUrl\":\"https:\/\/www.gaveanews.com\/wp-content\/uploads\/taca-paulistao-2024.webp\",\"articleSection\":[\"Corinthians\",\"Palmeiras\",\"Santos\",\"S\u00e3o Paulo\"],\"inLanguage\":\"pt-BR\",\"potentialAction\":[{\"@type\":\"CommentAction\",\"name\":\"Comment\",\"target\":[\"https:\/\/www.gaveanews.com\/index.php\/2025\/03\/08\/federacao-paulista-faz-pedido-para-corinthians-palmeiras-santos-e-sao-paulo\/#respond\"]}],\"copyrightYear\":\"2025\",\"copyrightHolder\":{\"@id\":\"https:\/\/www.gaveanews.com\/#organization\"}},{\"@type\":\"WebPage\",\"@id\":\"https:\/\/www.gaveanews.com\/index.php\/2025\/03\/08\/federacao-paulista-faz-pedido-para-corinthians-palmeiras-santos-e-sao-paulo\/\",\"url\":\"https:\/\/www.gaveanews.com\/index.php\/2025\/03\/08\/federacao-paulista-faz-pedido-para-corinthians-palmeiras-santos-e-sao-paulo\/\",\"name\":\"Federa\u00e7\u00e3o Paulista faz pedido para Corinthians, Palmeiras, Santos e S\u00e3o Paulo\",\"isPartOf\":{\"@id\":\"https:\/\/www.gaveanews.com\/#website\"},\"primaryImageOfPage\":{\"@id\":\"https:\/\/www.gaveanews.com\/index.php\/2025\/03\/08\/federacao-paulista-faz-pedido-para-corinthians-palmeiras-santos-e-sao-paulo\/#primaryimage\"},\"image\":{\"@id\":\"https:\/\/www.gaveanews.com\/index.php\/2025\/03\/08\/federacao-paulista-faz-pedido-para-corinthians-palmeiras-santos-e-sao-paulo\/#primaryimage\"},\"thumbnailUrl\":\"https:\/\/www.gaveanews.com\/wp-content\/uploads\/taca-paulistao-2024.webp\",\"datePublished\":\"2025-03-08T04:55:00+00:00\",\"author\":{\"@id\":\"https:\/\/www.gaveanews.com\/#\/schema\/person\/daf63eec72e1164eb13dc35096c2b8da\"},\"breadcrumb\":{\"@id\":\"https:\/\/www.gaveanews.com\/index.php\/2025\/03\/08\/federacao-paulista-faz-pedido-para-corinthians-palmeiras-santos-e-sao-paulo\/#breadcrumb\"},\"inLanguage\":\"pt-BR\",\"potentialAction\":[{\"@type\":\"ReadAction\",\"target\":[\"https:\/\/www.gaveanews.com\/index.php\/2025\/03\/08\/federacao-paulista-faz-pedido-para-corinthians-palmeiras-santos-e-sao-paulo\/\"]}]},{\"@type\":\"ImageObject\",\"inLanguage\":\"pt-BR\",\"@id\":\"https:\/\/www.gaveanews.com\/index.php\/2025\/03\/08\/federacao-paulista-faz-pedido-para-corinthians-palmeiras-santos-e-sao-paulo\/#primaryimage\",\"url\":\"https:\/\/www.gaveanews.com\/wp-content\/uploads\/taca-paulistao-2024.webp\",\"contentUrl\":\"https:\/\/www.gaveanews.com\/wp-content\/uploads\/taca-paulistao-2024.webp\",\"width\":984,\"height\":1376,\"caption\":\"ta\u00e7a paulist\u00e3o 2024 (Foto: Jo\u00e3o Loureiro\/Ag. Paulist\u00e3o)\"},{\"@type\":\"BreadcrumbList\",\"@id\":\"https:\/\/www.gaveanews.com\/index.php\/2025\/03\/08\/federacao-paulista-faz-pedido-para-corinthians-palmeiras-santos-e-sao-paulo\/#breadcrumb\",\"itemListElement\":[{\"@type\":\"ListItem\",\"position\":1,\"name\":\"Home\",\"item\":\"https:\/\/www.gaveanews.com\/\"},{\"@type\":\"ListItem\",\"position\":2,\"name\":\"Federa\u00e7\u00e3o Paulista faz pedido para Corinthians, Palmeiras, Santos e S\u00e3o Paulo\"}]},{\"@type\":\"WebSite\",\"@id\":\"https:\/\/www.gaveanews.com\/#website\",\"url\":\"https:\/\/www.gaveanews.com\/\",\"name\":\"G\u00e1vea News\",\"description\":\"Veja todas as not\u00edcias sobre o Flamengo: Contrata\u00e7\u00f5es, categorias de base, resultados das partidas, tabela de classifica\u00e7\u00e3o, pr\u00f3ximos jogos!\",\"potentialAction\":[{\"@type\":\"SearchAction\",\"target\":{\"@type\":\"EntryPoint\",\"urlTemplate\":\"https:\/\/www.gaveanews.com\/?s={search_term_string}\"},\"query-input\":{\"@type\":\"PropertyValueSpecification\",\"valueRequired\":true,\"valueName\":\"search_term_string\"}}],\"inLanguage\":\"pt-BR\"},{\"@type\":\"Person\",\"@id\":\"https:\/\/www.gaveanews.com\/#\/schema\/person\/daf63eec72e1164eb13dc35096c2b8da\",\"name\":\"Paula Silva\",\"image\":{\"@type\":\"ImageObject\",\"inLanguage\":\"pt-BR\",\"@id\":\"https:\/\/www.gaveanews.com\/#\/schema\/person\/image\/\",\"url\":\"https:\/\/secure.gravatar.com\/avatar\/eda381c845527cc5d64c13b901833cda29d97500ba040d3e6461f76f51d163bb?s=96&d=mm&r=g\",\"contentUrl\":\"https:\/\/secure.gravatar.com\/avatar\/eda381c845527cc5d64c13b901833cda29d97500ba040d3e6461f76f51d163bb?s=96&d=mm&r=g\",\"caption\":\"Paula Silva\"}}]}<\/script>\n<!-- \/ Yoast SEO Premium plugin. -->","yoast_head_json":{"title":"Federa\u00e7\u00e3o Paulista faz pedido para Corinthians, Palmeiras, Santos e S\u00e3o Paulo","robots":{"index":"index","follow":"follow","max-snippet":"max-snippet:-1","max-image-preview":"max-image-preview:large","max-video-preview":"max-video-preview:-1"},"canonical":"https:\/\/www.gaveanews.com\/index.php\/2025\/03\/08\/federacao-paulista-faz-pedido-para-corinthians-palmeiras-santos-e-sao-paulo\/","og_locale":"pt_BR","og_type":"article","og_title":"Federa\u00e7\u00e3o Paulista faz pedido para Corinthians, Palmeiras, Santos e S\u00e3o Paulo","og_description":"A Federa\u00e7\u00e3o Paulista de Futebol (FPF) encaminhou um of\u00edcio aos quatro clubes semifinalistas do Campeonato Paulista \u2013 Corinthians, Santos, Palmeiras e S\u00e3o Paulo \u2013 refor\u00e7ando a necessidade de respeito entre os advers\u00e1rios e a evita\u00e7\u00e3o de atitudes provocativas. A entidade destacou a campanha &#8220;menos \u00f3dio, mais futebol&#8221; como parte dos esfor\u00e7os para promover um ambiente [&hellip;]","og_url":"https:\/\/www.gaveanews.com\/index.php\/2025\/03\/08\/federacao-paulista-faz-pedido-para-corinthians-palmeiras-santos-e-sao-paulo\/","og_site_name":"G\u00e1vea News","article_publisher":"https:\/\/facebook.com\/gaveaNews\/","article_published_time":"2025-03-08T04:55:00+00:00","og_image":[{"width":984,"height":1376,"url":"https:\/\/www.gaveanews.com\/wp-content\/uploads\/taca-paulistao-2024.webp","type":"image\/jpeg"}],"author":"Paula Silva","twitter_card":"summary_large_image","twitter_misc":{"Escrito por":"Paula Silva","Est. tempo de leitura":"2 minutos"},"schema":{"@context":"https:\/\/schema.org","@graph":[{"@type":"NewsArticle","@id":"https:\/\/www.gaveanews.com\/index.php\/2025\/03\/08\/federacao-paulista-faz-pedido-para-corinthians-palmeiras-santos-e-sao-paulo\/#article","isPartOf":{"@id":"https:\/\/www.gaveanews.com\/index.php\/2025\/03\/08\/federacao-paulista-faz-pedido-para-corinthians-palmeiras-santos-e-sao-paulo\/"},"author":{"name":"Paula Silva","@id":"https:\/\/www.gaveanews.com\/#\/schema\/person\/daf63eec72e1164eb13dc35096c2b8da"},"headline":"Federa\u00e7\u00e3o Paulista faz pedido para Corinthians, Palmeiras, Santos e S\u00e3o Paulo","datePublished":"2025-03-08T04:55:00+00:00","mainEntityOfPage":{"@id":"https:\/\/www.gaveanews.com\/index.php\/2025\/03\/08\/federacao-paulista-faz-pedido-para-corinthians-palmeiras-santos-e-sao-paulo\/"},"wordCount":354,"commentCount":0,"image":{"@id":"https:\/\/www.gaveanews.com\/index.php\/2025\/03\/08\/federacao-paulista-faz-pedido-para-corinthians-palmeiras-santos-e-sao-paulo\/#primaryimage"},"thumbnailUrl":"https:\/\/www.gaveanews.com\/wp-content\/uploads\/taca-paulistao-2024.webp","articleSection":["Corinthians","Palmeiras","Santos","S\u00e3o Paulo"],"inLanguage":"pt-BR","potentialAction":[{"@type":"CommentAction","name":"Comment","target":["https:\/\/www.gaveanews.com\/index.php\/2025\/03\/08\/federacao-paulista-faz-pedido-para-corinthians-palmeiras-santos-e-sao-paulo\/#respond"]}],"copyrightYear":"2025","copyrightHolder":{"@id":"https:\/\/www.gaveanews.com\/#organization"}},{"@type":"WebPage","@id":"https:\/\/www.gaveanews.com\/index.php\/2025\/03\/08\/federacao-paulista-faz-pedido-para-corinthians-palmeiras-santos-e-sao-paulo\/","url":"https:\/\/www.gaveanews.com\/index.php\/2025\/03\/08\/federacao-paulista-faz-pedido-para-corinthians-palmeiras-santos-e-sao-paulo\/","name":"Federa\u00e7\u00e3o Paulista faz pedido para Corinthians, Palmeiras, Santos e S\u00e3o Paulo","isPartOf":{"@id":"https:\/\/www.gaveanews.com\/#website"},"primaryImageOfPage":{"@id":"https:\/\/www.gaveanews.com\/index.php\/2025\/03\/08\/federacao-paulista-faz-pedido-para-corinthians-palmeiras-santos-e-sao-paulo\/#primaryimage"},"image":{"@id":"https:\/\/www.gaveanews.com\/index.php\/2025\/03\/08\/federacao-paulista-faz-pedido-para-corinthians-palmeiras-santos-e-sao-paulo\/#primaryimage"},"thumbnailUrl":"https:\/\/www.gaveanews.com\/wp-content\/uploads\/taca-paulistao-2024.webp","datePublished":"2025-03-08T04:55:00+00:00","author":{"@id":"https:\/\/www.gaveanews.com\/#\/schema\/person\/daf63eec72e1164eb13dc35096c2b8da"},"breadcrumb":{"@id":"https:\/\/www.gaveanews.com\/index.php\/2025\/03\/08\/federacao-paulista-faz-pedido-para-corinthians-palmeiras-santos-e-sao-paulo\/#breadcrumb"},"inLanguage":"pt-BR","potentialAction":[{"@type":"ReadAction","target":["https:\/\/www.gaveanews.com\/index.php\/2025\/03\/08\/federacao-paulista-faz-pedido-para-corinthians-palmeiras-santos-e-sao-paulo\/"]}]},{"@type":"ImageObject","inLanguage":"pt-BR","@id":"https:\/\/www.gaveanews.com\/index.php\/2025\/03\/08\/federacao-paulista-faz-pedido-para-corinthians-palmeiras-santos-e-sao-paulo\/#primaryimage","url":"https:\/\/www.gaveanews.com\/wp-content\/uploads\/taca-paulistao-2024.webp","contentUrl":"https:\/\/www.gaveanews.com\/wp-content\/uploads\/taca-paulistao-2024.webp","width":984,"height":1376,"caption":"ta\u00e7a paulist\u00e3o 2024 (Foto: Jo\u00e3o Loureiro\/Ag. Paulist\u00e3o)"},{"@type":"BreadcrumbList","@id":"https:\/\/www.gaveanews.com\/index.php\/2025\/03\/08\/federacao-paulista-faz-pedido-para-corinthians-palmeiras-santos-e-sao-paulo\/#breadcrumb","itemListElement":[{"@type":"ListItem","position":1,"name":"Home","item":"https:\/\/www.gaveanews.com\/"},{"@type":"ListItem","position":2,"name":"Federa\u00e7\u00e3o Paulista faz pedido para Corinthians, Palmeiras, Santos e S\u00e3o Paulo"}]},{"@type":"WebSite","@id":"https:\/\/www.gaveanews.com\/#website","url":"https:\/\/www.gaveanews.com\/","name":"G\u00e1vea News","description":"Veja todas as not\u00edcias sobre o Flamengo: Contrata\u00e7\u00f5es, categorias de base, resultados das partidas, tabela de classifica\u00e7\u00e3o, pr\u00f3ximos jogos!","potentialAction":[{"@type":"SearchAction","target":{"@type":"EntryPoint","urlTemplate":"https:\/\/www.gaveanews.com\/?s={search_term_string}"},"query-input":{"@type":"PropertyValueSpecification","valueRequired":true,"valueName":"search_term_string"}}],"inLanguage":"pt-BR"},{"@type":"Person","@id":"https:\/\/www.gaveanews.com\/#\/schema\/person\/daf63eec72e1164eb13dc35096c2b8da","name":"Paula Silva","image":{"@type":"ImageObject","inLanguage":"pt-BR","@id":"https:\/\/www.gaveanews.com\/#\/schema\/person\/image\/","url":"https:\/\/secure.gravatar.com\/avatar\/eda381c845527cc5d64c13b901833cda29d97500ba040d3e6461f76f51d163bb?s=96&d=mm&r=g","contentUrl":"https:\/\/secure.gravatar.com\/avatar\/eda381c845527cc5d64c13b901833cda29d97500ba040d3e6461f76f51d163bb?s=96&d=mm&r=g","caption":"Paula Silva"}}]}},"_links":{"self":[{"href":"https:\/\/www.gaveanews.com\/index.php\/wp-json\/wp\/v2\/posts\/237465","targetHints":{"allow":["GET"]}}],"collection":[{"href":"https:\/\/www.gaveanews.com\/index.php\/wp-json\/wp\/v2\/posts"}],"about":[{"href":"https:\/\/www.gaveanews.com\/index.php\/wp-json\/wp\/v2\/types\/post"}],"author":[{"embeddable":true,"href":"https:\/\/www.gaveanews.com\/index.php\/wp-json\/wp\/v2\/users\/18"}],"replies":[{"embeddable":true,"href":"https:\/\/www.gaveanews.com\/index.php\/wp-json\/wp\/v2\/comments?post=237465"}],"version-history":[{"count":1,"href":"https:\/\/www.gaveanews.com\/index.php\/wp-json\/wp\/v2\/posts\/237465\/revisions"}],"predecessor-version":[{"id":237468,"href":"https:\/\/www.gaveanews.com\/index.php\/wp-json\/wp\/v2\/posts\/237465\/revisions\/237468"}],"wp:featuredmedia":[{"embeddable":true,"href":"https:\/\/www.gaveanews.com\/index.php\/wp-json\/wp\/v2\/media\/192594"}],"wp:attachment":[{"href":"https:\/\/www.gaveanews.com\/index.php\/wp-json\/wp\/v2\/media?parent=237465"}],"wp:term":[{"taxonomy":"category","embeddable":true,"href":"https:\/\/www.gaveanews.com\/index.php\/wp-json\/wp\/v2\/categories?post=237465"},{"taxonomy":"post_tag","embeddable":true,"href":"https:\/\/www.gaveanews.com\/index.php\/wp-json\/wp\/v2\/tags?post=237465"}],"curies":[{"name":"wp","href":"https:\/\/api.w.org\/{rel}","templated":true}]}}