{"id":237467,"date":"2025-03-08T13:30:02","date_gmt":"2025-03-08T16:30:02","guid":{"rendered":"https:\/\/www.gaveanews.com\/?p=237467"},"modified":"2025-03-08T13:17:57","modified_gmt":"2025-03-08T16:17:57","slug":"a-declaracao-de-kaio-jorge-direcionada-a-leonardo-jardim","status":"publish","type":"post","link":"https:\/\/www.gaveanews.com\/index.php\/2025\/03\/08\/a-declaracao-de-kaio-jorge-direcionada-a-leonardo-jardim\/","title":{"rendered":"A declara\u00e7\u00e3o de Kaio Jorge direcionada a Leonardo Jardim"},"content":{"rendered":"\n<p>Uma das principais apostas do Cruzeiro para a sequ\u00eancia da temporada, o atacante Kaio Jorge destacou o trabalho do t\u00e9cnico Leonardo Jardim e o impacto do treinador na evolu\u00e7\u00e3o da equipe. Durante a inaugura\u00e7\u00e3o de uma loja oficial do clube na Savassi, regi\u00e3o Centro-Sul de Belo Horizonte, nesta sexta-feira (7), o camisa 19 rasgou elogios ao portugu\u00eas.<\/p>\n\n\n\n<p>&#8220;\u00c9 um treinador muito inteligente, com uma filosofia de jogo muito bem implantada&#8221;, avaliou o atacante, ressaltando que o elenco tem assimilado rapidamente os conceitos e m\u00e9todos de trabalho do t\u00e9cnico lusitano. &#8220;A gente vem assimilando bem o que ele pede. Nos treinamentos, j\u00e1 conseguimos enxergar essa melhora r\u00e1pida&#8221;, completou.<\/p>\n\n\n\n<p>Leonardo Jardim chegou ao Cruzeiro no fim do Campeonato Mineiro para substituir Fernando Diniz. No entanto, a elimina\u00e7\u00e3o para o Am\u00e9rica na semifinal do Estadual trouxe um in\u00edcio turbulento para sua trajet\u00f3ria no comando da equipe estrelada. Desde ent\u00e3o, o treinador tem trabalhado para ajustar a equipe e prepar\u00e1-la para o restante da temporada.<\/p>\n\n\n\n<p>Enquanto a equipe se ajusta ao novo comando, a torcida celeste mostrou sua for\u00e7a e paix\u00e3o pelo clube na inaugura\u00e7\u00e3o de mais uma loja oficial do Cruzeiro, localizada na Rua Alagoas, na Savassi. O evento contou com a presen\u00e7a de centenas de torcedores, que tomaram as imedia\u00e7\u00f5es da loja, formando longas filas e gerando grande aglomera\u00e7\u00e3o no local.<\/p>\n\n\n\n<blockquote class=\"twitter-tweet\"><p lang=\"pt\" dir=\"ltr\">Atacante do Cruzeiro, Kaio Jorge marca presen\u00e7a na mais nova loja oficial do clube, na Savassi, em Belo Horizonte. Chegada do jogador causou alvoro\u00e7o entre os torcedores no interior do estabelecimento e em uma fila ao lado de fora. Confira! <a href=\"https:\/\/t.co\/lH3zGURato\">pic.twitter.com\/lH3zGURato<\/a><\/p>&mdash; O Tempo (@otempo) <a href=\"https:\/\/twitter.com\/otempo\/status\/1898139261343502627?ref_src=twsrc%5Etfw\">March 7, 2025<\/a><\/blockquote> <script async src=\"https:\/\/platform.twitter.com\/widgets.js\" charset=\"utf-8\"><\/script>\n\n\n\n<p>Entre os atrativos do evento, estavam o lan\u00e7amento do novo uniforme do Cruzeiro, a presen\u00e7a do mascote Rapos\u00e3o e, claro, a participa\u00e7\u00e3o especial de Kaio Jorge. O atacante chegou ao local pouco depois das 19h e foi recebido com festa pela torcida. Simp\u00e1tico, ele atendeu diversos torcedores, posou para fotos e distribuiu aut\u00f3grafos.<\/p>\n\n\n\n<p>Com a confian\u00e7a do treinador e o apoio da torcida, Kaio Jorge segue focado na miss\u00e3o de ajudar o Cruzeiro a brigar por grandes objetivos na temporada. A expectativa \u00e9 de que, sob o comando de Leonardo Jardim, o time celeste possa apresentar um futebol competitivo nas pr\u00f3ximas competi\u00e7\u00f5es do calend\u00e1rio.<\/p>\n","protected":false},"excerpt":{"rendered":"<p>Uma das principais apostas do Cruzeiro para a sequ\u00eancia da temporada, o atacante Kaio Jorge destacou o trabalho do t\u00e9cnico Leonardo Jardim e o impacto do treinador na evolu\u00e7\u00e3o da equipe. Durante a inaugura\u00e7\u00e3o de uma loja oficial do clube na Savassi, regi\u00e3o Centro-Sul de Belo Horizonte, nesta sexta-feira (7), o camisa 19 rasgou elogios [&hellip;]<\/p>\n","protected":false},"author":23,"featured_media":162450,"comment_status":"open","ping_status":"closed","sticky":false,"template":"","format":"standard","meta":{"footnotes":""},"categories":[143],"tags":[],"class_list":["post-237467","post","type-post","status-publish","format-standard","has-post-thumbnail","hentry","category-cruzeiro"],"yoast_head":"<!-- This site is optimized with the Yoast SEO Premium plugin v24.2 (Yoast SEO v26.9) - https:\/\/yoast.com\/product\/yoast-seo-premium-wordpress\/ -->\n<title>A declara\u00e7\u00e3o de Kaio Jorge direcionada a Leonardo Jardim<\/title>\n<meta name=\"robots\" content=\"index, follow, max-snippet:-1, max-image-preview:large, max-video-preview:-1\" \/>\n<link rel=\"canonical\" href=\"https:\/\/www.gaveanews.com\/index.php\/2025\/03\/08\/a-declaracao-de-kaio-jorge-direcionada-a-leonardo-jardim\/\" \/>\n<meta property=\"og:locale\" content=\"pt_BR\" \/>\n<meta property=\"og:type\" content=\"article\" \/>\n<meta property=\"og:title\" content=\"A declara\u00e7\u00e3o de Kaio Jorge direcionada a Leonardo Jardim\" \/>\n<meta property=\"og:description\" content=\"Uma das principais apostas do Cruzeiro para a sequ\u00eancia da temporada, o atacante Kaio Jorge destacou o trabalho do t\u00e9cnico Leonardo Jardim e o impacto do treinador na evolu\u00e7\u00e3o da equipe. Durante a inaugura\u00e7\u00e3o de uma loja oficial do clube na Savassi, regi\u00e3o Centro-Sul de Belo Horizonte, nesta sexta-feira (7), o camisa 19 rasgou elogios [&hellip;]\" \/>\n<meta property=\"og:url\" content=\"https:\/\/www.gaveanews.com\/index.php\/2025\/03\/08\/a-declaracao-de-kaio-jorge-direcionada-a-leonardo-jardim\/\" \/>\n<meta property=\"og:site_name\" content=\"G\u00e1vea News\" \/>\n<meta property=\"article:publisher\" content=\"https:\/\/facebook.com\/gaveaNews\/\" \/>\n<meta property=\"article:published_time\" content=\"2025-03-08T16:30:02+00:00\" \/>\n<meta property=\"og:image\" content=\"https:\/\/www.gaveanews.com\/wp-content\/uploads\/image-2.webp\" \/>\n\t<meta property=\"og:image:width\" content=\"1200\" \/>\n\t<meta property=\"og:image:height\" content=\"600\" \/>\n\t<meta property=\"og:image:type\" content=\"image\/jpeg\" \/>\n<meta name=\"author\" content=\"Leandro Azevedo\" \/>\n<meta name=\"twitter:card\" content=\"summary_large_image\" \/>\n<meta name=\"twitter:label1\" content=\"Escrito por\" \/>\n\t<meta name=\"twitter:data1\" content=\"Leandro Azevedo\" \/>\n\t<meta name=\"twitter:label2\" content=\"Est. tempo de leitura\" \/>\n\t<meta name=\"twitter:data2\" content=\"2 minutos\" \/>\n<script type=\"application\/ld+json\" class=\"yoast-schema-graph\">{\"@context\":\"https:\/\/schema.org\",\"@graph\":[{\"@type\":\"NewsArticle\",\"@id\":\"https:\/\/www.gaveanews.com\/index.php\/2025\/03\/08\/a-declaracao-de-kaio-jorge-direcionada-a-leonardo-jardim\/#article\",\"isPartOf\":{\"@id\":\"https:\/\/www.gaveanews.com\/index.php\/2025\/03\/08\/a-declaracao-de-kaio-jorge-direcionada-a-leonardo-jardim\/\"},\"author\":{\"name\":\"Leandro Azevedo\",\"@id\":\"https:\/\/www.gaveanews.com\/#\/schema\/person\/2877169f354c4596cf5aab74ea7c56a8\"},\"headline\":\"A declara\u00e7\u00e3o de Kaio Jorge direcionada a Leonardo Jardim\",\"datePublished\":\"2025-03-08T16:30:02+00:00\",\"mainEntityOfPage\":{\"@id\":\"https:\/\/www.gaveanews.com\/index.php\/2025\/03\/08\/a-declaracao-de-kaio-jorge-direcionada-a-leonardo-jardim\/\"},\"wordCount\":413,\"commentCount\":0,\"image\":{\"@id\":\"https:\/\/www.gaveanews.com\/index.php\/2025\/03\/08\/a-declaracao-de-kaio-jorge-direcionada-a-leonardo-jardim\/#primaryimage\"},\"thumbnailUrl\":\"https:\/\/www.gaveanews.com\/wp-content\/uploads\/image-2.webp\",\"articleSection\":[\"Cruzeiro\"],\"inLanguage\":\"pt-BR\",\"potentialAction\":[{\"@type\":\"CommentAction\",\"name\":\"Comment\",\"target\":[\"https:\/\/www.gaveanews.com\/index.php\/2025\/03\/08\/a-declaracao-de-kaio-jorge-direcionada-a-leonardo-jardim\/#respond\"]}],\"copyrightYear\":\"2025\",\"copyrightHolder\":{\"@id\":\"https:\/\/www.gaveanews.com\/#organization\"}},{\"@type\":\"WebPage\",\"@id\":\"https:\/\/www.gaveanews.com\/index.php\/2025\/03\/08\/a-declaracao-de-kaio-jorge-direcionada-a-leonardo-jardim\/\",\"url\":\"https:\/\/www.gaveanews.com\/index.php\/2025\/03\/08\/a-declaracao-de-kaio-jorge-direcionada-a-leonardo-jardim\/\",\"name\":\"A declara\u00e7\u00e3o de Kaio Jorge direcionada a Leonardo Jardim\",\"isPartOf\":{\"@id\":\"https:\/\/www.gaveanews.com\/#website\"},\"primaryImageOfPage\":{\"@id\":\"https:\/\/www.gaveanews.com\/index.php\/2025\/03\/08\/a-declaracao-de-kaio-jorge-direcionada-a-leonardo-jardim\/#primaryimage\"},\"image\":{\"@id\":\"https:\/\/www.gaveanews.com\/index.php\/2025\/03\/08\/a-declaracao-de-kaio-jorge-direcionada-a-leonardo-jardim\/#primaryimage\"},\"thumbnailUrl\":\"https:\/\/www.gaveanews.com\/wp-content\/uploads\/image-2.webp\",\"datePublished\":\"2025-03-08T16:30:02+00:00\",\"author\":{\"@id\":\"https:\/\/www.gaveanews.com\/#\/schema\/person\/2877169f354c4596cf5aab74ea7c56a8\"},\"breadcrumb\":{\"@id\":\"https:\/\/www.gaveanews.com\/index.php\/2025\/03\/08\/a-declaracao-de-kaio-jorge-direcionada-a-leonardo-jardim\/#breadcrumb\"},\"inLanguage\":\"pt-BR\",\"potentialAction\":[{\"@type\":\"ReadAction\",\"target\":[\"https:\/\/www.gaveanews.com\/index.php\/2025\/03\/08\/a-declaracao-de-kaio-jorge-direcionada-a-leonardo-jardim\/\"]}]},{\"@type\":\"ImageObject\",\"inLanguage\":\"pt-BR\",\"@id\":\"https:\/\/www.gaveanews.com\/index.php\/2025\/03\/08\/a-declaracao-de-kaio-jorge-direcionada-a-leonardo-jardim\/#primaryimage\",\"url\":\"https:\/\/www.gaveanews.com\/wp-content\/uploads\/image-2.webp\",\"contentUrl\":\"https:\/\/www.gaveanews.com\/wp-content\/uploads\/image-2.webp\",\"width\":1200,\"height\":600,\"caption\":\"Kaio Jorge com a camisa do Cruzeiro em 2024 (Foto: Gustavo Aleixo\/Cruzeiro)\"},{\"@type\":\"BreadcrumbList\",\"@id\":\"https:\/\/www.gaveanews.com\/index.php\/2025\/03\/08\/a-declaracao-de-kaio-jorge-direcionada-a-leonardo-jardim\/#breadcrumb\",\"itemListElement\":[{\"@type\":\"ListItem\",\"position\":1,\"name\":\"Home\",\"item\":\"https:\/\/www.gaveanews.com\/\"},{\"@type\":\"ListItem\",\"position\":2,\"name\":\"A declara\u00e7\u00e3o de Kaio Jorge direcionada a Leonardo Jardim\"}]},{\"@type\":\"WebSite\",\"@id\":\"https:\/\/www.gaveanews.com\/#website\",\"url\":\"https:\/\/www.gaveanews.com\/\",\"name\":\"G\u00e1vea News\",\"description\":\"Veja todas as not\u00edcias sobre o Flamengo: Contrata\u00e7\u00f5es, categorias de base, resultados das partidas, tabela de classifica\u00e7\u00e3o, pr\u00f3ximos jogos!\",\"potentialAction\":[{\"@type\":\"SearchAction\",\"target\":{\"@type\":\"EntryPoint\",\"urlTemplate\":\"https:\/\/www.gaveanews.com\/?s={search_term_string}\"},\"query-input\":{\"@type\":\"PropertyValueSpecification\",\"valueRequired\":true,\"valueName\":\"search_term_string\"}}],\"inLanguage\":\"pt-BR\"},{\"@type\":\"Person\",\"@id\":\"https:\/\/www.gaveanews.com\/#\/schema\/person\/2877169f354c4596cf5aab74ea7c56a8\",\"name\":\"Leandro Azevedo\",\"image\":{\"@type\":\"ImageObject\",\"inLanguage\":\"pt-BR\",\"@id\":\"https:\/\/www.gaveanews.com\/#\/schema\/person\/image\/\",\"url\":\"https:\/\/secure.gravatar.com\/avatar\/e2f72eb6d986a41d592a85e4e36a6c6170e9ea8a1f433dfc29d0011a8968f89c?s=96&d=mm&r=g\",\"contentUrl\":\"https:\/\/secure.gravatar.com\/avatar\/e2f72eb6d986a41d592a85e4e36a6c6170e9ea8a1f433dfc29d0011a8968f89c?s=96&d=mm&r=g\",\"caption\":\"Leandro Azevedo\"}}]}<\/script>\n<!-- \/ Yoast SEO Premium plugin. -->","yoast_head_json":{"title":"A declara\u00e7\u00e3o de Kaio Jorge direcionada a Leonardo Jardim","robots":{"index":"index","follow":"follow","max-snippet":"max-snippet:-1","max-image-preview":"max-image-preview:large","max-video-preview":"max-video-preview:-1"},"canonical":"https:\/\/www.gaveanews.com\/index.php\/2025\/03\/08\/a-declaracao-de-kaio-jorge-direcionada-a-leonardo-jardim\/","og_locale":"pt_BR","og_type":"article","og_title":"A declara\u00e7\u00e3o de Kaio Jorge direcionada a Leonardo Jardim","og_description":"Uma das principais apostas do Cruzeiro para a sequ\u00eancia da temporada, o atacante Kaio Jorge destacou o trabalho do t\u00e9cnico Leonardo Jardim e o impacto do treinador na evolu\u00e7\u00e3o da equipe. Durante a inaugura\u00e7\u00e3o de uma loja oficial do clube na Savassi, regi\u00e3o Centro-Sul de Belo Horizonte, nesta sexta-feira (7), o camisa 19 rasgou elogios [&hellip;]","og_url":"https:\/\/www.gaveanews.com\/index.php\/2025\/03\/08\/a-declaracao-de-kaio-jorge-direcionada-a-leonardo-jardim\/","og_site_name":"G\u00e1vea News","article_publisher":"https:\/\/facebook.com\/gaveaNews\/","article_published_time":"2025-03-08T16:30:02+00:00","og_image":[{"width":1200,"height":600,"url":"https:\/\/www.gaveanews.com\/wp-content\/uploads\/image-2.webp","type":"image\/jpeg"}],"author":"Leandro Azevedo","twitter_card":"summary_large_image","twitter_misc":{"Escrito por":"Leandro Azevedo","Est. tempo de leitura":"2 minutos"},"schema":{"@context":"https:\/\/schema.org","@graph":[{"@type":"NewsArticle","@id":"https:\/\/www.gaveanews.com\/index.php\/2025\/03\/08\/a-declaracao-de-kaio-jorge-direcionada-a-leonardo-jardim\/#article","isPartOf":{"@id":"https:\/\/www.gaveanews.com\/index.php\/2025\/03\/08\/a-declaracao-de-kaio-jorge-direcionada-a-leonardo-jardim\/"},"author":{"name":"Leandro Azevedo","@id":"https:\/\/www.gaveanews.com\/#\/schema\/person\/2877169f354c4596cf5aab74ea7c56a8"},"headline":"A declara\u00e7\u00e3o de Kaio Jorge direcionada a Leonardo Jardim","datePublished":"2025-03-08T16:30:02+00:00","mainEntityOfPage":{"@id":"https:\/\/www.gaveanews.com\/index.php\/2025\/03\/08\/a-declaracao-de-kaio-jorge-direcionada-a-leonardo-jardim\/"},"wordCount":413,"commentCount":0,"image":{"@id":"https:\/\/www.gaveanews.com\/index.php\/2025\/03\/08\/a-declaracao-de-kaio-jorge-direcionada-a-leonardo-jardim\/#primaryimage"},"thumbnailUrl":"https:\/\/www.gaveanews.com\/wp-content\/uploads\/image-2.webp","articleSection":["Cruzeiro"],"inLanguage":"pt-BR","potentialAction":[{"@type":"CommentAction","name":"Comment","target":["https:\/\/www.gaveanews.com\/index.php\/2025\/03\/08\/a-declaracao-de-kaio-jorge-direcionada-a-leonardo-jardim\/#respond"]}],"copyrightYear":"2025","copyrightHolder":{"@id":"https:\/\/www.gaveanews.com\/#organization"}},{"@type":"WebPage","@id":"https:\/\/www.gaveanews.com\/index.php\/2025\/03\/08\/a-declaracao-de-kaio-jorge-direcionada-a-leonardo-jardim\/","url":"https:\/\/www.gaveanews.com\/index.php\/2025\/03\/08\/a-declaracao-de-kaio-jorge-direcionada-a-leonardo-jardim\/","name":"A declara\u00e7\u00e3o de Kaio Jorge direcionada a Leonardo Jardim","isPartOf":{"@id":"https:\/\/www.gaveanews.com\/#website"},"primaryImageOfPage":{"@id":"https:\/\/www.gaveanews.com\/index.php\/2025\/03\/08\/a-declaracao-de-kaio-jorge-direcionada-a-leonardo-jardim\/#primaryimage"},"image":{"@id":"https:\/\/www.gaveanews.com\/index.php\/2025\/03\/08\/a-declaracao-de-kaio-jorge-direcionada-a-leonardo-jardim\/#primaryimage"},"thumbnailUrl":"https:\/\/www.gaveanews.com\/wp-content\/uploads\/image-2.webp","datePublished":"2025-03-08T16:30:02+00:00","author":{"@id":"https:\/\/www.gaveanews.com\/#\/schema\/person\/2877169f354c4596cf5aab74ea7c56a8"},"breadcrumb":{"@id":"https:\/\/www.gaveanews.com\/index.php\/2025\/03\/08\/a-declaracao-de-kaio-jorge-direcionada-a-leonardo-jardim\/#breadcrumb"},"inLanguage":"pt-BR","potentialAction":[{"@type":"ReadAction","target":["https:\/\/www.gaveanews.com\/index.php\/2025\/03\/08\/a-declaracao-de-kaio-jorge-direcionada-a-leonardo-jardim\/"]}]},{"@type":"ImageObject","inLanguage":"pt-BR","@id":"https:\/\/www.gaveanews.com\/index.php\/2025\/03\/08\/a-declaracao-de-kaio-jorge-direcionada-a-leonardo-jardim\/#primaryimage","url":"https:\/\/www.gaveanews.com\/wp-content\/uploads\/image-2.webp","contentUrl":"https:\/\/www.gaveanews.com\/wp-content\/uploads\/image-2.webp","width":1200,"height":600,"caption":"Kaio Jorge com a camisa do Cruzeiro em 2024 (Foto: Gustavo Aleixo\/Cruzeiro)"},{"@type":"BreadcrumbList","@id":"https:\/\/www.gaveanews.com\/index.php\/2025\/03\/08\/a-declaracao-de-kaio-jorge-direcionada-a-leonardo-jardim\/#breadcrumb","itemListElement":[{"@type":"ListItem","position":1,"name":"Home","item":"https:\/\/www.gaveanews.com\/"},{"@type":"ListItem","position":2,"name":"A declara\u00e7\u00e3o de Kaio Jorge direcionada a Leonardo Jardim"}]},{"@type":"WebSite","@id":"https:\/\/www.gaveanews.com\/#website","url":"https:\/\/www.gaveanews.com\/","name":"G\u00e1vea News","description":"Veja todas as not\u00edcias sobre o Flamengo: Contrata\u00e7\u00f5es, categorias de base, resultados das partidas, tabela de classifica\u00e7\u00e3o, pr\u00f3ximos jogos!","potentialAction":[{"@type":"SearchAction","target":{"@type":"EntryPoint","urlTemplate":"https:\/\/www.gaveanews.com\/?s={search_term_string}"},"query-input":{"@type":"PropertyValueSpecification","valueRequired":true,"valueName":"search_term_string"}}],"inLanguage":"pt-BR"},{"@type":"Person","@id":"https:\/\/www.gaveanews.com\/#\/schema\/person\/2877169f354c4596cf5aab74ea7c56a8","name":"Leandro Azevedo","image":{"@type":"ImageObject","inLanguage":"pt-BR","@id":"https:\/\/www.gaveanews.com\/#\/schema\/person\/image\/","url":"https:\/\/secure.gravatar.com\/avatar\/e2f72eb6d986a41d592a85e4e36a6c6170e9ea8a1f433dfc29d0011a8968f89c?s=96&d=mm&r=g","contentUrl":"https:\/\/secure.gravatar.com\/avatar\/e2f72eb6d986a41d592a85e4e36a6c6170e9ea8a1f433dfc29d0011a8968f89c?s=96&d=mm&r=g","caption":"Leandro Azevedo"}}]}},"_links":{"self":[{"href":"https:\/\/www.gaveanews.com\/index.php\/wp-json\/wp\/v2\/posts\/237467","targetHints":{"allow":["GET"]}}],"collection":[{"href":"https:\/\/www.gaveanews.com\/index.php\/wp-json\/wp\/v2\/posts"}],"about":[{"href":"https:\/\/www.gaveanews.com\/index.php\/wp-json\/wp\/v2\/types\/post"}],"author":[{"embeddable":true,"href":"https:\/\/www.gaveanews.com\/index.php\/wp-json\/wp\/v2\/users\/23"}],"replies":[{"embeddable":true,"href":"https:\/\/www.gaveanews.com\/index.php\/wp-json\/wp\/v2\/comments?post=237467"}],"version-history":[{"count":1,"href":"https:\/\/www.gaveanews.com\/index.php\/wp-json\/wp\/v2\/posts\/237467\/revisions"}],"predecessor-version":[{"id":237471,"href":"https:\/\/www.gaveanews.com\/index.php\/wp-json\/wp\/v2\/posts\/237467\/revisions\/237471"}],"wp:featuredmedia":[{"embeddable":true,"href":"https:\/\/www.gaveanews.com\/index.php\/wp-json\/wp\/v2\/media\/162450"}],"wp:attachment":[{"href":"https:\/\/www.gaveanews.com\/index.php\/wp-json\/wp\/v2\/media?parent=237467"}],"wp:term":[{"taxonomy":"category","embeddable":true,"href":"https:\/\/www.gaveanews.com\/index.php\/wp-json\/wp\/v2\/categories?post=237467"},{"taxonomy":"post_tag","embeddable":true,"href":"https:\/\/www.gaveanews.com\/index.php\/wp-json\/wp\/v2\/tags?post=237467"}],"curies":[{"name":"wp","href":"https:\/\/api.w.org\/{rel}","templated":true}]}}