{"id":237472,"date":"2025-03-08T13:35:08","date_gmt":"2025-03-08T16:35:08","guid":{"rendered":"https:\/\/www.gaveanews.com\/?p=237472"},"modified":"2025-03-08T13:18:04","modified_gmt":"2025-03-08T16:18:04","slug":"presidente-da-fifa-faz-publicacao-direcionada-ao-palmeiras","status":"publish","type":"post","link":"https:\/\/www.gaveanews.com\/index.php\/2025\/03\/08\/presidente-da-fifa-faz-publicacao-direcionada-ao-palmeiras\/","title":{"rendered":"Presidente da FIFA faz publica\u00e7\u00e3o direcionada ao Palmeiras"},"content":{"rendered":"\n<p>O presidente da Fifa, Gianni Infantino, se manifestou nesta sexta-feira (7) sobre o epis\u00f3dio de racismo sofrido por Luighi, atacante do sub-20 do Palmeiras. O jogador de 18 anos revelou, ap\u00f3s a vit\u00f3ria por 3 a 0 sobre o Cerro Porte\u00f1o, pela Libertadores da categoria, que foi chamado de &#8220;macaco&#8221; por um torcedor do time paraguaio. Ele tamb\u00e9m relatou ter sido alvo de uma cusparada.<\/p>\n\n\n\n<p>Em uma nota publicada nas redes sociais, Infantino condenou os ataques e afirmou que a Fifa segue firme na luta contra o racismo. No entanto, o dirigente n\u00e3o detalhou medidas concretas para combater o problema. \u201cEstou profundamente indignado com o abuso racista sofrido pelo jogador Luighi, do time sub-20 do Palmeiras, no Paraguai. \u00c9 de partir o cora\u00e7\u00e3o ver um jovem jogador ser levado \u00e0s l\u00e1grimas por um comportamento t\u00e3o vergonhoso\u201d, escreveu o mandat\u00e1rio da entidade.<\/p>\n\n\n\n<h2 class=\"wp-block-heading\" id=\"h-veja-a-reproducao-da-nota\">Veja a reprodu\u00e7\u00e3o da NOTA<\/h2>\n\n\n\n<blockquote class=\"twitter-tweet\"><p lang=\"pt\" dir=\"ltr\">Gianni Infantino, presidente da FIFA, se pronunciou sobre o lament\u00e1vel epis\u00f3dio de racismo sofrido por Luighi, do Palmeiras. <a href=\"https:\/\/t.co\/vzJIVfSFld\">pic.twitter.com\/vzJIVfSFld<\/a><\/p>&mdash; \u26bd (@DoentesPFutebol) <a href=\"https:\/\/twitter.com\/DoentesPFutebol\/status\/1898134431895785722?ref_src=twsrc%5Etfw\">March 7, 2025<\/a><\/blockquote> <script async src=\"https:\/\/platform.twitter.com\/widgets.js\" charset=\"utf-8\"><\/script>\n\n\n\n<p>Durante o segundo tempo da partida, um torcedor, com uma crian\u00e7a no colo, foi flagrado imitando um macaco na dire\u00e7\u00e3o do atacante Figueiredo, do Palmeiras. Pouco depois, Luighi denunciou ao \u00e1rbitro que tamb\u00e9m foi chamado de &#8220;macaco&#8221; e foi atingido por cusparadas. O jovem acabou chorando no banco de reservas ap\u00f3s ser substitu\u00eddo.<\/p>\n\n\n\n<p>A CBF se posicionou de forma dura e enviou uma representa\u00e7\u00e3o \u00e0 Conmebol exigindo a exclus\u00e3o do Cerro Porte\u00f1o da competi\u00e7\u00e3o. A entidade tamb\u00e9m cobrou puni\u00e7\u00f5es severas aos torcedores identificados, incluindo a proibi\u00e7\u00e3o de entrada em est\u00e1dios e a responsabiliza\u00e7\u00e3o criminal, conforme a legisla\u00e7\u00e3o do Paraguai.<\/p>\n\n\n\n<p>O Palmeiras tamb\u00e9m repudiou o caso e manifestou apoio ao atacante. Em nota oficial, o clube afirmou que buscar\u00e1 todas as inst\u00e2ncias poss\u00edveis para que os respons\u00e1veis sejam punidos. Outros clubes brasileiros, como Corinthians e Cruzeiro, tamb\u00e9m se solidarizaram com o jogador.<\/p>\n\n\n\n<p>Ap\u00f3s a repercuss\u00e3o, o Cerro Porte\u00f1o publicou uma nota oficial lamentando o epis\u00f3dio. O clube paraguaio afirmou repudiar qualquer ato de racismo e se solidarizou com Luighi. \u201cNenhuma provoca\u00e7\u00e3o pode levar a este tipo de acontecimento conden\u00e1vel. Reiteramos que condenamos veementemente todo tipo de comportamento discriminat\u00f3rio e coment\u00e1rios ofensivos\u201d, declarou o time.<\/p>\n","protected":false},"excerpt":{"rendered":"<p>O presidente da Fifa, Gianni Infantino, se manifestou nesta sexta-feira (7) sobre o epis\u00f3dio de racismo sofrido por Luighi, atacante do sub-20 do Palmeiras. O jogador de 18 anos revelou, ap\u00f3s a vit\u00f3ria por 3 a 0 sobre o Cerro Porte\u00f1o, pela Libertadores da categoria, que foi chamado de &#8220;macaco&#8221; por um torcedor do time [&hellip;]<\/p>\n","protected":false},"author":23,"featured_media":37084,"comment_status":"open","ping_status":"closed","sticky":false,"template":"","format":"standard","meta":{"footnotes":""},"categories":[150],"tags":[],"class_list":["post-237472","post","type-post","status-publish","format-standard","has-post-thumbnail","hentry","category-palmeiras"],"yoast_head":"<!-- This site is optimized with the Yoast SEO Premium plugin v24.2 (Yoast SEO v26.9) - https:\/\/yoast.com\/product\/yoast-seo-premium-wordpress\/ -->\n<title>Presidente da FIFA faz publica\u00e7\u00e3o direcionada ao Palmeiras<\/title>\n<meta name=\"robots\" content=\"index, follow, max-snippet:-1, max-image-preview:large, max-video-preview:-1\" \/>\n<link rel=\"canonical\" href=\"https:\/\/www.gaveanews.com\/index.php\/2025\/03\/08\/presidente-da-fifa-faz-publicacao-direcionada-ao-palmeiras\/\" \/>\n<meta property=\"og:locale\" content=\"pt_BR\" \/>\n<meta property=\"og:type\" content=\"article\" \/>\n<meta property=\"og:title\" content=\"Presidente da FIFA faz publica\u00e7\u00e3o direcionada ao Palmeiras\" \/>\n<meta property=\"og:description\" content=\"O presidente da Fifa, Gianni Infantino, se manifestou nesta sexta-feira (7) sobre o epis\u00f3dio de racismo sofrido por Luighi, atacante do sub-20 do Palmeiras. O jogador de 18 anos revelou, ap\u00f3s a vit\u00f3ria por 3 a 0 sobre o Cerro Porte\u00f1o, pela Libertadores da categoria, que foi chamado de &#8220;macaco&#8221; por um torcedor do time [&hellip;]\" \/>\n<meta property=\"og:url\" content=\"https:\/\/www.gaveanews.com\/index.php\/2025\/03\/08\/presidente-da-fifa-faz-publicacao-direcionada-ao-palmeiras\/\" \/>\n<meta property=\"og:site_name\" content=\"G\u00e1vea News\" \/>\n<meta property=\"article:publisher\" content=\"https:\/\/facebook.com\/gaveaNews\/\" \/>\n<meta property=\"article:published_time\" content=\"2025-03-08T16:35:08+00:00\" \/>\n<meta property=\"og:image\" content=\"https:\/\/www.gaveanews.com\/wp-content\/uploads\/Logomarca-da-FIFA.webp\" \/>\n\t<meta property=\"og:image:width\" content=\"2000\" \/>\n\t<meta property=\"og:image:height\" content=\"1334\" \/>\n\t<meta property=\"og:image:type\" content=\"image\/png\" \/>\n<meta name=\"author\" content=\"Leandro Azevedo\" \/>\n<meta name=\"twitter:card\" content=\"summary_large_image\" \/>\n<meta name=\"twitter:label1\" content=\"Escrito por\" \/>\n\t<meta name=\"twitter:data1\" content=\"Leandro Azevedo\" \/>\n\t<meta name=\"twitter:label2\" content=\"Est. tempo de leitura\" \/>\n\t<meta name=\"twitter:data2\" content=\"3 minutos\" \/>\n<script type=\"application\/ld+json\" class=\"yoast-schema-graph\">{\"@context\":\"https:\/\/schema.org\",\"@graph\":[{\"@type\":\"NewsArticle\",\"@id\":\"https:\/\/www.gaveanews.com\/index.php\/2025\/03\/08\/presidente-da-fifa-faz-publicacao-direcionada-ao-palmeiras\/#article\",\"isPartOf\":{\"@id\":\"https:\/\/www.gaveanews.com\/index.php\/2025\/03\/08\/presidente-da-fifa-faz-publicacao-direcionada-ao-palmeiras\/\"},\"author\":{\"name\":\"Leandro Azevedo\",\"@id\":\"https:\/\/www.gaveanews.com\/#\/schema\/person\/2877169f354c4596cf5aab74ea7c56a8\"},\"headline\":\"Presidente da FIFA faz publica\u00e7\u00e3o direcionada ao Palmeiras\",\"datePublished\":\"2025-03-08T16:35:08+00:00\",\"mainEntityOfPage\":{\"@id\":\"https:\/\/www.gaveanews.com\/index.php\/2025\/03\/08\/presidente-da-fifa-faz-publicacao-direcionada-ao-palmeiras\/\"},\"wordCount\":408,\"commentCount\":0,\"image\":{\"@id\":\"https:\/\/www.gaveanews.com\/index.php\/2025\/03\/08\/presidente-da-fifa-faz-publicacao-direcionada-ao-palmeiras\/#primaryimage\"},\"thumbnailUrl\":\"https:\/\/www.gaveanews.com\/wp-content\/uploads\/Logomarca-da-FIFA.webp\",\"articleSection\":[\"Palmeiras\"],\"inLanguage\":\"pt-BR\",\"potentialAction\":[{\"@type\":\"CommentAction\",\"name\":\"Comment\",\"target\":[\"https:\/\/www.gaveanews.com\/index.php\/2025\/03\/08\/presidente-da-fifa-faz-publicacao-direcionada-ao-palmeiras\/#respond\"]}],\"copyrightYear\":\"2025\",\"copyrightHolder\":{\"@id\":\"https:\/\/www.gaveanews.com\/#organization\"}},{\"@type\":\"WebPage\",\"@id\":\"https:\/\/www.gaveanews.com\/index.php\/2025\/03\/08\/presidente-da-fifa-faz-publicacao-direcionada-ao-palmeiras\/\",\"url\":\"https:\/\/www.gaveanews.com\/index.php\/2025\/03\/08\/presidente-da-fifa-faz-publicacao-direcionada-ao-palmeiras\/\",\"name\":\"Presidente da FIFA faz publica\u00e7\u00e3o direcionada ao Palmeiras\",\"isPartOf\":{\"@id\":\"https:\/\/www.gaveanews.com\/#website\"},\"primaryImageOfPage\":{\"@id\":\"https:\/\/www.gaveanews.com\/index.php\/2025\/03\/08\/presidente-da-fifa-faz-publicacao-direcionada-ao-palmeiras\/#primaryimage\"},\"image\":{\"@id\":\"https:\/\/www.gaveanews.com\/index.php\/2025\/03\/08\/presidente-da-fifa-faz-publicacao-direcionada-ao-palmeiras\/#primaryimage\"},\"thumbnailUrl\":\"https:\/\/www.gaveanews.com\/wp-content\/uploads\/Logomarca-da-FIFA.webp\",\"datePublished\":\"2025-03-08T16:35:08+00:00\",\"author\":{\"@id\":\"https:\/\/www.gaveanews.com\/#\/schema\/person\/2877169f354c4596cf5aab74ea7c56a8\"},\"breadcrumb\":{\"@id\":\"https:\/\/www.gaveanews.com\/index.php\/2025\/03\/08\/presidente-da-fifa-faz-publicacao-direcionada-ao-palmeiras\/#breadcrumb\"},\"inLanguage\":\"pt-BR\",\"potentialAction\":[{\"@type\":\"ReadAction\",\"target\":[\"https:\/\/www.gaveanews.com\/index.php\/2025\/03\/08\/presidente-da-fifa-faz-publicacao-direcionada-ao-palmeiras\/\"]}]},{\"@type\":\"ImageObject\",\"inLanguage\":\"pt-BR\",\"@id\":\"https:\/\/www.gaveanews.com\/index.php\/2025\/03\/08\/presidente-da-fifa-faz-publicacao-direcionada-ao-palmeiras\/#primaryimage\",\"url\":\"https:\/\/www.gaveanews.com\/wp-content\/uploads\/Logomarca-da-FIFA.webp\",\"contentUrl\":\"https:\/\/www.gaveanews.com\/wp-content\/uploads\/Logomarca-da-FIFA.webp\",\"width\":2000,\"height\":1334},{\"@type\":\"BreadcrumbList\",\"@id\":\"https:\/\/www.gaveanews.com\/index.php\/2025\/03\/08\/presidente-da-fifa-faz-publicacao-direcionada-ao-palmeiras\/#breadcrumb\",\"itemListElement\":[{\"@type\":\"ListItem\",\"position\":1,\"name\":\"Home\",\"item\":\"https:\/\/www.gaveanews.com\/\"},{\"@type\":\"ListItem\",\"position\":2,\"name\":\"Presidente da FIFA faz publica\u00e7\u00e3o direcionada ao Palmeiras\"}]},{\"@type\":\"WebSite\",\"@id\":\"https:\/\/www.gaveanews.com\/#website\",\"url\":\"https:\/\/www.gaveanews.com\/\",\"name\":\"G\u00e1vea News\",\"description\":\"Veja todas as not\u00edcias sobre o Flamengo: Contrata\u00e7\u00f5es, categorias de base, resultados das partidas, tabela de classifica\u00e7\u00e3o, pr\u00f3ximos jogos!\",\"potentialAction\":[{\"@type\":\"SearchAction\",\"target\":{\"@type\":\"EntryPoint\",\"urlTemplate\":\"https:\/\/www.gaveanews.com\/?s={search_term_string}\"},\"query-input\":{\"@type\":\"PropertyValueSpecification\",\"valueRequired\":true,\"valueName\":\"search_term_string\"}}],\"inLanguage\":\"pt-BR\"},{\"@type\":\"Person\",\"@id\":\"https:\/\/www.gaveanews.com\/#\/schema\/person\/2877169f354c4596cf5aab74ea7c56a8\",\"name\":\"Leandro Azevedo\",\"image\":{\"@type\":\"ImageObject\",\"inLanguage\":\"pt-BR\",\"@id\":\"https:\/\/www.gaveanews.com\/#\/schema\/person\/image\/\",\"url\":\"https:\/\/secure.gravatar.com\/avatar\/e2f72eb6d986a41d592a85e4e36a6c6170e9ea8a1f433dfc29d0011a8968f89c?s=96&d=mm&r=g\",\"contentUrl\":\"https:\/\/secure.gravatar.com\/avatar\/e2f72eb6d986a41d592a85e4e36a6c6170e9ea8a1f433dfc29d0011a8968f89c?s=96&d=mm&r=g\",\"caption\":\"Leandro Azevedo\"}}]}<\/script>\n<!-- \/ Yoast SEO Premium plugin. -->","yoast_head_json":{"title":"Presidente da FIFA faz publica\u00e7\u00e3o direcionada ao Palmeiras","robots":{"index":"index","follow":"follow","max-snippet":"max-snippet:-1","max-image-preview":"max-image-preview:large","max-video-preview":"max-video-preview:-1"},"canonical":"https:\/\/www.gaveanews.com\/index.php\/2025\/03\/08\/presidente-da-fifa-faz-publicacao-direcionada-ao-palmeiras\/","og_locale":"pt_BR","og_type":"article","og_title":"Presidente da FIFA faz publica\u00e7\u00e3o direcionada ao Palmeiras","og_description":"O presidente da Fifa, Gianni Infantino, se manifestou nesta sexta-feira (7) sobre o epis\u00f3dio de racismo sofrido por Luighi, atacante do sub-20 do Palmeiras. O jogador de 18 anos revelou, ap\u00f3s a vit\u00f3ria por 3 a 0 sobre o Cerro Porte\u00f1o, pela Libertadores da categoria, que foi chamado de &#8220;macaco&#8221; por um torcedor do time [&hellip;]","og_url":"https:\/\/www.gaveanews.com\/index.php\/2025\/03\/08\/presidente-da-fifa-faz-publicacao-direcionada-ao-palmeiras\/","og_site_name":"G\u00e1vea News","article_publisher":"https:\/\/facebook.com\/gaveaNews\/","article_published_time":"2025-03-08T16:35:08+00:00","og_image":[{"width":2000,"height":1334,"url":"https:\/\/www.gaveanews.com\/wp-content\/uploads\/Logomarca-da-FIFA.webp","type":"image\/png"}],"author":"Leandro Azevedo","twitter_card":"summary_large_image","twitter_misc":{"Escrito por":"Leandro Azevedo","Est. tempo de leitura":"3 minutos"},"schema":{"@context":"https:\/\/schema.org","@graph":[{"@type":"NewsArticle","@id":"https:\/\/www.gaveanews.com\/index.php\/2025\/03\/08\/presidente-da-fifa-faz-publicacao-direcionada-ao-palmeiras\/#article","isPartOf":{"@id":"https:\/\/www.gaveanews.com\/index.php\/2025\/03\/08\/presidente-da-fifa-faz-publicacao-direcionada-ao-palmeiras\/"},"author":{"name":"Leandro Azevedo","@id":"https:\/\/www.gaveanews.com\/#\/schema\/person\/2877169f354c4596cf5aab74ea7c56a8"},"headline":"Presidente da FIFA faz publica\u00e7\u00e3o direcionada ao Palmeiras","datePublished":"2025-03-08T16:35:08+00:00","mainEntityOfPage":{"@id":"https:\/\/www.gaveanews.com\/index.php\/2025\/03\/08\/presidente-da-fifa-faz-publicacao-direcionada-ao-palmeiras\/"},"wordCount":408,"commentCount":0,"image":{"@id":"https:\/\/www.gaveanews.com\/index.php\/2025\/03\/08\/presidente-da-fifa-faz-publicacao-direcionada-ao-palmeiras\/#primaryimage"},"thumbnailUrl":"https:\/\/www.gaveanews.com\/wp-content\/uploads\/Logomarca-da-FIFA.webp","articleSection":["Palmeiras"],"inLanguage":"pt-BR","potentialAction":[{"@type":"CommentAction","name":"Comment","target":["https:\/\/www.gaveanews.com\/index.php\/2025\/03\/08\/presidente-da-fifa-faz-publicacao-direcionada-ao-palmeiras\/#respond"]}],"copyrightYear":"2025","copyrightHolder":{"@id":"https:\/\/www.gaveanews.com\/#organization"}},{"@type":"WebPage","@id":"https:\/\/www.gaveanews.com\/index.php\/2025\/03\/08\/presidente-da-fifa-faz-publicacao-direcionada-ao-palmeiras\/","url":"https:\/\/www.gaveanews.com\/index.php\/2025\/03\/08\/presidente-da-fifa-faz-publicacao-direcionada-ao-palmeiras\/","name":"Presidente da FIFA faz publica\u00e7\u00e3o direcionada ao Palmeiras","isPartOf":{"@id":"https:\/\/www.gaveanews.com\/#website"},"primaryImageOfPage":{"@id":"https:\/\/www.gaveanews.com\/index.php\/2025\/03\/08\/presidente-da-fifa-faz-publicacao-direcionada-ao-palmeiras\/#primaryimage"},"image":{"@id":"https:\/\/www.gaveanews.com\/index.php\/2025\/03\/08\/presidente-da-fifa-faz-publicacao-direcionada-ao-palmeiras\/#primaryimage"},"thumbnailUrl":"https:\/\/www.gaveanews.com\/wp-content\/uploads\/Logomarca-da-FIFA.webp","datePublished":"2025-03-08T16:35:08+00:00","author":{"@id":"https:\/\/www.gaveanews.com\/#\/schema\/person\/2877169f354c4596cf5aab74ea7c56a8"},"breadcrumb":{"@id":"https:\/\/www.gaveanews.com\/index.php\/2025\/03\/08\/presidente-da-fifa-faz-publicacao-direcionada-ao-palmeiras\/#breadcrumb"},"inLanguage":"pt-BR","potentialAction":[{"@type":"ReadAction","target":["https:\/\/www.gaveanews.com\/index.php\/2025\/03\/08\/presidente-da-fifa-faz-publicacao-direcionada-ao-palmeiras\/"]}]},{"@type":"ImageObject","inLanguage":"pt-BR","@id":"https:\/\/www.gaveanews.com\/index.php\/2025\/03\/08\/presidente-da-fifa-faz-publicacao-direcionada-ao-palmeiras\/#primaryimage","url":"https:\/\/www.gaveanews.com\/wp-content\/uploads\/Logomarca-da-FIFA.webp","contentUrl":"https:\/\/www.gaveanews.com\/wp-content\/uploads\/Logomarca-da-FIFA.webp","width":2000,"height":1334},{"@type":"BreadcrumbList","@id":"https:\/\/www.gaveanews.com\/index.php\/2025\/03\/08\/presidente-da-fifa-faz-publicacao-direcionada-ao-palmeiras\/#breadcrumb","itemListElement":[{"@type":"ListItem","position":1,"name":"Home","item":"https:\/\/www.gaveanews.com\/"},{"@type":"ListItem","position":2,"name":"Presidente da FIFA faz publica\u00e7\u00e3o direcionada ao Palmeiras"}]},{"@type":"WebSite","@id":"https:\/\/www.gaveanews.com\/#website","url":"https:\/\/www.gaveanews.com\/","name":"G\u00e1vea News","description":"Veja todas as not\u00edcias sobre o Flamengo: Contrata\u00e7\u00f5es, categorias de base, resultados das partidas, tabela de classifica\u00e7\u00e3o, pr\u00f3ximos jogos!","potentialAction":[{"@type":"SearchAction","target":{"@type":"EntryPoint","urlTemplate":"https:\/\/www.gaveanews.com\/?s={search_term_string}"},"query-input":{"@type":"PropertyValueSpecification","valueRequired":true,"valueName":"search_term_string"}}],"inLanguage":"pt-BR"},{"@type":"Person","@id":"https:\/\/www.gaveanews.com\/#\/schema\/person\/2877169f354c4596cf5aab74ea7c56a8","name":"Leandro Azevedo","image":{"@type":"ImageObject","inLanguage":"pt-BR","@id":"https:\/\/www.gaveanews.com\/#\/schema\/person\/image\/","url":"https:\/\/secure.gravatar.com\/avatar\/e2f72eb6d986a41d592a85e4e36a6c6170e9ea8a1f433dfc29d0011a8968f89c?s=96&d=mm&r=g","contentUrl":"https:\/\/secure.gravatar.com\/avatar\/e2f72eb6d986a41d592a85e4e36a6c6170e9ea8a1f433dfc29d0011a8968f89c?s=96&d=mm&r=g","caption":"Leandro Azevedo"}}]}},"_links":{"self":[{"href":"https:\/\/www.gaveanews.com\/index.php\/wp-json\/wp\/v2\/posts\/237472","targetHints":{"allow":["GET"]}}],"collection":[{"href":"https:\/\/www.gaveanews.com\/index.php\/wp-json\/wp\/v2\/posts"}],"about":[{"href":"https:\/\/www.gaveanews.com\/index.php\/wp-json\/wp\/v2\/types\/post"}],"author":[{"embeddable":true,"href":"https:\/\/www.gaveanews.com\/index.php\/wp-json\/wp\/v2\/users\/23"}],"replies":[{"embeddable":true,"href":"https:\/\/www.gaveanews.com\/index.php\/wp-json\/wp\/v2\/comments?post=237472"}],"version-history":[{"count":1,"href":"https:\/\/www.gaveanews.com\/index.php\/wp-json\/wp\/v2\/posts\/237472\/revisions"}],"predecessor-version":[{"id":237477,"href":"https:\/\/www.gaveanews.com\/index.php\/wp-json\/wp\/v2\/posts\/237472\/revisions\/237477"}],"wp:featuredmedia":[{"embeddable":true,"href":"https:\/\/www.gaveanews.com\/index.php\/wp-json\/wp\/v2\/media\/37084"}],"wp:attachment":[{"href":"https:\/\/www.gaveanews.com\/index.php\/wp-json\/wp\/v2\/media?parent=237472"}],"wp:term":[{"taxonomy":"category","embeddable":true,"href":"https:\/\/www.gaveanews.com\/index.php\/wp-json\/wp\/v2\/categories?post=237472"},{"taxonomy":"post_tag","embeddable":true,"href":"https:\/\/www.gaveanews.com\/index.php\/wp-json\/wp\/v2\/tags?post=237472"}],"curies":[{"name":"wp","href":"https:\/\/api.w.org\/{rel}","templated":true}]}}