{"id":237475,"date":"2025-03-08T02:05:00","date_gmt":"2025-03-08T05:05:00","guid":{"rendered":"https:\/\/www.gaveanews.com\/?p=237475"},"modified":"2025-03-07T22:14:30","modified_gmt":"2025-03-08T01:14:30","slug":"video-casimiro-miguel-monta-escalacao-ideal-do-brasil-para-dorival-jr","status":"publish","type":"post","link":"https:\/\/www.gaveanews.com\/index.php\/2025\/03\/08\/video-casimiro-miguel-monta-escalacao-ideal-do-brasil-para-dorival-jr\/","title":{"rendered":"V\u00eddeo: Casimiro Miguel monta escala\u00e7\u00e3o ideal do Brasil para Dorival Jr"},"content":{"rendered":"\n<p>O t\u00e9cnico da Sele\u00e7\u00e3o Brasileira, Dorival J\u00fanior, anunciou recentemente a lista de convocados para os pr\u00f3ximos compromissos das Eliminat\u00f3rias da Copa do Mundo de 2026. Entre os escolhidos, destacam-se nomes j\u00e1 consolidados na equipe, al\u00e9m de algumas novidades. A convoca\u00e7\u00e3o gerou diversas rea\u00e7\u00f5es, e um dos coment\u00e1rios que mais chamou a aten\u00e7\u00e3o veio do influenciador Casimiro Miguel, que montou sua pr\u00f3pria escala\u00e7\u00e3o baseada nos atletas selecionados.<\/p>\n\n\n\n<p>Durante uma live, Casimiro analisou os jogadores chamados por Dorival e apresentou sua forma\u00e7\u00e3o ideal para os jogos contra Col\u00f4mbia e Argentina. Em sua proposta, ele optou por um esquema com quatro zagueiros, algo incomum no futebol atual. O time sugerido por ele seria formado por Alisson no gol; Gabriel Magalh\u00e3es, Marquinhos, Danilo e Murillo na defesa.<\/p>\n\n\n\n<p>No meio-campo, a escolha do influenciador incluiu Joelinton e Gerson como volantes, respons\u00e1veis por garantir solidez defensiva. Rodrygo foi escalado como um meio-campista mais ofensivo, com liberdade para atuar entre as linhas advers\u00e1rias e contribuir na cria\u00e7\u00e3o de jogadas.<\/p>\n\n\n\n<p>No setor ofensivo, Casimiro prop\u00f4s Vinicius Jr. e Raphinha jogando pelos lados do campo, enquanto Neymar atuaria como um falso nove. Ele destacou que Neymar e Rodrygo alternariam posi\u00e7\u00f5es constantemente, permitindo maior movimenta\u00e7\u00e3o no ataque. O influenciador tamb\u00e9m mencionou que Raphinha e Vinicius Jr. teriam uma pequena responsabilidade na recomposi\u00e7\u00e3o defensiva, enquanto Neymar ficaria mais livre para criar jogadas.<\/p>\n\n\n\n<p>Casimiro defendeu sua escolha t\u00e1tica argumentando que o setor defensivo e o meio-campo deveriam ser mais f\u00edsicos e combativos, enquanto a parte ofensiva teria liberdade para desenvolver jogadas. &#8220;Do meio pra frente, joga bola; do meio para tr\u00e1s, \u00e9 quebradeira da harmonia&#8221;, afirmou ele durante a transmiss\u00e3o ao vivo.<\/p>\n\n\n\n<p>Os pr\u00f3ximos desafios da Sele\u00e7\u00e3o Brasileira pelas Eliminat\u00f3rias acontecem no dia 20 de mar\u00e7o, contra a Col\u00f4mbia, no Est\u00e1dio Man\u00e9 Garrincha, em Bras\u00edlia, e no dia 25 de mar\u00e7o, contra a Argentina, no Monumental de N\u00fa\u00f1ez, em Buenos Aires. Atualmente, o Brasil ocupa a quinta coloca\u00e7\u00e3o na tabela, enquanto a Argentina lidera a competi\u00e7\u00e3o. O desempenho da equipe nestas partidas ser\u00e1 crucial para sua trajet\u00f3ria rumo \u00e0 Copa do Mundo.<\/p>\n\n\n\n<figure class=\"wp-block-embed is-type-video is-provider-youtube wp-block-embed-youtube wp-embed-aspect-16-9 wp-has-aspect-ratio\"><div class=\"wp-block-embed__wrapper\">\n<iframe loading=\"lazy\" title=\"CASIMIRO MONTA A SELE\u00c7\u00c3O BRASILEIRA PARA DORIVAL JR | Cortes do Casimito\" width=\"640\" height=\"360\" src=\"https:\/\/www.youtube.com\/embed\/3XLj4aviicY?feature=oembed\" frameborder=\"0\" allow=\"accelerometer; autoplay; clipboard-write; encrypted-media; gyroscope; picture-in-picture; web-share\" referrerpolicy=\"strict-origin-when-cross-origin\" allowfullscreen><\/iframe>\n<\/div><\/figure>\n","protected":false},"excerpt":{"rendered":"<p>O t\u00e9cnico da Sele\u00e7\u00e3o Brasileira, Dorival J\u00fanior, anunciou recentemente a lista de convocados para os pr\u00f3ximos compromissos das Eliminat\u00f3rias da Copa do Mundo de 2026. Entre os escolhidos, destacam-se nomes j\u00e1 consolidados na equipe, al\u00e9m de algumas novidades. A convoca\u00e7\u00e3o gerou diversas rea\u00e7\u00f5es, e um dos coment\u00e1rios que mais chamou a aten\u00e7\u00e3o veio do influenciador [&hellip;]<\/p>\n","protected":false},"author":18,"featured_media":157048,"comment_status":"open","ping_status":"closed","sticky":false,"template":"","format":"standard","meta":{"footnotes":""},"categories":[478,81,477],"tags":[],"class_list":["post-237475","post","type-post","status-publish","format-standard","has-post-thumbnail","hentry","category-brasil","category-celebridades","category-selecoes"],"yoast_head":"<!-- This site is optimized with the Yoast SEO Premium plugin v24.2 (Yoast SEO v26.9) - https:\/\/yoast.com\/product\/yoast-seo-premium-wordpress\/ -->\n<title>V\u00eddeo: Casimiro Miguel monta escala\u00e7\u00e3o ideal do Brasil para Dorival Jr<\/title>\n<meta name=\"robots\" content=\"index, follow, max-snippet:-1, max-image-preview:large, max-video-preview:-1\" \/>\n<link rel=\"canonical\" href=\"https:\/\/www.gaveanews.com\/index.php\/2025\/03\/08\/video-casimiro-miguel-monta-escalacao-ideal-do-brasil-para-dorival-jr\/\" \/>\n<meta property=\"og:locale\" content=\"pt_BR\" \/>\n<meta property=\"og:type\" content=\"article\" \/>\n<meta property=\"og:title\" content=\"V\u00eddeo: Casimiro Miguel monta escala\u00e7\u00e3o ideal do Brasil para Dorival Jr\" \/>\n<meta property=\"og:description\" content=\"O t\u00e9cnico da Sele\u00e7\u00e3o Brasileira, Dorival J\u00fanior, anunciou recentemente a lista de convocados para os pr\u00f3ximos compromissos das Eliminat\u00f3rias da Copa do Mundo de 2026. Entre os escolhidos, destacam-se nomes j\u00e1 consolidados na equipe, al\u00e9m de algumas novidades. A convoca\u00e7\u00e3o gerou diversas rea\u00e7\u00f5es, e um dos coment\u00e1rios que mais chamou a aten\u00e7\u00e3o veio do influenciador [&hellip;]\" \/>\n<meta property=\"og:url\" content=\"https:\/\/www.gaveanews.com\/index.php\/2025\/03\/08\/video-casimiro-miguel-monta-escalacao-ideal-do-brasil-para-dorival-jr\/\" \/>\n<meta property=\"og:site_name\" content=\"G\u00e1vea News\" \/>\n<meta property=\"article:publisher\" content=\"https:\/\/facebook.com\/gaveaNews\/\" \/>\n<meta property=\"article:published_time\" content=\"2025-03-08T05:05:00+00:00\" \/>\n<meta property=\"og:image\" content=\"https:\/\/www.gaveanews.com\/wp-content\/uploads\/Casimiro-Miguel-dono-da-CazeTv.webp\" \/>\n\t<meta property=\"og:image:width\" content=\"1080\" \/>\n\t<meta property=\"og:image:height\" content=\"608\" \/>\n\t<meta property=\"og:image:type\" content=\"image\/webp\" \/>\n<meta name=\"author\" content=\"Paula Silva\" \/>\n<meta name=\"twitter:card\" content=\"summary_large_image\" \/>\n<meta name=\"twitter:label1\" content=\"Escrito por\" \/>\n\t<meta name=\"twitter:data1\" content=\"Paula Silva\" \/>\n\t<meta name=\"twitter:label2\" content=\"Est. tempo de leitura\" \/>\n\t<meta name=\"twitter:data2\" content=\"3 minutos\" \/>\n<script type=\"application\/ld+json\" class=\"yoast-schema-graph\">{\"@context\":\"https:\/\/schema.org\",\"@graph\":[{\"@type\":\"NewsArticle\",\"@id\":\"https:\/\/www.gaveanews.com\/index.php\/2025\/03\/08\/video-casimiro-miguel-monta-escalacao-ideal-do-brasil-para-dorival-jr\/#article\",\"isPartOf\":{\"@id\":\"https:\/\/www.gaveanews.com\/index.php\/2025\/03\/08\/video-casimiro-miguel-monta-escalacao-ideal-do-brasil-para-dorival-jr\/\"},\"author\":{\"name\":\"Paula Silva\",\"@id\":\"https:\/\/www.gaveanews.com\/#\/schema\/person\/daf63eec72e1164eb13dc35096c2b8da\"},\"headline\":\"V\u00eddeo: Casimiro Miguel monta escala\u00e7\u00e3o ideal do Brasil para Dorival Jr\",\"datePublished\":\"2025-03-08T05:05:00+00:00\",\"mainEntityOfPage\":{\"@id\":\"https:\/\/www.gaveanews.com\/index.php\/2025\/03\/08\/video-casimiro-miguel-monta-escalacao-ideal-do-brasil-para-dorival-jr\/\"},\"wordCount\":395,\"commentCount\":0,\"image\":{\"@id\":\"https:\/\/www.gaveanews.com\/index.php\/2025\/03\/08\/video-casimiro-miguel-monta-escalacao-ideal-do-brasil-para-dorival-jr\/#primaryimage\"},\"thumbnailUrl\":\"https:\/\/www.gaveanews.com\/wp-content\/uploads\/Casimiro-Miguel-dono-da-CazeTv.webp\",\"articleSection\":[\"Brasil\",\"Celebridades\",\"Sele\u00e7\u00f5es\"],\"inLanguage\":\"pt-BR\",\"potentialAction\":[{\"@type\":\"CommentAction\",\"name\":\"Comment\",\"target\":[\"https:\/\/www.gaveanews.com\/index.php\/2025\/03\/08\/video-casimiro-miguel-monta-escalacao-ideal-do-brasil-para-dorival-jr\/#respond\"]}],\"copyrightYear\":\"2025\",\"copyrightHolder\":{\"@id\":\"https:\/\/www.gaveanews.com\/#organization\"}},{\"@type\":\"WebPage\",\"@id\":\"https:\/\/www.gaveanews.com\/index.php\/2025\/03\/08\/video-casimiro-miguel-monta-escalacao-ideal-do-brasil-para-dorival-jr\/\",\"url\":\"https:\/\/www.gaveanews.com\/index.php\/2025\/03\/08\/video-casimiro-miguel-monta-escalacao-ideal-do-brasil-para-dorival-jr\/\",\"name\":\"V\u00eddeo: Casimiro Miguel monta escala\u00e7\u00e3o ideal do Brasil para Dorival Jr\",\"isPartOf\":{\"@id\":\"https:\/\/www.gaveanews.com\/#website\"},\"primaryImageOfPage\":{\"@id\":\"https:\/\/www.gaveanews.com\/index.php\/2025\/03\/08\/video-casimiro-miguel-monta-escalacao-ideal-do-brasil-para-dorival-jr\/#primaryimage\"},\"image\":{\"@id\":\"https:\/\/www.gaveanews.com\/index.php\/2025\/03\/08\/video-casimiro-miguel-monta-escalacao-ideal-do-brasil-para-dorival-jr\/#primaryimage\"},\"thumbnailUrl\":\"https:\/\/www.gaveanews.com\/wp-content\/uploads\/Casimiro-Miguel-dono-da-CazeTv.webp\",\"datePublished\":\"2025-03-08T05:05:00+00:00\",\"author\":{\"@id\":\"https:\/\/www.gaveanews.com\/#\/schema\/person\/daf63eec72e1164eb13dc35096c2b8da\"},\"breadcrumb\":{\"@id\":\"https:\/\/www.gaveanews.com\/index.php\/2025\/03\/08\/video-casimiro-miguel-monta-escalacao-ideal-do-brasil-para-dorival-jr\/#breadcrumb\"},\"inLanguage\":\"pt-BR\",\"potentialAction\":[{\"@type\":\"ReadAction\",\"target\":[\"https:\/\/www.gaveanews.com\/index.php\/2025\/03\/08\/video-casimiro-miguel-monta-escalacao-ideal-do-brasil-para-dorival-jr\/\"]}]},{\"@type\":\"ImageObject\",\"inLanguage\":\"pt-BR\",\"@id\":\"https:\/\/www.gaveanews.com\/index.php\/2025\/03\/08\/video-casimiro-miguel-monta-escalacao-ideal-do-brasil-para-dorival-jr\/#primaryimage\",\"url\":\"https:\/\/www.gaveanews.com\/wp-content\/uploads\/Casimiro-Miguel-dono-da-CazeTv.webp\",\"contentUrl\":\"https:\/\/www.gaveanews.com\/wp-content\/uploads\/Casimiro-Miguel-dono-da-CazeTv.webp\",\"width\":1080,\"height\":608,\"caption\":\"Casimiro Miguel, dono da Caz\u00e9Tv (Foto: Infomoney\/Reprodu\u00e7\u00e3o)\"},{\"@type\":\"BreadcrumbList\",\"@id\":\"https:\/\/www.gaveanews.com\/index.php\/2025\/03\/08\/video-casimiro-miguel-monta-escalacao-ideal-do-brasil-para-dorival-jr\/#breadcrumb\",\"itemListElement\":[{\"@type\":\"ListItem\",\"position\":1,\"name\":\"Home\",\"item\":\"https:\/\/www.gaveanews.com\/\"},{\"@type\":\"ListItem\",\"position\":2,\"name\":\"V\u00eddeo: Casimiro Miguel monta escala\u00e7\u00e3o ideal do Brasil para Dorival Jr\"}]},{\"@type\":\"WebSite\",\"@id\":\"https:\/\/www.gaveanews.com\/#website\",\"url\":\"https:\/\/www.gaveanews.com\/\",\"name\":\"G\u00e1vea News\",\"description\":\"Veja todas as not\u00edcias sobre o Flamengo: Contrata\u00e7\u00f5es, categorias de base, resultados das partidas, tabela de classifica\u00e7\u00e3o, pr\u00f3ximos jogos!\",\"potentialAction\":[{\"@type\":\"SearchAction\",\"target\":{\"@type\":\"EntryPoint\",\"urlTemplate\":\"https:\/\/www.gaveanews.com\/?s={search_term_string}\"},\"query-input\":{\"@type\":\"PropertyValueSpecification\",\"valueRequired\":true,\"valueName\":\"search_term_string\"}}],\"inLanguage\":\"pt-BR\"},{\"@type\":\"Person\",\"@id\":\"https:\/\/www.gaveanews.com\/#\/schema\/person\/daf63eec72e1164eb13dc35096c2b8da\",\"name\":\"Paula Silva\",\"image\":{\"@type\":\"ImageObject\",\"inLanguage\":\"pt-BR\",\"@id\":\"https:\/\/www.gaveanews.com\/#\/schema\/person\/image\/\",\"url\":\"https:\/\/secure.gravatar.com\/avatar\/eda381c845527cc5d64c13b901833cda29d97500ba040d3e6461f76f51d163bb?s=96&d=mm&r=g\",\"contentUrl\":\"https:\/\/secure.gravatar.com\/avatar\/eda381c845527cc5d64c13b901833cda29d97500ba040d3e6461f76f51d163bb?s=96&d=mm&r=g\",\"caption\":\"Paula Silva\"}}]}<\/script>\n<!-- \/ Yoast SEO Premium plugin. -->","yoast_head_json":{"title":"V\u00eddeo: Casimiro Miguel monta escala\u00e7\u00e3o ideal do Brasil para Dorival Jr","robots":{"index":"index","follow":"follow","max-snippet":"max-snippet:-1","max-image-preview":"max-image-preview:large","max-video-preview":"max-video-preview:-1"},"canonical":"https:\/\/www.gaveanews.com\/index.php\/2025\/03\/08\/video-casimiro-miguel-monta-escalacao-ideal-do-brasil-para-dorival-jr\/","og_locale":"pt_BR","og_type":"article","og_title":"V\u00eddeo: Casimiro Miguel monta escala\u00e7\u00e3o ideal do Brasil para Dorival Jr","og_description":"O t\u00e9cnico da Sele\u00e7\u00e3o Brasileira, Dorival J\u00fanior, anunciou recentemente a lista de convocados para os pr\u00f3ximos compromissos das Eliminat\u00f3rias da Copa do Mundo de 2026. Entre os escolhidos, destacam-se nomes j\u00e1 consolidados na equipe, al\u00e9m de algumas novidades. A convoca\u00e7\u00e3o gerou diversas rea\u00e7\u00f5es, e um dos coment\u00e1rios que mais chamou a aten\u00e7\u00e3o veio do influenciador [&hellip;]","og_url":"https:\/\/www.gaveanews.com\/index.php\/2025\/03\/08\/video-casimiro-miguel-monta-escalacao-ideal-do-brasil-para-dorival-jr\/","og_site_name":"G\u00e1vea News","article_publisher":"https:\/\/facebook.com\/gaveaNews\/","article_published_time":"2025-03-08T05:05:00+00:00","og_image":[{"width":1080,"height":608,"url":"https:\/\/www.gaveanews.com\/wp-content\/uploads\/Casimiro-Miguel-dono-da-CazeTv.webp","type":"image\/webp"}],"author":"Paula Silva","twitter_card":"summary_large_image","twitter_misc":{"Escrito por":"Paula Silva","Est. tempo de leitura":"3 minutos"},"schema":{"@context":"https:\/\/schema.org","@graph":[{"@type":"NewsArticle","@id":"https:\/\/www.gaveanews.com\/index.php\/2025\/03\/08\/video-casimiro-miguel-monta-escalacao-ideal-do-brasil-para-dorival-jr\/#article","isPartOf":{"@id":"https:\/\/www.gaveanews.com\/index.php\/2025\/03\/08\/video-casimiro-miguel-monta-escalacao-ideal-do-brasil-para-dorival-jr\/"},"author":{"name":"Paula Silva","@id":"https:\/\/www.gaveanews.com\/#\/schema\/person\/daf63eec72e1164eb13dc35096c2b8da"},"headline":"V\u00eddeo: Casimiro Miguel monta escala\u00e7\u00e3o ideal do Brasil para Dorival Jr","datePublished":"2025-03-08T05:05:00+00:00","mainEntityOfPage":{"@id":"https:\/\/www.gaveanews.com\/index.php\/2025\/03\/08\/video-casimiro-miguel-monta-escalacao-ideal-do-brasil-para-dorival-jr\/"},"wordCount":395,"commentCount":0,"image":{"@id":"https:\/\/www.gaveanews.com\/index.php\/2025\/03\/08\/video-casimiro-miguel-monta-escalacao-ideal-do-brasil-para-dorival-jr\/#primaryimage"},"thumbnailUrl":"https:\/\/www.gaveanews.com\/wp-content\/uploads\/Casimiro-Miguel-dono-da-CazeTv.webp","articleSection":["Brasil","Celebridades","Sele\u00e7\u00f5es"],"inLanguage":"pt-BR","potentialAction":[{"@type":"CommentAction","name":"Comment","target":["https:\/\/www.gaveanews.com\/index.php\/2025\/03\/08\/video-casimiro-miguel-monta-escalacao-ideal-do-brasil-para-dorival-jr\/#respond"]}],"copyrightYear":"2025","copyrightHolder":{"@id":"https:\/\/www.gaveanews.com\/#organization"}},{"@type":"WebPage","@id":"https:\/\/www.gaveanews.com\/index.php\/2025\/03\/08\/video-casimiro-miguel-monta-escalacao-ideal-do-brasil-para-dorival-jr\/","url":"https:\/\/www.gaveanews.com\/index.php\/2025\/03\/08\/video-casimiro-miguel-monta-escalacao-ideal-do-brasil-para-dorival-jr\/","name":"V\u00eddeo: Casimiro Miguel monta escala\u00e7\u00e3o ideal do Brasil para Dorival Jr","isPartOf":{"@id":"https:\/\/www.gaveanews.com\/#website"},"primaryImageOfPage":{"@id":"https:\/\/www.gaveanews.com\/index.php\/2025\/03\/08\/video-casimiro-miguel-monta-escalacao-ideal-do-brasil-para-dorival-jr\/#primaryimage"},"image":{"@id":"https:\/\/www.gaveanews.com\/index.php\/2025\/03\/08\/video-casimiro-miguel-monta-escalacao-ideal-do-brasil-para-dorival-jr\/#primaryimage"},"thumbnailUrl":"https:\/\/www.gaveanews.com\/wp-content\/uploads\/Casimiro-Miguel-dono-da-CazeTv.webp","datePublished":"2025-03-08T05:05:00+00:00","author":{"@id":"https:\/\/www.gaveanews.com\/#\/schema\/person\/daf63eec72e1164eb13dc35096c2b8da"},"breadcrumb":{"@id":"https:\/\/www.gaveanews.com\/index.php\/2025\/03\/08\/video-casimiro-miguel-monta-escalacao-ideal-do-brasil-para-dorival-jr\/#breadcrumb"},"inLanguage":"pt-BR","potentialAction":[{"@type":"ReadAction","target":["https:\/\/www.gaveanews.com\/index.php\/2025\/03\/08\/video-casimiro-miguel-monta-escalacao-ideal-do-brasil-para-dorival-jr\/"]}]},{"@type":"ImageObject","inLanguage":"pt-BR","@id":"https:\/\/www.gaveanews.com\/index.php\/2025\/03\/08\/video-casimiro-miguel-monta-escalacao-ideal-do-brasil-para-dorival-jr\/#primaryimage","url":"https:\/\/www.gaveanews.com\/wp-content\/uploads\/Casimiro-Miguel-dono-da-CazeTv.webp","contentUrl":"https:\/\/www.gaveanews.com\/wp-content\/uploads\/Casimiro-Miguel-dono-da-CazeTv.webp","width":1080,"height":608,"caption":"Casimiro Miguel, dono da Caz\u00e9Tv (Foto: Infomoney\/Reprodu\u00e7\u00e3o)"},{"@type":"BreadcrumbList","@id":"https:\/\/www.gaveanews.com\/index.php\/2025\/03\/08\/video-casimiro-miguel-monta-escalacao-ideal-do-brasil-para-dorival-jr\/#breadcrumb","itemListElement":[{"@type":"ListItem","position":1,"name":"Home","item":"https:\/\/www.gaveanews.com\/"},{"@type":"ListItem","position":2,"name":"V\u00eddeo: Casimiro Miguel monta escala\u00e7\u00e3o ideal do Brasil para Dorival Jr"}]},{"@type":"WebSite","@id":"https:\/\/www.gaveanews.com\/#website","url":"https:\/\/www.gaveanews.com\/","name":"G\u00e1vea News","description":"Veja todas as not\u00edcias sobre o Flamengo: Contrata\u00e7\u00f5es, categorias de base, resultados das partidas, tabela de classifica\u00e7\u00e3o, pr\u00f3ximos jogos!","potentialAction":[{"@type":"SearchAction","target":{"@type":"EntryPoint","urlTemplate":"https:\/\/www.gaveanews.com\/?s={search_term_string}"},"query-input":{"@type":"PropertyValueSpecification","valueRequired":true,"valueName":"search_term_string"}}],"inLanguage":"pt-BR"},{"@type":"Person","@id":"https:\/\/www.gaveanews.com\/#\/schema\/person\/daf63eec72e1164eb13dc35096c2b8da","name":"Paula Silva","image":{"@type":"ImageObject","inLanguage":"pt-BR","@id":"https:\/\/www.gaveanews.com\/#\/schema\/person\/image\/","url":"https:\/\/secure.gravatar.com\/avatar\/eda381c845527cc5d64c13b901833cda29d97500ba040d3e6461f76f51d163bb?s=96&d=mm&r=g","contentUrl":"https:\/\/secure.gravatar.com\/avatar\/eda381c845527cc5d64c13b901833cda29d97500ba040d3e6461f76f51d163bb?s=96&d=mm&r=g","caption":"Paula Silva"}}]}},"_links":{"self":[{"href":"https:\/\/www.gaveanews.com\/index.php\/wp-json\/wp\/v2\/posts\/237475","targetHints":{"allow":["GET"]}}],"collection":[{"href":"https:\/\/www.gaveanews.com\/index.php\/wp-json\/wp\/v2\/posts"}],"about":[{"href":"https:\/\/www.gaveanews.com\/index.php\/wp-json\/wp\/v2\/types\/post"}],"author":[{"embeddable":true,"href":"https:\/\/www.gaveanews.com\/index.php\/wp-json\/wp\/v2\/users\/18"}],"replies":[{"embeddable":true,"href":"https:\/\/www.gaveanews.com\/index.php\/wp-json\/wp\/v2\/comments?post=237475"}],"version-history":[{"count":1,"href":"https:\/\/www.gaveanews.com\/index.php\/wp-json\/wp\/v2\/posts\/237475\/revisions"}],"predecessor-version":[{"id":237476,"href":"https:\/\/www.gaveanews.com\/index.php\/wp-json\/wp\/v2\/posts\/237475\/revisions\/237476"}],"wp:featuredmedia":[{"embeddable":true,"href":"https:\/\/www.gaveanews.com\/index.php\/wp-json\/wp\/v2\/media\/157048"}],"wp:attachment":[{"href":"https:\/\/www.gaveanews.com\/index.php\/wp-json\/wp\/v2\/media?parent=237475"}],"wp:term":[{"taxonomy":"category","embeddable":true,"href":"https:\/\/www.gaveanews.com\/index.php\/wp-json\/wp\/v2\/categories?post=237475"},{"taxonomy":"post_tag","embeddable":true,"href":"https:\/\/www.gaveanews.com\/index.php\/wp-json\/wp\/v2\/tags?post=237475"}],"curies":[{"name":"wp","href":"https:\/\/api.w.org\/{rel}","templated":true}]}}