{"id":237479,"date":"2025-03-08T03:00:00","date_gmt":"2025-03-08T06:00:00","guid":{"rendered":"https:\/\/www.gaveanews.com\/?p=237479"},"modified":"2025-03-07T22:16:51","modified_gmt":"2025-03-08T01:16:51","slug":"atacante-do-flamengo-fala-sobre-a-copa-do-mundo-nao-tenho","status":"publish","type":"post","link":"https:\/\/www.gaveanews.com\/index.php\/2025\/03\/08\/atacante-do-flamengo-fala-sobre-a-copa-do-mundo-nao-tenho\/","title":{"rendered":"Atacante do Flamengo fala sobre a Copa do Mundo: &#8220;N\u00e3o tenho\u2026&#8221;"},"content":{"rendered":"\n<p>O Flamengo inicia sua caminhada na Supercopa Feminina neste domingo (09), quando enfrenta o Real Bras\u00edlia no Est\u00e1dio Bezerr\u00e3o, \u00e0s 16h (hor\u00e1rio de Bras\u00edlia). Para a atacante Cristiane, a competi\u00e7\u00e3o representa uma oportunidade de recome\u00e7o ap\u00f3s uma temporada abaixo das expectativas em 2024. &#8220;\u00c9 algo que nos incomoda n\u00e3o ter feito um bom ano. A expectativa \u00e9 grande, o investimento \u00e9 grande e queremos entregar isso para o clube e para o torcedor&#8221;, declarou a jogadora.<\/p>\n\n\n\n<p>A campanha do Flamengo no ano passado contou com a conquista do Campeonato Carioca, mas tamb\u00e9m com resultados frustrantes. A equipe foi vice-campe\u00e3 da Copa Rio, vencida pelo Botafogo, terminou o Brasileir\u00e3o na nona coloca\u00e7\u00e3o, sem avan\u00e7ar para a fase mata-mata, e caiu ainda na primeira fase da Supercopa. Diante desse cen\u00e1rio, Cristiane refor\u00e7ou a import\u00e2ncia de um desempenho superior nesta nova temporada.<\/p>\n\n\n\n<p>O time feminino tamb\u00e9m passa por mudan\u00e7as estruturais. O Flamengo deixar\u00e1 o Centro de Treinamento do CEFAN, da Marinha do Brasil, ainda neste m\u00eas, e passar\u00e1 a treinar no CFZ. A troca tem como objetivo otimizar a log\u00edstica para as atletas e a comiss\u00e3o t\u00e9cnica. &#8220;Foi importante ter permanecido esse per\u00edodo aqui, mas mais importante ainda \u00e9 ter de fato um lugar para o feminino trabalhar. Isso nos d\u00e1 uma tranquilidade grande&#8221;, destacou Cristiane.<\/p>\n\n\n\n<p>A jogadora tamb\u00e9m fez cr\u00edticas ao atual calend\u00e1rio do futebol feminino, que, segundo ela, carece de melhor organiza\u00e7\u00e3o. &#8220;Foi um longo come\u00e7o de pr\u00e9-temporada, j\u00e1 que demorou bastante tempo para a organiza\u00e7\u00e3o soltar o calend\u00e1rio. Temos um elenco muito diferente em rela\u00e7\u00e3o ao ano passado, com mais atletas da base. Vamos contar muito com essas meninas ao longo da temporada&#8221;, analisou a centroavante.<\/p>\n\n\n\n<p>Outro ponto abordado por Cristiane foi a Copa do Mundo Feminina de 2027, que ser\u00e1 disputada no Brasil. Para a atacante, o torneio pode ser um marco para o crescimento da modalidade no pa\u00eds, desde que haja um planejamento adequado. &#8220;Vai valer muito como vamos aproveitar essa Copa aqui, como vamos incentivar a modalidade e criar oportunidades para as meninas da pr\u00f3xima gera\u00e7\u00e3o&#8221;, afirmou.<\/p>\n\n\n\n<p>Com novos desafios pela frente, o Flamengo busca iniciar 2025 com um desempenho positivo na Supercopa e consolidar uma temporada mais consistente, tanto em campo quanto fora dele. A estreia contra o Real Bras\u00edlia ser\u00e1 o primeiro passo para essa reconstru\u00e7\u00e3o.<\/p>\n","protected":false},"excerpt":{"rendered":"<p>O Flamengo inicia sua caminhada na Supercopa Feminina neste domingo (09), quando enfrenta o Real Bras\u00edlia no Est\u00e1dio Bezerr\u00e3o, \u00e0s 16h (hor\u00e1rio de Bras\u00edlia). Para a atacante Cristiane, a competi\u00e7\u00e3o representa uma oportunidade de recome\u00e7o ap\u00f3s uma temporada abaixo das expectativas em 2024. &#8220;\u00c9 algo que nos incomoda n\u00e3o ter feito um bom ano. A [&hellip;]<\/p>\n","protected":false},"author":18,"featured_media":122174,"comment_status":"open","ping_status":"closed","sticky":false,"template":"","format":"standard","meta":{"footnotes":""},"categories":[1],"tags":[],"class_list":["post-237479","post","type-post","status-publish","format-standard","has-post-thumbnail","hentry","category-flamengo"],"yoast_head":"<!-- This site is optimized with the Yoast SEO Premium plugin v24.2 (Yoast SEO v26.9) - https:\/\/yoast.com\/product\/yoast-seo-premium-wordpress\/ -->\n<title>Atacante do Flamengo fala sobre a Copa do Mundo: &quot;N\u00e3o tenho\u2026&quot;<\/title>\n<meta name=\"robots\" content=\"index, follow, max-snippet:-1, max-image-preview:large, max-video-preview:-1\" \/>\n<link rel=\"canonical\" href=\"https:\/\/www.gaveanews.com\/index.php\/2025\/03\/08\/atacante-do-flamengo-fala-sobre-a-copa-do-mundo-nao-tenho\/\" \/>\n<meta property=\"og:locale\" content=\"pt_BR\" \/>\n<meta property=\"og:type\" content=\"article\" \/>\n<meta property=\"og:title\" content=\"Atacante do Flamengo fala sobre a Copa do Mundo: &quot;N\u00e3o tenho\u2026&quot;\" \/>\n<meta property=\"og:description\" content=\"O Flamengo inicia sua caminhada na Supercopa Feminina neste domingo (09), quando enfrenta o Real Bras\u00edlia no Est\u00e1dio Bezerr\u00e3o, \u00e0s 16h (hor\u00e1rio de Bras\u00edlia). Para a atacante Cristiane, a competi\u00e7\u00e3o representa uma oportunidade de recome\u00e7o ap\u00f3s uma temporada abaixo das expectativas em 2024. &#8220;\u00c9 algo que nos incomoda n\u00e3o ter feito um bom ano. A [&hellip;]\" \/>\n<meta property=\"og:url\" content=\"https:\/\/www.gaveanews.com\/index.php\/2025\/03\/08\/atacante-do-flamengo-fala-sobre-a-copa-do-mundo-nao-tenho\/\" \/>\n<meta property=\"og:site_name\" content=\"G\u00e1vea News\" \/>\n<meta property=\"article:publisher\" content=\"https:\/\/facebook.com\/gaveaNews\/\" \/>\n<meta property=\"article:published_time\" content=\"2025-03-08T06:00:00+00:00\" \/>\n<meta property=\"og:image\" content=\"https:\/\/www.gaveanews.com\/wp-content\/uploads\/ninhodourubu.webp\" \/>\n\t<meta property=\"og:image:width\" content=\"1218\" \/>\n\t<meta property=\"og:image:height\" content=\"812\" \/>\n\t<meta property=\"og:image:type\" content=\"image\/webp\" \/>\n<meta name=\"author\" content=\"Paula Silva\" \/>\n<meta name=\"twitter:card\" content=\"summary_large_image\" \/>\n<meta name=\"twitter:label1\" content=\"Escrito por\" \/>\n\t<meta name=\"twitter:data1\" content=\"Paula Silva\" \/>\n\t<meta name=\"twitter:label2\" content=\"Est. tempo de leitura\" \/>\n\t<meta name=\"twitter:data2\" content=\"3 minutos\" \/>\n<script type=\"application\/ld+json\" class=\"yoast-schema-graph\">{\"@context\":\"https:\/\/schema.org\",\"@graph\":[{\"@type\":\"NewsArticle\",\"@id\":\"https:\/\/www.gaveanews.com\/index.php\/2025\/03\/08\/atacante-do-flamengo-fala-sobre-a-copa-do-mundo-nao-tenho\/#article\",\"isPartOf\":{\"@id\":\"https:\/\/www.gaveanews.com\/index.php\/2025\/03\/08\/atacante-do-flamengo-fala-sobre-a-copa-do-mundo-nao-tenho\/\"},\"author\":{\"name\":\"Paula Silva\",\"@id\":\"https:\/\/www.gaveanews.com\/#\/schema\/person\/daf63eec72e1164eb13dc35096c2b8da\"},\"headline\":\"Atacante do Flamengo fala sobre a Copa do Mundo: &#8220;N\u00e3o tenho\u2026&#8221;\",\"datePublished\":\"2025-03-08T06:00:00+00:00\",\"mainEntityOfPage\":{\"@id\":\"https:\/\/www.gaveanews.com\/index.php\/2025\/03\/08\/atacante-do-flamengo-fala-sobre-a-copa-do-mundo-nao-tenho\/\"},\"wordCount\":422,\"commentCount\":0,\"image\":{\"@id\":\"https:\/\/www.gaveanews.com\/index.php\/2025\/03\/08\/atacante-do-flamengo-fala-sobre-a-copa-do-mundo-nao-tenho\/#primaryimage\"},\"thumbnailUrl\":\"https:\/\/www.gaveanews.com\/wp-content\/uploads\/ninhodourubu.webp\",\"articleSection\":[\"Flamengo\"],\"inLanguage\":\"pt-BR\",\"potentialAction\":[{\"@type\":\"CommentAction\",\"name\":\"Comment\",\"target\":[\"https:\/\/www.gaveanews.com\/index.php\/2025\/03\/08\/atacante-do-flamengo-fala-sobre-a-copa-do-mundo-nao-tenho\/#respond\"]}],\"copyrightYear\":\"2025\",\"copyrightHolder\":{\"@id\":\"https:\/\/www.gaveanews.com\/#organization\"}},{\"@type\":\"WebPage\",\"@id\":\"https:\/\/www.gaveanews.com\/index.php\/2025\/03\/08\/atacante-do-flamengo-fala-sobre-a-copa-do-mundo-nao-tenho\/\",\"url\":\"https:\/\/www.gaveanews.com\/index.php\/2025\/03\/08\/atacante-do-flamengo-fala-sobre-a-copa-do-mundo-nao-tenho\/\",\"name\":\"Atacante do Flamengo fala sobre a Copa do Mundo: \\\"N\u00e3o tenho\u2026\\\"\",\"isPartOf\":{\"@id\":\"https:\/\/www.gaveanews.com\/#website\"},\"primaryImageOfPage\":{\"@id\":\"https:\/\/www.gaveanews.com\/index.php\/2025\/03\/08\/atacante-do-flamengo-fala-sobre-a-copa-do-mundo-nao-tenho\/#primaryimage\"},\"image\":{\"@id\":\"https:\/\/www.gaveanews.com\/index.php\/2025\/03\/08\/atacante-do-flamengo-fala-sobre-a-copa-do-mundo-nao-tenho\/#primaryimage\"},\"thumbnailUrl\":\"https:\/\/www.gaveanews.com\/wp-content\/uploads\/ninhodourubu.webp\",\"datePublished\":\"2025-03-08T06:00:00+00:00\",\"author\":{\"@id\":\"https:\/\/www.gaveanews.com\/#\/schema\/person\/daf63eec72e1164eb13dc35096c2b8da\"},\"breadcrumb\":{\"@id\":\"https:\/\/www.gaveanews.com\/index.php\/2025\/03\/08\/atacante-do-flamengo-fala-sobre-a-copa-do-mundo-nao-tenho\/#breadcrumb\"},\"inLanguage\":\"pt-BR\",\"potentialAction\":[{\"@type\":\"ReadAction\",\"target\":[\"https:\/\/www.gaveanews.com\/index.php\/2025\/03\/08\/atacante-do-flamengo-fala-sobre-a-copa-do-mundo-nao-tenho\/\"]}]},{\"@type\":\"ImageObject\",\"inLanguage\":\"pt-BR\",\"@id\":\"https:\/\/www.gaveanews.com\/index.php\/2025\/03\/08\/atacante-do-flamengo-fala-sobre-a-copa-do-mundo-nao-tenho\/#primaryimage\",\"url\":\"https:\/\/www.gaveanews.com\/wp-content\/uploads\/ninhodourubu.webp\",\"contentUrl\":\"https:\/\/www.gaveanews.com\/wp-content\/uploads\/ninhodourubu.webp\",\"width\":1218,\"height\":812,\"caption\":\"Centro de treinamento do Flamengo (Foto: Reprodu\u00e7\u00e3o)\"},{\"@type\":\"BreadcrumbList\",\"@id\":\"https:\/\/www.gaveanews.com\/index.php\/2025\/03\/08\/atacante-do-flamengo-fala-sobre-a-copa-do-mundo-nao-tenho\/#breadcrumb\",\"itemListElement\":[{\"@type\":\"ListItem\",\"position\":1,\"name\":\"Home\",\"item\":\"https:\/\/www.gaveanews.com\/\"},{\"@type\":\"ListItem\",\"position\":2,\"name\":\"Atacante do Flamengo fala sobre a Copa do Mundo: &#8220;N\u00e3o tenho\u2026&#8221;\"}]},{\"@type\":\"WebSite\",\"@id\":\"https:\/\/www.gaveanews.com\/#website\",\"url\":\"https:\/\/www.gaveanews.com\/\",\"name\":\"G\u00e1vea News\",\"description\":\"Veja todas as not\u00edcias sobre o Flamengo: Contrata\u00e7\u00f5es, categorias de base, resultados das partidas, tabela de classifica\u00e7\u00e3o, pr\u00f3ximos jogos!\",\"potentialAction\":[{\"@type\":\"SearchAction\",\"target\":{\"@type\":\"EntryPoint\",\"urlTemplate\":\"https:\/\/www.gaveanews.com\/?s={search_term_string}\"},\"query-input\":{\"@type\":\"PropertyValueSpecification\",\"valueRequired\":true,\"valueName\":\"search_term_string\"}}],\"inLanguage\":\"pt-BR\"},{\"@type\":\"Person\",\"@id\":\"https:\/\/www.gaveanews.com\/#\/schema\/person\/daf63eec72e1164eb13dc35096c2b8da\",\"name\":\"Paula Silva\",\"image\":{\"@type\":\"ImageObject\",\"inLanguage\":\"pt-BR\",\"@id\":\"https:\/\/www.gaveanews.com\/#\/schema\/person\/image\/\",\"url\":\"https:\/\/secure.gravatar.com\/avatar\/eda381c845527cc5d64c13b901833cda29d97500ba040d3e6461f76f51d163bb?s=96&d=mm&r=g\",\"contentUrl\":\"https:\/\/secure.gravatar.com\/avatar\/eda381c845527cc5d64c13b901833cda29d97500ba040d3e6461f76f51d163bb?s=96&d=mm&r=g\",\"caption\":\"Paula Silva\"}}]}<\/script>\n<!-- \/ Yoast SEO Premium plugin. -->","yoast_head_json":{"title":"Atacante do Flamengo fala sobre a Copa do Mundo: \"N\u00e3o tenho\u2026\"","robots":{"index":"index","follow":"follow","max-snippet":"max-snippet:-1","max-image-preview":"max-image-preview:large","max-video-preview":"max-video-preview:-1"},"canonical":"https:\/\/www.gaveanews.com\/index.php\/2025\/03\/08\/atacante-do-flamengo-fala-sobre-a-copa-do-mundo-nao-tenho\/","og_locale":"pt_BR","og_type":"article","og_title":"Atacante do Flamengo fala sobre a Copa do Mundo: \"N\u00e3o tenho\u2026\"","og_description":"O Flamengo inicia sua caminhada na Supercopa Feminina neste domingo (09), quando enfrenta o Real Bras\u00edlia no Est\u00e1dio Bezerr\u00e3o, \u00e0s 16h (hor\u00e1rio de Bras\u00edlia). Para a atacante Cristiane, a competi\u00e7\u00e3o representa uma oportunidade de recome\u00e7o ap\u00f3s uma temporada abaixo das expectativas em 2024. &#8220;\u00c9 algo que nos incomoda n\u00e3o ter feito um bom ano. A [&hellip;]","og_url":"https:\/\/www.gaveanews.com\/index.php\/2025\/03\/08\/atacante-do-flamengo-fala-sobre-a-copa-do-mundo-nao-tenho\/","og_site_name":"G\u00e1vea News","article_publisher":"https:\/\/facebook.com\/gaveaNews\/","article_published_time":"2025-03-08T06:00:00+00:00","og_image":[{"width":1218,"height":812,"url":"https:\/\/www.gaveanews.com\/wp-content\/uploads\/ninhodourubu.webp","type":"image\/webp"}],"author":"Paula Silva","twitter_card":"summary_large_image","twitter_misc":{"Escrito por":"Paula Silva","Est. tempo de leitura":"3 minutos"},"schema":{"@context":"https:\/\/schema.org","@graph":[{"@type":"NewsArticle","@id":"https:\/\/www.gaveanews.com\/index.php\/2025\/03\/08\/atacante-do-flamengo-fala-sobre-a-copa-do-mundo-nao-tenho\/#article","isPartOf":{"@id":"https:\/\/www.gaveanews.com\/index.php\/2025\/03\/08\/atacante-do-flamengo-fala-sobre-a-copa-do-mundo-nao-tenho\/"},"author":{"name":"Paula Silva","@id":"https:\/\/www.gaveanews.com\/#\/schema\/person\/daf63eec72e1164eb13dc35096c2b8da"},"headline":"Atacante do Flamengo fala sobre a Copa do Mundo: &#8220;N\u00e3o tenho\u2026&#8221;","datePublished":"2025-03-08T06:00:00+00:00","mainEntityOfPage":{"@id":"https:\/\/www.gaveanews.com\/index.php\/2025\/03\/08\/atacante-do-flamengo-fala-sobre-a-copa-do-mundo-nao-tenho\/"},"wordCount":422,"commentCount":0,"image":{"@id":"https:\/\/www.gaveanews.com\/index.php\/2025\/03\/08\/atacante-do-flamengo-fala-sobre-a-copa-do-mundo-nao-tenho\/#primaryimage"},"thumbnailUrl":"https:\/\/www.gaveanews.com\/wp-content\/uploads\/ninhodourubu.webp","articleSection":["Flamengo"],"inLanguage":"pt-BR","potentialAction":[{"@type":"CommentAction","name":"Comment","target":["https:\/\/www.gaveanews.com\/index.php\/2025\/03\/08\/atacante-do-flamengo-fala-sobre-a-copa-do-mundo-nao-tenho\/#respond"]}],"copyrightYear":"2025","copyrightHolder":{"@id":"https:\/\/www.gaveanews.com\/#organization"}},{"@type":"WebPage","@id":"https:\/\/www.gaveanews.com\/index.php\/2025\/03\/08\/atacante-do-flamengo-fala-sobre-a-copa-do-mundo-nao-tenho\/","url":"https:\/\/www.gaveanews.com\/index.php\/2025\/03\/08\/atacante-do-flamengo-fala-sobre-a-copa-do-mundo-nao-tenho\/","name":"Atacante do Flamengo fala sobre a Copa do Mundo: \"N\u00e3o tenho\u2026\"","isPartOf":{"@id":"https:\/\/www.gaveanews.com\/#website"},"primaryImageOfPage":{"@id":"https:\/\/www.gaveanews.com\/index.php\/2025\/03\/08\/atacante-do-flamengo-fala-sobre-a-copa-do-mundo-nao-tenho\/#primaryimage"},"image":{"@id":"https:\/\/www.gaveanews.com\/index.php\/2025\/03\/08\/atacante-do-flamengo-fala-sobre-a-copa-do-mundo-nao-tenho\/#primaryimage"},"thumbnailUrl":"https:\/\/www.gaveanews.com\/wp-content\/uploads\/ninhodourubu.webp","datePublished":"2025-03-08T06:00:00+00:00","author":{"@id":"https:\/\/www.gaveanews.com\/#\/schema\/person\/daf63eec72e1164eb13dc35096c2b8da"},"breadcrumb":{"@id":"https:\/\/www.gaveanews.com\/index.php\/2025\/03\/08\/atacante-do-flamengo-fala-sobre-a-copa-do-mundo-nao-tenho\/#breadcrumb"},"inLanguage":"pt-BR","potentialAction":[{"@type":"ReadAction","target":["https:\/\/www.gaveanews.com\/index.php\/2025\/03\/08\/atacante-do-flamengo-fala-sobre-a-copa-do-mundo-nao-tenho\/"]}]},{"@type":"ImageObject","inLanguage":"pt-BR","@id":"https:\/\/www.gaveanews.com\/index.php\/2025\/03\/08\/atacante-do-flamengo-fala-sobre-a-copa-do-mundo-nao-tenho\/#primaryimage","url":"https:\/\/www.gaveanews.com\/wp-content\/uploads\/ninhodourubu.webp","contentUrl":"https:\/\/www.gaveanews.com\/wp-content\/uploads\/ninhodourubu.webp","width":1218,"height":812,"caption":"Centro de treinamento do Flamengo (Foto: Reprodu\u00e7\u00e3o)"},{"@type":"BreadcrumbList","@id":"https:\/\/www.gaveanews.com\/index.php\/2025\/03\/08\/atacante-do-flamengo-fala-sobre-a-copa-do-mundo-nao-tenho\/#breadcrumb","itemListElement":[{"@type":"ListItem","position":1,"name":"Home","item":"https:\/\/www.gaveanews.com\/"},{"@type":"ListItem","position":2,"name":"Atacante do Flamengo fala sobre a Copa do Mundo: &#8220;N\u00e3o tenho\u2026&#8221;"}]},{"@type":"WebSite","@id":"https:\/\/www.gaveanews.com\/#website","url":"https:\/\/www.gaveanews.com\/","name":"G\u00e1vea News","description":"Veja todas as not\u00edcias sobre o Flamengo: Contrata\u00e7\u00f5es, categorias de base, resultados das partidas, tabela de classifica\u00e7\u00e3o, pr\u00f3ximos jogos!","potentialAction":[{"@type":"SearchAction","target":{"@type":"EntryPoint","urlTemplate":"https:\/\/www.gaveanews.com\/?s={search_term_string}"},"query-input":{"@type":"PropertyValueSpecification","valueRequired":true,"valueName":"search_term_string"}}],"inLanguage":"pt-BR"},{"@type":"Person","@id":"https:\/\/www.gaveanews.com\/#\/schema\/person\/daf63eec72e1164eb13dc35096c2b8da","name":"Paula Silva","image":{"@type":"ImageObject","inLanguage":"pt-BR","@id":"https:\/\/www.gaveanews.com\/#\/schema\/person\/image\/","url":"https:\/\/secure.gravatar.com\/avatar\/eda381c845527cc5d64c13b901833cda29d97500ba040d3e6461f76f51d163bb?s=96&d=mm&r=g","contentUrl":"https:\/\/secure.gravatar.com\/avatar\/eda381c845527cc5d64c13b901833cda29d97500ba040d3e6461f76f51d163bb?s=96&d=mm&r=g","caption":"Paula Silva"}}]}},"_links":{"self":[{"href":"https:\/\/www.gaveanews.com\/index.php\/wp-json\/wp\/v2\/posts\/237479","targetHints":{"allow":["GET"]}}],"collection":[{"href":"https:\/\/www.gaveanews.com\/index.php\/wp-json\/wp\/v2\/posts"}],"about":[{"href":"https:\/\/www.gaveanews.com\/index.php\/wp-json\/wp\/v2\/types\/post"}],"author":[{"embeddable":true,"href":"https:\/\/www.gaveanews.com\/index.php\/wp-json\/wp\/v2\/users\/18"}],"replies":[{"embeddable":true,"href":"https:\/\/www.gaveanews.com\/index.php\/wp-json\/wp\/v2\/comments?post=237479"}],"version-history":[{"count":1,"href":"https:\/\/www.gaveanews.com\/index.php\/wp-json\/wp\/v2\/posts\/237479\/revisions"}],"predecessor-version":[{"id":237481,"href":"https:\/\/www.gaveanews.com\/index.php\/wp-json\/wp\/v2\/posts\/237479\/revisions\/237481"}],"wp:featuredmedia":[{"embeddable":true,"href":"https:\/\/www.gaveanews.com\/index.php\/wp-json\/wp\/v2\/media\/122174"}],"wp:attachment":[{"href":"https:\/\/www.gaveanews.com\/index.php\/wp-json\/wp\/v2\/media?parent=237479"}],"wp:term":[{"taxonomy":"category","embeddable":true,"href":"https:\/\/www.gaveanews.com\/index.php\/wp-json\/wp\/v2\/categories?post=237479"},{"taxonomy":"post_tag","embeddable":true,"href":"https:\/\/www.gaveanews.com\/index.php\/wp-json\/wp\/v2\/tags?post=237479"}],"curies":[{"name":"wp","href":"https:\/\/api.w.org\/{rel}","templated":true}]}}