{"id":237490,"date":"2025-03-08T13:18:18","date_gmt":"2025-03-08T16:18:18","guid":{"rendered":"https:\/\/www.gaveanews.com\/?p=237490"},"modified":"2025-03-08T13:18:21","modified_gmt":"2025-03-08T16:18:21","slug":"corinthians-pode-contratar-tecnico-ex-flamengo","status":"publish","type":"post","link":"https:\/\/www.gaveanews.com\/index.php\/2025\/03\/08\/corinthians-pode-contratar-tecnico-ex-flamengo\/","title":{"rendered":"Corinthians pode contratar t\u00e9cnico ex-Flamengo"},"content":{"rendered":"\n<p>O Corinthians vive um momento delicado em sua trajet\u00f3ria esportiva. A equipe precisa enfrentar o Santos nas semifinais do Campeonato Paulista, enquanto tamb\u00e9m se prepara para reverter a desvantagem de 3 a 0 contra o Barcelona de Guayaquil, pela Copa Libertadores. Al\u00e9m disso, as aten\u00e7\u00f5es se voltam para o futuro t\u00e9cnico da equipe, caso os resultados n\u00e3o sejam positivos.<\/p>\n\n\n\n<h2 class=\"wp-block-heading\" id=\"h-cenario-atual-e-expectativas\">Cen\u00e1rio atual e expectativas<\/h2>\n\n\n\n<p>Os pr\u00f3ximos dias prometem agitar o cen\u00e1rio corinthiano. Com Ram\u00f3n D\u00edaz sob press\u00e3o ap\u00f3s o rev\u00e9s no Equador, a diretoria busca alternativas para garantir o sucesso nos torneios. O jornalista Jorge Nicola afirmou que elimina\u00e7\u00f5es consecutivas podem resultar na sa\u00edda do treinador argentino. Apesar disso, a diretoria mant\u00e9m cautela antes de tomar qualquer decis\u00e3o dr\u00e1stica.<\/p>\n\n\n\n<p>Por outro lado, o clube j\u00e1 come\u00e7a a considerar poss\u00edveis substitutos. Nesse contexto, surgem nomes como Tite e Renato Ga\u00facho. Ambos t\u00eam curr\u00edculos s\u00f3lidos e despertam interesse dentro do clube. No entanto, a escolha final depender\u00e1 das circunst\u00e2ncias e dos resultados imediatos.<\/p>\n\n\n\n<h2 class=\"wp-block-heading\" id=\"h-renato-gaucho-vira-alvo\">Renato Ga\u00facho vira alvo<\/h2>\n\n\n\n<p>Ainda assim, a diretoria estuda outras op\u00e7\u00f5es al\u00e9m de Tite. Em um v\u00eddeo publicado recentemente, Jorge Nicola destacou que Renato Ga\u00facho figura como uma alternativa vi\u00e1vel. Embora seja defendido por uma ala menor no conselho, o ex-treinador de Gr\u00eamio e Flamengo demonstra disposi\u00e7\u00e3o para assumir o cargo. Essa postura foi refor\u00e7ada pelo pr\u00f3prio Renato, que negou rumores sobre resist\u00eancia em trabalhar na cidade de S\u00e3o Paulo.<\/p>\n\n\n\n<p>Al\u00e9m disso, a experi\u00eancia de Renato Ga\u00facho pode ser um diferencial importante. Sua trajet\u00f3ria em clubes renomados contribui para consolidar seu nome entre os candidatos. Assim, o Corinthians avalia cuidadosamente todas as op\u00e7\u00f5es dispon\u00edveis antes de definir o futuro da comiss\u00e3o t\u00e9cnica.<\/p>\n\n\n\n<figure class=\"wp-block-image size-full is-resized\"><img loading=\"lazy\" decoding=\"async\" width=\"799\" height=\"533\" src=\"http:\/\/www.gaveanews.com\/wp-content\/uploads\/Renato-Gaucho-na-beira-do-campo-em-partida-do-Flamengo-contra-o-Gremio-pelo-Campeonato-Brasileiro-2021.webp\" alt=\"\" class=\"wp-image-72280\" style=\"width:840px;height:auto\" srcset=\"https:\/\/www.gaveanews.com\/wp-content\/uploads\/Renato-Gaucho-na-beira-do-campo-em-partida-do-Flamengo-contra-o-Gremio-pelo-Campeonato-Brasileiro-2021.webp 799w, https:\/\/www.gaveanews.com\/wp-content\/uploads\/Renato-Gaucho-na-beira-do-campo-em-partida-do-Flamengo-contra-o-Gremio-pelo-Campeonato-Brasileiro-2021-300x200.webp 300w, https:\/\/www.gaveanews.com\/wp-content\/uploads\/Renato-Gaucho-na-beira-do-campo-em-partida-do-Flamengo-contra-o-Gremio-pelo-Campeonato-Brasileiro-2021-768x512.webp 768w, https:\/\/www.gaveanews.com\/wp-content\/uploads\/Renato-Gaucho-na-beira-do-campo-em-partida-do-Flamengo-contra-o-Gremio-pelo-Campeonato-Brasileiro-2021-630x420.webp 630w, https:\/\/www.gaveanews.com\/wp-content\/uploads\/Renato-Gaucho-na-beira-do-campo-em-partida-do-Flamengo-contra-o-Gremio-pelo-Campeonato-Brasileiro-2021-640x427.webp 640w, https:\/\/www.gaveanews.com\/wp-content\/uploads\/Renato-Gaucho-na-beira-do-campo-em-partida-do-Flamengo-contra-o-Gremio-pelo-Campeonato-Brasileiro-2021-681x454.webp 681w, https:\/\/www.gaveanews.com\/wp-content\/uploads\/Renato-Gaucho-na-beira-do-campo-em-partida-do-Flamengo-contra-o-Gremio-pelo-Campeonato-Brasileiro-2021-100x67.webp 100w\" sizes=\"auto, (max-width: 799px) 100vw, 799px\" \/><figcaption class=\"wp-element-caption\">Renato Ga\u00facho na beira do campo em partida do Flamengo contra o Gr\u00eamio pelo Campeonato Brasileiro 2021 (Foto: Alexandre Vidal\/Flamengo)<\/figcaption><\/figure>\n\n\n\n<h2 class=\"wp-block-heading\" id=\"h-desempenho-de-ramon-diaz\">Desempenho de Ram\u00f3n D\u00edaz<\/h2>\n\n\n\n<p>Desde sua chegada ao Corinthians, em 2024, Ram\u00f3n D\u00edaz mostrou anteriormente uma fase promissora. Inicialmente contratado para evitar o rebaixamento no Campeonato Brasileiro, o treinador argentino conduziu a equipe a uma sequ\u00eancia de invencibilidade. Ao todo, ele comandou 50 partidas, conquistando 27 vit\u00f3rias.<\/p>\n\n\n\n<p>Neste ano, o argentino alcan\u00e7ou outra marca relevante: garantiu ao Corinthians a melhor campanha do Campeonato Paulista. Contudo, a press\u00e3o aumenta \u00e0 medida que os jogos decisivos se aproximam.<\/p>\n\n\n\n<h2 class=\"wp-block-heading\" id=\"h-projecoes-para-os-confrontos\">Proje\u00e7\u00f5es para os confrontos<\/h2>\n\n\n\n<p>Diante do Santos, o Corinthians busca manter o foco para avan\u00e7ar \u00e0s finais do estadual. Paralelamente, o duelo contra o Barcelona de Guayaquil exige uma atua\u00e7\u00e3o agressiva para reverter o placar adverso. A tarefa \u00e9 desafiadora, mas o elenco demonstra confian\u00e7a nas chances de sucesso.<\/p>\n","protected":false},"excerpt":{"rendered":"<p>O Corinthians vive um momento delicado em sua trajet\u00f3ria esportiva. A equipe precisa enfrentar o Santos nas semifinais do Campeonato Paulista, enquanto tamb\u00e9m se prepara para reverter a desvantagem de 3 a 0 contra o Barcelona de Guayaquil, pela Copa Libertadores. Al\u00e9m disso, as aten\u00e7\u00f5es se voltam para o futuro t\u00e9cnico da equipe, caso os [&hellip;]<\/p>\n","protected":false},"author":28,"featured_media":147346,"comment_status":"open","ping_status":"closed","sticky":false,"template":"","format":"standard","meta":{"footnotes":""},"categories":[141,1],"tags":[],"class_list":["post-237490","post","type-post","status-publish","format-standard","has-post-thumbnail","hentry","category-corinthians","category-flamengo"],"yoast_head":"<!-- This site is optimized with the Yoast SEO Premium plugin v24.2 (Yoast SEO v26.9) - https:\/\/yoast.com\/product\/yoast-seo-premium-wordpress\/ -->\n<title>Corinthians pode contratar t\u00e9cnico ex-Flamengo<\/title>\n<meta name=\"robots\" content=\"index, follow, max-snippet:-1, max-image-preview:large, max-video-preview:-1\" \/>\n<link rel=\"canonical\" href=\"https:\/\/www.gaveanews.com\/index.php\/2025\/03\/08\/corinthians-pode-contratar-tecnico-ex-flamengo\/\" \/>\n<meta property=\"og:locale\" content=\"pt_BR\" \/>\n<meta property=\"og:type\" content=\"article\" \/>\n<meta property=\"og:title\" content=\"Corinthians pode contratar t\u00e9cnico ex-Flamengo\" \/>\n<meta property=\"og:description\" content=\"O Corinthians vive um momento delicado em sua trajet\u00f3ria esportiva. A equipe precisa enfrentar o Santos nas semifinais do Campeonato Paulista, enquanto tamb\u00e9m se prepara para reverter a desvantagem de 3 a 0 contra o Barcelona de Guayaquil, pela Copa Libertadores. Al\u00e9m disso, as aten\u00e7\u00f5es se voltam para o futuro t\u00e9cnico da equipe, caso os [&hellip;]\" \/>\n<meta property=\"og:url\" content=\"https:\/\/www.gaveanews.com\/index.php\/2025\/03\/08\/corinthians-pode-contratar-tecnico-ex-flamengo\/\" \/>\n<meta property=\"og:site_name\" content=\"G\u00e1vea News\" \/>\n<meta property=\"article:publisher\" content=\"https:\/\/facebook.com\/gaveaNews\/\" \/>\n<meta property=\"article:published_time\" content=\"2025-03-08T16:18:18+00:00\" \/>\n<meta property=\"article:modified_time\" content=\"2025-03-08T16:18:21+00:00\" \/>\n<meta property=\"og:image\" content=\"http:\/\/www.gaveanews.com\/wp-content\/uploads\/Escudos-de-Flamengo-e-Corinthians.webp\" \/>\n\t<meta property=\"og:image:width\" content=\"1200\" \/>\n\t<meta property=\"og:image:height\" content=\"798\" \/>\n\t<meta property=\"og:image:type\" content=\"image\/webp\" \/>\n<meta name=\"author\" content=\"Hudson Pereira\" \/>\n<meta name=\"twitter:card\" content=\"summary_large_image\" \/>\n<meta name=\"twitter:label1\" content=\"Escrito por\" \/>\n\t<meta name=\"twitter:data1\" content=\"Hudson Pereira\" \/>\n\t<meta name=\"twitter:label2\" content=\"Est. tempo de leitura\" \/>\n\t<meta name=\"twitter:data2\" content=\"3 minutos\" \/>\n<script type=\"application\/ld+json\" class=\"yoast-schema-graph\">{\"@context\":\"https:\/\/schema.org\",\"@graph\":[{\"@type\":\"NewsArticle\",\"@id\":\"https:\/\/www.gaveanews.com\/index.php\/2025\/03\/08\/corinthians-pode-contratar-tecnico-ex-flamengo\/#article\",\"isPartOf\":{\"@id\":\"https:\/\/www.gaveanews.com\/index.php\/2025\/03\/08\/corinthians-pode-contratar-tecnico-ex-flamengo\/\"},\"author\":{\"name\":\"Hudson Pereira\",\"@id\":\"https:\/\/www.gaveanews.com\/#\/schema\/person\/bd08f00534b403119b92741a6d469ef0\"},\"headline\":\"Corinthians pode contratar t\u00e9cnico ex-Flamengo\",\"datePublished\":\"2025-03-08T16:18:18+00:00\",\"dateModified\":\"2025-03-08T16:18:21+00:00\",\"mainEntityOfPage\":{\"@id\":\"https:\/\/www.gaveanews.com\/index.php\/2025\/03\/08\/corinthians-pode-contratar-tecnico-ex-flamengo\/\"},\"wordCount\":476,\"commentCount\":0,\"image\":{\"@id\":\"https:\/\/www.gaveanews.com\/index.php\/2025\/03\/08\/corinthians-pode-contratar-tecnico-ex-flamengo\/#primaryimage\"},\"thumbnailUrl\":\"https:\/\/www.gaveanews.com\/wp-content\/uploads\/Escudos-de-Flamengo-e-Corinthians.webp\",\"articleSection\":[\"Corinthians\",\"Flamengo\"],\"inLanguage\":\"pt-BR\",\"potentialAction\":[{\"@type\":\"CommentAction\",\"name\":\"Comment\",\"target\":[\"https:\/\/www.gaveanews.com\/index.php\/2025\/03\/08\/corinthians-pode-contratar-tecnico-ex-flamengo\/#respond\"]}],\"copyrightYear\":\"2025\",\"copyrightHolder\":{\"@id\":\"https:\/\/www.gaveanews.com\/#organization\"}},{\"@type\":\"WebPage\",\"@id\":\"https:\/\/www.gaveanews.com\/index.php\/2025\/03\/08\/corinthians-pode-contratar-tecnico-ex-flamengo\/\",\"url\":\"https:\/\/www.gaveanews.com\/index.php\/2025\/03\/08\/corinthians-pode-contratar-tecnico-ex-flamengo\/\",\"name\":\"Corinthians pode contratar t\u00e9cnico ex-Flamengo\",\"isPartOf\":{\"@id\":\"https:\/\/www.gaveanews.com\/#website\"},\"primaryImageOfPage\":{\"@id\":\"https:\/\/www.gaveanews.com\/index.php\/2025\/03\/08\/corinthians-pode-contratar-tecnico-ex-flamengo\/#primaryimage\"},\"image\":{\"@id\":\"https:\/\/www.gaveanews.com\/index.php\/2025\/03\/08\/corinthians-pode-contratar-tecnico-ex-flamengo\/#primaryimage\"},\"thumbnailUrl\":\"https:\/\/www.gaveanews.com\/wp-content\/uploads\/Escudos-de-Flamengo-e-Corinthians.webp\",\"datePublished\":\"2025-03-08T16:18:18+00:00\",\"dateModified\":\"2025-03-08T16:18:21+00:00\",\"author\":{\"@id\":\"https:\/\/www.gaveanews.com\/#\/schema\/person\/bd08f00534b403119b92741a6d469ef0\"},\"breadcrumb\":{\"@id\":\"https:\/\/www.gaveanews.com\/index.php\/2025\/03\/08\/corinthians-pode-contratar-tecnico-ex-flamengo\/#breadcrumb\"},\"inLanguage\":\"pt-BR\",\"potentialAction\":[{\"@type\":\"ReadAction\",\"target\":[\"https:\/\/www.gaveanews.com\/index.php\/2025\/03\/08\/corinthians-pode-contratar-tecnico-ex-flamengo\/\"]}]},{\"@type\":\"ImageObject\",\"inLanguage\":\"pt-BR\",\"@id\":\"https:\/\/www.gaveanews.com\/index.php\/2025\/03\/08\/corinthians-pode-contratar-tecnico-ex-flamengo\/#primaryimage\",\"url\":\"https:\/\/www.gaveanews.com\/wp-content\/uploads\/Escudos-de-Flamengo-e-Corinthians.webp\",\"contentUrl\":\"https:\/\/www.gaveanews.com\/wp-content\/uploads\/Escudos-de-Flamengo-e-Corinthians.webp\",\"width\":1200,\"height\":798,\"caption\":\"Escudos de Flamengo e Corinthians (Foto: Reprodu\u00e7\u00e3o)\"},{\"@type\":\"BreadcrumbList\",\"@id\":\"https:\/\/www.gaveanews.com\/index.php\/2025\/03\/08\/corinthians-pode-contratar-tecnico-ex-flamengo\/#breadcrumb\",\"itemListElement\":[{\"@type\":\"ListItem\",\"position\":1,\"name\":\"Home\",\"item\":\"https:\/\/www.gaveanews.com\/\"},{\"@type\":\"ListItem\",\"position\":2,\"name\":\"Corinthians pode contratar t\u00e9cnico ex-Flamengo\"}]},{\"@type\":\"WebSite\",\"@id\":\"https:\/\/www.gaveanews.com\/#website\",\"url\":\"https:\/\/www.gaveanews.com\/\",\"name\":\"G\u00e1vea News\",\"description\":\"Veja todas as not\u00edcias sobre o Flamengo: Contrata\u00e7\u00f5es, categorias de base, resultados das partidas, tabela de classifica\u00e7\u00e3o, pr\u00f3ximos jogos!\",\"potentialAction\":[{\"@type\":\"SearchAction\",\"target\":{\"@type\":\"EntryPoint\",\"urlTemplate\":\"https:\/\/www.gaveanews.com\/?s={search_term_string}\"},\"query-input\":{\"@type\":\"PropertyValueSpecification\",\"valueRequired\":true,\"valueName\":\"search_term_string\"}}],\"inLanguage\":\"pt-BR\"},{\"@type\":\"Person\",\"@id\":\"https:\/\/www.gaveanews.com\/#\/schema\/person\/bd08f00534b403119b92741a6d469ef0\",\"name\":\"Hudson Pereira\",\"image\":{\"@type\":\"ImageObject\",\"inLanguage\":\"pt-BR\",\"@id\":\"https:\/\/www.gaveanews.com\/#\/schema\/person\/image\/\",\"url\":\"https:\/\/secure.gravatar.com\/avatar\/ecc491b489e454e510efffc9b23c1052ce5fb4f2e05555768ba65819cd55f03e?s=96&d=mm&r=g\",\"contentUrl\":\"https:\/\/secure.gravatar.com\/avatar\/ecc491b489e454e510efffc9b23c1052ce5fb4f2e05555768ba65819cd55f03e?s=96&d=mm&r=g\",\"caption\":\"Hudson Pereira\"}}]}<\/script>\n<!-- \/ Yoast SEO Premium plugin. -->","yoast_head_json":{"title":"Corinthians pode contratar t\u00e9cnico ex-Flamengo","robots":{"index":"index","follow":"follow","max-snippet":"max-snippet:-1","max-image-preview":"max-image-preview:large","max-video-preview":"max-video-preview:-1"},"canonical":"https:\/\/www.gaveanews.com\/index.php\/2025\/03\/08\/corinthians-pode-contratar-tecnico-ex-flamengo\/","og_locale":"pt_BR","og_type":"article","og_title":"Corinthians pode contratar t\u00e9cnico ex-Flamengo","og_description":"O Corinthians vive um momento delicado em sua trajet\u00f3ria esportiva. A equipe precisa enfrentar o Santos nas semifinais do Campeonato Paulista, enquanto tamb\u00e9m se prepara para reverter a desvantagem de 3 a 0 contra o Barcelona de Guayaquil, pela Copa Libertadores. Al\u00e9m disso, as aten\u00e7\u00f5es se voltam para o futuro t\u00e9cnico da equipe, caso os [&hellip;]","og_url":"https:\/\/www.gaveanews.com\/index.php\/2025\/03\/08\/corinthians-pode-contratar-tecnico-ex-flamengo\/","og_site_name":"G\u00e1vea News","article_publisher":"https:\/\/facebook.com\/gaveaNews\/","article_published_time":"2025-03-08T16:18:18+00:00","article_modified_time":"2025-03-08T16:18:21+00:00","og_image":[{"width":1200,"height":798,"url":"http:\/\/www.gaveanews.com\/wp-content\/uploads\/Escudos-de-Flamengo-e-Corinthians.webp","type":"image\/webp"}],"author":"Hudson Pereira","twitter_card":"summary_large_image","twitter_misc":{"Escrito por":"Hudson Pereira","Est. tempo de leitura":"3 minutos"},"schema":{"@context":"https:\/\/schema.org","@graph":[{"@type":"NewsArticle","@id":"https:\/\/www.gaveanews.com\/index.php\/2025\/03\/08\/corinthians-pode-contratar-tecnico-ex-flamengo\/#article","isPartOf":{"@id":"https:\/\/www.gaveanews.com\/index.php\/2025\/03\/08\/corinthians-pode-contratar-tecnico-ex-flamengo\/"},"author":{"name":"Hudson Pereira","@id":"https:\/\/www.gaveanews.com\/#\/schema\/person\/bd08f00534b403119b92741a6d469ef0"},"headline":"Corinthians pode contratar t\u00e9cnico ex-Flamengo","datePublished":"2025-03-08T16:18:18+00:00","dateModified":"2025-03-08T16:18:21+00:00","mainEntityOfPage":{"@id":"https:\/\/www.gaveanews.com\/index.php\/2025\/03\/08\/corinthians-pode-contratar-tecnico-ex-flamengo\/"},"wordCount":476,"commentCount":0,"image":{"@id":"https:\/\/www.gaveanews.com\/index.php\/2025\/03\/08\/corinthians-pode-contratar-tecnico-ex-flamengo\/#primaryimage"},"thumbnailUrl":"https:\/\/www.gaveanews.com\/wp-content\/uploads\/Escudos-de-Flamengo-e-Corinthians.webp","articleSection":["Corinthians","Flamengo"],"inLanguage":"pt-BR","potentialAction":[{"@type":"CommentAction","name":"Comment","target":["https:\/\/www.gaveanews.com\/index.php\/2025\/03\/08\/corinthians-pode-contratar-tecnico-ex-flamengo\/#respond"]}],"copyrightYear":"2025","copyrightHolder":{"@id":"https:\/\/www.gaveanews.com\/#organization"}},{"@type":"WebPage","@id":"https:\/\/www.gaveanews.com\/index.php\/2025\/03\/08\/corinthians-pode-contratar-tecnico-ex-flamengo\/","url":"https:\/\/www.gaveanews.com\/index.php\/2025\/03\/08\/corinthians-pode-contratar-tecnico-ex-flamengo\/","name":"Corinthians pode contratar t\u00e9cnico ex-Flamengo","isPartOf":{"@id":"https:\/\/www.gaveanews.com\/#website"},"primaryImageOfPage":{"@id":"https:\/\/www.gaveanews.com\/index.php\/2025\/03\/08\/corinthians-pode-contratar-tecnico-ex-flamengo\/#primaryimage"},"image":{"@id":"https:\/\/www.gaveanews.com\/index.php\/2025\/03\/08\/corinthians-pode-contratar-tecnico-ex-flamengo\/#primaryimage"},"thumbnailUrl":"https:\/\/www.gaveanews.com\/wp-content\/uploads\/Escudos-de-Flamengo-e-Corinthians.webp","datePublished":"2025-03-08T16:18:18+00:00","dateModified":"2025-03-08T16:18:21+00:00","author":{"@id":"https:\/\/www.gaveanews.com\/#\/schema\/person\/bd08f00534b403119b92741a6d469ef0"},"breadcrumb":{"@id":"https:\/\/www.gaveanews.com\/index.php\/2025\/03\/08\/corinthians-pode-contratar-tecnico-ex-flamengo\/#breadcrumb"},"inLanguage":"pt-BR","potentialAction":[{"@type":"ReadAction","target":["https:\/\/www.gaveanews.com\/index.php\/2025\/03\/08\/corinthians-pode-contratar-tecnico-ex-flamengo\/"]}]},{"@type":"ImageObject","inLanguage":"pt-BR","@id":"https:\/\/www.gaveanews.com\/index.php\/2025\/03\/08\/corinthians-pode-contratar-tecnico-ex-flamengo\/#primaryimage","url":"https:\/\/www.gaveanews.com\/wp-content\/uploads\/Escudos-de-Flamengo-e-Corinthians.webp","contentUrl":"https:\/\/www.gaveanews.com\/wp-content\/uploads\/Escudos-de-Flamengo-e-Corinthians.webp","width":1200,"height":798,"caption":"Escudos de Flamengo e Corinthians (Foto: Reprodu\u00e7\u00e3o)"},{"@type":"BreadcrumbList","@id":"https:\/\/www.gaveanews.com\/index.php\/2025\/03\/08\/corinthians-pode-contratar-tecnico-ex-flamengo\/#breadcrumb","itemListElement":[{"@type":"ListItem","position":1,"name":"Home","item":"https:\/\/www.gaveanews.com\/"},{"@type":"ListItem","position":2,"name":"Corinthians pode contratar t\u00e9cnico ex-Flamengo"}]},{"@type":"WebSite","@id":"https:\/\/www.gaveanews.com\/#website","url":"https:\/\/www.gaveanews.com\/","name":"G\u00e1vea News","description":"Veja todas as not\u00edcias sobre o Flamengo: Contrata\u00e7\u00f5es, categorias de base, resultados das partidas, tabela de classifica\u00e7\u00e3o, pr\u00f3ximos jogos!","potentialAction":[{"@type":"SearchAction","target":{"@type":"EntryPoint","urlTemplate":"https:\/\/www.gaveanews.com\/?s={search_term_string}"},"query-input":{"@type":"PropertyValueSpecification","valueRequired":true,"valueName":"search_term_string"}}],"inLanguage":"pt-BR"},{"@type":"Person","@id":"https:\/\/www.gaveanews.com\/#\/schema\/person\/bd08f00534b403119b92741a6d469ef0","name":"Hudson Pereira","image":{"@type":"ImageObject","inLanguage":"pt-BR","@id":"https:\/\/www.gaveanews.com\/#\/schema\/person\/image\/","url":"https:\/\/secure.gravatar.com\/avatar\/ecc491b489e454e510efffc9b23c1052ce5fb4f2e05555768ba65819cd55f03e?s=96&d=mm&r=g","contentUrl":"https:\/\/secure.gravatar.com\/avatar\/ecc491b489e454e510efffc9b23c1052ce5fb4f2e05555768ba65819cd55f03e?s=96&d=mm&r=g","caption":"Hudson Pereira"}}]}},"_links":{"self":[{"href":"https:\/\/www.gaveanews.com\/index.php\/wp-json\/wp\/v2\/posts\/237490","targetHints":{"allow":["GET"]}}],"collection":[{"href":"https:\/\/www.gaveanews.com\/index.php\/wp-json\/wp\/v2\/posts"}],"about":[{"href":"https:\/\/www.gaveanews.com\/index.php\/wp-json\/wp\/v2\/types\/post"}],"author":[{"embeddable":true,"href":"https:\/\/www.gaveanews.com\/index.php\/wp-json\/wp\/v2\/users\/28"}],"replies":[{"embeddable":true,"href":"https:\/\/www.gaveanews.com\/index.php\/wp-json\/wp\/v2\/comments?post=237490"}],"version-history":[{"count":2,"href":"https:\/\/www.gaveanews.com\/index.php\/wp-json\/wp\/v2\/posts\/237490\/revisions"}],"predecessor-version":[{"id":237492,"href":"https:\/\/www.gaveanews.com\/index.php\/wp-json\/wp\/v2\/posts\/237490\/revisions\/237492"}],"wp:featuredmedia":[{"embeddable":true,"href":"https:\/\/www.gaveanews.com\/index.php\/wp-json\/wp\/v2\/media\/147346"}],"wp:attachment":[{"href":"https:\/\/www.gaveanews.com\/index.php\/wp-json\/wp\/v2\/media?parent=237490"}],"wp:term":[{"taxonomy":"category","embeddable":true,"href":"https:\/\/www.gaveanews.com\/index.php\/wp-json\/wp\/v2\/categories?post=237490"},{"taxonomy":"post_tag","embeddable":true,"href":"https:\/\/www.gaveanews.com\/index.php\/wp-json\/wp\/v2\/tags?post=237490"}],"curies":[{"name":"wp","href":"https:\/\/api.w.org\/{rel}","templated":true}]}}