{"id":237493,"date":"2025-03-08T13:50:35","date_gmt":"2025-03-08T16:50:35","guid":{"rendered":"https:\/\/www.gaveanews.com\/?p=237493"},"modified":"2025-03-08T13:18:30","modified_gmt":"2025-03-08T16:18:30","slug":"palmeiras-vitor-roque-revela-atitude-de-abel-ferreira","status":"publish","type":"post","link":"https:\/\/www.gaveanews.com\/index.php\/2025\/03\/08\/palmeiras-vitor-roque-revela-atitude-de-abel-ferreira\/","title":{"rendered":"Palmeiras: Vitor Roque revela atitude de Abel Ferreira"},"content":{"rendered":"\n<p>Na tarde desta sexta-feira (7), o atacante Vitor Roque foi apresentado como jogador do Palmeiras, sendo recebido com entusiasmo pela diretoria e comiss\u00e3o t\u00e9cnica. Durante a ocasi\u00e3o, o novo refor\u00e7o falou sobre sua adapta\u00e7\u00e3o ao clube e esclareceu quest\u00f5es relacionadas ao gramado sint\u00e9tico do Allianz Parque.<\/p>\n\n\n\n<p>Nesse sentido, a quest\u00e3o do piso artificial ganhou destaque nos \u00faltimos dias, especialmente ap\u00f3s declara\u00e7\u00f5es de outros jogadores brasileiros contr\u00e1rios \u00e0 utiliza\u00e7\u00e3o dessa superf\u00edcie. Contudo, Vitor Roque demonstrou tranquilidade ao ser questionado sobre o tema. <\/p>\n\n\n\n<p>O atleta afirmou que j\u00e1 possui experi\u00eancia no uso desse tipo de campo, tendo atuado por dois anos no Athletico-PR. Ele explicou que prefere um bom sint\u00e9tico a um gramado natural mal conservado. Essa afirma\u00e7\u00e3o revela uma perspectiva pragm\u00e1tica em rela\u00e7\u00e3o \u00e0s condi\u00e7\u00f5es de jogo.<\/p>\n\n\n\n<h2 class=\"wp-block-heading\" id=\"h-convivencia-com-abel-ferreira-e-expectativas\">Conviv\u00eancia com Abel Ferreira e expectativas <\/h2>\n\n\n\n<p>Al\u00e9m disso, o di\u00e1logo entre Roque e o t\u00e9cnico Abel Ferreira trouxe momentos descontra\u00eddos. O treinador portugu\u00eas mencionou a semifinal da Libertadores de 2022, quando o Athletico-PR eliminou o Palmeiras no est\u00e1dio. <\/p>\n\n\n\n<p>Mesmo assim, o jovem atacante destacou seu compromisso em contribuir para o sucesso alviverde. \u201c\u201cPor mais que n\u00e3o pare\u00e7a, sou t\u00edmido, estou nervoso. O Abel brincou comigo na minha primeira liga\u00e7\u00e3o, sobre a Libertadores, mas agora \u00e9 ajudar ao m\u00e1ximo e me consagrar com t\u00edtulos\u201d, declarou.<\/p>\n\n\n\n<p>O in\u00edcio da trajet\u00f3ria de Roque no Palmeiras incluiu uma fase inicial de conviv\u00eancia com Abel Ferreira. O atacante relatou que o ambiente tem proporcionado aprendizado constante, al\u00e9m de uma evolu\u00e7\u00e3o gradual na compreens\u00e3o do estilo de jogo implementado pelo t\u00e9cnico. <\/p>\n\n\n\n<p>Ainda assim, ele reconhece que esse processo demandar\u00e1 tempo. \u201cEstou muito feliz, tenho certeza que vou aprender mais e mais. J\u00e1 entendi um pouco de como ele gosta de jogar e vou me seguir dedicando para crescer dentro do tempo\u201d, complementou.<\/p>\n\n\n\n<figure class=\"wp-block-image size-full\"><img loading=\"lazy\" decoding=\"async\" width=\"870\" height=\"458\" src=\"http:\/\/www.gaveanews.com\/wp-content\/uploads\/Abel-Ferreira-tecnico-do-Palmeiras.webp\" alt=\"\" class=\"wp-image-141983\" srcset=\"https:\/\/www.gaveanews.com\/wp-content\/uploads\/Abel-Ferreira-tecnico-do-Palmeiras.webp 870w, https:\/\/www.gaveanews.com\/wp-content\/uploads\/Abel-Ferreira-tecnico-do-Palmeiras-300x158.webp 300w, https:\/\/www.gaveanews.com\/wp-content\/uploads\/Abel-Ferreira-tecnico-do-Palmeiras-768x404.webp 768w, https:\/\/www.gaveanews.com\/wp-content\/uploads\/Abel-Ferreira-tecnico-do-Palmeiras-798x420.webp 798w, https:\/\/www.gaveanews.com\/wp-content\/uploads\/Abel-Ferreira-tecnico-do-Palmeiras-640x337.webp 640w, https:\/\/www.gaveanews.com\/wp-content\/uploads\/Abel-Ferreira-tecnico-do-Palmeiras-681x359.webp 681w, https:\/\/www.gaveanews.com\/wp-content\/uploads\/Abel-Ferreira-tecnico-do-Palmeiras-100x53.webp 100w\" sizes=\"auto, (max-width: 870px) 100vw, 870px\" \/><figcaption class=\"wp-element-caption\">Abel Ferreira &#8211; Foto: C\u00e9sar Greco \/ Palmeiras<\/figcaption><\/figure>\n\n\n\n<h2 class=\"wp-block-heading\" id=\"h-proximos-jogos-do-palmeiras\">Pr\u00f3ximos jogos do Palmeiras<\/h2>\n\n\n\n<p>O calend\u00e1rio do Verd\u00e3o segue movimentado, com compromissos importantes no curto prazo. No domingo (10), o time enfrentar\u00e1 o S\u00e3o Paulo, em partida v\u00e1lida pelo Campeonato Paulista. Este confronto representa um dos primeiros testes oficiais para o elenco comandado por Abel Ferreira, agora refor\u00e7ado por Vitor Roque.<\/p>\n\n\n\n<p>Ap\u00f3s o cl\u00e1ssico contra o rival paulista, o Palmeiras se prepara para iniciar sua campanha no Campeonato Brasileiro. Embora as datas exatas ainda estejam em defini\u00e7\u00e3o, a sequ\u00eancia da agenda inclui um duelo fora de casa contra o Sport. Esse compromisso faz parte da programa\u00e7\u00e3o prevista para o torneio nacional, mantendo o foco total da equipe alviverde.<\/p>\n","protected":false},"excerpt":{"rendered":"<p>Na tarde desta sexta-feira (7), o atacante Vitor Roque foi apresentado como jogador do Palmeiras, sendo recebido com entusiasmo pela diretoria e comiss\u00e3o t\u00e9cnica. Durante a ocasi\u00e3o, o novo refor\u00e7o falou sobre sua adapta\u00e7\u00e3o ao clube e esclareceu quest\u00f5es relacionadas ao gramado sint\u00e9tico do Allianz Parque. Nesse sentido, a quest\u00e3o do piso artificial ganhou destaque [&hellip;]<\/p>\n","protected":false},"author":28,"featured_media":236329,"comment_status":"open","ping_status":"closed","sticky":false,"template":"","format":"standard","meta":{"footnotes":""},"categories":[150],"tags":[],"class_list":["post-237493","post","type-post","status-publish","format-standard","has-post-thumbnail","hentry","category-palmeiras"],"yoast_head":"<!-- This site is optimized with the Yoast SEO Premium plugin v24.2 (Yoast SEO v26.9) - https:\/\/yoast.com\/product\/yoast-seo-premium-wordpress\/ -->\n<title>Palmeiras: Vitor Roque revela atitude de Abel Ferreira<\/title>\n<meta name=\"robots\" content=\"index, follow, max-snippet:-1, max-image-preview:large, max-video-preview:-1\" \/>\n<link rel=\"canonical\" href=\"https:\/\/www.gaveanews.com\/index.php\/2025\/03\/08\/palmeiras-vitor-roque-revela-atitude-de-abel-ferreira\/\" \/>\n<meta property=\"og:locale\" content=\"pt_BR\" \/>\n<meta property=\"og:type\" content=\"article\" \/>\n<meta property=\"og:title\" content=\"Palmeiras: Vitor Roque revela atitude de Abel Ferreira\" \/>\n<meta property=\"og:description\" content=\"Na tarde desta sexta-feira (7), o atacante Vitor Roque foi apresentado como jogador do Palmeiras, sendo recebido com entusiasmo pela diretoria e comiss\u00e3o t\u00e9cnica. Durante a ocasi\u00e3o, o novo refor\u00e7o falou sobre sua adapta\u00e7\u00e3o ao clube e esclareceu quest\u00f5es relacionadas ao gramado sint\u00e9tico do Allianz Parque. Nesse sentido, a quest\u00e3o do piso artificial ganhou destaque [&hellip;]\" \/>\n<meta property=\"og:url\" content=\"https:\/\/www.gaveanews.com\/index.php\/2025\/03\/08\/palmeiras-vitor-roque-revela-atitude-de-abel-ferreira\/\" \/>\n<meta property=\"og:site_name\" content=\"G\u00e1vea News\" \/>\n<meta property=\"article:publisher\" content=\"https:\/\/facebook.com\/gaveaNews\/\" \/>\n<meta property=\"article:published_time\" content=\"2025-03-08T16:50:35+00:00\" \/>\n<meta property=\"og:image\" content=\"https:\/\/www.gaveanews.com\/wp-content\/uploads\/Vitor-Roque-pelo-Palmeiras.webp\" \/>\n\t<meta property=\"og:image:width\" content=\"850\" \/>\n\t<meta property=\"og:image:height\" content=\"585\" \/>\n\t<meta property=\"og:image:type\" content=\"image\/jpeg\" \/>\n<meta name=\"author\" content=\"Hudson Pereira\" \/>\n<meta name=\"twitter:card\" content=\"summary_large_image\" \/>\n<meta name=\"twitter:label1\" content=\"Escrito por\" \/>\n\t<meta name=\"twitter:data1\" content=\"Hudson Pereira\" \/>\n\t<meta name=\"twitter:label2\" content=\"Est. tempo de leitura\" \/>\n\t<meta name=\"twitter:data2\" content=\"3 minutos\" \/>\n<script type=\"application\/ld+json\" class=\"yoast-schema-graph\">{\"@context\":\"https:\/\/schema.org\",\"@graph\":[{\"@type\":\"NewsArticle\",\"@id\":\"https:\/\/www.gaveanews.com\/index.php\/2025\/03\/08\/palmeiras-vitor-roque-revela-atitude-de-abel-ferreira\/#article\",\"isPartOf\":{\"@id\":\"https:\/\/www.gaveanews.com\/index.php\/2025\/03\/08\/palmeiras-vitor-roque-revela-atitude-de-abel-ferreira\/\"},\"author\":{\"name\":\"Hudson Pereira\",\"@id\":\"https:\/\/www.gaveanews.com\/#\/schema\/person\/bd08f00534b403119b92741a6d469ef0\"},\"headline\":\"Palmeiras: Vitor Roque revela atitude de Abel Ferreira\",\"datePublished\":\"2025-03-08T16:50:35+00:00\",\"mainEntityOfPage\":{\"@id\":\"https:\/\/www.gaveanews.com\/index.php\/2025\/03\/08\/palmeiras-vitor-roque-revela-atitude-de-abel-ferreira\/\"},\"wordCount\":461,\"commentCount\":0,\"image\":{\"@id\":\"https:\/\/www.gaveanews.com\/index.php\/2025\/03\/08\/palmeiras-vitor-roque-revela-atitude-de-abel-ferreira\/#primaryimage\"},\"thumbnailUrl\":\"https:\/\/www.gaveanews.com\/wp-content\/uploads\/Vitor-Roque-pelo-Palmeiras.webp\",\"articleSection\":[\"Palmeiras\"],\"inLanguage\":\"pt-BR\",\"potentialAction\":[{\"@type\":\"CommentAction\",\"name\":\"Comment\",\"target\":[\"https:\/\/www.gaveanews.com\/index.php\/2025\/03\/08\/palmeiras-vitor-roque-revela-atitude-de-abel-ferreira\/#respond\"]}],\"copyrightYear\":\"2025\",\"copyrightHolder\":{\"@id\":\"https:\/\/www.gaveanews.com\/#organization\"}},{\"@type\":\"WebPage\",\"@id\":\"https:\/\/www.gaveanews.com\/index.php\/2025\/03\/08\/palmeiras-vitor-roque-revela-atitude-de-abel-ferreira\/\",\"url\":\"https:\/\/www.gaveanews.com\/index.php\/2025\/03\/08\/palmeiras-vitor-roque-revela-atitude-de-abel-ferreira\/\",\"name\":\"Palmeiras: Vitor Roque revela atitude de Abel Ferreira\",\"isPartOf\":{\"@id\":\"https:\/\/www.gaveanews.com\/#website\"},\"primaryImageOfPage\":{\"@id\":\"https:\/\/www.gaveanews.com\/index.php\/2025\/03\/08\/palmeiras-vitor-roque-revela-atitude-de-abel-ferreira\/#primaryimage\"},\"image\":{\"@id\":\"https:\/\/www.gaveanews.com\/index.php\/2025\/03\/08\/palmeiras-vitor-roque-revela-atitude-de-abel-ferreira\/#primaryimage\"},\"thumbnailUrl\":\"https:\/\/www.gaveanews.com\/wp-content\/uploads\/Vitor-Roque-pelo-Palmeiras.webp\",\"datePublished\":\"2025-03-08T16:50:35+00:00\",\"author\":{\"@id\":\"https:\/\/www.gaveanews.com\/#\/schema\/person\/bd08f00534b403119b92741a6d469ef0\"},\"breadcrumb\":{\"@id\":\"https:\/\/www.gaveanews.com\/index.php\/2025\/03\/08\/palmeiras-vitor-roque-revela-atitude-de-abel-ferreira\/#breadcrumb\"},\"inLanguage\":\"pt-BR\",\"potentialAction\":[{\"@type\":\"ReadAction\",\"target\":[\"https:\/\/www.gaveanews.com\/index.php\/2025\/03\/08\/palmeiras-vitor-roque-revela-atitude-de-abel-ferreira\/\"]}]},{\"@type\":\"ImageObject\",\"inLanguage\":\"pt-BR\",\"@id\":\"https:\/\/www.gaveanews.com\/index.php\/2025\/03\/08\/palmeiras-vitor-roque-revela-atitude-de-abel-ferreira\/#primaryimage\",\"url\":\"https:\/\/www.gaveanews.com\/wp-content\/uploads\/Vitor-Roque-pelo-Palmeiras.webp\",\"contentUrl\":\"https:\/\/www.gaveanews.com\/wp-content\/uploads\/Vitor-Roque-pelo-Palmeiras.webp\",\"width\":850,\"height\":585,\"caption\":\"Vitor Roque pelo Palmeiras (Foto: Cesar Greco\/Palmeiras)\"},{\"@type\":\"BreadcrumbList\",\"@id\":\"https:\/\/www.gaveanews.com\/index.php\/2025\/03\/08\/palmeiras-vitor-roque-revela-atitude-de-abel-ferreira\/#breadcrumb\",\"itemListElement\":[{\"@type\":\"ListItem\",\"position\":1,\"name\":\"Home\",\"item\":\"https:\/\/www.gaveanews.com\/\"},{\"@type\":\"ListItem\",\"position\":2,\"name\":\"Palmeiras: Vitor Roque revela atitude de Abel Ferreira\"}]},{\"@type\":\"WebSite\",\"@id\":\"https:\/\/www.gaveanews.com\/#website\",\"url\":\"https:\/\/www.gaveanews.com\/\",\"name\":\"G\u00e1vea News\",\"description\":\"Veja todas as not\u00edcias sobre o Flamengo: Contrata\u00e7\u00f5es, categorias de base, resultados das partidas, tabela de classifica\u00e7\u00e3o, pr\u00f3ximos jogos!\",\"potentialAction\":[{\"@type\":\"SearchAction\",\"target\":{\"@type\":\"EntryPoint\",\"urlTemplate\":\"https:\/\/www.gaveanews.com\/?s={search_term_string}\"},\"query-input\":{\"@type\":\"PropertyValueSpecification\",\"valueRequired\":true,\"valueName\":\"search_term_string\"}}],\"inLanguage\":\"pt-BR\"},{\"@type\":\"Person\",\"@id\":\"https:\/\/www.gaveanews.com\/#\/schema\/person\/bd08f00534b403119b92741a6d469ef0\",\"name\":\"Hudson Pereira\",\"image\":{\"@type\":\"ImageObject\",\"inLanguage\":\"pt-BR\",\"@id\":\"https:\/\/www.gaveanews.com\/#\/schema\/person\/image\/\",\"url\":\"https:\/\/secure.gravatar.com\/avatar\/ecc491b489e454e510efffc9b23c1052ce5fb4f2e05555768ba65819cd55f03e?s=96&d=mm&r=g\",\"contentUrl\":\"https:\/\/secure.gravatar.com\/avatar\/ecc491b489e454e510efffc9b23c1052ce5fb4f2e05555768ba65819cd55f03e?s=96&d=mm&r=g\",\"caption\":\"Hudson Pereira\"}}]}<\/script>\n<!-- \/ Yoast SEO Premium plugin. -->","yoast_head_json":{"title":"Palmeiras: Vitor Roque revela atitude de Abel Ferreira","robots":{"index":"index","follow":"follow","max-snippet":"max-snippet:-1","max-image-preview":"max-image-preview:large","max-video-preview":"max-video-preview:-1"},"canonical":"https:\/\/www.gaveanews.com\/index.php\/2025\/03\/08\/palmeiras-vitor-roque-revela-atitude-de-abel-ferreira\/","og_locale":"pt_BR","og_type":"article","og_title":"Palmeiras: Vitor Roque revela atitude de Abel Ferreira","og_description":"Na tarde desta sexta-feira (7), o atacante Vitor Roque foi apresentado como jogador do Palmeiras, sendo recebido com entusiasmo pela diretoria e comiss\u00e3o t\u00e9cnica. Durante a ocasi\u00e3o, o novo refor\u00e7o falou sobre sua adapta\u00e7\u00e3o ao clube e esclareceu quest\u00f5es relacionadas ao gramado sint\u00e9tico do Allianz Parque. Nesse sentido, a quest\u00e3o do piso artificial ganhou destaque [&hellip;]","og_url":"https:\/\/www.gaveanews.com\/index.php\/2025\/03\/08\/palmeiras-vitor-roque-revela-atitude-de-abel-ferreira\/","og_site_name":"G\u00e1vea News","article_publisher":"https:\/\/facebook.com\/gaveaNews\/","article_published_time":"2025-03-08T16:50:35+00:00","og_image":[{"width":850,"height":585,"url":"https:\/\/www.gaveanews.com\/wp-content\/uploads\/Vitor-Roque-pelo-Palmeiras.webp","type":"image\/jpeg"}],"author":"Hudson Pereira","twitter_card":"summary_large_image","twitter_misc":{"Escrito por":"Hudson Pereira","Est. tempo de leitura":"3 minutos"},"schema":{"@context":"https:\/\/schema.org","@graph":[{"@type":"NewsArticle","@id":"https:\/\/www.gaveanews.com\/index.php\/2025\/03\/08\/palmeiras-vitor-roque-revela-atitude-de-abel-ferreira\/#article","isPartOf":{"@id":"https:\/\/www.gaveanews.com\/index.php\/2025\/03\/08\/palmeiras-vitor-roque-revela-atitude-de-abel-ferreira\/"},"author":{"name":"Hudson Pereira","@id":"https:\/\/www.gaveanews.com\/#\/schema\/person\/bd08f00534b403119b92741a6d469ef0"},"headline":"Palmeiras: Vitor Roque revela atitude de Abel Ferreira","datePublished":"2025-03-08T16:50:35+00:00","mainEntityOfPage":{"@id":"https:\/\/www.gaveanews.com\/index.php\/2025\/03\/08\/palmeiras-vitor-roque-revela-atitude-de-abel-ferreira\/"},"wordCount":461,"commentCount":0,"image":{"@id":"https:\/\/www.gaveanews.com\/index.php\/2025\/03\/08\/palmeiras-vitor-roque-revela-atitude-de-abel-ferreira\/#primaryimage"},"thumbnailUrl":"https:\/\/www.gaveanews.com\/wp-content\/uploads\/Vitor-Roque-pelo-Palmeiras.webp","articleSection":["Palmeiras"],"inLanguage":"pt-BR","potentialAction":[{"@type":"CommentAction","name":"Comment","target":["https:\/\/www.gaveanews.com\/index.php\/2025\/03\/08\/palmeiras-vitor-roque-revela-atitude-de-abel-ferreira\/#respond"]}],"copyrightYear":"2025","copyrightHolder":{"@id":"https:\/\/www.gaveanews.com\/#organization"}},{"@type":"WebPage","@id":"https:\/\/www.gaveanews.com\/index.php\/2025\/03\/08\/palmeiras-vitor-roque-revela-atitude-de-abel-ferreira\/","url":"https:\/\/www.gaveanews.com\/index.php\/2025\/03\/08\/palmeiras-vitor-roque-revela-atitude-de-abel-ferreira\/","name":"Palmeiras: Vitor Roque revela atitude de Abel Ferreira","isPartOf":{"@id":"https:\/\/www.gaveanews.com\/#website"},"primaryImageOfPage":{"@id":"https:\/\/www.gaveanews.com\/index.php\/2025\/03\/08\/palmeiras-vitor-roque-revela-atitude-de-abel-ferreira\/#primaryimage"},"image":{"@id":"https:\/\/www.gaveanews.com\/index.php\/2025\/03\/08\/palmeiras-vitor-roque-revela-atitude-de-abel-ferreira\/#primaryimage"},"thumbnailUrl":"https:\/\/www.gaveanews.com\/wp-content\/uploads\/Vitor-Roque-pelo-Palmeiras.webp","datePublished":"2025-03-08T16:50:35+00:00","author":{"@id":"https:\/\/www.gaveanews.com\/#\/schema\/person\/bd08f00534b403119b92741a6d469ef0"},"breadcrumb":{"@id":"https:\/\/www.gaveanews.com\/index.php\/2025\/03\/08\/palmeiras-vitor-roque-revela-atitude-de-abel-ferreira\/#breadcrumb"},"inLanguage":"pt-BR","potentialAction":[{"@type":"ReadAction","target":["https:\/\/www.gaveanews.com\/index.php\/2025\/03\/08\/palmeiras-vitor-roque-revela-atitude-de-abel-ferreira\/"]}]},{"@type":"ImageObject","inLanguage":"pt-BR","@id":"https:\/\/www.gaveanews.com\/index.php\/2025\/03\/08\/palmeiras-vitor-roque-revela-atitude-de-abel-ferreira\/#primaryimage","url":"https:\/\/www.gaveanews.com\/wp-content\/uploads\/Vitor-Roque-pelo-Palmeiras.webp","contentUrl":"https:\/\/www.gaveanews.com\/wp-content\/uploads\/Vitor-Roque-pelo-Palmeiras.webp","width":850,"height":585,"caption":"Vitor Roque pelo Palmeiras (Foto: Cesar Greco\/Palmeiras)"},{"@type":"BreadcrumbList","@id":"https:\/\/www.gaveanews.com\/index.php\/2025\/03\/08\/palmeiras-vitor-roque-revela-atitude-de-abel-ferreira\/#breadcrumb","itemListElement":[{"@type":"ListItem","position":1,"name":"Home","item":"https:\/\/www.gaveanews.com\/"},{"@type":"ListItem","position":2,"name":"Palmeiras: Vitor Roque revela atitude de Abel Ferreira"}]},{"@type":"WebSite","@id":"https:\/\/www.gaveanews.com\/#website","url":"https:\/\/www.gaveanews.com\/","name":"G\u00e1vea News","description":"Veja todas as not\u00edcias sobre o Flamengo: Contrata\u00e7\u00f5es, categorias de base, resultados das partidas, tabela de classifica\u00e7\u00e3o, pr\u00f3ximos jogos!","potentialAction":[{"@type":"SearchAction","target":{"@type":"EntryPoint","urlTemplate":"https:\/\/www.gaveanews.com\/?s={search_term_string}"},"query-input":{"@type":"PropertyValueSpecification","valueRequired":true,"valueName":"search_term_string"}}],"inLanguage":"pt-BR"},{"@type":"Person","@id":"https:\/\/www.gaveanews.com\/#\/schema\/person\/bd08f00534b403119b92741a6d469ef0","name":"Hudson Pereira","image":{"@type":"ImageObject","inLanguage":"pt-BR","@id":"https:\/\/www.gaveanews.com\/#\/schema\/person\/image\/","url":"https:\/\/secure.gravatar.com\/avatar\/ecc491b489e454e510efffc9b23c1052ce5fb4f2e05555768ba65819cd55f03e?s=96&d=mm&r=g","contentUrl":"https:\/\/secure.gravatar.com\/avatar\/ecc491b489e454e510efffc9b23c1052ce5fb4f2e05555768ba65819cd55f03e?s=96&d=mm&r=g","caption":"Hudson Pereira"}}]}},"_links":{"self":[{"href":"https:\/\/www.gaveanews.com\/index.php\/wp-json\/wp\/v2\/posts\/237493","targetHints":{"allow":["GET"]}}],"collection":[{"href":"https:\/\/www.gaveanews.com\/index.php\/wp-json\/wp\/v2\/posts"}],"about":[{"href":"https:\/\/www.gaveanews.com\/index.php\/wp-json\/wp\/v2\/types\/post"}],"author":[{"embeddable":true,"href":"https:\/\/www.gaveanews.com\/index.php\/wp-json\/wp\/v2\/users\/28"}],"replies":[{"embeddable":true,"href":"https:\/\/www.gaveanews.com\/index.php\/wp-json\/wp\/v2\/comments?post=237493"}],"version-history":[{"count":1,"href":"https:\/\/www.gaveanews.com\/index.php\/wp-json\/wp\/v2\/posts\/237493\/revisions"}],"predecessor-version":[{"id":237494,"href":"https:\/\/www.gaveanews.com\/index.php\/wp-json\/wp\/v2\/posts\/237493\/revisions\/237494"}],"wp:featuredmedia":[{"embeddable":true,"href":"https:\/\/www.gaveanews.com\/index.php\/wp-json\/wp\/v2\/media\/236329"}],"wp:attachment":[{"href":"https:\/\/www.gaveanews.com\/index.php\/wp-json\/wp\/v2\/media?parent=237493"}],"wp:term":[{"taxonomy":"category","embeddable":true,"href":"https:\/\/www.gaveanews.com\/index.php\/wp-json\/wp\/v2\/categories?post=237493"},{"taxonomy":"post_tag","embeddable":true,"href":"https:\/\/www.gaveanews.com\/index.php\/wp-json\/wp\/v2\/tags?post=237493"}],"curies":[{"name":"wp","href":"https:\/\/api.w.org\/{rel}","templated":true}]}}