{"id":237514,"date":"2025-03-08T21:35:00","date_gmt":"2025-03-09T00:35:00","guid":{"rendered":"https:\/\/www.gaveanews.com\/?p=237514"},"modified":"2025-03-08T20:07:00","modified_gmt":"2025-03-08T23:07:00","slug":"a-declaracao-de-kaio-jorge-sobre-as-cobrancas-de-pedrinho-no-cruzeiro","status":"publish","type":"post","link":"https:\/\/www.gaveanews.com\/index.php\/2025\/03\/08\/a-declaracao-de-kaio-jorge-sobre-as-cobrancas-de-pedrinho-no-cruzeiro\/","title":{"rendered":"A declara\u00e7\u00e3o de Kaio Jorge sobre as cobran\u00e7as de Pedrinho no Cruzeiro"},"content":{"rendered":"\n<p>O Cruzeiro enfrentou a elimina\u00e7\u00e3o para o Am\u00e9rica na semifinal do Campeonato Mineiro, um desfecho que gerou insatisfa\u00e7\u00e3o generalizada. Pedro Louren\u00e7o, dono da SAF celeste, realizou cobran\u00e7as internas ao elenco, destacando a necessidade de resultados melhores. Nesta \u00faltima sexta-feira (7), Kaio Jorge comentou sobre as cr\u00edticas recebidas e explicou como o grupo reagiu \u00e0s expectativas externadas.<\/p>\n\n\n\n<p>Nesse sentido, Kaio Jorge afirmou que aceitou as palavras de Pedro Louren\u00e7o, reconhecendo a validade das cobran\u00e7as. O atacante ressaltou que o time sabia dos desafios impostos pela m\u00e1 fase recente. Apesar disso, ele enfatizou que o trabalho com Leonardo Jardim tem proporcionado melhorias significativas. &#8220;A forma que Pedrinho cobrou a gente foi a maneira correta, pois sab\u00edamos que os resultados n\u00e3o vinham sendo positivos&#8221;, disse o camisa 19.<\/p>\n\n\n\n<h2 class=\"wp-block-heading\" id=\"h-cobrancas-de-pedro-lourenco-aos-jogadores\">Cobran\u00e7as de Pedro Louren\u00e7o aos jogadores<\/h2>\n\n\n\n<p>Pedro Louren\u00e7o exp\u00f4s claramente sua insatisfa\u00e7\u00e3o com o desempenho do Cruzeiro durante o estadual. Durante entrevista ao programa &#8216;Os Donos da Bola&#8217;, da TV Band Minas, o empres\u00e1rio destacou duas metas priorit\u00e1rias para a temporada: a classifica\u00e7\u00e3o \u00e0 Libertadores e a conquista de pelo menos um t\u00edtulo. Ele tamb\u00e9m expressou confian\u00e7a no elenco montado, mencionando o alto n\u00edvel t\u00e9cnico reconhecido at\u00e9 por Leonardo Jardim.<\/p>\n\n\n\n<p>Al\u00e9m disso, Pedro Louren\u00e7o lembrou aos jogadores que a equipe havia realizado uma das piores campanhas na hist\u00f3ria do Campeonato Mineiro. Com tr\u00eas competi\u00e7\u00f5es importantes no calend\u00e1rio, ele enfatizou a urg\u00eancia de mudan\u00e7as. \u201cEu mostrei para eles que n\u00e3o chegamos \u00e0 final do Mineiro, fizemos uma das piores campanhas. Temos tr\u00eas competi\u00e7\u00f5es muito importantes para disputar\u201d, declarou.<\/p>\n\n\n\n<h2 class=\"wp-block-heading\" id=\"h-evolucao-sob-o-comando-de-leonardo-jardim\">Evolu\u00e7\u00e3o sob o comando de Leonardo Jardim<\/h2>\n\n\n\n<p>Sem compromissos pelo Campeonato Mineiro desde a elimina\u00e7\u00e3o, o Cruzeiro aproveita o per\u00edodo para intensificar os treinamentos. Assim sendo, Leonardo Jardim conduz o processo visando ajustes fundamentais antes do retorno oficial \u00e0s competi\u00e7\u00f5es. Para Kaio Jorge, o trabalho desenvolvido j\u00e1 apresenta sinais de progresso.<\/p>\n\n\n\n<p>O pr\u00f3ximo desafio do Cruzeiro ser\u00e1 contra o Mirassol, marcado para o dia 29 de mar\u00e7o, no Mineir\u00e3o, pela primeira rodada do Campeonato Brasileiro. A prepara\u00e7\u00e3o espec\u00edfica visa garantir um in\u00edcio s\u00f3lido na competi\u00e7\u00e3o nacional. O atacante cruzeirense reiterou a import\u00e2ncia desses encontros para moldar o estilo de jogo ideal.<\/p>\n\n\n\n<p>Vale ressaltar que Leonardo Jardim recebeu tempo suficiente para trabalhar o elenco, fator essencial em momentos de transi\u00e7\u00e3o. O t\u00e9cnico portugu\u00eas busca implementar seu modelo t\u00e1tico, adaptando-o \u00e0s caracter\u00edsticas individuais dos jogadores. Sendo assim, o apoio interno do clube contribui diretamente para essa miss\u00e3o.<\/p>\n","protected":false},"excerpt":{"rendered":"<p>O Cruzeiro enfrentou a elimina\u00e7\u00e3o para o Am\u00e9rica na semifinal do Campeonato Mineiro, um desfecho que gerou insatisfa\u00e7\u00e3o generalizada. Pedro Louren\u00e7o, dono da SAF celeste, realizou cobran\u00e7as internas ao elenco, destacando a necessidade de resultados melhores. Nesta \u00faltima sexta-feira (7), Kaio Jorge comentou sobre as cr\u00edticas recebidas e explicou como o grupo reagiu \u00e0s expectativas [&hellip;]<\/p>\n","protected":false},"author":28,"featured_media":162450,"comment_status":"open","ping_status":"closed","sticky":false,"template":"","format":"standard","meta":{"footnotes":""},"categories":[143],"tags":[],"class_list":["post-237514","post","type-post","status-publish","format-standard","has-post-thumbnail","hentry","category-cruzeiro"],"yoast_head":"<!-- This site is optimized with the Yoast SEO Premium plugin v24.2 (Yoast SEO v26.9) - https:\/\/yoast.com\/product\/yoast-seo-premium-wordpress\/ -->\n<title>A declara\u00e7\u00e3o de Kaio Jorge sobre as cobran\u00e7as de Pedrinho no Cruzeiro<\/title>\n<meta name=\"robots\" content=\"index, follow, max-snippet:-1, max-image-preview:large, max-video-preview:-1\" \/>\n<link rel=\"canonical\" href=\"https:\/\/www.gaveanews.com\/index.php\/2025\/03\/08\/a-declaracao-de-kaio-jorge-sobre-as-cobrancas-de-pedrinho-no-cruzeiro\/\" \/>\n<meta property=\"og:locale\" content=\"pt_BR\" \/>\n<meta property=\"og:type\" content=\"article\" \/>\n<meta property=\"og:title\" content=\"A declara\u00e7\u00e3o de Kaio Jorge sobre as cobran\u00e7as de Pedrinho no Cruzeiro\" \/>\n<meta property=\"og:description\" content=\"O Cruzeiro enfrentou a elimina\u00e7\u00e3o para o Am\u00e9rica na semifinal do Campeonato Mineiro, um desfecho que gerou insatisfa\u00e7\u00e3o generalizada. Pedro Louren\u00e7o, dono da SAF celeste, realizou cobran\u00e7as internas ao elenco, destacando a necessidade de resultados melhores. Nesta \u00faltima sexta-feira (7), Kaio Jorge comentou sobre as cr\u00edticas recebidas e explicou como o grupo reagiu \u00e0s expectativas [&hellip;]\" \/>\n<meta property=\"og:url\" content=\"https:\/\/www.gaveanews.com\/index.php\/2025\/03\/08\/a-declaracao-de-kaio-jorge-sobre-as-cobrancas-de-pedrinho-no-cruzeiro\/\" \/>\n<meta property=\"og:site_name\" content=\"G\u00e1vea News\" \/>\n<meta property=\"article:publisher\" content=\"https:\/\/facebook.com\/gaveaNews\/\" \/>\n<meta property=\"article:published_time\" content=\"2025-03-09T00:35:00+00:00\" \/>\n<meta property=\"og:image\" content=\"https:\/\/www.gaveanews.com\/wp-content\/uploads\/image-2.webp\" \/>\n\t<meta property=\"og:image:width\" content=\"1200\" \/>\n\t<meta property=\"og:image:height\" content=\"600\" \/>\n\t<meta property=\"og:image:type\" content=\"image\/jpeg\" \/>\n<meta name=\"author\" content=\"Hudson Pereira\" \/>\n<meta name=\"twitter:card\" content=\"summary_large_image\" \/>\n<meta name=\"twitter:label1\" content=\"Escrito por\" \/>\n\t<meta name=\"twitter:data1\" content=\"Hudson Pereira\" \/>\n\t<meta name=\"twitter:label2\" content=\"Est. tempo de leitura\" \/>\n\t<meta name=\"twitter:data2\" content=\"3 minutos\" \/>\n<script type=\"application\/ld+json\" class=\"yoast-schema-graph\">{\"@context\":\"https:\/\/schema.org\",\"@graph\":[{\"@type\":\"NewsArticle\",\"@id\":\"https:\/\/www.gaveanews.com\/index.php\/2025\/03\/08\/a-declaracao-de-kaio-jorge-sobre-as-cobrancas-de-pedrinho-no-cruzeiro\/#article\",\"isPartOf\":{\"@id\":\"https:\/\/www.gaveanews.com\/index.php\/2025\/03\/08\/a-declaracao-de-kaio-jorge-sobre-as-cobrancas-de-pedrinho-no-cruzeiro\/\"},\"author\":{\"name\":\"Hudson Pereira\",\"@id\":\"https:\/\/www.gaveanews.com\/#\/schema\/person\/bd08f00534b403119b92741a6d469ef0\"},\"headline\":\"A declara\u00e7\u00e3o de Kaio Jorge sobre as cobran\u00e7as de Pedrinho no Cruzeiro\",\"datePublished\":\"2025-03-09T00:35:00+00:00\",\"mainEntityOfPage\":{\"@id\":\"https:\/\/www.gaveanews.com\/index.php\/2025\/03\/08\/a-declaracao-de-kaio-jorge-sobre-as-cobrancas-de-pedrinho-no-cruzeiro\/\"},\"wordCount\":459,\"commentCount\":0,\"image\":{\"@id\":\"https:\/\/www.gaveanews.com\/index.php\/2025\/03\/08\/a-declaracao-de-kaio-jorge-sobre-as-cobrancas-de-pedrinho-no-cruzeiro\/#primaryimage\"},\"thumbnailUrl\":\"https:\/\/www.gaveanews.com\/wp-content\/uploads\/image-2.webp\",\"articleSection\":[\"Cruzeiro\"],\"inLanguage\":\"pt-BR\",\"potentialAction\":[{\"@type\":\"CommentAction\",\"name\":\"Comment\",\"target\":[\"https:\/\/www.gaveanews.com\/index.php\/2025\/03\/08\/a-declaracao-de-kaio-jorge-sobre-as-cobrancas-de-pedrinho-no-cruzeiro\/#respond\"]}],\"copyrightYear\":\"2025\",\"copyrightHolder\":{\"@id\":\"https:\/\/www.gaveanews.com\/#organization\"}},{\"@type\":\"WebPage\",\"@id\":\"https:\/\/www.gaveanews.com\/index.php\/2025\/03\/08\/a-declaracao-de-kaio-jorge-sobre-as-cobrancas-de-pedrinho-no-cruzeiro\/\",\"url\":\"https:\/\/www.gaveanews.com\/index.php\/2025\/03\/08\/a-declaracao-de-kaio-jorge-sobre-as-cobrancas-de-pedrinho-no-cruzeiro\/\",\"name\":\"A declara\u00e7\u00e3o de Kaio Jorge sobre as cobran\u00e7as de Pedrinho no Cruzeiro\",\"isPartOf\":{\"@id\":\"https:\/\/www.gaveanews.com\/#website\"},\"primaryImageOfPage\":{\"@id\":\"https:\/\/www.gaveanews.com\/index.php\/2025\/03\/08\/a-declaracao-de-kaio-jorge-sobre-as-cobrancas-de-pedrinho-no-cruzeiro\/#primaryimage\"},\"image\":{\"@id\":\"https:\/\/www.gaveanews.com\/index.php\/2025\/03\/08\/a-declaracao-de-kaio-jorge-sobre-as-cobrancas-de-pedrinho-no-cruzeiro\/#primaryimage\"},\"thumbnailUrl\":\"https:\/\/www.gaveanews.com\/wp-content\/uploads\/image-2.webp\",\"datePublished\":\"2025-03-09T00:35:00+00:00\",\"author\":{\"@id\":\"https:\/\/www.gaveanews.com\/#\/schema\/person\/bd08f00534b403119b92741a6d469ef0\"},\"breadcrumb\":{\"@id\":\"https:\/\/www.gaveanews.com\/index.php\/2025\/03\/08\/a-declaracao-de-kaio-jorge-sobre-as-cobrancas-de-pedrinho-no-cruzeiro\/#breadcrumb\"},\"inLanguage\":\"pt-BR\",\"potentialAction\":[{\"@type\":\"ReadAction\",\"target\":[\"https:\/\/www.gaveanews.com\/index.php\/2025\/03\/08\/a-declaracao-de-kaio-jorge-sobre-as-cobrancas-de-pedrinho-no-cruzeiro\/\"]}]},{\"@type\":\"ImageObject\",\"inLanguage\":\"pt-BR\",\"@id\":\"https:\/\/www.gaveanews.com\/index.php\/2025\/03\/08\/a-declaracao-de-kaio-jorge-sobre-as-cobrancas-de-pedrinho-no-cruzeiro\/#primaryimage\",\"url\":\"https:\/\/www.gaveanews.com\/wp-content\/uploads\/image-2.webp\",\"contentUrl\":\"https:\/\/www.gaveanews.com\/wp-content\/uploads\/image-2.webp\",\"width\":1200,\"height\":600,\"caption\":\"Kaio Jorge com a camisa do Cruzeiro em 2024 (Foto: Gustavo Aleixo\/Cruzeiro)\"},{\"@type\":\"BreadcrumbList\",\"@id\":\"https:\/\/www.gaveanews.com\/index.php\/2025\/03\/08\/a-declaracao-de-kaio-jorge-sobre-as-cobrancas-de-pedrinho-no-cruzeiro\/#breadcrumb\",\"itemListElement\":[{\"@type\":\"ListItem\",\"position\":1,\"name\":\"Home\",\"item\":\"https:\/\/www.gaveanews.com\/\"},{\"@type\":\"ListItem\",\"position\":2,\"name\":\"A declara\u00e7\u00e3o de Kaio Jorge sobre as cobran\u00e7as de Pedrinho no Cruzeiro\"}]},{\"@type\":\"WebSite\",\"@id\":\"https:\/\/www.gaveanews.com\/#website\",\"url\":\"https:\/\/www.gaveanews.com\/\",\"name\":\"G\u00e1vea News\",\"description\":\"Veja todas as not\u00edcias sobre o Flamengo: Contrata\u00e7\u00f5es, categorias de base, resultados das partidas, tabela de classifica\u00e7\u00e3o, pr\u00f3ximos jogos!\",\"potentialAction\":[{\"@type\":\"SearchAction\",\"target\":{\"@type\":\"EntryPoint\",\"urlTemplate\":\"https:\/\/www.gaveanews.com\/?s={search_term_string}\"},\"query-input\":{\"@type\":\"PropertyValueSpecification\",\"valueRequired\":true,\"valueName\":\"search_term_string\"}}],\"inLanguage\":\"pt-BR\"},{\"@type\":\"Person\",\"@id\":\"https:\/\/www.gaveanews.com\/#\/schema\/person\/bd08f00534b403119b92741a6d469ef0\",\"name\":\"Hudson Pereira\",\"image\":{\"@type\":\"ImageObject\",\"inLanguage\":\"pt-BR\",\"@id\":\"https:\/\/www.gaveanews.com\/#\/schema\/person\/image\/\",\"url\":\"https:\/\/secure.gravatar.com\/avatar\/ecc491b489e454e510efffc9b23c1052ce5fb4f2e05555768ba65819cd55f03e?s=96&d=mm&r=g\",\"contentUrl\":\"https:\/\/secure.gravatar.com\/avatar\/ecc491b489e454e510efffc9b23c1052ce5fb4f2e05555768ba65819cd55f03e?s=96&d=mm&r=g\",\"caption\":\"Hudson Pereira\"}}]}<\/script>\n<!-- \/ Yoast SEO Premium plugin. -->","yoast_head_json":{"title":"A declara\u00e7\u00e3o de Kaio Jorge sobre as cobran\u00e7as de Pedrinho no Cruzeiro","robots":{"index":"index","follow":"follow","max-snippet":"max-snippet:-1","max-image-preview":"max-image-preview:large","max-video-preview":"max-video-preview:-1"},"canonical":"https:\/\/www.gaveanews.com\/index.php\/2025\/03\/08\/a-declaracao-de-kaio-jorge-sobre-as-cobrancas-de-pedrinho-no-cruzeiro\/","og_locale":"pt_BR","og_type":"article","og_title":"A declara\u00e7\u00e3o de Kaio Jorge sobre as cobran\u00e7as de Pedrinho no Cruzeiro","og_description":"O Cruzeiro enfrentou a elimina\u00e7\u00e3o para o Am\u00e9rica na semifinal do Campeonato Mineiro, um desfecho que gerou insatisfa\u00e7\u00e3o generalizada. Pedro Louren\u00e7o, dono da SAF celeste, realizou cobran\u00e7as internas ao elenco, destacando a necessidade de resultados melhores. Nesta \u00faltima sexta-feira (7), Kaio Jorge comentou sobre as cr\u00edticas recebidas e explicou como o grupo reagiu \u00e0s expectativas [&hellip;]","og_url":"https:\/\/www.gaveanews.com\/index.php\/2025\/03\/08\/a-declaracao-de-kaio-jorge-sobre-as-cobrancas-de-pedrinho-no-cruzeiro\/","og_site_name":"G\u00e1vea News","article_publisher":"https:\/\/facebook.com\/gaveaNews\/","article_published_time":"2025-03-09T00:35:00+00:00","og_image":[{"width":1200,"height":600,"url":"https:\/\/www.gaveanews.com\/wp-content\/uploads\/image-2.webp","type":"image\/jpeg"}],"author":"Hudson Pereira","twitter_card":"summary_large_image","twitter_misc":{"Escrito por":"Hudson Pereira","Est. tempo de leitura":"3 minutos"},"schema":{"@context":"https:\/\/schema.org","@graph":[{"@type":"NewsArticle","@id":"https:\/\/www.gaveanews.com\/index.php\/2025\/03\/08\/a-declaracao-de-kaio-jorge-sobre-as-cobrancas-de-pedrinho-no-cruzeiro\/#article","isPartOf":{"@id":"https:\/\/www.gaveanews.com\/index.php\/2025\/03\/08\/a-declaracao-de-kaio-jorge-sobre-as-cobrancas-de-pedrinho-no-cruzeiro\/"},"author":{"name":"Hudson Pereira","@id":"https:\/\/www.gaveanews.com\/#\/schema\/person\/bd08f00534b403119b92741a6d469ef0"},"headline":"A declara\u00e7\u00e3o de Kaio Jorge sobre as cobran\u00e7as de Pedrinho no Cruzeiro","datePublished":"2025-03-09T00:35:00+00:00","mainEntityOfPage":{"@id":"https:\/\/www.gaveanews.com\/index.php\/2025\/03\/08\/a-declaracao-de-kaio-jorge-sobre-as-cobrancas-de-pedrinho-no-cruzeiro\/"},"wordCount":459,"commentCount":0,"image":{"@id":"https:\/\/www.gaveanews.com\/index.php\/2025\/03\/08\/a-declaracao-de-kaio-jorge-sobre-as-cobrancas-de-pedrinho-no-cruzeiro\/#primaryimage"},"thumbnailUrl":"https:\/\/www.gaveanews.com\/wp-content\/uploads\/image-2.webp","articleSection":["Cruzeiro"],"inLanguage":"pt-BR","potentialAction":[{"@type":"CommentAction","name":"Comment","target":["https:\/\/www.gaveanews.com\/index.php\/2025\/03\/08\/a-declaracao-de-kaio-jorge-sobre-as-cobrancas-de-pedrinho-no-cruzeiro\/#respond"]}],"copyrightYear":"2025","copyrightHolder":{"@id":"https:\/\/www.gaveanews.com\/#organization"}},{"@type":"WebPage","@id":"https:\/\/www.gaveanews.com\/index.php\/2025\/03\/08\/a-declaracao-de-kaio-jorge-sobre-as-cobrancas-de-pedrinho-no-cruzeiro\/","url":"https:\/\/www.gaveanews.com\/index.php\/2025\/03\/08\/a-declaracao-de-kaio-jorge-sobre-as-cobrancas-de-pedrinho-no-cruzeiro\/","name":"A declara\u00e7\u00e3o de Kaio Jorge sobre as cobran\u00e7as de Pedrinho no Cruzeiro","isPartOf":{"@id":"https:\/\/www.gaveanews.com\/#website"},"primaryImageOfPage":{"@id":"https:\/\/www.gaveanews.com\/index.php\/2025\/03\/08\/a-declaracao-de-kaio-jorge-sobre-as-cobrancas-de-pedrinho-no-cruzeiro\/#primaryimage"},"image":{"@id":"https:\/\/www.gaveanews.com\/index.php\/2025\/03\/08\/a-declaracao-de-kaio-jorge-sobre-as-cobrancas-de-pedrinho-no-cruzeiro\/#primaryimage"},"thumbnailUrl":"https:\/\/www.gaveanews.com\/wp-content\/uploads\/image-2.webp","datePublished":"2025-03-09T00:35:00+00:00","author":{"@id":"https:\/\/www.gaveanews.com\/#\/schema\/person\/bd08f00534b403119b92741a6d469ef0"},"breadcrumb":{"@id":"https:\/\/www.gaveanews.com\/index.php\/2025\/03\/08\/a-declaracao-de-kaio-jorge-sobre-as-cobrancas-de-pedrinho-no-cruzeiro\/#breadcrumb"},"inLanguage":"pt-BR","potentialAction":[{"@type":"ReadAction","target":["https:\/\/www.gaveanews.com\/index.php\/2025\/03\/08\/a-declaracao-de-kaio-jorge-sobre-as-cobrancas-de-pedrinho-no-cruzeiro\/"]}]},{"@type":"ImageObject","inLanguage":"pt-BR","@id":"https:\/\/www.gaveanews.com\/index.php\/2025\/03\/08\/a-declaracao-de-kaio-jorge-sobre-as-cobrancas-de-pedrinho-no-cruzeiro\/#primaryimage","url":"https:\/\/www.gaveanews.com\/wp-content\/uploads\/image-2.webp","contentUrl":"https:\/\/www.gaveanews.com\/wp-content\/uploads\/image-2.webp","width":1200,"height":600,"caption":"Kaio Jorge com a camisa do Cruzeiro em 2024 (Foto: Gustavo Aleixo\/Cruzeiro)"},{"@type":"BreadcrumbList","@id":"https:\/\/www.gaveanews.com\/index.php\/2025\/03\/08\/a-declaracao-de-kaio-jorge-sobre-as-cobrancas-de-pedrinho-no-cruzeiro\/#breadcrumb","itemListElement":[{"@type":"ListItem","position":1,"name":"Home","item":"https:\/\/www.gaveanews.com\/"},{"@type":"ListItem","position":2,"name":"A declara\u00e7\u00e3o de Kaio Jorge sobre as cobran\u00e7as de Pedrinho no Cruzeiro"}]},{"@type":"WebSite","@id":"https:\/\/www.gaveanews.com\/#website","url":"https:\/\/www.gaveanews.com\/","name":"G\u00e1vea News","description":"Veja todas as not\u00edcias sobre o Flamengo: Contrata\u00e7\u00f5es, categorias de base, resultados das partidas, tabela de classifica\u00e7\u00e3o, pr\u00f3ximos jogos!","potentialAction":[{"@type":"SearchAction","target":{"@type":"EntryPoint","urlTemplate":"https:\/\/www.gaveanews.com\/?s={search_term_string}"},"query-input":{"@type":"PropertyValueSpecification","valueRequired":true,"valueName":"search_term_string"}}],"inLanguage":"pt-BR"},{"@type":"Person","@id":"https:\/\/www.gaveanews.com\/#\/schema\/person\/bd08f00534b403119b92741a6d469ef0","name":"Hudson Pereira","image":{"@type":"ImageObject","inLanguage":"pt-BR","@id":"https:\/\/www.gaveanews.com\/#\/schema\/person\/image\/","url":"https:\/\/secure.gravatar.com\/avatar\/ecc491b489e454e510efffc9b23c1052ce5fb4f2e05555768ba65819cd55f03e?s=96&d=mm&r=g","contentUrl":"https:\/\/secure.gravatar.com\/avatar\/ecc491b489e454e510efffc9b23c1052ce5fb4f2e05555768ba65819cd55f03e?s=96&d=mm&r=g","caption":"Hudson Pereira"}}]}},"_links":{"self":[{"href":"https:\/\/www.gaveanews.com\/index.php\/wp-json\/wp\/v2\/posts\/237514","targetHints":{"allow":["GET"]}}],"collection":[{"href":"https:\/\/www.gaveanews.com\/index.php\/wp-json\/wp\/v2\/posts"}],"about":[{"href":"https:\/\/www.gaveanews.com\/index.php\/wp-json\/wp\/v2\/types\/post"}],"author":[{"embeddable":true,"href":"https:\/\/www.gaveanews.com\/index.php\/wp-json\/wp\/v2\/users\/28"}],"replies":[{"embeddable":true,"href":"https:\/\/www.gaveanews.com\/index.php\/wp-json\/wp\/v2\/comments?post=237514"}],"version-history":[{"count":1,"href":"https:\/\/www.gaveanews.com\/index.php\/wp-json\/wp\/v2\/posts\/237514\/revisions"}],"predecessor-version":[{"id":237515,"href":"https:\/\/www.gaveanews.com\/index.php\/wp-json\/wp\/v2\/posts\/237514\/revisions\/237515"}],"wp:featuredmedia":[{"embeddable":true,"href":"https:\/\/www.gaveanews.com\/index.php\/wp-json\/wp\/v2\/media\/162450"}],"wp:attachment":[{"href":"https:\/\/www.gaveanews.com\/index.php\/wp-json\/wp\/v2\/media?parent=237514"}],"wp:term":[{"taxonomy":"category","embeddable":true,"href":"https:\/\/www.gaveanews.com\/index.php\/wp-json\/wp\/v2\/categories?post=237514"},{"taxonomy":"post_tag","embeddable":true,"href":"https:\/\/www.gaveanews.com\/index.php\/wp-json\/wp\/v2\/tags?post=237514"}],"curies":[{"name":"wp","href":"https:\/\/api.w.org\/{rel}","templated":true}]}}