{"id":237520,"date":"2025-03-08T21:25:00","date_gmt":"2025-03-09T00:25:00","guid":{"rendered":"https:\/\/www.gaveanews.com\/?p=237520"},"modified":"2025-03-08T20:06:52","modified_gmt":"2025-03-08T23:06:52","slug":"lucas-paqueta-recebe-noticia-animadora-no-west-ham","status":"publish","type":"post","link":"https:\/\/www.gaveanews.com\/index.php\/2025\/03\/08\/lucas-paqueta-recebe-noticia-animadora-no-west-ham\/","title":{"rendered":"Lucas Paquet\u00e1 recebe not\u00edcia animadora no West Ham"},"content":{"rendered":"\n<p>Lucas Paquet\u00e1 intensificou os treinos no West Ham durante a semana e demonstrou condi\u00e7\u00f5es de retornar aos gramados. O jogador, que vinha tratando uma les\u00e3o no tornozelo, recebeu o aval do treinador Graham Potter para voltar \u00e0 equipe titular na partida contra o Newcastle, marcada para segunda-feira (10). Essa decis\u00e3o ocorreu ap\u00f3s um processo de recupera\u00e7\u00e3o mais r\u00e1pido do que o esperado inicialmente.<\/p>\n\n\n\n<p>Antes disso, Paquet\u00e1 havia sofrido um entorse no tornozelo durante um treino em 18 de fevereiro. Desde ent\u00e3o, ficou fora das partidas importantes contra Arsenal e Leicester. Apesar da previs\u00e3o inicial de aus\u00eancia por pelo menos um m\u00eas, o atleta acelerou sua reabilita\u00e7\u00e3o, permitindo sua poss\u00edvel participa\u00e7\u00e3o no pr\u00f3ximo compromisso do clube.<\/p>\n\n\n\n<h2 class=\"wp-block-heading\" id=\"h-desempenho-reconhecido-pelo-tecnico\">Desempenho reconhecido pelo t\u00e9cnico<\/h2>\n\n\n\n<p>Graham Potter destacou a dedica\u00e7\u00e3o de Lucas Paquet\u00e1 durante a coletiva de imprensa realizada nesta \u00faltima sexta-feira (07). Ele afirmou que o jogador participou das atividades programadas pela comiss\u00e3o t\u00e9cnica. &#8220;Paquet\u00e1 treinou, assim como Vladimir Coufal. Temos alguns dias at\u00e9 o jogo, mas eles reagiram bem e t\u00eam uma chance de serem relacionados. Ele est\u00e1 bem&#8221;, explicou o t\u00e9cnico.<\/p>\n\n\n\n<p>Al\u00e9m disso, Potter ressaltou a postura profissional do brasileiro desde sua chegada ao West Ham. &#8220;N\u00e3o tive problema nenhum com ele desde que estamos aqui. Ele tem sido muito bom e deu tudo nos jogos em que participou. As outras quest\u00f5es est\u00e3o fora das minhas m\u00e3os, mas no dia a dia ele tem sido exemplar e fez tudo o que precisava para estar dispon\u00edvel novamente&#8221;, completou.<\/p>\n\n\n\n<p>A chegada de Graham Potter ao comando do time em janeiro trouxe mudan\u00e7as significativas na escala\u00e7\u00e3o. At\u00e9 agora, o treinador colocou Paquet\u00e1 em cinco dos oito jogos disputados sob sua lideran\u00e7a. Contudo, a temporada do West Ham ainda enfrenta desafios, especialmente com a equipe ocupando a 15\u00aa posi\u00e7\u00e3o na Premier League.<\/p>\n\n\n\n<h2 class=\"wp-block-heading\" id=\"h-impacto-na-carreira\">Impacto na carreira <\/h2>\n\n\n\n<p>A les\u00e3o prejudicou diretamente o andamento da temporada de Lucas Paquet\u00e1, que vinha sendo chamado regularmente para as convoca\u00e7\u00f5es da sele\u00e7\u00e3o brasileira. Como resultado, acabou deixando de integrar a lista divulgada por Dorival J\u00fanior para a pr\u00f3xima Data Fifa. Esse afastamento pode impactar suas chances futuras, dependendo do desempenho nos pr\u00f3ximos jogos.<\/p>\n\n\n\n<p>Enquanto isso, o jogador tamb\u00e9m se prepara para outro compromisso importante. De acordo com o canal &#8220;Sky Sports&#8221;, o julgamento envolvendo suposto esquema de apostas come\u00e7ar\u00e1 ainda em mar\u00e7o.<\/p>\n\n\n\n<p>Em meio a esses desafios, Paquet\u00e1 mant\u00e9m o foco total no retorno \u00e0s atividades normais. Seu desempenho nos pr\u00f3ximos jogos ser\u00e1 decisivo para consolidar seu papel tanto no West Ham quanto na sele\u00e7\u00e3o brasileira.<\/p>\n","protected":false},"excerpt":{"rendered":"<p>Lucas Paquet\u00e1 intensificou os treinos no West Ham durante a semana e demonstrou condi\u00e7\u00f5es de retornar aos gramados. O jogador, que vinha tratando uma les\u00e3o no tornozelo, recebeu o aval do treinador Graham Potter para voltar \u00e0 equipe titular na partida contra o Newcastle, marcada para segunda-feira (10). Essa decis\u00e3o ocorreu ap\u00f3s um processo de [&hellip;]<\/p>\n","protected":false},"author":28,"featured_media":146357,"comment_status":"open","ping_status":"closed","sticky":false,"template":"","format":"standard","meta":{"footnotes":""},"categories":[462],"tags":[],"class_list":["post-237520","post","type-post","status-publish","format-standard","has-post-thumbnail","hentry","category-west-ham"],"yoast_head":"<!-- This site is optimized with the Yoast SEO Premium plugin v24.2 (Yoast SEO v26.9) - https:\/\/yoast.com\/product\/yoast-seo-premium-wordpress\/ -->\n<title>Lucas Paquet\u00e1 recebe not\u00edcia animadora no West Ham<\/title>\n<meta name=\"robots\" content=\"index, follow, max-snippet:-1, max-image-preview:large, max-video-preview:-1\" \/>\n<link rel=\"canonical\" href=\"https:\/\/www.gaveanews.com\/index.php\/2025\/03\/08\/lucas-paqueta-recebe-noticia-animadora-no-west-ham\/\" \/>\n<meta property=\"og:locale\" content=\"pt_BR\" \/>\n<meta property=\"og:type\" content=\"article\" \/>\n<meta property=\"og:title\" content=\"Lucas Paquet\u00e1 recebe not\u00edcia animadora no West Ham\" \/>\n<meta property=\"og:description\" content=\"Lucas Paquet\u00e1 intensificou os treinos no West Ham durante a semana e demonstrou condi\u00e7\u00f5es de retornar aos gramados. O jogador, que vinha tratando uma les\u00e3o no tornozelo, recebeu o aval do treinador Graham Potter para voltar \u00e0 equipe titular na partida contra o Newcastle, marcada para segunda-feira (10). Essa decis\u00e3o ocorreu ap\u00f3s um processo de [&hellip;]\" \/>\n<meta property=\"og:url\" content=\"https:\/\/www.gaveanews.com\/index.php\/2025\/03\/08\/lucas-paqueta-recebe-noticia-animadora-no-west-ham\/\" \/>\n<meta property=\"og:site_name\" content=\"G\u00e1vea News\" \/>\n<meta property=\"article:publisher\" content=\"https:\/\/facebook.com\/gaveaNews\/\" \/>\n<meta property=\"article:published_time\" content=\"2025-03-09T00:25:00+00:00\" \/>\n<meta property=\"og:image\" content=\"https:\/\/www.gaveanews.com\/wp-content\/uploads\/Paqueta-LucasPaqueta-futebolinternacional-westham-fa-apostas-1-645x362-1.webp\" \/>\n\t<meta property=\"og:image:width\" content=\"645\" \/>\n\t<meta property=\"og:image:height\" content=\"362\" \/>\n\t<meta property=\"og:image:type\" content=\"image\/png\" \/>\n<meta name=\"author\" content=\"Hudson Pereira\" \/>\n<meta name=\"twitter:card\" content=\"summary_large_image\" \/>\n<meta name=\"twitter:label1\" content=\"Escrito por\" \/>\n\t<meta name=\"twitter:data1\" content=\"Hudson Pereira\" \/>\n\t<meta name=\"twitter:label2\" content=\"Est. tempo de leitura\" \/>\n\t<meta name=\"twitter:data2\" content=\"3 minutos\" \/>\n<script type=\"application\/ld+json\" class=\"yoast-schema-graph\">{\"@context\":\"https:\/\/schema.org\",\"@graph\":[{\"@type\":\"NewsArticle\",\"@id\":\"https:\/\/www.gaveanews.com\/index.php\/2025\/03\/08\/lucas-paqueta-recebe-noticia-animadora-no-west-ham\/#article\",\"isPartOf\":{\"@id\":\"https:\/\/www.gaveanews.com\/index.php\/2025\/03\/08\/lucas-paqueta-recebe-noticia-animadora-no-west-ham\/\"},\"author\":{\"name\":\"Hudson Pereira\",\"@id\":\"https:\/\/www.gaveanews.com\/#\/schema\/person\/bd08f00534b403119b92741a6d469ef0\"},\"headline\":\"Lucas Paquet\u00e1 recebe not\u00edcia animadora no West Ham\",\"datePublished\":\"2025-03-09T00:25:00+00:00\",\"mainEntityOfPage\":{\"@id\":\"https:\/\/www.gaveanews.com\/index.php\/2025\/03\/08\/lucas-paqueta-recebe-noticia-animadora-no-west-ham\/\"},\"wordCount\":459,\"commentCount\":0,\"image\":{\"@id\":\"https:\/\/www.gaveanews.com\/index.php\/2025\/03\/08\/lucas-paqueta-recebe-noticia-animadora-no-west-ham\/#primaryimage\"},\"thumbnailUrl\":\"https:\/\/www.gaveanews.com\/wp-content\/uploads\/Paqueta-LucasPaqueta-futebolinternacional-westham-fa-apostas-1-645x362-1.webp\",\"articleSection\":[\"West Ham\"],\"inLanguage\":\"pt-BR\",\"potentialAction\":[{\"@type\":\"CommentAction\",\"name\":\"Comment\",\"target\":[\"https:\/\/www.gaveanews.com\/index.php\/2025\/03\/08\/lucas-paqueta-recebe-noticia-animadora-no-west-ham\/#respond\"]}],\"copyrightYear\":\"2025\",\"copyrightHolder\":{\"@id\":\"https:\/\/www.gaveanews.com\/#organization\"}},{\"@type\":\"WebPage\",\"@id\":\"https:\/\/www.gaveanews.com\/index.php\/2025\/03\/08\/lucas-paqueta-recebe-noticia-animadora-no-west-ham\/\",\"url\":\"https:\/\/www.gaveanews.com\/index.php\/2025\/03\/08\/lucas-paqueta-recebe-noticia-animadora-no-west-ham\/\",\"name\":\"Lucas Paquet\u00e1 recebe not\u00edcia animadora no West Ham\",\"isPartOf\":{\"@id\":\"https:\/\/www.gaveanews.com\/#website\"},\"primaryImageOfPage\":{\"@id\":\"https:\/\/www.gaveanews.com\/index.php\/2025\/03\/08\/lucas-paqueta-recebe-noticia-animadora-no-west-ham\/#primaryimage\"},\"image\":{\"@id\":\"https:\/\/www.gaveanews.com\/index.php\/2025\/03\/08\/lucas-paqueta-recebe-noticia-animadora-no-west-ham\/#primaryimage\"},\"thumbnailUrl\":\"https:\/\/www.gaveanews.com\/wp-content\/uploads\/Paqueta-LucasPaqueta-futebolinternacional-westham-fa-apostas-1-645x362-1.webp\",\"datePublished\":\"2025-03-09T00:25:00+00:00\",\"author\":{\"@id\":\"https:\/\/www.gaveanews.com\/#\/schema\/person\/bd08f00534b403119b92741a6d469ef0\"},\"breadcrumb\":{\"@id\":\"https:\/\/www.gaveanews.com\/index.php\/2025\/03\/08\/lucas-paqueta-recebe-noticia-animadora-no-west-ham\/#breadcrumb\"},\"inLanguage\":\"pt-BR\",\"potentialAction\":[{\"@type\":\"ReadAction\",\"target\":[\"https:\/\/www.gaveanews.com\/index.php\/2025\/03\/08\/lucas-paqueta-recebe-noticia-animadora-no-west-ham\/\"]}]},{\"@type\":\"ImageObject\",\"inLanguage\":\"pt-BR\",\"@id\":\"https:\/\/www.gaveanews.com\/index.php\/2025\/03\/08\/lucas-paqueta-recebe-noticia-animadora-no-west-ham\/#primaryimage\",\"url\":\"https:\/\/www.gaveanews.com\/wp-content\/uploads\/Paqueta-LucasPaqueta-futebolinternacional-westham-fa-apostas-1-645x362-1.webp\",\"contentUrl\":\"https:\/\/www.gaveanews.com\/wp-content\/uploads\/Paqueta-LucasPaqueta-futebolinternacional-westham-fa-apostas-1-645x362-1.webp\",\"width\":645,\"height\":362,\"caption\":\"Foto: Reprodu\u00e7\u00e3o- Instagram\"},{\"@type\":\"BreadcrumbList\",\"@id\":\"https:\/\/www.gaveanews.com\/index.php\/2025\/03\/08\/lucas-paqueta-recebe-noticia-animadora-no-west-ham\/#breadcrumb\",\"itemListElement\":[{\"@type\":\"ListItem\",\"position\":1,\"name\":\"Home\",\"item\":\"https:\/\/www.gaveanews.com\/\"},{\"@type\":\"ListItem\",\"position\":2,\"name\":\"Lucas Paquet\u00e1 recebe not\u00edcia animadora no West Ham\"}]},{\"@type\":\"WebSite\",\"@id\":\"https:\/\/www.gaveanews.com\/#website\",\"url\":\"https:\/\/www.gaveanews.com\/\",\"name\":\"G\u00e1vea News\",\"description\":\"Veja todas as not\u00edcias sobre o Flamengo: Contrata\u00e7\u00f5es, categorias de base, resultados das partidas, tabela de classifica\u00e7\u00e3o, pr\u00f3ximos jogos!\",\"potentialAction\":[{\"@type\":\"SearchAction\",\"target\":{\"@type\":\"EntryPoint\",\"urlTemplate\":\"https:\/\/www.gaveanews.com\/?s={search_term_string}\"},\"query-input\":{\"@type\":\"PropertyValueSpecification\",\"valueRequired\":true,\"valueName\":\"search_term_string\"}}],\"inLanguage\":\"pt-BR\"},{\"@type\":\"Person\",\"@id\":\"https:\/\/www.gaveanews.com\/#\/schema\/person\/bd08f00534b403119b92741a6d469ef0\",\"name\":\"Hudson Pereira\",\"image\":{\"@type\":\"ImageObject\",\"inLanguage\":\"pt-BR\",\"@id\":\"https:\/\/www.gaveanews.com\/#\/schema\/person\/image\/\",\"url\":\"https:\/\/secure.gravatar.com\/avatar\/ecc491b489e454e510efffc9b23c1052ce5fb4f2e05555768ba65819cd55f03e?s=96&d=mm&r=g\",\"contentUrl\":\"https:\/\/secure.gravatar.com\/avatar\/ecc491b489e454e510efffc9b23c1052ce5fb4f2e05555768ba65819cd55f03e?s=96&d=mm&r=g\",\"caption\":\"Hudson Pereira\"}}]}<\/script>\n<!-- \/ Yoast SEO Premium plugin. -->","yoast_head_json":{"title":"Lucas Paquet\u00e1 recebe not\u00edcia animadora no West Ham","robots":{"index":"index","follow":"follow","max-snippet":"max-snippet:-1","max-image-preview":"max-image-preview:large","max-video-preview":"max-video-preview:-1"},"canonical":"https:\/\/www.gaveanews.com\/index.php\/2025\/03\/08\/lucas-paqueta-recebe-noticia-animadora-no-west-ham\/","og_locale":"pt_BR","og_type":"article","og_title":"Lucas Paquet\u00e1 recebe not\u00edcia animadora no West Ham","og_description":"Lucas Paquet\u00e1 intensificou os treinos no West Ham durante a semana e demonstrou condi\u00e7\u00f5es de retornar aos gramados. O jogador, que vinha tratando uma les\u00e3o no tornozelo, recebeu o aval do treinador Graham Potter para voltar \u00e0 equipe titular na partida contra o Newcastle, marcada para segunda-feira (10). Essa decis\u00e3o ocorreu ap\u00f3s um processo de [&hellip;]","og_url":"https:\/\/www.gaveanews.com\/index.php\/2025\/03\/08\/lucas-paqueta-recebe-noticia-animadora-no-west-ham\/","og_site_name":"G\u00e1vea News","article_publisher":"https:\/\/facebook.com\/gaveaNews\/","article_published_time":"2025-03-09T00:25:00+00:00","og_image":[{"width":645,"height":362,"url":"https:\/\/www.gaveanews.com\/wp-content\/uploads\/Paqueta-LucasPaqueta-futebolinternacional-westham-fa-apostas-1-645x362-1.webp","type":"image\/png"}],"author":"Hudson Pereira","twitter_card":"summary_large_image","twitter_misc":{"Escrito por":"Hudson Pereira","Est. tempo de leitura":"3 minutos"},"schema":{"@context":"https:\/\/schema.org","@graph":[{"@type":"NewsArticle","@id":"https:\/\/www.gaveanews.com\/index.php\/2025\/03\/08\/lucas-paqueta-recebe-noticia-animadora-no-west-ham\/#article","isPartOf":{"@id":"https:\/\/www.gaveanews.com\/index.php\/2025\/03\/08\/lucas-paqueta-recebe-noticia-animadora-no-west-ham\/"},"author":{"name":"Hudson Pereira","@id":"https:\/\/www.gaveanews.com\/#\/schema\/person\/bd08f00534b403119b92741a6d469ef0"},"headline":"Lucas Paquet\u00e1 recebe not\u00edcia animadora no West Ham","datePublished":"2025-03-09T00:25:00+00:00","mainEntityOfPage":{"@id":"https:\/\/www.gaveanews.com\/index.php\/2025\/03\/08\/lucas-paqueta-recebe-noticia-animadora-no-west-ham\/"},"wordCount":459,"commentCount":0,"image":{"@id":"https:\/\/www.gaveanews.com\/index.php\/2025\/03\/08\/lucas-paqueta-recebe-noticia-animadora-no-west-ham\/#primaryimage"},"thumbnailUrl":"https:\/\/www.gaveanews.com\/wp-content\/uploads\/Paqueta-LucasPaqueta-futebolinternacional-westham-fa-apostas-1-645x362-1.webp","articleSection":["West Ham"],"inLanguage":"pt-BR","potentialAction":[{"@type":"CommentAction","name":"Comment","target":["https:\/\/www.gaveanews.com\/index.php\/2025\/03\/08\/lucas-paqueta-recebe-noticia-animadora-no-west-ham\/#respond"]}],"copyrightYear":"2025","copyrightHolder":{"@id":"https:\/\/www.gaveanews.com\/#organization"}},{"@type":"WebPage","@id":"https:\/\/www.gaveanews.com\/index.php\/2025\/03\/08\/lucas-paqueta-recebe-noticia-animadora-no-west-ham\/","url":"https:\/\/www.gaveanews.com\/index.php\/2025\/03\/08\/lucas-paqueta-recebe-noticia-animadora-no-west-ham\/","name":"Lucas Paquet\u00e1 recebe not\u00edcia animadora no West Ham","isPartOf":{"@id":"https:\/\/www.gaveanews.com\/#website"},"primaryImageOfPage":{"@id":"https:\/\/www.gaveanews.com\/index.php\/2025\/03\/08\/lucas-paqueta-recebe-noticia-animadora-no-west-ham\/#primaryimage"},"image":{"@id":"https:\/\/www.gaveanews.com\/index.php\/2025\/03\/08\/lucas-paqueta-recebe-noticia-animadora-no-west-ham\/#primaryimage"},"thumbnailUrl":"https:\/\/www.gaveanews.com\/wp-content\/uploads\/Paqueta-LucasPaqueta-futebolinternacional-westham-fa-apostas-1-645x362-1.webp","datePublished":"2025-03-09T00:25:00+00:00","author":{"@id":"https:\/\/www.gaveanews.com\/#\/schema\/person\/bd08f00534b403119b92741a6d469ef0"},"breadcrumb":{"@id":"https:\/\/www.gaveanews.com\/index.php\/2025\/03\/08\/lucas-paqueta-recebe-noticia-animadora-no-west-ham\/#breadcrumb"},"inLanguage":"pt-BR","potentialAction":[{"@type":"ReadAction","target":["https:\/\/www.gaveanews.com\/index.php\/2025\/03\/08\/lucas-paqueta-recebe-noticia-animadora-no-west-ham\/"]}]},{"@type":"ImageObject","inLanguage":"pt-BR","@id":"https:\/\/www.gaveanews.com\/index.php\/2025\/03\/08\/lucas-paqueta-recebe-noticia-animadora-no-west-ham\/#primaryimage","url":"https:\/\/www.gaveanews.com\/wp-content\/uploads\/Paqueta-LucasPaqueta-futebolinternacional-westham-fa-apostas-1-645x362-1.webp","contentUrl":"https:\/\/www.gaveanews.com\/wp-content\/uploads\/Paqueta-LucasPaqueta-futebolinternacional-westham-fa-apostas-1-645x362-1.webp","width":645,"height":362,"caption":"Foto: Reprodu\u00e7\u00e3o- Instagram"},{"@type":"BreadcrumbList","@id":"https:\/\/www.gaveanews.com\/index.php\/2025\/03\/08\/lucas-paqueta-recebe-noticia-animadora-no-west-ham\/#breadcrumb","itemListElement":[{"@type":"ListItem","position":1,"name":"Home","item":"https:\/\/www.gaveanews.com\/"},{"@type":"ListItem","position":2,"name":"Lucas Paquet\u00e1 recebe not\u00edcia animadora no West Ham"}]},{"@type":"WebSite","@id":"https:\/\/www.gaveanews.com\/#website","url":"https:\/\/www.gaveanews.com\/","name":"G\u00e1vea News","description":"Veja todas as not\u00edcias sobre o Flamengo: Contrata\u00e7\u00f5es, categorias de base, resultados das partidas, tabela de classifica\u00e7\u00e3o, pr\u00f3ximos jogos!","potentialAction":[{"@type":"SearchAction","target":{"@type":"EntryPoint","urlTemplate":"https:\/\/www.gaveanews.com\/?s={search_term_string}"},"query-input":{"@type":"PropertyValueSpecification","valueRequired":true,"valueName":"search_term_string"}}],"inLanguage":"pt-BR"},{"@type":"Person","@id":"https:\/\/www.gaveanews.com\/#\/schema\/person\/bd08f00534b403119b92741a6d469ef0","name":"Hudson Pereira","image":{"@type":"ImageObject","inLanguage":"pt-BR","@id":"https:\/\/www.gaveanews.com\/#\/schema\/person\/image\/","url":"https:\/\/secure.gravatar.com\/avatar\/ecc491b489e454e510efffc9b23c1052ce5fb4f2e05555768ba65819cd55f03e?s=96&d=mm&r=g","contentUrl":"https:\/\/secure.gravatar.com\/avatar\/ecc491b489e454e510efffc9b23c1052ce5fb4f2e05555768ba65819cd55f03e?s=96&d=mm&r=g","caption":"Hudson Pereira"}}]}},"_links":{"self":[{"href":"https:\/\/www.gaveanews.com\/index.php\/wp-json\/wp\/v2\/posts\/237520","targetHints":{"allow":["GET"]}}],"collection":[{"href":"https:\/\/www.gaveanews.com\/index.php\/wp-json\/wp\/v2\/posts"}],"about":[{"href":"https:\/\/www.gaveanews.com\/index.php\/wp-json\/wp\/v2\/types\/post"}],"author":[{"embeddable":true,"href":"https:\/\/www.gaveanews.com\/index.php\/wp-json\/wp\/v2\/users\/28"}],"replies":[{"embeddable":true,"href":"https:\/\/www.gaveanews.com\/index.php\/wp-json\/wp\/v2\/comments?post=237520"}],"version-history":[{"count":4,"href":"https:\/\/www.gaveanews.com\/index.php\/wp-json\/wp\/v2\/posts\/237520\/revisions"}],"predecessor-version":[{"id":237526,"href":"https:\/\/www.gaveanews.com\/index.php\/wp-json\/wp\/v2\/posts\/237520\/revisions\/237526"}],"wp:featuredmedia":[{"embeddable":true,"href":"https:\/\/www.gaveanews.com\/index.php\/wp-json\/wp\/v2\/media\/146357"}],"wp:attachment":[{"href":"https:\/\/www.gaveanews.com\/index.php\/wp-json\/wp\/v2\/media?parent=237520"}],"wp:term":[{"taxonomy":"category","embeddable":true,"href":"https:\/\/www.gaveanews.com\/index.php\/wp-json\/wp\/v2\/categories?post=237520"},{"taxonomy":"post_tag","embeddable":true,"href":"https:\/\/www.gaveanews.com\/index.php\/wp-json\/wp\/v2\/tags?post=237520"}],"curies":[{"name":"wp","href":"https:\/\/api.w.org\/{rel}","templated":true}]}}