{"id":237523,"date":"2025-03-08T21:05:00","date_gmt":"2025-03-09T00:05:00","guid":{"rendered":"https:\/\/www.gaveanews.com\/?p=237523"},"modified":"2025-03-08T20:06:30","modified_gmt":"2025-03-08T23:06:30","slug":"craque-neto-expoe-bastidores-tensos-do-corinthians-apos-derrota-no-equador","status":"publish","type":"post","link":"https:\/\/www.gaveanews.com\/index.php\/2025\/03\/08\/craque-neto-expoe-bastidores-tensos-do-corinthians-apos-derrota-no-equador\/","title":{"rendered":"Craque Neto exp\u00f5e bastidores tensos do Corinthians ap\u00f3s derrota no Equador"},"content":{"rendered":"\n<p>O apresentador Neto abordou um tema pol\u00eamico durante a edi\u00e7\u00e3o de sexta-feira (07) do programa Os Donos da Bola, da Band. Ele comentou sobre uma suposta discuss\u00e3o acalorada entre jogadores do Corinthians, ocorrida depois da derrota por 3 a 0 contra o Barcelona (Equador), em partida v\u00e1lida pela terceira fase preliminar da Copa Libertadores de 2025. Apesar disso, Neto destacou que informa\u00e7\u00f5es divulgadas sobre uma agress\u00e3o n\u00e3o procedem.<\/p>\n\n\n\n<h2 class=\"wp-block-heading\" id=\"h-apresentador-desmente-rumores-de-agressao\">Apresentador desmente rumores de agress\u00e3o<\/h2>\n\n\n\n<p>Neto explicou que as not\u00edcias mencionando uma suposta cadeirada envolvendo Memphis Depay e Gustavo Henrique n\u00e3o s\u00e3o verdadeiras. Para fundamentar sua posi\u00e7\u00e3o, ele mencionou conversas com Fabinho Soldado, executivo de futebol do clube. \u201c\u00c9 mentira que teve cadeirada l\u00e1 no Corinthians, porque nem cadeira tinha l\u00e1\u201d, disse Neto. Contudo, ele reconheceu que houve tens\u00e3o no ambiente, mas ressaltou que, at\u00e9 o momento, n\u00e3o se tratava de viol\u00eancia f\u00edsica.<\/p>\n\n\n\n<p>Al\u00e9m disso, Neto aproveitou para fazer cr\u00edticas ao desempenho de Memphis Depay na temporada. O apresentador conectou diretamente a atua\u00e7\u00e3o do jogador holand\u00eas \u00e0 insatisfa\u00e7\u00e3o manifestada pelos defensores corintianos. \u201cVoc\u00ea, Memphis, est\u00e1 dizendo que os jogadores da defesa t\u00eam que sair mais, est\u00e3o tomando muito gol\u2026 Mas voc\u00ea fez gols? Que gol voc\u00ea fez?\u201d, questionou.<\/p>\n\n\n\n<figure class=\"wp-block-embed is-type-video is-provider-youtube wp-block-embed-youtube wp-embed-aspect-16-9 wp-has-aspect-ratio\"><div class=\"wp-block-embed__wrapper\">\n<iframe loading=\"lazy\" title=\"\u201cN\u00e3o teve cadeirada, mas houve discuss\u00e3o\u201d, diz Neto sobre briga entre jogadores do Corinthians\" width=\"640\" height=\"360\" src=\"https:\/\/www.youtube.com\/embed\/Bw3__oyf7DY?feature=oembed\" frameborder=\"0\" allow=\"accelerometer; autoplay; clipboard-write; encrypted-media; gyroscope; picture-in-picture; web-share\" referrerpolicy=\"strict-origin-when-cross-origin\" allowfullscreen><\/iframe>\n<\/div><\/figure>\n\n\n\n<h2 class=\"wp-block-heading\" id=\"h-desafios-decisivos-no-calendario\">Desafios decisivos no calend\u00e1rio<\/h2>\n\n\n\n<p>Diante deste cen\u00e1rio, o Corinthians enfrenta dois compromissos decisivos nos pr\u00f3ximos dias. No domingo (9), o time recebe o Santos no Est\u00e1dio Neo Qu\u00edmica Arena, em confronto v\u00e1lido pelas semifinais do Campeonato Paulista. Logo ap\u00f3s, na quarta-feira (12), o clube retorna ao mesmo palco para duelar novamente contra o Barcelona-EQU, desta vez buscando a classifica\u00e7\u00e3o para a fase de grupos da Libertadores.<\/p>\n\n\n\n<p>A miss\u00e3o corintiana se torna ainda mais complexa considerando o resultado adverso obtido fora de casa. Para avan\u00e7ar \u00e0 pr\u00f3xima etapa da competi\u00e7\u00e3o continental, o time precisa vencer por pelo menos quatro gols de diferen\u00e7a. Caso consiga uma vit\u00f3ria por tr\u00eas gols de vantagem, a decis\u00e3o ser\u00e1 levada aos p\u00eanaltis. Qualquer outro placar inferior favorece o Barcelona-EQU.<\/p>\n\n\n\n<h2 class=\"wp-block-heading\" id=\"h-estrategia-para-reverter-situacao\">Estrat\u00e9gia para reverter situa\u00e7\u00e3o<\/h2>\n\n\n\n<p>Conscientes das dificuldades impostas pela atual conjuntura, jogadores e comiss\u00e3o t\u00e9cnica planejam ajustes significativos visando melhorar o desempenho coletivo. Eles sabem que superar o advers\u00e1rio exigir\u00e1 m\u00e1xima concentra\u00e7\u00e3o e efici\u00eancia t\u00e1tica. Afinal, reverter uma vantagem t\u00e3o expressiva n\u00e3o \u00e9 uma tarefa trivial.<\/p>\n\n\n\n<p>Por outro lado, o foco tamb\u00e9m se estende ao duelo estadual contra o Santos. Uma vit\u00f3ria nesse jogo pode injetar moral e confian\u00e7a ao elenco antes do confronto continental. Nesse sentido, a prepara\u00e7\u00e3o dos pr\u00f3ximos dias ser\u00e1 essencial para garantir resultados positivos em ambos os compromissos.<\/p>\n","protected":false},"excerpt":{"rendered":"<p>O apresentador Neto abordou um tema pol\u00eamico durante a edi\u00e7\u00e3o de sexta-feira (07) do programa Os Donos da Bola, da Band. Ele comentou sobre uma suposta discuss\u00e3o acalorada entre jogadores do Corinthians, ocorrida depois da derrota por 3 a 0 contra o Barcelona (Equador), em partida v\u00e1lida pela terceira fase preliminar da Copa Libertadores de [&hellip;]<\/p>\n","protected":false},"author":28,"featured_media":71983,"comment_status":"open","ping_status":"closed","sticky":false,"template":"","format":"standard","meta":{"footnotes":""},"categories":[141],"tags":[],"class_list":["post-237523","post","type-post","status-publish","format-standard","has-post-thumbnail","hentry","category-corinthians"],"yoast_head":"<!-- This site is optimized with the Yoast SEO Premium plugin v24.2 (Yoast SEO v26.9) - https:\/\/yoast.com\/product\/yoast-seo-premium-wordpress\/ -->\n<title>Craque Neto exp\u00f5e bastidores tensos do Corinthians ap\u00f3s derrota no Equador<\/title>\n<meta name=\"robots\" content=\"index, follow, max-snippet:-1, max-image-preview:large, max-video-preview:-1\" \/>\n<link rel=\"canonical\" href=\"https:\/\/www.gaveanews.com\/index.php\/2025\/03\/08\/craque-neto-expoe-bastidores-tensos-do-corinthians-apos-derrota-no-equador\/\" \/>\n<meta property=\"og:locale\" content=\"pt_BR\" \/>\n<meta property=\"og:type\" content=\"article\" \/>\n<meta property=\"og:title\" content=\"Craque Neto exp\u00f5e bastidores tensos do Corinthians ap\u00f3s derrota no Equador\" \/>\n<meta property=\"og:description\" content=\"O apresentador Neto abordou um tema pol\u00eamico durante a edi\u00e7\u00e3o de sexta-feira (07) do programa Os Donos da Bola, da Band. Ele comentou sobre uma suposta discuss\u00e3o acalorada entre jogadores do Corinthians, ocorrida depois da derrota por 3 a 0 contra o Barcelona (Equador), em partida v\u00e1lida pela terceira fase preliminar da Copa Libertadores de [&hellip;]\" \/>\n<meta property=\"og:url\" content=\"https:\/\/www.gaveanews.com\/index.php\/2025\/03\/08\/craque-neto-expoe-bastidores-tensos-do-corinthians-apos-derrota-no-equador\/\" \/>\n<meta property=\"og:site_name\" content=\"G\u00e1vea News\" \/>\n<meta property=\"article:publisher\" content=\"https:\/\/facebook.com\/gaveaNews\/\" \/>\n<meta property=\"article:published_time\" content=\"2025-03-09T00:05:00+00:00\" \/>\n<meta property=\"og:image\" content=\"https:\/\/www.gaveanews.com\/wp-content\/uploads\/Comentarista-Neto-em-programa-da-Band.webp\" \/>\n\t<meta property=\"og:image:width\" content=\"846\" \/>\n\t<meta property=\"og:image:height\" content=\"476\" \/>\n\t<meta property=\"og:image:type\" content=\"image\/jpeg\" \/>\n<meta name=\"author\" content=\"Hudson Pereira\" \/>\n<meta name=\"twitter:card\" content=\"summary_large_image\" \/>\n<meta name=\"twitter:label1\" content=\"Escrito por\" \/>\n\t<meta name=\"twitter:data1\" content=\"Hudson Pereira\" \/>\n\t<meta name=\"twitter:label2\" content=\"Est. tempo de leitura\" \/>\n\t<meta name=\"twitter:data2\" content=\"3 minutos\" \/>\n<script type=\"application\/ld+json\" class=\"yoast-schema-graph\">{\"@context\":\"https:\/\/schema.org\",\"@graph\":[{\"@type\":\"NewsArticle\",\"@id\":\"https:\/\/www.gaveanews.com\/index.php\/2025\/03\/08\/craque-neto-expoe-bastidores-tensos-do-corinthians-apos-derrota-no-equador\/#article\",\"isPartOf\":{\"@id\":\"https:\/\/www.gaveanews.com\/index.php\/2025\/03\/08\/craque-neto-expoe-bastidores-tensos-do-corinthians-apos-derrota-no-equador\/\"},\"author\":{\"name\":\"Hudson Pereira\",\"@id\":\"https:\/\/www.gaveanews.com\/#\/schema\/person\/bd08f00534b403119b92741a6d469ef0\"},\"headline\":\"Craque Neto exp\u00f5e bastidores tensos do Corinthians ap\u00f3s derrota no Equador\",\"datePublished\":\"2025-03-09T00:05:00+00:00\",\"mainEntityOfPage\":{\"@id\":\"https:\/\/www.gaveanews.com\/index.php\/2025\/03\/08\/craque-neto-expoe-bastidores-tensos-do-corinthians-apos-derrota-no-equador\/\"},\"wordCount\":478,\"commentCount\":0,\"image\":{\"@id\":\"https:\/\/www.gaveanews.com\/index.php\/2025\/03\/08\/craque-neto-expoe-bastidores-tensos-do-corinthians-apos-derrota-no-equador\/#primaryimage\"},\"thumbnailUrl\":\"https:\/\/www.gaveanews.com\/wp-content\/uploads\/Comentarista-Neto-em-programa-da-Band.webp\",\"articleSection\":[\"Corinthians\"],\"inLanguage\":\"pt-BR\",\"potentialAction\":[{\"@type\":\"CommentAction\",\"name\":\"Comment\",\"target\":[\"https:\/\/www.gaveanews.com\/index.php\/2025\/03\/08\/craque-neto-expoe-bastidores-tensos-do-corinthians-apos-derrota-no-equador\/#respond\"]}],\"copyrightYear\":\"2025\",\"copyrightHolder\":{\"@id\":\"https:\/\/www.gaveanews.com\/#organization\"}},{\"@type\":\"WebPage\",\"@id\":\"https:\/\/www.gaveanews.com\/index.php\/2025\/03\/08\/craque-neto-expoe-bastidores-tensos-do-corinthians-apos-derrota-no-equador\/\",\"url\":\"https:\/\/www.gaveanews.com\/index.php\/2025\/03\/08\/craque-neto-expoe-bastidores-tensos-do-corinthians-apos-derrota-no-equador\/\",\"name\":\"Craque Neto exp\u00f5e bastidores tensos do Corinthians ap\u00f3s derrota no Equador\",\"isPartOf\":{\"@id\":\"https:\/\/www.gaveanews.com\/#website\"},\"primaryImageOfPage\":{\"@id\":\"https:\/\/www.gaveanews.com\/index.php\/2025\/03\/08\/craque-neto-expoe-bastidores-tensos-do-corinthians-apos-derrota-no-equador\/#primaryimage\"},\"image\":{\"@id\":\"https:\/\/www.gaveanews.com\/index.php\/2025\/03\/08\/craque-neto-expoe-bastidores-tensos-do-corinthians-apos-derrota-no-equador\/#primaryimage\"},\"thumbnailUrl\":\"https:\/\/www.gaveanews.com\/wp-content\/uploads\/Comentarista-Neto-em-programa-da-Band.webp\",\"datePublished\":\"2025-03-09T00:05:00+00:00\",\"author\":{\"@id\":\"https:\/\/www.gaveanews.com\/#\/schema\/person\/bd08f00534b403119b92741a6d469ef0\"},\"breadcrumb\":{\"@id\":\"https:\/\/www.gaveanews.com\/index.php\/2025\/03\/08\/craque-neto-expoe-bastidores-tensos-do-corinthians-apos-derrota-no-equador\/#breadcrumb\"},\"inLanguage\":\"pt-BR\",\"potentialAction\":[{\"@type\":\"ReadAction\",\"target\":[\"https:\/\/www.gaveanews.com\/index.php\/2025\/03\/08\/craque-neto-expoe-bastidores-tensos-do-corinthians-apos-derrota-no-equador\/\"]}]},{\"@type\":\"ImageObject\",\"inLanguage\":\"pt-BR\",\"@id\":\"https:\/\/www.gaveanews.com\/index.php\/2025\/03\/08\/craque-neto-expoe-bastidores-tensos-do-corinthians-apos-derrota-no-equador\/#primaryimage\",\"url\":\"https:\/\/www.gaveanews.com\/wp-content\/uploads\/Comentarista-Neto-em-programa-da-Band.webp\",\"contentUrl\":\"https:\/\/www.gaveanews.com\/wp-content\/uploads\/Comentarista-Neto-em-programa-da-Band.webp\",\"width\":846,\"height\":476,\"caption\":\"Comentarista Neto em programa da Band (Foto: Reprodu\u00e7\u00e3o\/Band)\"},{\"@type\":\"BreadcrumbList\",\"@id\":\"https:\/\/www.gaveanews.com\/index.php\/2025\/03\/08\/craque-neto-expoe-bastidores-tensos-do-corinthians-apos-derrota-no-equador\/#breadcrumb\",\"itemListElement\":[{\"@type\":\"ListItem\",\"position\":1,\"name\":\"Home\",\"item\":\"https:\/\/www.gaveanews.com\/\"},{\"@type\":\"ListItem\",\"position\":2,\"name\":\"Craque Neto exp\u00f5e bastidores tensos do Corinthians ap\u00f3s derrota no Equador\"}]},{\"@type\":\"WebSite\",\"@id\":\"https:\/\/www.gaveanews.com\/#website\",\"url\":\"https:\/\/www.gaveanews.com\/\",\"name\":\"G\u00e1vea News\",\"description\":\"Veja todas as not\u00edcias sobre o Flamengo: Contrata\u00e7\u00f5es, categorias de base, resultados das partidas, tabela de classifica\u00e7\u00e3o, pr\u00f3ximos jogos!\",\"potentialAction\":[{\"@type\":\"SearchAction\",\"target\":{\"@type\":\"EntryPoint\",\"urlTemplate\":\"https:\/\/www.gaveanews.com\/?s={search_term_string}\"},\"query-input\":{\"@type\":\"PropertyValueSpecification\",\"valueRequired\":true,\"valueName\":\"search_term_string\"}}],\"inLanguage\":\"pt-BR\"},{\"@type\":\"Person\",\"@id\":\"https:\/\/www.gaveanews.com\/#\/schema\/person\/bd08f00534b403119b92741a6d469ef0\",\"name\":\"Hudson Pereira\",\"image\":{\"@type\":\"ImageObject\",\"inLanguage\":\"pt-BR\",\"@id\":\"https:\/\/www.gaveanews.com\/#\/schema\/person\/image\/\",\"url\":\"https:\/\/secure.gravatar.com\/avatar\/ecc491b489e454e510efffc9b23c1052ce5fb4f2e05555768ba65819cd55f03e?s=96&d=mm&r=g\",\"contentUrl\":\"https:\/\/secure.gravatar.com\/avatar\/ecc491b489e454e510efffc9b23c1052ce5fb4f2e05555768ba65819cd55f03e?s=96&d=mm&r=g\",\"caption\":\"Hudson Pereira\"}}]}<\/script>\n<!-- \/ Yoast SEO Premium plugin. -->","yoast_head_json":{"title":"Craque Neto exp\u00f5e bastidores tensos do Corinthians ap\u00f3s derrota no Equador","robots":{"index":"index","follow":"follow","max-snippet":"max-snippet:-1","max-image-preview":"max-image-preview:large","max-video-preview":"max-video-preview:-1"},"canonical":"https:\/\/www.gaveanews.com\/index.php\/2025\/03\/08\/craque-neto-expoe-bastidores-tensos-do-corinthians-apos-derrota-no-equador\/","og_locale":"pt_BR","og_type":"article","og_title":"Craque Neto exp\u00f5e bastidores tensos do Corinthians ap\u00f3s derrota no Equador","og_description":"O apresentador Neto abordou um tema pol\u00eamico durante a edi\u00e7\u00e3o de sexta-feira (07) do programa Os Donos da Bola, da Band. Ele comentou sobre uma suposta discuss\u00e3o acalorada entre jogadores do Corinthians, ocorrida depois da derrota por 3 a 0 contra o Barcelona (Equador), em partida v\u00e1lida pela terceira fase preliminar da Copa Libertadores de [&hellip;]","og_url":"https:\/\/www.gaveanews.com\/index.php\/2025\/03\/08\/craque-neto-expoe-bastidores-tensos-do-corinthians-apos-derrota-no-equador\/","og_site_name":"G\u00e1vea News","article_publisher":"https:\/\/facebook.com\/gaveaNews\/","article_published_time":"2025-03-09T00:05:00+00:00","og_image":[{"width":846,"height":476,"url":"https:\/\/www.gaveanews.com\/wp-content\/uploads\/Comentarista-Neto-em-programa-da-Band.webp","type":"image\/jpeg"}],"author":"Hudson Pereira","twitter_card":"summary_large_image","twitter_misc":{"Escrito por":"Hudson Pereira","Est. tempo de leitura":"3 minutos"},"schema":{"@context":"https:\/\/schema.org","@graph":[{"@type":"NewsArticle","@id":"https:\/\/www.gaveanews.com\/index.php\/2025\/03\/08\/craque-neto-expoe-bastidores-tensos-do-corinthians-apos-derrota-no-equador\/#article","isPartOf":{"@id":"https:\/\/www.gaveanews.com\/index.php\/2025\/03\/08\/craque-neto-expoe-bastidores-tensos-do-corinthians-apos-derrota-no-equador\/"},"author":{"name":"Hudson Pereira","@id":"https:\/\/www.gaveanews.com\/#\/schema\/person\/bd08f00534b403119b92741a6d469ef0"},"headline":"Craque Neto exp\u00f5e bastidores tensos do Corinthians ap\u00f3s derrota no Equador","datePublished":"2025-03-09T00:05:00+00:00","mainEntityOfPage":{"@id":"https:\/\/www.gaveanews.com\/index.php\/2025\/03\/08\/craque-neto-expoe-bastidores-tensos-do-corinthians-apos-derrota-no-equador\/"},"wordCount":478,"commentCount":0,"image":{"@id":"https:\/\/www.gaveanews.com\/index.php\/2025\/03\/08\/craque-neto-expoe-bastidores-tensos-do-corinthians-apos-derrota-no-equador\/#primaryimage"},"thumbnailUrl":"https:\/\/www.gaveanews.com\/wp-content\/uploads\/Comentarista-Neto-em-programa-da-Band.webp","articleSection":["Corinthians"],"inLanguage":"pt-BR","potentialAction":[{"@type":"CommentAction","name":"Comment","target":["https:\/\/www.gaveanews.com\/index.php\/2025\/03\/08\/craque-neto-expoe-bastidores-tensos-do-corinthians-apos-derrota-no-equador\/#respond"]}],"copyrightYear":"2025","copyrightHolder":{"@id":"https:\/\/www.gaveanews.com\/#organization"}},{"@type":"WebPage","@id":"https:\/\/www.gaveanews.com\/index.php\/2025\/03\/08\/craque-neto-expoe-bastidores-tensos-do-corinthians-apos-derrota-no-equador\/","url":"https:\/\/www.gaveanews.com\/index.php\/2025\/03\/08\/craque-neto-expoe-bastidores-tensos-do-corinthians-apos-derrota-no-equador\/","name":"Craque Neto exp\u00f5e bastidores tensos do Corinthians ap\u00f3s derrota no Equador","isPartOf":{"@id":"https:\/\/www.gaveanews.com\/#website"},"primaryImageOfPage":{"@id":"https:\/\/www.gaveanews.com\/index.php\/2025\/03\/08\/craque-neto-expoe-bastidores-tensos-do-corinthians-apos-derrota-no-equador\/#primaryimage"},"image":{"@id":"https:\/\/www.gaveanews.com\/index.php\/2025\/03\/08\/craque-neto-expoe-bastidores-tensos-do-corinthians-apos-derrota-no-equador\/#primaryimage"},"thumbnailUrl":"https:\/\/www.gaveanews.com\/wp-content\/uploads\/Comentarista-Neto-em-programa-da-Band.webp","datePublished":"2025-03-09T00:05:00+00:00","author":{"@id":"https:\/\/www.gaveanews.com\/#\/schema\/person\/bd08f00534b403119b92741a6d469ef0"},"breadcrumb":{"@id":"https:\/\/www.gaveanews.com\/index.php\/2025\/03\/08\/craque-neto-expoe-bastidores-tensos-do-corinthians-apos-derrota-no-equador\/#breadcrumb"},"inLanguage":"pt-BR","potentialAction":[{"@type":"ReadAction","target":["https:\/\/www.gaveanews.com\/index.php\/2025\/03\/08\/craque-neto-expoe-bastidores-tensos-do-corinthians-apos-derrota-no-equador\/"]}]},{"@type":"ImageObject","inLanguage":"pt-BR","@id":"https:\/\/www.gaveanews.com\/index.php\/2025\/03\/08\/craque-neto-expoe-bastidores-tensos-do-corinthians-apos-derrota-no-equador\/#primaryimage","url":"https:\/\/www.gaveanews.com\/wp-content\/uploads\/Comentarista-Neto-em-programa-da-Band.webp","contentUrl":"https:\/\/www.gaveanews.com\/wp-content\/uploads\/Comentarista-Neto-em-programa-da-Band.webp","width":846,"height":476,"caption":"Comentarista Neto em programa da Band (Foto: Reprodu\u00e7\u00e3o\/Band)"},{"@type":"BreadcrumbList","@id":"https:\/\/www.gaveanews.com\/index.php\/2025\/03\/08\/craque-neto-expoe-bastidores-tensos-do-corinthians-apos-derrota-no-equador\/#breadcrumb","itemListElement":[{"@type":"ListItem","position":1,"name":"Home","item":"https:\/\/www.gaveanews.com\/"},{"@type":"ListItem","position":2,"name":"Craque Neto exp\u00f5e bastidores tensos do Corinthians ap\u00f3s derrota no Equador"}]},{"@type":"WebSite","@id":"https:\/\/www.gaveanews.com\/#website","url":"https:\/\/www.gaveanews.com\/","name":"G\u00e1vea News","description":"Veja todas as not\u00edcias sobre o Flamengo: Contrata\u00e7\u00f5es, categorias de base, resultados das partidas, tabela de classifica\u00e7\u00e3o, pr\u00f3ximos jogos!","potentialAction":[{"@type":"SearchAction","target":{"@type":"EntryPoint","urlTemplate":"https:\/\/www.gaveanews.com\/?s={search_term_string}"},"query-input":{"@type":"PropertyValueSpecification","valueRequired":true,"valueName":"search_term_string"}}],"inLanguage":"pt-BR"},{"@type":"Person","@id":"https:\/\/www.gaveanews.com\/#\/schema\/person\/bd08f00534b403119b92741a6d469ef0","name":"Hudson Pereira","image":{"@type":"ImageObject","inLanguage":"pt-BR","@id":"https:\/\/www.gaveanews.com\/#\/schema\/person\/image\/","url":"https:\/\/secure.gravatar.com\/avatar\/ecc491b489e454e510efffc9b23c1052ce5fb4f2e05555768ba65819cd55f03e?s=96&d=mm&r=g","contentUrl":"https:\/\/secure.gravatar.com\/avatar\/ecc491b489e454e510efffc9b23c1052ce5fb4f2e05555768ba65819cd55f03e?s=96&d=mm&r=g","caption":"Hudson Pereira"}}]}},"_links":{"self":[{"href":"https:\/\/www.gaveanews.com\/index.php\/wp-json\/wp\/v2\/posts\/237523","targetHints":{"allow":["GET"]}}],"collection":[{"href":"https:\/\/www.gaveanews.com\/index.php\/wp-json\/wp\/v2\/posts"}],"about":[{"href":"https:\/\/www.gaveanews.com\/index.php\/wp-json\/wp\/v2\/types\/post"}],"author":[{"embeddable":true,"href":"https:\/\/www.gaveanews.com\/index.php\/wp-json\/wp\/v2\/users\/28"}],"replies":[{"embeddable":true,"href":"https:\/\/www.gaveanews.com\/index.php\/wp-json\/wp\/v2\/comments?post=237523"}],"version-history":[{"count":2,"href":"https:\/\/www.gaveanews.com\/index.php\/wp-json\/wp\/v2\/posts\/237523\/revisions"}],"predecessor-version":[{"id":237551,"href":"https:\/\/www.gaveanews.com\/index.php\/wp-json\/wp\/v2\/posts\/237523\/revisions\/237551"}],"wp:featuredmedia":[{"embeddable":true,"href":"https:\/\/www.gaveanews.com\/index.php\/wp-json\/wp\/v2\/media\/71983"}],"wp:attachment":[{"href":"https:\/\/www.gaveanews.com\/index.php\/wp-json\/wp\/v2\/media?parent=237523"}],"wp:term":[{"taxonomy":"category","embeddable":true,"href":"https:\/\/www.gaveanews.com\/index.php\/wp-json\/wp\/v2\/categories?post=237523"},{"taxonomy":"post_tag","embeddable":true,"href":"https:\/\/www.gaveanews.com\/index.php\/wp-json\/wp\/v2\/tags?post=237523"}],"curies":[{"name":"wp","href":"https:\/\/api.w.org\/{rel}","templated":true}]}}