{"id":237528,"date":"2025-03-08T15:06:28","date_gmt":"2025-03-08T18:06:28","guid":{"rendered":"https:\/\/www.gaveanews.com\/?p=237528"},"modified":"2025-03-08T15:13:31","modified_gmt":"2025-03-08T18:13:31","slug":"alex-sandro-arrascaeta-bruno-henrique-de-la-cruz-gerson-juninho-luiz-araujo-leo-ortiz-leo-pereira-plata-pulgar-rossi-e-wesley-os-relacionados-do-flamengo-para-classico-contra-o-vasco","status":"publish","type":"post","link":"https:\/\/www.gaveanews.com\/index.php\/2025\/03\/08\/alex-sandro-arrascaeta-bruno-henrique-de-la-cruz-gerson-juninho-luiz-araujo-leo-ortiz-leo-pereira-plata-pulgar-rossi-e-wesley-os-relacionados-do-flamengo-para-classico-contra-o-vasco\/","title":{"rendered":"Alex Sandro, Arrascaeta, Bruno Henrique, De La Cruz, Gerson, Juninho, Luiz Ara\u00fajo, L\u00e9o Ortiz, L\u00e9o Pereira, Plata, Pulgar, Rossi e Wesley: os relacionados do Flamengo para cl\u00e1ssico contra o Vasco"},"content":{"rendered":"\n<p>Cl\u00e1ssico \u00e9 sempre diferente, e neste s\u00e1bado (8), o Flamengo vai disputar o segundo cl\u00e1ssico da semifinal do Campeonato Carioca, contra o Vasco da Gama. Para o confronto, o Rubro-Negro j\u00e1 divulgou a lista de relacionados.<\/p>\n\n\n\n<h2 class=\"wp-block-heading\" id=\"h-veja-relacionados-do-flamengo-0\">Veja relacionados do Flamengo<\/h2>\n\n\n\n<ul class=\"wp-block-list\">\n<li>Alex Sandro<\/li>\n\n\n\n<li>Allan<\/li>\n\n\n\n<li>Ayrton Lucas<\/li>\n\n\n\n<li>Bruno Henrique<\/li>\n\n\n\n<li>De Arrascaeta <\/li>\n\n\n\n<li>De La Cruz<\/li>\n\n\n\n<li>Dyogo ALves<\/li>\n\n\n\n<li>Erick<\/li>\n\n\n\n<li>Evertton Ara\u00fajo<\/li>\n\n\n\n<li>Gerson<\/li>\n\n\n\n<li>Jo\u00e3o Victor<\/li>\n\n\n\n<li>Johnny<\/li>\n\n\n\n<li>Juninho<\/li>\n\n\n\n<li>Luiz Ara\u00fajo<\/li>\n\n\n\n<li>L\u00e9o Ortiz<\/li>\n\n\n\n<li>L\u00e9o Pereira<\/li>\n\n\n\n<li>Matheus Cunha<\/li>\n\n\n\n<li>Matheus Gon\u00e7alves<\/li>\n\n\n\n<li>Plata<\/li>\n\n\n\n<li>Rossi<\/li>\n\n\n\n<li>Wallace Yan<\/li>\n\n\n\n<li>Wesley<\/li>\n<\/ul>\n\n\n\n<p>A partir da lista, destacam-se as aus\u00eancias de Danilo, Michael e Everton Cebolinha, que est\u00e3o no departamento m\u00e9dico. Por outro lado, Juninho, que n\u00e3o disputou o primeiro jogo da semifinal do Carioca, est\u00e1 recuperado.<\/p>\n\n\n\n<h2 class=\"wp-block-heading\" id=\"h-flamengo-no-carioca\">Flamengo no Carioca<\/h2>\n\n\n\n<p>Flamengo e Vasco v\u00e3o se enfrentar neste s\u00e1bado (8), no Maracan\u00e3, pelo segundo jogo da semifinal do Campeonato Carioca. A bola vai rolar \u00e0s 17h45 (hor\u00e1rio de Bras\u00edlia). <\/p>\n\n\n\n<p>Como venceu o primeiro embate por 1 a 0, com um gola\u00e7o de Bruno Henrique, o Flamengo tem uma ligieira vantagem no placar e pode at\u00e9 perder por um gol de diferen\u00e7a que se classifica para a grande final. O Vasco, por sua vez, precisa de uma vit\u00f3ria por dois ou mais gols de diferen\u00e7a para carimbar uma vaga rumo \u00e0 pr\u00f3xima fase.<\/p>\n\n\n\n<p>O Flamengo vive uma grande fase, e Filipe Lu\u00eds ostenta a melhor marca de t\u00e9cnicos da S\u00e9rie A desde 2019 = n\u00e3o perde h\u00e1 21 jogos. Neste per\u00edodo, foram 15 vit\u00f3rias e seis empates. <\/p>\n\n\n\n<p>O Vasco, por sua vez, vem cheio de confian\u00e7a ap\u00f3s vencer o Nova Igua\u00e7u por 3 a 0 e se classificar para a terceira fase da Copa do Brasil. Apesar do momento positivo, os atletas do Cruzmaltino sabem que o desafio n\u00e3o \u00e9 f\u00e1cil, mas garantem estar preparados para buscar o triunfo.<\/p>\n\n\n\n<p>O vencedor do cl\u00e1ssico se classifica para a grande final do Carioca e vai enfrentar Fluminense ou Volta Redonda, que disputam a outra fase. O Tricolor venceu o primeiro jogo por 4 a 0 e est\u00e1 com um dos p\u00e9s na decis\u00e3o.<\/p>\n","protected":false},"excerpt":{"rendered":"<p>Cl\u00e1ssico \u00e9 sempre diferente, e neste s\u00e1bado (8), o Flamengo vai disputar o segundo cl\u00e1ssico da semifinal do Campeonato Carioca, contra o Vasco da Gama. Para o confronto, o Rubro-Negro j\u00e1 divulgou a lista de relacionados. Veja relacionados do Flamengo A partir da lista, destacam-se as aus\u00eancias de Danilo, Michael e Everton Cebolinha, que est\u00e3o [&hellip;]<\/p>\n","protected":false},"author":18,"featured_media":145520,"comment_status":"open","ping_status":"closed","sticky":false,"template":"","format":"standard","meta":{"footnotes":""},"categories":[1],"tags":[],"class_list":["post-237528","post","type-post","status-publish","format-standard","has-post-thumbnail","hentry","category-flamengo"],"yoast_head":"<!-- This site is optimized with the Yoast SEO Premium plugin v24.2 (Yoast SEO v26.9) - https:\/\/yoast.com\/product\/yoast-seo-premium-wordpress\/ -->\n<title>Alex Sandro, Arrascaeta, Bruno Henrique, De La Cruz, Gerson, Juninho, Luiz Ara\u00fajo, L\u00e9o Ortiz, L\u00e9o Pereira, Plata, Pulgar, Rossi e Wesley: os relacionados do Flamengo para cl\u00e1ssico contra o Vasco<\/title>\n<meta name=\"robots\" content=\"index, follow, max-snippet:-1, max-image-preview:large, max-video-preview:-1\" \/>\n<link rel=\"canonical\" href=\"https:\/\/www.gaveanews.com\/index.php\/2025\/03\/08\/alex-sandro-arrascaeta-bruno-henrique-de-la-cruz-gerson-juninho-luiz-araujo-leo-ortiz-leo-pereira-plata-pulgar-rossi-e-wesley-os-relacionados-do-flamengo-para-classico-contra-o-vasco\/\" \/>\n<meta property=\"og:locale\" content=\"pt_BR\" \/>\n<meta property=\"og:type\" content=\"article\" \/>\n<meta property=\"og:title\" content=\"Alex Sandro, Arrascaeta, Bruno Henrique, De La Cruz, Gerson, Juninho, Luiz Ara\u00fajo, L\u00e9o Ortiz, L\u00e9o Pereira, Plata, Pulgar, Rossi e Wesley: os relacionados do Flamengo para cl\u00e1ssico contra o Vasco\" \/>\n<meta property=\"og:description\" content=\"Cl\u00e1ssico \u00e9 sempre diferente, e neste s\u00e1bado (8), o Flamengo vai disputar o segundo cl\u00e1ssico da semifinal do Campeonato Carioca, contra o Vasco da Gama. Para o confronto, o Rubro-Negro j\u00e1 divulgou a lista de relacionados. Veja relacionados do Flamengo A partir da lista, destacam-se as aus\u00eancias de Danilo, Michael e Everton Cebolinha, que est\u00e3o [&hellip;]\" \/>\n<meta property=\"og:url\" content=\"https:\/\/www.gaveanews.com\/index.php\/2025\/03\/08\/alex-sandro-arrascaeta-bruno-henrique-de-la-cruz-gerson-juninho-luiz-araujo-leo-ortiz-leo-pereira-plata-pulgar-rossi-e-wesley-os-relacionados-do-flamengo-para-classico-contra-o-vasco\/\" \/>\n<meta property=\"og:site_name\" content=\"G\u00e1vea News\" \/>\n<meta property=\"article:publisher\" content=\"https:\/\/facebook.com\/gaveaNews\/\" \/>\n<meta property=\"article:published_time\" content=\"2025-03-08T18:06:28+00:00\" \/>\n<meta property=\"article:modified_time\" content=\"2025-03-08T18:13:31+00:00\" \/>\n<meta property=\"og:image\" content=\"http:\/\/www.gaveanews.com\/wp-content\/uploads\/arrascaeta-flamengo-2.webp\" \/>\n\t<meta property=\"og:image:width\" content=\"900\" \/>\n\t<meta property=\"og:image:height\" content=\"599\" \/>\n\t<meta property=\"og:image:type\" content=\"image\/jpeg\" \/>\n<meta name=\"author\" content=\"Paula Silva\" \/>\n<meta name=\"twitter:card\" content=\"summary_large_image\" \/>\n<meta name=\"twitter:label1\" content=\"Escrito por\" \/>\n\t<meta name=\"twitter:data1\" content=\"Paula Silva\" \/>\n\t<meta name=\"twitter:label2\" content=\"Est. tempo de leitura\" \/>\n\t<meta name=\"twitter:data2\" content=\"3 minutos\" \/>\n<script type=\"application\/ld+json\" class=\"yoast-schema-graph\">{\"@context\":\"https:\/\/schema.org\",\"@graph\":[{\"@type\":\"NewsArticle\",\"@id\":\"https:\/\/www.gaveanews.com\/index.php\/2025\/03\/08\/alex-sandro-arrascaeta-bruno-henrique-de-la-cruz-gerson-juninho-luiz-araujo-leo-ortiz-leo-pereira-plata-pulgar-rossi-e-wesley-os-relacionados-do-flamengo-para-classico-contra-o-vasco\/#article\",\"isPartOf\":{\"@id\":\"https:\/\/www.gaveanews.com\/index.php\/2025\/03\/08\/alex-sandro-arrascaeta-bruno-henrique-de-la-cruz-gerson-juninho-luiz-araujo-leo-ortiz-leo-pereira-plata-pulgar-rossi-e-wesley-os-relacionados-do-flamengo-para-classico-contra-o-vasco\/\"},\"author\":{\"name\":\"Paula Silva\",\"@id\":\"https:\/\/www.gaveanews.com\/#\/schema\/person\/daf63eec72e1164eb13dc35096c2b8da\"},\"headline\":\"Alex Sandro, Arrascaeta, Bruno Henrique, De La Cruz, Gerson, Juninho, Luiz Ara\u00fajo, L\u00e9o Ortiz, L\u00e9o Pereira, Plata, Pulgar, Rossi e Wesley: os relacionados do Flamengo para cl\u00e1ssico contra o Vasco\",\"datePublished\":\"2025-03-08T18:06:28+00:00\",\"dateModified\":\"2025-03-08T18:13:31+00:00\",\"mainEntityOfPage\":{\"@id\":\"https:\/\/www.gaveanews.com\/index.php\/2025\/03\/08\/alex-sandro-arrascaeta-bruno-henrique-de-la-cruz-gerson-juninho-luiz-araujo-leo-ortiz-leo-pereira-plata-pulgar-rossi-e-wesley-os-relacionados-do-flamengo-para-classico-contra-o-vasco\/\"},\"wordCount\":388,\"commentCount\":0,\"image\":{\"@id\":\"https:\/\/www.gaveanews.com\/index.php\/2025\/03\/08\/alex-sandro-arrascaeta-bruno-henrique-de-la-cruz-gerson-juninho-luiz-araujo-leo-ortiz-leo-pereira-plata-pulgar-rossi-e-wesley-os-relacionados-do-flamengo-para-classico-contra-o-vasco\/#primaryimage\"},\"thumbnailUrl\":\"https:\/\/www.gaveanews.com\/wp-content\/uploads\/arrascaeta-flamengo-2.webp\",\"articleSection\":[\"Flamengo\"],\"inLanguage\":\"pt-BR\",\"potentialAction\":[{\"@type\":\"CommentAction\",\"name\":\"Comment\",\"target\":[\"https:\/\/www.gaveanews.com\/index.php\/2025\/03\/08\/alex-sandro-arrascaeta-bruno-henrique-de-la-cruz-gerson-juninho-luiz-araujo-leo-ortiz-leo-pereira-plata-pulgar-rossi-e-wesley-os-relacionados-do-flamengo-para-classico-contra-o-vasco\/#respond\"]}],\"copyrightYear\":\"2025\",\"copyrightHolder\":{\"@id\":\"https:\/\/www.gaveanews.com\/#organization\"}},{\"@type\":\"WebPage\",\"@id\":\"https:\/\/www.gaveanews.com\/index.php\/2025\/03\/08\/alex-sandro-arrascaeta-bruno-henrique-de-la-cruz-gerson-juninho-luiz-araujo-leo-ortiz-leo-pereira-plata-pulgar-rossi-e-wesley-os-relacionados-do-flamengo-para-classico-contra-o-vasco\/\",\"url\":\"https:\/\/www.gaveanews.com\/index.php\/2025\/03\/08\/alex-sandro-arrascaeta-bruno-henrique-de-la-cruz-gerson-juninho-luiz-araujo-leo-ortiz-leo-pereira-plata-pulgar-rossi-e-wesley-os-relacionados-do-flamengo-para-classico-contra-o-vasco\/\",\"name\":\"Alex Sandro, Arrascaeta, Bruno Henrique, De La Cruz, Gerson, Juninho, Luiz Ara\u00fajo, L\u00e9o Ortiz, L\u00e9o Pereira, Plata, Pulgar, Rossi e Wesley: os relacionados do Flamengo para cl\u00e1ssico contra o Vasco\",\"isPartOf\":{\"@id\":\"https:\/\/www.gaveanews.com\/#website\"},\"primaryImageOfPage\":{\"@id\":\"https:\/\/www.gaveanews.com\/index.php\/2025\/03\/08\/alex-sandro-arrascaeta-bruno-henrique-de-la-cruz-gerson-juninho-luiz-araujo-leo-ortiz-leo-pereira-plata-pulgar-rossi-e-wesley-os-relacionados-do-flamengo-para-classico-contra-o-vasco\/#primaryimage\"},\"image\":{\"@id\":\"https:\/\/www.gaveanews.com\/index.php\/2025\/03\/08\/alex-sandro-arrascaeta-bruno-henrique-de-la-cruz-gerson-juninho-luiz-araujo-leo-ortiz-leo-pereira-plata-pulgar-rossi-e-wesley-os-relacionados-do-flamengo-para-classico-contra-o-vasco\/#primaryimage\"},\"thumbnailUrl\":\"https:\/\/www.gaveanews.com\/wp-content\/uploads\/arrascaeta-flamengo-2.webp\",\"datePublished\":\"2025-03-08T18:06:28+00:00\",\"dateModified\":\"2025-03-08T18:13:31+00:00\",\"author\":{\"@id\":\"https:\/\/www.gaveanews.com\/#\/schema\/person\/daf63eec72e1164eb13dc35096c2b8da\"},\"breadcrumb\":{\"@id\":\"https:\/\/www.gaveanews.com\/index.php\/2025\/03\/08\/alex-sandro-arrascaeta-bruno-henrique-de-la-cruz-gerson-juninho-luiz-araujo-leo-ortiz-leo-pereira-plata-pulgar-rossi-e-wesley-os-relacionados-do-flamengo-para-classico-contra-o-vasco\/#breadcrumb\"},\"inLanguage\":\"pt-BR\",\"potentialAction\":[{\"@type\":\"ReadAction\",\"target\":[\"https:\/\/www.gaveanews.com\/index.php\/2025\/03\/08\/alex-sandro-arrascaeta-bruno-henrique-de-la-cruz-gerson-juninho-luiz-araujo-leo-ortiz-leo-pereira-plata-pulgar-rossi-e-wesley-os-relacionados-do-flamengo-para-classico-contra-o-vasco\/\"]}]},{\"@type\":\"ImageObject\",\"inLanguage\":\"pt-BR\",\"@id\":\"https:\/\/www.gaveanews.com\/index.php\/2025\/03\/08\/alex-sandro-arrascaeta-bruno-henrique-de-la-cruz-gerson-juninho-luiz-araujo-leo-ortiz-leo-pereira-plata-pulgar-rossi-e-wesley-os-relacionados-do-flamengo-para-classico-contra-o-vasco\/#primaryimage\",\"url\":\"https:\/\/www.gaveanews.com\/wp-content\/uploads\/arrascaeta-flamengo-2.webp\",\"contentUrl\":\"https:\/\/www.gaveanews.com\/wp-content\/uploads\/arrascaeta-flamengo-2.webp\",\"width\":900,\"height\":599,\"caption\":\"Arrascaeta em a\u00e7\u00e3o pelo Flamengo (Foto: Marcelo Cortes\/Flamengo)\"},{\"@type\":\"BreadcrumbList\",\"@id\":\"https:\/\/www.gaveanews.com\/index.php\/2025\/03\/08\/alex-sandro-arrascaeta-bruno-henrique-de-la-cruz-gerson-juninho-luiz-araujo-leo-ortiz-leo-pereira-plata-pulgar-rossi-e-wesley-os-relacionados-do-flamengo-para-classico-contra-o-vasco\/#breadcrumb\",\"itemListElement\":[{\"@type\":\"ListItem\",\"position\":1,\"name\":\"Home\",\"item\":\"https:\/\/www.gaveanews.com\/\"},{\"@type\":\"ListItem\",\"position\":2,\"name\":\"Alex Sandro, Arrascaeta, Bruno Henrique, De La Cruz, Gerson, Juninho, Luiz Ara\u00fajo, L\u00e9o Ortiz, L\u00e9o Pereira, Plata, Pulgar, Rossi e Wesley: os relacionados do Flamengo para cl\u00e1ssico contra o Vasco\"}]},{\"@type\":\"WebSite\",\"@id\":\"https:\/\/www.gaveanews.com\/#website\",\"url\":\"https:\/\/www.gaveanews.com\/\",\"name\":\"G\u00e1vea News\",\"description\":\"Veja todas as not\u00edcias sobre o Flamengo: Contrata\u00e7\u00f5es, categorias de base, resultados das partidas, tabela de classifica\u00e7\u00e3o, pr\u00f3ximos jogos!\",\"potentialAction\":[{\"@type\":\"SearchAction\",\"target\":{\"@type\":\"EntryPoint\",\"urlTemplate\":\"https:\/\/www.gaveanews.com\/?s={search_term_string}\"},\"query-input\":{\"@type\":\"PropertyValueSpecification\",\"valueRequired\":true,\"valueName\":\"search_term_string\"}}],\"inLanguage\":\"pt-BR\"},{\"@type\":\"Person\",\"@id\":\"https:\/\/www.gaveanews.com\/#\/schema\/person\/daf63eec72e1164eb13dc35096c2b8da\",\"name\":\"Paula Silva\",\"image\":{\"@type\":\"ImageObject\",\"inLanguage\":\"pt-BR\",\"@id\":\"https:\/\/www.gaveanews.com\/#\/schema\/person\/image\/\",\"url\":\"https:\/\/secure.gravatar.com\/avatar\/eda381c845527cc5d64c13b901833cda29d97500ba040d3e6461f76f51d163bb?s=96&d=mm&r=g\",\"contentUrl\":\"https:\/\/secure.gravatar.com\/avatar\/eda381c845527cc5d64c13b901833cda29d97500ba040d3e6461f76f51d163bb?s=96&d=mm&r=g\",\"caption\":\"Paula Silva\"}}]}<\/script>\n<!-- \/ Yoast SEO Premium plugin. -->","yoast_head_json":{"title":"Alex Sandro, Arrascaeta, Bruno Henrique, De La Cruz, Gerson, Juninho, Luiz Ara\u00fajo, L\u00e9o Ortiz, L\u00e9o Pereira, Plata, Pulgar, Rossi e Wesley: os relacionados do Flamengo para cl\u00e1ssico contra o Vasco","robots":{"index":"index","follow":"follow","max-snippet":"max-snippet:-1","max-image-preview":"max-image-preview:large","max-video-preview":"max-video-preview:-1"},"canonical":"https:\/\/www.gaveanews.com\/index.php\/2025\/03\/08\/alex-sandro-arrascaeta-bruno-henrique-de-la-cruz-gerson-juninho-luiz-araujo-leo-ortiz-leo-pereira-plata-pulgar-rossi-e-wesley-os-relacionados-do-flamengo-para-classico-contra-o-vasco\/","og_locale":"pt_BR","og_type":"article","og_title":"Alex Sandro, Arrascaeta, Bruno Henrique, De La Cruz, Gerson, Juninho, Luiz Ara\u00fajo, L\u00e9o Ortiz, L\u00e9o Pereira, Plata, Pulgar, Rossi e Wesley: os relacionados do Flamengo para cl\u00e1ssico contra o Vasco","og_description":"Cl\u00e1ssico \u00e9 sempre diferente, e neste s\u00e1bado (8), o Flamengo vai disputar o segundo cl\u00e1ssico da semifinal do Campeonato Carioca, contra o Vasco da Gama. Para o confronto, o Rubro-Negro j\u00e1 divulgou a lista de relacionados. Veja relacionados do Flamengo A partir da lista, destacam-se as aus\u00eancias de Danilo, Michael e Everton Cebolinha, que est\u00e3o [&hellip;]","og_url":"https:\/\/www.gaveanews.com\/index.php\/2025\/03\/08\/alex-sandro-arrascaeta-bruno-henrique-de-la-cruz-gerson-juninho-luiz-araujo-leo-ortiz-leo-pereira-plata-pulgar-rossi-e-wesley-os-relacionados-do-flamengo-para-classico-contra-o-vasco\/","og_site_name":"G\u00e1vea News","article_publisher":"https:\/\/facebook.com\/gaveaNews\/","article_published_time":"2025-03-08T18:06:28+00:00","article_modified_time":"2025-03-08T18:13:31+00:00","og_image":[{"width":900,"height":599,"url":"http:\/\/www.gaveanews.com\/wp-content\/uploads\/arrascaeta-flamengo-2.webp","type":"image\/jpeg"}],"author":"Paula Silva","twitter_card":"summary_large_image","twitter_misc":{"Escrito por":"Paula Silva","Est. tempo de leitura":"3 minutos"},"schema":{"@context":"https:\/\/schema.org","@graph":[{"@type":"NewsArticle","@id":"https:\/\/www.gaveanews.com\/index.php\/2025\/03\/08\/alex-sandro-arrascaeta-bruno-henrique-de-la-cruz-gerson-juninho-luiz-araujo-leo-ortiz-leo-pereira-plata-pulgar-rossi-e-wesley-os-relacionados-do-flamengo-para-classico-contra-o-vasco\/#article","isPartOf":{"@id":"https:\/\/www.gaveanews.com\/index.php\/2025\/03\/08\/alex-sandro-arrascaeta-bruno-henrique-de-la-cruz-gerson-juninho-luiz-araujo-leo-ortiz-leo-pereira-plata-pulgar-rossi-e-wesley-os-relacionados-do-flamengo-para-classico-contra-o-vasco\/"},"author":{"name":"Paula Silva","@id":"https:\/\/www.gaveanews.com\/#\/schema\/person\/daf63eec72e1164eb13dc35096c2b8da"},"headline":"Alex Sandro, Arrascaeta, Bruno Henrique, De La Cruz, Gerson, Juninho, Luiz Ara\u00fajo, L\u00e9o Ortiz, L\u00e9o Pereira, Plata, Pulgar, Rossi e Wesley: os relacionados do Flamengo para cl\u00e1ssico contra o Vasco","datePublished":"2025-03-08T18:06:28+00:00","dateModified":"2025-03-08T18:13:31+00:00","mainEntityOfPage":{"@id":"https:\/\/www.gaveanews.com\/index.php\/2025\/03\/08\/alex-sandro-arrascaeta-bruno-henrique-de-la-cruz-gerson-juninho-luiz-araujo-leo-ortiz-leo-pereira-plata-pulgar-rossi-e-wesley-os-relacionados-do-flamengo-para-classico-contra-o-vasco\/"},"wordCount":388,"commentCount":0,"image":{"@id":"https:\/\/www.gaveanews.com\/index.php\/2025\/03\/08\/alex-sandro-arrascaeta-bruno-henrique-de-la-cruz-gerson-juninho-luiz-araujo-leo-ortiz-leo-pereira-plata-pulgar-rossi-e-wesley-os-relacionados-do-flamengo-para-classico-contra-o-vasco\/#primaryimage"},"thumbnailUrl":"https:\/\/www.gaveanews.com\/wp-content\/uploads\/arrascaeta-flamengo-2.webp","articleSection":["Flamengo"],"inLanguage":"pt-BR","potentialAction":[{"@type":"CommentAction","name":"Comment","target":["https:\/\/www.gaveanews.com\/index.php\/2025\/03\/08\/alex-sandro-arrascaeta-bruno-henrique-de-la-cruz-gerson-juninho-luiz-araujo-leo-ortiz-leo-pereira-plata-pulgar-rossi-e-wesley-os-relacionados-do-flamengo-para-classico-contra-o-vasco\/#respond"]}],"copyrightYear":"2025","copyrightHolder":{"@id":"https:\/\/www.gaveanews.com\/#organization"}},{"@type":"WebPage","@id":"https:\/\/www.gaveanews.com\/index.php\/2025\/03\/08\/alex-sandro-arrascaeta-bruno-henrique-de-la-cruz-gerson-juninho-luiz-araujo-leo-ortiz-leo-pereira-plata-pulgar-rossi-e-wesley-os-relacionados-do-flamengo-para-classico-contra-o-vasco\/","url":"https:\/\/www.gaveanews.com\/index.php\/2025\/03\/08\/alex-sandro-arrascaeta-bruno-henrique-de-la-cruz-gerson-juninho-luiz-araujo-leo-ortiz-leo-pereira-plata-pulgar-rossi-e-wesley-os-relacionados-do-flamengo-para-classico-contra-o-vasco\/","name":"Alex Sandro, Arrascaeta, Bruno Henrique, De La Cruz, Gerson, Juninho, Luiz Ara\u00fajo, L\u00e9o Ortiz, L\u00e9o Pereira, Plata, Pulgar, Rossi e Wesley: os relacionados do Flamengo para cl\u00e1ssico contra o Vasco","isPartOf":{"@id":"https:\/\/www.gaveanews.com\/#website"},"primaryImageOfPage":{"@id":"https:\/\/www.gaveanews.com\/index.php\/2025\/03\/08\/alex-sandro-arrascaeta-bruno-henrique-de-la-cruz-gerson-juninho-luiz-araujo-leo-ortiz-leo-pereira-plata-pulgar-rossi-e-wesley-os-relacionados-do-flamengo-para-classico-contra-o-vasco\/#primaryimage"},"image":{"@id":"https:\/\/www.gaveanews.com\/index.php\/2025\/03\/08\/alex-sandro-arrascaeta-bruno-henrique-de-la-cruz-gerson-juninho-luiz-araujo-leo-ortiz-leo-pereira-plata-pulgar-rossi-e-wesley-os-relacionados-do-flamengo-para-classico-contra-o-vasco\/#primaryimage"},"thumbnailUrl":"https:\/\/www.gaveanews.com\/wp-content\/uploads\/arrascaeta-flamengo-2.webp","datePublished":"2025-03-08T18:06:28+00:00","dateModified":"2025-03-08T18:13:31+00:00","author":{"@id":"https:\/\/www.gaveanews.com\/#\/schema\/person\/daf63eec72e1164eb13dc35096c2b8da"},"breadcrumb":{"@id":"https:\/\/www.gaveanews.com\/index.php\/2025\/03\/08\/alex-sandro-arrascaeta-bruno-henrique-de-la-cruz-gerson-juninho-luiz-araujo-leo-ortiz-leo-pereira-plata-pulgar-rossi-e-wesley-os-relacionados-do-flamengo-para-classico-contra-o-vasco\/#breadcrumb"},"inLanguage":"pt-BR","potentialAction":[{"@type":"ReadAction","target":["https:\/\/www.gaveanews.com\/index.php\/2025\/03\/08\/alex-sandro-arrascaeta-bruno-henrique-de-la-cruz-gerson-juninho-luiz-araujo-leo-ortiz-leo-pereira-plata-pulgar-rossi-e-wesley-os-relacionados-do-flamengo-para-classico-contra-o-vasco\/"]}]},{"@type":"ImageObject","inLanguage":"pt-BR","@id":"https:\/\/www.gaveanews.com\/index.php\/2025\/03\/08\/alex-sandro-arrascaeta-bruno-henrique-de-la-cruz-gerson-juninho-luiz-araujo-leo-ortiz-leo-pereira-plata-pulgar-rossi-e-wesley-os-relacionados-do-flamengo-para-classico-contra-o-vasco\/#primaryimage","url":"https:\/\/www.gaveanews.com\/wp-content\/uploads\/arrascaeta-flamengo-2.webp","contentUrl":"https:\/\/www.gaveanews.com\/wp-content\/uploads\/arrascaeta-flamengo-2.webp","width":900,"height":599,"caption":"Arrascaeta em a\u00e7\u00e3o pelo Flamengo (Foto: Marcelo Cortes\/Flamengo)"},{"@type":"BreadcrumbList","@id":"https:\/\/www.gaveanews.com\/index.php\/2025\/03\/08\/alex-sandro-arrascaeta-bruno-henrique-de-la-cruz-gerson-juninho-luiz-araujo-leo-ortiz-leo-pereira-plata-pulgar-rossi-e-wesley-os-relacionados-do-flamengo-para-classico-contra-o-vasco\/#breadcrumb","itemListElement":[{"@type":"ListItem","position":1,"name":"Home","item":"https:\/\/www.gaveanews.com\/"},{"@type":"ListItem","position":2,"name":"Alex Sandro, Arrascaeta, Bruno Henrique, De La Cruz, Gerson, Juninho, Luiz Ara\u00fajo, L\u00e9o Ortiz, L\u00e9o Pereira, Plata, Pulgar, Rossi e Wesley: os relacionados do Flamengo para cl\u00e1ssico contra o Vasco"}]},{"@type":"WebSite","@id":"https:\/\/www.gaveanews.com\/#website","url":"https:\/\/www.gaveanews.com\/","name":"G\u00e1vea News","description":"Veja todas as not\u00edcias sobre o Flamengo: Contrata\u00e7\u00f5es, categorias de base, resultados das partidas, tabela de classifica\u00e7\u00e3o, pr\u00f3ximos jogos!","potentialAction":[{"@type":"SearchAction","target":{"@type":"EntryPoint","urlTemplate":"https:\/\/www.gaveanews.com\/?s={search_term_string}"},"query-input":{"@type":"PropertyValueSpecification","valueRequired":true,"valueName":"search_term_string"}}],"inLanguage":"pt-BR"},{"@type":"Person","@id":"https:\/\/www.gaveanews.com\/#\/schema\/person\/daf63eec72e1164eb13dc35096c2b8da","name":"Paula Silva","image":{"@type":"ImageObject","inLanguage":"pt-BR","@id":"https:\/\/www.gaveanews.com\/#\/schema\/person\/image\/","url":"https:\/\/secure.gravatar.com\/avatar\/eda381c845527cc5d64c13b901833cda29d97500ba040d3e6461f76f51d163bb?s=96&d=mm&r=g","contentUrl":"https:\/\/secure.gravatar.com\/avatar\/eda381c845527cc5d64c13b901833cda29d97500ba040d3e6461f76f51d163bb?s=96&d=mm&r=g","caption":"Paula Silva"}}]}},"_links":{"self":[{"href":"https:\/\/www.gaveanews.com\/index.php\/wp-json\/wp\/v2\/posts\/237528","targetHints":{"allow":["GET"]}}],"collection":[{"href":"https:\/\/www.gaveanews.com\/index.php\/wp-json\/wp\/v2\/posts"}],"about":[{"href":"https:\/\/www.gaveanews.com\/index.php\/wp-json\/wp\/v2\/types\/post"}],"author":[{"embeddable":true,"href":"https:\/\/www.gaveanews.com\/index.php\/wp-json\/wp\/v2\/users\/18"}],"replies":[{"embeddable":true,"href":"https:\/\/www.gaveanews.com\/index.php\/wp-json\/wp\/v2\/comments?post=237528"}],"version-history":[{"count":2,"href":"https:\/\/www.gaveanews.com\/index.php\/wp-json\/wp\/v2\/posts\/237528\/revisions"}],"predecessor-version":[{"id":237531,"href":"https:\/\/www.gaveanews.com\/index.php\/wp-json\/wp\/v2\/posts\/237528\/revisions\/237531"}],"wp:featuredmedia":[{"embeddable":true,"href":"https:\/\/www.gaveanews.com\/index.php\/wp-json\/wp\/v2\/media\/145520"}],"wp:attachment":[{"href":"https:\/\/www.gaveanews.com\/index.php\/wp-json\/wp\/v2\/media?parent=237528"}],"wp:term":[{"taxonomy":"category","embeddable":true,"href":"https:\/\/www.gaveanews.com\/index.php\/wp-json\/wp\/v2\/categories?post=237528"},{"taxonomy":"post_tag","embeddable":true,"href":"https:\/\/www.gaveanews.com\/index.php\/wp-json\/wp\/v2\/tags?post=237528"}],"curies":[{"name":"wp","href":"https:\/\/api.w.org\/{rel}","templated":true}]}}