{"id":237540,"date":"2025-03-08T21:15:00","date_gmt":"2025-03-09T00:15:00","guid":{"rendered":"https:\/\/www.gaveanews.com\/?p=237540"},"modified":"2025-03-08T20:06:44","modified_gmt":"2025-03-08T23:06:44","slug":"rebecca-andrade-vira-inspiracao-para-figurino-de-anitta-veja-fotos","status":"publish","type":"post","link":"https:\/\/www.gaveanews.com\/index.php\/2025\/03\/08\/rebecca-andrade-vira-inspiracao-para-figurino-de-anitta-veja-fotos\/","title":{"rendered":"Rebecca Andrade vira inspira\u00e7\u00e3o para figurino de Anitta; veja fotos"},"content":{"rendered":"\n<p>Anitta encerrou sua temporada carnavalesca com uma homenagem especial \u00e0 ginasta Rebeca Andrade. Durante o bloco que marcou o fim do seu projeto #MaratonaDeJoga\u00e7\u00e3o, no centro do Rio de Janeiro, a cantora surgiu no trio el\u00e9trico vestindo um collant dourado, uma r\u00e9plica da medalha de ouro dos Jogos Ol\u00edmpicos de Paris 2024, e segurando a bandeira do Brasil. A escolha do figurino foi uma forma de celebrar o sucesso da atleta, que reagiu com entusiasmo \u00e0 homenagem.<\/p>\n\n\n\n<p>Rebeca Andrade utilizou suas redes sociais para demonstrar gratid\u00e3o pela refer\u00eancia feita por Anitta. A ginasta, campe\u00e3 ol\u00edmpica, repostou imagens do evento e elogiou a escolha da cantora, deixando claro o quanto ficou feliz com o tributo. &#8220;Diva faz assim e eu amei muito&#8221;, escreveu a atleta, destacando a conex\u00e3o entre ambas.<\/p>\n\n\n\n<blockquote class=\"instagram-media\" data-instgrm-captioned data-instgrm-permalink=\"https:\/\/www.instagram.com\/p\/DG7yji-OMjU\/?utm_source=ig_embed&amp;utm_campaign=loading\" data-instgrm-version=\"14\" style=\" background:#FFF; border:0; border-radius:3px; box-shadow:0 0 1px 0 rgba(0,0,0,0.5),0 1px 10px 0 rgba(0,0,0,0.15); margin: 1px; max-width:540px; min-width:326px; padding:0; width:99.375%; width:-webkit-calc(100% - 2px); width:calc(100% - 2px);\"><div style=\"padding:16px;\"> <a href=\"https:\/\/www.instagram.com\/p\/DG7yji-OMjU\/?utm_source=ig_embed&amp;utm_campaign=loading\" style=\" background:#FFFFFF; line-height:0; padding:0 0; text-align:center; text-decoration:none; width:100%;\" target=\"_blank\"> <div style=\" display: flex; flex-direction: row; align-items: center;\"> <div style=\"background-color: #F4F4F4; border-radius: 50%; flex-grow: 0; height: 40px; margin-right: 14px; width: 40px;\"><\/div> <div style=\"display: flex; flex-direction: column; flex-grow: 1; justify-content: center;\"> <div style=\" background-color: #F4F4F4; border-radius: 4px; flex-grow: 0; height: 14px; margin-bottom: 6px; width: 100px;\"><\/div> <div style=\" background-color: #F4F4F4; border-radius: 4px; flex-grow: 0; height: 14px; width: 60px;\"><\/div><\/div><\/div><div style=\"padding: 19% 0;\"><\/div> <div style=\"display:block; height:50px; margin:0 auto 12px; width:50px;\"><svg width=\"50px\" height=\"50px\" viewBox=\"0 0 60 60\" version=\"1.1\" xmlns=\"https:\/\/www.w3.org\/2000\/svg\" xmlns:xlink=\"https:\/\/www.w3.org\/1999\/xlink\"><g stroke=\"none\" stroke-width=\"1\" fill=\"none\" fill-rule=\"evenodd\"><g transform=\"translate(-511.000000, -20.000000)\" fill=\"#000000\"><g><path d=\"M556.869,30.41 C554.814,30.41 553.148,32.076 553.148,34.131 C553.148,36.186 554.814,37.852 556.869,37.852 C558.924,37.852 560.59,36.186 560.59,34.131 C560.59,32.076 558.924,30.41 556.869,30.41 M541,60.657 C535.114,60.657 530.342,55.887 530.342,50 C530.342,44.114 535.114,39.342 541,39.342 C546.887,39.342 551.658,44.114 551.658,50 C551.658,55.887 546.887,60.657 541,60.657 M541,33.886 C532.1,33.886 524.886,41.1 524.886,50 C524.886,58.899 532.1,66.113 541,66.113 C549.9,66.113 557.115,58.899 557.115,50 C557.115,41.1 549.9,33.886 541,33.886 M565.378,62.101 C565.244,65.022 564.756,66.606 564.346,67.663 C563.803,69.06 563.154,70.057 562.106,71.106 C561.058,72.155 560.06,72.803 558.662,73.347 C557.607,73.757 556.021,74.244 553.102,74.378 C549.944,74.521 548.997,74.552 541,74.552 C533.003,74.552 532.056,74.521 528.898,74.378 C525.979,74.244 524.393,73.757 523.338,73.347 C521.94,72.803 520.942,72.155 519.894,71.106 C518.846,70.057 518.197,69.06 517.654,67.663 C517.244,66.606 516.755,65.022 516.623,62.101 C516.479,58.943 516.448,57.996 516.448,50 C516.448,42.003 516.479,41.056 516.623,37.899 C516.755,34.978 517.244,33.391 517.654,32.338 C518.197,30.938 518.846,29.942 519.894,28.894 C520.942,27.846 521.94,27.196 523.338,26.654 C524.393,26.244 525.979,25.756 528.898,25.623 C532.057,25.479 533.004,25.448 541,25.448 C548.997,25.448 549.943,25.479 553.102,25.623 C556.021,25.756 557.607,26.244 558.662,26.654 C560.06,27.196 561.058,27.846 562.106,28.894 C563.154,29.942 563.803,30.938 564.346,32.338 C564.756,33.391 565.244,34.978 565.378,37.899 C565.522,41.056 565.552,42.003 565.552,50 C565.552,57.996 565.522,58.943 565.378,62.101 M570.82,37.631 C570.674,34.438 570.167,32.258 569.425,30.349 C568.659,28.377 567.633,26.702 565.965,25.035 C564.297,23.368 562.623,22.342 560.652,21.575 C558.743,20.834 556.562,20.326 553.369,20.18 C550.169,20.033 549.148,20 541,20 C532.853,20 531.831,20.033 528.631,20.18 C525.438,20.326 523.257,20.834 521.349,21.575 C519.376,22.342 517.703,23.368 516.035,25.035 C514.368,26.702 513.342,28.377 512.574,30.349 C511.834,32.258 511.326,34.438 511.181,37.631 C511.035,40.831 511,41.851 511,50 C511,58.147 511.035,59.17 511.181,62.369 C511.326,65.562 511.834,67.743 512.574,69.651 C513.342,71.625 514.368,73.296 516.035,74.965 C517.703,76.634 519.376,77.658 521.349,78.425 C523.257,79.167 525.438,79.673 528.631,79.82 C531.831,79.965 532.853,80.001 541,80.001 C549.148,80.001 550.169,79.965 553.369,79.82 C556.562,79.673 558.743,79.167 560.652,78.425 C562.623,77.658 564.297,76.634 565.965,74.965 C567.633,73.296 568.659,71.625 569.425,69.651 C570.167,67.743 570.674,65.562 570.82,62.369 C570.966,59.17 571,58.147 571,50 C571,41.851 570.966,40.831 570.82,37.631\"><\/path><\/g><\/g><\/g><\/svg><\/div><div style=\"padding-top: 8px;\"> <div style=\" color:#3897f0; font-family:Arial,sans-serif; font-size:14px; font-style:normal; font-weight:550; line-height:18px;\">Ver essa foto no Instagram<\/div><\/div><div style=\"padding: 12.5% 0;\"><\/div> <div style=\"display: flex; flex-direction: row; margin-bottom: 14px; align-items: center;\"><div> <div style=\"background-color: #F4F4F4; border-radius: 50%; height: 12.5px; width: 12.5px; transform: translateX(0px) translateY(7px);\"><\/div> <div style=\"background-color: #F4F4F4; height: 12.5px; transform: rotate(-45deg) translateX(3px) translateY(1px); width: 12.5px; flex-grow: 0; margin-right: 14px; margin-left: 2px;\"><\/div> <div style=\"background-color: #F4F4F4; border-radius: 50%; height: 12.5px; width: 12.5px; transform: translateX(9px) translateY(-18px);\"><\/div><\/div><div style=\"margin-left: 8px;\"> <div style=\" background-color: #F4F4F4; border-radius: 50%; flex-grow: 0; height: 20px; width: 20px;\"><\/div> <div style=\" width: 0; height: 0; border-top: 2px solid transparent; border-left: 6px solid #f4f4f4; border-bottom: 2px solid transparent; transform: translateX(16px) translateY(-4px) rotate(30deg)\"><\/div><\/div><div style=\"margin-left: auto;\"> <div style=\" width: 0px; border-top: 8px solid #F4F4F4; border-right: 8px solid transparent; transform: translateY(16px);\"><\/div> <div style=\" background-color: #F4F4F4; flex-grow: 0; height: 12px; width: 16px; transform: translateY(-4px);\"><\/div> <div style=\" width: 0; height: 0; border-top: 8px solid #F4F4F4; border-left: 8px solid transparent; transform: translateY(-4px) translateX(8px);\"><\/div><\/div><\/div> <div style=\"display: flex; flex-direction: column; flex-grow: 1; justify-content: center; margin-bottom: 24px;\"> <div style=\" background-color: #F4F4F4; border-radius: 4px; flex-grow: 0; height: 14px; margin-bottom: 6px; width: 224px;\"><\/div> <div style=\" background-color: #F4F4F4; border-radius: 4px; flex-grow: 0; height: 14px; width: 144px;\"><\/div><\/div><\/a><p style=\" color:#c9c8cd; font-family:Arial,sans-serif; font-size:14px; line-height:17px; margin-bottom:0; margin-top:8px; overflow:hidden; padding:8px 0 7px; text-align:center; text-overflow:ellipsis; white-space:nowrap;\"><a href=\"https:\/\/www.instagram.com\/p\/DG7yji-OMjU\/?utm_source=ig_embed&amp;utm_campaign=loading\" style=\" color:#c9c8cd; font-family:Arial,sans-serif; font-size:14px; font-style:normal; font-weight:normal; line-height:17px; text-decoration:none;\" target=\"_blank\">Uma publica\u00e7\u00e3o compartilhada por Anitta \ud83c\udfa4 (@anitta)<\/a><\/p><\/div><\/blockquote>\n<script async src=\"\/\/www.instagram.com\/embed.js\"><\/script>\n\n\n\n<p>A homenagem a Rebeca foi parte de um conceito maior adotado por Anitta durante o Carnaval de 2025. A cantora apostou em fantasias inspiradas em diferentes modalidades esportivas ao longo de suas apresenta\u00e7\u00f5es. Entre as refer\u00eancias escolhidas estiveram o skate, em alus\u00e3o a Rayssa Leal, al\u00e9m de esportes como boxe, esgrima, t\u00eanis, h\u00f3quei, v\u00f4lei, beisebol e futebol. A decis\u00e3o de celebrar o esporte veio do desejo da artista de destacar os benef\u00edcios da pr\u00e1tica esportiva e de homenagear os atletas brasileiros.<\/p>\n\n\n\n<p>Em entrevista, Anitta explicou a motiva\u00e7\u00e3o por tr\u00e1s do tema escolhido para o Carnaval. Segundo ela, a ideia surgiu da vontade de destacar como o esporte proporciona benef\u00edcios f\u00edsicos e mentais, al\u00e9m de promover intera\u00e7\u00e3o social e senso de comunidade. &#8220;Ver os nossos atletas arrasando nas Olimp\u00edadas tamb\u00e9m influenciou demais nessa escolha, al\u00e9m de eu achar que esse assunto tem super a ver com o momento que estou vivendo agora&#8221;, afirmou.<\/p>\n\n\n\n<p>A rela\u00e7\u00e3o entre Anitta e Rebeca Andrade j\u00e1 havia sido evidenciada anteriormente. Nos Jogos Ol\u00edmpicos de Paris 2024, a ginasta utilizou um trecho da m\u00fasica &#8220;Movimento da Sanfoninha&#8221;, produzida pela cantora, em sua apresenta\u00e7\u00e3o de solo que lhe garantiu a medalha de ouro. Na ocasi\u00e3o, Anitta comemorou o feito da atleta, celebrando tanto a conquista esportiva quanto a repercuss\u00e3o de sua m\u00fasica.<\/p>\n\n\n\n<p>Apesar das homenagens ao esporte, a cantora admitiu que n\u00e3o \u00e9 uma pessoa muito ativa fisicamente. Com bom humor, afirmou que tem dificuldades para manter uma rotina de exerc\u00edcios, mas ressaltou seu respeito pelo esfor\u00e7o dos atletas. &#8220;Eu sou pregui\u00e7osa mesmo nos esportes, n\u00e3o vou mentir. Estou aqui homenageando porque admiro a garra dessas pessoas&#8221;, brincou Anitta, destacando sua admira\u00e7\u00e3o pelos profissionais do esporte.<\/p>\n\n\n\n<p><\/p>\n","protected":false},"excerpt":{"rendered":"<p>Anitta encerrou sua temporada carnavalesca com uma homenagem especial \u00e0 ginasta Rebeca Andrade. Durante o bloco que marcou o fim do seu projeto #MaratonaDeJoga\u00e7\u00e3o, no centro do Rio de Janeiro, a cantora surgiu no trio el\u00e9trico vestindo um collant dourado, uma r\u00e9plica da medalha de ouro dos Jogos Ol\u00edmpicos de Paris 2024, e segurando a [&hellip;]<\/p>\n","protected":false},"author":18,"featured_media":156022,"comment_status":"open","ping_status":"closed","sticky":false,"template":"","format":"standard","meta":{"footnotes":""},"categories":[81],"tags":[],"class_list":["post-237540","post","type-post","status-publish","format-standard","has-post-thumbnail","hentry","category-celebridades"],"yoast_head":"<!-- This site is optimized with the Yoast SEO Premium plugin v24.2 (Yoast SEO v26.9) - https:\/\/yoast.com\/product\/yoast-seo-premium-wordpress\/ -->\n<title>Rebecca Andrade vira inspira\u00e7\u00e3o para figurino de Anitta; veja fotos<\/title>\n<meta name=\"robots\" content=\"index, follow, max-snippet:-1, max-image-preview:large, max-video-preview:-1\" \/>\n<link rel=\"canonical\" href=\"https:\/\/www.gaveanews.com\/index.php\/2025\/03\/08\/rebecca-andrade-vira-inspiracao-para-figurino-de-anitta-veja-fotos\/\" \/>\n<meta property=\"og:locale\" content=\"pt_BR\" \/>\n<meta property=\"og:type\" content=\"article\" \/>\n<meta property=\"og:title\" content=\"Rebecca Andrade vira inspira\u00e7\u00e3o para figurino de Anitta; veja fotos\" \/>\n<meta property=\"og:description\" content=\"Anitta encerrou sua temporada carnavalesca com uma homenagem especial \u00e0 ginasta Rebeca Andrade. Durante o bloco que marcou o fim do seu projeto #MaratonaDeJoga\u00e7\u00e3o, no centro do Rio de Janeiro, a cantora surgiu no trio el\u00e9trico vestindo um collant dourado, uma r\u00e9plica da medalha de ouro dos Jogos Ol\u00edmpicos de Paris 2024, e segurando a [&hellip;]\" \/>\n<meta property=\"og:url\" content=\"https:\/\/www.gaveanews.com\/index.php\/2025\/03\/08\/rebecca-andrade-vira-inspiracao-para-figurino-de-anitta-veja-fotos\/\" \/>\n<meta property=\"og:site_name\" content=\"G\u00e1vea News\" \/>\n<meta property=\"article:publisher\" content=\"https:\/\/facebook.com\/gaveaNews\/\" \/>\n<meta property=\"article:published_time\" content=\"2025-03-09T00:15:00+00:00\" \/>\n<meta property=\"og:image\" content=\"https:\/\/www.gaveanews.com\/wp-content\/uploads\/Rebeca-Andrade-ganha-medalha-de-prata-no-individual-geral-nas-Olimpiadas-de-Paris.webp\" \/>\n\t<meta property=\"og:image:width\" content=\"900\" \/>\n\t<meta property=\"og:image:height\" content=\"675\" \/>\n\t<meta property=\"og:image:type\" content=\"image\/jpeg\" \/>\n<meta name=\"author\" content=\"Paula Silva\" \/>\n<meta name=\"twitter:card\" content=\"summary_large_image\" \/>\n<meta name=\"twitter:label1\" content=\"Escrito por\" \/>\n\t<meta name=\"twitter:data1\" content=\"Paula Silva\" \/>\n\t<meta name=\"twitter:label2\" content=\"Est. tempo de leitura\" \/>\n\t<meta name=\"twitter:data2\" content=\"3 minutos\" \/>\n<script type=\"application\/ld+json\" class=\"yoast-schema-graph\">{\"@context\":\"https:\/\/schema.org\",\"@graph\":[{\"@type\":\"NewsArticle\",\"@id\":\"https:\/\/www.gaveanews.com\/index.php\/2025\/03\/08\/rebecca-andrade-vira-inspiracao-para-figurino-de-anitta-veja-fotos\/#article\",\"isPartOf\":{\"@id\":\"https:\/\/www.gaveanews.com\/index.php\/2025\/03\/08\/rebecca-andrade-vira-inspiracao-para-figurino-de-anitta-veja-fotos\/\"},\"author\":{\"name\":\"Paula Silva\",\"@id\":\"https:\/\/www.gaveanews.com\/#\/schema\/person\/daf63eec72e1164eb13dc35096c2b8da\"},\"headline\":\"Rebecca Andrade vira inspira\u00e7\u00e3o para figurino de Anitta; veja fotos\",\"datePublished\":\"2025-03-09T00:15:00+00:00\",\"mainEntityOfPage\":{\"@id\":\"https:\/\/www.gaveanews.com\/index.php\/2025\/03\/08\/rebecca-andrade-vira-inspiracao-para-figurino-de-anitta-veja-fotos\/\"},\"wordCount\":464,\"commentCount\":0,\"image\":{\"@id\":\"https:\/\/www.gaveanews.com\/index.php\/2025\/03\/08\/rebecca-andrade-vira-inspiracao-para-figurino-de-anitta-veja-fotos\/#primaryimage\"},\"thumbnailUrl\":\"https:\/\/www.gaveanews.com\/wp-content\/uploads\/Rebeca-Andrade-ganha-medalha-de-prata-no-individual-geral-nas-Olimpiadas-de-Paris.webp\",\"articleSection\":[\"Celebridades\"],\"inLanguage\":\"pt-BR\",\"potentialAction\":[{\"@type\":\"CommentAction\",\"name\":\"Comment\",\"target\":[\"https:\/\/www.gaveanews.com\/index.php\/2025\/03\/08\/rebecca-andrade-vira-inspiracao-para-figurino-de-anitta-veja-fotos\/#respond\"]}],\"copyrightYear\":\"2025\",\"copyrightHolder\":{\"@id\":\"https:\/\/www.gaveanews.com\/#organization\"}},{\"@type\":\"WebPage\",\"@id\":\"https:\/\/www.gaveanews.com\/index.php\/2025\/03\/08\/rebecca-andrade-vira-inspiracao-para-figurino-de-anitta-veja-fotos\/\",\"url\":\"https:\/\/www.gaveanews.com\/index.php\/2025\/03\/08\/rebecca-andrade-vira-inspiracao-para-figurino-de-anitta-veja-fotos\/\",\"name\":\"Rebecca Andrade vira inspira\u00e7\u00e3o para figurino de Anitta; veja fotos\",\"isPartOf\":{\"@id\":\"https:\/\/www.gaveanews.com\/#website\"},\"primaryImageOfPage\":{\"@id\":\"https:\/\/www.gaveanews.com\/index.php\/2025\/03\/08\/rebecca-andrade-vira-inspiracao-para-figurino-de-anitta-veja-fotos\/#primaryimage\"},\"image\":{\"@id\":\"https:\/\/www.gaveanews.com\/index.php\/2025\/03\/08\/rebecca-andrade-vira-inspiracao-para-figurino-de-anitta-veja-fotos\/#primaryimage\"},\"thumbnailUrl\":\"https:\/\/www.gaveanews.com\/wp-content\/uploads\/Rebeca-Andrade-ganha-medalha-de-prata-no-individual-geral-nas-Olimpiadas-de-Paris.webp\",\"datePublished\":\"2025-03-09T00:15:00+00:00\",\"author\":{\"@id\":\"https:\/\/www.gaveanews.com\/#\/schema\/person\/daf63eec72e1164eb13dc35096c2b8da\"},\"breadcrumb\":{\"@id\":\"https:\/\/www.gaveanews.com\/index.php\/2025\/03\/08\/rebecca-andrade-vira-inspiracao-para-figurino-de-anitta-veja-fotos\/#breadcrumb\"},\"inLanguage\":\"pt-BR\",\"potentialAction\":[{\"@type\":\"ReadAction\",\"target\":[\"https:\/\/www.gaveanews.com\/index.php\/2025\/03\/08\/rebecca-andrade-vira-inspiracao-para-figurino-de-anitta-veja-fotos\/\"]}]},{\"@type\":\"ImageObject\",\"inLanguage\":\"pt-BR\",\"@id\":\"https:\/\/www.gaveanews.com\/index.php\/2025\/03\/08\/rebecca-andrade-vira-inspiracao-para-figurino-de-anitta-veja-fotos\/#primaryimage\",\"url\":\"https:\/\/www.gaveanews.com\/wp-content\/uploads\/Rebeca-Andrade-ganha-medalha-de-prata-no-individual-geral-nas-Olimpiadas-de-Paris.webp\",\"contentUrl\":\"https:\/\/www.gaveanews.com\/wp-content\/uploads\/Rebeca-Andrade-ganha-medalha-de-prata-no-individual-geral-nas-Olimpiadas-de-Paris.webp\",\"width\":900,\"height\":675,\"caption\":\"Rebeca Andrade ganha medalha de prata no individual geral nas Olimpiadas de Paris (Foto: Ricardo Bufolin\/CBG)\"},{\"@type\":\"BreadcrumbList\",\"@id\":\"https:\/\/www.gaveanews.com\/index.php\/2025\/03\/08\/rebecca-andrade-vira-inspiracao-para-figurino-de-anitta-veja-fotos\/#breadcrumb\",\"itemListElement\":[{\"@type\":\"ListItem\",\"position\":1,\"name\":\"Home\",\"item\":\"https:\/\/www.gaveanews.com\/\"},{\"@type\":\"ListItem\",\"position\":2,\"name\":\"Rebecca Andrade vira inspira\u00e7\u00e3o para figurino de Anitta; veja fotos\"}]},{\"@type\":\"WebSite\",\"@id\":\"https:\/\/www.gaveanews.com\/#website\",\"url\":\"https:\/\/www.gaveanews.com\/\",\"name\":\"G\u00e1vea News\",\"description\":\"Veja todas as not\u00edcias sobre o Flamengo: Contrata\u00e7\u00f5es, categorias de base, resultados das partidas, tabela de classifica\u00e7\u00e3o, pr\u00f3ximos jogos!\",\"potentialAction\":[{\"@type\":\"SearchAction\",\"target\":{\"@type\":\"EntryPoint\",\"urlTemplate\":\"https:\/\/www.gaveanews.com\/?s={search_term_string}\"},\"query-input\":{\"@type\":\"PropertyValueSpecification\",\"valueRequired\":true,\"valueName\":\"search_term_string\"}}],\"inLanguage\":\"pt-BR\"},{\"@type\":\"Person\",\"@id\":\"https:\/\/www.gaveanews.com\/#\/schema\/person\/daf63eec72e1164eb13dc35096c2b8da\",\"name\":\"Paula Silva\",\"image\":{\"@type\":\"ImageObject\",\"inLanguage\":\"pt-BR\",\"@id\":\"https:\/\/www.gaveanews.com\/#\/schema\/person\/image\/\",\"url\":\"https:\/\/secure.gravatar.com\/avatar\/eda381c845527cc5d64c13b901833cda29d97500ba040d3e6461f76f51d163bb?s=96&d=mm&r=g\",\"contentUrl\":\"https:\/\/secure.gravatar.com\/avatar\/eda381c845527cc5d64c13b901833cda29d97500ba040d3e6461f76f51d163bb?s=96&d=mm&r=g\",\"caption\":\"Paula Silva\"}}]}<\/script>\n<!-- \/ Yoast SEO Premium plugin. -->","yoast_head_json":{"title":"Rebecca Andrade vira inspira\u00e7\u00e3o para figurino de Anitta; veja fotos","robots":{"index":"index","follow":"follow","max-snippet":"max-snippet:-1","max-image-preview":"max-image-preview:large","max-video-preview":"max-video-preview:-1"},"canonical":"https:\/\/www.gaveanews.com\/index.php\/2025\/03\/08\/rebecca-andrade-vira-inspiracao-para-figurino-de-anitta-veja-fotos\/","og_locale":"pt_BR","og_type":"article","og_title":"Rebecca Andrade vira inspira\u00e7\u00e3o para figurino de Anitta; veja fotos","og_description":"Anitta encerrou sua temporada carnavalesca com uma homenagem especial \u00e0 ginasta Rebeca Andrade. Durante o bloco que marcou o fim do seu projeto #MaratonaDeJoga\u00e7\u00e3o, no centro do Rio de Janeiro, a cantora surgiu no trio el\u00e9trico vestindo um collant dourado, uma r\u00e9plica da medalha de ouro dos Jogos Ol\u00edmpicos de Paris 2024, e segurando a [&hellip;]","og_url":"https:\/\/www.gaveanews.com\/index.php\/2025\/03\/08\/rebecca-andrade-vira-inspiracao-para-figurino-de-anitta-veja-fotos\/","og_site_name":"G\u00e1vea News","article_publisher":"https:\/\/facebook.com\/gaveaNews\/","article_published_time":"2025-03-09T00:15:00+00:00","og_image":[{"width":900,"height":675,"url":"https:\/\/www.gaveanews.com\/wp-content\/uploads\/Rebeca-Andrade-ganha-medalha-de-prata-no-individual-geral-nas-Olimpiadas-de-Paris.webp","type":"image\/jpeg"}],"author":"Paula Silva","twitter_card":"summary_large_image","twitter_misc":{"Escrito por":"Paula Silva","Est. tempo de leitura":"3 minutos"},"schema":{"@context":"https:\/\/schema.org","@graph":[{"@type":"NewsArticle","@id":"https:\/\/www.gaveanews.com\/index.php\/2025\/03\/08\/rebecca-andrade-vira-inspiracao-para-figurino-de-anitta-veja-fotos\/#article","isPartOf":{"@id":"https:\/\/www.gaveanews.com\/index.php\/2025\/03\/08\/rebecca-andrade-vira-inspiracao-para-figurino-de-anitta-veja-fotos\/"},"author":{"name":"Paula Silva","@id":"https:\/\/www.gaveanews.com\/#\/schema\/person\/daf63eec72e1164eb13dc35096c2b8da"},"headline":"Rebecca Andrade vira inspira\u00e7\u00e3o para figurino de Anitta; veja fotos","datePublished":"2025-03-09T00:15:00+00:00","mainEntityOfPage":{"@id":"https:\/\/www.gaveanews.com\/index.php\/2025\/03\/08\/rebecca-andrade-vira-inspiracao-para-figurino-de-anitta-veja-fotos\/"},"wordCount":464,"commentCount":0,"image":{"@id":"https:\/\/www.gaveanews.com\/index.php\/2025\/03\/08\/rebecca-andrade-vira-inspiracao-para-figurino-de-anitta-veja-fotos\/#primaryimage"},"thumbnailUrl":"https:\/\/www.gaveanews.com\/wp-content\/uploads\/Rebeca-Andrade-ganha-medalha-de-prata-no-individual-geral-nas-Olimpiadas-de-Paris.webp","articleSection":["Celebridades"],"inLanguage":"pt-BR","potentialAction":[{"@type":"CommentAction","name":"Comment","target":["https:\/\/www.gaveanews.com\/index.php\/2025\/03\/08\/rebecca-andrade-vira-inspiracao-para-figurino-de-anitta-veja-fotos\/#respond"]}],"copyrightYear":"2025","copyrightHolder":{"@id":"https:\/\/www.gaveanews.com\/#organization"}},{"@type":"WebPage","@id":"https:\/\/www.gaveanews.com\/index.php\/2025\/03\/08\/rebecca-andrade-vira-inspiracao-para-figurino-de-anitta-veja-fotos\/","url":"https:\/\/www.gaveanews.com\/index.php\/2025\/03\/08\/rebecca-andrade-vira-inspiracao-para-figurino-de-anitta-veja-fotos\/","name":"Rebecca Andrade vira inspira\u00e7\u00e3o para figurino de Anitta; veja fotos","isPartOf":{"@id":"https:\/\/www.gaveanews.com\/#website"},"primaryImageOfPage":{"@id":"https:\/\/www.gaveanews.com\/index.php\/2025\/03\/08\/rebecca-andrade-vira-inspiracao-para-figurino-de-anitta-veja-fotos\/#primaryimage"},"image":{"@id":"https:\/\/www.gaveanews.com\/index.php\/2025\/03\/08\/rebecca-andrade-vira-inspiracao-para-figurino-de-anitta-veja-fotos\/#primaryimage"},"thumbnailUrl":"https:\/\/www.gaveanews.com\/wp-content\/uploads\/Rebeca-Andrade-ganha-medalha-de-prata-no-individual-geral-nas-Olimpiadas-de-Paris.webp","datePublished":"2025-03-09T00:15:00+00:00","author":{"@id":"https:\/\/www.gaveanews.com\/#\/schema\/person\/daf63eec72e1164eb13dc35096c2b8da"},"breadcrumb":{"@id":"https:\/\/www.gaveanews.com\/index.php\/2025\/03\/08\/rebecca-andrade-vira-inspiracao-para-figurino-de-anitta-veja-fotos\/#breadcrumb"},"inLanguage":"pt-BR","potentialAction":[{"@type":"ReadAction","target":["https:\/\/www.gaveanews.com\/index.php\/2025\/03\/08\/rebecca-andrade-vira-inspiracao-para-figurino-de-anitta-veja-fotos\/"]}]},{"@type":"ImageObject","inLanguage":"pt-BR","@id":"https:\/\/www.gaveanews.com\/index.php\/2025\/03\/08\/rebecca-andrade-vira-inspiracao-para-figurino-de-anitta-veja-fotos\/#primaryimage","url":"https:\/\/www.gaveanews.com\/wp-content\/uploads\/Rebeca-Andrade-ganha-medalha-de-prata-no-individual-geral-nas-Olimpiadas-de-Paris.webp","contentUrl":"https:\/\/www.gaveanews.com\/wp-content\/uploads\/Rebeca-Andrade-ganha-medalha-de-prata-no-individual-geral-nas-Olimpiadas-de-Paris.webp","width":900,"height":675,"caption":"Rebeca Andrade ganha medalha de prata no individual geral nas Olimpiadas de Paris (Foto: Ricardo Bufolin\/CBG)"},{"@type":"BreadcrumbList","@id":"https:\/\/www.gaveanews.com\/index.php\/2025\/03\/08\/rebecca-andrade-vira-inspiracao-para-figurino-de-anitta-veja-fotos\/#breadcrumb","itemListElement":[{"@type":"ListItem","position":1,"name":"Home","item":"https:\/\/www.gaveanews.com\/"},{"@type":"ListItem","position":2,"name":"Rebecca Andrade vira inspira\u00e7\u00e3o para figurino de Anitta; veja fotos"}]},{"@type":"WebSite","@id":"https:\/\/www.gaveanews.com\/#website","url":"https:\/\/www.gaveanews.com\/","name":"G\u00e1vea News","description":"Veja todas as not\u00edcias sobre o Flamengo: Contrata\u00e7\u00f5es, categorias de base, resultados das partidas, tabela de classifica\u00e7\u00e3o, pr\u00f3ximos jogos!","potentialAction":[{"@type":"SearchAction","target":{"@type":"EntryPoint","urlTemplate":"https:\/\/www.gaveanews.com\/?s={search_term_string}"},"query-input":{"@type":"PropertyValueSpecification","valueRequired":true,"valueName":"search_term_string"}}],"inLanguage":"pt-BR"},{"@type":"Person","@id":"https:\/\/www.gaveanews.com\/#\/schema\/person\/daf63eec72e1164eb13dc35096c2b8da","name":"Paula Silva","image":{"@type":"ImageObject","inLanguage":"pt-BR","@id":"https:\/\/www.gaveanews.com\/#\/schema\/person\/image\/","url":"https:\/\/secure.gravatar.com\/avatar\/eda381c845527cc5d64c13b901833cda29d97500ba040d3e6461f76f51d163bb?s=96&d=mm&r=g","contentUrl":"https:\/\/secure.gravatar.com\/avatar\/eda381c845527cc5d64c13b901833cda29d97500ba040d3e6461f76f51d163bb?s=96&d=mm&r=g","caption":"Paula Silva"}}]}},"_links":{"self":[{"href":"https:\/\/www.gaveanews.com\/index.php\/wp-json\/wp\/v2\/posts\/237540","targetHints":{"allow":["GET"]}}],"collection":[{"href":"https:\/\/www.gaveanews.com\/index.php\/wp-json\/wp\/v2\/posts"}],"about":[{"href":"https:\/\/www.gaveanews.com\/index.php\/wp-json\/wp\/v2\/types\/post"}],"author":[{"embeddable":true,"href":"https:\/\/www.gaveanews.com\/index.php\/wp-json\/wp\/v2\/users\/18"}],"replies":[{"embeddable":true,"href":"https:\/\/www.gaveanews.com\/index.php\/wp-json\/wp\/v2\/comments?post=237540"}],"version-history":[{"count":1,"href":"https:\/\/www.gaveanews.com\/index.php\/wp-json\/wp\/v2\/posts\/237540\/revisions"}],"predecessor-version":[{"id":237542,"href":"https:\/\/www.gaveanews.com\/index.php\/wp-json\/wp\/v2\/posts\/237540\/revisions\/237542"}],"wp:featuredmedia":[{"embeddable":true,"href":"https:\/\/www.gaveanews.com\/index.php\/wp-json\/wp\/v2\/media\/156022"}],"wp:attachment":[{"href":"https:\/\/www.gaveanews.com\/index.php\/wp-json\/wp\/v2\/media?parent=237540"}],"wp:term":[{"taxonomy":"category","embeddable":true,"href":"https:\/\/www.gaveanews.com\/index.php\/wp-json\/wp\/v2\/categories?post=237540"},{"taxonomy":"post_tag","embeddable":true,"href":"https:\/\/www.gaveanews.com\/index.php\/wp-json\/wp\/v2\/tags?post=237540"}],"curies":[{"name":"wp","href":"https:\/\/api.w.org\/{rel}","templated":true}]}}