{"id":237541,"date":"2025-03-08T22:00:00","date_gmt":"2025-03-09T01:00:00","guid":{"rendered":"https:\/\/www.gaveanews.com\/?p=237541"},"modified":"2025-03-08T20:09:01","modified_gmt":"2025-03-08T23:09:01","slug":"fluminense-a-declaracao-de-everaldo-direcionada-a-fred","status":"publish","type":"post","link":"https:\/\/www.gaveanews.com\/index.php\/2025\/03\/08\/fluminense-a-declaracao-de-everaldo-direcionada-a-fred\/","title":{"rendered":"Fluminense: a declara\u00e7\u00e3o de Everaldo direcionada a Fred"},"content":{"rendered":"\n<p>Everaldo chegou ao Fluminense carregando uma responsabilidade especial: vestir a hist\u00f3rica camisa 9 do clube. O atacante, que j\u00e1 disputou quatro partidas pelo Tricolor, afirmou estar ciente do peso dessa numera\u00e7\u00e3o e se mostrou motivado para honrar o legado deixado por grandes \u00eddolos do passado.<\/p>\n\n\n\n<p>&#8220;Particularmente, sempre gostei de usar a camisa nove. A maior parte da minha carreira foi com esse n\u00famero. Sei que tem uma representatividade muito grande dentro do clube por causa de jogadores como Fred e John Kennedy, mais recentemente&#8221;, destacou o centroavante.<\/p>\n\n\n\n<p>A hist\u00f3ria do Fluminense \u00e9 marcada por grandes camisas 9, desde Waldo, maior artilheiro do clube, at\u00e9 Fred, que somou 199 gols e se consolidou como um dos maiores \u00eddolos da torcida. Everaldo reconhece essa tradi\u00e7\u00e3o e garantiu que pretende fazer o seu melhor para manter a m\u00edstica viva. &#8220;\u00c9 uma responsabilidade grande, mas levo de maneira natural. Vou me esfor\u00e7ar ao m\u00e1ximo para entregar o que todos esperam&#8221;, afirmou.<\/p>\n\n\n\n<p>Al\u00e9m dos \u00eddolos mais recentes, a camisa 9 tricolor j\u00e1 foi usada por outros atacantes de peso, como Washington, Super \u00c9zio e Cl\u00e1udio Ad\u00e3o. Em 2023, John Kennedy foi o protagonista ao marcar o gol do t\u00edtulo da Libertadores diante do Boca Juniors, refor\u00e7ando a tradi\u00e7\u00e3o da numera\u00e7\u00e3o em momentos decisivos.<\/p>\n\n\n\n<p>Mesmo diante da forte concorr\u00eancia com Germ\u00e1n Cano, Everaldo acredita que ambos ter\u00e3o oportunidades ao longo da temporada. &#8220;A disputa \u00e9 natural. O Cano \u00e9 um jogador fora de s\u00e9rie, uma refer\u00eancia para o clube. Mas a temporada \u00e9 longa, e quando minha presen\u00e7a for necess\u00e1ria, estarei pronto para ajudar&#8221;, garantiu.<\/p>\n\n\n\n<p>O novo camisa 9 tricolor tamb\u00e9m revelou que sua escolha pelo Fluminense foi influenciada pela oportunidade de disputar grandes competi\u00e7\u00f5es e atuar no Maracan\u00e3. &#8220;Quando surgiu a chance de jogar aqui, n\u00e3o pensei duas vezes. O Fluminense tem um projeto ambicioso, e quero fazer parte dessa hist\u00f3ria&#8221;, concluiu.<\/p>\n","protected":false},"excerpt":{"rendered":"<p>Everaldo chegou ao Fluminense carregando uma responsabilidade especial: vestir a hist\u00f3rica camisa 9 do clube. O atacante, que j\u00e1 disputou quatro partidas pelo Tricolor, afirmou estar ciente do peso dessa numera\u00e7\u00e3o e se mostrou motivado para honrar o legado deixado por grandes \u00eddolos do passado. &#8220;Particularmente, sempre gostei de usar a camisa nove. A maior [&hellip;]<\/p>\n","protected":false},"author":18,"featured_media":237543,"comment_status":"open","ping_status":"closed","sticky":false,"template":"","format":"standard","meta":{"footnotes":""},"categories":[145],"tags":[],"class_list":["post-237541","post","type-post","status-publish","format-standard","has-post-thumbnail","hentry","category-fluminense"],"yoast_head":"<!-- This site is optimized with the Yoast SEO Premium plugin v24.2 (Yoast SEO v26.9) - https:\/\/yoast.com\/product\/yoast-seo-premium-wordpress\/ -->\n<title>Fluminense: a declara\u00e7\u00e3o de Everaldo direcionada a Fred<\/title>\n<meta name=\"robots\" content=\"index, follow, max-snippet:-1, max-image-preview:large, max-video-preview:-1\" \/>\n<link rel=\"canonical\" href=\"https:\/\/www.gaveanews.com\/index.php\/2025\/03\/08\/fluminense-a-declaracao-de-everaldo-direcionada-a-fred\/\" \/>\n<meta property=\"og:locale\" content=\"pt_BR\" \/>\n<meta property=\"og:type\" content=\"article\" \/>\n<meta property=\"og:title\" content=\"Fluminense: a declara\u00e7\u00e3o de Everaldo direcionada a Fred\" \/>\n<meta property=\"og:description\" content=\"Everaldo chegou ao Fluminense carregando uma responsabilidade especial: vestir a hist\u00f3rica camisa 9 do clube. O atacante, que j\u00e1 disputou quatro partidas pelo Tricolor, afirmou estar ciente do peso dessa numera\u00e7\u00e3o e se mostrou motivado para honrar o legado deixado por grandes \u00eddolos do passado. &#8220;Particularmente, sempre gostei de usar a camisa nove. A maior [&hellip;]\" \/>\n<meta property=\"og:url\" content=\"https:\/\/www.gaveanews.com\/index.php\/2025\/03\/08\/fluminense-a-declaracao-de-everaldo-direcionada-a-fred\/\" \/>\n<meta property=\"og:site_name\" content=\"G\u00e1vea News\" \/>\n<meta property=\"article:publisher\" content=\"https:\/\/facebook.com\/gaveaNews\/\" \/>\n<meta property=\"article:published_time\" content=\"2025-03-09T01:00:00+00:00\" \/>\n<meta property=\"og:image\" content=\"https:\/\/www.gaveanews.com\/wp-content\/uploads\/Everaldo-e-apresentado-pelo-Fluminense.webp\" \/>\n\t<meta property=\"og:image:width\" content=\"687\" \/>\n\t<meta property=\"og:image:height\" content=\"420\" \/>\n\t<meta property=\"og:image:type\" content=\"image\/jpeg\" \/>\n<meta name=\"author\" content=\"Paula Silva\" \/>\n<meta name=\"twitter:card\" content=\"summary_large_image\" \/>\n<meta name=\"twitter:label1\" content=\"Escrito por\" \/>\n\t<meta name=\"twitter:data1\" content=\"Paula Silva\" \/>\n\t<meta name=\"twitter:label2\" content=\"Est. tempo de leitura\" \/>\n\t<meta name=\"twitter:data2\" content=\"2 minutos\" \/>\n<script type=\"application\/ld+json\" class=\"yoast-schema-graph\">{\"@context\":\"https:\/\/schema.org\",\"@graph\":[{\"@type\":\"NewsArticle\",\"@id\":\"https:\/\/www.gaveanews.com\/index.php\/2025\/03\/08\/fluminense-a-declaracao-de-everaldo-direcionada-a-fred\/#article\",\"isPartOf\":{\"@id\":\"https:\/\/www.gaveanews.com\/index.php\/2025\/03\/08\/fluminense-a-declaracao-de-everaldo-direcionada-a-fred\/\"},\"author\":{\"name\":\"Paula Silva\",\"@id\":\"https:\/\/www.gaveanews.com\/#\/schema\/person\/daf63eec72e1164eb13dc35096c2b8da\"},\"headline\":\"Fluminense: a declara\u00e7\u00e3o de Everaldo direcionada a Fred\",\"datePublished\":\"2025-03-09T01:00:00+00:00\",\"mainEntityOfPage\":{\"@id\":\"https:\/\/www.gaveanews.com\/index.php\/2025\/03\/08\/fluminense-a-declaracao-de-everaldo-direcionada-a-fred\/\"},\"wordCount\":331,\"commentCount\":0,\"image\":{\"@id\":\"https:\/\/www.gaveanews.com\/index.php\/2025\/03\/08\/fluminense-a-declaracao-de-everaldo-direcionada-a-fred\/#primaryimage\"},\"thumbnailUrl\":\"https:\/\/www.gaveanews.com\/wp-content\/uploads\/Everaldo-e-apresentado-pelo-Fluminense.webp\",\"articleSection\":[\"Fluminense\"],\"inLanguage\":\"pt-BR\",\"potentialAction\":[{\"@type\":\"CommentAction\",\"name\":\"Comment\",\"target\":[\"https:\/\/www.gaveanews.com\/index.php\/2025\/03\/08\/fluminense-a-declaracao-de-everaldo-direcionada-a-fred\/#respond\"]}],\"copyrightYear\":\"2025\",\"copyrightHolder\":{\"@id\":\"https:\/\/www.gaveanews.com\/#organization\"}},{\"@type\":\"WebPage\",\"@id\":\"https:\/\/www.gaveanews.com\/index.php\/2025\/03\/08\/fluminense-a-declaracao-de-everaldo-direcionada-a-fred\/\",\"url\":\"https:\/\/www.gaveanews.com\/index.php\/2025\/03\/08\/fluminense-a-declaracao-de-everaldo-direcionada-a-fred\/\",\"name\":\"Fluminense: a declara\u00e7\u00e3o de Everaldo direcionada a Fred\",\"isPartOf\":{\"@id\":\"https:\/\/www.gaveanews.com\/#website\"},\"primaryImageOfPage\":{\"@id\":\"https:\/\/www.gaveanews.com\/index.php\/2025\/03\/08\/fluminense-a-declaracao-de-everaldo-direcionada-a-fred\/#primaryimage\"},\"image\":{\"@id\":\"https:\/\/www.gaveanews.com\/index.php\/2025\/03\/08\/fluminense-a-declaracao-de-everaldo-direcionada-a-fred\/#primaryimage\"},\"thumbnailUrl\":\"https:\/\/www.gaveanews.com\/wp-content\/uploads\/Everaldo-e-apresentado-pelo-Fluminense.webp\",\"datePublished\":\"2025-03-09T01:00:00+00:00\",\"author\":{\"@id\":\"https:\/\/www.gaveanews.com\/#\/schema\/person\/daf63eec72e1164eb13dc35096c2b8da\"},\"breadcrumb\":{\"@id\":\"https:\/\/www.gaveanews.com\/index.php\/2025\/03\/08\/fluminense-a-declaracao-de-everaldo-direcionada-a-fred\/#breadcrumb\"},\"inLanguage\":\"pt-BR\",\"potentialAction\":[{\"@type\":\"ReadAction\",\"target\":[\"https:\/\/www.gaveanews.com\/index.php\/2025\/03\/08\/fluminense-a-declaracao-de-everaldo-direcionada-a-fred\/\"]}]},{\"@type\":\"ImageObject\",\"inLanguage\":\"pt-BR\",\"@id\":\"https:\/\/www.gaveanews.com\/index.php\/2025\/03\/08\/fluminense-a-declaracao-de-everaldo-direcionada-a-fred\/#primaryimage\",\"url\":\"https:\/\/www.gaveanews.com\/wp-content\/uploads\/Everaldo-e-apresentado-pelo-Fluminense.webp\",\"contentUrl\":\"https:\/\/www.gaveanews.com\/wp-content\/uploads\/Everaldo-e-apresentado-pelo-Fluminense.webp\",\"width\":687,\"height\":420,\"caption\":\"Everaldo \u00e9 apresentado pelo Fluminense (Foto: Marcelo Gon\u00e7alves\/FFC)\"},{\"@type\":\"BreadcrumbList\",\"@id\":\"https:\/\/www.gaveanews.com\/index.php\/2025\/03\/08\/fluminense-a-declaracao-de-everaldo-direcionada-a-fred\/#breadcrumb\",\"itemListElement\":[{\"@type\":\"ListItem\",\"position\":1,\"name\":\"Home\",\"item\":\"https:\/\/www.gaveanews.com\/\"},{\"@type\":\"ListItem\",\"position\":2,\"name\":\"Fluminense: a declara\u00e7\u00e3o de Everaldo direcionada a Fred\"}]},{\"@type\":\"WebSite\",\"@id\":\"https:\/\/www.gaveanews.com\/#website\",\"url\":\"https:\/\/www.gaveanews.com\/\",\"name\":\"G\u00e1vea News\",\"description\":\"Veja todas as not\u00edcias sobre o Flamengo: Contrata\u00e7\u00f5es, categorias de base, resultados das partidas, tabela de classifica\u00e7\u00e3o, pr\u00f3ximos jogos!\",\"potentialAction\":[{\"@type\":\"SearchAction\",\"target\":{\"@type\":\"EntryPoint\",\"urlTemplate\":\"https:\/\/www.gaveanews.com\/?s={search_term_string}\"},\"query-input\":{\"@type\":\"PropertyValueSpecification\",\"valueRequired\":true,\"valueName\":\"search_term_string\"}}],\"inLanguage\":\"pt-BR\"},{\"@type\":\"Person\",\"@id\":\"https:\/\/www.gaveanews.com\/#\/schema\/person\/daf63eec72e1164eb13dc35096c2b8da\",\"name\":\"Paula Silva\",\"image\":{\"@type\":\"ImageObject\",\"inLanguage\":\"pt-BR\",\"@id\":\"https:\/\/www.gaveanews.com\/#\/schema\/person\/image\/\",\"url\":\"https:\/\/secure.gravatar.com\/avatar\/eda381c845527cc5d64c13b901833cda29d97500ba040d3e6461f76f51d163bb?s=96&d=mm&r=g\",\"contentUrl\":\"https:\/\/secure.gravatar.com\/avatar\/eda381c845527cc5d64c13b901833cda29d97500ba040d3e6461f76f51d163bb?s=96&d=mm&r=g\",\"caption\":\"Paula Silva\"}}]}<\/script>\n<!-- \/ Yoast SEO Premium plugin. -->","yoast_head_json":{"title":"Fluminense: a declara\u00e7\u00e3o de Everaldo direcionada a Fred","robots":{"index":"index","follow":"follow","max-snippet":"max-snippet:-1","max-image-preview":"max-image-preview:large","max-video-preview":"max-video-preview:-1"},"canonical":"https:\/\/www.gaveanews.com\/index.php\/2025\/03\/08\/fluminense-a-declaracao-de-everaldo-direcionada-a-fred\/","og_locale":"pt_BR","og_type":"article","og_title":"Fluminense: a declara\u00e7\u00e3o de Everaldo direcionada a Fred","og_description":"Everaldo chegou ao Fluminense carregando uma responsabilidade especial: vestir a hist\u00f3rica camisa 9 do clube. O atacante, que j\u00e1 disputou quatro partidas pelo Tricolor, afirmou estar ciente do peso dessa numera\u00e7\u00e3o e se mostrou motivado para honrar o legado deixado por grandes \u00eddolos do passado. &#8220;Particularmente, sempre gostei de usar a camisa nove. A maior [&hellip;]","og_url":"https:\/\/www.gaveanews.com\/index.php\/2025\/03\/08\/fluminense-a-declaracao-de-everaldo-direcionada-a-fred\/","og_site_name":"G\u00e1vea News","article_publisher":"https:\/\/facebook.com\/gaveaNews\/","article_published_time":"2025-03-09T01:00:00+00:00","og_image":[{"width":687,"height":420,"url":"https:\/\/www.gaveanews.com\/wp-content\/uploads\/Everaldo-e-apresentado-pelo-Fluminense.webp","type":"image\/jpeg"}],"author":"Paula Silva","twitter_card":"summary_large_image","twitter_misc":{"Escrito por":"Paula Silva","Est. tempo de leitura":"2 minutos"},"schema":{"@context":"https:\/\/schema.org","@graph":[{"@type":"NewsArticle","@id":"https:\/\/www.gaveanews.com\/index.php\/2025\/03\/08\/fluminense-a-declaracao-de-everaldo-direcionada-a-fred\/#article","isPartOf":{"@id":"https:\/\/www.gaveanews.com\/index.php\/2025\/03\/08\/fluminense-a-declaracao-de-everaldo-direcionada-a-fred\/"},"author":{"name":"Paula Silva","@id":"https:\/\/www.gaveanews.com\/#\/schema\/person\/daf63eec72e1164eb13dc35096c2b8da"},"headline":"Fluminense: a declara\u00e7\u00e3o de Everaldo direcionada a Fred","datePublished":"2025-03-09T01:00:00+00:00","mainEntityOfPage":{"@id":"https:\/\/www.gaveanews.com\/index.php\/2025\/03\/08\/fluminense-a-declaracao-de-everaldo-direcionada-a-fred\/"},"wordCount":331,"commentCount":0,"image":{"@id":"https:\/\/www.gaveanews.com\/index.php\/2025\/03\/08\/fluminense-a-declaracao-de-everaldo-direcionada-a-fred\/#primaryimage"},"thumbnailUrl":"https:\/\/www.gaveanews.com\/wp-content\/uploads\/Everaldo-e-apresentado-pelo-Fluminense.webp","articleSection":["Fluminense"],"inLanguage":"pt-BR","potentialAction":[{"@type":"CommentAction","name":"Comment","target":["https:\/\/www.gaveanews.com\/index.php\/2025\/03\/08\/fluminense-a-declaracao-de-everaldo-direcionada-a-fred\/#respond"]}],"copyrightYear":"2025","copyrightHolder":{"@id":"https:\/\/www.gaveanews.com\/#organization"}},{"@type":"WebPage","@id":"https:\/\/www.gaveanews.com\/index.php\/2025\/03\/08\/fluminense-a-declaracao-de-everaldo-direcionada-a-fred\/","url":"https:\/\/www.gaveanews.com\/index.php\/2025\/03\/08\/fluminense-a-declaracao-de-everaldo-direcionada-a-fred\/","name":"Fluminense: a declara\u00e7\u00e3o de Everaldo direcionada a Fred","isPartOf":{"@id":"https:\/\/www.gaveanews.com\/#website"},"primaryImageOfPage":{"@id":"https:\/\/www.gaveanews.com\/index.php\/2025\/03\/08\/fluminense-a-declaracao-de-everaldo-direcionada-a-fred\/#primaryimage"},"image":{"@id":"https:\/\/www.gaveanews.com\/index.php\/2025\/03\/08\/fluminense-a-declaracao-de-everaldo-direcionada-a-fred\/#primaryimage"},"thumbnailUrl":"https:\/\/www.gaveanews.com\/wp-content\/uploads\/Everaldo-e-apresentado-pelo-Fluminense.webp","datePublished":"2025-03-09T01:00:00+00:00","author":{"@id":"https:\/\/www.gaveanews.com\/#\/schema\/person\/daf63eec72e1164eb13dc35096c2b8da"},"breadcrumb":{"@id":"https:\/\/www.gaveanews.com\/index.php\/2025\/03\/08\/fluminense-a-declaracao-de-everaldo-direcionada-a-fred\/#breadcrumb"},"inLanguage":"pt-BR","potentialAction":[{"@type":"ReadAction","target":["https:\/\/www.gaveanews.com\/index.php\/2025\/03\/08\/fluminense-a-declaracao-de-everaldo-direcionada-a-fred\/"]}]},{"@type":"ImageObject","inLanguage":"pt-BR","@id":"https:\/\/www.gaveanews.com\/index.php\/2025\/03\/08\/fluminense-a-declaracao-de-everaldo-direcionada-a-fred\/#primaryimage","url":"https:\/\/www.gaveanews.com\/wp-content\/uploads\/Everaldo-e-apresentado-pelo-Fluminense.webp","contentUrl":"https:\/\/www.gaveanews.com\/wp-content\/uploads\/Everaldo-e-apresentado-pelo-Fluminense.webp","width":687,"height":420,"caption":"Everaldo \u00e9 apresentado pelo Fluminense (Foto: Marcelo Gon\u00e7alves\/FFC)"},{"@type":"BreadcrumbList","@id":"https:\/\/www.gaveanews.com\/index.php\/2025\/03\/08\/fluminense-a-declaracao-de-everaldo-direcionada-a-fred\/#breadcrumb","itemListElement":[{"@type":"ListItem","position":1,"name":"Home","item":"https:\/\/www.gaveanews.com\/"},{"@type":"ListItem","position":2,"name":"Fluminense: a declara\u00e7\u00e3o de Everaldo direcionada a Fred"}]},{"@type":"WebSite","@id":"https:\/\/www.gaveanews.com\/#website","url":"https:\/\/www.gaveanews.com\/","name":"G\u00e1vea News","description":"Veja todas as not\u00edcias sobre o Flamengo: Contrata\u00e7\u00f5es, categorias de base, resultados das partidas, tabela de classifica\u00e7\u00e3o, pr\u00f3ximos jogos!","potentialAction":[{"@type":"SearchAction","target":{"@type":"EntryPoint","urlTemplate":"https:\/\/www.gaveanews.com\/?s={search_term_string}"},"query-input":{"@type":"PropertyValueSpecification","valueRequired":true,"valueName":"search_term_string"}}],"inLanguage":"pt-BR"},{"@type":"Person","@id":"https:\/\/www.gaveanews.com\/#\/schema\/person\/daf63eec72e1164eb13dc35096c2b8da","name":"Paula Silva","image":{"@type":"ImageObject","inLanguage":"pt-BR","@id":"https:\/\/www.gaveanews.com\/#\/schema\/person\/image\/","url":"https:\/\/secure.gravatar.com\/avatar\/eda381c845527cc5d64c13b901833cda29d97500ba040d3e6461f76f51d163bb?s=96&d=mm&r=g","contentUrl":"https:\/\/secure.gravatar.com\/avatar\/eda381c845527cc5d64c13b901833cda29d97500ba040d3e6461f76f51d163bb?s=96&d=mm&r=g","caption":"Paula Silva"}}]}},"_links":{"self":[{"href":"https:\/\/www.gaveanews.com\/index.php\/wp-json\/wp\/v2\/posts\/237541","targetHints":{"allow":["GET"]}}],"collection":[{"href":"https:\/\/www.gaveanews.com\/index.php\/wp-json\/wp\/v2\/posts"}],"about":[{"href":"https:\/\/www.gaveanews.com\/index.php\/wp-json\/wp\/v2\/types\/post"}],"author":[{"embeddable":true,"href":"https:\/\/www.gaveanews.com\/index.php\/wp-json\/wp\/v2\/users\/18"}],"replies":[{"embeddable":true,"href":"https:\/\/www.gaveanews.com\/index.php\/wp-json\/wp\/v2\/comments?post=237541"}],"version-history":[{"count":1,"href":"https:\/\/www.gaveanews.com\/index.php\/wp-json\/wp\/v2\/posts\/237541\/revisions"}],"predecessor-version":[{"id":237544,"href":"https:\/\/www.gaveanews.com\/index.php\/wp-json\/wp\/v2\/posts\/237541\/revisions\/237544"}],"wp:featuredmedia":[{"embeddable":true,"href":"https:\/\/www.gaveanews.com\/index.php\/wp-json\/wp\/v2\/media\/237543"}],"wp:attachment":[{"href":"https:\/\/www.gaveanews.com\/index.php\/wp-json\/wp\/v2\/media?parent=237541"}],"wp:term":[{"taxonomy":"category","embeddable":true,"href":"https:\/\/www.gaveanews.com\/index.php\/wp-json\/wp\/v2\/categories?post=237541"},{"taxonomy":"post_tag","embeddable":true,"href":"https:\/\/www.gaveanews.com\/index.php\/wp-json\/wp\/v2\/tags?post=237541"}],"curies":[{"name":"wp","href":"https:\/\/api.w.org\/{rel}","templated":true}]}}