{"id":237546,"date":"2025-03-08T21:10:00","date_gmt":"2025-03-09T00:10:00","guid":{"rendered":"https:\/\/www.gaveanews.com\/?p=237546"},"modified":"2025-03-08T20:06:35","modified_gmt":"2025-03-08T23:06:35","slug":"palmeiras-x-sao-paulo-a-escalacao-escolhida-por-abel-ferreira","status":"publish","type":"post","link":"https:\/\/www.gaveanews.com\/index.php\/2025\/03\/08\/palmeiras-x-sao-paulo-a-escalacao-escolhida-por-abel-ferreira\/","title":{"rendered":"Palmeiras x S\u00e3o Paulo: a escala\u00e7\u00e3o escolhida por Abel Ferreira"},"content":{"rendered":"\n<p>O Palmeiras entrar\u00e1 em campo na semifinal do Campeonato Paulista com sua equipe considerada ideal pelo t\u00e9cnico Abel Ferreira. O duelo contra o S\u00e3o Paulo, marcado para segunda-feira (10), \u00e0s 21h35 (hor\u00e1rio de Bras\u00edlia), no Allianz Parque, contar\u00e1 com o retorno de pe\u00e7as importantes e poss\u00edveis estreias que refor\u00e7am a equipe alviverde.<\/p>\n\n\n\n<p>A principal novidade para o cl\u00e1ssico \u00e9 a presen\u00e7a dos defensores Gustavo G\u00f3mez e Piquerez, que se recuperaram de les\u00f5es e treinaram normalmente com o grupo nos \u00faltimos dias. Com a dupla \u00e0 disposi\u00e7\u00e3o, a defesa palmeirense ganha mais solidez, fator fundamental para encarar um ataque s\u00e3o-paulino liderado por Calleri e Lucas Moura. O sistema defensivo ainda contar\u00e1 com Weverton no gol e a prov\u00e1vel presen\u00e7a de Marcos Rocha e Murilo na linha de quatro defensores.<\/p>\n\n\n\n<p>No setor ofensivo, uma das grandes expectativas fica por conta da estreia de Vitor Roque. O jovem atacante treinou com o elenco nos \u00faltimos dias e tem grandes chances de ser escalado como titular, ocupando a vaga de Flaco L\u00f3pez. Sua velocidade e poder de finaliza\u00e7\u00e3o podem ser trunfos importantes para furar a marca\u00e7\u00e3o advers\u00e1ria. Al\u00e9m dele, o ataque deve ter Est\u00eav\u00e3o e Facundo Torres, refor\u00e7ando a renova\u00e7\u00e3o do setor com jogadores r\u00e1pidos e habilidosos.<\/p>\n\n\n\n<p>O meio-campo palmeirense ser\u00e1 formado por Richard Rios, Emi Mart\u00ednez e Raphael Veiga, que segue como a principal refer\u00eancia criativa da equipe. Veiga, experiente em jogos decisivos, ser\u00e1 o respons\u00e1vel por articular as jogadas e municiar os atacantes. A forma\u00e7\u00e3o deve garantir equil\u00edbrio entre marca\u00e7\u00e3o e cria\u00e7\u00e3o, buscando impor o ritmo desde os primeiros minutos de jogo.<\/p>\n\n\n\n<p>A prepara\u00e7\u00e3o do Verd\u00e3o incluiu treinamentos t\u00e1ticos e t\u00e9cnicos intensivos, com trabalhos voltados para finaliza\u00e7\u00f5es e jogadas ensaiadas. O elenco realizou uma atividade em campo reduzido, priorizando a movimenta\u00e7\u00e3o r\u00e1pida e a precis\u00e3o nos passes, elementos que podem ser determinantes no Choque-Rei.<\/p>\n\n\n\n<p>Com o apoio da torcida, que j\u00e1 garantiu mais de 23 mil ingressos vendidos, o Palmeiras busca manter sua invencibilidade no Allianz Parque em cl\u00e1ssicos recentes contra o rival. Al\u00e9m disso, a equipe de Abel Ferreira entra em campo motivada pelo objetivo de conquistar o tetracampeonato estadual, um feito in\u00e9dito na hist\u00f3ria do clube. A expectativa \u00e9 de um duelo equilibrado, com o Verd\u00e3o apostando na for\u00e7a m\u00e1xima para garantir vaga na final.<\/p>\n","protected":false},"excerpt":{"rendered":"<p>O Palmeiras entrar\u00e1 em campo na semifinal do Campeonato Paulista com sua equipe considerada ideal pelo t\u00e9cnico Abel Ferreira. O duelo contra o S\u00e3o Paulo, marcado para segunda-feira (10), \u00e0s 21h35 (hor\u00e1rio de Bras\u00edlia), no Allianz Parque, contar\u00e1 com o retorno de pe\u00e7as importantes e poss\u00edveis estreias que refor\u00e7am a equipe alviverde. A principal novidade [&hellip;]<\/p>\n","protected":false},"author":18,"featured_media":102760,"comment_status":"open","ping_status":"closed","sticky":false,"template":"","format":"standard","meta":{"footnotes":""},"categories":[150,151],"tags":[],"class_list":["post-237546","post","type-post","status-publish","format-standard","has-post-thumbnail","hentry","category-palmeiras","category-sao-paulo"],"yoast_head":"<!-- This site is optimized with the Yoast SEO Premium plugin v24.2 (Yoast SEO v26.9) - https:\/\/yoast.com\/product\/yoast-seo-premium-wordpress\/ -->\n<title>Palmeiras x S\u00e3o Paulo: a escala\u00e7\u00e3o escolhida por Abel Ferreira<\/title>\n<meta name=\"robots\" content=\"index, follow, max-snippet:-1, max-image-preview:large, max-video-preview:-1\" \/>\n<link rel=\"canonical\" href=\"https:\/\/www.gaveanews.com\/index.php\/2025\/03\/08\/palmeiras-x-sao-paulo-a-escalacao-escolhida-por-abel-ferreira\/\" \/>\n<meta property=\"og:locale\" content=\"pt_BR\" \/>\n<meta property=\"og:type\" content=\"article\" \/>\n<meta property=\"og:title\" content=\"Palmeiras x S\u00e3o Paulo: a escala\u00e7\u00e3o escolhida por Abel Ferreira\" \/>\n<meta property=\"og:description\" content=\"O Palmeiras entrar\u00e1 em campo na semifinal do Campeonato Paulista com sua equipe considerada ideal pelo t\u00e9cnico Abel Ferreira. O duelo contra o S\u00e3o Paulo, marcado para segunda-feira (10), \u00e0s 21h35 (hor\u00e1rio de Bras\u00edlia), no Allianz Parque, contar\u00e1 com o retorno de pe\u00e7as importantes e poss\u00edveis estreias que refor\u00e7am a equipe alviverde. A principal novidade [&hellip;]\" \/>\n<meta property=\"og:url\" content=\"https:\/\/www.gaveanews.com\/index.php\/2025\/03\/08\/palmeiras-x-sao-paulo-a-escalacao-escolhida-por-abel-ferreira\/\" \/>\n<meta property=\"og:site_name\" content=\"G\u00e1vea News\" \/>\n<meta property=\"article:publisher\" content=\"https:\/\/facebook.com\/gaveaNews\/\" \/>\n<meta property=\"article:published_time\" content=\"2025-03-09T00:10:00+00:00\" \/>\n<meta property=\"og:image\" content=\"https:\/\/www.gaveanews.com\/wp-content\/uploads\/chrome_ODu3uwWaKP.webp\" \/>\n\t<meta property=\"og:image:width\" content=\"840\" \/>\n\t<meta property=\"og:image:height\" content=\"510\" \/>\n\t<meta property=\"og:image:type\" content=\"image\/png\" \/>\n<meta name=\"author\" content=\"Paula Silva\" \/>\n<meta name=\"twitter:card\" content=\"summary_large_image\" \/>\n<meta name=\"twitter:label1\" content=\"Escrito por\" \/>\n\t<meta name=\"twitter:data1\" content=\"Paula Silva\" \/>\n\t<meta name=\"twitter:label2\" content=\"Est. tempo de leitura\" \/>\n\t<meta name=\"twitter:data2\" content=\"3 minutos\" \/>\n<script type=\"application\/ld+json\" class=\"yoast-schema-graph\">{\"@context\":\"https:\/\/schema.org\",\"@graph\":[{\"@type\":\"NewsArticle\",\"@id\":\"https:\/\/www.gaveanews.com\/index.php\/2025\/03\/08\/palmeiras-x-sao-paulo-a-escalacao-escolhida-por-abel-ferreira\/#article\",\"isPartOf\":{\"@id\":\"https:\/\/www.gaveanews.com\/index.php\/2025\/03\/08\/palmeiras-x-sao-paulo-a-escalacao-escolhida-por-abel-ferreira\/\"},\"author\":{\"name\":\"Paula Silva\",\"@id\":\"https:\/\/www.gaveanews.com\/#\/schema\/person\/daf63eec72e1164eb13dc35096c2b8da\"},\"headline\":\"Palmeiras x S\u00e3o Paulo: a escala\u00e7\u00e3o escolhida por Abel Ferreira\",\"datePublished\":\"2025-03-09T00:10:00+00:00\",\"mainEntityOfPage\":{\"@id\":\"https:\/\/www.gaveanews.com\/index.php\/2025\/03\/08\/palmeiras-x-sao-paulo-a-escalacao-escolhida-por-abel-ferreira\/\"},\"wordCount\":429,\"commentCount\":0,\"image\":{\"@id\":\"https:\/\/www.gaveanews.com\/index.php\/2025\/03\/08\/palmeiras-x-sao-paulo-a-escalacao-escolhida-por-abel-ferreira\/#primaryimage\"},\"thumbnailUrl\":\"https:\/\/www.gaveanews.com\/wp-content\/uploads\/chrome_ODu3uwWaKP.webp\",\"articleSection\":[\"Palmeiras\",\"S\u00e3o Paulo\"],\"inLanguage\":\"pt-BR\",\"potentialAction\":[{\"@type\":\"CommentAction\",\"name\":\"Comment\",\"target\":[\"https:\/\/www.gaveanews.com\/index.php\/2025\/03\/08\/palmeiras-x-sao-paulo-a-escalacao-escolhida-por-abel-ferreira\/#respond\"]}],\"copyrightYear\":\"2025\",\"copyrightHolder\":{\"@id\":\"https:\/\/www.gaveanews.com\/#organization\"}},{\"@type\":\"WebPage\",\"@id\":\"https:\/\/www.gaveanews.com\/index.php\/2025\/03\/08\/palmeiras-x-sao-paulo-a-escalacao-escolhida-por-abel-ferreira\/\",\"url\":\"https:\/\/www.gaveanews.com\/index.php\/2025\/03\/08\/palmeiras-x-sao-paulo-a-escalacao-escolhida-por-abel-ferreira\/\",\"name\":\"Palmeiras x S\u00e3o Paulo: a escala\u00e7\u00e3o escolhida por Abel Ferreira\",\"isPartOf\":{\"@id\":\"https:\/\/www.gaveanews.com\/#website\"},\"primaryImageOfPage\":{\"@id\":\"https:\/\/www.gaveanews.com\/index.php\/2025\/03\/08\/palmeiras-x-sao-paulo-a-escalacao-escolhida-por-abel-ferreira\/#primaryimage\"},\"image\":{\"@id\":\"https:\/\/www.gaveanews.com\/index.php\/2025\/03\/08\/palmeiras-x-sao-paulo-a-escalacao-escolhida-por-abel-ferreira\/#primaryimage\"},\"thumbnailUrl\":\"https:\/\/www.gaveanews.com\/wp-content\/uploads\/chrome_ODu3uwWaKP.webp\",\"datePublished\":\"2025-03-09T00:10:00+00:00\",\"author\":{\"@id\":\"https:\/\/www.gaveanews.com\/#\/schema\/person\/daf63eec72e1164eb13dc35096c2b8da\"},\"breadcrumb\":{\"@id\":\"https:\/\/www.gaveanews.com\/index.php\/2025\/03\/08\/palmeiras-x-sao-paulo-a-escalacao-escolhida-por-abel-ferreira\/#breadcrumb\"},\"inLanguage\":\"pt-BR\",\"potentialAction\":[{\"@type\":\"ReadAction\",\"target\":[\"https:\/\/www.gaveanews.com\/index.php\/2025\/03\/08\/palmeiras-x-sao-paulo-a-escalacao-escolhida-por-abel-ferreira\/\"]}]},{\"@type\":\"ImageObject\",\"inLanguage\":\"pt-BR\",\"@id\":\"https:\/\/www.gaveanews.com\/index.php\/2025\/03\/08\/palmeiras-x-sao-paulo-a-escalacao-escolhida-por-abel-ferreira\/#primaryimage\",\"url\":\"https:\/\/www.gaveanews.com\/wp-content\/uploads\/chrome_ODu3uwWaKP.webp\",\"contentUrl\":\"https:\/\/www.gaveanews.com\/wp-content\/uploads\/chrome_ODu3uwWaKP.webp\",\"width\":840,\"height\":510,\"caption\":\"Abel Ferreira em Jogo pelo Palmeiras - Foto Reprodu\u00e7\u00e3o\"},{\"@type\":\"BreadcrumbList\",\"@id\":\"https:\/\/www.gaveanews.com\/index.php\/2025\/03\/08\/palmeiras-x-sao-paulo-a-escalacao-escolhida-por-abel-ferreira\/#breadcrumb\",\"itemListElement\":[{\"@type\":\"ListItem\",\"position\":1,\"name\":\"Home\",\"item\":\"https:\/\/www.gaveanews.com\/\"},{\"@type\":\"ListItem\",\"position\":2,\"name\":\"Palmeiras x S\u00e3o Paulo: a escala\u00e7\u00e3o escolhida por Abel Ferreira\"}]},{\"@type\":\"WebSite\",\"@id\":\"https:\/\/www.gaveanews.com\/#website\",\"url\":\"https:\/\/www.gaveanews.com\/\",\"name\":\"G\u00e1vea News\",\"description\":\"Veja todas as not\u00edcias sobre o Flamengo: Contrata\u00e7\u00f5es, categorias de base, resultados das partidas, tabela de classifica\u00e7\u00e3o, pr\u00f3ximos jogos!\",\"potentialAction\":[{\"@type\":\"SearchAction\",\"target\":{\"@type\":\"EntryPoint\",\"urlTemplate\":\"https:\/\/www.gaveanews.com\/?s={search_term_string}\"},\"query-input\":{\"@type\":\"PropertyValueSpecification\",\"valueRequired\":true,\"valueName\":\"search_term_string\"}}],\"inLanguage\":\"pt-BR\"},{\"@type\":\"Person\",\"@id\":\"https:\/\/www.gaveanews.com\/#\/schema\/person\/daf63eec72e1164eb13dc35096c2b8da\",\"name\":\"Paula Silva\",\"image\":{\"@type\":\"ImageObject\",\"inLanguage\":\"pt-BR\",\"@id\":\"https:\/\/www.gaveanews.com\/#\/schema\/person\/image\/\",\"url\":\"https:\/\/secure.gravatar.com\/avatar\/eda381c845527cc5d64c13b901833cda29d97500ba040d3e6461f76f51d163bb?s=96&d=mm&r=g\",\"contentUrl\":\"https:\/\/secure.gravatar.com\/avatar\/eda381c845527cc5d64c13b901833cda29d97500ba040d3e6461f76f51d163bb?s=96&d=mm&r=g\",\"caption\":\"Paula Silva\"}}]}<\/script>\n<!-- \/ Yoast SEO Premium plugin. -->","yoast_head_json":{"title":"Palmeiras x S\u00e3o Paulo: a escala\u00e7\u00e3o escolhida por Abel Ferreira","robots":{"index":"index","follow":"follow","max-snippet":"max-snippet:-1","max-image-preview":"max-image-preview:large","max-video-preview":"max-video-preview:-1"},"canonical":"https:\/\/www.gaveanews.com\/index.php\/2025\/03\/08\/palmeiras-x-sao-paulo-a-escalacao-escolhida-por-abel-ferreira\/","og_locale":"pt_BR","og_type":"article","og_title":"Palmeiras x S\u00e3o Paulo: a escala\u00e7\u00e3o escolhida por Abel Ferreira","og_description":"O Palmeiras entrar\u00e1 em campo na semifinal do Campeonato Paulista com sua equipe considerada ideal pelo t\u00e9cnico Abel Ferreira. O duelo contra o S\u00e3o Paulo, marcado para segunda-feira (10), \u00e0s 21h35 (hor\u00e1rio de Bras\u00edlia), no Allianz Parque, contar\u00e1 com o retorno de pe\u00e7as importantes e poss\u00edveis estreias que refor\u00e7am a equipe alviverde. A principal novidade [&hellip;]","og_url":"https:\/\/www.gaveanews.com\/index.php\/2025\/03\/08\/palmeiras-x-sao-paulo-a-escalacao-escolhida-por-abel-ferreira\/","og_site_name":"G\u00e1vea News","article_publisher":"https:\/\/facebook.com\/gaveaNews\/","article_published_time":"2025-03-09T00:10:00+00:00","og_image":[{"width":840,"height":510,"url":"https:\/\/www.gaveanews.com\/wp-content\/uploads\/chrome_ODu3uwWaKP.webp","type":"image\/png"}],"author":"Paula Silva","twitter_card":"summary_large_image","twitter_misc":{"Escrito por":"Paula Silva","Est. tempo de leitura":"3 minutos"},"schema":{"@context":"https:\/\/schema.org","@graph":[{"@type":"NewsArticle","@id":"https:\/\/www.gaveanews.com\/index.php\/2025\/03\/08\/palmeiras-x-sao-paulo-a-escalacao-escolhida-por-abel-ferreira\/#article","isPartOf":{"@id":"https:\/\/www.gaveanews.com\/index.php\/2025\/03\/08\/palmeiras-x-sao-paulo-a-escalacao-escolhida-por-abel-ferreira\/"},"author":{"name":"Paula Silva","@id":"https:\/\/www.gaveanews.com\/#\/schema\/person\/daf63eec72e1164eb13dc35096c2b8da"},"headline":"Palmeiras x S\u00e3o Paulo: a escala\u00e7\u00e3o escolhida por Abel Ferreira","datePublished":"2025-03-09T00:10:00+00:00","mainEntityOfPage":{"@id":"https:\/\/www.gaveanews.com\/index.php\/2025\/03\/08\/palmeiras-x-sao-paulo-a-escalacao-escolhida-por-abel-ferreira\/"},"wordCount":429,"commentCount":0,"image":{"@id":"https:\/\/www.gaveanews.com\/index.php\/2025\/03\/08\/palmeiras-x-sao-paulo-a-escalacao-escolhida-por-abel-ferreira\/#primaryimage"},"thumbnailUrl":"https:\/\/www.gaveanews.com\/wp-content\/uploads\/chrome_ODu3uwWaKP.webp","articleSection":["Palmeiras","S\u00e3o Paulo"],"inLanguage":"pt-BR","potentialAction":[{"@type":"CommentAction","name":"Comment","target":["https:\/\/www.gaveanews.com\/index.php\/2025\/03\/08\/palmeiras-x-sao-paulo-a-escalacao-escolhida-por-abel-ferreira\/#respond"]}],"copyrightYear":"2025","copyrightHolder":{"@id":"https:\/\/www.gaveanews.com\/#organization"}},{"@type":"WebPage","@id":"https:\/\/www.gaveanews.com\/index.php\/2025\/03\/08\/palmeiras-x-sao-paulo-a-escalacao-escolhida-por-abel-ferreira\/","url":"https:\/\/www.gaveanews.com\/index.php\/2025\/03\/08\/palmeiras-x-sao-paulo-a-escalacao-escolhida-por-abel-ferreira\/","name":"Palmeiras x S\u00e3o Paulo: a escala\u00e7\u00e3o escolhida por Abel Ferreira","isPartOf":{"@id":"https:\/\/www.gaveanews.com\/#website"},"primaryImageOfPage":{"@id":"https:\/\/www.gaveanews.com\/index.php\/2025\/03\/08\/palmeiras-x-sao-paulo-a-escalacao-escolhida-por-abel-ferreira\/#primaryimage"},"image":{"@id":"https:\/\/www.gaveanews.com\/index.php\/2025\/03\/08\/palmeiras-x-sao-paulo-a-escalacao-escolhida-por-abel-ferreira\/#primaryimage"},"thumbnailUrl":"https:\/\/www.gaveanews.com\/wp-content\/uploads\/chrome_ODu3uwWaKP.webp","datePublished":"2025-03-09T00:10:00+00:00","author":{"@id":"https:\/\/www.gaveanews.com\/#\/schema\/person\/daf63eec72e1164eb13dc35096c2b8da"},"breadcrumb":{"@id":"https:\/\/www.gaveanews.com\/index.php\/2025\/03\/08\/palmeiras-x-sao-paulo-a-escalacao-escolhida-por-abel-ferreira\/#breadcrumb"},"inLanguage":"pt-BR","potentialAction":[{"@type":"ReadAction","target":["https:\/\/www.gaveanews.com\/index.php\/2025\/03\/08\/palmeiras-x-sao-paulo-a-escalacao-escolhida-por-abel-ferreira\/"]}]},{"@type":"ImageObject","inLanguage":"pt-BR","@id":"https:\/\/www.gaveanews.com\/index.php\/2025\/03\/08\/palmeiras-x-sao-paulo-a-escalacao-escolhida-por-abel-ferreira\/#primaryimage","url":"https:\/\/www.gaveanews.com\/wp-content\/uploads\/chrome_ODu3uwWaKP.webp","contentUrl":"https:\/\/www.gaveanews.com\/wp-content\/uploads\/chrome_ODu3uwWaKP.webp","width":840,"height":510,"caption":"Abel Ferreira em Jogo pelo Palmeiras - Foto Reprodu\u00e7\u00e3o"},{"@type":"BreadcrumbList","@id":"https:\/\/www.gaveanews.com\/index.php\/2025\/03\/08\/palmeiras-x-sao-paulo-a-escalacao-escolhida-por-abel-ferreira\/#breadcrumb","itemListElement":[{"@type":"ListItem","position":1,"name":"Home","item":"https:\/\/www.gaveanews.com\/"},{"@type":"ListItem","position":2,"name":"Palmeiras x S\u00e3o Paulo: a escala\u00e7\u00e3o escolhida por Abel Ferreira"}]},{"@type":"WebSite","@id":"https:\/\/www.gaveanews.com\/#website","url":"https:\/\/www.gaveanews.com\/","name":"G\u00e1vea News","description":"Veja todas as not\u00edcias sobre o Flamengo: Contrata\u00e7\u00f5es, categorias de base, resultados das partidas, tabela de classifica\u00e7\u00e3o, pr\u00f3ximos jogos!","potentialAction":[{"@type":"SearchAction","target":{"@type":"EntryPoint","urlTemplate":"https:\/\/www.gaveanews.com\/?s={search_term_string}"},"query-input":{"@type":"PropertyValueSpecification","valueRequired":true,"valueName":"search_term_string"}}],"inLanguage":"pt-BR"},{"@type":"Person","@id":"https:\/\/www.gaveanews.com\/#\/schema\/person\/daf63eec72e1164eb13dc35096c2b8da","name":"Paula Silva","image":{"@type":"ImageObject","inLanguage":"pt-BR","@id":"https:\/\/www.gaveanews.com\/#\/schema\/person\/image\/","url":"https:\/\/secure.gravatar.com\/avatar\/eda381c845527cc5d64c13b901833cda29d97500ba040d3e6461f76f51d163bb?s=96&d=mm&r=g","contentUrl":"https:\/\/secure.gravatar.com\/avatar\/eda381c845527cc5d64c13b901833cda29d97500ba040d3e6461f76f51d163bb?s=96&d=mm&r=g","caption":"Paula Silva"}}]}},"_links":{"self":[{"href":"https:\/\/www.gaveanews.com\/index.php\/wp-json\/wp\/v2\/posts\/237546","targetHints":{"allow":["GET"]}}],"collection":[{"href":"https:\/\/www.gaveanews.com\/index.php\/wp-json\/wp\/v2\/posts"}],"about":[{"href":"https:\/\/www.gaveanews.com\/index.php\/wp-json\/wp\/v2\/types\/post"}],"author":[{"embeddable":true,"href":"https:\/\/www.gaveanews.com\/index.php\/wp-json\/wp\/v2\/users\/18"}],"replies":[{"embeddable":true,"href":"https:\/\/www.gaveanews.com\/index.php\/wp-json\/wp\/v2\/comments?post=237546"}],"version-history":[{"count":1,"href":"https:\/\/www.gaveanews.com\/index.php\/wp-json\/wp\/v2\/posts\/237546\/revisions"}],"predecessor-version":[{"id":237548,"href":"https:\/\/www.gaveanews.com\/index.php\/wp-json\/wp\/v2\/posts\/237546\/revisions\/237548"}],"wp:featuredmedia":[{"embeddable":true,"href":"https:\/\/www.gaveanews.com\/index.php\/wp-json\/wp\/v2\/media\/102760"}],"wp:attachment":[{"href":"https:\/\/www.gaveanews.com\/index.php\/wp-json\/wp\/v2\/media?parent=237546"}],"wp:term":[{"taxonomy":"category","embeddable":true,"href":"https:\/\/www.gaveanews.com\/index.php\/wp-json\/wp\/v2\/categories?post=237546"},{"taxonomy":"post_tag","embeddable":true,"href":"https:\/\/www.gaveanews.com\/index.php\/wp-json\/wp\/v2\/tags?post=237546"}],"curies":[{"name":"wp","href":"https:\/\/api.w.org\/{rel}","templated":true}]}}