{"id":237557,"date":"2025-03-09T06:00:00","date_gmt":"2025-03-09T09:00:00","guid":{"rendered":"https:\/\/www.gaveanews.com\/?p=237557"},"modified":"2025-03-08T16:50:29","modified_gmt":"2025-03-08T19:50:29","slug":"declaracao-de-dorival-junior-previsao-de-cicinho-e-futuro-de-roberto-firmino-as-ultimas-noticias-do-flamengo","status":"publish","type":"post","link":"https:\/\/www.gaveanews.com\/index.php\/2025\/03\/09\/declaracao-de-dorival-junior-previsao-de-cicinho-e-futuro-de-roberto-firmino-as-ultimas-noticias-do-flamengo\/","title":{"rendered":"Declara\u00e7\u00e3o de Dorival Junior, previs\u00e3o de Cicinho e futuro de Roberto Firmino: as \u00faltimas not\u00edcias do Flamengo"},"content":{"rendered":"\n<p>Nas \u00faltimas horas, o foco das not\u00edcias sobre o Flamengo se concentram nos bastidores do clube, com destaques do dia a dia do time.<\/p>\n\n\n\n<p>Por conta deste contexto, leia abaixo um resumo preparado pela equipe do portal G\u00e1vea News para lhe manter muito bem informado!<\/p>\n\n\n\n<div class=\"wp-block-group\"><div class=\"wp-block-group__inner-container is-layout-constrained wp-block-group-is-layout-constrained\">\n<h2 class=\"wp-block-heading\" id=\"h-futuro-de-roberto-firmino\">Futuro de Roberto Firmino<\/h2>\n\n\n\n<p>O atacante Roberto Firmino est\u00e1 prestes a rescindir seu contrato com o Al Ahli, clube da Ar\u00e1bia Saudita, abrindo caminho para um poss\u00edvel retorno ao futebol brasileiro. Com a janela de transfer\u00eancias do meio do ano se aproximando, o Fluminense surge como um dos principais interessados na contrata\u00e7\u00e3o do jogador. O clube carioca v\u00ea na experi\u00eancia e qualidade t\u00e9cnica de Firmino uma oportunidade de refor\u00e7ar seu elenco para as pr\u00f3ximas competi\u00e7\u00f5es<strong><a href=\"https:\/\/www.gaveanews.com\/index.php\/2025\/03\/06\/roberto-firmino-rescinde-seu-contrato-e-pode-fechar-com-rival-do-flamengo\/\"> (leia a mat\u00e9ria completa).<\/a><\/strong><\/p>\n\n\n\n<figure class=\"wp-block-image size-full\"><img loading=\"lazy\" decoding=\"async\" width=\"750\" height=\"485\" src=\"http:\/\/www.gaveanews.com\/wp-content\/uploads\/RobertoFirmino-750x485-1.webp\" alt=\"\" class=\"wp-image-144107\" srcset=\"https:\/\/www.gaveanews.com\/wp-content\/uploads\/RobertoFirmino-750x485-1.webp 750w, https:\/\/www.gaveanews.com\/wp-content\/uploads\/RobertoFirmino-750x485-1-300x194.webp 300w, https:\/\/www.gaveanews.com\/wp-content\/uploads\/RobertoFirmino-750x485-1-649x420.webp 649w, https:\/\/www.gaveanews.com\/wp-content\/uploads\/RobertoFirmino-750x485-1-600x388.webp 600w, https:\/\/www.gaveanews.com\/wp-content\/uploads\/RobertoFirmino-750x485-1-341x220.webp 341w, https:\/\/www.gaveanews.com\/wp-content\/uploads\/RobertoFirmino-750x485-1-682x440.webp 682w, https:\/\/www.gaveanews.com\/wp-content\/uploads\/RobertoFirmino-750x485-1-640x414.webp 640w, https:\/\/www.gaveanews.com\/wp-content\/uploads\/RobertoFirmino-750x485-1-681x440.webp 681w, https:\/\/www.gaveanews.com\/wp-content\/uploads\/RobertoFirmino-750x485-1-100x65.webp 100w\" sizes=\"auto, (max-width: 750px) 100vw, 750px\" \/><\/figure>\n\n\n\n<p>A rescis\u00e3o acontece de forma amig\u00e1vel, j\u00e1 que o atacante perdeu espa\u00e7o na equipe e n\u00e3o tem sido aproveitado com frequ\u00eancia. <\/p>\n\n\n\n<p>Apesar de ter v\u00ednculo at\u00e9 junho de 2026, o Al Ahli decidiu liberar Firmino para reduzir custos e investir em outras op\u00e7\u00f5es ofensivas. Essa decis\u00e3o permite que o jogador negocie livremente com novos clubes, e o Fluminense acompanha de perto a movimenta\u00e7\u00e3o no mercado para avan\u00e7ar com uma proposta.<\/p>\n\n\n\n<p>No entanto, um dos maiores desafios para qualquer interessado ser\u00e1 a quest\u00e3o salarial. Firmino recebe cerca de 22 milh\u00f5es de euros por ano, um valor elevado para os padr\u00f5es brasileiros. Assim, qualquer negocia\u00e7\u00e3o depender\u00e1 de um ajuste financeiro significativo. Mesmo diante desse obst\u00e1culo, o Fluminense mant\u00e9m a esperan\u00e7a de fechar um acordo e trazer o atacante para refor\u00e7ar seu elenco, tornando essa poss\u00edvel transfer\u00eancia um dos assuntos mais comentados do mercado da bola.<\/p>\n\n\n\n<h2 class=\"wp-block-heading\" id=\"h-previsao-de-cicinho\">Previs\u00e3o de Cicinho<\/h2>\n\n\n\n<p>O ex-jogador e comentarista Cicinho cravou o Flamengo como campe\u00e3o do Campeonato Carioca de 2025 durante sua participa\u00e7\u00e3o no programa \u201cArena SBT\u201d. Para ele, o time comandado por Filipe Lu\u00eds tem uma vantagem incontest\u00e1vel sobre os advers\u00e1rios e vencer\u00e1 o torneio com facilidade. Outros especialistas, como Mauro Beting, tamb\u00e9m apontam o Flamengo como favorito, destacando a superioridade do elenco rubro-negro em rela\u00e7\u00e3o aos concorrentes diretos <strong><a href=\"https:\/\/www.gaveanews.com\/index.php\/2025\/03\/06\/cicinho-crava-campeao-do-campeonato-carioca-2\/\">(leia a mat\u00e9ria completa).<\/a><\/strong><\/p>\n\n\n\n<figure class=\"wp-block-image size-full\"><img loading=\"lazy\" decoding=\"async\" width=\"941\" height=\"589\" src=\"http:\/\/www.gaveanews.com\/wp-content\/uploads\/20210810-cicinho-arena-sbt.webp\" alt=\"\" class=\"wp-image-215675\" srcset=\"https:\/\/www.gaveanews.com\/wp-content\/uploads\/20210810-cicinho-arena-sbt.webp 941w, https:\/\/www.gaveanews.com\/wp-content\/uploads\/20210810-cicinho-arena-sbt-300x188.webp 300w, https:\/\/www.gaveanews.com\/wp-content\/uploads\/20210810-cicinho-arena-sbt-768x481.webp 768w, https:\/\/www.gaveanews.com\/wp-content\/uploads\/20210810-cicinho-arena-sbt-671x420.webp 671w, https:\/\/www.gaveanews.com\/wp-content\/uploads\/20210810-cicinho-arena-sbt-640x401.webp 640w, https:\/\/www.gaveanews.com\/wp-content\/uploads\/20210810-cicinho-arena-sbt-681x426.webp 681w, https:\/\/www.gaveanews.com\/wp-content\/uploads\/20210810-cicinho-arena-sbt-100x63.webp 100w\" sizes=\"auto, (max-width: 941px) 100vw, 941px\" \/><figcaption class=\"wp-element-caption\">Cicinho, comentarista do SBT (Foto: Reprodu\u00e7\u00e3o)<\/figcaption><\/figure>\n\n\n\n<p>A semifinal do torneio se aproxima do desfecho, e a expectativa \u00e9 de um Fla-Flu na final. O Flamengo enfrenta o Vasco no Maracan\u00e3 e tem a vantagem do empate ap\u00f3s vencer o primeiro jogo por 1 a 0. J\u00e1 o Fluminense, que goleou o Volta Redonda por 4 a 0 no jogo de ida, pode at\u00e9 perder por tr\u00eas gols de diferen\u00e7a e ainda assim garantir sua vaga na grande decis\u00e3o. Com esses resultados, o cen\u00e1rio mais prov\u00e1vel \u00e9 um novo confronto entre os rivais na busca pelo t\u00edtulo estadual.<\/p>\n\n\n\n<p>O fim de semana promete fortes emo\u00e7\u00f5es para os torcedores cariocas, com as semifinais definindo quem disputar\u00e1 a ta\u00e7a. Se confirmado o Fla-Flu na final, ser\u00e1 mais uma oportunidade para o Flamengo reafirmar seu dom\u00ednio no futebol estadual. A equipe vem mantendo um desempenho s\u00f3lido e busca mais um trof\u00e9u para sua cole\u00e7\u00e3o, enquanto o Fluminense tenta surpreender e quebrar a hegemonia do rival no cen\u00e1rio carioca.<\/p>\n\n\n\n<h2 class=\"wp-block-heading\" id=\"h-declaracao-de-dorival-junior\">Declara\u00e7\u00e3o de Dorival Junior<\/h2>\n\n\n\n<p>A convoca\u00e7\u00e3o de Wesley para a Sele\u00e7\u00e3o Brasileira representa um momento significativo na trajet\u00f3ria do lateral-direito do Flamengo. O t\u00e9cnico Dorival J\u00fanior destacou a evolu\u00e7\u00e3o do jogador ao longo das \u00faltimas temporadas, enfatizando que seu crescimento t\u00e9cnico e t\u00e1tico foi determinante para a convoca\u00e7\u00e3o. Wesley, de 21 anos, foi chamado para disputar as Eliminat\u00f3rias da Copa do Mundo de 2026, consolidando seu nome no futebol nacional e atraindo olhares do cen\u00e1rio internacional<strong><a href=\"https:\/\/www.gaveanews.com\/index.php\/2025\/03\/06\/video-a-declaracao-de-dorival-junior-direcionada-a-wesley-do-flamengo\/\"> (leia a mat\u00e9ria completa).<\/a><\/strong><\/p>\n\n\n\n<figure class=\"wp-block-image size-full\"><img loading=\"lazy\" decoding=\"async\" width=\"984\" height=\"656\" src=\"http:\/\/www.gaveanews.com\/wp-content\/uploads\/2.avif\" alt=\"Dorival J\u00fanior\" class=\"wp-image-142254\"\/><figcaption class=\"wp-element-caption\">Dorival J\u00fanior  \u2014 Foto: Andr\u00e9 Dur\u00e3o\n\n<\/figcaption><\/figure>\n\n\n\n<p>A ascens\u00e3o de Wesley no Flamengo teve in\u00edcio em 2023, mas foi no ano seguinte que ele conquistou espa\u00e7o definitivo na equipe principal. Seu desempenho foi crucial para as vit\u00f3rias na Copa do Brasil de 2024 e na Supercopa do Brasil de 2025, fatores que impulsionaram sua convoca\u00e7\u00e3o. Dorival J\u00fanior, que trabalhou com Wesley em 2022, j\u00e1 reconhecia seu talento, ressaltando que o jovem sempre se destacou nos treinamentos, mesmo competindo com outros laterais mais experientes.<\/p>\n\n\n\n<p>Agora, Wesley ter\u00e1 a oportunidade de mostrar seu potencial em um n\u00edvel ainda mais alto, vestindo a camisa da Sele\u00e7\u00e3o Brasileira contra Col\u00f4mbia e Argentina nas Eliminat\u00f3rias. Com o Brasil ocupando a quinta posi\u00e7\u00e3o na tabela, esses confrontos ser\u00e3o decisivos para garantir uma vaga direta no Mundial. A convoca\u00e7\u00e3o do jogador simboliza n\u00e3o apenas um reconhecimento de sua evolu\u00e7\u00e3o, mas tamb\u00e9m uma chance valiosa de provar seu talento no cen\u00e1rio internacional.<\/p>\n<\/div><\/div>\n","protected":false},"excerpt":{"rendered":"<p>Nas \u00faltimas horas, o foco das not\u00edcias sobre o Flamengo se concentram nos bastidores do clube, com destaques do dia a dia do time. Por conta deste contexto, leia abaixo um resumo preparado pela equipe do portal G\u00e1vea News para lhe manter muito bem informado! Futuro de Roberto Firmino O atacante Roberto Firmino est\u00e1 prestes [&hellip;]<\/p>\n","protected":false},"author":27,"featured_media":149729,"comment_status":"open","ping_status":"closed","sticky":false,"template":"","format":"standard","meta":{"footnotes":""},"categories":[1],"tags":[],"class_list":["post-237557","post","type-post","status-publish","format-standard","has-post-thumbnail","hentry","category-flamengo"],"yoast_head":"<!-- This site is optimized with the Yoast SEO Premium plugin v24.2 (Yoast SEO v26.9) - https:\/\/yoast.com\/product\/yoast-seo-premium-wordpress\/ -->\n<title>Declara\u00e7\u00e3o de Dorival Junior, previs\u00e3o de Cicinho e futuro de Roberto Firmino: as \u00faltimas not\u00edcias do Flamengo<\/title>\n<meta name=\"robots\" content=\"index, follow, max-snippet:-1, max-image-preview:large, max-video-preview:-1\" \/>\n<link rel=\"canonical\" href=\"https:\/\/www.gaveanews.com\/index.php\/2025\/03\/09\/declaracao-de-dorival-junior-previsao-de-cicinho-e-futuro-de-roberto-firmino-as-ultimas-noticias-do-flamengo\/\" \/>\n<meta property=\"og:locale\" content=\"pt_BR\" \/>\n<meta property=\"og:type\" content=\"article\" \/>\n<meta property=\"og:title\" content=\"Declara\u00e7\u00e3o de Dorival Junior, previs\u00e3o de Cicinho e futuro de Roberto Firmino: as \u00faltimas not\u00edcias do Flamengo\" \/>\n<meta property=\"og:description\" content=\"Nas \u00faltimas horas, o foco das not\u00edcias sobre o Flamengo se concentram nos bastidores do clube, com destaques do dia a dia do time. Por conta deste contexto, leia abaixo um resumo preparado pela equipe do portal G\u00e1vea News para lhe manter muito bem informado! Futuro de Roberto Firmino O atacante Roberto Firmino est\u00e1 prestes [&hellip;]\" \/>\n<meta property=\"og:url\" content=\"https:\/\/www.gaveanews.com\/index.php\/2025\/03\/09\/declaracao-de-dorival-junior-previsao-de-cicinho-e-futuro-de-roberto-firmino-as-ultimas-noticias-do-flamengo\/\" \/>\n<meta property=\"og:site_name\" content=\"G\u00e1vea News\" \/>\n<meta property=\"article:publisher\" content=\"https:\/\/facebook.com\/gaveaNews\/\" \/>\n<meta property=\"article:published_time\" content=\"2025-03-09T09:00:00+00:00\" \/>\n<meta property=\"og:image\" content=\"https:\/\/www.gaveanews.com\/wp-content\/uploads\/Adidas-promove-mundaca-na-camisa-do-Flamengo.webp\" \/>\n\t<meta property=\"og:image:width\" content=\"711\" \/>\n\t<meta property=\"og:image:height\" content=\"708\" \/>\n\t<meta property=\"og:image:type\" content=\"image\/jpeg\" \/>\n<meta name=\"author\" content=\"Matheus Felipe\" \/>\n<meta name=\"twitter:card\" content=\"summary_large_image\" \/>\n<meta name=\"twitter:label1\" content=\"Escrito por\" \/>\n\t<meta name=\"twitter:data1\" content=\"Matheus Felipe\" \/>\n\t<meta name=\"twitter:label2\" content=\"Est. tempo de leitura\" \/>\n\t<meta name=\"twitter:data2\" content=\"5 minutos\" \/>\n<script type=\"application\/ld+json\" class=\"yoast-schema-graph\">{\"@context\":\"https:\/\/schema.org\",\"@graph\":[{\"@type\":\"NewsArticle\",\"@id\":\"https:\/\/www.gaveanews.com\/index.php\/2025\/03\/09\/declaracao-de-dorival-junior-previsao-de-cicinho-e-futuro-de-roberto-firmino-as-ultimas-noticias-do-flamengo\/#article\",\"isPartOf\":{\"@id\":\"https:\/\/www.gaveanews.com\/index.php\/2025\/03\/09\/declaracao-de-dorival-junior-previsao-de-cicinho-e-futuro-de-roberto-firmino-as-ultimas-noticias-do-flamengo\/\"},\"author\":{\"name\":\"Matheus Felipe\",\"@id\":\"https:\/\/www.gaveanews.com\/#\/schema\/person\/8207cd4627f56151707418bfc835b2fb\"},\"headline\":\"Declara\u00e7\u00e3o de Dorival Junior, previs\u00e3o de Cicinho e futuro de Roberto Firmino: as \u00faltimas not\u00edcias do Flamengo\",\"datePublished\":\"2025-03-09T09:00:00+00:00\",\"mainEntityOfPage\":{\"@id\":\"https:\/\/www.gaveanews.com\/index.php\/2025\/03\/09\/declaracao-de-dorival-junior-previsao-de-cicinho-e-futuro-de-roberto-firmino-as-ultimas-noticias-do-flamengo\/\"},\"wordCount\":828,\"commentCount\":0,\"image\":{\"@id\":\"https:\/\/www.gaveanews.com\/index.php\/2025\/03\/09\/declaracao-de-dorival-junior-previsao-de-cicinho-e-futuro-de-roberto-firmino-as-ultimas-noticias-do-flamengo\/#primaryimage\"},\"thumbnailUrl\":\"https:\/\/www.gaveanews.com\/wp-content\/uploads\/Adidas-promove-mundaca-na-camisa-do-Flamengo.webp\",\"articleSection\":[\"Flamengo\"],\"inLanguage\":\"pt-BR\",\"potentialAction\":[{\"@type\":\"CommentAction\",\"name\":\"Comment\",\"target\":[\"https:\/\/www.gaveanews.com\/index.php\/2025\/03\/09\/declaracao-de-dorival-junior-previsao-de-cicinho-e-futuro-de-roberto-firmino-as-ultimas-noticias-do-flamengo\/#respond\"]}],\"copyrightYear\":\"2025\",\"copyrightHolder\":{\"@id\":\"https:\/\/www.gaveanews.com\/#organization\"}},{\"@type\":\"WebPage\",\"@id\":\"https:\/\/www.gaveanews.com\/index.php\/2025\/03\/09\/declaracao-de-dorival-junior-previsao-de-cicinho-e-futuro-de-roberto-firmino-as-ultimas-noticias-do-flamengo\/\",\"url\":\"https:\/\/www.gaveanews.com\/index.php\/2025\/03\/09\/declaracao-de-dorival-junior-previsao-de-cicinho-e-futuro-de-roberto-firmino-as-ultimas-noticias-do-flamengo\/\",\"name\":\"Declara\u00e7\u00e3o de Dorival Junior, previs\u00e3o de Cicinho e futuro de Roberto Firmino: as \u00faltimas not\u00edcias do Flamengo\",\"isPartOf\":{\"@id\":\"https:\/\/www.gaveanews.com\/#website\"},\"primaryImageOfPage\":{\"@id\":\"https:\/\/www.gaveanews.com\/index.php\/2025\/03\/09\/declaracao-de-dorival-junior-previsao-de-cicinho-e-futuro-de-roberto-firmino-as-ultimas-noticias-do-flamengo\/#primaryimage\"},\"image\":{\"@id\":\"https:\/\/www.gaveanews.com\/index.php\/2025\/03\/09\/declaracao-de-dorival-junior-previsao-de-cicinho-e-futuro-de-roberto-firmino-as-ultimas-noticias-do-flamengo\/#primaryimage\"},\"thumbnailUrl\":\"https:\/\/www.gaveanews.com\/wp-content\/uploads\/Adidas-promove-mundaca-na-camisa-do-Flamengo.webp\",\"datePublished\":\"2025-03-09T09:00:00+00:00\",\"author\":{\"@id\":\"https:\/\/www.gaveanews.com\/#\/schema\/person\/8207cd4627f56151707418bfc835b2fb\"},\"breadcrumb\":{\"@id\":\"https:\/\/www.gaveanews.com\/index.php\/2025\/03\/09\/declaracao-de-dorival-junior-previsao-de-cicinho-e-futuro-de-roberto-firmino-as-ultimas-noticias-do-flamengo\/#breadcrumb\"},\"inLanguage\":\"pt-BR\",\"potentialAction\":[{\"@type\":\"ReadAction\",\"target\":[\"https:\/\/www.gaveanews.com\/index.php\/2025\/03\/09\/declaracao-de-dorival-junior-previsao-de-cicinho-e-futuro-de-roberto-firmino-as-ultimas-noticias-do-flamengo\/\"]}]},{\"@type\":\"ImageObject\",\"inLanguage\":\"pt-BR\",\"@id\":\"https:\/\/www.gaveanews.com\/index.php\/2025\/03\/09\/declaracao-de-dorival-junior-previsao-de-cicinho-e-futuro-de-roberto-firmino-as-ultimas-noticias-do-flamengo\/#primaryimage\",\"url\":\"https:\/\/www.gaveanews.com\/wp-content\/uploads\/Adidas-promove-mundaca-na-camisa-do-Flamengo.webp\",\"contentUrl\":\"https:\/\/www.gaveanews.com\/wp-content\/uploads\/Adidas-promove-mundaca-na-camisa-do-Flamengo.webp\",\"width\":711,\"height\":708,\"caption\":\"Adidas promove mudan\u00e7a na camisa do Flamengo (Imagem: Editoria de arte\/G\u00e1vea News\/Henrique Machado)\"},{\"@type\":\"BreadcrumbList\",\"@id\":\"https:\/\/www.gaveanews.com\/index.php\/2025\/03\/09\/declaracao-de-dorival-junior-previsao-de-cicinho-e-futuro-de-roberto-firmino-as-ultimas-noticias-do-flamengo\/#breadcrumb\",\"itemListElement\":[{\"@type\":\"ListItem\",\"position\":1,\"name\":\"Home\",\"item\":\"https:\/\/www.gaveanews.com\/\"},{\"@type\":\"ListItem\",\"position\":2,\"name\":\"Declara\u00e7\u00e3o de Dorival Junior, previs\u00e3o de Cicinho e futuro de Roberto Firmino: as \u00faltimas not\u00edcias do Flamengo\"}]},{\"@type\":\"WebSite\",\"@id\":\"https:\/\/www.gaveanews.com\/#website\",\"url\":\"https:\/\/www.gaveanews.com\/\",\"name\":\"G\u00e1vea News\",\"description\":\"Veja todas as not\u00edcias sobre o Flamengo: Contrata\u00e7\u00f5es, categorias de base, resultados das partidas, tabela de classifica\u00e7\u00e3o, pr\u00f3ximos jogos!\",\"potentialAction\":[{\"@type\":\"SearchAction\",\"target\":{\"@type\":\"EntryPoint\",\"urlTemplate\":\"https:\/\/www.gaveanews.com\/?s={search_term_string}\"},\"query-input\":{\"@type\":\"PropertyValueSpecification\",\"valueRequired\":true,\"valueName\":\"search_term_string\"}}],\"inLanguage\":\"pt-BR\"},{\"@type\":\"Person\",\"@id\":\"https:\/\/www.gaveanews.com\/#\/schema\/person\/8207cd4627f56151707418bfc835b2fb\",\"name\":\"Matheus Felipe\",\"image\":{\"@type\":\"ImageObject\",\"inLanguage\":\"pt-BR\",\"@id\":\"https:\/\/www.gaveanews.com\/#\/schema\/person\/image\/\",\"url\":\"https:\/\/secure.gravatar.com\/avatar\/a452ffbed9130f726358b298bb3a99ce4bd3c5338411f8440e87e14d74c7c087?s=96&d=mm&r=g\",\"contentUrl\":\"https:\/\/secure.gravatar.com\/avatar\/a452ffbed9130f726358b298bb3a99ce4bd3c5338411f8440e87e14d74c7c087?s=96&d=mm&r=g\",\"caption\":\"Matheus Felipe\"}}]}<\/script>\n<!-- \/ Yoast SEO Premium plugin. -->","yoast_head_json":{"title":"Declara\u00e7\u00e3o de Dorival Junior, previs\u00e3o de Cicinho e futuro de Roberto Firmino: as \u00faltimas not\u00edcias do Flamengo","robots":{"index":"index","follow":"follow","max-snippet":"max-snippet:-1","max-image-preview":"max-image-preview:large","max-video-preview":"max-video-preview:-1"},"canonical":"https:\/\/www.gaveanews.com\/index.php\/2025\/03\/09\/declaracao-de-dorival-junior-previsao-de-cicinho-e-futuro-de-roberto-firmino-as-ultimas-noticias-do-flamengo\/","og_locale":"pt_BR","og_type":"article","og_title":"Declara\u00e7\u00e3o de Dorival Junior, previs\u00e3o de Cicinho e futuro de Roberto Firmino: as \u00faltimas not\u00edcias do Flamengo","og_description":"Nas \u00faltimas horas, o foco das not\u00edcias sobre o Flamengo se concentram nos bastidores do clube, com destaques do dia a dia do time. Por conta deste contexto, leia abaixo um resumo preparado pela equipe do portal G\u00e1vea News para lhe manter muito bem informado! Futuro de Roberto Firmino O atacante Roberto Firmino est\u00e1 prestes [&hellip;]","og_url":"https:\/\/www.gaveanews.com\/index.php\/2025\/03\/09\/declaracao-de-dorival-junior-previsao-de-cicinho-e-futuro-de-roberto-firmino-as-ultimas-noticias-do-flamengo\/","og_site_name":"G\u00e1vea News","article_publisher":"https:\/\/facebook.com\/gaveaNews\/","article_published_time":"2025-03-09T09:00:00+00:00","og_image":[{"width":711,"height":708,"url":"https:\/\/www.gaveanews.com\/wp-content\/uploads\/Adidas-promove-mundaca-na-camisa-do-Flamengo.webp","type":"image\/jpeg"}],"author":"Matheus Felipe","twitter_card":"summary_large_image","twitter_misc":{"Escrito por":"Matheus Felipe","Est. tempo de leitura":"5 minutos"},"schema":{"@context":"https:\/\/schema.org","@graph":[{"@type":"NewsArticle","@id":"https:\/\/www.gaveanews.com\/index.php\/2025\/03\/09\/declaracao-de-dorival-junior-previsao-de-cicinho-e-futuro-de-roberto-firmino-as-ultimas-noticias-do-flamengo\/#article","isPartOf":{"@id":"https:\/\/www.gaveanews.com\/index.php\/2025\/03\/09\/declaracao-de-dorival-junior-previsao-de-cicinho-e-futuro-de-roberto-firmino-as-ultimas-noticias-do-flamengo\/"},"author":{"name":"Matheus Felipe","@id":"https:\/\/www.gaveanews.com\/#\/schema\/person\/8207cd4627f56151707418bfc835b2fb"},"headline":"Declara\u00e7\u00e3o de Dorival Junior, previs\u00e3o de Cicinho e futuro de Roberto Firmino: as \u00faltimas not\u00edcias do Flamengo","datePublished":"2025-03-09T09:00:00+00:00","mainEntityOfPage":{"@id":"https:\/\/www.gaveanews.com\/index.php\/2025\/03\/09\/declaracao-de-dorival-junior-previsao-de-cicinho-e-futuro-de-roberto-firmino-as-ultimas-noticias-do-flamengo\/"},"wordCount":828,"commentCount":0,"image":{"@id":"https:\/\/www.gaveanews.com\/index.php\/2025\/03\/09\/declaracao-de-dorival-junior-previsao-de-cicinho-e-futuro-de-roberto-firmino-as-ultimas-noticias-do-flamengo\/#primaryimage"},"thumbnailUrl":"https:\/\/www.gaveanews.com\/wp-content\/uploads\/Adidas-promove-mundaca-na-camisa-do-Flamengo.webp","articleSection":["Flamengo"],"inLanguage":"pt-BR","potentialAction":[{"@type":"CommentAction","name":"Comment","target":["https:\/\/www.gaveanews.com\/index.php\/2025\/03\/09\/declaracao-de-dorival-junior-previsao-de-cicinho-e-futuro-de-roberto-firmino-as-ultimas-noticias-do-flamengo\/#respond"]}],"copyrightYear":"2025","copyrightHolder":{"@id":"https:\/\/www.gaveanews.com\/#organization"}},{"@type":"WebPage","@id":"https:\/\/www.gaveanews.com\/index.php\/2025\/03\/09\/declaracao-de-dorival-junior-previsao-de-cicinho-e-futuro-de-roberto-firmino-as-ultimas-noticias-do-flamengo\/","url":"https:\/\/www.gaveanews.com\/index.php\/2025\/03\/09\/declaracao-de-dorival-junior-previsao-de-cicinho-e-futuro-de-roberto-firmino-as-ultimas-noticias-do-flamengo\/","name":"Declara\u00e7\u00e3o de Dorival Junior, previs\u00e3o de Cicinho e futuro de Roberto Firmino: as \u00faltimas not\u00edcias do Flamengo","isPartOf":{"@id":"https:\/\/www.gaveanews.com\/#website"},"primaryImageOfPage":{"@id":"https:\/\/www.gaveanews.com\/index.php\/2025\/03\/09\/declaracao-de-dorival-junior-previsao-de-cicinho-e-futuro-de-roberto-firmino-as-ultimas-noticias-do-flamengo\/#primaryimage"},"image":{"@id":"https:\/\/www.gaveanews.com\/index.php\/2025\/03\/09\/declaracao-de-dorival-junior-previsao-de-cicinho-e-futuro-de-roberto-firmino-as-ultimas-noticias-do-flamengo\/#primaryimage"},"thumbnailUrl":"https:\/\/www.gaveanews.com\/wp-content\/uploads\/Adidas-promove-mundaca-na-camisa-do-Flamengo.webp","datePublished":"2025-03-09T09:00:00+00:00","author":{"@id":"https:\/\/www.gaveanews.com\/#\/schema\/person\/8207cd4627f56151707418bfc835b2fb"},"breadcrumb":{"@id":"https:\/\/www.gaveanews.com\/index.php\/2025\/03\/09\/declaracao-de-dorival-junior-previsao-de-cicinho-e-futuro-de-roberto-firmino-as-ultimas-noticias-do-flamengo\/#breadcrumb"},"inLanguage":"pt-BR","potentialAction":[{"@type":"ReadAction","target":["https:\/\/www.gaveanews.com\/index.php\/2025\/03\/09\/declaracao-de-dorival-junior-previsao-de-cicinho-e-futuro-de-roberto-firmino-as-ultimas-noticias-do-flamengo\/"]}]},{"@type":"ImageObject","inLanguage":"pt-BR","@id":"https:\/\/www.gaveanews.com\/index.php\/2025\/03\/09\/declaracao-de-dorival-junior-previsao-de-cicinho-e-futuro-de-roberto-firmino-as-ultimas-noticias-do-flamengo\/#primaryimage","url":"https:\/\/www.gaveanews.com\/wp-content\/uploads\/Adidas-promove-mundaca-na-camisa-do-Flamengo.webp","contentUrl":"https:\/\/www.gaveanews.com\/wp-content\/uploads\/Adidas-promove-mundaca-na-camisa-do-Flamengo.webp","width":711,"height":708,"caption":"Adidas promove mudan\u00e7a na camisa do Flamengo (Imagem: Editoria de arte\/G\u00e1vea News\/Henrique Machado)"},{"@type":"BreadcrumbList","@id":"https:\/\/www.gaveanews.com\/index.php\/2025\/03\/09\/declaracao-de-dorival-junior-previsao-de-cicinho-e-futuro-de-roberto-firmino-as-ultimas-noticias-do-flamengo\/#breadcrumb","itemListElement":[{"@type":"ListItem","position":1,"name":"Home","item":"https:\/\/www.gaveanews.com\/"},{"@type":"ListItem","position":2,"name":"Declara\u00e7\u00e3o de Dorival Junior, previs\u00e3o de Cicinho e futuro de Roberto Firmino: as \u00faltimas not\u00edcias do Flamengo"}]},{"@type":"WebSite","@id":"https:\/\/www.gaveanews.com\/#website","url":"https:\/\/www.gaveanews.com\/","name":"G\u00e1vea News","description":"Veja todas as not\u00edcias sobre o Flamengo: Contrata\u00e7\u00f5es, categorias de base, resultados das partidas, tabela de classifica\u00e7\u00e3o, pr\u00f3ximos jogos!","potentialAction":[{"@type":"SearchAction","target":{"@type":"EntryPoint","urlTemplate":"https:\/\/www.gaveanews.com\/?s={search_term_string}"},"query-input":{"@type":"PropertyValueSpecification","valueRequired":true,"valueName":"search_term_string"}}],"inLanguage":"pt-BR"},{"@type":"Person","@id":"https:\/\/www.gaveanews.com\/#\/schema\/person\/8207cd4627f56151707418bfc835b2fb","name":"Matheus Felipe","image":{"@type":"ImageObject","inLanguage":"pt-BR","@id":"https:\/\/www.gaveanews.com\/#\/schema\/person\/image\/","url":"https:\/\/secure.gravatar.com\/avatar\/a452ffbed9130f726358b298bb3a99ce4bd3c5338411f8440e87e14d74c7c087?s=96&d=mm&r=g","contentUrl":"https:\/\/secure.gravatar.com\/avatar\/a452ffbed9130f726358b298bb3a99ce4bd3c5338411f8440e87e14d74c7c087?s=96&d=mm&r=g","caption":"Matheus Felipe"}}]}},"_links":{"self":[{"href":"https:\/\/www.gaveanews.com\/index.php\/wp-json\/wp\/v2\/posts\/237557","targetHints":{"allow":["GET"]}}],"collection":[{"href":"https:\/\/www.gaveanews.com\/index.php\/wp-json\/wp\/v2\/posts"}],"about":[{"href":"https:\/\/www.gaveanews.com\/index.php\/wp-json\/wp\/v2\/types\/post"}],"author":[{"embeddable":true,"href":"https:\/\/www.gaveanews.com\/index.php\/wp-json\/wp\/v2\/users\/27"}],"replies":[{"embeddable":true,"href":"https:\/\/www.gaveanews.com\/index.php\/wp-json\/wp\/v2\/comments?post=237557"}],"version-history":[{"count":1,"href":"https:\/\/www.gaveanews.com\/index.php\/wp-json\/wp\/v2\/posts\/237557\/revisions"}],"predecessor-version":[{"id":237567,"href":"https:\/\/www.gaveanews.com\/index.php\/wp-json\/wp\/v2\/posts\/237557\/revisions\/237567"}],"wp:featuredmedia":[{"embeddable":true,"href":"https:\/\/www.gaveanews.com\/index.php\/wp-json\/wp\/v2\/media\/149729"}],"wp:attachment":[{"href":"https:\/\/www.gaveanews.com\/index.php\/wp-json\/wp\/v2\/media?parent=237557"}],"wp:term":[{"taxonomy":"category","embeddable":true,"href":"https:\/\/www.gaveanews.com\/index.php\/wp-json\/wp\/v2\/categories?post=237557"},{"taxonomy":"post_tag","embeddable":true,"href":"https:\/\/www.gaveanews.com\/index.php\/wp-json\/wp\/v2\/tags?post=237557"}],"curies":[{"name":"wp","href":"https:\/\/api.w.org\/{rel}","templated":true}]}}