{"id":237560,"date":"2025-03-09T06:05:00","date_gmt":"2025-03-09T09:05:00","guid":{"rendered":"https:\/\/www.gaveanews.com\/?p=237560"},"modified":"2025-03-08T17:01:34","modified_gmt":"2025-03-08T20:01:34","slug":"declaracao-de-cuca-convocacao-de-arana-e-as-camisas-mais-bonitas-do-futebol-as-ultimas-noticias-do-atletico-mg","status":"publish","type":"post","link":"https:\/\/www.gaveanews.com\/index.php\/2025\/03\/09\/declaracao-de-cuca-convocacao-de-arana-e-as-camisas-mais-bonitas-do-futebol-as-ultimas-noticias-do-atletico-mg\/","title":{"rendered":"Declara\u00e7\u00e3o de Cuca, convoca\u00e7\u00e3o de Arana e as camisas mais bonitas do futebol: as \u00faltimas not\u00edcias do Atl\u00e9tico-MG"},"content":{"rendered":"\n<p>Nas \u00faltimas horas, o foco das not\u00edcias sobre o Atl\u00e9tico-MG se concentram nos bastidores do clube, com destaques do dia a dia do time.<\/p>\n\n\n\n<p>Por conta deste contexto, leia abaixo um resumo preparado pela equipe do portal G\u00e1vea News para lhe manter muito bem informado!<\/p>\n\n\n\n<div class=\"wp-block-group\"><div class=\"wp-block-group__inner-container is-layout-constrained wp-block-group-is-layout-constrained\">\n<h2 class=\"wp-block-heading\" id=\"h-as-camisas-mais-bonitas-do-futebol\">As camisas mais bonitas do futebol<\/h2>\n\n\n\n<p>Uma an\u00e1lise recente destacou as camisas mais bonitas do futebol brasileiro nos \u00faltimos 20 anos, levando em conta n\u00e3o apenas o design, mas tamb\u00e9m a hist\u00f3ria e o significado por tr\u00e1s de cada uniforme. Entre os destaques, a camisa do Atl\u00e9tico-MG de 2021, conhecida como \u201cManto da Massa\u201d, conquistou reconhecimento mundial ao representar os munic\u00edpios de Minas Gerais. J\u00e1 o uniforme do Corinthians de 2024 chamou a aten\u00e7\u00e3o por sua inspira\u00e7\u00e3o na di\u00e1spora africana e na luta contra o racismo, trazendo s\u00edmbolos Adinkras e detalhes culturais marcantes<strong><a href=\"https:\/\/www.gaveanews.com\/index.php\/2025\/03\/06\/portal-lista-as-camisas-mais-bonitas-do-futebol-brasileiro-dos-ultimos-tempos\/\"> (leia a mat\u00e9ria completa).<\/a><\/strong><\/p>\n\n\n\n<figure class=\"wp-block-image size-large\"><img loading=\"lazy\" decoding=\"async\" width=\"1024\" height=\"683\" src=\"http:\/\/www.gaveanews.com\/wp-content\/uploads\/Camisa-do-Atletico-MG-1024x683.webp\" alt=\"\" class=\"wp-image-157061\" srcset=\"https:\/\/www.gaveanews.com\/wp-content\/uploads\/Camisa-do-Atletico-MG-1024x683.webp 1024w, https:\/\/www.gaveanews.com\/wp-content\/uploads\/Camisa-do-Atletico-MG-300x200.webp 300w, https:\/\/www.gaveanews.com\/wp-content\/uploads\/Camisa-do-Atletico-MG-768x512.webp 768w, https:\/\/www.gaveanews.com\/wp-content\/uploads\/Camisa-do-Atletico-MG-630x420.webp 630w, https:\/\/www.gaveanews.com\/wp-content\/uploads\/Camisa-do-Atletico-MG-640x427.webp 640w, https:\/\/www.gaveanews.com\/wp-content\/uploads\/Camisa-do-Atletico-MG-681x454.webp 681w, https:\/\/www.gaveanews.com\/wp-content\/uploads\/Camisa-do-Atletico-MG-100x67.webp 100w, https:\/\/www.gaveanews.com\/wp-content\/uploads\/Camisa-do-Atletico-MG.webp 1080w\" sizes=\"auto, (max-width: 1024px) 100vw, 1024px\" \/><figcaption class=\"wp-element-caption\">Camisa do Atl\u00e9tico-MG (Foto: Reprodu\u00e7\u00e3o\/Instagram)<\/figcaption><\/figure>\n\n\n\n<p>O ranking tamb\u00e9m incluiu a camisa do Vasco de 2022, que se diferenciou pela aus\u00eancia da tradicional faixa diagonal, substitu\u00edda por um design mais clean e sofisticado, em homenagem ao est\u00e1dio S\u00e3o Janu\u00e1rio. <\/p>\n\n\n\n<p>Al\u00e9m disso, o Corinthians apareceu novamente na lista com o modelo de 2023, que combinou tons bege e preto, resgatando o escudo original do clube e sendo escolhido diretamente pela torcida.<\/p>\n\n\n\n<p>No topo da lista, a camisa do Botafogo de 2024 se destacou como a mais emblem\u00e1tica, celebrando os 130 anos do clube com um design que remete ao tric\u00f4 usado nas d\u00e9cadas de 50 e 60. Al\u00e9m da est\u00e9tica diferenciada, esse uniforme marcou um per\u00edodo de conquistas hist\u00f3ricas para o time, incluindo t\u00edtulos in\u00e9ditos como a Libertadores e o Brasileir\u00e3o. Dessa forma, a lista ressalta como os uniformes v\u00e3o al\u00e9m do visual, tornando-se s\u00edmbolos de identidade e mem\u00f3ria para os torcedores.<\/p>\n\n\n\n<h2 class=\"wp-block-heading\" id=\"h-convocacao-de-arana\">Convoca\u00e7\u00e3o de Arana<\/h2>\n\n\n\n<p>O lateral Guilherme Arana foi convocado pelo t\u00e9cnico Dorival J\u00fanior para defender a Sele\u00e7\u00e3o Brasileira nos jogos contra Col\u00f4mbia e Argentina, v\u00e1lidos pelas Eliminat\u00f3rias da Copa do Mundo de 2026. Com isso, torcedores do Atl\u00e9tico-MG ficaram preocupados com a possibilidade de desfalque em compromissos importantes do clube. No entanto, a convoca\u00e7\u00e3o n\u00e3o afetar\u00e1 o planejamento do Galo, j\u00e1 que o time disputa a final do Campeonato Mineiro contra o Am\u00e9rica no dia 15 de mar\u00e7o e s\u00f3 volta a campo no fim do m\u00eas para a estreia no Brasileir\u00e3o contra o Gr\u00eamio <strong><a href=\"https:\/\/www.gaveanews.com\/index.php\/2025\/03\/06\/saiba-se-arana-ira-desfalcar-o-atletico-por-conta-da-convocacao\/\">(leia a mat\u00e9ria completa).<\/a><\/strong><\/p>\n\n\n\n<figure class=\"wp-block-image size-full\"><img loading=\"lazy\" decoding=\"async\" width=\"721\" height=\"535\" src=\"http:\/\/www.gaveanews.com\/wp-content\/uploads\/Guilherme-Arana-pelo-Atletico-MG.webp\" alt=\"\" class=\"wp-image-168221\" srcset=\"https:\/\/www.gaveanews.com\/wp-content\/uploads\/Guilherme-Arana-pelo-Atletico-MG.webp 721w, https:\/\/www.gaveanews.com\/wp-content\/uploads\/Guilherme-Arana-pelo-Atletico-MG-300x223.webp 300w, https:\/\/www.gaveanews.com\/wp-content\/uploads\/Guilherme-Arana-pelo-Atletico-MG-566x420.webp 566w, https:\/\/www.gaveanews.com\/wp-content\/uploads\/Guilherme-Arana-pelo-Atletico-MG-80x60.webp 80w, https:\/\/www.gaveanews.com\/wp-content\/uploads\/Guilherme-Arana-pelo-Atletico-MG-160x120.webp 160w, https:\/\/www.gaveanews.com\/wp-content\/uploads\/Guilherme-Arana-pelo-Atletico-MG-100x74.webp 100w, https:\/\/www.gaveanews.com\/wp-content\/uploads\/Guilherme-Arana-pelo-Atletico-MG-180x135.webp 180w, https:\/\/www.gaveanews.com\/wp-content\/uploads\/Guilherme-Arana-pelo-Atletico-MG-238x178.webp 238w, https:\/\/www.gaveanews.com\/wp-content\/uploads\/Guilherme-Arana-pelo-Atletico-MG-640x475.webp 640w, https:\/\/www.gaveanews.com\/wp-content\/uploads\/Guilherme-Arana-pelo-Atletico-MG-681x505.webp 681w\" sizes=\"auto, (max-width: 721px) 100vw, 721px\" \/><figcaption class=\"wp-element-caption\">Guilherme Arana pelo Atl\u00e9tico-MG (Foto: Pedro Souza\/Atl\u00e9tico-MG)<\/figcaption><\/figure>\n\n\n\n<p>O bom momento de Arana na temporada refor\u00e7a sua import\u00e2ncia tanto no Atl\u00e9tico-MG quanto na Sele\u00e7\u00e3o Brasileira. Sua presen\u00e7a na lista de Dorival J\u00fanior demonstra a confian\u00e7a no lateral para futuras competi\u00e7\u00f5es. Al\u00e9m dele, outros nomes de peso foram chamados, como Neymar, Vin\u00edcius J\u00fanior e Alisson. A convoca\u00e7\u00e3o tamb\u00e9m pode consolidar Arana como uma pe\u00e7a fixa na equipe nacional, aumentando suas chances de disputar a Copa do Mundo.<\/p>\n\n\n\n<p>Para o Atl\u00e9tico, a not\u00edcia \u00e9 positiva, pois o clube poder\u00e1 contar com Arana para a decis\u00e3o do estadual, garantindo for\u00e7a m\u00e1xima no confronto contra o Am\u00e9rica. Ap\u00f3s a final, o jogador se juntar\u00e1 \u00e0 Sele\u00e7\u00e3o sem comprometer sua sequ\u00eancia pelo Galo. Assim, o time mineiro mant\u00e9m seu foco na busca pelo t\u00edtulo estadual, enquanto Arana tem a oportunidade de representar o Brasil e refor\u00e7ar ainda mais sua posi\u00e7\u00e3o no cen\u00e1rio internacional.<\/p>\n\n\n\n<h2 class=\"wp-block-heading\" id=\"h-declaracao-de-cuca\">Declara\u00e7\u00e3o de Cuca\u00a0<\/h2>\n\n\n\n<p>O t\u00e9cnico Cuca destacou a maturidade do Atl\u00e9tico-MG na vit\u00f3ria por 4 a 1 sobre o Manaus-AM, garantindo a classifica\u00e7\u00e3o para a pr\u00f3xima fase da Copa do Brasil. Apesar do favoritismo, o treinador ressaltou que jogos eliminat\u00f3rios podem ser decididos por pequenos detalhes e elogiou a paci\u00eancia do time para superar a forte marca\u00e7\u00e3o advers\u00e1ria. A equipe encontrou dificuldades iniciais, mas conseguiu furar o bloqueio defensivo do Manaus e construir o resultado com intelig\u00eancia e controle da partida <strong><a href=\"https:\/\/www.gaveanews.com\/index.php\/2025\/03\/05\/a-declaracao-de-cuca-apos-a-classificacao-do-atletico-mg-na-copa-do-brasil\/\">(leia a mat\u00e9ria completa).<\/a><\/strong><\/p>\n\n\n\n<figure class=\"wp-block-image size-full\"><img loading=\"lazy\" decoding=\"async\" width=\"1024\" height=\"683\" src=\"http:\/\/www.gaveanews.com\/wp-content\/uploads\/Cuca-tecnico-do-Atletico-MG.webp\" alt=\"\" class=\"wp-image-68026\" srcset=\"https:\/\/www.gaveanews.com\/wp-content\/uploads\/Cuca-tecnico-do-Atletico-MG.webp 1024w, https:\/\/www.gaveanews.com\/wp-content\/uploads\/Cuca-tecnico-do-Atletico-MG-300x200.webp 300w, https:\/\/www.gaveanews.com\/wp-content\/uploads\/Cuca-tecnico-do-Atletico-MG-768x512.webp 768w, https:\/\/www.gaveanews.com\/wp-content\/uploads\/Cuca-tecnico-do-Atletico-MG-630x420.webp 630w, https:\/\/www.gaveanews.com\/wp-content\/uploads\/Cuca-tecnico-do-Atletico-MG-640x427.webp 640w, https:\/\/www.gaveanews.com\/wp-content\/uploads\/Cuca-tecnico-do-Atletico-MG-681x454.webp 681w, https:\/\/www.gaveanews.com\/wp-content\/uploads\/Cuca-tecnico-do-Atletico-MG-1022x683.webp 1022w, https:\/\/www.gaveanews.com\/wp-content\/uploads\/Cuca-tecnico-do-Atletico-MG-100x67.webp 100w\" sizes=\"auto, (max-width: 1024px) 100vw, 1024px\" \/><figcaption class=\"wp-element-caption\">Cuca como treinador do Atl\u00e9tico-MG (Foto: Bruno Cantini\/Atl\u00e9tico-MG)<\/figcaption><\/figure>\n\n\n\n<p>Sem Hulk, lesionado, Cuca apostou em um ataque mais veloz, formado por Rony, Cuello e Alisson, explorando as laterais do campo para criar chances. O treinador destacou que a calma e a movimenta\u00e7\u00e3o foram essenciais para encontrar espa\u00e7os e construir as jogadas ofensivas. A equipe soube administrar a vantagem no segundo tempo, demonstrando seguran\u00e7a e consolidando um desempenho positivo, o que traz confian\u00e7a para os pr\u00f3ximos desafios da temporada.<\/p>\n\n\n\n<p>Agora, o Atl\u00e9tico-MG volta suas aten\u00e7\u00f5es para a final do Campeonato Mineiro, onde enfrentar\u00e1 o Am\u00e9rica-MG. O primeiro jogo da decis\u00e3o ser\u00e1 neste s\u00e1bado (8), no Mineir\u00e3o, e a expectativa \u00e9 de um confronto equilibrado. Com a boa atua\u00e7\u00e3o na Copa do Brasil, o Galo chega motivado para buscar mais um t\u00edtulo estadual e manter a sequ\u00eancia de bons resultados sob o comando de Cuca.<\/p>\n<\/div><\/div>\n","protected":false},"excerpt":{"rendered":"<p>Nas \u00faltimas horas, o foco das not\u00edcias sobre o Atl\u00e9tico-MG se concentram nos bastidores do clube, com destaques do dia a dia do time. Por conta deste contexto, leia abaixo um resumo preparado pela equipe do portal G\u00e1vea News para lhe manter muito bem informado! As camisas mais bonitas do futebol Uma an\u00e1lise recente destacou [&hellip;]<\/p>\n","protected":false},"author":27,"featured_media":153999,"comment_status":"open","ping_status":"closed","sticky":false,"template":"","format":"standard","meta":{"footnotes":""},"categories":[136],"tags":[],"class_list":["post-237560","post","type-post","status-publish","format-standard","has-post-thumbnail","hentry","category-atletico-mg"],"yoast_head":"<!-- This site is optimized with the Yoast SEO Premium plugin v24.2 (Yoast SEO v26.9) - https:\/\/yoast.com\/product\/yoast-seo-premium-wordpress\/ -->\n<title>Declara\u00e7\u00e3o de Cuca, convoca\u00e7\u00e3o de Arana e as camisas mais bonitas do futebol: as \u00faltimas not\u00edcias do Atl\u00e9tico-MG<\/title>\n<meta name=\"robots\" content=\"index, follow, max-snippet:-1, max-image-preview:large, max-video-preview:-1\" \/>\n<link rel=\"canonical\" href=\"https:\/\/www.gaveanews.com\/index.php\/2025\/03\/09\/declaracao-de-cuca-convocacao-de-arana-e-as-camisas-mais-bonitas-do-futebol-as-ultimas-noticias-do-atletico-mg\/\" \/>\n<meta property=\"og:locale\" content=\"pt_BR\" \/>\n<meta property=\"og:type\" content=\"article\" \/>\n<meta property=\"og:title\" content=\"Declara\u00e7\u00e3o de Cuca, convoca\u00e7\u00e3o de Arana e as camisas mais bonitas do futebol: as \u00faltimas not\u00edcias do Atl\u00e9tico-MG\" \/>\n<meta property=\"og:description\" content=\"Nas \u00faltimas horas, o foco das not\u00edcias sobre o Atl\u00e9tico-MG se concentram nos bastidores do clube, com destaques do dia a dia do time. Por conta deste contexto, leia abaixo um resumo preparado pela equipe do portal G\u00e1vea News para lhe manter muito bem informado! As camisas mais bonitas do futebol Uma an\u00e1lise recente destacou [&hellip;]\" \/>\n<meta property=\"og:url\" content=\"https:\/\/www.gaveanews.com\/index.php\/2025\/03\/09\/declaracao-de-cuca-convocacao-de-arana-e-as-camisas-mais-bonitas-do-futebol-as-ultimas-noticias-do-atletico-mg\/\" \/>\n<meta property=\"og:site_name\" content=\"G\u00e1vea News\" \/>\n<meta property=\"article:publisher\" content=\"https:\/\/facebook.com\/gaveaNews\/\" \/>\n<meta property=\"article:published_time\" content=\"2025-03-09T09:05:00+00:00\" \/>\n<meta property=\"og:image\" content=\"https:\/\/www.gaveanews.com\/wp-content\/uploads\/Estadio-do-Atletico-MG.webp\" \/>\n\t<meta property=\"og:image:width\" content=\"900\" \/>\n\t<meta property=\"og:image:height\" content=\"600\" \/>\n\t<meta property=\"og:image:type\" content=\"image\/webp\" \/>\n<meta name=\"author\" content=\"Matheus Felipe\" \/>\n<meta name=\"twitter:card\" content=\"summary_large_image\" \/>\n<meta name=\"twitter:label1\" content=\"Escrito por\" \/>\n\t<meta name=\"twitter:data1\" content=\"Matheus Felipe\" \/>\n\t<meta name=\"twitter:label2\" content=\"Est. tempo de leitura\" \/>\n\t<meta name=\"twitter:data2\" content=\"6 minutos\" \/>\n<script type=\"application\/ld+json\" class=\"yoast-schema-graph\">{\"@context\":\"https:\/\/schema.org\",\"@graph\":[{\"@type\":\"NewsArticle\",\"@id\":\"https:\/\/www.gaveanews.com\/index.php\/2025\/03\/09\/declaracao-de-cuca-convocacao-de-arana-e-as-camisas-mais-bonitas-do-futebol-as-ultimas-noticias-do-atletico-mg\/#article\",\"isPartOf\":{\"@id\":\"https:\/\/www.gaveanews.com\/index.php\/2025\/03\/09\/declaracao-de-cuca-convocacao-de-arana-e-as-camisas-mais-bonitas-do-futebol-as-ultimas-noticias-do-atletico-mg\/\"},\"author\":{\"name\":\"Matheus Felipe\",\"@id\":\"https:\/\/www.gaveanews.com\/#\/schema\/person\/8207cd4627f56151707418bfc835b2fb\"},\"headline\":\"Declara\u00e7\u00e3o de Cuca, convoca\u00e7\u00e3o de Arana e as camisas mais bonitas do futebol: as \u00faltimas not\u00edcias do Atl\u00e9tico-MG\",\"datePublished\":\"2025-03-09T09:05:00+00:00\",\"mainEntityOfPage\":{\"@id\":\"https:\/\/www.gaveanews.com\/index.php\/2025\/03\/09\/declaracao-de-cuca-convocacao-de-arana-e-as-camisas-mais-bonitas-do-futebol-as-ultimas-noticias-do-atletico-mg\/\"},\"wordCount\":884,\"commentCount\":0,\"image\":{\"@id\":\"https:\/\/www.gaveanews.com\/index.php\/2025\/03\/09\/declaracao-de-cuca-convocacao-de-arana-e-as-camisas-mais-bonitas-do-futebol-as-ultimas-noticias-do-atletico-mg\/#primaryimage\"},\"thumbnailUrl\":\"https:\/\/www.gaveanews.com\/wp-content\/uploads\/Estadio-do-Atletico-MG.webp\",\"articleSection\":[\"Atl\u00e9tico-MG\"],\"inLanguage\":\"pt-BR\",\"potentialAction\":[{\"@type\":\"CommentAction\",\"name\":\"Comment\",\"target\":[\"https:\/\/www.gaveanews.com\/index.php\/2025\/03\/09\/declaracao-de-cuca-convocacao-de-arana-e-as-camisas-mais-bonitas-do-futebol-as-ultimas-noticias-do-atletico-mg\/#respond\"]}],\"copyrightYear\":\"2025\",\"copyrightHolder\":{\"@id\":\"https:\/\/www.gaveanews.com\/#organization\"}},{\"@type\":\"WebPage\",\"@id\":\"https:\/\/www.gaveanews.com\/index.php\/2025\/03\/09\/declaracao-de-cuca-convocacao-de-arana-e-as-camisas-mais-bonitas-do-futebol-as-ultimas-noticias-do-atletico-mg\/\",\"url\":\"https:\/\/www.gaveanews.com\/index.php\/2025\/03\/09\/declaracao-de-cuca-convocacao-de-arana-e-as-camisas-mais-bonitas-do-futebol-as-ultimas-noticias-do-atletico-mg\/\",\"name\":\"Declara\u00e7\u00e3o de Cuca, convoca\u00e7\u00e3o de Arana e as camisas mais bonitas do futebol: as \u00faltimas not\u00edcias do Atl\u00e9tico-MG\",\"isPartOf\":{\"@id\":\"https:\/\/www.gaveanews.com\/#website\"},\"primaryImageOfPage\":{\"@id\":\"https:\/\/www.gaveanews.com\/index.php\/2025\/03\/09\/declaracao-de-cuca-convocacao-de-arana-e-as-camisas-mais-bonitas-do-futebol-as-ultimas-noticias-do-atletico-mg\/#primaryimage\"},\"image\":{\"@id\":\"https:\/\/www.gaveanews.com\/index.php\/2025\/03\/09\/declaracao-de-cuca-convocacao-de-arana-e-as-camisas-mais-bonitas-do-futebol-as-ultimas-noticias-do-atletico-mg\/#primaryimage\"},\"thumbnailUrl\":\"https:\/\/www.gaveanews.com\/wp-content\/uploads\/Estadio-do-Atletico-MG.webp\",\"datePublished\":\"2025-03-09T09:05:00+00:00\",\"author\":{\"@id\":\"https:\/\/www.gaveanews.com\/#\/schema\/person\/8207cd4627f56151707418bfc835b2fb\"},\"breadcrumb\":{\"@id\":\"https:\/\/www.gaveanews.com\/index.php\/2025\/03\/09\/declaracao-de-cuca-convocacao-de-arana-e-as-camisas-mais-bonitas-do-futebol-as-ultimas-noticias-do-atletico-mg\/#breadcrumb\"},\"inLanguage\":\"pt-BR\",\"potentialAction\":[{\"@type\":\"ReadAction\",\"target\":[\"https:\/\/www.gaveanews.com\/index.php\/2025\/03\/09\/declaracao-de-cuca-convocacao-de-arana-e-as-camisas-mais-bonitas-do-futebol-as-ultimas-noticias-do-atletico-mg\/\"]}]},{\"@type\":\"ImageObject\",\"inLanguage\":\"pt-BR\",\"@id\":\"https:\/\/www.gaveanews.com\/index.php\/2025\/03\/09\/declaracao-de-cuca-convocacao-de-arana-e-as-camisas-mais-bonitas-do-futebol-as-ultimas-noticias-do-atletico-mg\/#primaryimage\",\"url\":\"https:\/\/www.gaveanews.com\/wp-content\/uploads\/Estadio-do-Atletico-MG.webp\",\"contentUrl\":\"https:\/\/www.gaveanews.com\/wp-content\/uploads\/Estadio-do-Atletico-MG.webp\",\"width\":900,\"height\":600,\"caption\":\"Arena MRV, est\u00e1dio do Atl\u00e9tico-MG (Foto: Reprodu\u00e7\u00e3o\/Atl\u00e9tico)\"},{\"@type\":\"BreadcrumbList\",\"@id\":\"https:\/\/www.gaveanews.com\/index.php\/2025\/03\/09\/declaracao-de-cuca-convocacao-de-arana-e-as-camisas-mais-bonitas-do-futebol-as-ultimas-noticias-do-atletico-mg\/#breadcrumb\",\"itemListElement\":[{\"@type\":\"ListItem\",\"position\":1,\"name\":\"Home\",\"item\":\"https:\/\/www.gaveanews.com\/\"},{\"@type\":\"ListItem\",\"position\":2,\"name\":\"Declara\u00e7\u00e3o de Cuca, convoca\u00e7\u00e3o de Arana e as camisas mais bonitas do futebol: as \u00faltimas not\u00edcias do Atl\u00e9tico-MG\"}]},{\"@type\":\"WebSite\",\"@id\":\"https:\/\/www.gaveanews.com\/#website\",\"url\":\"https:\/\/www.gaveanews.com\/\",\"name\":\"G\u00e1vea News\",\"description\":\"Veja todas as not\u00edcias sobre o Flamengo: Contrata\u00e7\u00f5es, categorias de base, resultados das partidas, tabela de classifica\u00e7\u00e3o, pr\u00f3ximos jogos!\",\"potentialAction\":[{\"@type\":\"SearchAction\",\"target\":{\"@type\":\"EntryPoint\",\"urlTemplate\":\"https:\/\/www.gaveanews.com\/?s={search_term_string}\"},\"query-input\":{\"@type\":\"PropertyValueSpecification\",\"valueRequired\":true,\"valueName\":\"search_term_string\"}}],\"inLanguage\":\"pt-BR\"},{\"@type\":\"Person\",\"@id\":\"https:\/\/www.gaveanews.com\/#\/schema\/person\/8207cd4627f56151707418bfc835b2fb\",\"name\":\"Matheus Felipe\",\"image\":{\"@type\":\"ImageObject\",\"inLanguage\":\"pt-BR\",\"@id\":\"https:\/\/www.gaveanews.com\/#\/schema\/person\/image\/\",\"url\":\"https:\/\/secure.gravatar.com\/avatar\/a452ffbed9130f726358b298bb3a99ce4bd3c5338411f8440e87e14d74c7c087?s=96&d=mm&r=g\",\"contentUrl\":\"https:\/\/secure.gravatar.com\/avatar\/a452ffbed9130f726358b298bb3a99ce4bd3c5338411f8440e87e14d74c7c087?s=96&d=mm&r=g\",\"caption\":\"Matheus Felipe\"}}]}<\/script>\n<!-- \/ Yoast SEO Premium plugin. -->","yoast_head_json":{"title":"Declara\u00e7\u00e3o de Cuca, convoca\u00e7\u00e3o de Arana e as camisas mais bonitas do futebol: as \u00faltimas not\u00edcias do Atl\u00e9tico-MG","robots":{"index":"index","follow":"follow","max-snippet":"max-snippet:-1","max-image-preview":"max-image-preview:large","max-video-preview":"max-video-preview:-1"},"canonical":"https:\/\/www.gaveanews.com\/index.php\/2025\/03\/09\/declaracao-de-cuca-convocacao-de-arana-e-as-camisas-mais-bonitas-do-futebol-as-ultimas-noticias-do-atletico-mg\/","og_locale":"pt_BR","og_type":"article","og_title":"Declara\u00e7\u00e3o de Cuca, convoca\u00e7\u00e3o de Arana e as camisas mais bonitas do futebol: as \u00faltimas not\u00edcias do Atl\u00e9tico-MG","og_description":"Nas \u00faltimas horas, o foco das not\u00edcias sobre o Atl\u00e9tico-MG se concentram nos bastidores do clube, com destaques do dia a dia do time. Por conta deste contexto, leia abaixo um resumo preparado pela equipe do portal G\u00e1vea News para lhe manter muito bem informado! As camisas mais bonitas do futebol Uma an\u00e1lise recente destacou [&hellip;]","og_url":"https:\/\/www.gaveanews.com\/index.php\/2025\/03\/09\/declaracao-de-cuca-convocacao-de-arana-e-as-camisas-mais-bonitas-do-futebol-as-ultimas-noticias-do-atletico-mg\/","og_site_name":"G\u00e1vea News","article_publisher":"https:\/\/facebook.com\/gaveaNews\/","article_published_time":"2025-03-09T09:05:00+00:00","og_image":[{"width":900,"height":600,"url":"https:\/\/www.gaveanews.com\/wp-content\/uploads\/Estadio-do-Atletico-MG.webp","type":"image\/webp"}],"author":"Matheus Felipe","twitter_card":"summary_large_image","twitter_misc":{"Escrito por":"Matheus Felipe","Est. tempo de leitura":"6 minutos"},"schema":{"@context":"https:\/\/schema.org","@graph":[{"@type":"NewsArticle","@id":"https:\/\/www.gaveanews.com\/index.php\/2025\/03\/09\/declaracao-de-cuca-convocacao-de-arana-e-as-camisas-mais-bonitas-do-futebol-as-ultimas-noticias-do-atletico-mg\/#article","isPartOf":{"@id":"https:\/\/www.gaveanews.com\/index.php\/2025\/03\/09\/declaracao-de-cuca-convocacao-de-arana-e-as-camisas-mais-bonitas-do-futebol-as-ultimas-noticias-do-atletico-mg\/"},"author":{"name":"Matheus Felipe","@id":"https:\/\/www.gaveanews.com\/#\/schema\/person\/8207cd4627f56151707418bfc835b2fb"},"headline":"Declara\u00e7\u00e3o de Cuca, convoca\u00e7\u00e3o de Arana e as camisas mais bonitas do futebol: as \u00faltimas not\u00edcias do Atl\u00e9tico-MG","datePublished":"2025-03-09T09:05:00+00:00","mainEntityOfPage":{"@id":"https:\/\/www.gaveanews.com\/index.php\/2025\/03\/09\/declaracao-de-cuca-convocacao-de-arana-e-as-camisas-mais-bonitas-do-futebol-as-ultimas-noticias-do-atletico-mg\/"},"wordCount":884,"commentCount":0,"image":{"@id":"https:\/\/www.gaveanews.com\/index.php\/2025\/03\/09\/declaracao-de-cuca-convocacao-de-arana-e-as-camisas-mais-bonitas-do-futebol-as-ultimas-noticias-do-atletico-mg\/#primaryimage"},"thumbnailUrl":"https:\/\/www.gaveanews.com\/wp-content\/uploads\/Estadio-do-Atletico-MG.webp","articleSection":["Atl\u00e9tico-MG"],"inLanguage":"pt-BR","potentialAction":[{"@type":"CommentAction","name":"Comment","target":["https:\/\/www.gaveanews.com\/index.php\/2025\/03\/09\/declaracao-de-cuca-convocacao-de-arana-e-as-camisas-mais-bonitas-do-futebol-as-ultimas-noticias-do-atletico-mg\/#respond"]}],"copyrightYear":"2025","copyrightHolder":{"@id":"https:\/\/www.gaveanews.com\/#organization"}},{"@type":"WebPage","@id":"https:\/\/www.gaveanews.com\/index.php\/2025\/03\/09\/declaracao-de-cuca-convocacao-de-arana-e-as-camisas-mais-bonitas-do-futebol-as-ultimas-noticias-do-atletico-mg\/","url":"https:\/\/www.gaveanews.com\/index.php\/2025\/03\/09\/declaracao-de-cuca-convocacao-de-arana-e-as-camisas-mais-bonitas-do-futebol-as-ultimas-noticias-do-atletico-mg\/","name":"Declara\u00e7\u00e3o de Cuca, convoca\u00e7\u00e3o de Arana e as camisas mais bonitas do futebol: as \u00faltimas not\u00edcias do Atl\u00e9tico-MG","isPartOf":{"@id":"https:\/\/www.gaveanews.com\/#website"},"primaryImageOfPage":{"@id":"https:\/\/www.gaveanews.com\/index.php\/2025\/03\/09\/declaracao-de-cuca-convocacao-de-arana-e-as-camisas-mais-bonitas-do-futebol-as-ultimas-noticias-do-atletico-mg\/#primaryimage"},"image":{"@id":"https:\/\/www.gaveanews.com\/index.php\/2025\/03\/09\/declaracao-de-cuca-convocacao-de-arana-e-as-camisas-mais-bonitas-do-futebol-as-ultimas-noticias-do-atletico-mg\/#primaryimage"},"thumbnailUrl":"https:\/\/www.gaveanews.com\/wp-content\/uploads\/Estadio-do-Atletico-MG.webp","datePublished":"2025-03-09T09:05:00+00:00","author":{"@id":"https:\/\/www.gaveanews.com\/#\/schema\/person\/8207cd4627f56151707418bfc835b2fb"},"breadcrumb":{"@id":"https:\/\/www.gaveanews.com\/index.php\/2025\/03\/09\/declaracao-de-cuca-convocacao-de-arana-e-as-camisas-mais-bonitas-do-futebol-as-ultimas-noticias-do-atletico-mg\/#breadcrumb"},"inLanguage":"pt-BR","potentialAction":[{"@type":"ReadAction","target":["https:\/\/www.gaveanews.com\/index.php\/2025\/03\/09\/declaracao-de-cuca-convocacao-de-arana-e-as-camisas-mais-bonitas-do-futebol-as-ultimas-noticias-do-atletico-mg\/"]}]},{"@type":"ImageObject","inLanguage":"pt-BR","@id":"https:\/\/www.gaveanews.com\/index.php\/2025\/03\/09\/declaracao-de-cuca-convocacao-de-arana-e-as-camisas-mais-bonitas-do-futebol-as-ultimas-noticias-do-atletico-mg\/#primaryimage","url":"https:\/\/www.gaveanews.com\/wp-content\/uploads\/Estadio-do-Atletico-MG.webp","contentUrl":"https:\/\/www.gaveanews.com\/wp-content\/uploads\/Estadio-do-Atletico-MG.webp","width":900,"height":600,"caption":"Arena MRV, est\u00e1dio do Atl\u00e9tico-MG (Foto: Reprodu\u00e7\u00e3o\/Atl\u00e9tico)"},{"@type":"BreadcrumbList","@id":"https:\/\/www.gaveanews.com\/index.php\/2025\/03\/09\/declaracao-de-cuca-convocacao-de-arana-e-as-camisas-mais-bonitas-do-futebol-as-ultimas-noticias-do-atletico-mg\/#breadcrumb","itemListElement":[{"@type":"ListItem","position":1,"name":"Home","item":"https:\/\/www.gaveanews.com\/"},{"@type":"ListItem","position":2,"name":"Declara\u00e7\u00e3o de Cuca, convoca\u00e7\u00e3o de Arana e as camisas mais bonitas do futebol: as \u00faltimas not\u00edcias do Atl\u00e9tico-MG"}]},{"@type":"WebSite","@id":"https:\/\/www.gaveanews.com\/#website","url":"https:\/\/www.gaveanews.com\/","name":"G\u00e1vea News","description":"Veja todas as not\u00edcias sobre o Flamengo: Contrata\u00e7\u00f5es, categorias de base, resultados das partidas, tabela de classifica\u00e7\u00e3o, pr\u00f3ximos jogos!","potentialAction":[{"@type":"SearchAction","target":{"@type":"EntryPoint","urlTemplate":"https:\/\/www.gaveanews.com\/?s={search_term_string}"},"query-input":{"@type":"PropertyValueSpecification","valueRequired":true,"valueName":"search_term_string"}}],"inLanguage":"pt-BR"},{"@type":"Person","@id":"https:\/\/www.gaveanews.com\/#\/schema\/person\/8207cd4627f56151707418bfc835b2fb","name":"Matheus Felipe","image":{"@type":"ImageObject","inLanguage":"pt-BR","@id":"https:\/\/www.gaveanews.com\/#\/schema\/person\/image\/","url":"https:\/\/secure.gravatar.com\/avatar\/a452ffbed9130f726358b298bb3a99ce4bd3c5338411f8440e87e14d74c7c087?s=96&d=mm&r=g","contentUrl":"https:\/\/secure.gravatar.com\/avatar\/a452ffbed9130f726358b298bb3a99ce4bd3c5338411f8440e87e14d74c7c087?s=96&d=mm&r=g","caption":"Matheus Felipe"}}]}},"_links":{"self":[{"href":"https:\/\/www.gaveanews.com\/index.php\/wp-json\/wp\/v2\/posts\/237560","targetHints":{"allow":["GET"]}}],"collection":[{"href":"https:\/\/www.gaveanews.com\/index.php\/wp-json\/wp\/v2\/posts"}],"about":[{"href":"https:\/\/www.gaveanews.com\/index.php\/wp-json\/wp\/v2\/types\/post"}],"author":[{"embeddable":true,"href":"https:\/\/www.gaveanews.com\/index.php\/wp-json\/wp\/v2\/users\/27"}],"replies":[{"embeddable":true,"href":"https:\/\/www.gaveanews.com\/index.php\/wp-json\/wp\/v2\/comments?post=237560"}],"version-history":[{"count":1,"href":"https:\/\/www.gaveanews.com\/index.php\/wp-json\/wp\/v2\/posts\/237560\/revisions"}],"predecessor-version":[{"id":237577,"href":"https:\/\/www.gaveanews.com\/index.php\/wp-json\/wp\/v2\/posts\/237560\/revisions\/237577"}],"wp:featuredmedia":[{"embeddable":true,"href":"https:\/\/www.gaveanews.com\/index.php\/wp-json\/wp\/v2\/media\/153999"}],"wp:attachment":[{"href":"https:\/\/www.gaveanews.com\/index.php\/wp-json\/wp\/v2\/media?parent=237560"}],"wp:term":[{"taxonomy":"category","embeddable":true,"href":"https:\/\/www.gaveanews.com\/index.php\/wp-json\/wp\/v2\/categories?post=237560"},{"taxonomy":"post_tag","embeddable":true,"href":"https:\/\/www.gaveanews.com\/index.php\/wp-json\/wp\/v2\/tags?post=237560"}],"curies":[{"name":"wp","href":"https:\/\/api.w.org\/{rel}","templated":true}]}}