{"id":237561,"date":"2025-03-09T07:05:00","date_gmt":"2025-03-09T10:05:00","guid":{"rendered":"https:\/\/www.gaveanews.com\/?p=237561"},"modified":"2025-03-08T17:07:32","modified_gmt":"2025-03-08T20:07:32","slug":"declaracao-de-gustavo-scarpa-premiacao-milionaria-e-chegada-de-novos-reforcos-as-ultimas-noticias-do-atletico-mg","status":"publish","type":"post","link":"https:\/\/www.gaveanews.com\/index.php\/2025\/03\/09\/declaracao-de-gustavo-scarpa-premiacao-milionaria-e-chegada-de-novos-reforcos-as-ultimas-noticias-do-atletico-mg\/","title":{"rendered":"Declara\u00e7\u00e3o de Gustavo Scarpa, premia\u00e7\u00e3o milion\u00e1ria e chegada de novos refor\u00e7os: as \u00faltimas not\u00edcias do Atl\u00e9tico-MG"},"content":{"rendered":"\n<p>Nas \u00faltimas horas, o foco das not\u00edcias sobre o Atl\u00e9tico-MG se concentram nos bastidores do clube, com destaques do dia a dia do time.<\/p>\n\n\n\n<p>Por conta deste contexto, leia abaixo um resumo preparado pela equipe do portal G\u00e1vea News para lhe manter muito bem informado!<\/p>\n\n\n\n<div class=\"wp-block-group\"><div class=\"wp-block-group__inner-container is-layout-constrained wp-block-group-is-layout-constrained\">\n<h2 class=\"wp-block-heading\" id=\"h-chegada-de-novos-reforcos\">Chegada de novos refor\u00e7os<\/h2>\n\n\n\n<p>O Atl\u00e9tico-MG segue ativo no mercado de transfer\u00eancias, e o dirigente Paulo Bracks comentou sobre refor\u00e7os e negocia\u00e7\u00f5es recentes. Entre os nomes confirmados, Victor Hugo e Iv\u00e1n Rom\u00e1n chegam para fortalecer o setor defensivo do Galo, enquanto Jo\u00e3o Marcelo, do Guarani, est\u00e1 pr\u00f3ximo de assinar contrato ap\u00f3s acompanhar um jogo no Mineir\u00e3o. Por outro lado, Yerri Mina e \u00canio, que foram especulados como poss\u00edveis refor\u00e7os, n\u00e3o est\u00e3o nos planos do clube, segundo Bracks <strong><a href=\"https:\/\/www.gaveanews.com\/index.php\/2025\/03\/06\/yerri-mina-enio-victor-hugo-joao-marcelo-dirigente-do-atletico-mg-fala-sobre-chegada-de-novos-reforcos\/\">(leia a mat\u00e9ria completa).<\/a><\/strong><\/p>\n\n\n\n<blockquote class=\"instagram-media\" data-instgrm-permalink=\"https:\/\/www.instagram.com\/p\/DF386ffxJLI\/?utm_source=ig_embed&amp;utm_campaign=loading\" data-instgrm-version=\"14\" style=\" background:#FFF; border:0; border-radius:3px; box-shadow:0 0 1px 0 rgba(0,0,0,0.5),0 1px 10px 0 rgba(0,0,0,0.15); margin: 1px; max-width:540px; min-width:326px; padding:0; width:99.375%; width:-webkit-calc(100% - 2px); width:calc(100% - 2px);\"><div style=\"padding:16px;\"> <a href=\"https:\/\/www.instagram.com\/p\/DF386ffxJLI\/?utm_source=ig_embed&amp;utm_campaign=loading\" style=\" background:#FFFFFF; line-height:0; padding:0 0; text-align:center; text-decoration:none; width:100%;\" target=\"_blank\"> <div style=\" display: flex; flex-direction: row; align-items: center;\"> <div style=\"background-color: #F4F4F4; border-radius: 50%; flex-grow: 0; height: 40px; margin-right: 14px; width: 40px;\"><\/div> <div style=\"display: flex; flex-direction: column; flex-grow: 1; justify-content: center;\"> <div style=\" background-color: #F4F4F4; border-radius: 4px; flex-grow: 0; height: 14px; margin-bottom: 6px; width: 100px;\"><\/div> <div style=\" background-color: #F4F4F4; border-radius: 4px; flex-grow: 0; height: 14px; width: 60px;\"><\/div><\/div><\/div><div style=\"padding: 19% 0;\"><\/div> <div style=\"display:block; height:50px; margin:0 auto 12px; width:50px;\"><svg width=\"50px\" height=\"50px\" viewBox=\"0 0 60 60\" version=\"1.1\" xmlns=\"https:\/\/www.w3.org\/2000\/svg\" xmlns:xlink=\"https:\/\/www.w3.org\/1999\/xlink\"><g stroke=\"none\" stroke-width=\"1\" fill=\"none\" fill-rule=\"evenodd\"><g transform=\"translate(-511.000000, -20.000000)\" fill=\"#000000\"><g><path d=\"M556.869,30.41 C554.814,30.41 553.148,32.076 553.148,34.131 C553.148,36.186 554.814,37.852 556.869,37.852 C558.924,37.852 560.59,36.186 560.59,34.131 C560.59,32.076 558.924,30.41 556.869,30.41 M541,60.657 C535.114,60.657 530.342,55.887 530.342,50 C530.342,44.114 535.114,39.342 541,39.342 C546.887,39.342 551.658,44.114 551.658,50 C551.658,55.887 546.887,60.657 541,60.657 M541,33.886 C532.1,33.886 524.886,41.1 524.886,50 C524.886,58.899 532.1,66.113 541,66.113 C549.9,66.113 557.115,58.899 557.115,50 C557.115,41.1 549.9,33.886 541,33.886 M565.378,62.101 C565.244,65.022 564.756,66.606 564.346,67.663 C563.803,69.06 563.154,70.057 562.106,71.106 C561.058,72.155 560.06,72.803 558.662,73.347 C557.607,73.757 556.021,74.244 553.102,74.378 C549.944,74.521 548.997,74.552 541,74.552 C533.003,74.552 532.056,74.521 528.898,74.378 C525.979,74.244 524.393,73.757 523.338,73.347 C521.94,72.803 520.942,72.155 519.894,71.106 C518.846,70.057 518.197,69.06 517.654,67.663 C517.244,66.606 516.755,65.022 516.623,62.101 C516.479,58.943 516.448,57.996 516.448,50 C516.448,42.003 516.479,41.056 516.623,37.899 C516.755,34.978 517.244,33.391 517.654,32.338 C518.197,30.938 518.846,29.942 519.894,28.894 C520.942,27.846 521.94,27.196 523.338,26.654 C524.393,26.244 525.979,25.756 528.898,25.623 C532.057,25.479 533.004,25.448 541,25.448 C548.997,25.448 549.943,25.479 553.102,25.623 C556.021,25.756 557.607,26.244 558.662,26.654 C560.06,27.196 561.058,27.846 562.106,28.894 C563.154,29.942 563.803,30.938 564.346,32.338 C564.756,33.391 565.244,34.978 565.378,37.899 C565.522,41.056 565.552,42.003 565.552,50 C565.552,57.996 565.522,58.943 565.378,62.101 M570.82,37.631 C570.674,34.438 570.167,32.258 569.425,30.349 C568.659,28.377 567.633,26.702 565.965,25.035 C564.297,23.368 562.623,22.342 560.652,21.575 C558.743,20.834 556.562,20.326 553.369,20.18 C550.169,20.033 549.148,20 541,20 C532.853,20 531.831,20.033 528.631,20.18 C525.438,20.326 523.257,20.834 521.349,21.575 C519.376,22.342 517.703,23.368 516.035,25.035 C514.368,26.702 513.342,28.377 512.574,30.349 C511.834,32.258 511.326,34.438 511.181,37.631 C511.035,40.831 511,41.851 511,50 C511,58.147 511.035,59.17 511.181,62.369 C511.326,65.562 511.834,67.743 512.574,69.651 C513.342,71.625 514.368,73.296 516.035,74.965 C517.703,76.634 519.376,77.658 521.349,78.425 C523.257,79.167 525.438,79.673 528.631,79.82 C531.831,79.965 532.853,80.001 541,80.001 C549.148,80.001 550.169,79.965 553.369,79.82 C556.562,79.673 558.743,79.167 560.652,78.425 C562.623,77.658 564.297,76.634 565.965,74.965 C567.633,73.296 568.659,71.625 569.425,69.651 C570.167,67.743 570.674,65.562 570.82,62.369 C570.966,59.17 571,58.147 571,50 C571,41.851 570.966,40.831 570.82,37.631\"><\/path><\/g><\/g><\/g><\/svg><\/div><div style=\"padding-top: 8px;\"> <div style=\" color:#3897f0; font-family:Arial,sans-serif; font-size:14px; font-style:normal; font-weight:550; line-height:18px;\">Ver essa foto no Instagram<\/div><\/div><div style=\"padding: 12.5% 0;\"><\/div> <div style=\"display: flex; flex-direction: row; margin-bottom: 14px; align-items: center;\"><div> <div style=\"background-color: #F4F4F4; border-radius: 50%; height: 12.5px; width: 12.5px; transform: translateX(0px) translateY(7px);\"><\/div> <div style=\"background-color: #F4F4F4; height: 12.5px; transform: rotate(-45deg) translateX(3px) translateY(1px); width: 12.5px; flex-grow: 0; margin-right: 14px; margin-left: 2px;\"><\/div> <div style=\"background-color: #F4F4F4; border-radius: 50%; height: 12.5px; width: 12.5px; transform: translateX(9px) translateY(-18px);\"><\/div><\/div><div style=\"margin-left: 8px;\"> <div style=\" background-color: #F4F4F4; border-radius: 50%; flex-grow: 0; height: 20px; width: 20px;\"><\/div> <div style=\" width: 0; height: 0; border-top: 2px solid transparent; border-left: 6px solid #f4f4f4; border-bottom: 2px solid transparent; transform: translateX(16px) translateY(-4px) rotate(30deg)\"><\/div><\/div><div style=\"margin-left: auto;\"> <div style=\" width: 0px; border-top: 8px solid #F4F4F4; border-right: 8px solid transparent; transform: translateY(16px);\"><\/div> <div style=\" background-color: #F4F4F4; flex-grow: 0; height: 12px; width: 16px; transform: translateY(-4px);\"><\/div> <div style=\" width: 0; height: 0; border-top: 8px solid #F4F4F4; border-left: 8px solid transparent; transform: translateY(-4px) translateX(8px);\"><\/div><\/div><\/div> <div style=\"display: flex; flex-direction: column; flex-grow: 1; justify-content: center; margin-bottom: 24px;\"> <div style=\" background-color: #F4F4F4; border-radius: 4px; flex-grow: 0; height: 14px; margin-bottom: 6px; width: 224px;\"><\/div> <div style=\" background-color: #F4F4F4; border-radius: 4px; flex-grow: 0; height: 14px; width: 144px;\"><\/div><\/div><\/a><p style=\" color:#c9c8cd; font-family:Arial,sans-serif; font-size:14px; line-height:17px; margin-bottom:0; margin-top:8px; overflow:hidden; padding:8px 0 7px; text-align:center; text-overflow:ellipsis; white-space:nowrap;\"><a href=\"https:\/\/www.instagram.com\/p\/DF386ffxJLI\/?utm_source=ig_embed&amp;utm_campaign=loading\" style=\" color:#c9c8cd; font-family:Arial,sans-serif; font-size:14px; font-style:normal; font-weight:normal; line-height:17px; text-decoration:none;\" target=\"_blank\">Uma publica\u00e7\u00e3o compartilhada por \u26a1\ufe0fE N I O  SANTOS (@eniooficial)<\/a><\/p><\/div><\/blockquote>\n<script async src=\"\/\/www.instagram.com\/embed.js\"><\/script>\n\n\n\n<p>Outra negocia\u00e7\u00e3o em andamento envolve o atacante Brahian Palacios, que interessa ao Vasco. O Atl\u00e9tico-MG fez uma contraproposta e aguarda a resposta do clube carioca para definir os pr\u00f3ximos passos. <\/p>\n\n\n\n<p>Enquanto isso, a equipe segue focada nas competi\u00e7\u00f5es, garantindo recentemente sua classifica\u00e7\u00e3o para a terceira fase da Copa do Brasil com uma vit\u00f3ria convincente por 4 a 1 sobre o Manaus, mesmo sem contar com Hulk, que se recupera de les\u00e3o.<\/p>\n\n\n\n<p>Com a classifica\u00e7\u00e3o assegurada, o Galo agora volta suas aten\u00e7\u00f5es para o Campeonato Mineiro, onde enfrentar\u00e1 o Am\u00e9rica-MG no pr\u00f3ximo s\u00e1bado. Paralelamente, a diretoria continua movimentando o mercado para refor\u00e7ar o elenco e manter a competitividade da equipe nas competi\u00e7\u00f5es nacionais.<\/p>\n\n\n\n<h2 class=\"wp-block-heading\" id=\"h-premiacao-milionaria\">Premia\u00e7\u00e3o milion\u00e1ria<\/h2>\n\n\n\n<p>O Atl\u00e9tico-MG garantiu sua classifica\u00e7\u00e3o para a terceira fase da Copa do Brasil ao vencer o Manaus por 4 a 1 no Mineir\u00e3o. Com o resultado, al\u00e9m de seguir na competi\u00e7\u00e3o, o clube tamb\u00e9m recebeu uma premia\u00e7\u00e3o milion\u00e1ria. Somente por disputar a segunda fase, o Galo j\u00e1 havia faturado R$ 1,87 milh\u00e3o, e com o avan\u00e7o, garantiu mais R$ 2,31 milh\u00f5es, fortalecendo seus cofres em um momento importante da temporada <strong><a href=\"https:\/\/www.gaveanews.com\/index.php\/2025\/03\/05\/com-vaga-garantida-na-copa-do-brasil-atletico-recebe-premiacao-milionaria\/\">(leia a mat\u00e9ria completa).<\/a><\/strong><\/p>\n\n\n\n<figure class=\"wp-block-image size-large\"><img loading=\"lazy\" decoding=\"async\" width=\"1024\" height=\"576\" src=\"http:\/\/www.gaveanews.com\/wp-content\/uploads\/Futebol-e-dinheiro-1-1024x576.webp\" alt=\"\" class=\"wp-image-167418\" srcset=\"https:\/\/www.gaveanews.com\/wp-content\/uploads\/Futebol-e-dinheiro-1-1024x576.webp 1024w, https:\/\/www.gaveanews.com\/wp-content\/uploads\/Futebol-e-dinheiro-1-300x169.webp 300w, https:\/\/www.gaveanews.com\/wp-content\/uploads\/Futebol-e-dinheiro-1-768x432.webp 768w, https:\/\/www.gaveanews.com\/wp-content\/uploads\/Futebol-e-dinheiro-1-747x420.webp 747w, https:\/\/www.gaveanews.com\/wp-content\/uploads\/Futebol-e-dinheiro-1-640x360.webp 640w, https:\/\/www.gaveanews.com\/wp-content\/uploads\/Futebol-e-dinheiro-1-681x383.webp 681w, https:\/\/www.gaveanews.com\/wp-content\/uploads\/Futebol-e-dinheiro-1-100x56.webp 100w, https:\/\/www.gaveanews.com\/wp-content\/uploads\/Futebol-e-dinheiro-1.webp 1280w\" sizes=\"auto, (max-width: 1024px) 100vw, 1024px\" \/><figcaption class=\"wp-element-caption\">Futebol e dinheiro (Imagem: Editoria de arte\/G\u00e1vea News\/Henrique Machado)<\/figcaption><\/figure>\n\n\n\n<p>Agora, o time aguarda o sorteio da CBF para conhecer seu pr\u00f3ximo advers\u00e1rio, enquanto os clubes que disputam a Libertadores e os campe\u00f5es de outras competi\u00e7\u00f5es nacionais entram na disputa. Isso inclui equipes como Palmeiras, Flamengo, S\u00e3o Paulo e Corinthians, aumentando o n\u00edvel do torneio. Na \u00faltima edi\u00e7\u00e3o, o Atl\u00e9tico chegou \u00e0 final, mas foi derrotado pelo Flamengo, acumulando R$ 51,1 milh\u00f5es em premia\u00e7\u00f5es ao longo da campanha. Neste ano, a premia\u00e7\u00e3o total para o campe\u00e3o ultrapassar\u00e1 os R$ 100 milh\u00f5es.<\/p>\n\n\n\n<p>Com o embalo da classifica\u00e7\u00e3o, o Atl\u00e9tico agora volta suas aten\u00e7\u00f5es para o Campeonato Mineiro, onde disputar\u00e1 a final contra o Am\u00e9rica-MG. A equipe comandada por Cuca vem demonstrando consist\u00eancia e espera manter o bom momento para conquistar mais um t\u00edtulo estadual. Enquanto isso, a Copa do Brasil segue sendo uma das prioridades do clube, que busca repetir a trajet\u00f3ria vitoriosa e, desta vez, levantar a ta\u00e7a da competi\u00e7\u00e3o nacional.<\/p>\n\n\n\n<h2 class=\"wp-block-heading\" id=\"h-declaracao-de-gustavo-scarpa\">Declara\u00e7\u00e3o de Gustavo Scarpa<\/h2>\n\n\n\n<p>O Atl\u00e9tico-MG garantiu sua classifica\u00e7\u00e3o na Copa do Brasil com uma vit\u00f3ria segura, e Gustavo Scarpa destacou a seriedade com que a equipe encarou o confronto. O meio-campista ressaltou que, apesar da diferen\u00e7a t\u00e9cnica entre os times, o Galo entrou concentrado e respeitou o advers\u00e1rio, o que facilitou o desenvolvimento do jogo. Scarpa alertou que partidas contra equipes menores podem ser trai\u00e7oeiras, mas a postura focada do elenco foi determinante para o resultado positivo<strong><a href=\"https:\/\/www.gaveanews.com\/index.php\/2025\/03\/05\/a-declaracao-de-gustavo-scarpa-apos-a-classificacao-do-atletico-mg-na-copa-do-brasil\/\"> (leia a mat\u00e9ria completa).<\/a><\/strong><\/p>\n\n\n\n<figure class=\"wp-block-image size-large\"><img loading=\"lazy\" decoding=\"async\" width=\"1024\" height=\"512\" src=\"http:\/\/www.gaveanews.com\/wp-content\/uploads\/Gustavo-Scarpa-no-Atletico-Mineiro-Foto-Pedro-Souza-Atletico-Esporte-News-Mundo-1024x512.webp\" alt=\"Gustavo Scarpa no Atl\u00e9tico Mineiro (Foto Pedro Souza Atl\u00e9tico Esporte News Mundo)\" class=\"wp-image-150531\" srcset=\"https:\/\/www.gaveanews.com\/wp-content\/uploads\/Gustavo-Scarpa-no-Atletico-Mineiro-Foto-Pedro-Souza-Atletico-Esporte-News-Mundo-1024x512.webp 1024w, https:\/\/www.gaveanews.com\/wp-content\/uploads\/Gustavo-Scarpa-no-Atletico-Mineiro-Foto-Pedro-Souza-Atletico-Esporte-News-Mundo-300x150.webp 300w, https:\/\/www.gaveanews.com\/wp-content\/uploads\/Gustavo-Scarpa-no-Atletico-Mineiro-Foto-Pedro-Souza-Atletico-Esporte-News-Mundo-768x384.webp 768w, https:\/\/www.gaveanews.com\/wp-content\/uploads\/Gustavo-Scarpa-no-Atletico-Mineiro-Foto-Pedro-Souza-Atletico-Esporte-News-Mundo-840x420.webp 840w, https:\/\/www.gaveanews.com\/wp-content\/uploads\/Gustavo-Scarpa-no-Atletico-Mineiro-Foto-Pedro-Souza-Atletico-Esporte-News-Mundo-640x320.webp 640w, https:\/\/www.gaveanews.com\/wp-content\/uploads\/Gustavo-Scarpa-no-Atletico-Mineiro-Foto-Pedro-Souza-Atletico-Esporte-News-Mundo-681x341.webp 681w, https:\/\/www.gaveanews.com\/wp-content\/uploads\/Gustavo-Scarpa-no-Atletico-Mineiro-Foto-Pedro-Souza-Atletico-Esporte-News-Mundo-100x50.webp 100w, https:\/\/www.gaveanews.com\/wp-content\/uploads\/Gustavo-Scarpa-no-Atletico-Mineiro-Foto-Pedro-Souza-Atletico-Esporte-News-Mundo.webp 1200w\" sizes=\"auto, (max-width: 1024px) 100vw, 1024px\" \/><figcaption class=\"wp-element-caption\">Gustavo Scarpa no Atl\u00e9tico Mineiro (Foto Pedro Souza Atl\u00e9tico Esporte News Mundo)<\/figcaption><\/figure>\n\n\n\n<p>Al\u00e9m de comentar sobre a atua\u00e7\u00e3o do time, Scarpa falou sobre sua versatilidade dentro de campo. Com experi\u00eancia em diversas posi\u00e7\u00f5es ao longo da carreira, o jogador afirmou que busca se adaptar rapidamente \u00e0s fun\u00e7\u00f5es designadas pelos treinadores, embora prefira atuar mais pr\u00f3ximo de sua posi\u00e7\u00e3o original. O Atl\u00e9tico-MG tamb\u00e9m contou com algumas aus\u00eancias no confronto, incluindo Hulk, que segue em recupera\u00e7\u00e3o, mas deve retornar no pr\u00f3ximo compromisso da equipe.<\/p>\n\n\n\n<p>Agora, o Galo foca na final do Campeonato Mineiro, onde enfrentar\u00e1 o Am\u00e9rica-MG no primeiro jogo da decis\u00e3o, marcado para s\u00e1bado (8), no Mineir\u00e3o. A classifica\u00e7\u00e3o na Copa do Brasil traz mais confian\u00e7a para o elenco, que busca mais um t\u00edtulo estadual e segue firme na temporada.<\/p>\n<\/div><\/div>\n","protected":false},"excerpt":{"rendered":"<p>Nas \u00faltimas horas, o foco das not\u00edcias sobre o Atl\u00e9tico-MG se concentram nos bastidores do clube, com destaques do dia a dia do time. Por conta deste contexto, leia abaixo um resumo preparado pela equipe do portal G\u00e1vea News para lhe manter muito bem informado! Chegada de novos refor\u00e7os O Atl\u00e9tico-MG segue ativo no mercado [&hellip;]<\/p>\n","protected":false},"author":27,"featured_media":157061,"comment_status":"open","ping_status":"closed","sticky":false,"template":"","format":"standard","meta":{"footnotes":""},"categories":[136],"tags":[],"class_list":["post-237561","post","type-post","status-publish","format-standard","has-post-thumbnail","hentry","category-atletico-mg"],"yoast_head":"<!-- This site is optimized with the Yoast SEO Premium plugin v24.2 (Yoast SEO v26.9) - https:\/\/yoast.com\/product\/yoast-seo-premium-wordpress\/ -->\n<title>Declara\u00e7\u00e3o de Gustavo Scarpa, premia\u00e7\u00e3o milion\u00e1ria e chegada de novos refor\u00e7os: as \u00faltimas not\u00edcias do Atl\u00e9tico-MG<\/title>\n<meta name=\"robots\" content=\"index, follow, max-snippet:-1, max-image-preview:large, max-video-preview:-1\" \/>\n<link rel=\"canonical\" href=\"https:\/\/www.gaveanews.com\/index.php\/2025\/03\/09\/declaracao-de-gustavo-scarpa-premiacao-milionaria-e-chegada-de-novos-reforcos-as-ultimas-noticias-do-atletico-mg\/\" \/>\n<meta property=\"og:locale\" content=\"pt_BR\" \/>\n<meta property=\"og:type\" content=\"article\" \/>\n<meta property=\"og:title\" content=\"Declara\u00e7\u00e3o de Gustavo Scarpa, premia\u00e7\u00e3o milion\u00e1ria e chegada de novos refor\u00e7os: as \u00faltimas not\u00edcias do Atl\u00e9tico-MG\" \/>\n<meta property=\"og:description\" content=\"Nas \u00faltimas horas, o foco das not\u00edcias sobre o Atl\u00e9tico-MG se concentram nos bastidores do clube, com destaques do dia a dia do time. Por conta deste contexto, leia abaixo um resumo preparado pela equipe do portal G\u00e1vea News para lhe manter muito bem informado! Chegada de novos refor\u00e7os O Atl\u00e9tico-MG segue ativo no mercado [&hellip;]\" \/>\n<meta property=\"og:url\" content=\"https:\/\/www.gaveanews.com\/index.php\/2025\/03\/09\/declaracao-de-gustavo-scarpa-premiacao-milionaria-e-chegada-de-novos-reforcos-as-ultimas-noticias-do-atletico-mg\/\" \/>\n<meta property=\"og:site_name\" content=\"G\u00e1vea News\" \/>\n<meta property=\"article:publisher\" content=\"https:\/\/facebook.com\/gaveaNews\/\" \/>\n<meta property=\"article:published_time\" content=\"2025-03-09T10:05:00+00:00\" \/>\n<meta property=\"og:image\" content=\"https:\/\/www.gaveanews.com\/wp-content\/uploads\/Camisa-do-Atletico-MG.webp\" \/>\n\t<meta property=\"og:image:width\" content=\"1080\" \/>\n\t<meta property=\"og:image:height\" content=\"720\" \/>\n\t<meta property=\"og:image:type\" content=\"image\/webp\" \/>\n<meta name=\"author\" content=\"Matheus Felipe\" \/>\n<meta name=\"twitter:card\" content=\"summary_large_image\" \/>\n<meta name=\"twitter:label1\" content=\"Escrito por\" \/>\n\t<meta name=\"twitter:data1\" content=\"Matheus Felipe\" \/>\n\t<meta name=\"twitter:label2\" content=\"Est. tempo de leitura\" \/>\n\t<meta name=\"twitter:data2\" content=\"5 minutos\" \/>\n<script type=\"application\/ld+json\" class=\"yoast-schema-graph\">{\"@context\":\"https:\/\/schema.org\",\"@graph\":[{\"@type\":\"NewsArticle\",\"@id\":\"https:\/\/www.gaveanews.com\/index.php\/2025\/03\/09\/declaracao-de-gustavo-scarpa-premiacao-milionaria-e-chegada-de-novos-reforcos-as-ultimas-noticias-do-atletico-mg\/#article\",\"isPartOf\":{\"@id\":\"https:\/\/www.gaveanews.com\/index.php\/2025\/03\/09\/declaracao-de-gustavo-scarpa-premiacao-milionaria-e-chegada-de-novos-reforcos-as-ultimas-noticias-do-atletico-mg\/\"},\"author\":{\"name\":\"Matheus Felipe\",\"@id\":\"https:\/\/www.gaveanews.com\/#\/schema\/person\/8207cd4627f56151707418bfc835b2fb\"},\"headline\":\"Declara\u00e7\u00e3o de Gustavo Scarpa, premia\u00e7\u00e3o milion\u00e1ria e chegada de novos refor\u00e7os: as \u00faltimas not\u00edcias do Atl\u00e9tico-MG\",\"datePublished\":\"2025-03-09T10:05:00+00:00\",\"mainEntityOfPage\":{\"@id\":\"https:\/\/www.gaveanews.com\/index.php\/2025\/03\/09\/declaracao-de-gustavo-scarpa-premiacao-milionaria-e-chegada-de-novos-reforcos-as-ultimas-noticias-do-atletico-mg\/\"},\"wordCount\":815,\"commentCount\":0,\"image\":{\"@id\":\"https:\/\/www.gaveanews.com\/index.php\/2025\/03\/09\/declaracao-de-gustavo-scarpa-premiacao-milionaria-e-chegada-de-novos-reforcos-as-ultimas-noticias-do-atletico-mg\/#primaryimage\"},\"thumbnailUrl\":\"https:\/\/www.gaveanews.com\/wp-content\/uploads\/Camisa-do-Atletico-MG.webp\",\"articleSection\":[\"Atl\u00e9tico-MG\"],\"inLanguage\":\"pt-BR\",\"potentialAction\":[{\"@type\":\"CommentAction\",\"name\":\"Comment\",\"target\":[\"https:\/\/www.gaveanews.com\/index.php\/2025\/03\/09\/declaracao-de-gustavo-scarpa-premiacao-milionaria-e-chegada-de-novos-reforcos-as-ultimas-noticias-do-atletico-mg\/#respond\"]}],\"copyrightYear\":\"2025\",\"copyrightHolder\":{\"@id\":\"https:\/\/www.gaveanews.com\/#organization\"}},{\"@type\":\"WebPage\",\"@id\":\"https:\/\/www.gaveanews.com\/index.php\/2025\/03\/09\/declaracao-de-gustavo-scarpa-premiacao-milionaria-e-chegada-de-novos-reforcos-as-ultimas-noticias-do-atletico-mg\/\",\"url\":\"https:\/\/www.gaveanews.com\/index.php\/2025\/03\/09\/declaracao-de-gustavo-scarpa-premiacao-milionaria-e-chegada-de-novos-reforcos-as-ultimas-noticias-do-atletico-mg\/\",\"name\":\"Declara\u00e7\u00e3o de Gustavo Scarpa, premia\u00e7\u00e3o milion\u00e1ria e chegada de novos refor\u00e7os: as \u00faltimas not\u00edcias do Atl\u00e9tico-MG\",\"isPartOf\":{\"@id\":\"https:\/\/www.gaveanews.com\/#website\"},\"primaryImageOfPage\":{\"@id\":\"https:\/\/www.gaveanews.com\/index.php\/2025\/03\/09\/declaracao-de-gustavo-scarpa-premiacao-milionaria-e-chegada-de-novos-reforcos-as-ultimas-noticias-do-atletico-mg\/#primaryimage\"},\"image\":{\"@id\":\"https:\/\/www.gaveanews.com\/index.php\/2025\/03\/09\/declaracao-de-gustavo-scarpa-premiacao-milionaria-e-chegada-de-novos-reforcos-as-ultimas-noticias-do-atletico-mg\/#primaryimage\"},\"thumbnailUrl\":\"https:\/\/www.gaveanews.com\/wp-content\/uploads\/Camisa-do-Atletico-MG.webp\",\"datePublished\":\"2025-03-09T10:05:00+00:00\",\"author\":{\"@id\":\"https:\/\/www.gaveanews.com\/#\/schema\/person\/8207cd4627f56151707418bfc835b2fb\"},\"breadcrumb\":{\"@id\":\"https:\/\/www.gaveanews.com\/index.php\/2025\/03\/09\/declaracao-de-gustavo-scarpa-premiacao-milionaria-e-chegada-de-novos-reforcos-as-ultimas-noticias-do-atletico-mg\/#breadcrumb\"},\"inLanguage\":\"pt-BR\",\"potentialAction\":[{\"@type\":\"ReadAction\",\"target\":[\"https:\/\/www.gaveanews.com\/index.php\/2025\/03\/09\/declaracao-de-gustavo-scarpa-premiacao-milionaria-e-chegada-de-novos-reforcos-as-ultimas-noticias-do-atletico-mg\/\"]}]},{\"@type\":\"ImageObject\",\"inLanguage\":\"pt-BR\",\"@id\":\"https:\/\/www.gaveanews.com\/index.php\/2025\/03\/09\/declaracao-de-gustavo-scarpa-premiacao-milionaria-e-chegada-de-novos-reforcos-as-ultimas-noticias-do-atletico-mg\/#primaryimage\",\"url\":\"https:\/\/www.gaveanews.com\/wp-content\/uploads\/Camisa-do-Atletico-MG.webp\",\"contentUrl\":\"https:\/\/www.gaveanews.com\/wp-content\/uploads\/Camisa-do-Atletico-MG.webp\",\"width\":1080,\"height\":720,\"caption\":\"Camisa do Atl\u00e9tico-MG (Foto: Reprodu\u00e7\u00e3o\/Instagram)\"},{\"@type\":\"BreadcrumbList\",\"@id\":\"https:\/\/www.gaveanews.com\/index.php\/2025\/03\/09\/declaracao-de-gustavo-scarpa-premiacao-milionaria-e-chegada-de-novos-reforcos-as-ultimas-noticias-do-atletico-mg\/#breadcrumb\",\"itemListElement\":[{\"@type\":\"ListItem\",\"position\":1,\"name\":\"Home\",\"item\":\"https:\/\/www.gaveanews.com\/\"},{\"@type\":\"ListItem\",\"position\":2,\"name\":\"Declara\u00e7\u00e3o de Gustavo Scarpa, premia\u00e7\u00e3o milion\u00e1ria e chegada de novos refor\u00e7os: as \u00faltimas not\u00edcias do Atl\u00e9tico-MG\"}]},{\"@type\":\"WebSite\",\"@id\":\"https:\/\/www.gaveanews.com\/#website\",\"url\":\"https:\/\/www.gaveanews.com\/\",\"name\":\"G\u00e1vea News\",\"description\":\"Veja todas as not\u00edcias sobre o Flamengo: Contrata\u00e7\u00f5es, categorias de base, resultados das partidas, tabela de classifica\u00e7\u00e3o, pr\u00f3ximos jogos!\",\"potentialAction\":[{\"@type\":\"SearchAction\",\"target\":{\"@type\":\"EntryPoint\",\"urlTemplate\":\"https:\/\/www.gaveanews.com\/?s={search_term_string}\"},\"query-input\":{\"@type\":\"PropertyValueSpecification\",\"valueRequired\":true,\"valueName\":\"search_term_string\"}}],\"inLanguage\":\"pt-BR\"},{\"@type\":\"Person\",\"@id\":\"https:\/\/www.gaveanews.com\/#\/schema\/person\/8207cd4627f56151707418bfc835b2fb\",\"name\":\"Matheus Felipe\",\"image\":{\"@type\":\"ImageObject\",\"inLanguage\":\"pt-BR\",\"@id\":\"https:\/\/www.gaveanews.com\/#\/schema\/person\/image\/\",\"url\":\"https:\/\/secure.gravatar.com\/avatar\/a452ffbed9130f726358b298bb3a99ce4bd3c5338411f8440e87e14d74c7c087?s=96&d=mm&r=g\",\"contentUrl\":\"https:\/\/secure.gravatar.com\/avatar\/a452ffbed9130f726358b298bb3a99ce4bd3c5338411f8440e87e14d74c7c087?s=96&d=mm&r=g\",\"caption\":\"Matheus Felipe\"}}]}<\/script>\n<!-- \/ Yoast SEO Premium plugin. -->","yoast_head_json":{"title":"Declara\u00e7\u00e3o de Gustavo Scarpa, premia\u00e7\u00e3o milion\u00e1ria e chegada de novos refor\u00e7os: as \u00faltimas not\u00edcias do Atl\u00e9tico-MG","robots":{"index":"index","follow":"follow","max-snippet":"max-snippet:-1","max-image-preview":"max-image-preview:large","max-video-preview":"max-video-preview:-1"},"canonical":"https:\/\/www.gaveanews.com\/index.php\/2025\/03\/09\/declaracao-de-gustavo-scarpa-premiacao-milionaria-e-chegada-de-novos-reforcos-as-ultimas-noticias-do-atletico-mg\/","og_locale":"pt_BR","og_type":"article","og_title":"Declara\u00e7\u00e3o de Gustavo Scarpa, premia\u00e7\u00e3o milion\u00e1ria e chegada de novos refor\u00e7os: as \u00faltimas not\u00edcias do Atl\u00e9tico-MG","og_description":"Nas \u00faltimas horas, o foco das not\u00edcias sobre o Atl\u00e9tico-MG se concentram nos bastidores do clube, com destaques do dia a dia do time. Por conta deste contexto, leia abaixo um resumo preparado pela equipe do portal G\u00e1vea News para lhe manter muito bem informado! Chegada de novos refor\u00e7os O Atl\u00e9tico-MG segue ativo no mercado [&hellip;]","og_url":"https:\/\/www.gaveanews.com\/index.php\/2025\/03\/09\/declaracao-de-gustavo-scarpa-premiacao-milionaria-e-chegada-de-novos-reforcos-as-ultimas-noticias-do-atletico-mg\/","og_site_name":"G\u00e1vea News","article_publisher":"https:\/\/facebook.com\/gaveaNews\/","article_published_time":"2025-03-09T10:05:00+00:00","og_image":[{"width":1080,"height":720,"url":"https:\/\/www.gaveanews.com\/wp-content\/uploads\/Camisa-do-Atletico-MG.webp","type":"image\/webp"}],"author":"Matheus Felipe","twitter_card":"summary_large_image","twitter_misc":{"Escrito por":"Matheus Felipe","Est. tempo de leitura":"5 minutos"},"schema":{"@context":"https:\/\/schema.org","@graph":[{"@type":"NewsArticle","@id":"https:\/\/www.gaveanews.com\/index.php\/2025\/03\/09\/declaracao-de-gustavo-scarpa-premiacao-milionaria-e-chegada-de-novos-reforcos-as-ultimas-noticias-do-atletico-mg\/#article","isPartOf":{"@id":"https:\/\/www.gaveanews.com\/index.php\/2025\/03\/09\/declaracao-de-gustavo-scarpa-premiacao-milionaria-e-chegada-de-novos-reforcos-as-ultimas-noticias-do-atletico-mg\/"},"author":{"name":"Matheus Felipe","@id":"https:\/\/www.gaveanews.com\/#\/schema\/person\/8207cd4627f56151707418bfc835b2fb"},"headline":"Declara\u00e7\u00e3o de Gustavo Scarpa, premia\u00e7\u00e3o milion\u00e1ria e chegada de novos refor\u00e7os: as \u00faltimas not\u00edcias do Atl\u00e9tico-MG","datePublished":"2025-03-09T10:05:00+00:00","mainEntityOfPage":{"@id":"https:\/\/www.gaveanews.com\/index.php\/2025\/03\/09\/declaracao-de-gustavo-scarpa-premiacao-milionaria-e-chegada-de-novos-reforcos-as-ultimas-noticias-do-atletico-mg\/"},"wordCount":815,"commentCount":0,"image":{"@id":"https:\/\/www.gaveanews.com\/index.php\/2025\/03\/09\/declaracao-de-gustavo-scarpa-premiacao-milionaria-e-chegada-de-novos-reforcos-as-ultimas-noticias-do-atletico-mg\/#primaryimage"},"thumbnailUrl":"https:\/\/www.gaveanews.com\/wp-content\/uploads\/Camisa-do-Atletico-MG.webp","articleSection":["Atl\u00e9tico-MG"],"inLanguage":"pt-BR","potentialAction":[{"@type":"CommentAction","name":"Comment","target":["https:\/\/www.gaveanews.com\/index.php\/2025\/03\/09\/declaracao-de-gustavo-scarpa-premiacao-milionaria-e-chegada-de-novos-reforcos-as-ultimas-noticias-do-atletico-mg\/#respond"]}],"copyrightYear":"2025","copyrightHolder":{"@id":"https:\/\/www.gaveanews.com\/#organization"}},{"@type":"WebPage","@id":"https:\/\/www.gaveanews.com\/index.php\/2025\/03\/09\/declaracao-de-gustavo-scarpa-premiacao-milionaria-e-chegada-de-novos-reforcos-as-ultimas-noticias-do-atletico-mg\/","url":"https:\/\/www.gaveanews.com\/index.php\/2025\/03\/09\/declaracao-de-gustavo-scarpa-premiacao-milionaria-e-chegada-de-novos-reforcos-as-ultimas-noticias-do-atletico-mg\/","name":"Declara\u00e7\u00e3o de Gustavo Scarpa, premia\u00e7\u00e3o milion\u00e1ria e chegada de novos refor\u00e7os: as \u00faltimas not\u00edcias do Atl\u00e9tico-MG","isPartOf":{"@id":"https:\/\/www.gaveanews.com\/#website"},"primaryImageOfPage":{"@id":"https:\/\/www.gaveanews.com\/index.php\/2025\/03\/09\/declaracao-de-gustavo-scarpa-premiacao-milionaria-e-chegada-de-novos-reforcos-as-ultimas-noticias-do-atletico-mg\/#primaryimage"},"image":{"@id":"https:\/\/www.gaveanews.com\/index.php\/2025\/03\/09\/declaracao-de-gustavo-scarpa-premiacao-milionaria-e-chegada-de-novos-reforcos-as-ultimas-noticias-do-atletico-mg\/#primaryimage"},"thumbnailUrl":"https:\/\/www.gaveanews.com\/wp-content\/uploads\/Camisa-do-Atletico-MG.webp","datePublished":"2025-03-09T10:05:00+00:00","author":{"@id":"https:\/\/www.gaveanews.com\/#\/schema\/person\/8207cd4627f56151707418bfc835b2fb"},"breadcrumb":{"@id":"https:\/\/www.gaveanews.com\/index.php\/2025\/03\/09\/declaracao-de-gustavo-scarpa-premiacao-milionaria-e-chegada-de-novos-reforcos-as-ultimas-noticias-do-atletico-mg\/#breadcrumb"},"inLanguage":"pt-BR","potentialAction":[{"@type":"ReadAction","target":["https:\/\/www.gaveanews.com\/index.php\/2025\/03\/09\/declaracao-de-gustavo-scarpa-premiacao-milionaria-e-chegada-de-novos-reforcos-as-ultimas-noticias-do-atletico-mg\/"]}]},{"@type":"ImageObject","inLanguage":"pt-BR","@id":"https:\/\/www.gaveanews.com\/index.php\/2025\/03\/09\/declaracao-de-gustavo-scarpa-premiacao-milionaria-e-chegada-de-novos-reforcos-as-ultimas-noticias-do-atletico-mg\/#primaryimage","url":"https:\/\/www.gaveanews.com\/wp-content\/uploads\/Camisa-do-Atletico-MG.webp","contentUrl":"https:\/\/www.gaveanews.com\/wp-content\/uploads\/Camisa-do-Atletico-MG.webp","width":1080,"height":720,"caption":"Camisa do Atl\u00e9tico-MG (Foto: Reprodu\u00e7\u00e3o\/Instagram)"},{"@type":"BreadcrumbList","@id":"https:\/\/www.gaveanews.com\/index.php\/2025\/03\/09\/declaracao-de-gustavo-scarpa-premiacao-milionaria-e-chegada-de-novos-reforcos-as-ultimas-noticias-do-atletico-mg\/#breadcrumb","itemListElement":[{"@type":"ListItem","position":1,"name":"Home","item":"https:\/\/www.gaveanews.com\/"},{"@type":"ListItem","position":2,"name":"Declara\u00e7\u00e3o de Gustavo Scarpa, premia\u00e7\u00e3o milion\u00e1ria e chegada de novos refor\u00e7os: as \u00faltimas not\u00edcias do Atl\u00e9tico-MG"}]},{"@type":"WebSite","@id":"https:\/\/www.gaveanews.com\/#website","url":"https:\/\/www.gaveanews.com\/","name":"G\u00e1vea News","description":"Veja todas as not\u00edcias sobre o Flamengo: Contrata\u00e7\u00f5es, categorias de base, resultados das partidas, tabela de classifica\u00e7\u00e3o, pr\u00f3ximos jogos!","potentialAction":[{"@type":"SearchAction","target":{"@type":"EntryPoint","urlTemplate":"https:\/\/www.gaveanews.com\/?s={search_term_string}"},"query-input":{"@type":"PropertyValueSpecification","valueRequired":true,"valueName":"search_term_string"}}],"inLanguage":"pt-BR"},{"@type":"Person","@id":"https:\/\/www.gaveanews.com\/#\/schema\/person\/8207cd4627f56151707418bfc835b2fb","name":"Matheus Felipe","image":{"@type":"ImageObject","inLanguage":"pt-BR","@id":"https:\/\/www.gaveanews.com\/#\/schema\/person\/image\/","url":"https:\/\/secure.gravatar.com\/avatar\/a452ffbed9130f726358b298bb3a99ce4bd3c5338411f8440e87e14d74c7c087?s=96&d=mm&r=g","contentUrl":"https:\/\/secure.gravatar.com\/avatar\/a452ffbed9130f726358b298bb3a99ce4bd3c5338411f8440e87e14d74c7c087?s=96&d=mm&r=g","caption":"Matheus Felipe"}}]}},"_links":{"self":[{"href":"https:\/\/www.gaveanews.com\/index.php\/wp-json\/wp\/v2\/posts\/237561","targetHints":{"allow":["GET"]}}],"collection":[{"href":"https:\/\/www.gaveanews.com\/index.php\/wp-json\/wp\/v2\/posts"}],"about":[{"href":"https:\/\/www.gaveanews.com\/index.php\/wp-json\/wp\/v2\/types\/post"}],"author":[{"embeddable":true,"href":"https:\/\/www.gaveanews.com\/index.php\/wp-json\/wp\/v2\/users\/27"}],"replies":[{"embeddable":true,"href":"https:\/\/www.gaveanews.com\/index.php\/wp-json\/wp\/v2\/comments?post=237561"}],"version-history":[{"count":1,"href":"https:\/\/www.gaveanews.com\/index.php\/wp-json\/wp\/v2\/posts\/237561\/revisions"}],"predecessor-version":[{"id":237581,"href":"https:\/\/www.gaveanews.com\/index.php\/wp-json\/wp\/v2\/posts\/237561\/revisions\/237581"}],"wp:featuredmedia":[{"embeddable":true,"href":"https:\/\/www.gaveanews.com\/index.php\/wp-json\/wp\/v2\/media\/157061"}],"wp:attachment":[{"href":"https:\/\/www.gaveanews.com\/index.php\/wp-json\/wp\/v2\/media?parent=237561"}],"wp:term":[{"taxonomy":"category","embeddable":true,"href":"https:\/\/www.gaveanews.com\/index.php\/wp-json\/wp\/v2\/categories?post=237561"},{"taxonomy":"post_tag","embeddable":true,"href":"https:\/\/www.gaveanews.com\/index.php\/wp-json\/wp\/v2\/tags?post=237561"}],"curies":[{"name":"wp","href":"https:\/\/api.w.org\/{rel}","templated":true}]}}