{"id":237576,"date":"2025-03-09T07:10:00","date_gmt":"2025-03-09T10:10:00","guid":{"rendered":"https:\/\/www.gaveanews.com\/?p=237576"},"modified":"2025-03-08T17:31:14","modified_gmt":"2025-03-08T20:31:14","slug":"recado-para-renato-paiva-declaracao-de-marcal-e-reformulacao-do-elenco-as-ultimas-noticias-do-botafogo","status":"publish","type":"post","link":"https:\/\/www.gaveanews.com\/index.php\/2025\/03\/09\/recado-para-renato-paiva-declaracao-de-marcal-e-reformulacao-do-elenco-as-ultimas-noticias-do-botafogo\/","title":{"rendered":"Recado para Renato Paiva, declara\u00e7\u00e3o de Mar\u00e7al e reformula\u00e7\u00e3o do elenco: as \u00faltimas not\u00edcias do Botafogo"},"content":{"rendered":"\n<p>Nas \u00faltimas horas, o foco das not\u00edcias sobre o Botafogo se concentram nos bastidores do clube, com destaques do dia a dia do time.<\/p>\n\n\n\n<p>Por conta deste contexto, leia abaixo um resumo preparado pela equipe do portal G\u00e1vea News para lhe manter muito bem informado!<\/p>\n\n\n\n<div class=\"wp-block-group\"><div class=\"wp-block-group__inner-container is-layout-constrained wp-block-group-is-layout-constrained\">\n<h2 class=\"wp-block-heading\" id=\"h-reformulacao-do-elenco\">Reformula\u00e7\u00e3o do elenco<\/h2>\n\n\n\n<p>O Botafogo encerrou a primeira janela de transfer\u00eancias de 2025 com um investimento expressivo de R$ 494 milh\u00f5es, refor\u00e7ando seu elenco em diversas posi\u00e7\u00f5es. Entre as contrata\u00e7\u00f5es mais not\u00e1veis, destacam-se a aquisi\u00e7\u00e3o definitiva do atacante Jeffinho e a chegada do lateral-esquerdo Mar\u00e7al. Al\u00e9m disso, o clube j\u00e1 garantiu o volante Wendel, que vir\u00e1 do Zenit em junho, mostrando que a diretoria segue atenta \u00e0s necessidades da equipe para a temporada, especialmente com a disputa do Super Mundial de Clubes no horizonte <strong><a href=\"https:\/\/www.gaveanews.com\/index.php\/2025\/03\/04\/nathan-fernandes-rwan-cruz-elias-manoel-jeffinho-artur-santiago-rodriguez-wendel-jair-david-ricardo-leo-linck-marcal-botafogo-investe-494-milhoes-com-contratacoes\/\">(leia a mat\u00e9ria completa).<\/a><\/strong><\/p>\n\n\n\n<figure class=\"wp-block-image size-large\"><img loading=\"lazy\" decoding=\"async\" width=\"1024\" height=\"576\" src=\"http:\/\/www.gaveanews.com\/wp-content\/uploads\/Futebol-e-dinheiro-1-1024x576.webp\" alt=\"\" class=\"wp-image-167418\" srcset=\"https:\/\/www.gaveanews.com\/wp-content\/uploads\/Futebol-e-dinheiro-1-1024x576.webp 1024w, https:\/\/www.gaveanews.com\/wp-content\/uploads\/Futebol-e-dinheiro-1-300x169.webp 300w, https:\/\/www.gaveanews.com\/wp-content\/uploads\/Futebol-e-dinheiro-1-768x432.webp 768w, https:\/\/www.gaveanews.com\/wp-content\/uploads\/Futebol-e-dinheiro-1-747x420.webp 747w, https:\/\/www.gaveanews.com\/wp-content\/uploads\/Futebol-e-dinheiro-1-640x360.webp 640w, https:\/\/www.gaveanews.com\/wp-content\/uploads\/Futebol-e-dinheiro-1-681x383.webp 681w, https:\/\/www.gaveanews.com\/wp-content\/uploads\/Futebol-e-dinheiro-1-100x56.webp 100w, https:\/\/www.gaveanews.com\/wp-content\/uploads\/Futebol-e-dinheiro-1.webp 1280w\" sizes=\"auto, (max-width: 1024px) 100vw, 1024px\" \/><figcaption class=\"wp-element-caption\">Futebol e dinheiro (Imagem: Editoria de arte\/G\u00e1vea News\/Henrique Machado)<\/figcaption><\/figure>\n\n\n\n<p>Os refor\u00e7os foram distribu\u00eddos em todas as \u00e1reas do time. No setor defensivo, L\u00e9o Linck, Jair e David Ricardo foram incorporados ao elenco, enquanto o meio-campo ganhou refor\u00e7o de peso com Wendel e Santiago Rodr\u00edguez, que custaram juntos mais de R$ 200 milh\u00f5es. <\/p>\n\n\n\n<p>J\u00e1 no ataque, o clube investiu pesado em Artur, Nathan Fernandes e Rwan Cruz, al\u00e9m de concretizar a compra de Elias Manoel e Jeffinho, garantindo mais op\u00e7\u00f5es ofensivas para o treinador.<\/p>\n\n\n\n<p>A reformula\u00e7\u00e3o do elenco tamb\u00e9m envolveu a sa\u00edda de 15 jogadores ao final de 2024, refor\u00e7ando a necessidade de renova\u00e7\u00e3o para manter a competitividade do time. A estrat\u00e9gia da diretoria busca equilibrar juventude e experi\u00eancia, formando um plantel qualificado para encarar os desafios da temporada. Com esse investimento robusto, o Botafogo se posiciona como um dos times mais ativos no mercado e pretende brigar por t\u00edtulos nas competi\u00e7\u00f5es que disputar\u00e1 em 2025.<\/p>\n\n\n\n<h2 class=\"wp-block-heading\" id=\"h-declaracao-de-marcal\">Declara\u00e7\u00e3o de Mar\u00e7al<\/h2>\n\n\n\n<p>O lateral-esquerdo Mar\u00e7al esclareceu que nunca se viu como terceira op\u00e7\u00e3o no Botafogo, apesar da concorr\u00eancia com Alex Telles e Cuiabano. Segundo o jogador, sua perda de espa\u00e7o na equipe foi consequ\u00eancia de uma les\u00e3o na panturrilha, que inicialmente parecia simples, mas acabou exigindo um tempo maior de recupera\u00e7\u00e3o. Quando tentou retornar, foi escalado antes de estar 100% recuperado, o que resultou em uma nova contus\u00e3o e prolongou seu afastamento por cerca de um m\u00eas. Enquanto isso, Cuiabano aproveitou as oportunidades e se firmou como titular, mostrando grande evolu\u00e7\u00e3o no time <strong><a href=\"https:\/\/www.gaveanews.com\/index.php\/2025\/03\/04\/botafogo-a-declaracao-de-marcal-direcionada-a-cuiabano\/\">(leia a mat\u00e9ria completa).<\/a><\/strong><\/p>\n\n\n\n<figure class=\"wp-block-image size-full\"><img loading=\"lazy\" decoding=\"async\" width=\"984\" height=\"656\" src=\"http:\/\/www.gaveanews.com\/wp-content\/uploads\/Marcal-apresentado-no-Botafogo.webp\" alt=\"\" class=\"wp-image-166401\" srcset=\"https:\/\/www.gaveanews.com\/wp-content\/uploads\/Marcal-apresentado-no-Botafogo.webp 984w, https:\/\/www.gaveanews.com\/wp-content\/uploads\/Marcal-apresentado-no-Botafogo-300x200.webp 300w, https:\/\/www.gaveanews.com\/wp-content\/uploads\/Marcal-apresentado-no-Botafogo-768x512.webp 768w, https:\/\/www.gaveanews.com\/wp-content\/uploads\/Marcal-apresentado-no-Botafogo-630x420.webp 630w, https:\/\/www.gaveanews.com\/wp-content\/uploads\/Marcal-apresentado-no-Botafogo-640x427.webp 640w, https:\/\/www.gaveanews.com\/wp-content\/uploads\/Marcal-apresentado-no-Botafogo-681x454.webp 681w, https:\/\/www.gaveanews.com\/wp-content\/uploads\/Marcal-apresentado-no-Botafogo-100x67.webp 100w\" sizes=\"auto, (max-width: 984px) 100vw, 984px\" \/><figcaption class=\"wp-element-caption\">Mar\u00e7al apresentado no Botafogo (Foto: Divulga\u00e7\u00e3o\/Botafogo)<\/figcaption><\/figure>\n\n\n\n<p>Mesmo perdendo espa\u00e7o, Mar\u00e7al afirmou que sempre buscou apoiar seus companheiros e destacou sua admira\u00e7\u00e3o pelo jovem Cuiabano. O experiente lateral elogiou a dedica\u00e7\u00e3o do colega, ressaltando que ele tem corrigido problemas f\u00edsicos que enfrentava no Gr\u00eamio, como controle de peso e les\u00f5es. Al\u00e9m disso, reconheceu que a chegada de Alex Telles foi um fator natural dentro do futebol, dado seu n\u00edvel e experi\u00eancia na Sele\u00e7\u00e3o Brasileira. Segundo Mar\u00e7al, a competitividade interna tem fortalecido o elenco e impulsionado a evolu\u00e7\u00e3o dos jogadores.<\/p>\n\n\n\n<p>Apesar dos desafios enfrentados na \u00faltima temporada, Mar\u00e7al segue determinado a recuperar sua posi\u00e7\u00e3o e contribuir com a equipe. Sua postura profissional e seu apoio aos colegas demonstram uma mentalidade de lideran\u00e7a dentro do Botafogo. Com a temporada ainda em andamento, o lateral mant\u00e9m o foco em mostrar seu valor e brigar por mais espa\u00e7o no time, enquanto a equipe busca manter o alto n\u00edvel de desempenho no cen\u00e1rio nacional e internacional.<\/p>\n\n\n\n<h2 class=\"wp-block-heading\" id=\"h-recado-para-renato-paiva\">Recado para Renato Paiva<\/h2>\n\n\n\n<p>Renato Paiva inicia sua trajet\u00f3ria como t\u00e9cnico do Botafogo ap\u00f3s experi\u00eancias no Bahia e no Toluca, do M\u00e9xico. Segundo Lu\u00eds Miguel Henrique, advogado de Jorge Jesus, o treinador portugu\u00eas chega ao clube carioca mais experiente e preparado para lidar com os desafios, especialmente no que diz respeito \u00e0 comunica\u00e7\u00e3o. No Bahia, Paiva enfrentou pol\u00eamicas por suas declara\u00e7\u00f5es em entrevistas coletivas, mas Henrique acredita que o t\u00e9cnico aprendeu com esses epis\u00f3dios e n\u00e3o repetir\u00e1 os mesmos erros <strong><a href=\"https:\/\/www.gaveanews.com\/index.php\/2025\/03\/04\/botafogo-advogado-de-jorge-jesus-manda-recado-para-renato-paiva\/\">(leia a mat\u00e9ria completa).<\/a><\/strong><\/p>\n\n\n\n<blockquote class=\"instagram-media\" data-instgrm-permalink=\"https:\/\/www.instagram.com\/p\/DGzIA-4vjMJ\/?utm_source=ig_embed&amp;utm_campaign=loading\" data-instgrm-version=\"14\" style=\" background:#FFF; border:0; border-radius:3px; box-shadow:0 0 1px 0 rgba(0,0,0,0.5),0 1px 10px 0 rgba(0,0,0,0.15); margin: 1px; max-width:540px; min-width:326px; padding:0; width:99.375%; width:-webkit-calc(100% - 2px); width:calc(100% - 2px);\"><div style=\"padding:16px;\"> <a href=\"https:\/\/www.instagram.com\/p\/DGzIA-4vjMJ\/?utm_source=ig_embed&amp;utm_campaign=loading\" style=\" background:#FFFFFF; line-height:0; padding:0 0; text-align:center; text-decoration:none; width:100%;\" target=\"_blank\"> <div style=\" display: flex; flex-direction: row; align-items: center;\"> <div style=\"background-color: #F4F4F4; border-radius: 50%; flex-grow: 0; height: 40px; margin-right: 14px; width: 40px;\"><\/div> <div style=\"display: flex; flex-direction: column; flex-grow: 1; justify-content: center;\"> <div style=\" background-color: #F4F4F4; border-radius: 4px; flex-grow: 0; height: 14px; margin-bottom: 6px; width: 100px;\"><\/div> <div style=\" background-color: #F4F4F4; border-radius: 4px; flex-grow: 0; height: 14px; width: 60px;\"><\/div><\/div><\/div><div style=\"padding: 19% 0;\"><\/div> <div style=\"display:block; height:50px; margin:0 auto 12px; width:50px;\"><svg width=\"50px\" height=\"50px\" viewBox=\"0 0 60 60\" version=\"1.1\" xmlns=\"https:\/\/www.w3.org\/2000\/svg\" xmlns:xlink=\"https:\/\/www.w3.org\/1999\/xlink\"><g stroke=\"none\" stroke-width=\"1\" fill=\"none\" fill-rule=\"evenodd\"><g transform=\"translate(-511.000000, -20.000000)\" fill=\"#000000\"><g><path d=\"M556.869,30.41 C554.814,30.41 553.148,32.076 553.148,34.131 C553.148,36.186 554.814,37.852 556.869,37.852 C558.924,37.852 560.59,36.186 560.59,34.131 C560.59,32.076 558.924,30.41 556.869,30.41 M541,60.657 C535.114,60.657 530.342,55.887 530.342,50 C530.342,44.114 535.114,39.342 541,39.342 C546.887,39.342 551.658,44.114 551.658,50 C551.658,55.887 546.887,60.657 541,60.657 M541,33.886 C532.1,33.886 524.886,41.1 524.886,50 C524.886,58.899 532.1,66.113 541,66.113 C549.9,66.113 557.115,58.899 557.115,50 C557.115,41.1 549.9,33.886 541,33.886 M565.378,62.101 C565.244,65.022 564.756,66.606 564.346,67.663 C563.803,69.06 563.154,70.057 562.106,71.106 C561.058,72.155 560.06,72.803 558.662,73.347 C557.607,73.757 556.021,74.244 553.102,74.378 C549.944,74.521 548.997,74.552 541,74.552 C533.003,74.552 532.056,74.521 528.898,74.378 C525.979,74.244 524.393,73.757 523.338,73.347 C521.94,72.803 520.942,72.155 519.894,71.106 C518.846,70.057 518.197,69.06 517.654,67.663 C517.244,66.606 516.755,65.022 516.623,62.101 C516.479,58.943 516.448,57.996 516.448,50 C516.448,42.003 516.479,41.056 516.623,37.899 C516.755,34.978 517.244,33.391 517.654,32.338 C518.197,30.938 518.846,29.942 519.894,28.894 C520.942,27.846 521.94,27.196 523.338,26.654 C524.393,26.244 525.979,25.756 528.898,25.623 C532.057,25.479 533.004,25.448 541,25.448 C548.997,25.448 549.943,25.479 553.102,25.623 C556.021,25.756 557.607,26.244 558.662,26.654 C560.06,27.196 561.058,27.846 562.106,28.894 C563.154,29.942 563.803,30.938 564.346,32.338 C564.756,33.391 565.244,34.978 565.378,37.899 C565.522,41.056 565.552,42.003 565.552,50 C565.552,57.996 565.522,58.943 565.378,62.101 M570.82,37.631 C570.674,34.438 570.167,32.258 569.425,30.349 C568.659,28.377 567.633,26.702 565.965,25.035 C564.297,23.368 562.623,22.342 560.652,21.575 C558.743,20.834 556.562,20.326 553.369,20.18 C550.169,20.033 549.148,20 541,20 C532.853,20 531.831,20.033 528.631,20.18 C525.438,20.326 523.257,20.834 521.349,21.575 C519.376,22.342 517.703,23.368 516.035,25.035 C514.368,26.702 513.342,28.377 512.574,30.349 C511.834,32.258 511.326,34.438 511.181,37.631 C511.035,40.831 511,41.851 511,50 C511,58.147 511.035,59.17 511.181,62.369 C511.326,65.562 511.834,67.743 512.574,69.651 C513.342,71.625 514.368,73.296 516.035,74.965 C517.703,76.634 519.376,77.658 521.349,78.425 C523.257,79.167 525.438,79.673 528.631,79.82 C531.831,79.965 532.853,80.001 541,80.001 C549.148,80.001 550.169,79.965 553.369,79.82 C556.562,79.673 558.743,79.167 560.652,78.425 C562.623,77.658 564.297,76.634 565.965,74.965 C567.633,73.296 568.659,71.625 569.425,69.651 C570.167,67.743 570.674,65.562 570.82,62.369 C570.966,59.17 571,58.147 571,50 C571,41.851 570.966,40.831 570.82,37.631\"><\/path><\/g><\/g><\/g><\/svg><\/div><div style=\"padding-top: 8px;\"> <div style=\" color:#3897f0; font-family:Arial,sans-serif; font-size:14px; font-style:normal; font-weight:550; line-height:18px;\">Ver essa foto no Instagram<\/div><\/div><div style=\"padding: 12.5% 0;\"><\/div> <div style=\"display: flex; flex-direction: row; margin-bottom: 14px; align-items: center;\"><div> <div style=\"background-color: #F4F4F4; border-radius: 50%; height: 12.5px; width: 12.5px; transform: translateX(0px) translateY(7px);\"><\/div> <div style=\"background-color: #F4F4F4; height: 12.5px; transform: rotate(-45deg) translateX(3px) translateY(1px); width: 12.5px; flex-grow: 0; margin-right: 14px; margin-left: 2px;\"><\/div> <div style=\"background-color: #F4F4F4; border-radius: 50%; height: 12.5px; width: 12.5px; transform: translateX(9px) translateY(-18px);\"><\/div><\/div><div style=\"margin-left: 8px;\"> <div style=\" background-color: #F4F4F4; border-radius: 50%; flex-grow: 0; height: 20px; width: 20px;\"><\/div> <div style=\" width: 0; height: 0; border-top: 2px solid transparent; border-left: 6px solid #f4f4f4; border-bottom: 2px solid transparent; transform: translateX(16px) translateY(-4px) rotate(30deg)\"><\/div><\/div><div style=\"margin-left: auto;\"> <div style=\" width: 0px; border-top: 8px solid #F4F4F4; border-right: 8px solid transparent; transform: translateY(16px);\"><\/div> <div style=\" background-color: #F4F4F4; flex-grow: 0; height: 12px; width: 16px; transform: translateY(-4px);\"><\/div> <div style=\" width: 0; height: 0; border-top: 8px solid #F4F4F4; border-left: 8px solid transparent; transform: translateY(-4px) translateX(8px);\"><\/div><\/div><\/div> <div style=\"display: flex; flex-direction: column; flex-grow: 1; justify-content: center; margin-bottom: 24px;\"> <div style=\" background-color: #F4F4F4; border-radius: 4px; flex-grow: 0; height: 14px; margin-bottom: 6px; width: 224px;\"><\/div> <div style=\" background-color: #F4F4F4; border-radius: 4px; flex-grow: 0; height: 14px; width: 144px;\"><\/div><\/div><\/a><p style=\" color:#c9c8cd; font-family:Arial,sans-serif; font-size:14px; line-height:17px; margin-bottom:0; margin-top:8px; overflow:hidden; padding:8px 0 7px; text-align:center; text-overflow:ellipsis; white-space:nowrap;\"><a href=\"https:\/\/www.instagram.com\/p\/DGzIA-4vjMJ\/?utm_source=ig_embed&amp;utm_campaign=loading\" style=\" color:#c9c8cd; font-family:Arial,sans-serif; font-size:14px; font-style:normal; font-weight:normal; line-height:17px; text-decoration:none;\" target=\"_blank\">Uma publica\u00e7\u00e3o compartilhada por Renato Paiva (@renatopaiva009)<\/a><\/p><\/div><\/blockquote>\n<script async src=\"\/\/www.instagram.com\/embed.js\"><\/script>\n\n\n\n<p>Com um hist\u00f3rico de 51 partidas no comando do Bahia, somando 21 vit\u00f3rias, 13 empates e 17 derrotas, Paiva teve um desempenho marcado por altos e baixos, mas conquistou o t\u00edtulo estadual. Agora, com contrato v\u00e1lido at\u00e9 dezembro de 2026, ele assume o Botafogo em um momento de grande expectativa, especialmente sob a gest\u00e3o de John Textor, que busca elevar o n\u00edvel da equipe e torn\u00e1-la mais competitiva em \u00e2mbito nacional.<\/p>\n\n\n\n<p>Al\u00e9m do conhecimento t\u00e1tico, a evolu\u00e7\u00e3o de Paiva passa pela necessidade de melhorar sua comunica\u00e7\u00e3o e lideran\u00e7a no grupo. O Botafogo aposta na maturidade adquirida pelo t\u00e9cnico para construir um time s\u00f3lido e competitivo. A nova oportunidade no futebol brasileiro representa um desafio crucial para sua carreira, e a torcida alvinegra espera que ele consiga transformar aprendizado em resultados positivos.<\/p>\n<\/div><\/div>\n","protected":false},"excerpt":{"rendered":"<p>Nas \u00faltimas horas, o foco das not\u00edcias sobre o Botafogo se concentram nos bastidores do clube, com destaques do dia a dia do time. Por conta deste contexto, leia abaixo um resumo preparado pela equipe do portal G\u00e1vea News para lhe manter muito bem informado! Reformula\u00e7\u00e3o do elenco O Botafogo encerrou a primeira janela de [&hellip;]<\/p>\n","protected":false},"author":27,"featured_media":120619,"comment_status":"open","ping_status":"closed","sticky":false,"template":"","format":"standard","meta":{"footnotes":""},"categories":[138],"tags":[],"class_list":["post-237576","post","type-post","status-publish","format-standard","has-post-thumbnail","hentry","category-botafogo"],"yoast_head":"<!-- This site is optimized with the Yoast SEO Premium plugin v24.2 (Yoast SEO v26.9) - https:\/\/yoast.com\/product\/yoast-seo-premium-wordpress\/ -->\n<title>Recado para Renato Paiva, declara\u00e7\u00e3o de Mar\u00e7al e reformula\u00e7\u00e3o do elenco: as \u00faltimas not\u00edcias do Botafogo<\/title>\n<meta name=\"robots\" content=\"index, follow, max-snippet:-1, max-image-preview:large, max-video-preview:-1\" \/>\n<link rel=\"canonical\" href=\"https:\/\/www.gaveanews.com\/index.php\/2025\/03\/09\/recado-para-renato-paiva-declaracao-de-marcal-e-reformulacao-do-elenco-as-ultimas-noticias-do-botafogo\/\" \/>\n<meta property=\"og:locale\" content=\"pt_BR\" \/>\n<meta property=\"og:type\" content=\"article\" \/>\n<meta property=\"og:title\" content=\"Recado para Renato Paiva, declara\u00e7\u00e3o de Mar\u00e7al e reformula\u00e7\u00e3o do elenco: as \u00faltimas not\u00edcias do Botafogo\" \/>\n<meta property=\"og:description\" content=\"Nas \u00faltimas horas, o foco das not\u00edcias sobre o Botafogo se concentram nos bastidores do clube, com destaques do dia a dia do time. Por conta deste contexto, leia abaixo um resumo preparado pela equipe do portal G\u00e1vea News para lhe manter muito bem informado! Reformula\u00e7\u00e3o do elenco O Botafogo encerrou a primeira janela de [&hellip;]\" \/>\n<meta property=\"og:url\" content=\"https:\/\/www.gaveanews.com\/index.php\/2025\/03\/09\/recado-para-renato-paiva-declaracao-de-marcal-e-reformulacao-do-elenco-as-ultimas-noticias-do-botafogo\/\" \/>\n<meta property=\"og:site_name\" content=\"G\u00e1vea News\" \/>\n<meta property=\"article:publisher\" content=\"https:\/\/facebook.com\/gaveaNews\/\" \/>\n<meta property=\"article:published_time\" content=\"2025-03-09T10:10:00+00:00\" \/>\n<meta property=\"og:image\" content=\"https:\/\/www.gaveanews.com\/wp-content\/uploads\/botafogoescudo.webp\" \/>\n\t<meta property=\"og:image:width\" content=\"900\" \/>\n\t<meta property=\"og:image:height\" content=\"600\" \/>\n\t<meta property=\"og:image:type\" content=\"image\/webp\" \/>\n<meta name=\"author\" content=\"Matheus Felipe\" \/>\n<meta name=\"twitter:card\" content=\"summary_large_image\" \/>\n<meta name=\"twitter:label1\" content=\"Escrito por\" \/>\n\t<meta name=\"twitter:data1\" content=\"Matheus Felipe\" \/>\n\t<meta name=\"twitter:label2\" content=\"Est. tempo de leitura\" \/>\n\t<meta name=\"twitter:data2\" content=\"5 minutos\" \/>\n<script type=\"application\/ld+json\" class=\"yoast-schema-graph\">{\"@context\":\"https:\/\/schema.org\",\"@graph\":[{\"@type\":\"NewsArticle\",\"@id\":\"https:\/\/www.gaveanews.com\/index.php\/2025\/03\/09\/recado-para-renato-paiva-declaracao-de-marcal-e-reformulacao-do-elenco-as-ultimas-noticias-do-botafogo\/#article\",\"isPartOf\":{\"@id\":\"https:\/\/www.gaveanews.com\/index.php\/2025\/03\/09\/recado-para-renato-paiva-declaracao-de-marcal-e-reformulacao-do-elenco-as-ultimas-noticias-do-botafogo\/\"},\"author\":{\"name\":\"Matheus Felipe\",\"@id\":\"https:\/\/www.gaveanews.com\/#\/schema\/person\/8207cd4627f56151707418bfc835b2fb\"},\"headline\":\"Recado para Renato Paiva, declara\u00e7\u00e3o de Mar\u00e7al e reformula\u00e7\u00e3o do elenco: as \u00faltimas not\u00edcias do Botafogo\",\"datePublished\":\"2025-03-09T10:10:00+00:00\",\"mainEntityOfPage\":{\"@id\":\"https:\/\/www.gaveanews.com\/index.php\/2025\/03\/09\/recado-para-renato-paiva-declaracao-de-marcal-e-reformulacao-do-elenco-as-ultimas-noticias-do-botafogo\/\"},\"wordCount\":878,\"commentCount\":0,\"image\":{\"@id\":\"https:\/\/www.gaveanews.com\/index.php\/2025\/03\/09\/recado-para-renato-paiva-declaracao-de-marcal-e-reformulacao-do-elenco-as-ultimas-noticias-do-botafogo\/#primaryimage\"},\"thumbnailUrl\":\"https:\/\/www.gaveanews.com\/wp-content\/uploads\/botafogoescudo.webp\",\"articleSection\":[\"Botafogo\"],\"inLanguage\":\"pt-BR\",\"potentialAction\":[{\"@type\":\"CommentAction\",\"name\":\"Comment\",\"target\":[\"https:\/\/www.gaveanews.com\/index.php\/2025\/03\/09\/recado-para-renato-paiva-declaracao-de-marcal-e-reformulacao-do-elenco-as-ultimas-noticias-do-botafogo\/#respond\"]}],\"copyrightYear\":\"2025\",\"copyrightHolder\":{\"@id\":\"https:\/\/www.gaveanews.com\/#organization\"}},{\"@type\":\"WebPage\",\"@id\":\"https:\/\/www.gaveanews.com\/index.php\/2025\/03\/09\/recado-para-renato-paiva-declaracao-de-marcal-e-reformulacao-do-elenco-as-ultimas-noticias-do-botafogo\/\",\"url\":\"https:\/\/www.gaveanews.com\/index.php\/2025\/03\/09\/recado-para-renato-paiva-declaracao-de-marcal-e-reformulacao-do-elenco-as-ultimas-noticias-do-botafogo\/\",\"name\":\"Recado para Renato Paiva, declara\u00e7\u00e3o de Mar\u00e7al e reformula\u00e7\u00e3o do elenco: as \u00faltimas not\u00edcias do Botafogo\",\"isPartOf\":{\"@id\":\"https:\/\/www.gaveanews.com\/#website\"},\"primaryImageOfPage\":{\"@id\":\"https:\/\/www.gaveanews.com\/index.php\/2025\/03\/09\/recado-para-renato-paiva-declaracao-de-marcal-e-reformulacao-do-elenco-as-ultimas-noticias-do-botafogo\/#primaryimage\"},\"image\":{\"@id\":\"https:\/\/www.gaveanews.com\/index.php\/2025\/03\/09\/recado-para-renato-paiva-declaracao-de-marcal-e-reformulacao-do-elenco-as-ultimas-noticias-do-botafogo\/#primaryimage\"},\"thumbnailUrl\":\"https:\/\/www.gaveanews.com\/wp-content\/uploads\/botafogoescudo.webp\",\"datePublished\":\"2025-03-09T10:10:00+00:00\",\"author\":{\"@id\":\"https:\/\/www.gaveanews.com\/#\/schema\/person\/8207cd4627f56151707418bfc835b2fb\"},\"breadcrumb\":{\"@id\":\"https:\/\/www.gaveanews.com\/index.php\/2025\/03\/09\/recado-para-renato-paiva-declaracao-de-marcal-e-reformulacao-do-elenco-as-ultimas-noticias-do-botafogo\/#breadcrumb\"},\"inLanguage\":\"pt-BR\",\"potentialAction\":[{\"@type\":\"ReadAction\",\"target\":[\"https:\/\/www.gaveanews.com\/index.php\/2025\/03\/09\/recado-para-renato-paiva-declaracao-de-marcal-e-reformulacao-do-elenco-as-ultimas-noticias-do-botafogo\/\"]}]},{\"@type\":\"ImageObject\",\"inLanguage\":\"pt-BR\",\"@id\":\"https:\/\/www.gaveanews.com\/index.php\/2025\/03\/09\/recado-para-renato-paiva-declaracao-de-marcal-e-reformulacao-do-elenco-as-ultimas-noticias-do-botafogo\/#primaryimage\",\"url\":\"https:\/\/www.gaveanews.com\/wp-content\/uploads\/botafogoescudo.webp\",\"contentUrl\":\"https:\/\/www.gaveanews.com\/wp-content\/uploads\/botafogoescudo.webp\",\"width\":900,\"height\":600,\"caption\":\"Escudo do Botafogo (Foto: Reprodu\u00e7\u00e3o)\"},{\"@type\":\"BreadcrumbList\",\"@id\":\"https:\/\/www.gaveanews.com\/index.php\/2025\/03\/09\/recado-para-renato-paiva-declaracao-de-marcal-e-reformulacao-do-elenco-as-ultimas-noticias-do-botafogo\/#breadcrumb\",\"itemListElement\":[{\"@type\":\"ListItem\",\"position\":1,\"name\":\"Home\",\"item\":\"https:\/\/www.gaveanews.com\/\"},{\"@type\":\"ListItem\",\"position\":2,\"name\":\"Recado para Renato Paiva, declara\u00e7\u00e3o de Mar\u00e7al e reformula\u00e7\u00e3o do elenco: as \u00faltimas not\u00edcias do Botafogo\"}]},{\"@type\":\"WebSite\",\"@id\":\"https:\/\/www.gaveanews.com\/#website\",\"url\":\"https:\/\/www.gaveanews.com\/\",\"name\":\"G\u00e1vea News\",\"description\":\"Veja todas as not\u00edcias sobre o Flamengo: Contrata\u00e7\u00f5es, categorias de base, resultados das partidas, tabela de classifica\u00e7\u00e3o, pr\u00f3ximos jogos!\",\"potentialAction\":[{\"@type\":\"SearchAction\",\"target\":{\"@type\":\"EntryPoint\",\"urlTemplate\":\"https:\/\/www.gaveanews.com\/?s={search_term_string}\"},\"query-input\":{\"@type\":\"PropertyValueSpecification\",\"valueRequired\":true,\"valueName\":\"search_term_string\"}}],\"inLanguage\":\"pt-BR\"},{\"@type\":\"Person\",\"@id\":\"https:\/\/www.gaveanews.com\/#\/schema\/person\/8207cd4627f56151707418bfc835b2fb\",\"name\":\"Matheus Felipe\",\"image\":{\"@type\":\"ImageObject\",\"inLanguage\":\"pt-BR\",\"@id\":\"https:\/\/www.gaveanews.com\/#\/schema\/person\/image\/\",\"url\":\"https:\/\/secure.gravatar.com\/avatar\/a452ffbed9130f726358b298bb3a99ce4bd3c5338411f8440e87e14d74c7c087?s=96&d=mm&r=g\",\"contentUrl\":\"https:\/\/secure.gravatar.com\/avatar\/a452ffbed9130f726358b298bb3a99ce4bd3c5338411f8440e87e14d74c7c087?s=96&d=mm&r=g\",\"caption\":\"Matheus Felipe\"}}]}<\/script>\n<!-- \/ Yoast SEO Premium plugin. -->","yoast_head_json":{"title":"Recado para Renato Paiva, declara\u00e7\u00e3o de Mar\u00e7al e reformula\u00e7\u00e3o do elenco: as \u00faltimas not\u00edcias do Botafogo","robots":{"index":"index","follow":"follow","max-snippet":"max-snippet:-1","max-image-preview":"max-image-preview:large","max-video-preview":"max-video-preview:-1"},"canonical":"https:\/\/www.gaveanews.com\/index.php\/2025\/03\/09\/recado-para-renato-paiva-declaracao-de-marcal-e-reformulacao-do-elenco-as-ultimas-noticias-do-botafogo\/","og_locale":"pt_BR","og_type":"article","og_title":"Recado para Renato Paiva, declara\u00e7\u00e3o de Mar\u00e7al e reformula\u00e7\u00e3o do elenco: as \u00faltimas not\u00edcias do Botafogo","og_description":"Nas \u00faltimas horas, o foco das not\u00edcias sobre o Botafogo se concentram nos bastidores do clube, com destaques do dia a dia do time. Por conta deste contexto, leia abaixo um resumo preparado pela equipe do portal G\u00e1vea News para lhe manter muito bem informado! Reformula\u00e7\u00e3o do elenco O Botafogo encerrou a primeira janela de [&hellip;]","og_url":"https:\/\/www.gaveanews.com\/index.php\/2025\/03\/09\/recado-para-renato-paiva-declaracao-de-marcal-e-reformulacao-do-elenco-as-ultimas-noticias-do-botafogo\/","og_site_name":"G\u00e1vea News","article_publisher":"https:\/\/facebook.com\/gaveaNews\/","article_published_time":"2025-03-09T10:10:00+00:00","og_image":[{"width":900,"height":600,"url":"https:\/\/www.gaveanews.com\/wp-content\/uploads\/botafogoescudo.webp","type":"image\/webp"}],"author":"Matheus Felipe","twitter_card":"summary_large_image","twitter_misc":{"Escrito por":"Matheus Felipe","Est. tempo de leitura":"5 minutos"},"schema":{"@context":"https:\/\/schema.org","@graph":[{"@type":"NewsArticle","@id":"https:\/\/www.gaveanews.com\/index.php\/2025\/03\/09\/recado-para-renato-paiva-declaracao-de-marcal-e-reformulacao-do-elenco-as-ultimas-noticias-do-botafogo\/#article","isPartOf":{"@id":"https:\/\/www.gaveanews.com\/index.php\/2025\/03\/09\/recado-para-renato-paiva-declaracao-de-marcal-e-reformulacao-do-elenco-as-ultimas-noticias-do-botafogo\/"},"author":{"name":"Matheus Felipe","@id":"https:\/\/www.gaveanews.com\/#\/schema\/person\/8207cd4627f56151707418bfc835b2fb"},"headline":"Recado para Renato Paiva, declara\u00e7\u00e3o de Mar\u00e7al e reformula\u00e7\u00e3o do elenco: as \u00faltimas not\u00edcias do Botafogo","datePublished":"2025-03-09T10:10:00+00:00","mainEntityOfPage":{"@id":"https:\/\/www.gaveanews.com\/index.php\/2025\/03\/09\/recado-para-renato-paiva-declaracao-de-marcal-e-reformulacao-do-elenco-as-ultimas-noticias-do-botafogo\/"},"wordCount":878,"commentCount":0,"image":{"@id":"https:\/\/www.gaveanews.com\/index.php\/2025\/03\/09\/recado-para-renato-paiva-declaracao-de-marcal-e-reformulacao-do-elenco-as-ultimas-noticias-do-botafogo\/#primaryimage"},"thumbnailUrl":"https:\/\/www.gaveanews.com\/wp-content\/uploads\/botafogoescudo.webp","articleSection":["Botafogo"],"inLanguage":"pt-BR","potentialAction":[{"@type":"CommentAction","name":"Comment","target":["https:\/\/www.gaveanews.com\/index.php\/2025\/03\/09\/recado-para-renato-paiva-declaracao-de-marcal-e-reformulacao-do-elenco-as-ultimas-noticias-do-botafogo\/#respond"]}],"copyrightYear":"2025","copyrightHolder":{"@id":"https:\/\/www.gaveanews.com\/#organization"}},{"@type":"WebPage","@id":"https:\/\/www.gaveanews.com\/index.php\/2025\/03\/09\/recado-para-renato-paiva-declaracao-de-marcal-e-reformulacao-do-elenco-as-ultimas-noticias-do-botafogo\/","url":"https:\/\/www.gaveanews.com\/index.php\/2025\/03\/09\/recado-para-renato-paiva-declaracao-de-marcal-e-reformulacao-do-elenco-as-ultimas-noticias-do-botafogo\/","name":"Recado para Renato Paiva, declara\u00e7\u00e3o de Mar\u00e7al e reformula\u00e7\u00e3o do elenco: as \u00faltimas not\u00edcias do Botafogo","isPartOf":{"@id":"https:\/\/www.gaveanews.com\/#website"},"primaryImageOfPage":{"@id":"https:\/\/www.gaveanews.com\/index.php\/2025\/03\/09\/recado-para-renato-paiva-declaracao-de-marcal-e-reformulacao-do-elenco-as-ultimas-noticias-do-botafogo\/#primaryimage"},"image":{"@id":"https:\/\/www.gaveanews.com\/index.php\/2025\/03\/09\/recado-para-renato-paiva-declaracao-de-marcal-e-reformulacao-do-elenco-as-ultimas-noticias-do-botafogo\/#primaryimage"},"thumbnailUrl":"https:\/\/www.gaveanews.com\/wp-content\/uploads\/botafogoescudo.webp","datePublished":"2025-03-09T10:10:00+00:00","author":{"@id":"https:\/\/www.gaveanews.com\/#\/schema\/person\/8207cd4627f56151707418bfc835b2fb"},"breadcrumb":{"@id":"https:\/\/www.gaveanews.com\/index.php\/2025\/03\/09\/recado-para-renato-paiva-declaracao-de-marcal-e-reformulacao-do-elenco-as-ultimas-noticias-do-botafogo\/#breadcrumb"},"inLanguage":"pt-BR","potentialAction":[{"@type":"ReadAction","target":["https:\/\/www.gaveanews.com\/index.php\/2025\/03\/09\/recado-para-renato-paiva-declaracao-de-marcal-e-reformulacao-do-elenco-as-ultimas-noticias-do-botafogo\/"]}]},{"@type":"ImageObject","inLanguage":"pt-BR","@id":"https:\/\/www.gaveanews.com\/index.php\/2025\/03\/09\/recado-para-renato-paiva-declaracao-de-marcal-e-reformulacao-do-elenco-as-ultimas-noticias-do-botafogo\/#primaryimage","url":"https:\/\/www.gaveanews.com\/wp-content\/uploads\/botafogoescudo.webp","contentUrl":"https:\/\/www.gaveanews.com\/wp-content\/uploads\/botafogoescudo.webp","width":900,"height":600,"caption":"Escudo do Botafogo (Foto: Reprodu\u00e7\u00e3o)"},{"@type":"BreadcrumbList","@id":"https:\/\/www.gaveanews.com\/index.php\/2025\/03\/09\/recado-para-renato-paiva-declaracao-de-marcal-e-reformulacao-do-elenco-as-ultimas-noticias-do-botafogo\/#breadcrumb","itemListElement":[{"@type":"ListItem","position":1,"name":"Home","item":"https:\/\/www.gaveanews.com\/"},{"@type":"ListItem","position":2,"name":"Recado para Renato Paiva, declara\u00e7\u00e3o de Mar\u00e7al e reformula\u00e7\u00e3o do elenco: as \u00faltimas not\u00edcias do Botafogo"}]},{"@type":"WebSite","@id":"https:\/\/www.gaveanews.com\/#website","url":"https:\/\/www.gaveanews.com\/","name":"G\u00e1vea News","description":"Veja todas as not\u00edcias sobre o Flamengo: Contrata\u00e7\u00f5es, categorias de base, resultados das partidas, tabela de classifica\u00e7\u00e3o, pr\u00f3ximos jogos!","potentialAction":[{"@type":"SearchAction","target":{"@type":"EntryPoint","urlTemplate":"https:\/\/www.gaveanews.com\/?s={search_term_string}"},"query-input":{"@type":"PropertyValueSpecification","valueRequired":true,"valueName":"search_term_string"}}],"inLanguage":"pt-BR"},{"@type":"Person","@id":"https:\/\/www.gaveanews.com\/#\/schema\/person\/8207cd4627f56151707418bfc835b2fb","name":"Matheus Felipe","image":{"@type":"ImageObject","inLanguage":"pt-BR","@id":"https:\/\/www.gaveanews.com\/#\/schema\/person\/image\/","url":"https:\/\/secure.gravatar.com\/avatar\/a452ffbed9130f726358b298bb3a99ce4bd3c5338411f8440e87e14d74c7c087?s=96&d=mm&r=g","contentUrl":"https:\/\/secure.gravatar.com\/avatar\/a452ffbed9130f726358b298bb3a99ce4bd3c5338411f8440e87e14d74c7c087?s=96&d=mm&r=g","caption":"Matheus Felipe"}}]}},"_links":{"self":[{"href":"https:\/\/www.gaveanews.com\/index.php\/wp-json\/wp\/v2\/posts\/237576","targetHints":{"allow":["GET"]}}],"collection":[{"href":"https:\/\/www.gaveanews.com\/index.php\/wp-json\/wp\/v2\/posts"}],"about":[{"href":"https:\/\/www.gaveanews.com\/index.php\/wp-json\/wp\/v2\/types\/post"}],"author":[{"embeddable":true,"href":"https:\/\/www.gaveanews.com\/index.php\/wp-json\/wp\/v2\/users\/27"}],"replies":[{"embeddable":true,"href":"https:\/\/www.gaveanews.com\/index.php\/wp-json\/wp\/v2\/comments?post=237576"}],"version-history":[{"count":1,"href":"https:\/\/www.gaveanews.com\/index.php\/wp-json\/wp\/v2\/posts\/237576\/revisions"}],"predecessor-version":[{"id":237597,"href":"https:\/\/www.gaveanews.com\/index.php\/wp-json\/wp\/v2\/posts\/237576\/revisions\/237597"}],"wp:featuredmedia":[{"embeddable":true,"href":"https:\/\/www.gaveanews.com\/index.php\/wp-json\/wp\/v2\/media\/120619"}],"wp:attachment":[{"href":"https:\/\/www.gaveanews.com\/index.php\/wp-json\/wp\/v2\/media?parent=237576"}],"wp:term":[{"taxonomy":"category","embeddable":true,"href":"https:\/\/www.gaveanews.com\/index.php\/wp-json\/wp\/v2\/categories?post=237576"},{"taxonomy":"post_tag","embeddable":true,"href":"https:\/\/www.gaveanews.com\/index.php\/wp-json\/wp\/v2\/tags?post=237576"}],"curies":[{"name":"wp","href":"https:\/\/api.w.org\/{rel}","templated":true}]}}