{"id":237586,"date":"2025-03-09T07:15:00","date_gmt":"2025-03-09T10:15:00","guid":{"rendered":"https:\/\/www.gaveanews.com\/?p=237586"},"modified":"2025-03-08T17:47:06","modified_gmt":"2025-03-08T20:47:06","slug":"nova-camisa-criacao-de-dois-novos-torneios-e-declaracao-de-matheuzinho-as-ultimas-noticias-do-cruzeiro","status":"publish","type":"post","link":"https:\/\/www.gaveanews.com\/index.php\/2025\/03\/09\/nova-camisa-criacao-de-dois-novos-torneios-e-declaracao-de-matheuzinho-as-ultimas-noticias-do-cruzeiro\/","title":{"rendered":"Nova camisa, cria\u00e7\u00e3o de dois novos torneios e declara\u00e7\u00e3o de Matheuzinho: as \u00faltimas not\u00edcias do Cruzeiro"},"content":{"rendered":"\n<p>Nas \u00faltimas horas, o foco das not\u00edcias sobre o Cruzeiro se concentram nos bastidores do clube, com destaques do dia a dia do time.<\/p>\n\n\n\n<p>Por conta deste contexto, leia abaixo um resumo preparado pela equipe do portal G\u00e1vea News para lhe manter muito bem informado!<\/p>\n\n\n\n<div class=\"wp-block-group\"><div class=\"wp-block-group__inner-container is-layout-constrained wp-block-group-is-layout-constrained\">\n<h2 class=\"wp-block-heading\" id=\"h-declaracao-de-matheuzinho\">Declara\u00e7\u00e3o de Matheuzinho<\/h2>\n\n\n\n<p>O lateral-direito Matheuzinho, atualmente no Corinthians, relembrou momentos marcantes de sua passagem pelo Flamengo, onde atuou entre 2020 e 2024. Em entrevista recente, ele falou sobre sua estreia profissional no clube carioca, destacando a dificuldade que enfrentou ao jogar ao lado de Gabigol. Segundo Matheuzinho, o atacante n\u00e3o lhe passava a bola com frequ\u00eancia durante a partida contra o Botafogo, o que o obrigava a refazer jogadas e se esfor\u00e7ar ainda mais dentro de campo <strong><a href=\"https:\/\/www.gaveanews.com\/index.php\/2025\/03\/05\/video-a-declaracao-de-matheuzinho-direcionada-a-gabigol\/\">(leia a mat\u00e9ria completa).<\/a><\/strong><\/p>\n\n\n\n<figure class=\"wp-block-image size-large\"><img loading=\"lazy\" decoding=\"async\" width=\"1024\" height=\"768\" src=\"http:\/\/www.gaveanews.com\/wp-content\/uploads\/Gabigol-com-a-camisa-do-Cruzeiro-1024x768.webp\" alt=\"\" class=\"wp-image-206773\" srcset=\"https:\/\/www.gaveanews.com\/wp-content\/uploads\/Gabigol-com-a-camisa-do-Cruzeiro-1024x768.webp 1024w, https:\/\/www.gaveanews.com\/wp-content\/uploads\/Gabigol-com-a-camisa-do-Cruzeiro-300x225.webp 300w, https:\/\/www.gaveanews.com\/wp-content\/uploads\/Gabigol-com-a-camisa-do-Cruzeiro-768x576.webp 768w, https:\/\/www.gaveanews.com\/wp-content\/uploads\/Gabigol-com-a-camisa-do-Cruzeiro-560x420.webp 560w, https:\/\/www.gaveanews.com\/wp-content\/uploads\/Gabigol-com-a-camisa-do-Cruzeiro-1119x840.webp 1119w, https:\/\/www.gaveanews.com\/wp-content\/uploads\/Gabigol-com-a-camisa-do-Cruzeiro-80x60.webp 80w, https:\/\/www.gaveanews.com\/wp-content\/uploads\/Gabigol-com-a-camisa-do-Cruzeiro-160x120.webp 160w, https:\/\/www.gaveanews.com\/wp-content\/uploads\/Gabigol-com-a-camisa-do-Cruzeiro-100x75.webp 100w, https:\/\/www.gaveanews.com\/wp-content\/uploads\/Gabigol-com-a-camisa-do-Cruzeiro-200x150.webp 200w, https:\/\/www.gaveanews.com\/wp-content\/uploads\/Gabigol-com-a-camisa-do-Cruzeiro-180x135.webp 180w, https:\/\/www.gaveanews.com\/wp-content\/uploads\/Gabigol-com-a-camisa-do-Cruzeiro-360x270.webp 360w, https:\/\/www.gaveanews.com\/wp-content\/uploads\/Gabigol-com-a-camisa-do-Cruzeiro-238x178.webp 238w, https:\/\/www.gaveanews.com\/wp-content\/uploads\/Gabigol-com-a-camisa-do-Cruzeiro-476x356.webp 476w, https:\/\/www.gaveanews.com\/wp-content\/uploads\/Gabigol-com-a-camisa-do-Cruzeiro-640x480.webp 640w, https:\/\/www.gaveanews.com\/wp-content\/uploads\/Gabigol-com-a-camisa-do-Cruzeiro-1280x960.webp 1280w, https:\/\/www.gaveanews.com\/wp-content\/uploads\/Gabigol-com-a-camisa-do-Cruzeiro-681x511.webp 681w, https:\/\/www.gaveanews.com\/wp-content\/uploads\/Gabigol-com-a-camisa-do-Cruzeiro.webp 1350w\" sizes=\"auto, (max-width: 1024px) 100vw, 1024px\" \/><figcaption class=\"wp-element-caption\">Gabigol com a camisa do Cruzeiro (Foto: Reprodu\u00e7\u00e3o\/Instagram)<\/figcaption><\/figure>\n\n\n\n<p>Negociado com o Corinthians em 2024 por 4 milh\u00f5es de euros (R$ 21,3 milh\u00f5es), Matheuzinho optou pelo clube paulista mesmo diante de uma proposta financeiramente superior do Botafogo. <\/p>\n\n\n\n<p>O jogador, que conquistou oito t\u00edtulos pelo Flamengo, incluindo o Campeonato Brasileiro de 2020 e a Libertadores de 2022, hoje busca consolidar sua trajet\u00f3ria no futebol defendendo as cores do Tim\u00e3o.<\/p>\n\n\n\n<p>Enquanto Matheuzinho se adapta \u00e0 nova fase de sua carreira no Corinthians, Gabigol, que j\u00e1 foi um dos principais nomes do Flamengo, agora atua pelo Cruzeiro. A mudan\u00e7a de ambos os jogadores para novos clubes marca uma reconfigura\u00e7\u00e3o de suas carreiras no futebol brasileiro, mostrando como o mercado segue din\u00e2mico e repleto de reviravoltas.<\/p>\n\n\n\n<h2 class=\"wp-block-heading\" id=\"h-criacao-de-dois-novos-torneios\">Cria\u00e7\u00e3o de dois novos torneios<\/h2>\n\n\n\n<p>A FIFA anunciou a cria\u00e7\u00e3o de dois novos torneios para o futebol feminino: o Mundial de Clubes Feminino e a Copa das Campe\u00e3s. Essas competi\u00e7\u00f5es fazem parte de uma estrat\u00e9gia para expandir e fortalecer a modalidade globalmente. O Mundial de Clubes ter\u00e1 sua primeira edi\u00e7\u00e3o em 2028, reunindo 16 equipes de diferentes continentes, com um formato semelhante ao de outros torneios internacionais. J\u00e1 a Copa das Campe\u00e3s, prevista para 2026, contar\u00e1 com os seis campe\u00f5es continentais e ser\u00e1 realizada nos anos em que n\u00e3o houver Mundial, garantindo maior regularidade nas competi\u00e7\u00f5es femininas de clubes <strong><a href=\"https:\/\/www.gaveanews.com\/index.php\/2025\/03\/05\/fifa-quer-realizar-mais-uma-competicao-a-partir-de-2026\/\">(leia a mat\u00e9ria completa).<\/a><\/strong><\/p>\n\n\n\n<figure class=\"wp-block-image size-large\"><img loading=\"lazy\" decoding=\"async\" width=\"1024\" height=\"683\" src=\"http:\/\/www.gaveanews.com\/wp-content\/uploads\/Logomarca-da-FIFA-1024x683.webp\" alt=\"\" class=\"wp-image-37084\" srcset=\"https:\/\/www.gaveanews.com\/wp-content\/uploads\/Logomarca-da-FIFA-1024x683.webp 1024w, https:\/\/www.gaveanews.com\/wp-content\/uploads\/Logomarca-da-FIFA-300x200.webp 300w, https:\/\/www.gaveanews.com\/wp-content\/uploads\/Logomarca-da-FIFA-768x512.webp 768w, https:\/\/www.gaveanews.com\/wp-content\/uploads\/Logomarca-da-FIFA-1536x1025.webp 1536w, https:\/\/www.gaveanews.com\/wp-content\/uploads\/Logomarca-da-FIFA-630x420.webp 630w, https:\/\/www.gaveanews.com\/wp-content\/uploads\/Logomarca-da-FIFA-1259x840.webp 1259w, https:\/\/www.gaveanews.com\/wp-content\/uploads\/Logomarca-da-FIFA-640x427.webp 640w, https:\/\/www.gaveanews.com\/wp-content\/uploads\/Logomarca-da-FIFA-1280x854.webp 1280w, https:\/\/www.gaveanews.com\/wp-content\/uploads\/Logomarca-da-FIFA-681x454.webp 681w, https:\/\/www.gaveanews.com\/wp-content\/uploads\/Logomarca-da-FIFA-1362x908.webp 1362w, https:\/\/www.gaveanews.com\/wp-content\/uploads\/Logomarca-da-FIFA-100x67.webp 100w, https:\/\/www.gaveanews.com\/wp-content\/uploads\/Logomarca-da-FIFA.webp 2000w\" sizes=\"auto, (max-width: 1024px) 100vw, 1024px\" \/><\/figure>\n\n\n\n<p>Para viabilizar os torneios, a FIFA ajustou o calend\u00e1rio das competi\u00e7\u00f5es continentais, garantindo que as finais da Champions League da UEFA, Libertadores Feminina e Concacaf Champions Cup aconte\u00e7am at\u00e9 novembro do ano anterior ao torneio. A entidade espera que essas mudan\u00e7as aumentem a visibilidade do futebol feminino e proporcionem mais oportunidades para clubes de todo o mundo competirem em alto n\u00edvel. A CBF, representada pelo presidente Ednaldo Rodrigues, declarou apoio \u00e0 iniciativa, destacando o impacto positivo para a modalidade no Brasil e no cen\u00e1rio internacional.<\/p>\n\n\n\n<p>Com essa expans\u00e3o, a FIFA busca consolidar um calend\u00e1rio mais estruturado para o futebol feminino, aumentando sua competitividade e reconhecimento global. A expectativa \u00e9 de que as novas competi\u00e7\u00f5es impulsionem o desenvolvimento da modalidade, incentivando mais investimentos, melhor infraestrutura e maior engajamento dos torcedores. Assim, a entidade refor\u00e7a seu compromisso em promover a igualdade e fortalecer o futebol feminino em escala mundial.<\/p>\n\n\n\n<h2 class=\"wp-block-heading\" id=\"h-nova-camisa\">Nova camisa<\/h2>\n\n\n\n<p>O Cruzeiro se prepara para lan\u00e7ar seu novo uniforme para a temporada 2025, unindo tradi\u00e7\u00e3o e modernidade no design. A estreia da camisa acontecer\u00e1 no s\u00e1bado (08), contra o Bahia, em uma data simb\u00f3lica, pois coincide com o Dia Internacional da Mulher. Como parte das a\u00e7\u00f5es de divulga\u00e7\u00e3o, o clube contou com a participa\u00e7\u00e3o de Gabigol, refor\u00e7ando a valoriza\u00e7\u00e3o do protagonismo feminino no futebol e a uni\u00e3o entre as equipes masculina e feminina<strong><a href=\"https:\/\/www.gaveanews.com\/index.php\/2025\/03\/05\/detalhes-sobre-a-nova-camisa-do-cruzeiro\/\"> (leia a mat\u00e9ria completa).<\/a><\/strong><\/p>\n\n\n\n<figure class=\"wp-block-image size-large\"><img loading=\"lazy\" decoding=\"async\" width=\"1024\" height=\"682\" src=\"http:\/\/www.gaveanews.com\/wp-content\/uploads\/Camisa-do-Cruzeiro-2024-1024x682.webp\" alt=\"\" class=\"wp-image-163709\" srcset=\"https:\/\/www.gaveanews.com\/wp-content\/uploads\/Camisa-do-Cruzeiro-2024-1024x682.webp 1024w, https:\/\/www.gaveanews.com\/wp-content\/uploads\/Camisa-do-Cruzeiro-2024-300x200.webp 300w, https:\/\/www.gaveanews.com\/wp-content\/uploads\/Camisa-do-Cruzeiro-2024-768x512.webp 768w, https:\/\/www.gaveanews.com\/wp-content\/uploads\/Camisa-do-Cruzeiro-2024-630x420.webp 630w, https:\/\/www.gaveanews.com\/wp-content\/uploads\/Camisa-do-Cruzeiro-2024-1260x840.webp 1260w, https:\/\/www.gaveanews.com\/wp-content\/uploads\/Camisa-do-Cruzeiro-2024-640x427.webp 640w, https:\/\/www.gaveanews.com\/wp-content\/uploads\/Camisa-do-Cruzeiro-2024-1280x853.webp 1280w, https:\/\/www.gaveanews.com\/wp-content\/uploads\/Camisa-do-Cruzeiro-2024-681x454.webp 681w, https:\/\/www.gaveanews.com\/wp-content\/uploads\/Camisa-do-Cruzeiro-2024-100x67.webp 100w, https:\/\/www.gaveanews.com\/wp-content\/uploads\/Camisa-do-Cruzeiro-2024.webp 1292w\" sizes=\"auto, (max-width: 1024px) 100vw, 1024px\" \/><figcaption class=\"wp-element-caption\">Camisa do Cruzeiro 2024 (Foto: Reprodu\u00e7\u00e3o\/Instagram)<\/figcaption><\/figure>\n\n\n\n<p>O novo modelo se destaca por um design inovador, incorporando elementos gr\u00e1ficos inspirados nas estrelas do clube e dando maior destaque \u00e0 cor branca nas mangas, algo semelhante a uniformes de times como Internacional e Arsenal. Al\u00e9m disso, o Cruzeiro decidiu resgatar o escudo fechado, s\u00edmbolo que marcou a conquista da Tr\u00edplice Coroa, substituindo as estrelas soltas utilizadas nas camisas anteriores.<\/p>\n\n\n\n<p>Caso o uniforme n\u00e3o seja utilizado em amistosos, a estreia oficial na S\u00e9rie A acontecer\u00e1 no final de mar\u00e7o, contra o Mirassol. O lan\u00e7amento da nova camisa representa mais do que uma mudan\u00e7a est\u00e9tica, simbolizando um novo ciclo para o clube e fortalecendo sua identidade hist\u00f3rica no cen\u00e1rio do futebol brasileiro.<\/p>\n<\/div><\/div>\n","protected":false},"excerpt":{"rendered":"<p>Nas \u00faltimas horas, o foco das not\u00edcias sobre o Cruzeiro se concentram nos bastidores do clube, com destaques do dia a dia do time. Por conta deste contexto, leia abaixo um resumo preparado pela equipe do portal G\u00e1vea News para lhe manter muito bem informado! Declara\u00e7\u00e3o de Matheuzinho O lateral-direito Matheuzinho, atualmente no Corinthians, relembrou [&hellip;]<\/p>\n","protected":false},"author":27,"featured_media":165466,"comment_status":"open","ping_status":"closed","sticky":false,"template":"","format":"standard","meta":{"footnotes":""},"categories":[143],"tags":[],"class_list":["post-237586","post","type-post","status-publish","format-standard","has-post-thumbnail","hentry","category-cruzeiro"],"yoast_head":"<!-- This site is optimized with the Yoast SEO Premium plugin v24.2 (Yoast SEO v26.9) - https:\/\/yoast.com\/product\/yoast-seo-premium-wordpress\/ -->\n<title>Nova camisa, cria\u00e7\u00e3o de dois novos torneios e declara\u00e7\u00e3o de Matheuzinho: as \u00faltimas not\u00edcias do Cruzeiro<\/title>\n<meta name=\"robots\" content=\"index, follow, max-snippet:-1, max-image-preview:large, max-video-preview:-1\" \/>\n<link rel=\"canonical\" href=\"https:\/\/www.gaveanews.com\/index.php\/2025\/03\/09\/nova-camisa-criacao-de-dois-novos-torneios-e-declaracao-de-matheuzinho-as-ultimas-noticias-do-cruzeiro\/\" \/>\n<meta property=\"og:locale\" content=\"pt_BR\" \/>\n<meta property=\"og:type\" content=\"article\" \/>\n<meta property=\"og:title\" content=\"Nova camisa, cria\u00e7\u00e3o de dois novos torneios e declara\u00e7\u00e3o de Matheuzinho: as \u00faltimas not\u00edcias do Cruzeiro\" \/>\n<meta property=\"og:description\" content=\"Nas \u00faltimas horas, o foco das not\u00edcias sobre o Cruzeiro se concentram nos bastidores do clube, com destaques do dia a dia do time. Por conta deste contexto, leia abaixo um resumo preparado pela equipe do portal G\u00e1vea News para lhe manter muito bem informado! Declara\u00e7\u00e3o de Matheuzinho O lateral-direito Matheuzinho, atualmente no Corinthians, relembrou [&hellip;]\" \/>\n<meta property=\"og:url\" content=\"https:\/\/www.gaveanews.com\/index.php\/2025\/03\/09\/nova-camisa-criacao-de-dois-novos-torneios-e-declaracao-de-matheuzinho-as-ultimas-noticias-do-cruzeiro\/\" \/>\n<meta property=\"og:site_name\" content=\"G\u00e1vea News\" \/>\n<meta property=\"article:publisher\" content=\"https:\/\/facebook.com\/gaveaNews\/\" \/>\n<meta property=\"article:published_time\" content=\"2025-03-09T10:15:00+00:00\" \/>\n<meta property=\"og:image\" content=\"https:\/\/www.gaveanews.com\/wp-content\/uploads\/Escudo-do-Cruzeiro.webp\" \/>\n\t<meta property=\"og:image:width\" content=\"1387\" \/>\n\t<meta property=\"og:image:height\" content=\"924\" \/>\n\t<meta property=\"og:image:type\" content=\"image\/webp\" \/>\n<meta name=\"author\" content=\"Matheus Felipe\" \/>\n<meta name=\"twitter:card\" content=\"summary_large_image\" \/>\n<meta name=\"twitter:label1\" content=\"Escrito por\" \/>\n\t<meta name=\"twitter:data1\" content=\"Matheus Felipe\" \/>\n\t<meta name=\"twitter:label2\" content=\"Est. tempo de leitura\" \/>\n\t<meta name=\"twitter:data2\" content=\"5 minutos\" \/>\n<script type=\"application\/ld+json\" class=\"yoast-schema-graph\">{\"@context\":\"https:\/\/schema.org\",\"@graph\":[{\"@type\":\"NewsArticle\",\"@id\":\"https:\/\/www.gaveanews.com\/index.php\/2025\/03\/09\/nova-camisa-criacao-de-dois-novos-torneios-e-declaracao-de-matheuzinho-as-ultimas-noticias-do-cruzeiro\/#article\",\"isPartOf\":{\"@id\":\"https:\/\/www.gaveanews.com\/index.php\/2025\/03\/09\/nova-camisa-criacao-de-dois-novos-torneios-e-declaracao-de-matheuzinho-as-ultimas-noticias-do-cruzeiro\/\"},\"author\":{\"name\":\"Matheus Felipe\",\"@id\":\"https:\/\/www.gaveanews.com\/#\/schema\/person\/8207cd4627f56151707418bfc835b2fb\"},\"headline\":\"Nova camisa, cria\u00e7\u00e3o de dois novos torneios e declara\u00e7\u00e3o de Matheuzinho: as \u00faltimas not\u00edcias do Cruzeiro\",\"datePublished\":\"2025-03-09T10:15:00+00:00\",\"mainEntityOfPage\":{\"@id\":\"https:\/\/www.gaveanews.com\/index.php\/2025\/03\/09\/nova-camisa-criacao-de-dois-novos-torneios-e-declaracao-de-matheuzinho-as-ultimas-noticias-do-cruzeiro\/\"},\"wordCount\":760,\"commentCount\":0,\"image\":{\"@id\":\"https:\/\/www.gaveanews.com\/index.php\/2025\/03\/09\/nova-camisa-criacao-de-dois-novos-torneios-e-declaracao-de-matheuzinho-as-ultimas-noticias-do-cruzeiro\/#primaryimage\"},\"thumbnailUrl\":\"https:\/\/www.gaveanews.com\/wp-content\/uploads\/Escudo-do-Cruzeiro.webp\",\"articleSection\":[\"Cruzeiro\"],\"inLanguage\":\"pt-BR\",\"potentialAction\":[{\"@type\":\"CommentAction\",\"name\":\"Comment\",\"target\":[\"https:\/\/www.gaveanews.com\/index.php\/2025\/03\/09\/nova-camisa-criacao-de-dois-novos-torneios-e-declaracao-de-matheuzinho-as-ultimas-noticias-do-cruzeiro\/#respond\"]}],\"copyrightYear\":\"2025\",\"copyrightHolder\":{\"@id\":\"https:\/\/www.gaveanews.com\/#organization\"}},{\"@type\":\"WebPage\",\"@id\":\"https:\/\/www.gaveanews.com\/index.php\/2025\/03\/09\/nova-camisa-criacao-de-dois-novos-torneios-e-declaracao-de-matheuzinho-as-ultimas-noticias-do-cruzeiro\/\",\"url\":\"https:\/\/www.gaveanews.com\/index.php\/2025\/03\/09\/nova-camisa-criacao-de-dois-novos-torneios-e-declaracao-de-matheuzinho-as-ultimas-noticias-do-cruzeiro\/\",\"name\":\"Nova camisa, cria\u00e7\u00e3o de dois novos torneios e declara\u00e7\u00e3o de Matheuzinho: as \u00faltimas not\u00edcias do Cruzeiro\",\"isPartOf\":{\"@id\":\"https:\/\/www.gaveanews.com\/#website\"},\"primaryImageOfPage\":{\"@id\":\"https:\/\/www.gaveanews.com\/index.php\/2025\/03\/09\/nova-camisa-criacao-de-dois-novos-torneios-e-declaracao-de-matheuzinho-as-ultimas-noticias-do-cruzeiro\/#primaryimage\"},\"image\":{\"@id\":\"https:\/\/www.gaveanews.com\/index.php\/2025\/03\/09\/nova-camisa-criacao-de-dois-novos-torneios-e-declaracao-de-matheuzinho-as-ultimas-noticias-do-cruzeiro\/#primaryimage\"},\"thumbnailUrl\":\"https:\/\/www.gaveanews.com\/wp-content\/uploads\/Escudo-do-Cruzeiro.webp\",\"datePublished\":\"2025-03-09T10:15:00+00:00\",\"author\":{\"@id\":\"https:\/\/www.gaveanews.com\/#\/schema\/person\/8207cd4627f56151707418bfc835b2fb\"},\"breadcrumb\":{\"@id\":\"https:\/\/www.gaveanews.com\/index.php\/2025\/03\/09\/nova-camisa-criacao-de-dois-novos-torneios-e-declaracao-de-matheuzinho-as-ultimas-noticias-do-cruzeiro\/#breadcrumb\"},\"inLanguage\":\"pt-BR\",\"potentialAction\":[{\"@type\":\"ReadAction\",\"target\":[\"https:\/\/www.gaveanews.com\/index.php\/2025\/03\/09\/nova-camisa-criacao-de-dois-novos-torneios-e-declaracao-de-matheuzinho-as-ultimas-noticias-do-cruzeiro\/\"]}]},{\"@type\":\"ImageObject\",\"inLanguage\":\"pt-BR\",\"@id\":\"https:\/\/www.gaveanews.com\/index.php\/2025\/03\/09\/nova-camisa-criacao-de-dois-novos-torneios-e-declaracao-de-matheuzinho-as-ultimas-noticias-do-cruzeiro\/#primaryimage\",\"url\":\"https:\/\/www.gaveanews.com\/wp-content\/uploads\/Escudo-do-Cruzeiro.webp\",\"contentUrl\":\"https:\/\/www.gaveanews.com\/wp-content\/uploads\/Escudo-do-Cruzeiro.webp\",\"width\":1387,\"height\":924,\"caption\":\"Escudo do Cruzeiro (Foto: Reprodu\u00e7\u00e3o\/Cruzeiro)\"},{\"@type\":\"BreadcrumbList\",\"@id\":\"https:\/\/www.gaveanews.com\/index.php\/2025\/03\/09\/nova-camisa-criacao-de-dois-novos-torneios-e-declaracao-de-matheuzinho-as-ultimas-noticias-do-cruzeiro\/#breadcrumb\",\"itemListElement\":[{\"@type\":\"ListItem\",\"position\":1,\"name\":\"Home\",\"item\":\"https:\/\/www.gaveanews.com\/\"},{\"@type\":\"ListItem\",\"position\":2,\"name\":\"Nova camisa, cria\u00e7\u00e3o de dois novos torneios e declara\u00e7\u00e3o de Matheuzinho: as \u00faltimas not\u00edcias do Cruzeiro\"}]},{\"@type\":\"WebSite\",\"@id\":\"https:\/\/www.gaveanews.com\/#website\",\"url\":\"https:\/\/www.gaveanews.com\/\",\"name\":\"G\u00e1vea News\",\"description\":\"Veja todas as not\u00edcias sobre o Flamengo: Contrata\u00e7\u00f5es, categorias de base, resultados das partidas, tabela de classifica\u00e7\u00e3o, pr\u00f3ximos jogos!\",\"potentialAction\":[{\"@type\":\"SearchAction\",\"target\":{\"@type\":\"EntryPoint\",\"urlTemplate\":\"https:\/\/www.gaveanews.com\/?s={search_term_string}\"},\"query-input\":{\"@type\":\"PropertyValueSpecification\",\"valueRequired\":true,\"valueName\":\"search_term_string\"}}],\"inLanguage\":\"pt-BR\"},{\"@type\":\"Person\",\"@id\":\"https:\/\/www.gaveanews.com\/#\/schema\/person\/8207cd4627f56151707418bfc835b2fb\",\"name\":\"Matheus Felipe\",\"image\":{\"@type\":\"ImageObject\",\"inLanguage\":\"pt-BR\",\"@id\":\"https:\/\/www.gaveanews.com\/#\/schema\/person\/image\/\",\"url\":\"https:\/\/secure.gravatar.com\/avatar\/a452ffbed9130f726358b298bb3a99ce4bd3c5338411f8440e87e14d74c7c087?s=96&d=mm&r=g\",\"contentUrl\":\"https:\/\/secure.gravatar.com\/avatar\/a452ffbed9130f726358b298bb3a99ce4bd3c5338411f8440e87e14d74c7c087?s=96&d=mm&r=g\",\"caption\":\"Matheus Felipe\"}}]}<\/script>\n<!-- \/ Yoast SEO Premium plugin. -->","yoast_head_json":{"title":"Nova camisa, cria\u00e7\u00e3o de dois novos torneios e declara\u00e7\u00e3o de Matheuzinho: as \u00faltimas not\u00edcias do Cruzeiro","robots":{"index":"index","follow":"follow","max-snippet":"max-snippet:-1","max-image-preview":"max-image-preview:large","max-video-preview":"max-video-preview:-1"},"canonical":"https:\/\/www.gaveanews.com\/index.php\/2025\/03\/09\/nova-camisa-criacao-de-dois-novos-torneios-e-declaracao-de-matheuzinho-as-ultimas-noticias-do-cruzeiro\/","og_locale":"pt_BR","og_type":"article","og_title":"Nova camisa, cria\u00e7\u00e3o de dois novos torneios e declara\u00e7\u00e3o de Matheuzinho: as \u00faltimas not\u00edcias do Cruzeiro","og_description":"Nas \u00faltimas horas, o foco das not\u00edcias sobre o Cruzeiro se concentram nos bastidores do clube, com destaques do dia a dia do time. Por conta deste contexto, leia abaixo um resumo preparado pela equipe do portal G\u00e1vea News para lhe manter muito bem informado! Declara\u00e7\u00e3o de Matheuzinho O lateral-direito Matheuzinho, atualmente no Corinthians, relembrou [&hellip;]","og_url":"https:\/\/www.gaveanews.com\/index.php\/2025\/03\/09\/nova-camisa-criacao-de-dois-novos-torneios-e-declaracao-de-matheuzinho-as-ultimas-noticias-do-cruzeiro\/","og_site_name":"G\u00e1vea News","article_publisher":"https:\/\/facebook.com\/gaveaNews\/","article_published_time":"2025-03-09T10:15:00+00:00","og_image":[{"width":1387,"height":924,"url":"https:\/\/www.gaveanews.com\/wp-content\/uploads\/Escudo-do-Cruzeiro.webp","type":"image\/webp"}],"author":"Matheus Felipe","twitter_card":"summary_large_image","twitter_misc":{"Escrito por":"Matheus Felipe","Est. tempo de leitura":"5 minutos"},"schema":{"@context":"https:\/\/schema.org","@graph":[{"@type":"NewsArticle","@id":"https:\/\/www.gaveanews.com\/index.php\/2025\/03\/09\/nova-camisa-criacao-de-dois-novos-torneios-e-declaracao-de-matheuzinho-as-ultimas-noticias-do-cruzeiro\/#article","isPartOf":{"@id":"https:\/\/www.gaveanews.com\/index.php\/2025\/03\/09\/nova-camisa-criacao-de-dois-novos-torneios-e-declaracao-de-matheuzinho-as-ultimas-noticias-do-cruzeiro\/"},"author":{"name":"Matheus Felipe","@id":"https:\/\/www.gaveanews.com\/#\/schema\/person\/8207cd4627f56151707418bfc835b2fb"},"headline":"Nova camisa, cria\u00e7\u00e3o de dois novos torneios e declara\u00e7\u00e3o de Matheuzinho: as \u00faltimas not\u00edcias do Cruzeiro","datePublished":"2025-03-09T10:15:00+00:00","mainEntityOfPage":{"@id":"https:\/\/www.gaveanews.com\/index.php\/2025\/03\/09\/nova-camisa-criacao-de-dois-novos-torneios-e-declaracao-de-matheuzinho-as-ultimas-noticias-do-cruzeiro\/"},"wordCount":760,"commentCount":0,"image":{"@id":"https:\/\/www.gaveanews.com\/index.php\/2025\/03\/09\/nova-camisa-criacao-de-dois-novos-torneios-e-declaracao-de-matheuzinho-as-ultimas-noticias-do-cruzeiro\/#primaryimage"},"thumbnailUrl":"https:\/\/www.gaveanews.com\/wp-content\/uploads\/Escudo-do-Cruzeiro.webp","articleSection":["Cruzeiro"],"inLanguage":"pt-BR","potentialAction":[{"@type":"CommentAction","name":"Comment","target":["https:\/\/www.gaveanews.com\/index.php\/2025\/03\/09\/nova-camisa-criacao-de-dois-novos-torneios-e-declaracao-de-matheuzinho-as-ultimas-noticias-do-cruzeiro\/#respond"]}],"copyrightYear":"2025","copyrightHolder":{"@id":"https:\/\/www.gaveanews.com\/#organization"}},{"@type":"WebPage","@id":"https:\/\/www.gaveanews.com\/index.php\/2025\/03\/09\/nova-camisa-criacao-de-dois-novos-torneios-e-declaracao-de-matheuzinho-as-ultimas-noticias-do-cruzeiro\/","url":"https:\/\/www.gaveanews.com\/index.php\/2025\/03\/09\/nova-camisa-criacao-de-dois-novos-torneios-e-declaracao-de-matheuzinho-as-ultimas-noticias-do-cruzeiro\/","name":"Nova camisa, cria\u00e7\u00e3o de dois novos torneios e declara\u00e7\u00e3o de Matheuzinho: as \u00faltimas not\u00edcias do Cruzeiro","isPartOf":{"@id":"https:\/\/www.gaveanews.com\/#website"},"primaryImageOfPage":{"@id":"https:\/\/www.gaveanews.com\/index.php\/2025\/03\/09\/nova-camisa-criacao-de-dois-novos-torneios-e-declaracao-de-matheuzinho-as-ultimas-noticias-do-cruzeiro\/#primaryimage"},"image":{"@id":"https:\/\/www.gaveanews.com\/index.php\/2025\/03\/09\/nova-camisa-criacao-de-dois-novos-torneios-e-declaracao-de-matheuzinho-as-ultimas-noticias-do-cruzeiro\/#primaryimage"},"thumbnailUrl":"https:\/\/www.gaveanews.com\/wp-content\/uploads\/Escudo-do-Cruzeiro.webp","datePublished":"2025-03-09T10:15:00+00:00","author":{"@id":"https:\/\/www.gaveanews.com\/#\/schema\/person\/8207cd4627f56151707418bfc835b2fb"},"breadcrumb":{"@id":"https:\/\/www.gaveanews.com\/index.php\/2025\/03\/09\/nova-camisa-criacao-de-dois-novos-torneios-e-declaracao-de-matheuzinho-as-ultimas-noticias-do-cruzeiro\/#breadcrumb"},"inLanguage":"pt-BR","potentialAction":[{"@type":"ReadAction","target":["https:\/\/www.gaveanews.com\/index.php\/2025\/03\/09\/nova-camisa-criacao-de-dois-novos-torneios-e-declaracao-de-matheuzinho-as-ultimas-noticias-do-cruzeiro\/"]}]},{"@type":"ImageObject","inLanguage":"pt-BR","@id":"https:\/\/www.gaveanews.com\/index.php\/2025\/03\/09\/nova-camisa-criacao-de-dois-novos-torneios-e-declaracao-de-matheuzinho-as-ultimas-noticias-do-cruzeiro\/#primaryimage","url":"https:\/\/www.gaveanews.com\/wp-content\/uploads\/Escudo-do-Cruzeiro.webp","contentUrl":"https:\/\/www.gaveanews.com\/wp-content\/uploads\/Escudo-do-Cruzeiro.webp","width":1387,"height":924,"caption":"Escudo do Cruzeiro (Foto: Reprodu\u00e7\u00e3o\/Cruzeiro)"},{"@type":"BreadcrumbList","@id":"https:\/\/www.gaveanews.com\/index.php\/2025\/03\/09\/nova-camisa-criacao-de-dois-novos-torneios-e-declaracao-de-matheuzinho-as-ultimas-noticias-do-cruzeiro\/#breadcrumb","itemListElement":[{"@type":"ListItem","position":1,"name":"Home","item":"https:\/\/www.gaveanews.com\/"},{"@type":"ListItem","position":2,"name":"Nova camisa, cria\u00e7\u00e3o de dois novos torneios e declara\u00e7\u00e3o de Matheuzinho: as \u00faltimas not\u00edcias do Cruzeiro"}]},{"@type":"WebSite","@id":"https:\/\/www.gaveanews.com\/#website","url":"https:\/\/www.gaveanews.com\/","name":"G\u00e1vea News","description":"Veja todas as not\u00edcias sobre o Flamengo: Contrata\u00e7\u00f5es, categorias de base, resultados das partidas, tabela de classifica\u00e7\u00e3o, pr\u00f3ximos jogos!","potentialAction":[{"@type":"SearchAction","target":{"@type":"EntryPoint","urlTemplate":"https:\/\/www.gaveanews.com\/?s={search_term_string}"},"query-input":{"@type":"PropertyValueSpecification","valueRequired":true,"valueName":"search_term_string"}}],"inLanguage":"pt-BR"},{"@type":"Person","@id":"https:\/\/www.gaveanews.com\/#\/schema\/person\/8207cd4627f56151707418bfc835b2fb","name":"Matheus Felipe","image":{"@type":"ImageObject","inLanguage":"pt-BR","@id":"https:\/\/www.gaveanews.com\/#\/schema\/person\/image\/","url":"https:\/\/secure.gravatar.com\/avatar\/a452ffbed9130f726358b298bb3a99ce4bd3c5338411f8440e87e14d74c7c087?s=96&d=mm&r=g","contentUrl":"https:\/\/secure.gravatar.com\/avatar\/a452ffbed9130f726358b298bb3a99ce4bd3c5338411f8440e87e14d74c7c087?s=96&d=mm&r=g","caption":"Matheus Felipe"}}]}},"_links":{"self":[{"href":"https:\/\/www.gaveanews.com\/index.php\/wp-json\/wp\/v2\/posts\/237586","targetHints":{"allow":["GET"]}}],"collection":[{"href":"https:\/\/www.gaveanews.com\/index.php\/wp-json\/wp\/v2\/posts"}],"about":[{"href":"https:\/\/www.gaveanews.com\/index.php\/wp-json\/wp\/v2\/types\/post"}],"author":[{"embeddable":true,"href":"https:\/\/www.gaveanews.com\/index.php\/wp-json\/wp\/v2\/users\/27"}],"replies":[{"embeddable":true,"href":"https:\/\/www.gaveanews.com\/index.php\/wp-json\/wp\/v2\/comments?post=237586"}],"version-history":[{"count":1,"href":"https:\/\/www.gaveanews.com\/index.php\/wp-json\/wp\/v2\/posts\/237586\/revisions"}],"predecessor-version":[{"id":237603,"href":"https:\/\/www.gaveanews.com\/index.php\/wp-json\/wp\/v2\/posts\/237586\/revisions\/237603"}],"wp:featuredmedia":[{"embeddable":true,"href":"https:\/\/www.gaveanews.com\/index.php\/wp-json\/wp\/v2\/media\/165466"}],"wp:attachment":[{"href":"https:\/\/www.gaveanews.com\/index.php\/wp-json\/wp\/v2\/media?parent=237586"}],"wp:term":[{"taxonomy":"category","embeddable":true,"href":"https:\/\/www.gaveanews.com\/index.php\/wp-json\/wp\/v2\/categories?post=237586"},{"taxonomy":"post_tag","embeddable":true,"href":"https:\/\/www.gaveanews.com\/index.php\/wp-json\/wp\/v2\/tags?post=237586"}],"curies":[{"name":"wp","href":"https:\/\/api.w.org\/{rel}","templated":true}]}}