{"id":237595,"date":"2025-03-08T21:50:00","date_gmt":"2025-03-09T00:50:00","guid":{"rendered":"https:\/\/www.gaveanews.com\/?p=237595"},"modified":"2025-03-08T20:08:54","modified_gmt":"2025-03-08T23:08:54","slug":"fabinho-soldado-vai-realizar-mudancas-nos-bastidores-do-corinthians","status":"publish","type":"post","link":"https:\/\/www.gaveanews.com\/index.php\/2025\/03\/08\/fabinho-soldado-vai-realizar-mudancas-nos-bastidores-do-corinthians\/","title":{"rendered":"Fabinho Soldado vai realizar mudan\u00e7as nos bastidores do Corinthians"},"content":{"rendered":"\n<p>O Corinthians tem passado por significativas mudan\u00e7as estruturais e administrativas, especialmente no setor m\u00e9dico e na moderniza\u00e7\u00e3o do CT Joaquim Grava. As recentes altera\u00e7\u00f5es fazem parte de um planejamento mais amplo para otimizar o suporte aos atletas e melhorar as condi\u00e7\u00f5es de trabalho no clube.<\/p>\n\n\n\n<p>No departamento m\u00e9dico, duas mudan\u00e7as foram promovidas. A Dra. Ana Carolina C\u00f4rte permanece como chefe da equipe, mas agora conta com o refor\u00e7o do m\u00e9dico Jo\u00e3o Marcelo Silveira De Amorim, que j\u00e1 trabalhou em clubes como Botafogo e Flamengo, al\u00e9m da Sele\u00e7\u00e3o Brasileira. Outra altera\u00e7\u00e3o foi a promo\u00e7\u00e3o do Dr. Eures Soncini Facci, que atuava nas categorias de base e agora atender\u00e1 os jogadores do elenco principal.<\/p>\n\n\n\n<p>Para otimizar o atendimento aos atletas, o clube tamb\u00e9m intensificou o revezamento de m\u00e9dicos nos jogos. A partir de agora, sempre dois profissionais acompanhar\u00e3o a equipe em cada partida, tanto dentro quanto fora de casa. Nos \u00faltimos compromissos, essa estrat\u00e9gia j\u00e1 foi implementada, com os m\u00e9dicos se alternando na cobertura dos jogos. Paralelamente, o Dr. Leonardo Hirao, que estava h\u00e1 mais de um ano no clube, deixou seu posto.<\/p>\n\n\n\n<p>Al\u00e9m das mudan\u00e7as no setor m\u00e9dico, o Corinthians tem investido na moderniza\u00e7\u00e3o do CT Joaquim Grava. O clube iniciou reformas em vesti\u00e1rios e na \u00e1rea de recupera\u00e7\u00e3o dos atletas, al\u00e9m de adquirir novos equipamentos para proporcionar melhores condi\u00e7\u00f5es de treinamento. Tamb\u00e9m foram inauguradas novas salas destinadas \u00e0 comiss\u00e3o t\u00e9cnica, ao departamento de an\u00e1lise de mercado e \u00e0 psicologia.<\/p>\n\n\n\n<p>Entre as novidades, destaca-se a cria\u00e7\u00e3o de um departamento exclusivo de sa\u00fade mental. O projeto conta com o aval do executivo Fabinho Soldado e est\u00e1 sendo desenvolvido pelo preparador f\u00edsico Diego Pereira, pela psic\u00f3loga Anahy Couto e pelo treinador mental Lulinha Tavares. A iniciativa busca dar mais suporte psicol\u00f3gico aos jogadores para que possam render melhor dentro de campo.<\/p>\n\n\n\n<p>O clube tamb\u00e9m est\u00e1 implementando melhorias na log\u00edstica de viagens, aumentando o n\u00famero de profissionais de suporte nas delega\u00e7\u00f5es e promovendo mudan\u00e7as para garantir mais privacidade aos jogadores em hot\u00e9is. Al\u00e9m disso, ser\u00e1 instalada ilumina\u00e7\u00e3o artificial em um dos campos do CT, permitindo treinos em hor\u00e1rios mais flex\u00edveis. Com todas essas mudan\u00e7as, o Corinthians busca modernizar sua estrutura e recuperar sua posi\u00e7\u00e3o de destaque no futebol brasileiro.<\/p>\n","protected":false},"excerpt":{"rendered":"<p>O Corinthians tem passado por significativas mudan\u00e7as estruturais e administrativas, especialmente no setor m\u00e9dico e na moderniza\u00e7\u00e3o do CT Joaquim Grava. As recentes altera\u00e7\u00f5es fazem parte de um planejamento mais amplo para otimizar o suporte aos atletas e melhorar as condi\u00e7\u00f5es de trabalho no clube. No departamento m\u00e9dico, duas mudan\u00e7as foram promovidas. A Dra. Ana [&hellip;]<\/p>\n","protected":false},"author":18,"featured_media":146952,"comment_status":"open","ping_status":"closed","sticky":false,"template":"","format":"standard","meta":{"footnotes":""},"categories":[1],"tags":[],"class_list":["post-237595","post","type-post","status-publish","format-standard","has-post-thumbnail","hentry","category-flamengo"],"yoast_head":"<!-- This site is optimized with the Yoast SEO Premium plugin v24.2 (Yoast SEO v26.9) - https:\/\/yoast.com\/product\/yoast-seo-premium-wordpress\/ -->\n<title>Fabinho Soldado vai realizar mudan\u00e7as nos bastidores do Corinthians<\/title>\n<meta name=\"robots\" content=\"index, follow, max-snippet:-1, max-image-preview:large, max-video-preview:-1\" \/>\n<link rel=\"canonical\" href=\"https:\/\/www.gaveanews.com\/index.php\/2025\/03\/08\/fabinho-soldado-vai-realizar-mudancas-nos-bastidores-do-corinthians\/\" \/>\n<meta property=\"og:locale\" content=\"pt_BR\" \/>\n<meta property=\"og:type\" content=\"article\" \/>\n<meta property=\"og:title\" content=\"Fabinho Soldado vai realizar mudan\u00e7as nos bastidores do Corinthians\" \/>\n<meta property=\"og:description\" content=\"O Corinthians tem passado por significativas mudan\u00e7as estruturais e administrativas, especialmente no setor m\u00e9dico e na moderniza\u00e7\u00e3o do CT Joaquim Grava. As recentes altera\u00e7\u00f5es fazem parte de um planejamento mais amplo para otimizar o suporte aos atletas e melhorar as condi\u00e7\u00f5es de trabalho no clube. No departamento m\u00e9dico, duas mudan\u00e7as foram promovidas. A Dra. Ana [&hellip;]\" \/>\n<meta property=\"og:url\" content=\"https:\/\/www.gaveanews.com\/index.php\/2025\/03\/08\/fabinho-soldado-vai-realizar-mudancas-nos-bastidores-do-corinthians\/\" \/>\n<meta property=\"og:site_name\" content=\"G\u00e1vea News\" \/>\n<meta property=\"article:publisher\" content=\"https:\/\/facebook.com\/gaveaNews\/\" \/>\n<meta property=\"article:published_time\" content=\"2025-03-09T00:50:00+00:00\" \/>\n<meta property=\"og:image\" content=\"https:\/\/www.gaveanews.com\/wp-content\/uploads\/Bandeira-do-Corinthians.webp\" \/>\n\t<meta property=\"og:image:width\" content=\"1048\" \/>\n\t<meta property=\"og:image:height\" content=\"699\" \/>\n\t<meta property=\"og:image:type\" content=\"image\/webp\" \/>\n<meta name=\"author\" content=\"Paula Silva\" \/>\n<meta name=\"twitter:card\" content=\"summary_large_image\" \/>\n<meta name=\"twitter:label1\" content=\"Escrito por\" \/>\n\t<meta name=\"twitter:data1\" content=\"Paula Silva\" \/>\n\t<meta name=\"twitter:label2\" content=\"Est. tempo de leitura\" \/>\n\t<meta name=\"twitter:data2\" content=\"3 minutos\" \/>\n<script type=\"application\/ld+json\" class=\"yoast-schema-graph\">{\"@context\":\"https:\/\/schema.org\",\"@graph\":[{\"@type\":\"NewsArticle\",\"@id\":\"https:\/\/www.gaveanews.com\/index.php\/2025\/03\/08\/fabinho-soldado-vai-realizar-mudancas-nos-bastidores-do-corinthians\/#article\",\"isPartOf\":{\"@id\":\"https:\/\/www.gaveanews.com\/index.php\/2025\/03\/08\/fabinho-soldado-vai-realizar-mudancas-nos-bastidores-do-corinthians\/\"},\"author\":{\"name\":\"Paula Silva\",\"@id\":\"https:\/\/www.gaveanews.com\/#\/schema\/person\/daf63eec72e1164eb13dc35096c2b8da\"},\"headline\":\"Fabinho Soldado vai realizar mudan\u00e7as nos bastidores do Corinthians\",\"datePublished\":\"2025-03-09T00:50:00+00:00\",\"mainEntityOfPage\":{\"@id\":\"https:\/\/www.gaveanews.com\/index.php\/2025\/03\/08\/fabinho-soldado-vai-realizar-mudancas-nos-bastidores-do-corinthians\/\"},\"wordCount\":422,\"commentCount\":0,\"image\":{\"@id\":\"https:\/\/www.gaveanews.com\/index.php\/2025\/03\/08\/fabinho-soldado-vai-realizar-mudancas-nos-bastidores-do-corinthians\/#primaryimage\"},\"thumbnailUrl\":\"https:\/\/www.gaveanews.com\/wp-content\/uploads\/Bandeira-do-Corinthians.webp\",\"articleSection\":[\"Flamengo\"],\"inLanguage\":\"pt-BR\",\"potentialAction\":[{\"@type\":\"CommentAction\",\"name\":\"Comment\",\"target\":[\"https:\/\/www.gaveanews.com\/index.php\/2025\/03\/08\/fabinho-soldado-vai-realizar-mudancas-nos-bastidores-do-corinthians\/#respond\"]}],\"copyrightYear\":\"2025\",\"copyrightHolder\":{\"@id\":\"https:\/\/www.gaveanews.com\/#organization\"}},{\"@type\":\"WebPage\",\"@id\":\"https:\/\/www.gaveanews.com\/index.php\/2025\/03\/08\/fabinho-soldado-vai-realizar-mudancas-nos-bastidores-do-corinthians\/\",\"url\":\"https:\/\/www.gaveanews.com\/index.php\/2025\/03\/08\/fabinho-soldado-vai-realizar-mudancas-nos-bastidores-do-corinthians\/\",\"name\":\"Fabinho Soldado vai realizar mudan\u00e7as nos bastidores do Corinthians\",\"isPartOf\":{\"@id\":\"https:\/\/www.gaveanews.com\/#website\"},\"primaryImageOfPage\":{\"@id\":\"https:\/\/www.gaveanews.com\/index.php\/2025\/03\/08\/fabinho-soldado-vai-realizar-mudancas-nos-bastidores-do-corinthians\/#primaryimage\"},\"image\":{\"@id\":\"https:\/\/www.gaveanews.com\/index.php\/2025\/03\/08\/fabinho-soldado-vai-realizar-mudancas-nos-bastidores-do-corinthians\/#primaryimage\"},\"thumbnailUrl\":\"https:\/\/www.gaveanews.com\/wp-content\/uploads\/Bandeira-do-Corinthians.webp\",\"datePublished\":\"2025-03-09T00:50:00+00:00\",\"author\":{\"@id\":\"https:\/\/www.gaveanews.com\/#\/schema\/person\/daf63eec72e1164eb13dc35096c2b8da\"},\"breadcrumb\":{\"@id\":\"https:\/\/www.gaveanews.com\/index.php\/2025\/03\/08\/fabinho-soldado-vai-realizar-mudancas-nos-bastidores-do-corinthians\/#breadcrumb\"},\"inLanguage\":\"pt-BR\",\"potentialAction\":[{\"@type\":\"ReadAction\",\"target\":[\"https:\/\/www.gaveanews.com\/index.php\/2025\/03\/08\/fabinho-soldado-vai-realizar-mudancas-nos-bastidores-do-corinthians\/\"]}]},{\"@type\":\"ImageObject\",\"inLanguage\":\"pt-BR\",\"@id\":\"https:\/\/www.gaveanews.com\/index.php\/2025\/03\/08\/fabinho-soldado-vai-realizar-mudancas-nos-bastidores-do-corinthians\/#primaryimage\",\"url\":\"https:\/\/www.gaveanews.com\/wp-content\/uploads\/Bandeira-do-Corinthians.webp\",\"contentUrl\":\"https:\/\/www.gaveanews.com\/wp-content\/uploads\/Bandeira-do-Corinthians.webp\",\"width\":1048,\"height\":699,\"caption\":\"Bandeira do Corinthians (Foto Reprodu\u00e7\u00e3o\/Instagram)\"},{\"@type\":\"BreadcrumbList\",\"@id\":\"https:\/\/www.gaveanews.com\/index.php\/2025\/03\/08\/fabinho-soldado-vai-realizar-mudancas-nos-bastidores-do-corinthians\/#breadcrumb\",\"itemListElement\":[{\"@type\":\"ListItem\",\"position\":1,\"name\":\"Home\",\"item\":\"https:\/\/www.gaveanews.com\/\"},{\"@type\":\"ListItem\",\"position\":2,\"name\":\"Fabinho Soldado vai realizar mudan\u00e7as nos bastidores do Corinthians\"}]},{\"@type\":\"WebSite\",\"@id\":\"https:\/\/www.gaveanews.com\/#website\",\"url\":\"https:\/\/www.gaveanews.com\/\",\"name\":\"G\u00e1vea News\",\"description\":\"Veja todas as not\u00edcias sobre o Flamengo: Contrata\u00e7\u00f5es, categorias de base, resultados das partidas, tabela de classifica\u00e7\u00e3o, pr\u00f3ximos jogos!\",\"potentialAction\":[{\"@type\":\"SearchAction\",\"target\":{\"@type\":\"EntryPoint\",\"urlTemplate\":\"https:\/\/www.gaveanews.com\/?s={search_term_string}\"},\"query-input\":{\"@type\":\"PropertyValueSpecification\",\"valueRequired\":true,\"valueName\":\"search_term_string\"}}],\"inLanguage\":\"pt-BR\"},{\"@type\":\"Person\",\"@id\":\"https:\/\/www.gaveanews.com\/#\/schema\/person\/daf63eec72e1164eb13dc35096c2b8da\",\"name\":\"Paula Silva\",\"image\":{\"@type\":\"ImageObject\",\"inLanguage\":\"pt-BR\",\"@id\":\"https:\/\/www.gaveanews.com\/#\/schema\/person\/image\/\",\"url\":\"https:\/\/secure.gravatar.com\/avatar\/eda381c845527cc5d64c13b901833cda29d97500ba040d3e6461f76f51d163bb?s=96&d=mm&r=g\",\"contentUrl\":\"https:\/\/secure.gravatar.com\/avatar\/eda381c845527cc5d64c13b901833cda29d97500ba040d3e6461f76f51d163bb?s=96&d=mm&r=g\",\"caption\":\"Paula Silva\"}}]}<\/script>\n<!-- \/ Yoast SEO Premium plugin. -->","yoast_head_json":{"title":"Fabinho Soldado vai realizar mudan\u00e7as nos bastidores do Corinthians","robots":{"index":"index","follow":"follow","max-snippet":"max-snippet:-1","max-image-preview":"max-image-preview:large","max-video-preview":"max-video-preview:-1"},"canonical":"https:\/\/www.gaveanews.com\/index.php\/2025\/03\/08\/fabinho-soldado-vai-realizar-mudancas-nos-bastidores-do-corinthians\/","og_locale":"pt_BR","og_type":"article","og_title":"Fabinho Soldado vai realizar mudan\u00e7as nos bastidores do Corinthians","og_description":"O Corinthians tem passado por significativas mudan\u00e7as estruturais e administrativas, especialmente no setor m\u00e9dico e na moderniza\u00e7\u00e3o do CT Joaquim Grava. As recentes altera\u00e7\u00f5es fazem parte de um planejamento mais amplo para otimizar o suporte aos atletas e melhorar as condi\u00e7\u00f5es de trabalho no clube. No departamento m\u00e9dico, duas mudan\u00e7as foram promovidas. A Dra. Ana [&hellip;]","og_url":"https:\/\/www.gaveanews.com\/index.php\/2025\/03\/08\/fabinho-soldado-vai-realizar-mudancas-nos-bastidores-do-corinthians\/","og_site_name":"G\u00e1vea News","article_publisher":"https:\/\/facebook.com\/gaveaNews\/","article_published_time":"2025-03-09T00:50:00+00:00","og_image":[{"width":1048,"height":699,"url":"https:\/\/www.gaveanews.com\/wp-content\/uploads\/Bandeira-do-Corinthians.webp","type":"image\/webp"}],"author":"Paula Silva","twitter_card":"summary_large_image","twitter_misc":{"Escrito por":"Paula Silva","Est. tempo de leitura":"3 minutos"},"schema":{"@context":"https:\/\/schema.org","@graph":[{"@type":"NewsArticle","@id":"https:\/\/www.gaveanews.com\/index.php\/2025\/03\/08\/fabinho-soldado-vai-realizar-mudancas-nos-bastidores-do-corinthians\/#article","isPartOf":{"@id":"https:\/\/www.gaveanews.com\/index.php\/2025\/03\/08\/fabinho-soldado-vai-realizar-mudancas-nos-bastidores-do-corinthians\/"},"author":{"name":"Paula Silva","@id":"https:\/\/www.gaveanews.com\/#\/schema\/person\/daf63eec72e1164eb13dc35096c2b8da"},"headline":"Fabinho Soldado vai realizar mudan\u00e7as nos bastidores do Corinthians","datePublished":"2025-03-09T00:50:00+00:00","mainEntityOfPage":{"@id":"https:\/\/www.gaveanews.com\/index.php\/2025\/03\/08\/fabinho-soldado-vai-realizar-mudancas-nos-bastidores-do-corinthians\/"},"wordCount":422,"commentCount":0,"image":{"@id":"https:\/\/www.gaveanews.com\/index.php\/2025\/03\/08\/fabinho-soldado-vai-realizar-mudancas-nos-bastidores-do-corinthians\/#primaryimage"},"thumbnailUrl":"https:\/\/www.gaveanews.com\/wp-content\/uploads\/Bandeira-do-Corinthians.webp","articleSection":["Flamengo"],"inLanguage":"pt-BR","potentialAction":[{"@type":"CommentAction","name":"Comment","target":["https:\/\/www.gaveanews.com\/index.php\/2025\/03\/08\/fabinho-soldado-vai-realizar-mudancas-nos-bastidores-do-corinthians\/#respond"]}],"copyrightYear":"2025","copyrightHolder":{"@id":"https:\/\/www.gaveanews.com\/#organization"}},{"@type":"WebPage","@id":"https:\/\/www.gaveanews.com\/index.php\/2025\/03\/08\/fabinho-soldado-vai-realizar-mudancas-nos-bastidores-do-corinthians\/","url":"https:\/\/www.gaveanews.com\/index.php\/2025\/03\/08\/fabinho-soldado-vai-realizar-mudancas-nos-bastidores-do-corinthians\/","name":"Fabinho Soldado vai realizar mudan\u00e7as nos bastidores do Corinthians","isPartOf":{"@id":"https:\/\/www.gaveanews.com\/#website"},"primaryImageOfPage":{"@id":"https:\/\/www.gaveanews.com\/index.php\/2025\/03\/08\/fabinho-soldado-vai-realizar-mudancas-nos-bastidores-do-corinthians\/#primaryimage"},"image":{"@id":"https:\/\/www.gaveanews.com\/index.php\/2025\/03\/08\/fabinho-soldado-vai-realizar-mudancas-nos-bastidores-do-corinthians\/#primaryimage"},"thumbnailUrl":"https:\/\/www.gaveanews.com\/wp-content\/uploads\/Bandeira-do-Corinthians.webp","datePublished":"2025-03-09T00:50:00+00:00","author":{"@id":"https:\/\/www.gaveanews.com\/#\/schema\/person\/daf63eec72e1164eb13dc35096c2b8da"},"breadcrumb":{"@id":"https:\/\/www.gaveanews.com\/index.php\/2025\/03\/08\/fabinho-soldado-vai-realizar-mudancas-nos-bastidores-do-corinthians\/#breadcrumb"},"inLanguage":"pt-BR","potentialAction":[{"@type":"ReadAction","target":["https:\/\/www.gaveanews.com\/index.php\/2025\/03\/08\/fabinho-soldado-vai-realizar-mudancas-nos-bastidores-do-corinthians\/"]}]},{"@type":"ImageObject","inLanguage":"pt-BR","@id":"https:\/\/www.gaveanews.com\/index.php\/2025\/03\/08\/fabinho-soldado-vai-realizar-mudancas-nos-bastidores-do-corinthians\/#primaryimage","url":"https:\/\/www.gaveanews.com\/wp-content\/uploads\/Bandeira-do-Corinthians.webp","contentUrl":"https:\/\/www.gaveanews.com\/wp-content\/uploads\/Bandeira-do-Corinthians.webp","width":1048,"height":699,"caption":"Bandeira do Corinthians (Foto Reprodu\u00e7\u00e3o\/Instagram)"},{"@type":"BreadcrumbList","@id":"https:\/\/www.gaveanews.com\/index.php\/2025\/03\/08\/fabinho-soldado-vai-realizar-mudancas-nos-bastidores-do-corinthians\/#breadcrumb","itemListElement":[{"@type":"ListItem","position":1,"name":"Home","item":"https:\/\/www.gaveanews.com\/"},{"@type":"ListItem","position":2,"name":"Fabinho Soldado vai realizar mudan\u00e7as nos bastidores do Corinthians"}]},{"@type":"WebSite","@id":"https:\/\/www.gaveanews.com\/#website","url":"https:\/\/www.gaveanews.com\/","name":"G\u00e1vea News","description":"Veja todas as not\u00edcias sobre o Flamengo: Contrata\u00e7\u00f5es, categorias de base, resultados das partidas, tabela de classifica\u00e7\u00e3o, pr\u00f3ximos jogos!","potentialAction":[{"@type":"SearchAction","target":{"@type":"EntryPoint","urlTemplate":"https:\/\/www.gaveanews.com\/?s={search_term_string}"},"query-input":{"@type":"PropertyValueSpecification","valueRequired":true,"valueName":"search_term_string"}}],"inLanguage":"pt-BR"},{"@type":"Person","@id":"https:\/\/www.gaveanews.com\/#\/schema\/person\/daf63eec72e1164eb13dc35096c2b8da","name":"Paula Silva","image":{"@type":"ImageObject","inLanguage":"pt-BR","@id":"https:\/\/www.gaveanews.com\/#\/schema\/person\/image\/","url":"https:\/\/secure.gravatar.com\/avatar\/eda381c845527cc5d64c13b901833cda29d97500ba040d3e6461f76f51d163bb?s=96&d=mm&r=g","contentUrl":"https:\/\/secure.gravatar.com\/avatar\/eda381c845527cc5d64c13b901833cda29d97500ba040d3e6461f76f51d163bb?s=96&d=mm&r=g","caption":"Paula Silva"}}]}},"_links":{"self":[{"href":"https:\/\/www.gaveanews.com\/index.php\/wp-json\/wp\/v2\/posts\/237595","targetHints":{"allow":["GET"]}}],"collection":[{"href":"https:\/\/www.gaveanews.com\/index.php\/wp-json\/wp\/v2\/posts"}],"about":[{"href":"https:\/\/www.gaveanews.com\/index.php\/wp-json\/wp\/v2\/types\/post"}],"author":[{"embeddable":true,"href":"https:\/\/www.gaveanews.com\/index.php\/wp-json\/wp\/v2\/users\/18"}],"replies":[{"embeddable":true,"href":"https:\/\/www.gaveanews.com\/index.php\/wp-json\/wp\/v2\/comments?post=237595"}],"version-history":[{"count":1,"href":"https:\/\/www.gaveanews.com\/index.php\/wp-json\/wp\/v2\/posts\/237595\/revisions"}],"predecessor-version":[{"id":237614,"href":"https:\/\/www.gaveanews.com\/index.php\/wp-json\/wp\/v2\/posts\/237595\/revisions\/237614"}],"wp:featuredmedia":[{"embeddable":true,"href":"https:\/\/www.gaveanews.com\/index.php\/wp-json\/wp\/v2\/media\/146952"}],"wp:attachment":[{"href":"https:\/\/www.gaveanews.com\/index.php\/wp-json\/wp\/v2\/media?parent=237595"}],"wp:term":[{"taxonomy":"category","embeddable":true,"href":"https:\/\/www.gaveanews.com\/index.php\/wp-json\/wp\/v2\/categories?post=237595"},{"taxonomy":"post_tag","embeddable":true,"href":"https:\/\/www.gaveanews.com\/index.php\/wp-json\/wp\/v2\/tags?post=237595"}],"curies":[{"name":"wp","href":"https:\/\/api.w.org\/{rel}","templated":true}]}}