{"id":237600,"date":"2025-03-09T07:20:00","date_gmt":"2025-03-09T10:20:00","guid":{"rendered":"https:\/\/www.gaveanews.com\/?p=237600"},"modified":"2025-03-08T18:35:15","modified_gmt":"2025-03-08T21:35:15","slug":"final-do-paulistao-problema-desagradavel-e-declaracao-do-craque-neto-as-ultimas-noticias-do-corinthians","status":"publish","type":"post","link":"https:\/\/www.gaveanews.com\/index.php\/2025\/03\/09\/final-do-paulistao-problema-desagradavel-e-declaracao-do-craque-neto-as-ultimas-noticias-do-corinthians\/","title":{"rendered":"Final do Paulist\u00e3o, problema desagrad\u00e1vel e declara\u00e7\u00e3o do Craque Neto: as \u00faltimas not\u00edcias do Corinthians"},"content":{"rendered":"\n<p>Nas \u00faltimas horas, o foco das not\u00edcias sobre o Corinthians se concentram nos bastidores do clube, com destaques do dia a dia do time.<\/p>\n\n\n\n<p>Por conta deste contexto, leia abaixo um resumo preparado pela equipe do portal G\u00e1vea News para lhe manter muito bem informado!<\/p>\n\n\n\n<div class=\"wp-block-group\"><div class=\"wp-block-group__inner-container is-layout-constrained wp-block-group-is-layout-constrained\">\n<h2 class=\"wp-block-heading\" id=\"h-declaracao-do-craque-neto\">Declara\u00e7\u00e3o do Craque Neto<\/h2>\n\n\n\n<p>Durante o programa <em>Os Donos da Bola<\/em>, o ex-jogador e comentarista Craque Neto destacou a import\u00e2ncia da torcida corintiana nos pr\u00f3ximos desafios do clube. Ele alertou sobre a press\u00e3o que o Corinthians enfrentaria contra o Barcelona de Guayaquil no Equador, ressaltando a for\u00e7a da torcida advers\u00e1ria. No entanto, Neto tamb\u00e9m enfatizou que a Fiel Torcida ser\u00e1 essencial no jogo de volta da Libertadores e na semifinal do Campeonato Paulista contra o Santos, refor\u00e7ando que o apoio das arquibancadas pode ser decisivo para o time <strong><a href=\"https:\/\/www.gaveanews.com\/index.php\/2025\/03\/05\/a-declaracao-do-craque-neto-direcionada-a-torcida-do-corinthians-2\/\">(leia a mat\u00e9ria completa).<\/a><\/strong><\/p>\n\n\n\n<figure class=\"wp-block-image size-full\"><img loading=\"lazy\" decoding=\"async\" width=\"846\" height=\"476\" src=\"http:\/\/www.gaveanews.com\/wp-content\/uploads\/Comentarista-Neto-em-programa-da-Band.webp\" alt=\"\" class=\"wp-image-71983\" srcset=\"https:\/\/www.gaveanews.com\/wp-content\/uploads\/Comentarista-Neto-em-programa-da-Band.webp 846w, https:\/\/www.gaveanews.com\/wp-content\/uploads\/Comentarista-Neto-em-programa-da-Band-300x169.webp 300w, https:\/\/www.gaveanews.com\/wp-content\/uploads\/Comentarista-Neto-em-programa-da-Band-768x432.webp 768w, https:\/\/www.gaveanews.com\/wp-content\/uploads\/Comentarista-Neto-em-programa-da-Band-746x420.webp 746w, https:\/\/www.gaveanews.com\/wp-content\/uploads\/Comentarista-Neto-em-programa-da-Band-640x360.webp 640w, https:\/\/www.gaveanews.com\/wp-content\/uploads\/Comentarista-Neto-em-programa-da-Band-681x383.webp 681w, https:\/\/www.gaveanews.com\/wp-content\/uploads\/Comentarista-Neto-em-programa-da-Band-100x56.webp 100w\" sizes=\"auto, (max-width: 846px) 100vw, 846px\" \/><figcaption class=\"wp-element-caption\">Comentarista Neto em programa da Band (Foto: Reprodu\u00e7\u00e3o\/Band)<\/figcaption><\/figure>\n\n\n\n<p>Al\u00e9m de exaltar a torcida, Neto fez uma an\u00e1lise cr\u00edtica sobre a trajet\u00f3ria do Corinthians na Libertadores, lembrando que o clube s\u00f3 disputou uma final na hist\u00f3ria, conquistando o t\u00edtulo em 2012. Segundo ele, a equipe ainda busca consolidar sua tradi\u00e7\u00e3o na competi\u00e7\u00e3o sul-americana. <\/p>\n\n\n\n<p>O comentarista tamb\u00e9m mencionou a participa\u00e7\u00e3o dos Gavi\u00f5es da Fiel no carnaval paulista, parabenizando a torcida pela conquista do terceiro lugar no desfile, o que, para ele, refor\u00e7a a paix\u00e3o e o envolvimento da Fiel em diversos momentos.<\/p>\n\n\n\n<p>Com partidas decisivas pela frente, o Corinthians conta com sua torcida para reverter a desvantagem na Libertadores e avan\u00e7ar no Paulist\u00e3o. Neto acredita que a energia dos torcedores pode ser um diferencial para impulsionar o time e superar os desafios que est\u00e3o por vir, especialmente dentro da Neo Qu\u00edmica Arena.<\/p>\n\n\n\n<h2 class=\"wp-block-heading\" id=\"h-problema-desagradavel\">Problema desagrad\u00e1vel<\/h2>\n\n\n\n<p>Antes do confronto contra o Barcelona-EQU pela fase preliminar da Libertadores, o Corinthians enfrentou um contratempo inesperado no Equador. Fortes chuvas alagaram o vesti\u00e1rio destinado \u00e0 equipe visitante no Est\u00e1dio Monumental Isidro Romero Carbo, for\u00e7ando o time a improvisar sua prepara\u00e7\u00e3o em uma sala de entrevistas. A situa\u00e7\u00e3o gerou desconforto entre jogadores e comiss\u00e3o t\u00e9cnica, afetando a concentra\u00e7\u00e3o para a partida. Mesmo com as dificuldades, a equipe buscou minimizar os impactos e seguiu para o jogo decisivo <strong><a href=\"https:\/\/www.gaveanews.com\/index.php\/2025\/03\/06\/libertadores-corinthians-enfrenta-problema-desagradavel-no-equador\/\">(leia a mat\u00e9ria completa).<\/a><\/strong><\/p>\n\n\n\n<figure class=\"wp-block-image size-large\"><img loading=\"lazy\" decoding=\"async\" width=\"1024\" height=\"640\" src=\"http:\/\/www.gaveanews.com\/wp-content\/uploads\/01gx90cs775egcrqn617-1-aspect-ratio-512-320-1024x640.webp\" alt=\"\" class=\"wp-image-161999\" srcset=\"https:\/\/www.gaveanews.com\/wp-content\/uploads\/01gx90cs775egcrqn617-1-aspect-ratio-512-320-1024x640.webp 1024w, https:\/\/www.gaveanews.com\/wp-content\/uploads\/01gx90cs775egcrqn617-1-aspect-ratio-512-320-300x188.webp 300w, https:\/\/www.gaveanews.com\/wp-content\/uploads\/01gx90cs775egcrqn617-1-aspect-ratio-512-320-768x480.webp 768w, https:\/\/www.gaveanews.com\/wp-content\/uploads\/01gx90cs775egcrqn617-1-aspect-ratio-512-320-672x420.webp 672w, https:\/\/www.gaveanews.com\/wp-content\/uploads\/01gx90cs775egcrqn617-1-aspect-ratio-512-320-640x400.webp 640w, https:\/\/www.gaveanews.com\/wp-content\/uploads\/01gx90cs775egcrqn617-1-aspect-ratio-512-320-681x426.webp 681w, https:\/\/www.gaveanews.com\/wp-content\/uploads\/01gx90cs775egcrqn617-1-aspect-ratio-512-320-100x63.webp 100w, https:\/\/www.gaveanews.com\/wp-content\/uploads\/01gx90cs775egcrqn617-1-aspect-ratio-512-320.webp 1080w\" sizes=\"auto, (max-width: 1024px) 100vw, 1024px\" \/><figcaption class=\"wp-element-caption\">Ta\u00e7a da Libertadores. (Foto: Divulga\u00e7\u00e3o)\n<\/figcaption><\/figure>\n\n\n\n<p>Dentro de campo, o Tim\u00e3o n\u00e3o conseguiu superar o cen\u00e1rio adverso e teve um desempenho abaixo do esperado, sendo derrotado por 3 a 0. O Barcelona-EQU dominou as a\u00e7\u00f5es do in\u00edcio ao fim, aproveitando as falhas defensivas do Corinthians. Corozo marcou duas vezes, e Rivero fechou o placar, deixando a equipe paulista em uma situa\u00e7\u00e3o delicada na competi\u00e7\u00e3o. Agora, para avan\u00e7ar \u00e0 fase de grupos, o time precisar\u00e1 vencer por quatro gols de diferen\u00e7a no jogo de volta, em Itaquera. Caso ven\u00e7a por tr\u00eas, a decis\u00e3o ser\u00e1 nos p\u00eanaltis.<\/p>\n\n\n\n<p>A miss\u00e3o corintiana n\u00e3o ser\u00e1 f\u00e1cil, e o clube j\u00e1 trabalha para ajustar sua estrat\u00e9gia e buscar uma atua\u00e7\u00e3o mais consistente diante de sua torcida. A equipe espera transformar a Neo Qu\u00edmica Arena em um ambiente de press\u00e3o para o advers\u00e1rio e buscar uma virada hist\u00f3rica. Com o apoio da Fiel Torcida, o Corinthians tentar\u00e1 superar os desafios e manter vivo o sonho de avan\u00e7ar na Libertadores.<\/p>\n\n\n\n<h2 class=\"wp-block-heading\" id=\"h-final-do-paulistao\">Final do Paulist\u00e3o<\/h2>\n\n\n\n<p>A reta final do Campeonato Paulista poder\u00e1 ser impactada pela convoca\u00e7\u00e3o da Sele\u00e7\u00e3o Brasileira para as Eliminat\u00f3rias da Copa do Mundo. O t\u00e9cnico Dorival J\u00fanior incluiu oito jogadores de clubes paulistas em sua pr\u00e9-lista, o que pode resultar em desfalques importantes na decis\u00e3o do estadual, especialmente na partida de volta, marcada para o dia 27 de mar\u00e7o. Os atletas convocados atuar\u00e3o contra Col\u00f4mbia e Argentina nos dias 20 e 25, retornando sem tempo h\u00e1bil para recupera\u00e7\u00e3o f\u00edsica <strong><a href=\"https:\/\/www.gaveanews.com\/index.php\/2025\/03\/06\/final-do-paulistao-sera-marcada-por-desfalques\/\">(leia a mat\u00e9ria completa).<\/a><\/strong><\/p>\n\n\n\n<figure class=\"wp-block-image size-large\"><img loading=\"lazy\" decoding=\"async\" width=\"1024\" height=\"576\" src=\"http:\/\/www.gaveanews.com\/wp-content\/uploads\/Logo-do-Campeonato-Paulista-de-Futebol-1024x576.webp\" alt=\"\" class=\"wp-image-177666\" srcset=\"https:\/\/www.gaveanews.com\/wp-content\/uploads\/Logo-do-Campeonato-Paulista-de-Futebol-1024x576.webp 1024w, https:\/\/www.gaveanews.com\/wp-content\/uploads\/Logo-do-Campeonato-Paulista-de-Futebol-300x169.webp 300w, https:\/\/www.gaveanews.com\/wp-content\/uploads\/Logo-do-Campeonato-Paulista-de-Futebol-768x432.webp 768w, https:\/\/www.gaveanews.com\/wp-content\/uploads\/Logo-do-Campeonato-Paulista-de-Futebol-747x420.webp 747w, https:\/\/www.gaveanews.com\/wp-content\/uploads\/Logo-do-Campeonato-Paulista-de-Futebol-640x360.webp 640w, https:\/\/www.gaveanews.com\/wp-content\/uploads\/Logo-do-Campeonato-Paulista-de-Futebol-681x383.webp 681w, https:\/\/www.gaveanews.com\/wp-content\/uploads\/Logo-do-Campeonato-Paulista-de-Futebol-100x56.webp 100w, https:\/\/www.gaveanews.com\/wp-content\/uploads\/Logo-do-Campeonato-Paulista-de-Futebol.webp 1280w\" sizes=\"auto, (max-width: 1024px) 100vw, 1024px\" \/><figcaption class=\"wp-element-caption\">Logo do Campeonato Paulista de Futebol (Foto: Reprodu\u00e7\u00e3o)<\/figcaption><\/figure>\n\n\n\n<p>Entre os pr\u00e9-convocados, est\u00e3o tr\u00eas jogadores do S\u00e3o Paulo (Alisson, Oscar e Lucas), dois do Palmeiras (Weverton e Estev\u00e3o), dois do Corinthians (Hugo Souza e Yuri Alberto) e um do Santos (Neymar). Al\u00e9m do Paulist\u00e3o, os times tamb\u00e9m precisar\u00e3o lidar com a estreia no Campeonato Brasileiro, prevista para a mesma semana da final estadual. Caso Palmeiras e Corinthians avancem \u00e0 decis\u00e3o, a data da partida pode ser alterada para o dia 26, a fim de minimizar o impacto nos compromissos seguintes.<\/p>\n\n\n\n<p>A situa\u00e7\u00e3o reacende o debate sobre a necessidade de ajustes no calend\u00e1rio do futebol brasileiro, j\u00e1 que a disputa entre interesses da Sele\u00e7\u00e3o e dos clubes segue sendo um dilema recorrente. A lista definitiva de Dorival ser\u00e1 divulgada no dia 7 de mar\u00e7o, o que ajudar\u00e1 a definir o planejamento dos times para o Paulist\u00e3o e o in\u00edcio do Brasileir\u00e3o. At\u00e9 l\u00e1, a incerteza sobre quais jogadores estar\u00e3o dispon\u00edveis segue como um fator de preocupa\u00e7\u00e3o para as equipes envolvidas na reta decisiva do torneio.<\/p>\n<\/div><\/div>\n","protected":false},"excerpt":{"rendered":"<p>Nas \u00faltimas horas, o foco das not\u00edcias sobre o Corinthians se concentram nos bastidores do clube, com destaques do dia a dia do time. Por conta deste contexto, leia abaixo um resumo preparado pela equipe do portal G\u00e1vea News para lhe manter muito bem informado! Declara\u00e7\u00e3o do Craque Neto Durante o programa Os Donos da [&hellip;]<\/p>\n","protected":false},"author":27,"featured_media":154473,"comment_status":"open","ping_status":"closed","sticky":false,"template":"","format":"standard","meta":{"footnotes":""},"categories":[141],"tags":[],"class_list":["post-237600","post","type-post","status-publish","format-standard","has-post-thumbnail","hentry","category-corinthians"],"yoast_head":"<!-- This site is optimized with the Yoast SEO Premium plugin v24.2 (Yoast SEO v26.9) - https:\/\/yoast.com\/product\/yoast-seo-premium-wordpress\/ -->\n<title>Final do Paulist\u00e3o, problema desagrad\u00e1vel e declara\u00e7\u00e3o do Craque Neto: as \u00faltimas not\u00edcias do Corinthians<\/title>\n<meta name=\"robots\" content=\"index, follow, max-snippet:-1, max-image-preview:large, max-video-preview:-1\" \/>\n<link rel=\"canonical\" href=\"https:\/\/www.gaveanews.com\/index.php\/2025\/03\/09\/final-do-paulistao-problema-desagradavel-e-declaracao-do-craque-neto-as-ultimas-noticias-do-corinthians\/\" \/>\n<meta property=\"og:locale\" content=\"pt_BR\" \/>\n<meta property=\"og:type\" content=\"article\" \/>\n<meta property=\"og:title\" content=\"Final do Paulist\u00e3o, problema desagrad\u00e1vel e declara\u00e7\u00e3o do Craque Neto: as \u00faltimas not\u00edcias do Corinthians\" \/>\n<meta property=\"og:description\" content=\"Nas \u00faltimas horas, o foco das not\u00edcias sobre o Corinthians se concentram nos bastidores do clube, com destaques do dia a dia do time. Por conta deste contexto, leia abaixo um resumo preparado pela equipe do portal G\u00e1vea News para lhe manter muito bem informado! Declara\u00e7\u00e3o do Craque Neto Durante o programa Os Donos da [&hellip;]\" \/>\n<meta property=\"og:url\" content=\"https:\/\/www.gaveanews.com\/index.php\/2025\/03\/09\/final-do-paulistao-problema-desagradavel-e-declaracao-do-craque-neto-as-ultimas-noticias-do-corinthians\/\" \/>\n<meta property=\"og:site_name\" content=\"G\u00e1vea News\" \/>\n<meta property=\"article:publisher\" content=\"https:\/\/facebook.com\/gaveaNews\/\" \/>\n<meta property=\"article:published_time\" content=\"2025-03-09T10:20:00+00:00\" \/>\n<meta property=\"og:image\" content=\"https:\/\/www.gaveanews.com\/wp-content\/uploads\/Escudo-do-Corinthians-na-Neo-Quimica-Arena.webp\" \/>\n\t<meta property=\"og:image:width\" content=\"1440\" \/>\n\t<meta property=\"og:image:height\" content=\"959\" \/>\n\t<meta property=\"og:image:type\" content=\"image\/jpeg\" \/>\n<meta name=\"author\" content=\"Matheus Felipe\" \/>\n<meta name=\"twitter:card\" content=\"summary_large_image\" \/>\n<meta name=\"twitter:label1\" content=\"Escrito por\" \/>\n\t<meta name=\"twitter:data1\" content=\"Matheus Felipe\" \/>\n\t<meta name=\"twitter:label2\" content=\"Est. tempo de leitura\" \/>\n\t<meta name=\"twitter:data2\" content=\"6 minutos\" \/>\n<script type=\"application\/ld+json\" class=\"yoast-schema-graph\">{\"@context\":\"https:\/\/schema.org\",\"@graph\":[{\"@type\":\"NewsArticle\",\"@id\":\"https:\/\/www.gaveanews.com\/index.php\/2025\/03\/09\/final-do-paulistao-problema-desagradavel-e-declaracao-do-craque-neto-as-ultimas-noticias-do-corinthians\/#article\",\"isPartOf\":{\"@id\":\"https:\/\/www.gaveanews.com\/index.php\/2025\/03\/09\/final-do-paulistao-problema-desagradavel-e-declaracao-do-craque-neto-as-ultimas-noticias-do-corinthians\/\"},\"author\":{\"name\":\"Matheus Felipe\",\"@id\":\"https:\/\/www.gaveanews.com\/#\/schema\/person\/8207cd4627f56151707418bfc835b2fb\"},\"headline\":\"Final do Paulist\u00e3o, problema desagrad\u00e1vel e declara\u00e7\u00e3o do Craque Neto: as \u00faltimas not\u00edcias do Corinthians\",\"datePublished\":\"2025-03-09T10:20:00+00:00\",\"mainEntityOfPage\":{\"@id\":\"https:\/\/www.gaveanews.com\/index.php\/2025\/03\/09\/final-do-paulistao-problema-desagradavel-e-declaracao-do-craque-neto-as-ultimas-noticias-do-corinthians\/\"},\"wordCount\":887,\"commentCount\":0,\"image\":{\"@id\":\"https:\/\/www.gaveanews.com\/index.php\/2025\/03\/09\/final-do-paulistao-problema-desagradavel-e-declaracao-do-craque-neto-as-ultimas-noticias-do-corinthians\/#primaryimage\"},\"thumbnailUrl\":\"https:\/\/www.gaveanews.com\/wp-content\/uploads\/Escudo-do-Corinthians-na-Neo-Quimica-Arena.webp\",\"articleSection\":[\"Corinthians\"],\"inLanguage\":\"pt-BR\",\"potentialAction\":[{\"@type\":\"CommentAction\",\"name\":\"Comment\",\"target\":[\"https:\/\/www.gaveanews.com\/index.php\/2025\/03\/09\/final-do-paulistao-problema-desagradavel-e-declaracao-do-craque-neto-as-ultimas-noticias-do-corinthians\/#respond\"]}],\"copyrightYear\":\"2025\",\"copyrightHolder\":{\"@id\":\"https:\/\/www.gaveanews.com\/#organization\"}},{\"@type\":\"WebPage\",\"@id\":\"https:\/\/www.gaveanews.com\/index.php\/2025\/03\/09\/final-do-paulistao-problema-desagradavel-e-declaracao-do-craque-neto-as-ultimas-noticias-do-corinthians\/\",\"url\":\"https:\/\/www.gaveanews.com\/index.php\/2025\/03\/09\/final-do-paulistao-problema-desagradavel-e-declaracao-do-craque-neto-as-ultimas-noticias-do-corinthians\/\",\"name\":\"Final do Paulist\u00e3o, problema desagrad\u00e1vel e declara\u00e7\u00e3o do Craque Neto: as \u00faltimas not\u00edcias do Corinthians\",\"isPartOf\":{\"@id\":\"https:\/\/www.gaveanews.com\/#website\"},\"primaryImageOfPage\":{\"@id\":\"https:\/\/www.gaveanews.com\/index.php\/2025\/03\/09\/final-do-paulistao-problema-desagradavel-e-declaracao-do-craque-neto-as-ultimas-noticias-do-corinthians\/#primaryimage\"},\"image\":{\"@id\":\"https:\/\/www.gaveanews.com\/index.php\/2025\/03\/09\/final-do-paulistao-problema-desagradavel-e-declaracao-do-craque-neto-as-ultimas-noticias-do-corinthians\/#primaryimage\"},\"thumbnailUrl\":\"https:\/\/www.gaveanews.com\/wp-content\/uploads\/Escudo-do-Corinthians-na-Neo-Quimica-Arena.webp\",\"datePublished\":\"2025-03-09T10:20:00+00:00\",\"author\":{\"@id\":\"https:\/\/www.gaveanews.com\/#\/schema\/person\/8207cd4627f56151707418bfc835b2fb\"},\"breadcrumb\":{\"@id\":\"https:\/\/www.gaveanews.com\/index.php\/2025\/03\/09\/final-do-paulistao-problema-desagradavel-e-declaracao-do-craque-neto-as-ultimas-noticias-do-corinthians\/#breadcrumb\"},\"inLanguage\":\"pt-BR\",\"potentialAction\":[{\"@type\":\"ReadAction\",\"target\":[\"https:\/\/www.gaveanews.com\/index.php\/2025\/03\/09\/final-do-paulistao-problema-desagradavel-e-declaracao-do-craque-neto-as-ultimas-noticias-do-corinthians\/\"]}]},{\"@type\":\"ImageObject\",\"inLanguage\":\"pt-BR\",\"@id\":\"https:\/\/www.gaveanews.com\/index.php\/2025\/03\/09\/final-do-paulistao-problema-desagradavel-e-declaracao-do-craque-neto-as-ultimas-noticias-do-corinthians\/#primaryimage\",\"url\":\"https:\/\/www.gaveanews.com\/wp-content\/uploads\/Escudo-do-Corinthians-na-Neo-Quimica-Arena.webp\",\"contentUrl\":\"https:\/\/www.gaveanews.com\/wp-content\/uploads\/Escudo-do-Corinthians-na-Neo-Quimica-Arena.webp\",\"width\":1440,\"height\":959,\"caption\":\"Escudo do Corinthians na N\u00e9o Qu\u00edmica Arena (Foto Reprodu\u00e7\u00e3o\/Instagram)\"},{\"@type\":\"BreadcrumbList\",\"@id\":\"https:\/\/www.gaveanews.com\/index.php\/2025\/03\/09\/final-do-paulistao-problema-desagradavel-e-declaracao-do-craque-neto-as-ultimas-noticias-do-corinthians\/#breadcrumb\",\"itemListElement\":[{\"@type\":\"ListItem\",\"position\":1,\"name\":\"Home\",\"item\":\"https:\/\/www.gaveanews.com\/\"},{\"@type\":\"ListItem\",\"position\":2,\"name\":\"Final do Paulist\u00e3o, problema desagrad\u00e1vel e declara\u00e7\u00e3o do Craque Neto: as \u00faltimas not\u00edcias do Corinthians\"}]},{\"@type\":\"WebSite\",\"@id\":\"https:\/\/www.gaveanews.com\/#website\",\"url\":\"https:\/\/www.gaveanews.com\/\",\"name\":\"G\u00e1vea News\",\"description\":\"Veja todas as not\u00edcias sobre o Flamengo: Contrata\u00e7\u00f5es, categorias de base, resultados das partidas, tabela de classifica\u00e7\u00e3o, pr\u00f3ximos jogos!\",\"potentialAction\":[{\"@type\":\"SearchAction\",\"target\":{\"@type\":\"EntryPoint\",\"urlTemplate\":\"https:\/\/www.gaveanews.com\/?s={search_term_string}\"},\"query-input\":{\"@type\":\"PropertyValueSpecification\",\"valueRequired\":true,\"valueName\":\"search_term_string\"}}],\"inLanguage\":\"pt-BR\"},{\"@type\":\"Person\",\"@id\":\"https:\/\/www.gaveanews.com\/#\/schema\/person\/8207cd4627f56151707418bfc835b2fb\",\"name\":\"Matheus Felipe\",\"image\":{\"@type\":\"ImageObject\",\"inLanguage\":\"pt-BR\",\"@id\":\"https:\/\/www.gaveanews.com\/#\/schema\/person\/image\/\",\"url\":\"https:\/\/secure.gravatar.com\/avatar\/a452ffbed9130f726358b298bb3a99ce4bd3c5338411f8440e87e14d74c7c087?s=96&d=mm&r=g\",\"contentUrl\":\"https:\/\/secure.gravatar.com\/avatar\/a452ffbed9130f726358b298bb3a99ce4bd3c5338411f8440e87e14d74c7c087?s=96&d=mm&r=g\",\"caption\":\"Matheus Felipe\"}}]}<\/script>\n<!-- \/ Yoast SEO Premium plugin. -->","yoast_head_json":{"title":"Final do Paulist\u00e3o, problema desagrad\u00e1vel e declara\u00e7\u00e3o do Craque Neto: as \u00faltimas not\u00edcias do Corinthians","robots":{"index":"index","follow":"follow","max-snippet":"max-snippet:-1","max-image-preview":"max-image-preview:large","max-video-preview":"max-video-preview:-1"},"canonical":"https:\/\/www.gaveanews.com\/index.php\/2025\/03\/09\/final-do-paulistao-problema-desagradavel-e-declaracao-do-craque-neto-as-ultimas-noticias-do-corinthians\/","og_locale":"pt_BR","og_type":"article","og_title":"Final do Paulist\u00e3o, problema desagrad\u00e1vel e declara\u00e7\u00e3o do Craque Neto: as \u00faltimas not\u00edcias do Corinthians","og_description":"Nas \u00faltimas horas, o foco das not\u00edcias sobre o Corinthians se concentram nos bastidores do clube, com destaques do dia a dia do time. Por conta deste contexto, leia abaixo um resumo preparado pela equipe do portal G\u00e1vea News para lhe manter muito bem informado! Declara\u00e7\u00e3o do Craque Neto Durante o programa Os Donos da [&hellip;]","og_url":"https:\/\/www.gaveanews.com\/index.php\/2025\/03\/09\/final-do-paulistao-problema-desagradavel-e-declaracao-do-craque-neto-as-ultimas-noticias-do-corinthians\/","og_site_name":"G\u00e1vea News","article_publisher":"https:\/\/facebook.com\/gaveaNews\/","article_published_time":"2025-03-09T10:20:00+00:00","og_image":[{"width":1440,"height":959,"url":"https:\/\/www.gaveanews.com\/wp-content\/uploads\/Escudo-do-Corinthians-na-Neo-Quimica-Arena.webp","type":"image\/jpeg"}],"author":"Matheus Felipe","twitter_card":"summary_large_image","twitter_misc":{"Escrito por":"Matheus Felipe","Est. tempo de leitura":"6 minutos"},"schema":{"@context":"https:\/\/schema.org","@graph":[{"@type":"NewsArticle","@id":"https:\/\/www.gaveanews.com\/index.php\/2025\/03\/09\/final-do-paulistao-problema-desagradavel-e-declaracao-do-craque-neto-as-ultimas-noticias-do-corinthians\/#article","isPartOf":{"@id":"https:\/\/www.gaveanews.com\/index.php\/2025\/03\/09\/final-do-paulistao-problema-desagradavel-e-declaracao-do-craque-neto-as-ultimas-noticias-do-corinthians\/"},"author":{"name":"Matheus Felipe","@id":"https:\/\/www.gaveanews.com\/#\/schema\/person\/8207cd4627f56151707418bfc835b2fb"},"headline":"Final do Paulist\u00e3o, problema desagrad\u00e1vel e declara\u00e7\u00e3o do Craque Neto: as \u00faltimas not\u00edcias do Corinthians","datePublished":"2025-03-09T10:20:00+00:00","mainEntityOfPage":{"@id":"https:\/\/www.gaveanews.com\/index.php\/2025\/03\/09\/final-do-paulistao-problema-desagradavel-e-declaracao-do-craque-neto-as-ultimas-noticias-do-corinthians\/"},"wordCount":887,"commentCount":0,"image":{"@id":"https:\/\/www.gaveanews.com\/index.php\/2025\/03\/09\/final-do-paulistao-problema-desagradavel-e-declaracao-do-craque-neto-as-ultimas-noticias-do-corinthians\/#primaryimage"},"thumbnailUrl":"https:\/\/www.gaveanews.com\/wp-content\/uploads\/Escudo-do-Corinthians-na-Neo-Quimica-Arena.webp","articleSection":["Corinthians"],"inLanguage":"pt-BR","potentialAction":[{"@type":"CommentAction","name":"Comment","target":["https:\/\/www.gaveanews.com\/index.php\/2025\/03\/09\/final-do-paulistao-problema-desagradavel-e-declaracao-do-craque-neto-as-ultimas-noticias-do-corinthians\/#respond"]}],"copyrightYear":"2025","copyrightHolder":{"@id":"https:\/\/www.gaveanews.com\/#organization"}},{"@type":"WebPage","@id":"https:\/\/www.gaveanews.com\/index.php\/2025\/03\/09\/final-do-paulistao-problema-desagradavel-e-declaracao-do-craque-neto-as-ultimas-noticias-do-corinthians\/","url":"https:\/\/www.gaveanews.com\/index.php\/2025\/03\/09\/final-do-paulistao-problema-desagradavel-e-declaracao-do-craque-neto-as-ultimas-noticias-do-corinthians\/","name":"Final do Paulist\u00e3o, problema desagrad\u00e1vel e declara\u00e7\u00e3o do Craque Neto: as \u00faltimas not\u00edcias do Corinthians","isPartOf":{"@id":"https:\/\/www.gaveanews.com\/#website"},"primaryImageOfPage":{"@id":"https:\/\/www.gaveanews.com\/index.php\/2025\/03\/09\/final-do-paulistao-problema-desagradavel-e-declaracao-do-craque-neto-as-ultimas-noticias-do-corinthians\/#primaryimage"},"image":{"@id":"https:\/\/www.gaveanews.com\/index.php\/2025\/03\/09\/final-do-paulistao-problema-desagradavel-e-declaracao-do-craque-neto-as-ultimas-noticias-do-corinthians\/#primaryimage"},"thumbnailUrl":"https:\/\/www.gaveanews.com\/wp-content\/uploads\/Escudo-do-Corinthians-na-Neo-Quimica-Arena.webp","datePublished":"2025-03-09T10:20:00+00:00","author":{"@id":"https:\/\/www.gaveanews.com\/#\/schema\/person\/8207cd4627f56151707418bfc835b2fb"},"breadcrumb":{"@id":"https:\/\/www.gaveanews.com\/index.php\/2025\/03\/09\/final-do-paulistao-problema-desagradavel-e-declaracao-do-craque-neto-as-ultimas-noticias-do-corinthians\/#breadcrumb"},"inLanguage":"pt-BR","potentialAction":[{"@type":"ReadAction","target":["https:\/\/www.gaveanews.com\/index.php\/2025\/03\/09\/final-do-paulistao-problema-desagradavel-e-declaracao-do-craque-neto-as-ultimas-noticias-do-corinthians\/"]}]},{"@type":"ImageObject","inLanguage":"pt-BR","@id":"https:\/\/www.gaveanews.com\/index.php\/2025\/03\/09\/final-do-paulistao-problema-desagradavel-e-declaracao-do-craque-neto-as-ultimas-noticias-do-corinthians\/#primaryimage","url":"https:\/\/www.gaveanews.com\/wp-content\/uploads\/Escudo-do-Corinthians-na-Neo-Quimica-Arena.webp","contentUrl":"https:\/\/www.gaveanews.com\/wp-content\/uploads\/Escudo-do-Corinthians-na-Neo-Quimica-Arena.webp","width":1440,"height":959,"caption":"Escudo do Corinthians na N\u00e9o Qu\u00edmica Arena (Foto Reprodu\u00e7\u00e3o\/Instagram)"},{"@type":"BreadcrumbList","@id":"https:\/\/www.gaveanews.com\/index.php\/2025\/03\/09\/final-do-paulistao-problema-desagradavel-e-declaracao-do-craque-neto-as-ultimas-noticias-do-corinthians\/#breadcrumb","itemListElement":[{"@type":"ListItem","position":1,"name":"Home","item":"https:\/\/www.gaveanews.com\/"},{"@type":"ListItem","position":2,"name":"Final do Paulist\u00e3o, problema desagrad\u00e1vel e declara\u00e7\u00e3o do Craque Neto: as \u00faltimas not\u00edcias do Corinthians"}]},{"@type":"WebSite","@id":"https:\/\/www.gaveanews.com\/#website","url":"https:\/\/www.gaveanews.com\/","name":"G\u00e1vea News","description":"Veja todas as not\u00edcias sobre o Flamengo: Contrata\u00e7\u00f5es, categorias de base, resultados das partidas, tabela de classifica\u00e7\u00e3o, pr\u00f3ximos jogos!","potentialAction":[{"@type":"SearchAction","target":{"@type":"EntryPoint","urlTemplate":"https:\/\/www.gaveanews.com\/?s={search_term_string}"},"query-input":{"@type":"PropertyValueSpecification","valueRequired":true,"valueName":"search_term_string"}}],"inLanguage":"pt-BR"},{"@type":"Person","@id":"https:\/\/www.gaveanews.com\/#\/schema\/person\/8207cd4627f56151707418bfc835b2fb","name":"Matheus Felipe","image":{"@type":"ImageObject","inLanguage":"pt-BR","@id":"https:\/\/www.gaveanews.com\/#\/schema\/person\/image\/","url":"https:\/\/secure.gravatar.com\/avatar\/a452ffbed9130f726358b298bb3a99ce4bd3c5338411f8440e87e14d74c7c087?s=96&d=mm&r=g","contentUrl":"https:\/\/secure.gravatar.com\/avatar\/a452ffbed9130f726358b298bb3a99ce4bd3c5338411f8440e87e14d74c7c087?s=96&d=mm&r=g","caption":"Matheus Felipe"}}]}},"_links":{"self":[{"href":"https:\/\/www.gaveanews.com\/index.php\/wp-json\/wp\/v2\/posts\/237600","targetHints":{"allow":["GET"]}}],"collection":[{"href":"https:\/\/www.gaveanews.com\/index.php\/wp-json\/wp\/v2\/posts"}],"about":[{"href":"https:\/\/www.gaveanews.com\/index.php\/wp-json\/wp\/v2\/types\/post"}],"author":[{"embeddable":true,"href":"https:\/\/www.gaveanews.com\/index.php\/wp-json\/wp\/v2\/users\/27"}],"replies":[{"embeddable":true,"href":"https:\/\/www.gaveanews.com\/index.php\/wp-json\/wp\/v2\/comments?post=237600"}],"version-history":[{"count":1,"href":"https:\/\/www.gaveanews.com\/index.php\/wp-json\/wp\/v2\/posts\/237600\/revisions"}],"predecessor-version":[{"id":237627,"href":"https:\/\/www.gaveanews.com\/index.php\/wp-json\/wp\/v2\/posts\/237600\/revisions\/237627"}],"wp:featuredmedia":[{"embeddable":true,"href":"https:\/\/www.gaveanews.com\/index.php\/wp-json\/wp\/v2\/media\/154473"}],"wp:attachment":[{"href":"https:\/\/www.gaveanews.com\/index.php\/wp-json\/wp\/v2\/media?parent=237600"}],"wp:term":[{"taxonomy":"category","embeddable":true,"href":"https:\/\/www.gaveanews.com\/index.php\/wp-json\/wp\/v2\/categories?post=237600"},{"taxonomy":"post_tag","embeddable":true,"href":"https:\/\/www.gaveanews.com\/index.php\/wp-json\/wp\/v2\/tags?post=237600"}],"curies":[{"name":"wp","href":"https:\/\/api.w.org\/{rel}","templated":true}]}}