{"id":237608,"date":"2025-03-09T06:25:00","date_gmt":"2025-03-09T09:25:00","guid":{"rendered":"https:\/\/www.gaveanews.com\/?p=237608"},"modified":"2025-03-08T18:49:22","modified_gmt":"2025-03-08T21:49:22","slug":"declaracao-de-estevao-futuro-de-naves-e-impacto-financeiro-as-ultimas-noticias-do-palmeiras","status":"publish","type":"post","link":"https:\/\/www.gaveanews.com\/index.php\/2025\/03\/09\/declaracao-de-estevao-futuro-de-naves-e-impacto-financeiro-as-ultimas-noticias-do-palmeiras\/","title":{"rendered":"Declara\u00e7\u00e3o de Estev\u00e3o, futuro de Naves e impacto financeiro: as \u00faltimas not\u00edcias do Palmeiras"},"content":{"rendered":"\n<p>Nas \u00faltimas horas, o foco das not\u00edcias sobre o Palmeiras se concentram nos bastidores do clube, com destaques do dia a dia do time.<\/p>\n\n\n\n<p>Por conta deste contexto, leia abaixo um resumo preparado pela equipe do portal G\u00e1vea News para lhe manter muito bem informado!<\/p>\n\n\n\n<div class=\"wp-block-group\"><div class=\"wp-block-group__inner-container is-layout-constrained wp-block-group-is-layout-constrained\">\n<h2 class=\"wp-block-heading\" id=\"h-impacto-financeiro\">Impacto financeiro<\/h2>\n\n\n\n<p>O Palmeiras se prepara para enfrentar o S\u00e3o Paulo na semifinal do Campeonato Paulista, em partida marcada para o dia 10 de mar\u00e7o, no Allianz Parque. No entanto, uma nova regra da Federa\u00e7\u00e3o Paulista de Futebol (FPF) limitar\u00e1 os lucros do clube no confronto. Diferente do que acontecia anteriormente, a arrecada\u00e7\u00e3o dos ingressos ser\u00e1 dividida igualmente entre os dois times, independentemente do local da partida. A mudan\u00e7a busca equilibrar financeiramente as equipes participantes do torneio <strong><a href=\"https:\/\/www.gaveanews.com\/index.php\/2025\/03\/06\/palmeiras-tera-lucro-limitado-no-jogo-contra-o-sao-paulo-no-aliianz-parque\/\">(leia a mat\u00e9ria completa).<\/a><\/strong><\/p>\n\n\n\n<figure class=\"wp-block-image size-large\"><img loading=\"lazy\" decoding=\"async\" width=\"1024\" height=\"576\" src=\"http:\/\/www.gaveanews.com\/wp-content\/uploads\/Futebol-e-dinheiro-1024x576.webp\" alt=\"\" class=\"wp-image-167240\" srcset=\"https:\/\/www.gaveanews.com\/wp-content\/uploads\/Futebol-e-dinheiro-1024x576.webp 1024w, https:\/\/www.gaveanews.com\/wp-content\/uploads\/Futebol-e-dinheiro-300x169.webp 300w, https:\/\/www.gaveanews.com\/wp-content\/uploads\/Futebol-e-dinheiro-768x432.webp 768w, https:\/\/www.gaveanews.com\/wp-content\/uploads\/Futebol-e-dinheiro-747x420.webp 747w, https:\/\/www.gaveanews.com\/wp-content\/uploads\/Futebol-e-dinheiro-640x360.webp 640w, https:\/\/www.gaveanews.com\/wp-content\/uploads\/Futebol-e-dinheiro-681x383.webp 681w, https:\/\/www.gaveanews.com\/wp-content\/uploads\/Futebol-e-dinheiro-100x56.webp 100w, https:\/\/www.gaveanews.com\/wp-content\/uploads\/Futebol-e-dinheiro.webp 1280w\" sizes=\"auto, (max-width: 1024px) 100vw, 1024px\" \/><figcaption class=\"wp-element-caption\">Futebol e dinheiro (Imagem: Editoria de arte\/G\u00e1vea News\/Henrique Machado)<\/figcaption><\/figure>\n\n\n\n<p>Mesmo jogando em casa e contando com torcida \u00fanica devido \u00e0s regras de seguran\u00e7a do Estado de S\u00e3o Paulo, o Palmeiras ter\u00e1 que dividir a renda com o S\u00e3o Paulo. <\/p>\n\n\n\n<p>Isso significa que, ainda que o est\u00e1dio esteja lotado e os ingressos tenham valores elevados, o clube n\u00e3o ficar\u00e1 com toda a receita. A medida gerou repercuss\u00e3o, principalmente porque a equipe mandante costumava ter total controle sobre os ganhos de bilheteria nesses confrontos decisivos.<\/p>\n\n\n\n<p>Al\u00e9m disso, o S\u00e3o Paulo demonstrou insatisfa\u00e7\u00e3o com a escolha da FPF de agendar a partida para uma segunda-feira, alegando que jogos dessa import\u00e2ncia deveriam ser realizados aos fins de semana para favorecer a presen\u00e7a dos torcedores. Em protesto, a diretoria tricolor decidiu n\u00e3o participar do Conselho T\u00e9cnico da entidade. Apesar das pol\u00eamicas, a expectativa \u00e9 de um duelo acirrado, com o vencedor garantindo vaga na final do Paulist\u00e3o.<\/p>\n\n\n\n<h2 class=\"wp-block-heading\" id=\"h-futuro-de-naves\">Futuro de Naves<\/h2>\n\n\n\n<p>O zagueiro Naves pode estar de sa\u00edda do Palmeiras, ap\u00f3s perder espa\u00e7o na equipe de Abel Ferreira. O Red Bull Bragantino demonstrou interesse no jogador, inicialmente buscando um empr\u00e9stimo, mas a diretoria alviverde mudou sua posi\u00e7\u00e3o e agora exige uma venda definitiva. A presidente Leila Pereira estipulou o valor de 6 milh\u00f5es de euros (cerca de R$ 37 milh\u00f5es) para concretizar a transfer\u00eancia, que poder\u00e1 ser finalizada ap\u00f3s o t\u00e9rmino do Campeonato Paulista, caso o Bragantino aceite os termos <strong><a href=\"https:\/\/www.gaveanews.com\/index.php\/2025\/03\/06\/a-exigencia-do-palmeiras-para-vender-naves-ao-bragantino\/\">(leia a mat\u00e9ria completa).<\/a><\/strong><\/p>\n\n\n\n<figure class=\"wp-block-image size-full\"><img loading=\"lazy\" decoding=\"async\" width=\"984\" height=\"553\" src=\"http:\/\/www.gaveanews.com\/wp-content\/uploads\/53537019192-d6f1701e34-o-1.avif\" alt=\"\" class=\"wp-image-148666\"\/><figcaption class=\"wp-element-caption\">Naves em Palmeiras x Corinthians \u2014 Foto: Fabio Menotti\/Palmeiras\n\n<\/figcaption><\/figure>\n\n\n\n<p>Enquanto define a poss\u00edvel sa\u00edda de Naves, o Palmeiras segue ativo no mercado e est\u00e1 pr\u00f3ximo de contratar o volante Lucas Evangelista, que pertence ao pr\u00f3prio Bragantino. Como parte da negocia\u00e7\u00e3o, o Verd\u00e3o aceitou ceder Fabinho em definitivo ao clube de Bragan\u00e7a Paulista. Al\u00e9m disso, o Palmeiras j\u00e1 oficializou seis refor\u00e7os para a temporada, incluindo Vitor Roque, Paulinho e Facundo Torres no ataque, al\u00e9m de refor\u00e7os no meio-campo e na defesa.<\/p>\n\n\n\n<p>Com essas movimenta\u00e7\u00f5es, a diretoria busca equilibrar o elenco e manter o time competitivo para os desafios de 2025. A expectativa agora gira em torno da decis\u00e3o do Bragantino sobre a compra de Naves e da concretiza\u00e7\u00e3o da chegada de Evangelista. Mesmo com essas mudan\u00e7as, o Palmeiras segue atento a novas oportunidades no mercado, refor\u00e7ando sua estrat\u00e9gia de manter um plantel forte para disputar os principais torneios do ano.<\/p>\n\n\n\n<h2 class=\"wp-block-heading\" id=\"h-declaracao-de-estevao\">Declara\u00e7\u00e3o de Estev\u00e3o<\/h2>\n\n\n\n<p>O jovem atacante Est\u00eav\u00e3o, do Palmeiras, explicou sua decis\u00e3o de escolher o Chelsea como seu pr\u00f3ximo destino, apesar de ter o Barcelona como clube dos sonhos. Segundo o jogador, o projeto apresentado pelo time ingl\u00eas foi determinante para sua escolha. A negocia\u00e7\u00e3o entre Palmeiras e Chelsea pode atingir at\u00e9 61,5 milh\u00f5es de euros, sendo 45 milh\u00f5es pagos inicialmente e outros 16,5 milh\u00f5es condicionados ao cumprimento de metas. Est\u00eav\u00e3o seguir\u00e1 no Palmeiras at\u00e9 julho de 2025 antes de se transferir para o futebol europeu <strong><a href=\"https:\/\/www.gaveanews.com\/index.php\/2025\/03\/06\/a-declaracao-de-estevao-sobre-ter-escolhido-o-chelsea\/\">(leia a mat\u00e9ria completa).<\/a><\/strong><\/p>\n\n\n\n<figure class=\"wp-block-image size-full\"><img loading=\"lazy\" decoding=\"async\" width=\"1024\" height=\"576\" src=\"http:\/\/www.gaveanews.com\/wp-content\/uploads\/O-jogador-Estevao-da-SE-Palmeiras-comemora-seu-contra-a-equipe-do-Botafogo-FC-durante-partida-valida-pela-terceira-fase-da-Copa-do-Brasil-na-arena-Allianz-Parque-1024x576-1.webp\" alt=\"\" class=\"wp-image-141974\" srcset=\"https:\/\/www.gaveanews.com\/wp-content\/uploads\/O-jogador-Estevao-da-SE-Palmeiras-comemora-seu-contra-a-equipe-do-Botafogo-FC-durante-partida-valida-pela-terceira-fase-da-Copa-do-Brasil-na-arena-Allianz-Parque-1024x576-1.webp 1024w, https:\/\/www.gaveanews.com\/wp-content\/uploads\/O-jogador-Estevao-da-SE-Palmeiras-comemora-seu-contra-a-equipe-do-Botafogo-FC-durante-partida-valida-pela-terceira-fase-da-Copa-do-Brasil-na-arena-Allianz-Parque-1024x576-1-300x169.webp 300w, https:\/\/www.gaveanews.com\/wp-content\/uploads\/O-jogador-Estevao-da-SE-Palmeiras-comemora-seu-contra-a-equipe-do-Botafogo-FC-durante-partida-valida-pela-terceira-fase-da-Copa-do-Brasil-na-arena-Allianz-Parque-1024x576-1-768x432.webp 768w, https:\/\/www.gaveanews.com\/wp-content\/uploads\/O-jogador-Estevao-da-SE-Palmeiras-comemora-seu-contra-a-equipe-do-Botafogo-FC-durante-partida-valida-pela-terceira-fase-da-Copa-do-Brasil-na-arena-Allianz-Parque-1024x576-1-747x420.webp 747w, https:\/\/www.gaveanews.com\/wp-content\/uploads\/O-jogador-Estevao-da-SE-Palmeiras-comemora-seu-contra-a-equipe-do-Botafogo-FC-durante-partida-valida-pela-terceira-fase-da-Copa-do-Brasil-na-arena-Allianz-Parque-1024x576-1-640x360.webp 640w, https:\/\/www.gaveanews.com\/wp-content\/uploads\/O-jogador-Estevao-da-SE-Palmeiras-comemora-seu-contra-a-equipe-do-Botafogo-FC-durante-partida-valida-pela-terceira-fase-da-Copa-do-Brasil-na-arena-Allianz-Parque-1024x576-1-681x383.webp 681w, https:\/\/www.gaveanews.com\/wp-content\/uploads\/O-jogador-Estevao-da-SE-Palmeiras-comemora-seu-contra-a-equipe-do-Botafogo-FC-durante-partida-valida-pela-terceira-fase-da-Copa-do-Brasil-na-arena-Allianz-Parque-1024x576-1-1022x576.webp 1022w, https:\/\/www.gaveanews.com\/wp-content\/uploads\/O-jogador-Estevao-da-SE-Palmeiras-comemora-seu-contra-a-equipe-do-Botafogo-FC-durante-partida-valida-pela-terceira-fase-da-Copa-do-Brasil-na-arena-Allianz-Parque-1024x576-1-100x56.webp 100w\" sizes=\"auto, (max-width: 1024px) 100vw, 1024px\" \/><figcaption class=\"wp-element-caption\">O jogador Est\u00eav\u00e3o &#8211; Foto: Cesar Greco\/Palmeiras\/by Canon<\/figcaption><\/figure>\n\n\n\n<p>Para facilitar sua adapta\u00e7\u00e3o, o atacante j\u00e1 iniciou aulas de ingl\u00eas e planeja visitar Londres durante as f\u00e9rias de dezembro para conhecer melhor o clube e a cidade. Est\u00eav\u00e3o demonstrou respeito pela Premier League e destacou o desafio de atuar em uma das ligas mais competitivas do mundo. Al\u00e9m disso, mencionou a expectativa de jogar ao lado de Cole Palmer e Kendry P\u00e1ez no Chelsea, projetando uma parceria promissora na equipe inglesa.<\/p>\n\n\n\n<p>Com o respaldo do t\u00e9cnico Enzo Maresca e o apoio da fam\u00edlia, que se mudar\u00e1 com ele para Londres, Est\u00eav\u00e3o encara sua transfer\u00eancia com confian\u00e7a. Enquanto aguarda sua ida para a Europa, o jovem segue focado no Palmeiras, buscando continuar sua evolu\u00e7\u00e3o e conquistar t\u00edtulos antes da despedida. Seu objetivo \u00e9 deixar um legado no futebol brasileiro antes de enfrentar o novo desafio no Chelsea.<\/p>\n<\/div><\/div>\n","protected":false},"excerpt":{"rendered":"<p>Nas \u00faltimas horas, o foco das not\u00edcias sobre o Palmeiras se concentram nos bastidores do clube, com destaques do dia a dia do time. Por conta deste contexto, leia abaixo um resumo preparado pela equipe do portal G\u00e1vea News para lhe manter muito bem informado! Impacto financeiro O Palmeiras se prepara para enfrentar o S\u00e3o [&hellip;]<\/p>\n","protected":false},"author":27,"featured_media":158317,"comment_status":"open","ping_status":"closed","sticky":false,"template":"","format":"standard","meta":{"footnotes":""},"categories":[150],"tags":[],"class_list":["post-237608","post","type-post","status-publish","format-standard","has-post-thumbnail","hentry","category-palmeiras"],"yoast_head":"<!-- This site is optimized with the Yoast SEO Premium plugin v24.2 (Yoast SEO v26.9) - https:\/\/yoast.com\/product\/yoast-seo-premium-wordpress\/ -->\n<title>Declara\u00e7\u00e3o de Estev\u00e3o, futuro de Naves e impacto financeiro: as \u00faltimas not\u00edcias do Palmeiras<\/title>\n<meta name=\"robots\" content=\"index, follow, max-snippet:-1, max-image-preview:large, max-video-preview:-1\" \/>\n<link rel=\"canonical\" href=\"https:\/\/www.gaveanews.com\/index.php\/2025\/03\/09\/declaracao-de-estevao-futuro-de-naves-e-impacto-financeiro-as-ultimas-noticias-do-palmeiras\/\" \/>\n<meta property=\"og:locale\" content=\"pt_BR\" \/>\n<meta property=\"og:type\" content=\"article\" \/>\n<meta property=\"og:title\" content=\"Declara\u00e7\u00e3o de Estev\u00e3o, futuro de Naves e impacto financeiro: as \u00faltimas not\u00edcias do Palmeiras\" \/>\n<meta property=\"og:description\" content=\"Nas \u00faltimas horas, o foco das not\u00edcias sobre o Palmeiras se concentram nos bastidores do clube, com destaques do dia a dia do time. Por conta deste contexto, leia abaixo um resumo preparado pela equipe do portal G\u00e1vea News para lhe manter muito bem informado! Impacto financeiro O Palmeiras se prepara para enfrentar o S\u00e3o [&hellip;]\" \/>\n<meta property=\"og:url\" content=\"https:\/\/www.gaveanews.com\/index.php\/2025\/03\/09\/declaracao-de-estevao-futuro-de-naves-e-impacto-financeiro-as-ultimas-noticias-do-palmeiras\/\" \/>\n<meta property=\"og:site_name\" content=\"G\u00e1vea News\" \/>\n<meta property=\"article:publisher\" content=\"https:\/\/facebook.com\/gaveaNews\/\" \/>\n<meta property=\"article:published_time\" content=\"2025-03-09T09:25:00+00:00\" \/>\n<meta property=\"og:image\" content=\"https:\/\/www.gaveanews.com\/wp-content\/uploads\/Jogadores-do-Palmeiras-reunidos-durante-partida-da-Copa-do-Brasil-2024.webp\" \/>\n\t<meta property=\"og:image:width\" content=\"1187\" \/>\n\t<meta property=\"og:image:height\" content=\"792\" \/>\n\t<meta property=\"og:image:type\" content=\"image\/webp\" \/>\n<meta name=\"author\" content=\"Matheus Felipe\" \/>\n<meta name=\"twitter:card\" content=\"summary_large_image\" \/>\n<meta name=\"twitter:label1\" content=\"Escrito por\" \/>\n\t<meta name=\"twitter:data1\" content=\"Matheus Felipe\" \/>\n\t<meta name=\"twitter:label2\" content=\"Est. tempo de leitura\" \/>\n\t<meta name=\"twitter:data2\" content=\"5 minutos\" \/>\n<script type=\"application\/ld+json\" class=\"yoast-schema-graph\">{\"@context\":\"https:\/\/schema.org\",\"@graph\":[{\"@type\":\"NewsArticle\",\"@id\":\"https:\/\/www.gaveanews.com\/index.php\/2025\/03\/09\/declaracao-de-estevao-futuro-de-naves-e-impacto-financeiro-as-ultimas-noticias-do-palmeiras\/#article\",\"isPartOf\":{\"@id\":\"https:\/\/www.gaveanews.com\/index.php\/2025\/03\/09\/declaracao-de-estevao-futuro-de-naves-e-impacto-financeiro-as-ultimas-noticias-do-palmeiras\/\"},\"author\":{\"name\":\"Matheus Felipe\",\"@id\":\"https:\/\/www.gaveanews.com\/#\/schema\/person\/8207cd4627f56151707418bfc835b2fb\"},\"headline\":\"Declara\u00e7\u00e3o de Estev\u00e3o, futuro de Naves e impacto financeiro: as \u00faltimas not\u00edcias do Palmeiras\",\"datePublished\":\"2025-03-09T09:25:00+00:00\",\"mainEntityOfPage\":{\"@id\":\"https:\/\/www.gaveanews.com\/index.php\/2025\/03\/09\/declaracao-de-estevao-futuro-de-naves-e-impacto-financeiro-as-ultimas-noticias-do-palmeiras\/\"},\"wordCount\":842,\"commentCount\":0,\"image\":{\"@id\":\"https:\/\/www.gaveanews.com\/index.php\/2025\/03\/09\/declaracao-de-estevao-futuro-de-naves-e-impacto-financeiro-as-ultimas-noticias-do-palmeiras\/#primaryimage\"},\"thumbnailUrl\":\"https:\/\/www.gaveanews.com\/wp-content\/uploads\/Jogadores-do-Palmeiras-reunidos-durante-partida-da-Copa-do-Brasil-2024.webp\",\"articleSection\":[\"Palmeiras\"],\"inLanguage\":\"pt-BR\",\"potentialAction\":[{\"@type\":\"CommentAction\",\"name\":\"Comment\",\"target\":[\"https:\/\/www.gaveanews.com\/index.php\/2025\/03\/09\/declaracao-de-estevao-futuro-de-naves-e-impacto-financeiro-as-ultimas-noticias-do-palmeiras\/#respond\"]}],\"copyrightYear\":\"2025\",\"copyrightHolder\":{\"@id\":\"https:\/\/www.gaveanews.com\/#organization\"}},{\"@type\":\"WebPage\",\"@id\":\"https:\/\/www.gaveanews.com\/index.php\/2025\/03\/09\/declaracao-de-estevao-futuro-de-naves-e-impacto-financeiro-as-ultimas-noticias-do-palmeiras\/\",\"url\":\"https:\/\/www.gaveanews.com\/index.php\/2025\/03\/09\/declaracao-de-estevao-futuro-de-naves-e-impacto-financeiro-as-ultimas-noticias-do-palmeiras\/\",\"name\":\"Declara\u00e7\u00e3o de Estev\u00e3o, futuro de Naves e impacto financeiro: as \u00faltimas not\u00edcias do Palmeiras\",\"isPartOf\":{\"@id\":\"https:\/\/www.gaveanews.com\/#website\"},\"primaryImageOfPage\":{\"@id\":\"https:\/\/www.gaveanews.com\/index.php\/2025\/03\/09\/declaracao-de-estevao-futuro-de-naves-e-impacto-financeiro-as-ultimas-noticias-do-palmeiras\/#primaryimage\"},\"image\":{\"@id\":\"https:\/\/www.gaveanews.com\/index.php\/2025\/03\/09\/declaracao-de-estevao-futuro-de-naves-e-impacto-financeiro-as-ultimas-noticias-do-palmeiras\/#primaryimage\"},\"thumbnailUrl\":\"https:\/\/www.gaveanews.com\/wp-content\/uploads\/Jogadores-do-Palmeiras-reunidos-durante-partida-da-Copa-do-Brasil-2024.webp\",\"datePublished\":\"2025-03-09T09:25:00+00:00\",\"author\":{\"@id\":\"https:\/\/www.gaveanews.com\/#\/schema\/person\/8207cd4627f56151707418bfc835b2fb\"},\"breadcrumb\":{\"@id\":\"https:\/\/www.gaveanews.com\/index.php\/2025\/03\/09\/declaracao-de-estevao-futuro-de-naves-e-impacto-financeiro-as-ultimas-noticias-do-palmeiras\/#breadcrumb\"},\"inLanguage\":\"pt-BR\",\"potentialAction\":[{\"@type\":\"ReadAction\",\"target\":[\"https:\/\/www.gaveanews.com\/index.php\/2025\/03\/09\/declaracao-de-estevao-futuro-de-naves-e-impacto-financeiro-as-ultimas-noticias-do-palmeiras\/\"]}]},{\"@type\":\"ImageObject\",\"inLanguage\":\"pt-BR\",\"@id\":\"https:\/\/www.gaveanews.com\/index.php\/2025\/03\/09\/declaracao-de-estevao-futuro-de-naves-e-impacto-financeiro-as-ultimas-noticias-do-palmeiras\/#primaryimage\",\"url\":\"https:\/\/www.gaveanews.com\/wp-content\/uploads\/Jogadores-do-Palmeiras-reunidos-durante-partida-da-Copa-do-Brasil-2024.webp\",\"contentUrl\":\"https:\/\/www.gaveanews.com\/wp-content\/uploads\/Jogadores-do-Palmeiras-reunidos-durante-partida-da-Copa-do-Brasil-2024.webp\",\"width\":1187,\"height\":792,\"caption\":\"Jogadores do Palmeiras reunidos durante partida da Copa do Brasil 2024 (Foto: Reprodu\u00e7\u00e3o\/Palmeiras)\"},{\"@type\":\"BreadcrumbList\",\"@id\":\"https:\/\/www.gaveanews.com\/index.php\/2025\/03\/09\/declaracao-de-estevao-futuro-de-naves-e-impacto-financeiro-as-ultimas-noticias-do-palmeiras\/#breadcrumb\",\"itemListElement\":[{\"@type\":\"ListItem\",\"position\":1,\"name\":\"Home\",\"item\":\"https:\/\/www.gaveanews.com\/\"},{\"@type\":\"ListItem\",\"position\":2,\"name\":\"Declara\u00e7\u00e3o de Estev\u00e3o, futuro de Naves e impacto financeiro: as \u00faltimas not\u00edcias do Palmeiras\"}]},{\"@type\":\"WebSite\",\"@id\":\"https:\/\/www.gaveanews.com\/#website\",\"url\":\"https:\/\/www.gaveanews.com\/\",\"name\":\"G\u00e1vea News\",\"description\":\"Veja todas as not\u00edcias sobre o Flamengo: Contrata\u00e7\u00f5es, categorias de base, resultados das partidas, tabela de classifica\u00e7\u00e3o, pr\u00f3ximos jogos!\",\"potentialAction\":[{\"@type\":\"SearchAction\",\"target\":{\"@type\":\"EntryPoint\",\"urlTemplate\":\"https:\/\/www.gaveanews.com\/?s={search_term_string}\"},\"query-input\":{\"@type\":\"PropertyValueSpecification\",\"valueRequired\":true,\"valueName\":\"search_term_string\"}}],\"inLanguage\":\"pt-BR\"},{\"@type\":\"Person\",\"@id\":\"https:\/\/www.gaveanews.com\/#\/schema\/person\/8207cd4627f56151707418bfc835b2fb\",\"name\":\"Matheus Felipe\",\"image\":{\"@type\":\"ImageObject\",\"inLanguage\":\"pt-BR\",\"@id\":\"https:\/\/www.gaveanews.com\/#\/schema\/person\/image\/\",\"url\":\"https:\/\/secure.gravatar.com\/avatar\/a452ffbed9130f726358b298bb3a99ce4bd3c5338411f8440e87e14d74c7c087?s=96&d=mm&r=g\",\"contentUrl\":\"https:\/\/secure.gravatar.com\/avatar\/a452ffbed9130f726358b298bb3a99ce4bd3c5338411f8440e87e14d74c7c087?s=96&d=mm&r=g\",\"caption\":\"Matheus Felipe\"}}]}<\/script>\n<!-- \/ Yoast SEO Premium plugin. -->","yoast_head_json":{"title":"Declara\u00e7\u00e3o de Estev\u00e3o, futuro de Naves e impacto financeiro: as \u00faltimas not\u00edcias do Palmeiras","robots":{"index":"index","follow":"follow","max-snippet":"max-snippet:-1","max-image-preview":"max-image-preview:large","max-video-preview":"max-video-preview:-1"},"canonical":"https:\/\/www.gaveanews.com\/index.php\/2025\/03\/09\/declaracao-de-estevao-futuro-de-naves-e-impacto-financeiro-as-ultimas-noticias-do-palmeiras\/","og_locale":"pt_BR","og_type":"article","og_title":"Declara\u00e7\u00e3o de Estev\u00e3o, futuro de Naves e impacto financeiro: as \u00faltimas not\u00edcias do Palmeiras","og_description":"Nas \u00faltimas horas, o foco das not\u00edcias sobre o Palmeiras se concentram nos bastidores do clube, com destaques do dia a dia do time. Por conta deste contexto, leia abaixo um resumo preparado pela equipe do portal G\u00e1vea News para lhe manter muito bem informado! Impacto financeiro O Palmeiras se prepara para enfrentar o S\u00e3o [&hellip;]","og_url":"https:\/\/www.gaveanews.com\/index.php\/2025\/03\/09\/declaracao-de-estevao-futuro-de-naves-e-impacto-financeiro-as-ultimas-noticias-do-palmeiras\/","og_site_name":"G\u00e1vea News","article_publisher":"https:\/\/facebook.com\/gaveaNews\/","article_published_time":"2025-03-09T09:25:00+00:00","og_image":[{"width":1187,"height":792,"url":"https:\/\/www.gaveanews.com\/wp-content\/uploads\/Jogadores-do-Palmeiras-reunidos-durante-partida-da-Copa-do-Brasil-2024.webp","type":"image\/webp"}],"author":"Matheus Felipe","twitter_card":"summary_large_image","twitter_misc":{"Escrito por":"Matheus Felipe","Est. tempo de leitura":"5 minutos"},"schema":{"@context":"https:\/\/schema.org","@graph":[{"@type":"NewsArticle","@id":"https:\/\/www.gaveanews.com\/index.php\/2025\/03\/09\/declaracao-de-estevao-futuro-de-naves-e-impacto-financeiro-as-ultimas-noticias-do-palmeiras\/#article","isPartOf":{"@id":"https:\/\/www.gaveanews.com\/index.php\/2025\/03\/09\/declaracao-de-estevao-futuro-de-naves-e-impacto-financeiro-as-ultimas-noticias-do-palmeiras\/"},"author":{"name":"Matheus Felipe","@id":"https:\/\/www.gaveanews.com\/#\/schema\/person\/8207cd4627f56151707418bfc835b2fb"},"headline":"Declara\u00e7\u00e3o de Estev\u00e3o, futuro de Naves e impacto financeiro: as \u00faltimas not\u00edcias do Palmeiras","datePublished":"2025-03-09T09:25:00+00:00","mainEntityOfPage":{"@id":"https:\/\/www.gaveanews.com\/index.php\/2025\/03\/09\/declaracao-de-estevao-futuro-de-naves-e-impacto-financeiro-as-ultimas-noticias-do-palmeiras\/"},"wordCount":842,"commentCount":0,"image":{"@id":"https:\/\/www.gaveanews.com\/index.php\/2025\/03\/09\/declaracao-de-estevao-futuro-de-naves-e-impacto-financeiro-as-ultimas-noticias-do-palmeiras\/#primaryimage"},"thumbnailUrl":"https:\/\/www.gaveanews.com\/wp-content\/uploads\/Jogadores-do-Palmeiras-reunidos-durante-partida-da-Copa-do-Brasil-2024.webp","articleSection":["Palmeiras"],"inLanguage":"pt-BR","potentialAction":[{"@type":"CommentAction","name":"Comment","target":["https:\/\/www.gaveanews.com\/index.php\/2025\/03\/09\/declaracao-de-estevao-futuro-de-naves-e-impacto-financeiro-as-ultimas-noticias-do-palmeiras\/#respond"]}],"copyrightYear":"2025","copyrightHolder":{"@id":"https:\/\/www.gaveanews.com\/#organization"}},{"@type":"WebPage","@id":"https:\/\/www.gaveanews.com\/index.php\/2025\/03\/09\/declaracao-de-estevao-futuro-de-naves-e-impacto-financeiro-as-ultimas-noticias-do-palmeiras\/","url":"https:\/\/www.gaveanews.com\/index.php\/2025\/03\/09\/declaracao-de-estevao-futuro-de-naves-e-impacto-financeiro-as-ultimas-noticias-do-palmeiras\/","name":"Declara\u00e7\u00e3o de Estev\u00e3o, futuro de Naves e impacto financeiro: as \u00faltimas not\u00edcias do Palmeiras","isPartOf":{"@id":"https:\/\/www.gaveanews.com\/#website"},"primaryImageOfPage":{"@id":"https:\/\/www.gaveanews.com\/index.php\/2025\/03\/09\/declaracao-de-estevao-futuro-de-naves-e-impacto-financeiro-as-ultimas-noticias-do-palmeiras\/#primaryimage"},"image":{"@id":"https:\/\/www.gaveanews.com\/index.php\/2025\/03\/09\/declaracao-de-estevao-futuro-de-naves-e-impacto-financeiro-as-ultimas-noticias-do-palmeiras\/#primaryimage"},"thumbnailUrl":"https:\/\/www.gaveanews.com\/wp-content\/uploads\/Jogadores-do-Palmeiras-reunidos-durante-partida-da-Copa-do-Brasil-2024.webp","datePublished":"2025-03-09T09:25:00+00:00","author":{"@id":"https:\/\/www.gaveanews.com\/#\/schema\/person\/8207cd4627f56151707418bfc835b2fb"},"breadcrumb":{"@id":"https:\/\/www.gaveanews.com\/index.php\/2025\/03\/09\/declaracao-de-estevao-futuro-de-naves-e-impacto-financeiro-as-ultimas-noticias-do-palmeiras\/#breadcrumb"},"inLanguage":"pt-BR","potentialAction":[{"@type":"ReadAction","target":["https:\/\/www.gaveanews.com\/index.php\/2025\/03\/09\/declaracao-de-estevao-futuro-de-naves-e-impacto-financeiro-as-ultimas-noticias-do-palmeiras\/"]}]},{"@type":"ImageObject","inLanguage":"pt-BR","@id":"https:\/\/www.gaveanews.com\/index.php\/2025\/03\/09\/declaracao-de-estevao-futuro-de-naves-e-impacto-financeiro-as-ultimas-noticias-do-palmeiras\/#primaryimage","url":"https:\/\/www.gaveanews.com\/wp-content\/uploads\/Jogadores-do-Palmeiras-reunidos-durante-partida-da-Copa-do-Brasil-2024.webp","contentUrl":"https:\/\/www.gaveanews.com\/wp-content\/uploads\/Jogadores-do-Palmeiras-reunidos-durante-partida-da-Copa-do-Brasil-2024.webp","width":1187,"height":792,"caption":"Jogadores do Palmeiras reunidos durante partida da Copa do Brasil 2024 (Foto: Reprodu\u00e7\u00e3o\/Palmeiras)"},{"@type":"BreadcrumbList","@id":"https:\/\/www.gaveanews.com\/index.php\/2025\/03\/09\/declaracao-de-estevao-futuro-de-naves-e-impacto-financeiro-as-ultimas-noticias-do-palmeiras\/#breadcrumb","itemListElement":[{"@type":"ListItem","position":1,"name":"Home","item":"https:\/\/www.gaveanews.com\/"},{"@type":"ListItem","position":2,"name":"Declara\u00e7\u00e3o de Estev\u00e3o, futuro de Naves e impacto financeiro: as \u00faltimas not\u00edcias do Palmeiras"}]},{"@type":"WebSite","@id":"https:\/\/www.gaveanews.com\/#website","url":"https:\/\/www.gaveanews.com\/","name":"G\u00e1vea News","description":"Veja todas as not\u00edcias sobre o Flamengo: Contrata\u00e7\u00f5es, categorias de base, resultados das partidas, tabela de classifica\u00e7\u00e3o, pr\u00f3ximos jogos!","potentialAction":[{"@type":"SearchAction","target":{"@type":"EntryPoint","urlTemplate":"https:\/\/www.gaveanews.com\/?s={search_term_string}"},"query-input":{"@type":"PropertyValueSpecification","valueRequired":true,"valueName":"search_term_string"}}],"inLanguage":"pt-BR"},{"@type":"Person","@id":"https:\/\/www.gaveanews.com\/#\/schema\/person\/8207cd4627f56151707418bfc835b2fb","name":"Matheus Felipe","image":{"@type":"ImageObject","inLanguage":"pt-BR","@id":"https:\/\/www.gaveanews.com\/#\/schema\/person\/image\/","url":"https:\/\/secure.gravatar.com\/avatar\/a452ffbed9130f726358b298bb3a99ce4bd3c5338411f8440e87e14d74c7c087?s=96&d=mm&r=g","contentUrl":"https:\/\/secure.gravatar.com\/avatar\/a452ffbed9130f726358b298bb3a99ce4bd3c5338411f8440e87e14d74c7c087?s=96&d=mm&r=g","caption":"Matheus Felipe"}}]}},"_links":{"self":[{"href":"https:\/\/www.gaveanews.com\/index.php\/wp-json\/wp\/v2\/posts\/237608","targetHints":{"allow":["GET"]}}],"collection":[{"href":"https:\/\/www.gaveanews.com\/index.php\/wp-json\/wp\/v2\/posts"}],"about":[{"href":"https:\/\/www.gaveanews.com\/index.php\/wp-json\/wp\/v2\/types\/post"}],"author":[{"embeddable":true,"href":"https:\/\/www.gaveanews.com\/index.php\/wp-json\/wp\/v2\/users\/27"}],"replies":[{"embeddable":true,"href":"https:\/\/www.gaveanews.com\/index.php\/wp-json\/wp\/v2\/comments?post=237608"}],"version-history":[{"count":1,"href":"https:\/\/www.gaveanews.com\/index.php\/wp-json\/wp\/v2\/posts\/237608\/revisions"}],"predecessor-version":[{"id":237637,"href":"https:\/\/www.gaveanews.com\/index.php\/wp-json\/wp\/v2\/posts\/237608\/revisions\/237637"}],"wp:featuredmedia":[{"embeddable":true,"href":"https:\/\/www.gaveanews.com\/index.php\/wp-json\/wp\/v2\/media\/158317"}],"wp:attachment":[{"href":"https:\/\/www.gaveanews.com\/index.php\/wp-json\/wp\/v2\/media?parent=237608"}],"wp:term":[{"taxonomy":"category","embeddable":true,"href":"https:\/\/www.gaveanews.com\/index.php\/wp-json\/wp\/v2\/categories?post=237608"},{"taxonomy":"post_tag","embeddable":true,"href":"https:\/\/www.gaveanews.com\/index.php\/wp-json\/wp\/v2\/tags?post=237608"}],"curies":[{"name":"wp","href":"https:\/\/api.w.org\/{rel}","templated":true}]}}