{"id":237687,"date":"2025-03-08T20:58:46","date_gmt":"2025-03-08T23:58:46","guid":{"rendered":"https:\/\/www.gaveanews.com\/?p=237687"},"modified":"2025-03-16T17:32:42","modified_gmt":"2025-03-16T20:32:42","slug":"flamengo-x-vasco-a-declaracao-de-filipe-luis","status":"publish","type":"post","link":"https:\/\/www.gaveanews.com\/index.php\/2025\/03\/08\/flamengo-x-vasco-a-declaracao-de-filipe-luis\/","title":{"rendered":"Flamengo x Vasco: a declara\u00e7\u00e3o de Filipe Lu\u00eds"},"content":{"rendered":"\n<p>O Flamengo garantiu sua vaga na final do Campeonato Carioca ao vencer o <a href=\"https:\/\/vasconoticias.com.br\/\">Vasco <\/a>por 2 a 1, de virada, no Maracan\u00e3, neste s\u00e1bado (08 de mar\u00e7o). O Cruz-Maltino chegou a abrir o placar com Nuno Moreira, mas Bruno Henrique e Luiz Ara\u00fajo marcaram os gols que selaram a classifica\u00e7\u00e3o rubro-negra. No agregado, o Fla venceu por 3 a 1.<\/p>\n\n\n\n<p>Ao final da partida, em entrevista coletiva, Filipe Lu\u00eds analisou o jogo e rasgou elogios \u00e0 postura do Fla, que segundo ele, dominou o confronto.<\/p>\n\n\n\n<p>&#8220;Grand\u00edssimo jogo da minha equipe, fomos dominadores no confronto, inclusive saindo atr\u00e1s no placar. Depois que tomamos no gol, acreditamos ainda mais no plano de jogo e no modelo. O time continuou jogando da mesma forma, com muita paci\u00eancia. Chegamos na \u00e1rea do Vasco muitas vezes durante o primeiro tempo. Foi um excelente jogo, fiquei muito feliz pela forma que os jogadores se comportaram. Intensidade muito, muito alta, est\u00e3o em uma rota\u00e7\u00e3o alt\u00edssima. Espero que se mantenham. Sobre o pr\u00f3ximo jogo, deixa eu descansar hoje, pelo menos&#8221;, disse.<\/p>\n\n\n\n<p>O t\u00e9cnico tamb\u00e9m foi questionado sobre o Flamengo &#8220;n\u00e3o enxergar&#8221; mais o Vasco como rival, devido ao hist\u00f3rico recente do cl\u00e1ssico. No entanto, Filipe fez quest\u00e3o de ressaltar o contr\u00e1rio.<\/p>\n\n\n\n<p>&#8220;O treinador enxerga todo mundo como o Manchester City. Toda vez eu vejo o advers\u00e1rio como o melhor time do mundo. Pelos \u00faltimos anos, disparidade financeira, o cl\u00e1ssico perdeu um pouco o nome para o torcedor, mas para os jogadores, esquece. Cl\u00e1ssico \u00e9 cl\u00e1ssico. Ele tira o melhor de cada jogador, os jogadores decisivos crescem, o Vasco se organizou bem para fazer um bom jogo. \u00c9 muito dif\u00edcil e tem um peso mental nos jogadores. Todo mundo corre at\u00e9 o \u00faltimo segundo. Isso \u00e9 cl\u00e1ssico. V\u00e3o ser oito cl\u00e1ssicos em 12 jogos e isso mentalmente \u00e9 um peso&#8221;<\/p>\n\n\n\n<p>Nos \u00faltimos 32 cl\u00e1ssicos entre Flamengo e Vasco, o Rubro-Negro venceu 19 embates e perdeu apenas dois. Foram 11 empates, com 53 gols marcados pelo Fla e 24 pelo Cruzmaltino.<\/p>\n","protected":false},"excerpt":{"rendered":"<p>O Flamengo garantiu sua vaga na final do Campeonato Carioca ao vencer o Vasco por 2 a 1, de virada, no Maracan\u00e3, neste s\u00e1bado (08 de mar\u00e7o). O Cruz-Maltino chegou a abrir o placar com Nuno Moreira, mas Bruno Henrique e Luiz Ara\u00fajo marcaram os gols que selaram a classifica\u00e7\u00e3o rubro-negra. No agregado, o Fla [&hellip;]<\/p>\n","protected":false},"author":18,"featured_media":171213,"comment_status":"open","ping_status":"closed","sticky":false,"template":"","format":"standard","meta":{"footnotes":""},"categories":[1],"tags":[],"class_list":["post-237687","post","type-post","status-publish","format-standard","has-post-thumbnail","hentry","category-flamengo"],"yoast_head":"<!-- This site is optimized with the Yoast SEO Premium plugin v24.2 (Yoast SEO v26.9) - https:\/\/yoast.com\/product\/yoast-seo-premium-wordpress\/ -->\n<title>Flamengo x Vasco: a declara\u00e7\u00e3o de Filipe Lu\u00eds<\/title>\n<meta name=\"robots\" content=\"index, follow, max-snippet:-1, max-image-preview:large, max-video-preview:-1\" \/>\n<link rel=\"canonical\" href=\"https:\/\/www.gaveanews.com\/index.php\/2025\/03\/08\/flamengo-x-vasco-a-declaracao-de-filipe-luis\/\" \/>\n<meta property=\"og:locale\" content=\"pt_BR\" \/>\n<meta property=\"og:type\" content=\"article\" \/>\n<meta property=\"og:title\" content=\"Flamengo x Vasco: a declara\u00e7\u00e3o de Filipe Lu\u00eds\" \/>\n<meta property=\"og:description\" content=\"O Flamengo garantiu sua vaga na final do Campeonato Carioca ao vencer o Vasco por 2 a 1, de virada, no Maracan\u00e3, neste s\u00e1bado (08 de mar\u00e7o). O Cruz-Maltino chegou a abrir o placar com Nuno Moreira, mas Bruno Henrique e Luiz Ara\u00fajo marcaram os gols que selaram a classifica\u00e7\u00e3o rubro-negra. No agregado, o Fla [&hellip;]\" \/>\n<meta property=\"og:url\" content=\"https:\/\/www.gaveanews.com\/index.php\/2025\/03\/08\/flamengo-x-vasco-a-declaracao-de-filipe-luis\/\" \/>\n<meta property=\"og:site_name\" content=\"G\u00e1vea News\" \/>\n<meta property=\"article:publisher\" content=\"https:\/\/facebook.com\/gaveaNews\/\" \/>\n<meta property=\"article:published_time\" content=\"2025-03-08T23:58:46+00:00\" \/>\n<meta property=\"article:modified_time\" content=\"2025-03-16T20:32:42+00:00\" \/>\n<meta property=\"og:image\" content=\"http:\/\/www.gaveanews.com\/wp-content\/uploads\/Filipe-Luis-como-tecnico-do-Flamengo-em-2024.webp\" \/>\n\t<meta property=\"og:image:width\" content=\"1065\" \/>\n\t<meta property=\"og:image:height\" content=\"710\" \/>\n\t<meta property=\"og:image:type\" content=\"image\/webp\" \/>\n<meta name=\"author\" content=\"Paula Silva\" \/>\n<meta name=\"twitter:card\" content=\"summary_large_image\" \/>\n<meta name=\"twitter:label1\" content=\"Escrito por\" \/>\n\t<meta name=\"twitter:data1\" content=\"Paula Silva\" \/>\n\t<meta name=\"twitter:label2\" content=\"Est. tempo de leitura\" \/>\n\t<meta name=\"twitter:data2\" content=\"3 minutos\" \/>\n<script type=\"application\/ld+json\" class=\"yoast-schema-graph\">{\"@context\":\"https:\/\/schema.org\",\"@graph\":[{\"@type\":\"NewsArticle\",\"@id\":\"https:\/\/www.gaveanews.com\/index.php\/2025\/03\/08\/flamengo-x-vasco-a-declaracao-de-filipe-luis\/#article\",\"isPartOf\":{\"@id\":\"https:\/\/www.gaveanews.com\/index.php\/2025\/03\/08\/flamengo-x-vasco-a-declaracao-de-filipe-luis\/\"},\"author\":{\"name\":\"Paula Silva\",\"@id\":\"https:\/\/www.gaveanews.com\/#\/schema\/person\/daf63eec72e1164eb13dc35096c2b8da\"},\"headline\":\"Flamengo x Vasco: a declara\u00e7\u00e3o de Filipe Lu\u00eds\",\"datePublished\":\"2025-03-08T23:58:46+00:00\",\"dateModified\":\"2025-03-16T20:32:42+00:00\",\"mainEntityOfPage\":{\"@id\":\"https:\/\/www.gaveanews.com\/index.php\/2025\/03\/08\/flamengo-x-vasco-a-declaracao-de-filipe-luis\/\"},\"wordCount\":353,\"commentCount\":0,\"image\":{\"@id\":\"https:\/\/www.gaveanews.com\/index.php\/2025\/03\/08\/flamengo-x-vasco-a-declaracao-de-filipe-luis\/#primaryimage\"},\"thumbnailUrl\":\"https:\/\/www.gaveanews.com\/wp-content\/uploads\/Filipe-Luis-como-tecnico-do-Flamengo-em-2024.webp\",\"articleSection\":[\"Flamengo\"],\"inLanguage\":\"pt-BR\",\"potentialAction\":[{\"@type\":\"CommentAction\",\"name\":\"Comment\",\"target\":[\"https:\/\/www.gaveanews.com\/index.php\/2025\/03\/08\/flamengo-x-vasco-a-declaracao-de-filipe-luis\/#respond\"]}],\"copyrightYear\":\"2025\",\"copyrightHolder\":{\"@id\":\"https:\/\/www.gaveanews.com\/#organization\"}},{\"@type\":\"WebPage\",\"@id\":\"https:\/\/www.gaveanews.com\/index.php\/2025\/03\/08\/flamengo-x-vasco-a-declaracao-de-filipe-luis\/\",\"url\":\"https:\/\/www.gaveanews.com\/index.php\/2025\/03\/08\/flamengo-x-vasco-a-declaracao-de-filipe-luis\/\",\"name\":\"Flamengo x Vasco: a declara\u00e7\u00e3o de Filipe Lu\u00eds\",\"isPartOf\":{\"@id\":\"https:\/\/www.gaveanews.com\/#website\"},\"primaryImageOfPage\":{\"@id\":\"https:\/\/www.gaveanews.com\/index.php\/2025\/03\/08\/flamengo-x-vasco-a-declaracao-de-filipe-luis\/#primaryimage\"},\"image\":{\"@id\":\"https:\/\/www.gaveanews.com\/index.php\/2025\/03\/08\/flamengo-x-vasco-a-declaracao-de-filipe-luis\/#primaryimage\"},\"thumbnailUrl\":\"https:\/\/www.gaveanews.com\/wp-content\/uploads\/Filipe-Luis-como-tecnico-do-Flamengo-em-2024.webp\",\"datePublished\":\"2025-03-08T23:58:46+00:00\",\"dateModified\":\"2025-03-16T20:32:42+00:00\",\"author\":{\"@id\":\"https:\/\/www.gaveanews.com\/#\/schema\/person\/daf63eec72e1164eb13dc35096c2b8da\"},\"breadcrumb\":{\"@id\":\"https:\/\/www.gaveanews.com\/index.php\/2025\/03\/08\/flamengo-x-vasco-a-declaracao-de-filipe-luis\/#breadcrumb\"},\"inLanguage\":\"pt-BR\",\"potentialAction\":[{\"@type\":\"ReadAction\",\"target\":[\"https:\/\/www.gaveanews.com\/index.php\/2025\/03\/08\/flamengo-x-vasco-a-declaracao-de-filipe-luis\/\"]}]},{\"@type\":\"ImageObject\",\"inLanguage\":\"pt-BR\",\"@id\":\"https:\/\/www.gaveanews.com\/index.php\/2025\/03\/08\/flamengo-x-vasco-a-declaracao-de-filipe-luis\/#primaryimage\",\"url\":\"https:\/\/www.gaveanews.com\/wp-content\/uploads\/Filipe-Luis-como-tecnico-do-Flamengo-em-2024.webp\",\"contentUrl\":\"https:\/\/www.gaveanews.com\/wp-content\/uploads\/Filipe-Luis-como-tecnico-do-Flamengo-em-2024.webp\",\"width\":1065,\"height\":710,\"caption\":\"Filipe Lu\u00eds como t\u00e9cnico do Flamengo em (Foto: Gilvan de Souza e Marcelo Cortes \/ CRF)\"},{\"@type\":\"BreadcrumbList\",\"@id\":\"https:\/\/www.gaveanews.com\/index.php\/2025\/03\/08\/flamengo-x-vasco-a-declaracao-de-filipe-luis\/#breadcrumb\",\"itemListElement\":[{\"@type\":\"ListItem\",\"position\":1,\"name\":\"Home\",\"item\":\"https:\/\/www.gaveanews.com\/\"},{\"@type\":\"ListItem\",\"position\":2,\"name\":\"Flamengo x Vasco: a declara\u00e7\u00e3o de Filipe Lu\u00eds\"}]},{\"@type\":\"WebSite\",\"@id\":\"https:\/\/www.gaveanews.com\/#website\",\"url\":\"https:\/\/www.gaveanews.com\/\",\"name\":\"G\u00e1vea News\",\"description\":\"Veja todas as not\u00edcias sobre o Flamengo: Contrata\u00e7\u00f5es, categorias de base, resultados das partidas, tabela de classifica\u00e7\u00e3o, pr\u00f3ximos jogos!\",\"potentialAction\":[{\"@type\":\"SearchAction\",\"target\":{\"@type\":\"EntryPoint\",\"urlTemplate\":\"https:\/\/www.gaveanews.com\/?s={search_term_string}\"},\"query-input\":{\"@type\":\"PropertyValueSpecification\",\"valueRequired\":true,\"valueName\":\"search_term_string\"}}],\"inLanguage\":\"pt-BR\"},{\"@type\":\"Person\",\"@id\":\"https:\/\/www.gaveanews.com\/#\/schema\/person\/daf63eec72e1164eb13dc35096c2b8da\",\"name\":\"Paula Silva\",\"image\":{\"@type\":\"ImageObject\",\"inLanguage\":\"pt-BR\",\"@id\":\"https:\/\/www.gaveanews.com\/#\/schema\/person\/image\/\",\"url\":\"https:\/\/secure.gravatar.com\/avatar\/eda381c845527cc5d64c13b901833cda29d97500ba040d3e6461f76f51d163bb?s=96&d=mm&r=g\",\"contentUrl\":\"https:\/\/secure.gravatar.com\/avatar\/eda381c845527cc5d64c13b901833cda29d97500ba040d3e6461f76f51d163bb?s=96&d=mm&r=g\",\"caption\":\"Paula Silva\"}}]}<\/script>\n<!-- \/ Yoast SEO Premium plugin. -->","yoast_head_json":{"title":"Flamengo x Vasco: a declara\u00e7\u00e3o de Filipe Lu\u00eds","robots":{"index":"index","follow":"follow","max-snippet":"max-snippet:-1","max-image-preview":"max-image-preview:large","max-video-preview":"max-video-preview:-1"},"canonical":"https:\/\/www.gaveanews.com\/index.php\/2025\/03\/08\/flamengo-x-vasco-a-declaracao-de-filipe-luis\/","og_locale":"pt_BR","og_type":"article","og_title":"Flamengo x Vasco: a declara\u00e7\u00e3o de Filipe Lu\u00eds","og_description":"O Flamengo garantiu sua vaga na final do Campeonato Carioca ao vencer o Vasco por 2 a 1, de virada, no Maracan\u00e3, neste s\u00e1bado (08 de mar\u00e7o). O Cruz-Maltino chegou a abrir o placar com Nuno Moreira, mas Bruno Henrique e Luiz Ara\u00fajo marcaram os gols que selaram a classifica\u00e7\u00e3o rubro-negra. No agregado, o Fla [&hellip;]","og_url":"https:\/\/www.gaveanews.com\/index.php\/2025\/03\/08\/flamengo-x-vasco-a-declaracao-de-filipe-luis\/","og_site_name":"G\u00e1vea News","article_publisher":"https:\/\/facebook.com\/gaveaNews\/","article_published_time":"2025-03-08T23:58:46+00:00","article_modified_time":"2025-03-16T20:32:42+00:00","og_image":[{"width":1065,"height":710,"url":"http:\/\/www.gaveanews.com\/wp-content\/uploads\/Filipe-Luis-como-tecnico-do-Flamengo-em-2024.webp","type":"image\/webp"}],"author":"Paula Silva","twitter_card":"summary_large_image","twitter_misc":{"Escrito por":"Paula Silva","Est. tempo de leitura":"3 minutos"},"schema":{"@context":"https:\/\/schema.org","@graph":[{"@type":"NewsArticle","@id":"https:\/\/www.gaveanews.com\/index.php\/2025\/03\/08\/flamengo-x-vasco-a-declaracao-de-filipe-luis\/#article","isPartOf":{"@id":"https:\/\/www.gaveanews.com\/index.php\/2025\/03\/08\/flamengo-x-vasco-a-declaracao-de-filipe-luis\/"},"author":{"name":"Paula Silva","@id":"https:\/\/www.gaveanews.com\/#\/schema\/person\/daf63eec72e1164eb13dc35096c2b8da"},"headline":"Flamengo x Vasco: a declara\u00e7\u00e3o de Filipe Lu\u00eds","datePublished":"2025-03-08T23:58:46+00:00","dateModified":"2025-03-16T20:32:42+00:00","mainEntityOfPage":{"@id":"https:\/\/www.gaveanews.com\/index.php\/2025\/03\/08\/flamengo-x-vasco-a-declaracao-de-filipe-luis\/"},"wordCount":353,"commentCount":0,"image":{"@id":"https:\/\/www.gaveanews.com\/index.php\/2025\/03\/08\/flamengo-x-vasco-a-declaracao-de-filipe-luis\/#primaryimage"},"thumbnailUrl":"https:\/\/www.gaveanews.com\/wp-content\/uploads\/Filipe-Luis-como-tecnico-do-Flamengo-em-2024.webp","articleSection":["Flamengo"],"inLanguage":"pt-BR","potentialAction":[{"@type":"CommentAction","name":"Comment","target":["https:\/\/www.gaveanews.com\/index.php\/2025\/03\/08\/flamengo-x-vasco-a-declaracao-de-filipe-luis\/#respond"]}],"copyrightYear":"2025","copyrightHolder":{"@id":"https:\/\/www.gaveanews.com\/#organization"}},{"@type":"WebPage","@id":"https:\/\/www.gaveanews.com\/index.php\/2025\/03\/08\/flamengo-x-vasco-a-declaracao-de-filipe-luis\/","url":"https:\/\/www.gaveanews.com\/index.php\/2025\/03\/08\/flamengo-x-vasco-a-declaracao-de-filipe-luis\/","name":"Flamengo x Vasco: a declara\u00e7\u00e3o de Filipe Lu\u00eds","isPartOf":{"@id":"https:\/\/www.gaveanews.com\/#website"},"primaryImageOfPage":{"@id":"https:\/\/www.gaveanews.com\/index.php\/2025\/03\/08\/flamengo-x-vasco-a-declaracao-de-filipe-luis\/#primaryimage"},"image":{"@id":"https:\/\/www.gaveanews.com\/index.php\/2025\/03\/08\/flamengo-x-vasco-a-declaracao-de-filipe-luis\/#primaryimage"},"thumbnailUrl":"https:\/\/www.gaveanews.com\/wp-content\/uploads\/Filipe-Luis-como-tecnico-do-Flamengo-em-2024.webp","datePublished":"2025-03-08T23:58:46+00:00","dateModified":"2025-03-16T20:32:42+00:00","author":{"@id":"https:\/\/www.gaveanews.com\/#\/schema\/person\/daf63eec72e1164eb13dc35096c2b8da"},"breadcrumb":{"@id":"https:\/\/www.gaveanews.com\/index.php\/2025\/03\/08\/flamengo-x-vasco-a-declaracao-de-filipe-luis\/#breadcrumb"},"inLanguage":"pt-BR","potentialAction":[{"@type":"ReadAction","target":["https:\/\/www.gaveanews.com\/index.php\/2025\/03\/08\/flamengo-x-vasco-a-declaracao-de-filipe-luis\/"]}]},{"@type":"ImageObject","inLanguage":"pt-BR","@id":"https:\/\/www.gaveanews.com\/index.php\/2025\/03\/08\/flamengo-x-vasco-a-declaracao-de-filipe-luis\/#primaryimage","url":"https:\/\/www.gaveanews.com\/wp-content\/uploads\/Filipe-Luis-como-tecnico-do-Flamengo-em-2024.webp","contentUrl":"https:\/\/www.gaveanews.com\/wp-content\/uploads\/Filipe-Luis-como-tecnico-do-Flamengo-em-2024.webp","width":1065,"height":710,"caption":"Filipe Lu\u00eds como t\u00e9cnico do Flamengo em (Foto: Gilvan de Souza e Marcelo Cortes \/ CRF)"},{"@type":"BreadcrumbList","@id":"https:\/\/www.gaveanews.com\/index.php\/2025\/03\/08\/flamengo-x-vasco-a-declaracao-de-filipe-luis\/#breadcrumb","itemListElement":[{"@type":"ListItem","position":1,"name":"Home","item":"https:\/\/www.gaveanews.com\/"},{"@type":"ListItem","position":2,"name":"Flamengo x Vasco: a declara\u00e7\u00e3o de Filipe Lu\u00eds"}]},{"@type":"WebSite","@id":"https:\/\/www.gaveanews.com\/#website","url":"https:\/\/www.gaveanews.com\/","name":"G\u00e1vea News","description":"Veja todas as not\u00edcias sobre o Flamengo: Contrata\u00e7\u00f5es, categorias de base, resultados das partidas, tabela de classifica\u00e7\u00e3o, pr\u00f3ximos jogos!","potentialAction":[{"@type":"SearchAction","target":{"@type":"EntryPoint","urlTemplate":"https:\/\/www.gaveanews.com\/?s={search_term_string}"},"query-input":{"@type":"PropertyValueSpecification","valueRequired":true,"valueName":"search_term_string"}}],"inLanguage":"pt-BR"},{"@type":"Person","@id":"https:\/\/www.gaveanews.com\/#\/schema\/person\/daf63eec72e1164eb13dc35096c2b8da","name":"Paula Silva","image":{"@type":"ImageObject","inLanguage":"pt-BR","@id":"https:\/\/www.gaveanews.com\/#\/schema\/person\/image\/","url":"https:\/\/secure.gravatar.com\/avatar\/eda381c845527cc5d64c13b901833cda29d97500ba040d3e6461f76f51d163bb?s=96&d=mm&r=g","contentUrl":"https:\/\/secure.gravatar.com\/avatar\/eda381c845527cc5d64c13b901833cda29d97500ba040d3e6461f76f51d163bb?s=96&d=mm&r=g","caption":"Paula Silva"}}]}},"_links":{"self":[{"href":"https:\/\/www.gaveanews.com\/index.php\/wp-json\/wp\/v2\/posts\/237687","targetHints":{"allow":["GET"]}}],"collection":[{"href":"https:\/\/www.gaveanews.com\/index.php\/wp-json\/wp\/v2\/posts"}],"about":[{"href":"https:\/\/www.gaveanews.com\/index.php\/wp-json\/wp\/v2\/types\/post"}],"author":[{"embeddable":true,"href":"https:\/\/www.gaveanews.com\/index.php\/wp-json\/wp\/v2\/users\/18"}],"replies":[{"embeddable":true,"href":"https:\/\/www.gaveanews.com\/index.php\/wp-json\/wp\/v2\/comments?post=237687"}],"version-history":[{"count":2,"href":"https:\/\/www.gaveanews.com\/index.php\/wp-json\/wp\/v2\/posts\/237687\/revisions"}],"predecessor-version":[{"id":240673,"href":"https:\/\/www.gaveanews.com\/index.php\/wp-json\/wp\/v2\/posts\/237687\/revisions\/240673"}],"wp:featuredmedia":[{"embeddable":true,"href":"https:\/\/www.gaveanews.com\/index.php\/wp-json\/wp\/v2\/media\/171213"}],"wp:attachment":[{"href":"https:\/\/www.gaveanews.com\/index.php\/wp-json\/wp\/v2\/media?parent=237687"}],"wp:term":[{"taxonomy":"category","embeddable":true,"href":"https:\/\/www.gaveanews.com\/index.php\/wp-json\/wp\/v2\/categories?post=237687"},{"taxonomy":"post_tag","embeddable":true,"href":"https:\/\/www.gaveanews.com\/index.php\/wp-json\/wp\/v2\/tags?post=237687"}],"curies":[{"name":"wp","href":"https:\/\/api.w.org\/{rel}","templated":true}]}}