{"id":237691,"date":"2025-03-08T21:12:14","date_gmt":"2025-03-09T00:12:14","guid":{"rendered":"https:\/\/www.gaveanews.com\/?p=237691"},"modified":"2025-03-08T21:12:17","modified_gmt":"2025-03-09T00:12:17","slug":"atletico-mg-x-america-mg-a-declaracao-de-cuca","status":"publish","type":"post","link":"https:\/\/www.gaveanews.com\/index.php\/2025\/03\/08\/atletico-mg-x-america-mg-a-declaracao-de-cuca\/","title":{"rendered":"Atl\u00e9tico-MG x Am\u00e9rica-MG: a declara\u00e7\u00e3o de Cuca"},"content":{"rendered":"\n<p>Ap\u00f3s a expressiva vit\u00f3ria por 4 a 0 sobre o Am\u00e9rica-MG na primeira partida da final do Campeonato Mineiro, o t\u00e9cnico do Atl\u00e9tico-MG, Cuca, adotou uma postura cautelosa e ressaltou a necessidade de manter a seriedade para o jogo de volta. Apesar da vantagem significativa, o treinador enfatizou que o t\u00edtulo ainda n\u00e3o est\u00e1 garantido.<\/p>\n\n\n\n<p>Cuca destacou que, embora a equipe tenha conquistado uma vantagem expressiva, \u00e9 fundamental manter a mesma seriedade e dedica\u00e7\u00e3o no jogo final para assegurar o t\u00edtulo. <\/p>\n\n\n\n<p>&#8220;\u00c9 fazer as mesmas coisas que a gente faz, o mesmo tipo de trabalho, com a mesma aceita\u00e7\u00e3o, a mesma entrega que eles t\u00eam tido nos treinos. L\u00f3gico que \u00e9 uma grande vantagem, \u00e9 ineg\u00e1vel, mas tem que fazer o jogo final com a mesma seriedade para sair campe\u00e3o&#8221;, iniciou:<\/p>\n\n\n\n<blockquote class=\"wp-block-quote is-layout-flow wp-block-quote-is-layout-flow\">\n<p>&#8220;Eu acho que n\u00e3o tem nada decidido ainda. Tem o segundo jogo e a gente tem que ter p\u00e9 no ch\u00e3o, ter humildade para, se Deus quiser, sair campe\u00e3o. E, se n\u00e3o perder, sair campe\u00e3o invicto&#8221;, pontuou.<\/p>\n<\/blockquote>\n\n\n\n<p>O treinador tamb\u00e9m elogiou o desempenho do Am\u00e9rica-MG ao longo do campeonato, reconhecendo a qualidade e evolu\u00e7\u00e3o da equipe advers\u00e1ria. Ele ressaltou que o Am\u00e9rica \u00e9 uma equipe briosa, que joga limpo e que a derrota \u00e9 dif\u00edcil de ser digerida, mas \u00e9 preciso valorizar tudo o que o Am\u00e9rica fez neste campeonato. <\/p>\n\n\n\n<blockquote class=\"wp-block-quote is-layout-flow wp-block-quote-is-layout-flow\">\n<p>&#8220;A gente est\u00e1 muito feliz. S\u00e3o nove vit\u00f3rias seguidas. Um gol tomado. Tem que saborear. N\u00e3o \u00e9 sempre que voc\u00ea consegue n\u00fameros t\u00e3o bons assim e com o time jogando bem, com simplicidade, respeitando o advers\u00e1rio. O maior respeito \u00e9 tentar fazer gols, n\u00e3o querer ficar com a bola para l\u00e1 e para c\u00e1. Foi o que a gente fez durante o jogo, se bem que o Am\u00e9rica perdeu um jogador, e o jogo estava muito encardido. A gente fez o primeiro gol e conseguiu deslanchar&#8221;. <\/p>\n<\/blockquote>\n\n\n\n<p>Com a vit\u00f3ria, o Atl\u00e9tico-MG pode perder por at\u00e9 tr\u00eas gols de diferen\u00e7a na partida de volta que, ainda assim, garantir\u00e1 o hexacampeonato mineiro. O confronto decisivo est\u00e1 marcado para o pr\u00f3ximo s\u00e1bado (15 de mar\u00e7o), no Mineir\u00e3o.<\/p>\n","protected":false},"excerpt":{"rendered":"<p>Ap\u00f3s a expressiva vit\u00f3ria por 4 a 0 sobre o Am\u00e9rica-MG na primeira partida da final do Campeonato Mineiro, o t\u00e9cnico do Atl\u00e9tico-MG, Cuca, adotou uma postura cautelosa e ressaltou a necessidade de manter a seriedade para o jogo de volta. Apesar da vantagem significativa, o treinador enfatizou que o t\u00edtulo ainda n\u00e3o est\u00e1 garantido. [&hellip;]<\/p>\n","protected":false},"author":18,"featured_media":68026,"comment_status":"open","ping_status":"closed","sticky":false,"template":"","format":"standard","meta":{"footnotes":""},"categories":[136],"tags":[],"class_list":["post-237691","post","type-post","status-publish","format-standard","has-post-thumbnail","hentry","category-atletico-mg"],"yoast_head":"<!-- This site is optimized with the Yoast SEO Premium plugin v24.2 (Yoast SEO v26.9) - https:\/\/yoast.com\/product\/yoast-seo-premium-wordpress\/ -->\n<title>Atl\u00e9tico-MG x Am\u00e9rica-MG: a declara\u00e7\u00e3o de Cuca<\/title>\n<meta name=\"robots\" content=\"index, follow, max-snippet:-1, max-image-preview:large, max-video-preview:-1\" \/>\n<link rel=\"canonical\" href=\"https:\/\/www.gaveanews.com\/index.php\/2025\/03\/08\/atletico-mg-x-america-mg-a-declaracao-de-cuca\/\" \/>\n<meta property=\"og:locale\" content=\"pt_BR\" \/>\n<meta property=\"og:type\" content=\"article\" \/>\n<meta property=\"og:title\" content=\"Atl\u00e9tico-MG x Am\u00e9rica-MG: a declara\u00e7\u00e3o de Cuca\" \/>\n<meta property=\"og:description\" content=\"Ap\u00f3s a expressiva vit\u00f3ria por 4 a 0 sobre o Am\u00e9rica-MG na primeira partida da final do Campeonato Mineiro, o t\u00e9cnico do Atl\u00e9tico-MG, Cuca, adotou uma postura cautelosa e ressaltou a necessidade de manter a seriedade para o jogo de volta. Apesar da vantagem significativa, o treinador enfatizou que o t\u00edtulo ainda n\u00e3o est\u00e1 garantido. [&hellip;]\" \/>\n<meta property=\"og:url\" content=\"https:\/\/www.gaveanews.com\/index.php\/2025\/03\/08\/atletico-mg-x-america-mg-a-declaracao-de-cuca\/\" \/>\n<meta property=\"og:site_name\" content=\"G\u00e1vea News\" \/>\n<meta property=\"article:publisher\" content=\"https:\/\/facebook.com\/gaveaNews\/\" \/>\n<meta property=\"article:published_time\" content=\"2025-03-09T00:12:14+00:00\" \/>\n<meta property=\"article:modified_time\" content=\"2025-03-09T00:12:17+00:00\" \/>\n<meta property=\"og:image\" content=\"http:\/\/www.gaveanews.com\/wp-content\/uploads\/Cuca-tecnico-do-Atletico-MG.webp\" \/>\n\t<meta property=\"og:image:width\" content=\"1024\" \/>\n\t<meta property=\"og:image:height\" content=\"683\" \/>\n\t<meta property=\"og:image:type\" content=\"image\/jpeg\" \/>\n<meta name=\"author\" content=\"Paula Silva\" \/>\n<meta name=\"twitter:card\" content=\"summary_large_image\" \/>\n<meta name=\"twitter:label1\" content=\"Escrito por\" \/>\n\t<meta name=\"twitter:data1\" content=\"Paula Silva\" \/>\n\t<meta name=\"twitter:label2\" content=\"Est. tempo de leitura\" \/>\n\t<meta name=\"twitter:data2\" content=\"2 minutos\" \/>\n<script type=\"application\/ld+json\" class=\"yoast-schema-graph\">{\"@context\":\"https:\/\/schema.org\",\"@graph\":[{\"@type\":\"NewsArticle\",\"@id\":\"https:\/\/www.gaveanews.com\/index.php\/2025\/03\/08\/atletico-mg-x-america-mg-a-declaracao-de-cuca\/#article\",\"isPartOf\":{\"@id\":\"https:\/\/www.gaveanews.com\/index.php\/2025\/03\/08\/atletico-mg-x-america-mg-a-declaracao-de-cuca\/\"},\"author\":{\"name\":\"Paula Silva\",\"@id\":\"https:\/\/www.gaveanews.com\/#\/schema\/person\/daf63eec72e1164eb13dc35096c2b8da\"},\"headline\":\"Atl\u00e9tico-MG x Am\u00e9rica-MG: a declara\u00e7\u00e3o de Cuca\",\"datePublished\":\"2025-03-09T00:12:14+00:00\",\"dateModified\":\"2025-03-09T00:12:17+00:00\",\"mainEntityOfPage\":{\"@id\":\"https:\/\/www.gaveanews.com\/index.php\/2025\/03\/08\/atletico-mg-x-america-mg-a-declaracao-de-cuca\/\"},\"wordCount\":385,\"commentCount\":0,\"image\":{\"@id\":\"https:\/\/www.gaveanews.com\/index.php\/2025\/03\/08\/atletico-mg-x-america-mg-a-declaracao-de-cuca\/#primaryimage\"},\"thumbnailUrl\":\"https:\/\/www.gaveanews.com\/wp-content\/uploads\/Cuca-tecnico-do-Atletico-MG.webp\",\"articleSection\":[\"Atl\u00e9tico-MG\"],\"inLanguage\":\"pt-BR\",\"potentialAction\":[{\"@type\":\"CommentAction\",\"name\":\"Comment\",\"target\":[\"https:\/\/www.gaveanews.com\/index.php\/2025\/03\/08\/atletico-mg-x-america-mg-a-declaracao-de-cuca\/#respond\"]}],\"copyrightYear\":\"2025\",\"copyrightHolder\":{\"@id\":\"https:\/\/www.gaveanews.com\/#organization\"}},{\"@type\":\"WebPage\",\"@id\":\"https:\/\/www.gaveanews.com\/index.php\/2025\/03\/08\/atletico-mg-x-america-mg-a-declaracao-de-cuca\/\",\"url\":\"https:\/\/www.gaveanews.com\/index.php\/2025\/03\/08\/atletico-mg-x-america-mg-a-declaracao-de-cuca\/\",\"name\":\"Atl\u00e9tico-MG x Am\u00e9rica-MG: a declara\u00e7\u00e3o de Cuca\",\"isPartOf\":{\"@id\":\"https:\/\/www.gaveanews.com\/#website\"},\"primaryImageOfPage\":{\"@id\":\"https:\/\/www.gaveanews.com\/index.php\/2025\/03\/08\/atletico-mg-x-america-mg-a-declaracao-de-cuca\/#primaryimage\"},\"image\":{\"@id\":\"https:\/\/www.gaveanews.com\/index.php\/2025\/03\/08\/atletico-mg-x-america-mg-a-declaracao-de-cuca\/#primaryimage\"},\"thumbnailUrl\":\"https:\/\/www.gaveanews.com\/wp-content\/uploads\/Cuca-tecnico-do-Atletico-MG.webp\",\"datePublished\":\"2025-03-09T00:12:14+00:00\",\"dateModified\":\"2025-03-09T00:12:17+00:00\",\"author\":{\"@id\":\"https:\/\/www.gaveanews.com\/#\/schema\/person\/daf63eec72e1164eb13dc35096c2b8da\"},\"breadcrumb\":{\"@id\":\"https:\/\/www.gaveanews.com\/index.php\/2025\/03\/08\/atletico-mg-x-america-mg-a-declaracao-de-cuca\/#breadcrumb\"},\"inLanguage\":\"pt-BR\",\"potentialAction\":[{\"@type\":\"ReadAction\",\"target\":[\"https:\/\/www.gaveanews.com\/index.php\/2025\/03\/08\/atletico-mg-x-america-mg-a-declaracao-de-cuca\/\"]}]},{\"@type\":\"ImageObject\",\"inLanguage\":\"pt-BR\",\"@id\":\"https:\/\/www.gaveanews.com\/index.php\/2025\/03\/08\/atletico-mg-x-america-mg-a-declaracao-de-cuca\/#primaryimage\",\"url\":\"https:\/\/www.gaveanews.com\/wp-content\/uploads\/Cuca-tecnico-do-Atletico-MG.webp\",\"contentUrl\":\"https:\/\/www.gaveanews.com\/wp-content\/uploads\/Cuca-tecnico-do-Atletico-MG.webp\",\"width\":1024,\"height\":683,\"caption\":\"Cuca como treinador do Atl\u00e9tico-MG (Foto: Bruno Cantini\/Atl\u00e9tico-MG)\"},{\"@type\":\"BreadcrumbList\",\"@id\":\"https:\/\/www.gaveanews.com\/index.php\/2025\/03\/08\/atletico-mg-x-america-mg-a-declaracao-de-cuca\/#breadcrumb\",\"itemListElement\":[{\"@type\":\"ListItem\",\"position\":1,\"name\":\"Home\",\"item\":\"https:\/\/www.gaveanews.com\/\"},{\"@type\":\"ListItem\",\"position\":2,\"name\":\"Atl\u00e9tico-MG x Am\u00e9rica-MG: a declara\u00e7\u00e3o de Cuca\"}]},{\"@type\":\"WebSite\",\"@id\":\"https:\/\/www.gaveanews.com\/#website\",\"url\":\"https:\/\/www.gaveanews.com\/\",\"name\":\"G\u00e1vea News\",\"description\":\"Veja todas as not\u00edcias sobre o Flamengo: Contrata\u00e7\u00f5es, categorias de base, resultados das partidas, tabela de classifica\u00e7\u00e3o, pr\u00f3ximos jogos!\",\"potentialAction\":[{\"@type\":\"SearchAction\",\"target\":{\"@type\":\"EntryPoint\",\"urlTemplate\":\"https:\/\/www.gaveanews.com\/?s={search_term_string}\"},\"query-input\":{\"@type\":\"PropertyValueSpecification\",\"valueRequired\":true,\"valueName\":\"search_term_string\"}}],\"inLanguage\":\"pt-BR\"},{\"@type\":\"Person\",\"@id\":\"https:\/\/www.gaveanews.com\/#\/schema\/person\/daf63eec72e1164eb13dc35096c2b8da\",\"name\":\"Paula Silva\",\"image\":{\"@type\":\"ImageObject\",\"inLanguage\":\"pt-BR\",\"@id\":\"https:\/\/www.gaveanews.com\/#\/schema\/person\/image\/\",\"url\":\"https:\/\/secure.gravatar.com\/avatar\/eda381c845527cc5d64c13b901833cda29d97500ba040d3e6461f76f51d163bb?s=96&d=mm&r=g\",\"contentUrl\":\"https:\/\/secure.gravatar.com\/avatar\/eda381c845527cc5d64c13b901833cda29d97500ba040d3e6461f76f51d163bb?s=96&d=mm&r=g\",\"caption\":\"Paula Silva\"}}]}<\/script>\n<!-- \/ Yoast SEO Premium plugin. -->","yoast_head_json":{"title":"Atl\u00e9tico-MG x Am\u00e9rica-MG: a declara\u00e7\u00e3o de Cuca","robots":{"index":"index","follow":"follow","max-snippet":"max-snippet:-1","max-image-preview":"max-image-preview:large","max-video-preview":"max-video-preview:-1"},"canonical":"https:\/\/www.gaveanews.com\/index.php\/2025\/03\/08\/atletico-mg-x-america-mg-a-declaracao-de-cuca\/","og_locale":"pt_BR","og_type":"article","og_title":"Atl\u00e9tico-MG x Am\u00e9rica-MG: a declara\u00e7\u00e3o de Cuca","og_description":"Ap\u00f3s a expressiva vit\u00f3ria por 4 a 0 sobre o Am\u00e9rica-MG na primeira partida da final do Campeonato Mineiro, o t\u00e9cnico do Atl\u00e9tico-MG, Cuca, adotou uma postura cautelosa e ressaltou a necessidade de manter a seriedade para o jogo de volta. Apesar da vantagem significativa, o treinador enfatizou que o t\u00edtulo ainda n\u00e3o est\u00e1 garantido. [&hellip;]","og_url":"https:\/\/www.gaveanews.com\/index.php\/2025\/03\/08\/atletico-mg-x-america-mg-a-declaracao-de-cuca\/","og_site_name":"G\u00e1vea News","article_publisher":"https:\/\/facebook.com\/gaveaNews\/","article_published_time":"2025-03-09T00:12:14+00:00","article_modified_time":"2025-03-09T00:12:17+00:00","og_image":[{"width":1024,"height":683,"url":"http:\/\/www.gaveanews.com\/wp-content\/uploads\/Cuca-tecnico-do-Atletico-MG.webp","type":"image\/jpeg"}],"author":"Paula Silva","twitter_card":"summary_large_image","twitter_misc":{"Escrito por":"Paula Silva","Est. tempo de leitura":"2 minutos"},"schema":{"@context":"https:\/\/schema.org","@graph":[{"@type":"NewsArticle","@id":"https:\/\/www.gaveanews.com\/index.php\/2025\/03\/08\/atletico-mg-x-america-mg-a-declaracao-de-cuca\/#article","isPartOf":{"@id":"https:\/\/www.gaveanews.com\/index.php\/2025\/03\/08\/atletico-mg-x-america-mg-a-declaracao-de-cuca\/"},"author":{"name":"Paula Silva","@id":"https:\/\/www.gaveanews.com\/#\/schema\/person\/daf63eec72e1164eb13dc35096c2b8da"},"headline":"Atl\u00e9tico-MG x Am\u00e9rica-MG: a declara\u00e7\u00e3o de Cuca","datePublished":"2025-03-09T00:12:14+00:00","dateModified":"2025-03-09T00:12:17+00:00","mainEntityOfPage":{"@id":"https:\/\/www.gaveanews.com\/index.php\/2025\/03\/08\/atletico-mg-x-america-mg-a-declaracao-de-cuca\/"},"wordCount":385,"commentCount":0,"image":{"@id":"https:\/\/www.gaveanews.com\/index.php\/2025\/03\/08\/atletico-mg-x-america-mg-a-declaracao-de-cuca\/#primaryimage"},"thumbnailUrl":"https:\/\/www.gaveanews.com\/wp-content\/uploads\/Cuca-tecnico-do-Atletico-MG.webp","articleSection":["Atl\u00e9tico-MG"],"inLanguage":"pt-BR","potentialAction":[{"@type":"CommentAction","name":"Comment","target":["https:\/\/www.gaveanews.com\/index.php\/2025\/03\/08\/atletico-mg-x-america-mg-a-declaracao-de-cuca\/#respond"]}],"copyrightYear":"2025","copyrightHolder":{"@id":"https:\/\/www.gaveanews.com\/#organization"}},{"@type":"WebPage","@id":"https:\/\/www.gaveanews.com\/index.php\/2025\/03\/08\/atletico-mg-x-america-mg-a-declaracao-de-cuca\/","url":"https:\/\/www.gaveanews.com\/index.php\/2025\/03\/08\/atletico-mg-x-america-mg-a-declaracao-de-cuca\/","name":"Atl\u00e9tico-MG x Am\u00e9rica-MG: a declara\u00e7\u00e3o de Cuca","isPartOf":{"@id":"https:\/\/www.gaveanews.com\/#website"},"primaryImageOfPage":{"@id":"https:\/\/www.gaveanews.com\/index.php\/2025\/03\/08\/atletico-mg-x-america-mg-a-declaracao-de-cuca\/#primaryimage"},"image":{"@id":"https:\/\/www.gaveanews.com\/index.php\/2025\/03\/08\/atletico-mg-x-america-mg-a-declaracao-de-cuca\/#primaryimage"},"thumbnailUrl":"https:\/\/www.gaveanews.com\/wp-content\/uploads\/Cuca-tecnico-do-Atletico-MG.webp","datePublished":"2025-03-09T00:12:14+00:00","dateModified":"2025-03-09T00:12:17+00:00","author":{"@id":"https:\/\/www.gaveanews.com\/#\/schema\/person\/daf63eec72e1164eb13dc35096c2b8da"},"breadcrumb":{"@id":"https:\/\/www.gaveanews.com\/index.php\/2025\/03\/08\/atletico-mg-x-america-mg-a-declaracao-de-cuca\/#breadcrumb"},"inLanguage":"pt-BR","potentialAction":[{"@type":"ReadAction","target":["https:\/\/www.gaveanews.com\/index.php\/2025\/03\/08\/atletico-mg-x-america-mg-a-declaracao-de-cuca\/"]}]},{"@type":"ImageObject","inLanguage":"pt-BR","@id":"https:\/\/www.gaveanews.com\/index.php\/2025\/03\/08\/atletico-mg-x-america-mg-a-declaracao-de-cuca\/#primaryimage","url":"https:\/\/www.gaveanews.com\/wp-content\/uploads\/Cuca-tecnico-do-Atletico-MG.webp","contentUrl":"https:\/\/www.gaveanews.com\/wp-content\/uploads\/Cuca-tecnico-do-Atletico-MG.webp","width":1024,"height":683,"caption":"Cuca como treinador do Atl\u00e9tico-MG (Foto: Bruno Cantini\/Atl\u00e9tico-MG)"},{"@type":"BreadcrumbList","@id":"https:\/\/www.gaveanews.com\/index.php\/2025\/03\/08\/atletico-mg-x-america-mg-a-declaracao-de-cuca\/#breadcrumb","itemListElement":[{"@type":"ListItem","position":1,"name":"Home","item":"https:\/\/www.gaveanews.com\/"},{"@type":"ListItem","position":2,"name":"Atl\u00e9tico-MG x Am\u00e9rica-MG: a declara\u00e7\u00e3o de Cuca"}]},{"@type":"WebSite","@id":"https:\/\/www.gaveanews.com\/#website","url":"https:\/\/www.gaveanews.com\/","name":"G\u00e1vea News","description":"Veja todas as not\u00edcias sobre o Flamengo: Contrata\u00e7\u00f5es, categorias de base, resultados das partidas, tabela de classifica\u00e7\u00e3o, pr\u00f3ximos jogos!","potentialAction":[{"@type":"SearchAction","target":{"@type":"EntryPoint","urlTemplate":"https:\/\/www.gaveanews.com\/?s={search_term_string}"},"query-input":{"@type":"PropertyValueSpecification","valueRequired":true,"valueName":"search_term_string"}}],"inLanguage":"pt-BR"},{"@type":"Person","@id":"https:\/\/www.gaveanews.com\/#\/schema\/person\/daf63eec72e1164eb13dc35096c2b8da","name":"Paula Silva","image":{"@type":"ImageObject","inLanguage":"pt-BR","@id":"https:\/\/www.gaveanews.com\/#\/schema\/person\/image\/","url":"https:\/\/secure.gravatar.com\/avatar\/eda381c845527cc5d64c13b901833cda29d97500ba040d3e6461f76f51d163bb?s=96&d=mm&r=g","contentUrl":"https:\/\/secure.gravatar.com\/avatar\/eda381c845527cc5d64c13b901833cda29d97500ba040d3e6461f76f51d163bb?s=96&d=mm&r=g","caption":"Paula Silva"}}]}},"_links":{"self":[{"href":"https:\/\/www.gaveanews.com\/index.php\/wp-json\/wp\/v2\/posts\/237691","targetHints":{"allow":["GET"]}}],"collection":[{"href":"https:\/\/www.gaveanews.com\/index.php\/wp-json\/wp\/v2\/posts"}],"about":[{"href":"https:\/\/www.gaveanews.com\/index.php\/wp-json\/wp\/v2\/types\/post"}],"author":[{"embeddable":true,"href":"https:\/\/www.gaveanews.com\/index.php\/wp-json\/wp\/v2\/users\/18"}],"replies":[{"embeddable":true,"href":"https:\/\/www.gaveanews.com\/index.php\/wp-json\/wp\/v2\/comments?post=237691"}],"version-history":[{"count":1,"href":"https:\/\/www.gaveanews.com\/index.php\/wp-json\/wp\/v2\/posts\/237691\/revisions"}],"predecessor-version":[{"id":237693,"href":"https:\/\/www.gaveanews.com\/index.php\/wp-json\/wp\/v2\/posts\/237691\/revisions\/237693"}],"wp:featuredmedia":[{"embeddable":true,"href":"https:\/\/www.gaveanews.com\/index.php\/wp-json\/wp\/v2\/media\/68026"}],"wp:attachment":[{"href":"https:\/\/www.gaveanews.com\/index.php\/wp-json\/wp\/v2\/media?parent=237691"}],"wp:term":[{"taxonomy":"category","embeddable":true,"href":"https:\/\/www.gaveanews.com\/index.php\/wp-json\/wp\/v2\/categories?post=237691"},{"taxonomy":"post_tag","embeddable":true,"href":"https:\/\/www.gaveanews.com\/index.php\/wp-json\/wp\/v2\/tags?post=237691"}],"curies":[{"name":"wp","href":"https:\/\/api.w.org\/{rel}","templated":true}]}}