{"id":237705,"date":"2025-03-08T21:43:12","date_gmt":"2025-03-09T00:43:12","guid":{"rendered":"https:\/\/www.gaveanews.com\/?p=237705"},"modified":"2025-03-08T21:43:15","modified_gmt":"2025-03-09T00:43:15","slug":"gremio-x-internacional-a-declaracao-de-roger-machado-2","status":"publish","type":"post","link":"https:\/\/www.gaveanews.com\/index.php\/2025\/03\/08\/gremio-x-internacional-a-declaracao-de-roger-machado-2\/","title":{"rendered":"Gr\u00eamio x Internacional: a declara\u00e7\u00e3o de Roger Machado"},"content":{"rendered":"\n<p>O Internacional largou na frente na decis\u00e3o do Campeonato Ga\u00facho ao vencer o Gr\u00eamio por 2 a 0, na Arena, no primeiro jogo da final. Com uma atua\u00e7\u00e3o segura, a equipe colorada construiu a vantagem ainda no primeiro tempo, com gols de Carbonero e Alan Patrick. O resultado deixa o time em situa\u00e7\u00e3o confort\u00e1vel para a partida de volta, mas o t\u00e9cnico Roger Machado mant\u00e9m a cautela.<\/p>\n\n\n\n<p>Durante a entrevista coletiva ap\u00f3s o jogo, Roger destacou a maturidade do elenco e afirmou que o grupo est\u00e1 &#8220;preparado para ser campe\u00e3o&#8221;. Segundo ele, a equipe soube lidar com os momentos adversos ao longo da temporada e evoluiu em termos de experi\u00eancia. &#8220;Mesmo com jogadores jovens, a maturidade que alcan\u00e7amos do ano passado para c\u00e1 foi fundamental. Foram jogos dif\u00edceis, altos e baixos, mas isso nos fortaleceu&#8221;, comentou o treinador.<\/p>\n\n\n\n<p>Apesar da vit\u00f3ria, Roger Machado fez quest\u00e3o de enfatizar que nada est\u00e1 decidido. O treinador ressaltou que a vantagem \u00e9 importante, mas que o confronto ainda est\u00e1 aberto. &#8220;Penso que \u00e9 uma vantagem significativa, principalmente pelo fato de termos conquistado esse resultado na casa do advers\u00e1rio. No entanto, sabemos da qualidade do Gr\u00eamio e que ainda temos 90 minutos pela frente&#8221;, alertou.<\/p>\n\n\n\n<p>O Internacional agora pode perder por at\u00e9 um gol de diferen\u00e7a na partida de volta para garantir o t\u00edtulo estadual. Caso o Gr\u00eamio ven\u00e7a por dois gols de diferen\u00e7a, a decis\u00e3o ser\u00e1 levada para os p\u00eanaltis. O Colorado busca encerrar um jejum de t\u00edtulos no Gauch\u00e3o, j\u00e1 que sua \u00faltima conquista ocorreu em 2016.<\/p>\n\n\n\n<p>Roger Machado tamb\u00e9m destacou o controle da partida como fator determinante para a vit\u00f3ria. &#8220;A partir dos 20 minutos conseguimos impor nosso ritmo e administrar bem o jogo. Tivemos uma atua\u00e7\u00e3o madura, o que nos permitiu sair com essa vantagem importante&#8221;, analisou o t\u00e9cnico.<\/p>\n\n\n\n<p>O segundo e decisivo jogo da final do Campeonato Ga\u00facho est\u00e1 marcado para domingo (16), \u00e0s 16h (hor\u00e1rio de Bras\u00edlia), no Beira-Rio. O Internacional espera aproveitar o apoio da torcida para confirmar o t\u00edtulo, enquanto o Gr\u00eamio tentar\u00e1 reverter o placar e buscar a ta\u00e7a na casa do rival.<\/p>\n","protected":false},"excerpt":{"rendered":"<p>O Internacional largou na frente na decis\u00e3o do Campeonato Ga\u00facho ao vencer o Gr\u00eamio por 2 a 0, na Arena, no primeiro jogo da final. Com uma atua\u00e7\u00e3o segura, a equipe colorada construiu a vantagem ainda no primeiro tempo, com gols de Carbonero e Alan Patrick. O resultado deixa o time em situa\u00e7\u00e3o confort\u00e1vel para [&hellip;]<\/p>\n","protected":false},"author":18,"featured_media":154272,"comment_status":"open","ping_status":"closed","sticky":false,"template":"","format":"standard","meta":{"footnotes":""},"categories":[148],"tags":[],"class_list":["post-237705","post","type-post","status-publish","format-standard","has-post-thumbnail","hentry","category-internacional"],"yoast_head":"<!-- This site is optimized with the Yoast SEO Premium plugin v24.2 (Yoast SEO v26.9) - https:\/\/yoast.com\/product\/yoast-seo-premium-wordpress\/ -->\n<title>Gr\u00eamio x Internacional: a declara\u00e7\u00e3o de Roger Machado<\/title>\n<meta name=\"robots\" content=\"index, follow, max-snippet:-1, max-image-preview:large, max-video-preview:-1\" \/>\n<link rel=\"canonical\" href=\"https:\/\/www.gaveanews.com\/index.php\/2025\/03\/08\/gremio-x-internacional-a-declaracao-de-roger-machado-2\/\" \/>\n<meta property=\"og:locale\" content=\"pt_BR\" \/>\n<meta property=\"og:type\" content=\"article\" \/>\n<meta property=\"og:title\" content=\"Gr\u00eamio x Internacional: a declara\u00e7\u00e3o de Roger Machado\" \/>\n<meta property=\"og:description\" content=\"O Internacional largou na frente na decis\u00e3o do Campeonato Ga\u00facho ao vencer o Gr\u00eamio por 2 a 0, na Arena, no primeiro jogo da final. Com uma atua\u00e7\u00e3o segura, a equipe colorada construiu a vantagem ainda no primeiro tempo, com gols de Carbonero e Alan Patrick. O resultado deixa o time em situa\u00e7\u00e3o confort\u00e1vel para [&hellip;]\" \/>\n<meta property=\"og:url\" content=\"https:\/\/www.gaveanews.com\/index.php\/2025\/03\/08\/gremio-x-internacional-a-declaracao-de-roger-machado-2\/\" \/>\n<meta property=\"og:site_name\" content=\"G\u00e1vea News\" \/>\n<meta property=\"article:publisher\" content=\"https:\/\/facebook.com\/gaveaNews\/\" \/>\n<meta property=\"article:published_time\" content=\"2025-03-09T00:43:12+00:00\" \/>\n<meta property=\"article:modified_time\" content=\"2025-03-09T00:43:15+00:00\" \/>\n<meta property=\"og:image\" content=\"http:\/\/www.gaveanews.com\/wp-content\/uploads\/Roger-Machado-durante-coletiva-pelo-Internacional-em-2024.webp\" \/>\n\t<meta property=\"og:image:width\" content=\"1419\" \/>\n\t<meta property=\"og:image:height\" content=\"1065\" \/>\n\t<meta property=\"og:image:type\" content=\"image\/webp\" \/>\n<meta name=\"author\" content=\"Paula Silva\" \/>\n<meta name=\"twitter:card\" content=\"summary_large_image\" \/>\n<meta name=\"twitter:label1\" content=\"Escrito por\" \/>\n\t<meta name=\"twitter:data1\" content=\"Paula Silva\" \/>\n\t<meta name=\"twitter:label2\" content=\"Est. tempo de leitura\" \/>\n\t<meta name=\"twitter:data2\" content=\"3 minutos\" \/>\n<script type=\"application\/ld+json\" class=\"yoast-schema-graph\">{\"@context\":\"https:\/\/schema.org\",\"@graph\":[{\"@type\":\"NewsArticle\",\"@id\":\"https:\/\/www.gaveanews.com\/index.php\/2025\/03\/08\/gremio-x-internacional-a-declaracao-de-roger-machado-2\/#article\",\"isPartOf\":{\"@id\":\"https:\/\/www.gaveanews.com\/index.php\/2025\/03\/08\/gremio-x-internacional-a-declaracao-de-roger-machado-2\/\"},\"author\":{\"name\":\"Paula Silva\",\"@id\":\"https:\/\/www.gaveanews.com\/#\/schema\/person\/daf63eec72e1164eb13dc35096c2b8da\"},\"headline\":\"Gr\u00eamio x Internacional: a declara\u00e7\u00e3o de Roger Machado\",\"datePublished\":\"2025-03-09T00:43:12+00:00\",\"dateModified\":\"2025-03-09T00:43:15+00:00\",\"mainEntityOfPage\":{\"@id\":\"https:\/\/www.gaveanews.com\/index.php\/2025\/03\/08\/gremio-x-internacional-a-declaracao-de-roger-machado-2\/\"},\"wordCount\":385,\"commentCount\":0,\"image\":{\"@id\":\"https:\/\/www.gaveanews.com\/index.php\/2025\/03\/08\/gremio-x-internacional-a-declaracao-de-roger-machado-2\/#primaryimage\"},\"thumbnailUrl\":\"https:\/\/www.gaveanews.com\/wp-content\/uploads\/Roger-Machado-durante-coletiva-pelo-Internacional-em-2024.webp\",\"articleSection\":[\"Internacional\"],\"inLanguage\":\"pt-BR\",\"potentialAction\":[{\"@type\":\"CommentAction\",\"name\":\"Comment\",\"target\":[\"https:\/\/www.gaveanews.com\/index.php\/2025\/03\/08\/gremio-x-internacional-a-declaracao-de-roger-machado-2\/#respond\"]}],\"copyrightYear\":\"2025\",\"copyrightHolder\":{\"@id\":\"https:\/\/www.gaveanews.com\/#organization\"}},{\"@type\":\"WebPage\",\"@id\":\"https:\/\/www.gaveanews.com\/index.php\/2025\/03\/08\/gremio-x-internacional-a-declaracao-de-roger-machado-2\/\",\"url\":\"https:\/\/www.gaveanews.com\/index.php\/2025\/03\/08\/gremio-x-internacional-a-declaracao-de-roger-machado-2\/\",\"name\":\"Gr\u00eamio x Internacional: a declara\u00e7\u00e3o de Roger Machado\",\"isPartOf\":{\"@id\":\"https:\/\/www.gaveanews.com\/#website\"},\"primaryImageOfPage\":{\"@id\":\"https:\/\/www.gaveanews.com\/index.php\/2025\/03\/08\/gremio-x-internacional-a-declaracao-de-roger-machado-2\/#primaryimage\"},\"image\":{\"@id\":\"https:\/\/www.gaveanews.com\/index.php\/2025\/03\/08\/gremio-x-internacional-a-declaracao-de-roger-machado-2\/#primaryimage\"},\"thumbnailUrl\":\"https:\/\/www.gaveanews.com\/wp-content\/uploads\/Roger-Machado-durante-coletiva-pelo-Internacional-em-2024.webp\",\"datePublished\":\"2025-03-09T00:43:12+00:00\",\"dateModified\":\"2025-03-09T00:43:15+00:00\",\"author\":{\"@id\":\"https:\/\/www.gaveanews.com\/#\/schema\/person\/daf63eec72e1164eb13dc35096c2b8da\"},\"breadcrumb\":{\"@id\":\"https:\/\/www.gaveanews.com\/index.php\/2025\/03\/08\/gremio-x-internacional-a-declaracao-de-roger-machado-2\/#breadcrumb\"},\"inLanguage\":\"pt-BR\",\"potentialAction\":[{\"@type\":\"ReadAction\",\"target\":[\"https:\/\/www.gaveanews.com\/index.php\/2025\/03\/08\/gremio-x-internacional-a-declaracao-de-roger-machado-2\/\"]}]},{\"@type\":\"ImageObject\",\"inLanguage\":\"pt-BR\",\"@id\":\"https:\/\/www.gaveanews.com\/index.php\/2025\/03\/08\/gremio-x-internacional-a-declaracao-de-roger-machado-2\/#primaryimage\",\"url\":\"https:\/\/www.gaveanews.com\/wp-content\/uploads\/Roger-Machado-durante-coletiva-pelo-Internacional-em-2024.webp\",\"contentUrl\":\"https:\/\/www.gaveanews.com\/wp-content\/uploads\/Roger-Machado-durante-coletiva-pelo-Internacional-em-2024.webp\",\"width\":1419,\"height\":1065,\"caption\":\"Roger Machado durante coletiva pelo Internacional em 2024 (Foto: Reprodu\u00e7\u00e3o\/Internacional)\"},{\"@type\":\"BreadcrumbList\",\"@id\":\"https:\/\/www.gaveanews.com\/index.php\/2025\/03\/08\/gremio-x-internacional-a-declaracao-de-roger-machado-2\/#breadcrumb\",\"itemListElement\":[{\"@type\":\"ListItem\",\"position\":1,\"name\":\"Home\",\"item\":\"https:\/\/www.gaveanews.com\/\"},{\"@type\":\"ListItem\",\"position\":2,\"name\":\"Gr\u00eamio x Internacional: a declara\u00e7\u00e3o de Roger Machado\"}]},{\"@type\":\"WebSite\",\"@id\":\"https:\/\/www.gaveanews.com\/#website\",\"url\":\"https:\/\/www.gaveanews.com\/\",\"name\":\"G\u00e1vea News\",\"description\":\"Veja todas as not\u00edcias sobre o Flamengo: Contrata\u00e7\u00f5es, categorias de base, resultados das partidas, tabela de classifica\u00e7\u00e3o, pr\u00f3ximos jogos!\",\"potentialAction\":[{\"@type\":\"SearchAction\",\"target\":{\"@type\":\"EntryPoint\",\"urlTemplate\":\"https:\/\/www.gaveanews.com\/?s={search_term_string}\"},\"query-input\":{\"@type\":\"PropertyValueSpecification\",\"valueRequired\":true,\"valueName\":\"search_term_string\"}}],\"inLanguage\":\"pt-BR\"},{\"@type\":\"Person\",\"@id\":\"https:\/\/www.gaveanews.com\/#\/schema\/person\/daf63eec72e1164eb13dc35096c2b8da\",\"name\":\"Paula Silva\",\"image\":{\"@type\":\"ImageObject\",\"inLanguage\":\"pt-BR\",\"@id\":\"https:\/\/www.gaveanews.com\/#\/schema\/person\/image\/\",\"url\":\"https:\/\/secure.gravatar.com\/avatar\/eda381c845527cc5d64c13b901833cda29d97500ba040d3e6461f76f51d163bb?s=96&d=mm&r=g\",\"contentUrl\":\"https:\/\/secure.gravatar.com\/avatar\/eda381c845527cc5d64c13b901833cda29d97500ba040d3e6461f76f51d163bb?s=96&d=mm&r=g\",\"caption\":\"Paula Silva\"}}]}<\/script>\n<!-- \/ Yoast SEO Premium plugin. -->","yoast_head_json":{"title":"Gr\u00eamio x Internacional: a declara\u00e7\u00e3o de Roger Machado","robots":{"index":"index","follow":"follow","max-snippet":"max-snippet:-1","max-image-preview":"max-image-preview:large","max-video-preview":"max-video-preview:-1"},"canonical":"https:\/\/www.gaveanews.com\/index.php\/2025\/03\/08\/gremio-x-internacional-a-declaracao-de-roger-machado-2\/","og_locale":"pt_BR","og_type":"article","og_title":"Gr\u00eamio x Internacional: a declara\u00e7\u00e3o de Roger Machado","og_description":"O Internacional largou na frente na decis\u00e3o do Campeonato Ga\u00facho ao vencer o Gr\u00eamio por 2 a 0, na Arena, no primeiro jogo da final. Com uma atua\u00e7\u00e3o segura, a equipe colorada construiu a vantagem ainda no primeiro tempo, com gols de Carbonero e Alan Patrick. O resultado deixa o time em situa\u00e7\u00e3o confort\u00e1vel para [&hellip;]","og_url":"https:\/\/www.gaveanews.com\/index.php\/2025\/03\/08\/gremio-x-internacional-a-declaracao-de-roger-machado-2\/","og_site_name":"G\u00e1vea News","article_publisher":"https:\/\/facebook.com\/gaveaNews\/","article_published_time":"2025-03-09T00:43:12+00:00","article_modified_time":"2025-03-09T00:43:15+00:00","og_image":[{"width":1419,"height":1065,"url":"http:\/\/www.gaveanews.com\/wp-content\/uploads\/Roger-Machado-durante-coletiva-pelo-Internacional-em-2024.webp","type":"image\/webp"}],"author":"Paula Silva","twitter_card":"summary_large_image","twitter_misc":{"Escrito por":"Paula Silva","Est. tempo de leitura":"3 minutos"},"schema":{"@context":"https:\/\/schema.org","@graph":[{"@type":"NewsArticle","@id":"https:\/\/www.gaveanews.com\/index.php\/2025\/03\/08\/gremio-x-internacional-a-declaracao-de-roger-machado-2\/#article","isPartOf":{"@id":"https:\/\/www.gaveanews.com\/index.php\/2025\/03\/08\/gremio-x-internacional-a-declaracao-de-roger-machado-2\/"},"author":{"name":"Paula Silva","@id":"https:\/\/www.gaveanews.com\/#\/schema\/person\/daf63eec72e1164eb13dc35096c2b8da"},"headline":"Gr\u00eamio x Internacional: a declara\u00e7\u00e3o de Roger Machado","datePublished":"2025-03-09T00:43:12+00:00","dateModified":"2025-03-09T00:43:15+00:00","mainEntityOfPage":{"@id":"https:\/\/www.gaveanews.com\/index.php\/2025\/03\/08\/gremio-x-internacional-a-declaracao-de-roger-machado-2\/"},"wordCount":385,"commentCount":0,"image":{"@id":"https:\/\/www.gaveanews.com\/index.php\/2025\/03\/08\/gremio-x-internacional-a-declaracao-de-roger-machado-2\/#primaryimage"},"thumbnailUrl":"https:\/\/www.gaveanews.com\/wp-content\/uploads\/Roger-Machado-durante-coletiva-pelo-Internacional-em-2024.webp","articleSection":["Internacional"],"inLanguage":"pt-BR","potentialAction":[{"@type":"CommentAction","name":"Comment","target":["https:\/\/www.gaveanews.com\/index.php\/2025\/03\/08\/gremio-x-internacional-a-declaracao-de-roger-machado-2\/#respond"]}],"copyrightYear":"2025","copyrightHolder":{"@id":"https:\/\/www.gaveanews.com\/#organization"}},{"@type":"WebPage","@id":"https:\/\/www.gaveanews.com\/index.php\/2025\/03\/08\/gremio-x-internacional-a-declaracao-de-roger-machado-2\/","url":"https:\/\/www.gaveanews.com\/index.php\/2025\/03\/08\/gremio-x-internacional-a-declaracao-de-roger-machado-2\/","name":"Gr\u00eamio x Internacional: a declara\u00e7\u00e3o de Roger Machado","isPartOf":{"@id":"https:\/\/www.gaveanews.com\/#website"},"primaryImageOfPage":{"@id":"https:\/\/www.gaveanews.com\/index.php\/2025\/03\/08\/gremio-x-internacional-a-declaracao-de-roger-machado-2\/#primaryimage"},"image":{"@id":"https:\/\/www.gaveanews.com\/index.php\/2025\/03\/08\/gremio-x-internacional-a-declaracao-de-roger-machado-2\/#primaryimage"},"thumbnailUrl":"https:\/\/www.gaveanews.com\/wp-content\/uploads\/Roger-Machado-durante-coletiva-pelo-Internacional-em-2024.webp","datePublished":"2025-03-09T00:43:12+00:00","dateModified":"2025-03-09T00:43:15+00:00","author":{"@id":"https:\/\/www.gaveanews.com\/#\/schema\/person\/daf63eec72e1164eb13dc35096c2b8da"},"breadcrumb":{"@id":"https:\/\/www.gaveanews.com\/index.php\/2025\/03\/08\/gremio-x-internacional-a-declaracao-de-roger-machado-2\/#breadcrumb"},"inLanguage":"pt-BR","potentialAction":[{"@type":"ReadAction","target":["https:\/\/www.gaveanews.com\/index.php\/2025\/03\/08\/gremio-x-internacional-a-declaracao-de-roger-machado-2\/"]}]},{"@type":"ImageObject","inLanguage":"pt-BR","@id":"https:\/\/www.gaveanews.com\/index.php\/2025\/03\/08\/gremio-x-internacional-a-declaracao-de-roger-machado-2\/#primaryimage","url":"https:\/\/www.gaveanews.com\/wp-content\/uploads\/Roger-Machado-durante-coletiva-pelo-Internacional-em-2024.webp","contentUrl":"https:\/\/www.gaveanews.com\/wp-content\/uploads\/Roger-Machado-durante-coletiva-pelo-Internacional-em-2024.webp","width":1419,"height":1065,"caption":"Roger Machado durante coletiva pelo Internacional em 2024 (Foto: Reprodu\u00e7\u00e3o\/Internacional)"},{"@type":"BreadcrumbList","@id":"https:\/\/www.gaveanews.com\/index.php\/2025\/03\/08\/gremio-x-internacional-a-declaracao-de-roger-machado-2\/#breadcrumb","itemListElement":[{"@type":"ListItem","position":1,"name":"Home","item":"https:\/\/www.gaveanews.com\/"},{"@type":"ListItem","position":2,"name":"Gr\u00eamio x Internacional: a declara\u00e7\u00e3o de Roger Machado"}]},{"@type":"WebSite","@id":"https:\/\/www.gaveanews.com\/#website","url":"https:\/\/www.gaveanews.com\/","name":"G\u00e1vea News","description":"Veja todas as not\u00edcias sobre o Flamengo: Contrata\u00e7\u00f5es, categorias de base, resultados das partidas, tabela de classifica\u00e7\u00e3o, pr\u00f3ximos jogos!","potentialAction":[{"@type":"SearchAction","target":{"@type":"EntryPoint","urlTemplate":"https:\/\/www.gaveanews.com\/?s={search_term_string}"},"query-input":{"@type":"PropertyValueSpecification","valueRequired":true,"valueName":"search_term_string"}}],"inLanguage":"pt-BR"},{"@type":"Person","@id":"https:\/\/www.gaveanews.com\/#\/schema\/person\/daf63eec72e1164eb13dc35096c2b8da","name":"Paula Silva","image":{"@type":"ImageObject","inLanguage":"pt-BR","@id":"https:\/\/www.gaveanews.com\/#\/schema\/person\/image\/","url":"https:\/\/secure.gravatar.com\/avatar\/eda381c845527cc5d64c13b901833cda29d97500ba040d3e6461f76f51d163bb?s=96&d=mm&r=g","contentUrl":"https:\/\/secure.gravatar.com\/avatar\/eda381c845527cc5d64c13b901833cda29d97500ba040d3e6461f76f51d163bb?s=96&d=mm&r=g","caption":"Paula Silva"}}]}},"_links":{"self":[{"href":"https:\/\/www.gaveanews.com\/index.php\/wp-json\/wp\/v2\/posts\/237705","targetHints":{"allow":["GET"]}}],"collection":[{"href":"https:\/\/www.gaveanews.com\/index.php\/wp-json\/wp\/v2\/posts"}],"about":[{"href":"https:\/\/www.gaveanews.com\/index.php\/wp-json\/wp\/v2\/types\/post"}],"author":[{"embeddable":true,"href":"https:\/\/www.gaveanews.com\/index.php\/wp-json\/wp\/v2\/users\/18"}],"replies":[{"embeddable":true,"href":"https:\/\/www.gaveanews.com\/index.php\/wp-json\/wp\/v2\/comments?post=237705"}],"version-history":[{"count":1,"href":"https:\/\/www.gaveanews.com\/index.php\/wp-json\/wp\/v2\/posts\/237705\/revisions"}],"predecessor-version":[{"id":237706,"href":"https:\/\/www.gaveanews.com\/index.php\/wp-json\/wp\/v2\/posts\/237705\/revisions\/237706"}],"wp:featuredmedia":[{"embeddable":true,"href":"https:\/\/www.gaveanews.com\/index.php\/wp-json\/wp\/v2\/media\/154272"}],"wp:attachment":[{"href":"https:\/\/www.gaveanews.com\/index.php\/wp-json\/wp\/v2\/media?parent=237705"}],"wp:term":[{"taxonomy":"category","embeddable":true,"href":"https:\/\/www.gaveanews.com\/index.php\/wp-json\/wp\/v2\/categories?post=237705"},{"taxonomy":"post_tag","embeddable":true,"href":"https:\/\/www.gaveanews.com\/index.php\/wp-json\/wp\/v2\/tags?post=237705"}],"curies":[{"name":"wp","href":"https:\/\/api.w.org\/{rel}","templated":true}]}}