{"id":237707,"date":"2025-03-08T21:48:31","date_gmt":"2025-03-09T00:48:31","guid":{"rendered":"https:\/\/www.gaveanews.com\/?p=237707"},"modified":"2025-03-08T21:48:34","modified_gmt":"2025-03-09T00:48:34","slug":"flamengo-x-vasco-pedrinho-critica-arbitragem","status":"publish","type":"post","link":"https:\/\/www.gaveanews.com\/index.php\/2025\/03\/08\/flamengo-x-vasco-pedrinho-critica-arbitragem\/","title":{"rendered":"Flamengo x Vasco: Pedrinho critica arbitragem"},"content":{"rendered":"\n<p>Neste s\u00e1bado (8), o Flamengo venceu o Vasco por 2 a 1 e garantiu sua vaga na final do Campeonato Carioca, de virada, no Maracan\u00e3. O Cruz-Maltino chegou a abrir o placar com Nuno Moreira, mas Bruno Henrique e Luiz Ara\u00fajo marcaram os gols que selaram a classifica\u00e7\u00e3o rubro-negra. No agregado, o Fla venceu por 3 a 1.<\/p>\n\n\n\n<p>Ao final do jogo, Pedrinho, presidente do Vasco da Gama, deu declara\u00e7\u00f5es importantes e disparou contra a arbitragem do cl\u00e1ssico. A principal reclama\u00e7\u00e3o foi sobre o gol de Bruno Henrique, que segundo o mandat\u00e1rio, poderia estar impedido.<\/p>\n\n\n\n<blockquote class=\"wp-block-quote is-layout-flow wp-block-quote-is-layout-flow\">\n<p>&#8220;Lance pol\u00eamico, que poderia mudar a trajet\u00f3ria do jogo. Uma avalia\u00e7\u00e3o, na minha concep\u00e7\u00e3o, extraordin\u00e1ria do VAR. Ent\u00e3o, n\u00f3s tivemos uma evolu\u00e7\u00e3o do VAR, de um jogo para o outro, de forma excepcional. S\u00f3 para deixar bem marcado que me causa muita estranheza a velocidade com que um lance t\u00e3o apertado, t\u00e3o ajustado, que determina o direcionamento do jogo, seja de uma evolu\u00e7\u00e3o extraordin\u00e1ria de uma partida para a outra&#8221;.<\/p>\n\n\n\n<p>&#8220;Tem uma explica\u00e7\u00e3o t\u00e9cnica que n\u00e3o me convence, a imagem que aparece para a gente \u00e9 com a cabe\u00e7a do Bruno Henrique por fora da linha. Ent\u00e3o, como uma tecnologia mostra uma coisa para eles e a imagem que \u00e9 passada para a televis\u00e3o \u00e9 outra? Em uma velocidade dessa&#8230; Eles levaram mais tempo num lance que eu achei que estavam avaliando se a bola tinha entrado ou n\u00e3o num cabeceio do Flamengo, mas n\u00e3o, eles estavam avaliando um poss\u00edvel p\u00eanalti&#8230; &#8211; Eles demoraram mais tempo nessa avalia\u00e7\u00e3o do que um lance mais ajustado. E se teve essa evolu\u00e7\u00e3o, parab\u00e9ns. Em lances muito menos ajustados, a demora era de dois, tr\u00eas minutos. Um lance desse ser definido t\u00e3o r\u00e1pido?! \u00c9 a \u00fanica observa\u00e7\u00e3o&#8221;, pontuou.<\/p>\n\n\n\n<p>Com a vit\u00f3ria por 2 a 1, o Flamengo encerrou a semifinal com o placar agregado de 3 a 1, carimbando o passaporte para a grande decis\u00e3o. O Fla vai enfrentar o vencedor da outra chave, disputada entre Fluminense e Volta Redonda.<\/p>\n\n\n\n<p>No primeiro jogo, o Fluminense goleou por 4 a 0 e est\u00e1 com um dos p\u00e9s na decis\u00e3o. As equipes se enfrentam novamente neste domingo (9), no Est\u00e1dio Raulino de Oliveira, casa do Volta\u00e7o. A bola vai rolar \u00e0s 18h (hor\u00e1rio de Bras\u00edlia).<\/p>\n<\/blockquote>\n","protected":false},"excerpt":{"rendered":"<p>Neste s\u00e1bado (8), o Flamengo venceu o Vasco por 2 a 1 e garantiu sua vaga na final do Campeonato Carioca, de virada, no Maracan\u00e3. O Cruz-Maltino chegou a abrir o placar com Nuno Moreira, mas Bruno Henrique e Luiz Ara\u00fajo marcaram os gols que selaram a classifica\u00e7\u00e3o rubro-negra. No agregado, o Fla venceu por [&hellip;]<\/p>\n","protected":false},"author":18,"featured_media":146559,"comment_status":"open","ping_status":"closed","sticky":false,"template":"","format":"standard","meta":{"footnotes":""},"categories":[152],"tags":[],"class_list":["post-237707","post","type-post","status-publish","format-standard","has-post-thumbnail","hentry","category-vasco"],"yoast_head":"<!-- This site is optimized with the Yoast SEO Premium plugin v24.2 (Yoast SEO v26.9) - https:\/\/yoast.com\/product\/yoast-seo-premium-wordpress\/ -->\n<title>Flamengo x Vasco: Pedrinho critica arbitragem<\/title>\n<meta name=\"robots\" content=\"index, follow, max-snippet:-1, max-image-preview:large, max-video-preview:-1\" \/>\n<link rel=\"canonical\" href=\"https:\/\/www.gaveanews.com\/index.php\/2025\/03\/08\/flamengo-x-vasco-pedrinho-critica-arbitragem\/\" \/>\n<meta property=\"og:locale\" content=\"pt_BR\" \/>\n<meta property=\"og:type\" content=\"article\" \/>\n<meta property=\"og:title\" content=\"Flamengo x Vasco: Pedrinho critica arbitragem\" \/>\n<meta property=\"og:description\" content=\"Neste s\u00e1bado (8), o Flamengo venceu o Vasco por 2 a 1 e garantiu sua vaga na final do Campeonato Carioca, de virada, no Maracan\u00e3. O Cruz-Maltino chegou a abrir o placar com Nuno Moreira, mas Bruno Henrique e Luiz Ara\u00fajo marcaram os gols que selaram a classifica\u00e7\u00e3o rubro-negra. No agregado, o Fla venceu por [&hellip;]\" \/>\n<meta property=\"og:url\" content=\"https:\/\/www.gaveanews.com\/index.php\/2025\/03\/08\/flamengo-x-vasco-pedrinho-critica-arbitragem\/\" \/>\n<meta property=\"og:site_name\" content=\"G\u00e1vea News\" \/>\n<meta property=\"article:publisher\" content=\"https:\/\/facebook.com\/gaveaNews\/\" \/>\n<meta property=\"article:published_time\" content=\"2025-03-09T00:48:31+00:00\" \/>\n<meta property=\"article:modified_time\" content=\"2025-03-09T00:48:34+00:00\" \/>\n<meta property=\"og:image\" content=\"http:\/\/www.gaveanews.com\/wp-content\/uploads\/Pedrinho-presidente-do-Vasco.webp\" \/>\n\t<meta property=\"og:image:width\" content=\"1024\" \/>\n\t<meta property=\"og:image:height\" content=\"562\" \/>\n\t<meta property=\"og:image:type\" content=\"image\/jpeg\" \/>\n<meta name=\"author\" content=\"Paula Silva\" \/>\n<meta name=\"twitter:card\" content=\"summary_large_image\" \/>\n<meta name=\"twitter:label1\" content=\"Escrito por\" \/>\n\t<meta name=\"twitter:data1\" content=\"Paula Silva\" \/>\n\t<meta name=\"twitter:label2\" content=\"Est. tempo de leitura\" \/>\n\t<meta name=\"twitter:data2\" content=\"1 minuto\" \/>\n<script type=\"application\/ld+json\" class=\"yoast-schema-graph\">{\"@context\":\"https:\/\/schema.org\",\"@graph\":[{\"@type\":\"NewsArticle\",\"@id\":\"https:\/\/www.gaveanews.com\/index.php\/2025\/03\/08\/flamengo-x-vasco-pedrinho-critica-arbitragem\/#article\",\"isPartOf\":{\"@id\":\"https:\/\/www.gaveanews.com\/index.php\/2025\/03\/08\/flamengo-x-vasco-pedrinho-critica-arbitragem\/\"},\"author\":{\"name\":\"Paula Silva\",\"@id\":\"https:\/\/www.gaveanews.com\/#\/schema\/person\/daf63eec72e1164eb13dc35096c2b8da\"},\"headline\":\"Flamengo x Vasco: Pedrinho critica arbitragem\",\"datePublished\":\"2025-03-09T00:48:31+00:00\",\"dateModified\":\"2025-03-09T00:48:34+00:00\",\"mainEntityOfPage\":{\"@id\":\"https:\/\/www.gaveanews.com\/index.php\/2025\/03\/08\/flamengo-x-vasco-pedrinho-critica-arbitragem\/\"},\"wordCount\":408,\"commentCount\":0,\"image\":{\"@id\":\"https:\/\/www.gaveanews.com\/index.php\/2025\/03\/08\/flamengo-x-vasco-pedrinho-critica-arbitragem\/#primaryimage\"},\"thumbnailUrl\":\"https:\/\/www.gaveanews.com\/wp-content\/uploads\/Pedrinho-presidente-do-Vasco.webp\",\"articleSection\":[\"Vasco\"],\"inLanguage\":\"pt-BR\",\"potentialAction\":[{\"@type\":\"CommentAction\",\"name\":\"Comment\",\"target\":[\"https:\/\/www.gaveanews.com\/index.php\/2025\/03\/08\/flamengo-x-vasco-pedrinho-critica-arbitragem\/#respond\"]}],\"copyrightYear\":\"2025\",\"copyrightHolder\":{\"@id\":\"https:\/\/www.gaveanews.com\/#organization\"}},{\"@type\":\"WebPage\",\"@id\":\"https:\/\/www.gaveanews.com\/index.php\/2025\/03\/08\/flamengo-x-vasco-pedrinho-critica-arbitragem\/\",\"url\":\"https:\/\/www.gaveanews.com\/index.php\/2025\/03\/08\/flamengo-x-vasco-pedrinho-critica-arbitragem\/\",\"name\":\"Flamengo x Vasco: Pedrinho critica arbitragem\",\"isPartOf\":{\"@id\":\"https:\/\/www.gaveanews.com\/#website\"},\"primaryImageOfPage\":{\"@id\":\"https:\/\/www.gaveanews.com\/index.php\/2025\/03\/08\/flamengo-x-vasco-pedrinho-critica-arbitragem\/#primaryimage\"},\"image\":{\"@id\":\"https:\/\/www.gaveanews.com\/index.php\/2025\/03\/08\/flamengo-x-vasco-pedrinho-critica-arbitragem\/#primaryimage\"},\"thumbnailUrl\":\"https:\/\/www.gaveanews.com\/wp-content\/uploads\/Pedrinho-presidente-do-Vasco.webp\",\"datePublished\":\"2025-03-09T00:48:31+00:00\",\"dateModified\":\"2025-03-09T00:48:34+00:00\",\"author\":{\"@id\":\"https:\/\/www.gaveanews.com\/#\/schema\/person\/daf63eec72e1164eb13dc35096c2b8da\"},\"breadcrumb\":{\"@id\":\"https:\/\/www.gaveanews.com\/index.php\/2025\/03\/08\/flamengo-x-vasco-pedrinho-critica-arbitragem\/#breadcrumb\"},\"inLanguage\":\"pt-BR\",\"potentialAction\":[{\"@type\":\"ReadAction\",\"target\":[\"https:\/\/www.gaveanews.com\/index.php\/2025\/03\/08\/flamengo-x-vasco-pedrinho-critica-arbitragem\/\"]}]},{\"@type\":\"ImageObject\",\"inLanguage\":\"pt-BR\",\"@id\":\"https:\/\/www.gaveanews.com\/index.php\/2025\/03\/08\/flamengo-x-vasco-pedrinho-critica-arbitragem\/#primaryimage\",\"url\":\"https:\/\/www.gaveanews.com\/wp-content\/uploads\/Pedrinho-presidente-do-Vasco.webp\",\"contentUrl\":\"https:\/\/www.gaveanews.com\/wp-content\/uploads\/Pedrinho-presidente-do-Vasco.webp\",\"width\":1024,\"height\":562,\"caption\":\"Pedrinho, presidente do Vasco (Foto: Reprodu\u00e7\u00e3o\/Vasco TV)\"},{\"@type\":\"BreadcrumbList\",\"@id\":\"https:\/\/www.gaveanews.com\/index.php\/2025\/03\/08\/flamengo-x-vasco-pedrinho-critica-arbitragem\/#breadcrumb\",\"itemListElement\":[{\"@type\":\"ListItem\",\"position\":1,\"name\":\"Home\",\"item\":\"https:\/\/www.gaveanews.com\/\"},{\"@type\":\"ListItem\",\"position\":2,\"name\":\"Flamengo x Vasco: Pedrinho critica arbitragem\"}]},{\"@type\":\"WebSite\",\"@id\":\"https:\/\/www.gaveanews.com\/#website\",\"url\":\"https:\/\/www.gaveanews.com\/\",\"name\":\"G\u00e1vea News\",\"description\":\"Veja todas as not\u00edcias sobre o Flamengo: Contrata\u00e7\u00f5es, categorias de base, resultados das partidas, tabela de classifica\u00e7\u00e3o, pr\u00f3ximos jogos!\",\"potentialAction\":[{\"@type\":\"SearchAction\",\"target\":{\"@type\":\"EntryPoint\",\"urlTemplate\":\"https:\/\/www.gaveanews.com\/?s={search_term_string}\"},\"query-input\":{\"@type\":\"PropertyValueSpecification\",\"valueRequired\":true,\"valueName\":\"search_term_string\"}}],\"inLanguage\":\"pt-BR\"},{\"@type\":\"Person\",\"@id\":\"https:\/\/www.gaveanews.com\/#\/schema\/person\/daf63eec72e1164eb13dc35096c2b8da\",\"name\":\"Paula Silva\",\"image\":{\"@type\":\"ImageObject\",\"inLanguage\":\"pt-BR\",\"@id\":\"https:\/\/www.gaveanews.com\/#\/schema\/person\/image\/\",\"url\":\"https:\/\/secure.gravatar.com\/avatar\/eda381c845527cc5d64c13b901833cda29d97500ba040d3e6461f76f51d163bb?s=96&d=mm&r=g\",\"contentUrl\":\"https:\/\/secure.gravatar.com\/avatar\/eda381c845527cc5d64c13b901833cda29d97500ba040d3e6461f76f51d163bb?s=96&d=mm&r=g\",\"caption\":\"Paula Silva\"}}]}<\/script>\n<!-- \/ Yoast SEO Premium plugin. -->","yoast_head_json":{"title":"Flamengo x Vasco: Pedrinho critica arbitragem","robots":{"index":"index","follow":"follow","max-snippet":"max-snippet:-1","max-image-preview":"max-image-preview:large","max-video-preview":"max-video-preview:-1"},"canonical":"https:\/\/www.gaveanews.com\/index.php\/2025\/03\/08\/flamengo-x-vasco-pedrinho-critica-arbitragem\/","og_locale":"pt_BR","og_type":"article","og_title":"Flamengo x Vasco: Pedrinho critica arbitragem","og_description":"Neste s\u00e1bado (8), o Flamengo venceu o Vasco por 2 a 1 e garantiu sua vaga na final do Campeonato Carioca, de virada, no Maracan\u00e3. O Cruz-Maltino chegou a abrir o placar com Nuno Moreira, mas Bruno Henrique e Luiz Ara\u00fajo marcaram os gols que selaram a classifica\u00e7\u00e3o rubro-negra. No agregado, o Fla venceu por [&hellip;]","og_url":"https:\/\/www.gaveanews.com\/index.php\/2025\/03\/08\/flamengo-x-vasco-pedrinho-critica-arbitragem\/","og_site_name":"G\u00e1vea News","article_publisher":"https:\/\/facebook.com\/gaveaNews\/","article_published_time":"2025-03-09T00:48:31+00:00","article_modified_time":"2025-03-09T00:48:34+00:00","og_image":[{"width":1024,"height":562,"url":"http:\/\/www.gaveanews.com\/wp-content\/uploads\/Pedrinho-presidente-do-Vasco.webp","type":"image\/jpeg"}],"author":"Paula Silva","twitter_card":"summary_large_image","twitter_misc":{"Escrito por":"Paula Silva","Est. tempo de leitura":"1 minuto"},"schema":{"@context":"https:\/\/schema.org","@graph":[{"@type":"NewsArticle","@id":"https:\/\/www.gaveanews.com\/index.php\/2025\/03\/08\/flamengo-x-vasco-pedrinho-critica-arbitragem\/#article","isPartOf":{"@id":"https:\/\/www.gaveanews.com\/index.php\/2025\/03\/08\/flamengo-x-vasco-pedrinho-critica-arbitragem\/"},"author":{"name":"Paula Silva","@id":"https:\/\/www.gaveanews.com\/#\/schema\/person\/daf63eec72e1164eb13dc35096c2b8da"},"headline":"Flamengo x Vasco: Pedrinho critica arbitragem","datePublished":"2025-03-09T00:48:31+00:00","dateModified":"2025-03-09T00:48:34+00:00","mainEntityOfPage":{"@id":"https:\/\/www.gaveanews.com\/index.php\/2025\/03\/08\/flamengo-x-vasco-pedrinho-critica-arbitragem\/"},"wordCount":408,"commentCount":0,"image":{"@id":"https:\/\/www.gaveanews.com\/index.php\/2025\/03\/08\/flamengo-x-vasco-pedrinho-critica-arbitragem\/#primaryimage"},"thumbnailUrl":"https:\/\/www.gaveanews.com\/wp-content\/uploads\/Pedrinho-presidente-do-Vasco.webp","articleSection":["Vasco"],"inLanguage":"pt-BR","potentialAction":[{"@type":"CommentAction","name":"Comment","target":["https:\/\/www.gaveanews.com\/index.php\/2025\/03\/08\/flamengo-x-vasco-pedrinho-critica-arbitragem\/#respond"]}],"copyrightYear":"2025","copyrightHolder":{"@id":"https:\/\/www.gaveanews.com\/#organization"}},{"@type":"WebPage","@id":"https:\/\/www.gaveanews.com\/index.php\/2025\/03\/08\/flamengo-x-vasco-pedrinho-critica-arbitragem\/","url":"https:\/\/www.gaveanews.com\/index.php\/2025\/03\/08\/flamengo-x-vasco-pedrinho-critica-arbitragem\/","name":"Flamengo x Vasco: Pedrinho critica arbitragem","isPartOf":{"@id":"https:\/\/www.gaveanews.com\/#website"},"primaryImageOfPage":{"@id":"https:\/\/www.gaveanews.com\/index.php\/2025\/03\/08\/flamengo-x-vasco-pedrinho-critica-arbitragem\/#primaryimage"},"image":{"@id":"https:\/\/www.gaveanews.com\/index.php\/2025\/03\/08\/flamengo-x-vasco-pedrinho-critica-arbitragem\/#primaryimage"},"thumbnailUrl":"https:\/\/www.gaveanews.com\/wp-content\/uploads\/Pedrinho-presidente-do-Vasco.webp","datePublished":"2025-03-09T00:48:31+00:00","dateModified":"2025-03-09T00:48:34+00:00","author":{"@id":"https:\/\/www.gaveanews.com\/#\/schema\/person\/daf63eec72e1164eb13dc35096c2b8da"},"breadcrumb":{"@id":"https:\/\/www.gaveanews.com\/index.php\/2025\/03\/08\/flamengo-x-vasco-pedrinho-critica-arbitragem\/#breadcrumb"},"inLanguage":"pt-BR","potentialAction":[{"@type":"ReadAction","target":["https:\/\/www.gaveanews.com\/index.php\/2025\/03\/08\/flamengo-x-vasco-pedrinho-critica-arbitragem\/"]}]},{"@type":"ImageObject","inLanguage":"pt-BR","@id":"https:\/\/www.gaveanews.com\/index.php\/2025\/03\/08\/flamengo-x-vasco-pedrinho-critica-arbitragem\/#primaryimage","url":"https:\/\/www.gaveanews.com\/wp-content\/uploads\/Pedrinho-presidente-do-Vasco.webp","contentUrl":"https:\/\/www.gaveanews.com\/wp-content\/uploads\/Pedrinho-presidente-do-Vasco.webp","width":1024,"height":562,"caption":"Pedrinho, presidente do Vasco (Foto: Reprodu\u00e7\u00e3o\/Vasco TV)"},{"@type":"BreadcrumbList","@id":"https:\/\/www.gaveanews.com\/index.php\/2025\/03\/08\/flamengo-x-vasco-pedrinho-critica-arbitragem\/#breadcrumb","itemListElement":[{"@type":"ListItem","position":1,"name":"Home","item":"https:\/\/www.gaveanews.com\/"},{"@type":"ListItem","position":2,"name":"Flamengo x Vasco: Pedrinho critica arbitragem"}]},{"@type":"WebSite","@id":"https:\/\/www.gaveanews.com\/#website","url":"https:\/\/www.gaveanews.com\/","name":"G\u00e1vea News","description":"Veja todas as not\u00edcias sobre o Flamengo: Contrata\u00e7\u00f5es, categorias de base, resultados das partidas, tabela de classifica\u00e7\u00e3o, pr\u00f3ximos jogos!","potentialAction":[{"@type":"SearchAction","target":{"@type":"EntryPoint","urlTemplate":"https:\/\/www.gaveanews.com\/?s={search_term_string}"},"query-input":{"@type":"PropertyValueSpecification","valueRequired":true,"valueName":"search_term_string"}}],"inLanguage":"pt-BR"},{"@type":"Person","@id":"https:\/\/www.gaveanews.com\/#\/schema\/person\/daf63eec72e1164eb13dc35096c2b8da","name":"Paula Silva","image":{"@type":"ImageObject","inLanguage":"pt-BR","@id":"https:\/\/www.gaveanews.com\/#\/schema\/person\/image\/","url":"https:\/\/secure.gravatar.com\/avatar\/eda381c845527cc5d64c13b901833cda29d97500ba040d3e6461f76f51d163bb?s=96&d=mm&r=g","contentUrl":"https:\/\/secure.gravatar.com\/avatar\/eda381c845527cc5d64c13b901833cda29d97500ba040d3e6461f76f51d163bb?s=96&d=mm&r=g","caption":"Paula Silva"}}]}},"_links":{"self":[{"href":"https:\/\/www.gaveanews.com\/index.php\/wp-json\/wp\/v2\/posts\/237707","targetHints":{"allow":["GET"]}}],"collection":[{"href":"https:\/\/www.gaveanews.com\/index.php\/wp-json\/wp\/v2\/posts"}],"about":[{"href":"https:\/\/www.gaveanews.com\/index.php\/wp-json\/wp\/v2\/types\/post"}],"author":[{"embeddable":true,"href":"https:\/\/www.gaveanews.com\/index.php\/wp-json\/wp\/v2\/users\/18"}],"replies":[{"embeddable":true,"href":"https:\/\/www.gaveanews.com\/index.php\/wp-json\/wp\/v2\/comments?post=237707"}],"version-history":[{"count":1,"href":"https:\/\/www.gaveanews.com\/index.php\/wp-json\/wp\/v2\/posts\/237707\/revisions"}],"predecessor-version":[{"id":237708,"href":"https:\/\/www.gaveanews.com\/index.php\/wp-json\/wp\/v2\/posts\/237707\/revisions\/237708"}],"wp:featuredmedia":[{"embeddable":true,"href":"https:\/\/www.gaveanews.com\/index.php\/wp-json\/wp\/v2\/media\/146559"}],"wp:attachment":[{"href":"https:\/\/www.gaveanews.com\/index.php\/wp-json\/wp\/v2\/media?parent=237707"}],"wp:term":[{"taxonomy":"category","embeddable":true,"href":"https:\/\/www.gaveanews.com\/index.php\/wp-json\/wp\/v2\/categories?post=237707"},{"taxonomy":"post_tag","embeddable":true,"href":"https:\/\/www.gaveanews.com\/index.php\/wp-json\/wp\/v2\/tags?post=237707"}],"curies":[{"name":"wp","href":"https:\/\/api.w.org\/{rel}","templated":true}]}}