{"id":238083,"date":"2025-03-10T21:40:00","date_gmt":"2025-03-11T00:40:00","guid":{"rendered":"https:\/\/www.gaveanews.com\/?p=238083"},"modified":"2025-03-10T18:36:41","modified_gmt":"2025-03-10T21:36:41","slug":"a-declaracao-de-benja-direcionada-a-garro-do-corinthians","status":"publish","type":"post","link":"https:\/\/www.gaveanews.com\/index.php\/2025\/03\/10\/a-declaracao-de-benja-direcionada-a-garro-do-corinthians\/","title":{"rendered":"A declara\u00e7\u00e3o de Benja direcionada a Garro, do Corinthians"},"content":{"rendered":"\n<p>Rodrigo Garro tem enfrentado uma fase turbulenta no Corinthians, e um recente coment\u00e1rio de Benjamin Back, o popular Benja, revelou detalhes de como o jogador tem lidado com os desafios tanto fora quanto dentro de campo. O apresentador do programa <em>Domingol<\/em> trouxe \u00e0 tona informa\u00e7\u00f5es que explicam um poss\u00edvel desejo de Garro de deixar o clube, o que envolveu fatores pessoais e uma proposta tentadora do futebol europeu.<\/p>\n\n\n\n<h2 class=\"wp-block-heading\" id=\"h-problema-pessoal-de-garro\">Problema pessoal de Garro <\/h2>\n\n\n\n<p>Benja n\u00e3o hesitou em expor que Garro enfrenta um problema pessoal grave, o que teria impactado diretamente sua performance no time. Embora n\u00e3o tenha dado maiores detalhes, o apresentador enfatizou a seriedade da situa\u00e7\u00e3o, destacando que \u201cisso a\u00ed t\u00e1 todo mundo sujeito a acontecer\u201d. Esse tipo de adversidade, embora pessoal, pode influenciar muito o psicol\u00f3gico e a produtividade de qualquer atleta.<\/p>\n\n\n\n<figure class=\"wp-block-image size-large\"><img loading=\"lazy\" decoding=\"async\" width=\"1024\" height=\"772\" src=\"http:\/\/www.gaveanews.com\/wp-content\/uploads\/Rodrigo-Garro-com-a-camisa-do-Corinthians-em-2024-1024x772.webp\" alt=\"\" class=\"wp-image-161268\" srcset=\"https:\/\/www.gaveanews.com\/wp-content\/uploads\/Rodrigo-Garro-com-a-camisa-do-Corinthians-em-2024-1024x772.webp 1024w, https:\/\/www.gaveanews.com\/wp-content\/uploads\/Rodrigo-Garro-com-a-camisa-do-Corinthians-em-2024-300x226.webp 300w, https:\/\/www.gaveanews.com\/wp-content\/uploads\/Rodrigo-Garro-com-a-camisa-do-Corinthians-em-2024-768x579.webp 768w, https:\/\/www.gaveanews.com\/wp-content\/uploads\/Rodrigo-Garro-com-a-camisa-do-Corinthians-em-2024-557x420.webp 557w, https:\/\/www.gaveanews.com\/wp-content\/uploads\/Rodrigo-Garro-com-a-camisa-do-Corinthians-em-2024-1115x840.webp 1115w, https:\/\/www.gaveanews.com\/wp-content\/uploads\/Rodrigo-Garro-com-a-camisa-do-Corinthians-em-2024-80x60.webp 80w, https:\/\/www.gaveanews.com\/wp-content\/uploads\/Rodrigo-Garro-com-a-camisa-do-Corinthians-em-2024-160x120.webp 160w, https:\/\/www.gaveanews.com\/wp-content\/uploads\/Rodrigo-Garro-com-a-camisa-do-Corinthians-em-2024-100x75.webp 100w, https:\/\/www.gaveanews.com\/wp-content\/uploads\/Rodrigo-Garro-com-a-camisa-do-Corinthians-em-2024-200x150.webp 200w, https:\/\/www.gaveanews.com\/wp-content\/uploads\/Rodrigo-Garro-com-a-camisa-do-Corinthians-em-2024-180x135.webp 180w, https:\/\/www.gaveanews.com\/wp-content\/uploads\/Rodrigo-Garro-com-a-camisa-do-Corinthians-em-2024-360x270.webp 360w, https:\/\/www.gaveanews.com\/wp-content\/uploads\/Rodrigo-Garro-com-a-camisa-do-Corinthians-em-2024-238x178.webp 238w, https:\/\/www.gaveanews.com\/wp-content\/uploads\/Rodrigo-Garro-com-a-camisa-do-Corinthians-em-2024-640x482.webp 640w, https:\/\/www.gaveanews.com\/wp-content\/uploads\/Rodrigo-Garro-com-a-camisa-do-Corinthians-em-2024-1280x964.webp 1280w, https:\/\/www.gaveanews.com\/wp-content\/uploads\/Rodrigo-Garro-com-a-camisa-do-Corinthians-em-2024-681x513.webp 681w, https:\/\/www.gaveanews.com\/wp-content\/uploads\/Rodrigo-Garro-com-a-camisa-do-Corinthians-em-2024-1362x1026.webp 1362w, https:\/\/www.gaveanews.com\/wp-content\/uploads\/Rodrigo-Garro-com-a-camisa-do-Corinthians-em-2024.webp 1440w\" sizes=\"auto, (max-width: 1024px) 100vw, 1024px\" \/><figcaption class=\"wp-element-caption\">Rodrigo Garro com a camisa do Corinthians em 2024 (Foto: Reprodu\u00e7\u00e3o\/Instagram)<\/figcaption><\/figure>\n\n\n\n<h2 class=\"wp-block-heading\" id=\"h-a-perda-da-camisa-10\">A perda da camisa 10<\/h2>\n\n\n\n<p>Outro ponto crucial para o descontentamento de Garro foi a perda da camisa 10, um n\u00famero cheio de simbolismo para qualquer jogador. Benjamin Back afirmou: \u201cn\u00e3o gostou, velho, de tirar a camisa 10 dele\u201d.      <\/p>\n\n\n\n<p>Vale destacar que essa numera\u00e7\u00e3o carrega um peso enorme no futebol, e a retirada dela pode ser vista como uma perda de identidade dentro do clube, algo que pode minar a confian\u00e7a de qualquer atleta. Por isso, a insatisfa\u00e7\u00e3o de Garro nesse aspecto \u00e9 completamente compreens\u00edvel.<\/p>\n\n\n\n<h2 class=\"wp-block-heading\" id=\"h-proposta-milionaria-do-zenit-recusada\">Proposta milion\u00e1ria do Zenit recusada<\/h2>\n\n\n\n<p>Por fim, Benja revelou um fator que pode ter sido decisivo na insatisfa\u00e7\u00e3o de Garro: uma proposta milion\u00e1ria do Zenit, da R\u00fassia. Segundo o apresentador, o argentino manifestou internamente o desejo de aceitar a oferta, expressando que \u201cn\u00e3o fez seu p\u00e9 de meia na vida\u201d e enxergava aquela proposta como uma oportunidade financeira que poderia mudar seu futuro. Sendo assim, n\u00e3o \u00e9 surpresa que Garro tenha cogitado a possibilidade de deixar o Corinthians para garantir sua estabilidade financeira.<\/p>\n\n\n\n<p>Com isso, a insatisfa\u00e7\u00e3o de Garro parece ser uma combina\u00e7\u00e3o de fatores que incluem o desgaste emocional e a queda de rendimento dentro de campo. \u201cO futebol dele tamb\u00e9m sumiu\u201d, completou Benja, apontando que a atual fase do jogador \u00e9 resultado de uma s\u00e9rie de adversidades que afetaram sua performance e motiva\u00e7\u00e3o. Dessa maneira, a situa\u00e7\u00e3o de Garro no Corinthians segue delicada, e sua continuidade no clube parece cada vez mais incerta.<\/p>\n","protected":false},"excerpt":{"rendered":"<p>Rodrigo Garro tem enfrentado uma fase turbulenta no Corinthians, e um recente coment\u00e1rio de Benjamin Back, o popular Benja, revelou detalhes de como o jogador tem lidado com os desafios tanto fora quanto dentro de campo. O apresentador do programa Domingol trouxe \u00e0 tona informa\u00e7\u00f5es que explicam um poss\u00edvel desejo de Garro de deixar o [&hellip;]<\/p>\n","protected":false},"author":24,"featured_media":163267,"comment_status":"open","ping_status":"closed","sticky":false,"template":"","format":"standard","meta":{"footnotes":""},"categories":[141],"tags":[],"class_list":["post-238083","post","type-post","status-publish","format-standard","has-post-thumbnail","hentry","category-corinthians"],"yoast_head":"<!-- This site is optimized with the Yoast SEO Premium plugin v24.2 (Yoast SEO v26.9) - https:\/\/yoast.com\/product\/yoast-seo-premium-wordpress\/ -->\n<title>A declara\u00e7\u00e3o de Benja direcionada a Garro, do Corinthians<\/title>\n<meta name=\"robots\" content=\"index, follow, max-snippet:-1, max-image-preview:large, max-video-preview:-1\" \/>\n<link rel=\"canonical\" href=\"https:\/\/www.gaveanews.com\/index.php\/2025\/03\/10\/a-declaracao-de-benja-direcionada-a-garro-do-corinthians\/\" \/>\n<meta property=\"og:locale\" content=\"pt_BR\" \/>\n<meta property=\"og:type\" content=\"article\" \/>\n<meta property=\"og:title\" content=\"A declara\u00e7\u00e3o de Benja direcionada a Garro, do Corinthians\" \/>\n<meta property=\"og:description\" content=\"Rodrigo Garro tem enfrentado uma fase turbulenta no Corinthians, e um recente coment\u00e1rio de Benjamin Back, o popular Benja, revelou detalhes de como o jogador tem lidado com os desafios tanto fora quanto dentro de campo. O apresentador do programa Domingol trouxe \u00e0 tona informa\u00e7\u00f5es que explicam um poss\u00edvel desejo de Garro de deixar o [&hellip;]\" \/>\n<meta property=\"og:url\" content=\"https:\/\/www.gaveanews.com\/index.php\/2025\/03\/10\/a-declaracao-de-benja-direcionada-a-garro-do-corinthians\/\" \/>\n<meta property=\"og:site_name\" content=\"G\u00e1vea News\" \/>\n<meta property=\"article:publisher\" content=\"https:\/\/facebook.com\/gaveaNews\/\" \/>\n<meta property=\"article:published_time\" content=\"2025-03-11T00:40:00+00:00\" \/>\n<meta property=\"og:image\" content=\"https:\/\/www.gaveanews.com\/wp-content\/uploads\/A-declaracao-de-Benjamin-Back-apos-a-vitoria-do-Corinthians-contra-o-Flamengo.webp\" \/>\n\t<meta property=\"og:image:width\" content=\"1200\" \/>\n\t<meta property=\"og:image:height\" content=\"675\" \/>\n\t<meta property=\"og:image:type\" content=\"image\/jpeg\" \/>\n<meta name=\"author\" content=\"Leandro Cardoso\" \/>\n<meta name=\"twitter:card\" content=\"summary_large_image\" \/>\n<meta name=\"twitter:label1\" content=\"Escrito por\" \/>\n\t<meta name=\"twitter:data1\" content=\"Leandro Cardoso\" \/>\n\t<meta name=\"twitter:label2\" content=\"Est. tempo de leitura\" \/>\n\t<meta name=\"twitter:data2\" content=\"3 minutos\" \/>\n<script type=\"application\/ld+json\" class=\"yoast-schema-graph\">{\"@context\":\"https:\/\/schema.org\",\"@graph\":[{\"@type\":\"NewsArticle\",\"@id\":\"https:\/\/www.gaveanews.com\/index.php\/2025\/03\/10\/a-declaracao-de-benja-direcionada-a-garro-do-corinthians\/#article\",\"isPartOf\":{\"@id\":\"https:\/\/www.gaveanews.com\/index.php\/2025\/03\/10\/a-declaracao-de-benja-direcionada-a-garro-do-corinthians\/\"},\"author\":{\"name\":\"Leandro Cardoso\",\"@id\":\"https:\/\/www.gaveanews.com\/#\/schema\/person\/2424ec6409bc3f068411fc5e4e9b6168\"},\"headline\":\"A declara\u00e7\u00e3o de Benja direcionada a Garro, do Corinthians\",\"datePublished\":\"2025-03-11T00:40:00+00:00\",\"mainEntityOfPage\":{\"@id\":\"https:\/\/www.gaveanews.com\/index.php\/2025\/03\/10\/a-declaracao-de-benja-direcionada-a-garro-do-corinthians\/\"},\"wordCount\":413,\"commentCount\":0,\"image\":{\"@id\":\"https:\/\/www.gaveanews.com\/index.php\/2025\/03\/10\/a-declaracao-de-benja-direcionada-a-garro-do-corinthians\/#primaryimage\"},\"thumbnailUrl\":\"https:\/\/www.gaveanews.com\/wp-content\/uploads\/A-declaracao-de-Benjamin-Back-apos-a-vitoria-do-Corinthians-contra-o-Flamengo.webp\",\"articleSection\":[\"Corinthians\"],\"inLanguage\":\"pt-BR\",\"potentialAction\":[{\"@type\":\"CommentAction\",\"name\":\"Comment\",\"target\":[\"https:\/\/www.gaveanews.com\/index.php\/2025\/03\/10\/a-declaracao-de-benja-direcionada-a-garro-do-corinthians\/#respond\"]}],\"copyrightYear\":\"2025\",\"copyrightHolder\":{\"@id\":\"https:\/\/www.gaveanews.com\/#organization\"}},{\"@type\":\"WebPage\",\"@id\":\"https:\/\/www.gaveanews.com\/index.php\/2025\/03\/10\/a-declaracao-de-benja-direcionada-a-garro-do-corinthians\/\",\"url\":\"https:\/\/www.gaveanews.com\/index.php\/2025\/03\/10\/a-declaracao-de-benja-direcionada-a-garro-do-corinthians\/\",\"name\":\"A declara\u00e7\u00e3o de Benja direcionada a Garro, do Corinthians\",\"isPartOf\":{\"@id\":\"https:\/\/www.gaveanews.com\/#website\"},\"primaryImageOfPage\":{\"@id\":\"https:\/\/www.gaveanews.com\/index.php\/2025\/03\/10\/a-declaracao-de-benja-direcionada-a-garro-do-corinthians\/#primaryimage\"},\"image\":{\"@id\":\"https:\/\/www.gaveanews.com\/index.php\/2025\/03\/10\/a-declaracao-de-benja-direcionada-a-garro-do-corinthians\/#primaryimage\"},\"thumbnailUrl\":\"https:\/\/www.gaveanews.com\/wp-content\/uploads\/A-declaracao-de-Benjamin-Back-apos-a-vitoria-do-Corinthians-contra-o-Flamengo.webp\",\"datePublished\":\"2025-03-11T00:40:00+00:00\",\"author\":{\"@id\":\"https:\/\/www.gaveanews.com\/#\/schema\/person\/2424ec6409bc3f068411fc5e4e9b6168\"},\"breadcrumb\":{\"@id\":\"https:\/\/www.gaveanews.com\/index.php\/2025\/03\/10\/a-declaracao-de-benja-direcionada-a-garro-do-corinthians\/#breadcrumb\"},\"inLanguage\":\"pt-BR\",\"potentialAction\":[{\"@type\":\"ReadAction\",\"target\":[\"https:\/\/www.gaveanews.com\/index.php\/2025\/03\/10\/a-declaracao-de-benja-direcionada-a-garro-do-corinthians\/\"]}]},{\"@type\":\"ImageObject\",\"inLanguage\":\"pt-BR\",\"@id\":\"https:\/\/www.gaveanews.com\/index.php\/2025\/03\/10\/a-declaracao-de-benja-direcionada-a-garro-do-corinthians\/#primaryimage\",\"url\":\"https:\/\/www.gaveanews.com\/wp-content\/uploads\/A-declaracao-de-Benjamin-Back-apos-a-vitoria-do-Corinthians-contra-o-Flamengo.webp\",\"contentUrl\":\"https:\/\/www.gaveanews.com\/wp-content\/uploads\/A-declaracao-de-Benjamin-Back-apos-a-vitoria-do-Corinthians-contra-o-Flamengo.webp\",\"width\":1200,\"height\":675,\"caption\":\"Benjamin Back (Foto: Reprodu\u00e7\u00e3o\/SBT)\"},{\"@type\":\"BreadcrumbList\",\"@id\":\"https:\/\/www.gaveanews.com\/index.php\/2025\/03\/10\/a-declaracao-de-benja-direcionada-a-garro-do-corinthians\/#breadcrumb\",\"itemListElement\":[{\"@type\":\"ListItem\",\"position\":1,\"name\":\"Home\",\"item\":\"https:\/\/www.gaveanews.com\/\"},{\"@type\":\"ListItem\",\"position\":2,\"name\":\"A declara\u00e7\u00e3o de Benja direcionada a Garro, do Corinthians\"}]},{\"@type\":\"WebSite\",\"@id\":\"https:\/\/www.gaveanews.com\/#website\",\"url\":\"https:\/\/www.gaveanews.com\/\",\"name\":\"G\u00e1vea News\",\"description\":\"Veja todas as not\u00edcias sobre o Flamengo: Contrata\u00e7\u00f5es, categorias de base, resultados das partidas, tabela de classifica\u00e7\u00e3o, pr\u00f3ximos jogos!\",\"potentialAction\":[{\"@type\":\"SearchAction\",\"target\":{\"@type\":\"EntryPoint\",\"urlTemplate\":\"https:\/\/www.gaveanews.com\/?s={search_term_string}\"},\"query-input\":{\"@type\":\"PropertyValueSpecification\",\"valueRequired\":true,\"valueName\":\"search_term_string\"}}],\"inLanguage\":\"pt-BR\"},{\"@type\":\"Person\",\"@id\":\"https:\/\/www.gaveanews.com\/#\/schema\/person\/2424ec6409bc3f068411fc5e4e9b6168\",\"name\":\"Leandro Cardoso\",\"image\":{\"@type\":\"ImageObject\",\"inLanguage\":\"pt-BR\",\"@id\":\"https:\/\/www.gaveanews.com\/#\/schema\/person\/image\/\",\"url\":\"https:\/\/secure.gravatar.com\/avatar\/8ca179f9b55eefe9f376f5493ef25475bfa59fbc28ce937f6076ce20e523098f?s=96&d=mm&r=g\",\"contentUrl\":\"https:\/\/secure.gravatar.com\/avatar\/8ca179f9b55eefe9f376f5493ef25475bfa59fbc28ce937f6076ce20e523098f?s=96&d=mm&r=g\",\"caption\":\"Leandro Cardoso\"}}]}<\/script>\n<!-- \/ Yoast SEO Premium plugin. -->","yoast_head_json":{"title":"A declara\u00e7\u00e3o de Benja direcionada a Garro, do Corinthians","robots":{"index":"index","follow":"follow","max-snippet":"max-snippet:-1","max-image-preview":"max-image-preview:large","max-video-preview":"max-video-preview:-1"},"canonical":"https:\/\/www.gaveanews.com\/index.php\/2025\/03\/10\/a-declaracao-de-benja-direcionada-a-garro-do-corinthians\/","og_locale":"pt_BR","og_type":"article","og_title":"A declara\u00e7\u00e3o de Benja direcionada a Garro, do Corinthians","og_description":"Rodrigo Garro tem enfrentado uma fase turbulenta no Corinthians, e um recente coment\u00e1rio de Benjamin Back, o popular Benja, revelou detalhes de como o jogador tem lidado com os desafios tanto fora quanto dentro de campo. O apresentador do programa Domingol trouxe \u00e0 tona informa\u00e7\u00f5es que explicam um poss\u00edvel desejo de Garro de deixar o [&hellip;]","og_url":"https:\/\/www.gaveanews.com\/index.php\/2025\/03\/10\/a-declaracao-de-benja-direcionada-a-garro-do-corinthians\/","og_site_name":"G\u00e1vea News","article_publisher":"https:\/\/facebook.com\/gaveaNews\/","article_published_time":"2025-03-11T00:40:00+00:00","og_image":[{"width":1200,"height":675,"url":"https:\/\/www.gaveanews.com\/wp-content\/uploads\/A-declaracao-de-Benjamin-Back-apos-a-vitoria-do-Corinthians-contra-o-Flamengo.webp","type":"image\/jpeg"}],"author":"Leandro Cardoso","twitter_card":"summary_large_image","twitter_misc":{"Escrito por":"Leandro Cardoso","Est. tempo de leitura":"3 minutos"},"schema":{"@context":"https:\/\/schema.org","@graph":[{"@type":"NewsArticle","@id":"https:\/\/www.gaveanews.com\/index.php\/2025\/03\/10\/a-declaracao-de-benja-direcionada-a-garro-do-corinthians\/#article","isPartOf":{"@id":"https:\/\/www.gaveanews.com\/index.php\/2025\/03\/10\/a-declaracao-de-benja-direcionada-a-garro-do-corinthians\/"},"author":{"name":"Leandro Cardoso","@id":"https:\/\/www.gaveanews.com\/#\/schema\/person\/2424ec6409bc3f068411fc5e4e9b6168"},"headline":"A declara\u00e7\u00e3o de Benja direcionada a Garro, do Corinthians","datePublished":"2025-03-11T00:40:00+00:00","mainEntityOfPage":{"@id":"https:\/\/www.gaveanews.com\/index.php\/2025\/03\/10\/a-declaracao-de-benja-direcionada-a-garro-do-corinthians\/"},"wordCount":413,"commentCount":0,"image":{"@id":"https:\/\/www.gaveanews.com\/index.php\/2025\/03\/10\/a-declaracao-de-benja-direcionada-a-garro-do-corinthians\/#primaryimage"},"thumbnailUrl":"https:\/\/www.gaveanews.com\/wp-content\/uploads\/A-declaracao-de-Benjamin-Back-apos-a-vitoria-do-Corinthians-contra-o-Flamengo.webp","articleSection":["Corinthians"],"inLanguage":"pt-BR","potentialAction":[{"@type":"CommentAction","name":"Comment","target":["https:\/\/www.gaveanews.com\/index.php\/2025\/03\/10\/a-declaracao-de-benja-direcionada-a-garro-do-corinthians\/#respond"]}],"copyrightYear":"2025","copyrightHolder":{"@id":"https:\/\/www.gaveanews.com\/#organization"}},{"@type":"WebPage","@id":"https:\/\/www.gaveanews.com\/index.php\/2025\/03\/10\/a-declaracao-de-benja-direcionada-a-garro-do-corinthians\/","url":"https:\/\/www.gaveanews.com\/index.php\/2025\/03\/10\/a-declaracao-de-benja-direcionada-a-garro-do-corinthians\/","name":"A declara\u00e7\u00e3o de Benja direcionada a Garro, do Corinthians","isPartOf":{"@id":"https:\/\/www.gaveanews.com\/#website"},"primaryImageOfPage":{"@id":"https:\/\/www.gaveanews.com\/index.php\/2025\/03\/10\/a-declaracao-de-benja-direcionada-a-garro-do-corinthians\/#primaryimage"},"image":{"@id":"https:\/\/www.gaveanews.com\/index.php\/2025\/03\/10\/a-declaracao-de-benja-direcionada-a-garro-do-corinthians\/#primaryimage"},"thumbnailUrl":"https:\/\/www.gaveanews.com\/wp-content\/uploads\/A-declaracao-de-Benjamin-Back-apos-a-vitoria-do-Corinthians-contra-o-Flamengo.webp","datePublished":"2025-03-11T00:40:00+00:00","author":{"@id":"https:\/\/www.gaveanews.com\/#\/schema\/person\/2424ec6409bc3f068411fc5e4e9b6168"},"breadcrumb":{"@id":"https:\/\/www.gaveanews.com\/index.php\/2025\/03\/10\/a-declaracao-de-benja-direcionada-a-garro-do-corinthians\/#breadcrumb"},"inLanguage":"pt-BR","potentialAction":[{"@type":"ReadAction","target":["https:\/\/www.gaveanews.com\/index.php\/2025\/03\/10\/a-declaracao-de-benja-direcionada-a-garro-do-corinthians\/"]}]},{"@type":"ImageObject","inLanguage":"pt-BR","@id":"https:\/\/www.gaveanews.com\/index.php\/2025\/03\/10\/a-declaracao-de-benja-direcionada-a-garro-do-corinthians\/#primaryimage","url":"https:\/\/www.gaveanews.com\/wp-content\/uploads\/A-declaracao-de-Benjamin-Back-apos-a-vitoria-do-Corinthians-contra-o-Flamengo.webp","contentUrl":"https:\/\/www.gaveanews.com\/wp-content\/uploads\/A-declaracao-de-Benjamin-Back-apos-a-vitoria-do-Corinthians-contra-o-Flamengo.webp","width":1200,"height":675,"caption":"Benjamin Back (Foto: Reprodu\u00e7\u00e3o\/SBT)"},{"@type":"BreadcrumbList","@id":"https:\/\/www.gaveanews.com\/index.php\/2025\/03\/10\/a-declaracao-de-benja-direcionada-a-garro-do-corinthians\/#breadcrumb","itemListElement":[{"@type":"ListItem","position":1,"name":"Home","item":"https:\/\/www.gaveanews.com\/"},{"@type":"ListItem","position":2,"name":"A declara\u00e7\u00e3o de Benja direcionada a Garro, do Corinthians"}]},{"@type":"WebSite","@id":"https:\/\/www.gaveanews.com\/#website","url":"https:\/\/www.gaveanews.com\/","name":"G\u00e1vea News","description":"Veja todas as not\u00edcias sobre o Flamengo: Contrata\u00e7\u00f5es, categorias de base, resultados das partidas, tabela de classifica\u00e7\u00e3o, pr\u00f3ximos jogos!","potentialAction":[{"@type":"SearchAction","target":{"@type":"EntryPoint","urlTemplate":"https:\/\/www.gaveanews.com\/?s={search_term_string}"},"query-input":{"@type":"PropertyValueSpecification","valueRequired":true,"valueName":"search_term_string"}}],"inLanguage":"pt-BR"},{"@type":"Person","@id":"https:\/\/www.gaveanews.com\/#\/schema\/person\/2424ec6409bc3f068411fc5e4e9b6168","name":"Leandro Cardoso","image":{"@type":"ImageObject","inLanguage":"pt-BR","@id":"https:\/\/www.gaveanews.com\/#\/schema\/person\/image\/","url":"https:\/\/secure.gravatar.com\/avatar\/8ca179f9b55eefe9f376f5493ef25475bfa59fbc28ce937f6076ce20e523098f?s=96&d=mm&r=g","contentUrl":"https:\/\/secure.gravatar.com\/avatar\/8ca179f9b55eefe9f376f5493ef25475bfa59fbc28ce937f6076ce20e523098f?s=96&d=mm&r=g","caption":"Leandro Cardoso"}}]}},"_links":{"self":[{"href":"https:\/\/www.gaveanews.com\/index.php\/wp-json\/wp\/v2\/posts\/238083","targetHints":{"allow":["GET"]}}],"collection":[{"href":"https:\/\/www.gaveanews.com\/index.php\/wp-json\/wp\/v2\/posts"}],"about":[{"href":"https:\/\/www.gaveanews.com\/index.php\/wp-json\/wp\/v2\/types\/post"}],"author":[{"embeddable":true,"href":"https:\/\/www.gaveanews.com\/index.php\/wp-json\/wp\/v2\/users\/24"}],"replies":[{"embeddable":true,"href":"https:\/\/www.gaveanews.com\/index.php\/wp-json\/wp\/v2\/comments?post=238083"}],"version-history":[{"count":1,"href":"https:\/\/www.gaveanews.com\/index.php\/wp-json\/wp\/v2\/posts\/238083\/revisions"}],"predecessor-version":[{"id":238084,"href":"https:\/\/www.gaveanews.com\/index.php\/wp-json\/wp\/v2\/posts\/238083\/revisions\/238084"}],"wp:featuredmedia":[{"embeddable":true,"href":"https:\/\/www.gaveanews.com\/index.php\/wp-json\/wp\/v2\/media\/163267"}],"wp:attachment":[{"href":"https:\/\/www.gaveanews.com\/index.php\/wp-json\/wp\/v2\/media?parent=238083"}],"wp:term":[{"taxonomy":"category","embeddable":true,"href":"https:\/\/www.gaveanews.com\/index.php\/wp-json\/wp\/v2\/categories?post=238083"},{"taxonomy":"post_tag","embeddable":true,"href":"https:\/\/www.gaveanews.com\/index.php\/wp-json\/wp\/v2\/tags?post=238083"}],"curies":[{"name":"wp","href":"https:\/\/api.w.org\/{rel}","templated":true}]}}