{"id":238111,"date":"2025-03-10T21:50:00","date_gmt":"2025-03-11T00:50:00","guid":{"rendered":"https:\/\/www.gaveanews.com\/?p=238111"},"modified":"2025-03-10T18:36:55","modified_gmt":"2025-03-10T21:36:55","slug":"fortaleza-se-classifica-para-a-final-do-estadual-e-atinge-grande-marca","status":"publish","type":"post","link":"https:\/\/www.gaveanews.com\/index.php\/2025\/03\/10\/fortaleza-se-classifica-para-a-final-do-estadual-e-atinge-grande-marca\/","title":{"rendered":"Fortaleza se classifica para a final do estadual e atinge grande marca"},"content":{"rendered":"\n<h2 class=\"wp-block-heading\" id=\"h-leao-do-pici-garantiu-vaga-no-sabado\">Le\u00e3o do Pici garantiu vaga no s\u00e1bado<\/h2>\n\n\n\n<p>Com gol de Lucero aos 47 minutos do segundo tempo, o Fortaleza venceu o Ferrovi\u00e1rio por 1 a 0 no \u00faltimo s\u00e1bado (8) e se classificou para a grande final do Campeonato Cearense. Essa \u00e9 a oitava vez que o Le\u00e3o do Pici se classifica para a decis\u00e3o do estadual. <\/p>\n\n\n\n<p>A \u00faltima vez em que o Fortaleza n\u00e3o chegou na final do Campeonato Cearense foi contra o pr\u00f3prio Ferrovi\u00e1rio em 2017. Desde ent\u00e3o, o Le\u00e3o do Pici faturou o t\u00edtulo cinco vezes e perdeu dois. Abaixo voc\u00ea ver\u00e1 detalhes das finais passada.<\/p>\n\n\n\n<h2 class=\"wp-block-heading\" id=\"h-2018-vice-campeao\">2018 &#8211; vice-campe\u00e3o<\/h2>\n\n\n\n<p>Em 2018, o Cear\u00e1 venceu o Fortaleza duas vezes por 2 a 1. Na ida, Arthur Cabral marcou os dois do Voz\u00e3o e Gustagol marcou para o Le\u00e3o. Na volta, Pio e Felipe Azevedo foram as redes pelo Vov\u00f4 e Adalberto pelo Tricolor cearense. <\/p>\n\n\n\n<h2 class=\"wp-block-heading\" id=\"h-2019-campeao\">2019 &#8211; campe\u00e3o<\/h2>\n\n\n\n<p>No ano seguinte, o Fortaleza &#8220;se vingou&#8221; e bateu o Cear\u00e1 duas vezes. No primeiro jogo, Edinho fez dois gols e Roger Carvalho foi as redes na volta. O Cear\u00e1 n\u00e3o balan\u00e7ou as redes nesta ocasi\u00e3o. <\/p>\n\n\n\n<h2 class=\"wp-block-heading\" id=\"h-2020-campeao\">2020 &#8211; campe\u00e3o<\/h2>\n\n\n\n<p>Em 2020, o Cl\u00e1ssico-Rei voltou a acontecer na final, e novamente o Fortaleza levou a melhor com duas vit\u00f3rias. No primeiro jogo, o Le\u00e3o venceu por 2 a 1, com gols de Tinga e Bruno Melo, enquanto S\u00f3bis marcou para o Cear\u00e1. No jogo de volta, Tinga anotou o gol da vit\u00f3ria e do t\u00edtulo, garantindo o bicampeonato para o Fortaleza.<\/p>\n\n\n\n<h2 class=\"wp-block-heading\" id=\"h-2021-campeao\">2021 &#8211; campe\u00e3o <\/h2>\n\n\n\n<p>O Le\u00e3o do Pici conquistou o tri campeonato gra\u00e7as ao regulamento do Campeonato Cearense. O Fortaleza possu\u00eda a melhor campanha e assim tinha a vantagem de empatar o jogo que seria campe\u00e3o. O duelo terminou em 0 a 0 e o Le\u00e3o venceu o estadual. <\/p>\n\n\n\n<h2 class=\"wp-block-heading\" id=\"h-2022-campeao\">2022 &#8211; campe\u00e3o <\/h2>\n\n\n\n<p>O tetracampeonato foi conquistado de forma mais tranquila, sobre o Caucaia na final de 2022. Ap\u00f3s um empate sem gols no primeiro jogo, o Fortaleza dominou na partida de volta, vencendo por 4 a 0. Silvio Romero, Pikachu (duas vezes) e Ronaldo marcaram os gols da vit\u00f3ria.<\/p>\n\n\n\n<h2 class=\"wp-block-heading\" id=\"h-2023-campeao\">2023 &#8211; campe\u00e3o <\/h2>\n\n\n\n<p>O t\u00e3o aguardado pentacampeonato foi conquistado com uma vit\u00f3ria sobre o principal rival, Cear\u00e1. No primeiro jogo, o Fortaleza venceu por 2 a 1, com gols de Lucas Sasha e Caio Alexandre. Danilo Barcelos descontou para o Voz\u00e3o. No jogo de volta, um empate emocionante por 2 a 2 garantiu o t\u00edtulo para o Le\u00e3o. Erick e Cear\u00e1 marcaram pelo Cear\u00e1, enquanto Lucero e Calebe (este \u00faltimo aos 42 minutos do segundo tempo) anotaram para o Fortaleza, que conquistou o pentacampeonato.<\/p>\n\n\n\n<h2 class=\"wp-block-heading\" id=\"h-2024-vice-campeao\">2024 &#8211; vice-campe\u00e3o <\/h2>\n\n\n\n<p>Fortaleza e Cear\u00e1 novamente fizeram a final do estadual e o Le\u00e3o do Pici buscava o hexacampeonato. No primeiro jogo, empate sem gols em uma partida bastante disputada. Na volta, o 1 a 1 tamb\u00e9m n\u00e3o favoreceu nenhuma das equipes, levando a decis\u00e3o para os p\u00eanaltis. Pelo lado alvinegro, Matheus Felipe e Guilherme Castilho erraram, enquanto Recalde, Louren\u00e7o e Ra\u00ed Ramos marcaram. Pelo lado tricolor, Pikachu desperdi\u00e7ou a primeira cobran\u00e7a, mas Z\u00e9 Welison e Mois\u00e9s converteram. No entanto, o t\u00edtulo escapou ap\u00f3s os erros de Tinga e Machuca, resultando no vice-campeonato para o Fortaleza.<\/p>\n","protected":false},"excerpt":{"rendered":"<p>Le\u00e3o do Pici garantiu vaga no s\u00e1bado Com gol de Lucero aos 47 minutos do segundo tempo, o Fortaleza venceu o Ferrovi\u00e1rio por 1 a 0 no \u00faltimo s\u00e1bado (8) e se classificou para a grande final do Campeonato Cearense. Essa \u00e9 a oitava vez que o Le\u00e3o do Pici se classifica para a decis\u00e3o [&hellip;]<\/p>\n","protected":false},"author":21,"featured_media":170613,"comment_status":"open","ping_status":"closed","sticky":false,"template":"","format":"standard","meta":{"footnotes":""},"categories":[146],"tags":[],"class_list":["post-238111","post","type-post","status-publish","format-standard","has-post-thumbnail","hentry","category-fortaleza"],"yoast_head":"<!-- This site is optimized with the Yoast SEO Premium plugin v24.2 (Yoast SEO v26.9) - https:\/\/yoast.com\/product\/yoast-seo-premium-wordpress\/ -->\n<title>Fortaleza se classifica para a final do estadual e atinge grande marca<\/title>\n<meta name=\"robots\" content=\"index, follow, max-snippet:-1, max-image-preview:large, max-video-preview:-1\" \/>\n<link rel=\"canonical\" href=\"https:\/\/www.gaveanews.com\/index.php\/2025\/03\/10\/fortaleza-se-classifica-para-a-final-do-estadual-e-atinge-grande-marca\/\" \/>\n<meta property=\"og:locale\" content=\"pt_BR\" \/>\n<meta property=\"og:type\" content=\"article\" \/>\n<meta property=\"og:title\" content=\"Fortaleza se classifica para a final do estadual e atinge grande marca\" \/>\n<meta property=\"og:description\" content=\"Le\u00e3o do Pici garantiu vaga no s\u00e1bado Com gol de Lucero aos 47 minutos do segundo tempo, o Fortaleza venceu o Ferrovi\u00e1rio por 1 a 0 no \u00faltimo s\u00e1bado (8) e se classificou para a grande final do Campeonato Cearense. Essa \u00e9 a oitava vez que o Le\u00e3o do Pici se classifica para a decis\u00e3o [&hellip;]\" \/>\n<meta property=\"og:url\" content=\"https:\/\/www.gaveanews.com\/index.php\/2025\/03\/10\/fortaleza-se-classifica-para-a-final-do-estadual-e-atinge-grande-marca\/\" \/>\n<meta property=\"og:site_name\" content=\"G\u00e1vea News\" \/>\n<meta property=\"article:publisher\" content=\"https:\/\/facebook.com\/gaveaNews\/\" \/>\n<meta property=\"article:published_time\" content=\"2025-03-11T00:50:00+00:00\" \/>\n<meta property=\"og:image\" content=\"https:\/\/www.gaveanews.com\/wp-content\/uploads\/Lucero-em-acao-pelo-Fortaleza.webp\" \/>\n\t<meta property=\"og:image:width\" content=\"1305\" \/>\n\t<meta property=\"og:image:height\" content=\"963\" \/>\n\t<meta property=\"og:image:type\" content=\"image\/jpeg\" \/>\n<meta name=\"author\" content=\"Andr\u00e9 Serra\" \/>\n<meta name=\"twitter:card\" content=\"summary_large_image\" \/>\n<meta name=\"twitter:label1\" content=\"Escrito por\" \/>\n\t<meta name=\"twitter:data1\" content=\"Andr\u00e9 Serra\" \/>\n\t<meta name=\"twitter:label2\" content=\"Est. tempo de leitura\" \/>\n\t<meta name=\"twitter:data2\" content=\"4 minutos\" \/>\n<script type=\"application\/ld+json\" class=\"yoast-schema-graph\">{\"@context\":\"https:\/\/schema.org\",\"@graph\":[{\"@type\":\"NewsArticle\",\"@id\":\"https:\/\/www.gaveanews.com\/index.php\/2025\/03\/10\/fortaleza-se-classifica-para-a-final-do-estadual-e-atinge-grande-marca\/#article\",\"isPartOf\":{\"@id\":\"https:\/\/www.gaveanews.com\/index.php\/2025\/03\/10\/fortaleza-se-classifica-para-a-final-do-estadual-e-atinge-grande-marca\/\"},\"author\":{\"name\":\"Andr\u00e9 Serra\",\"@id\":\"https:\/\/www.gaveanews.com\/#\/schema\/person\/0277a79a1289c451c281ec0411d84f0c\"},\"headline\":\"Fortaleza se classifica para a final do estadual e atinge grande marca\",\"datePublished\":\"2025-03-11T00:50:00+00:00\",\"mainEntityOfPage\":{\"@id\":\"https:\/\/www.gaveanews.com\/index.php\/2025\/03\/10\/fortaleza-se-classifica-para-a-final-do-estadual-e-atinge-grande-marca\/\"},\"wordCount\":562,\"commentCount\":0,\"image\":{\"@id\":\"https:\/\/www.gaveanews.com\/index.php\/2025\/03\/10\/fortaleza-se-classifica-para-a-final-do-estadual-e-atinge-grande-marca\/#primaryimage\"},\"thumbnailUrl\":\"https:\/\/www.gaveanews.com\/wp-content\/uploads\/Lucero-em-acao-pelo-Fortaleza.webp\",\"articleSection\":[\"Fortaleza\"],\"inLanguage\":\"pt-BR\",\"potentialAction\":[{\"@type\":\"CommentAction\",\"name\":\"Comment\",\"target\":[\"https:\/\/www.gaveanews.com\/index.php\/2025\/03\/10\/fortaleza-se-classifica-para-a-final-do-estadual-e-atinge-grande-marca\/#respond\"]}],\"copyrightYear\":\"2025\",\"copyrightHolder\":{\"@id\":\"https:\/\/www.gaveanews.com\/#organization\"}},{\"@type\":\"WebPage\",\"@id\":\"https:\/\/www.gaveanews.com\/index.php\/2025\/03\/10\/fortaleza-se-classifica-para-a-final-do-estadual-e-atinge-grande-marca\/\",\"url\":\"https:\/\/www.gaveanews.com\/index.php\/2025\/03\/10\/fortaleza-se-classifica-para-a-final-do-estadual-e-atinge-grande-marca\/\",\"name\":\"Fortaleza se classifica para a final do estadual e atinge grande marca\",\"isPartOf\":{\"@id\":\"https:\/\/www.gaveanews.com\/#website\"},\"primaryImageOfPage\":{\"@id\":\"https:\/\/www.gaveanews.com\/index.php\/2025\/03\/10\/fortaleza-se-classifica-para-a-final-do-estadual-e-atinge-grande-marca\/#primaryimage\"},\"image\":{\"@id\":\"https:\/\/www.gaveanews.com\/index.php\/2025\/03\/10\/fortaleza-se-classifica-para-a-final-do-estadual-e-atinge-grande-marca\/#primaryimage\"},\"thumbnailUrl\":\"https:\/\/www.gaveanews.com\/wp-content\/uploads\/Lucero-em-acao-pelo-Fortaleza.webp\",\"datePublished\":\"2025-03-11T00:50:00+00:00\",\"author\":{\"@id\":\"https:\/\/www.gaveanews.com\/#\/schema\/person\/0277a79a1289c451c281ec0411d84f0c\"},\"breadcrumb\":{\"@id\":\"https:\/\/www.gaveanews.com\/index.php\/2025\/03\/10\/fortaleza-se-classifica-para-a-final-do-estadual-e-atinge-grande-marca\/#breadcrumb\"},\"inLanguage\":\"pt-BR\",\"potentialAction\":[{\"@type\":\"ReadAction\",\"target\":[\"https:\/\/www.gaveanews.com\/index.php\/2025\/03\/10\/fortaleza-se-classifica-para-a-final-do-estadual-e-atinge-grande-marca\/\"]}]},{\"@type\":\"ImageObject\",\"inLanguage\":\"pt-BR\",\"@id\":\"https:\/\/www.gaveanews.com\/index.php\/2025\/03\/10\/fortaleza-se-classifica-para-a-final-do-estadual-e-atinge-grande-marca\/#primaryimage\",\"url\":\"https:\/\/www.gaveanews.com\/wp-content\/uploads\/Lucero-em-acao-pelo-Fortaleza.webp\",\"contentUrl\":\"https:\/\/www.gaveanews.com\/wp-content\/uploads\/Lucero-em-acao-pelo-Fortaleza.webp\",\"width\":1305,\"height\":963,\"caption\":\"Lucero em a\u00e7\u00e3o pelo Fortaleza (Foto: Divulga\u00e7\u00e3o\/Fortaleza)\"},{\"@type\":\"BreadcrumbList\",\"@id\":\"https:\/\/www.gaveanews.com\/index.php\/2025\/03\/10\/fortaleza-se-classifica-para-a-final-do-estadual-e-atinge-grande-marca\/#breadcrumb\",\"itemListElement\":[{\"@type\":\"ListItem\",\"position\":1,\"name\":\"Home\",\"item\":\"https:\/\/www.gaveanews.com\/\"},{\"@type\":\"ListItem\",\"position\":2,\"name\":\"Fortaleza se classifica para a final do estadual e atinge grande marca\"}]},{\"@type\":\"WebSite\",\"@id\":\"https:\/\/www.gaveanews.com\/#website\",\"url\":\"https:\/\/www.gaveanews.com\/\",\"name\":\"G\u00e1vea News\",\"description\":\"Veja todas as not\u00edcias sobre o Flamengo: Contrata\u00e7\u00f5es, categorias de base, resultados das partidas, tabela de classifica\u00e7\u00e3o, pr\u00f3ximos jogos!\",\"potentialAction\":[{\"@type\":\"SearchAction\",\"target\":{\"@type\":\"EntryPoint\",\"urlTemplate\":\"https:\/\/www.gaveanews.com\/?s={search_term_string}\"},\"query-input\":{\"@type\":\"PropertyValueSpecification\",\"valueRequired\":true,\"valueName\":\"search_term_string\"}}],\"inLanguage\":\"pt-BR\"},{\"@type\":\"Person\",\"@id\":\"https:\/\/www.gaveanews.com\/#\/schema\/person\/0277a79a1289c451c281ec0411d84f0c\",\"name\":\"Andr\u00e9 Serra\",\"image\":{\"@type\":\"ImageObject\",\"inLanguage\":\"pt-BR\",\"@id\":\"https:\/\/www.gaveanews.com\/#\/schema\/person\/image\/\",\"url\":\"https:\/\/secure.gravatar.com\/avatar\/d7231369fe48db93292b3e88eb2162dbd9a34a47a8437d9ef3bcaca2a86a83d7?s=96&d=mm&r=g\",\"contentUrl\":\"https:\/\/secure.gravatar.com\/avatar\/d7231369fe48db93292b3e88eb2162dbd9a34a47a8437d9ef3bcaca2a86a83d7?s=96&d=mm&r=g\",\"caption\":\"Andr\u00e9 Serra\"}}]}<\/script>\n<!-- \/ Yoast SEO Premium plugin. -->","yoast_head_json":{"title":"Fortaleza se classifica para a final do estadual e atinge grande marca","robots":{"index":"index","follow":"follow","max-snippet":"max-snippet:-1","max-image-preview":"max-image-preview:large","max-video-preview":"max-video-preview:-1"},"canonical":"https:\/\/www.gaveanews.com\/index.php\/2025\/03\/10\/fortaleza-se-classifica-para-a-final-do-estadual-e-atinge-grande-marca\/","og_locale":"pt_BR","og_type":"article","og_title":"Fortaleza se classifica para a final do estadual e atinge grande marca","og_description":"Le\u00e3o do Pici garantiu vaga no s\u00e1bado Com gol de Lucero aos 47 minutos do segundo tempo, o Fortaleza venceu o Ferrovi\u00e1rio por 1 a 0 no \u00faltimo s\u00e1bado (8) e se classificou para a grande final do Campeonato Cearense. Essa \u00e9 a oitava vez que o Le\u00e3o do Pici se classifica para a decis\u00e3o [&hellip;]","og_url":"https:\/\/www.gaveanews.com\/index.php\/2025\/03\/10\/fortaleza-se-classifica-para-a-final-do-estadual-e-atinge-grande-marca\/","og_site_name":"G\u00e1vea News","article_publisher":"https:\/\/facebook.com\/gaveaNews\/","article_published_time":"2025-03-11T00:50:00+00:00","og_image":[{"width":1305,"height":963,"url":"https:\/\/www.gaveanews.com\/wp-content\/uploads\/Lucero-em-acao-pelo-Fortaleza.webp","type":"image\/jpeg"}],"author":"Andr\u00e9 Serra","twitter_card":"summary_large_image","twitter_misc":{"Escrito por":"Andr\u00e9 Serra","Est. tempo de leitura":"4 minutos"},"schema":{"@context":"https:\/\/schema.org","@graph":[{"@type":"NewsArticle","@id":"https:\/\/www.gaveanews.com\/index.php\/2025\/03\/10\/fortaleza-se-classifica-para-a-final-do-estadual-e-atinge-grande-marca\/#article","isPartOf":{"@id":"https:\/\/www.gaveanews.com\/index.php\/2025\/03\/10\/fortaleza-se-classifica-para-a-final-do-estadual-e-atinge-grande-marca\/"},"author":{"name":"Andr\u00e9 Serra","@id":"https:\/\/www.gaveanews.com\/#\/schema\/person\/0277a79a1289c451c281ec0411d84f0c"},"headline":"Fortaleza se classifica para a final do estadual e atinge grande marca","datePublished":"2025-03-11T00:50:00+00:00","mainEntityOfPage":{"@id":"https:\/\/www.gaveanews.com\/index.php\/2025\/03\/10\/fortaleza-se-classifica-para-a-final-do-estadual-e-atinge-grande-marca\/"},"wordCount":562,"commentCount":0,"image":{"@id":"https:\/\/www.gaveanews.com\/index.php\/2025\/03\/10\/fortaleza-se-classifica-para-a-final-do-estadual-e-atinge-grande-marca\/#primaryimage"},"thumbnailUrl":"https:\/\/www.gaveanews.com\/wp-content\/uploads\/Lucero-em-acao-pelo-Fortaleza.webp","articleSection":["Fortaleza"],"inLanguage":"pt-BR","potentialAction":[{"@type":"CommentAction","name":"Comment","target":["https:\/\/www.gaveanews.com\/index.php\/2025\/03\/10\/fortaleza-se-classifica-para-a-final-do-estadual-e-atinge-grande-marca\/#respond"]}],"copyrightYear":"2025","copyrightHolder":{"@id":"https:\/\/www.gaveanews.com\/#organization"}},{"@type":"WebPage","@id":"https:\/\/www.gaveanews.com\/index.php\/2025\/03\/10\/fortaleza-se-classifica-para-a-final-do-estadual-e-atinge-grande-marca\/","url":"https:\/\/www.gaveanews.com\/index.php\/2025\/03\/10\/fortaleza-se-classifica-para-a-final-do-estadual-e-atinge-grande-marca\/","name":"Fortaleza se classifica para a final do estadual e atinge grande marca","isPartOf":{"@id":"https:\/\/www.gaveanews.com\/#website"},"primaryImageOfPage":{"@id":"https:\/\/www.gaveanews.com\/index.php\/2025\/03\/10\/fortaleza-se-classifica-para-a-final-do-estadual-e-atinge-grande-marca\/#primaryimage"},"image":{"@id":"https:\/\/www.gaveanews.com\/index.php\/2025\/03\/10\/fortaleza-se-classifica-para-a-final-do-estadual-e-atinge-grande-marca\/#primaryimage"},"thumbnailUrl":"https:\/\/www.gaveanews.com\/wp-content\/uploads\/Lucero-em-acao-pelo-Fortaleza.webp","datePublished":"2025-03-11T00:50:00+00:00","author":{"@id":"https:\/\/www.gaveanews.com\/#\/schema\/person\/0277a79a1289c451c281ec0411d84f0c"},"breadcrumb":{"@id":"https:\/\/www.gaveanews.com\/index.php\/2025\/03\/10\/fortaleza-se-classifica-para-a-final-do-estadual-e-atinge-grande-marca\/#breadcrumb"},"inLanguage":"pt-BR","potentialAction":[{"@type":"ReadAction","target":["https:\/\/www.gaveanews.com\/index.php\/2025\/03\/10\/fortaleza-se-classifica-para-a-final-do-estadual-e-atinge-grande-marca\/"]}]},{"@type":"ImageObject","inLanguage":"pt-BR","@id":"https:\/\/www.gaveanews.com\/index.php\/2025\/03\/10\/fortaleza-se-classifica-para-a-final-do-estadual-e-atinge-grande-marca\/#primaryimage","url":"https:\/\/www.gaveanews.com\/wp-content\/uploads\/Lucero-em-acao-pelo-Fortaleza.webp","contentUrl":"https:\/\/www.gaveanews.com\/wp-content\/uploads\/Lucero-em-acao-pelo-Fortaleza.webp","width":1305,"height":963,"caption":"Lucero em a\u00e7\u00e3o pelo Fortaleza (Foto: Divulga\u00e7\u00e3o\/Fortaleza)"},{"@type":"BreadcrumbList","@id":"https:\/\/www.gaveanews.com\/index.php\/2025\/03\/10\/fortaleza-se-classifica-para-a-final-do-estadual-e-atinge-grande-marca\/#breadcrumb","itemListElement":[{"@type":"ListItem","position":1,"name":"Home","item":"https:\/\/www.gaveanews.com\/"},{"@type":"ListItem","position":2,"name":"Fortaleza se classifica para a final do estadual e atinge grande marca"}]},{"@type":"WebSite","@id":"https:\/\/www.gaveanews.com\/#website","url":"https:\/\/www.gaveanews.com\/","name":"G\u00e1vea News","description":"Veja todas as not\u00edcias sobre o Flamengo: Contrata\u00e7\u00f5es, categorias de base, resultados das partidas, tabela de classifica\u00e7\u00e3o, pr\u00f3ximos jogos!","potentialAction":[{"@type":"SearchAction","target":{"@type":"EntryPoint","urlTemplate":"https:\/\/www.gaveanews.com\/?s={search_term_string}"},"query-input":{"@type":"PropertyValueSpecification","valueRequired":true,"valueName":"search_term_string"}}],"inLanguage":"pt-BR"},{"@type":"Person","@id":"https:\/\/www.gaveanews.com\/#\/schema\/person\/0277a79a1289c451c281ec0411d84f0c","name":"Andr\u00e9 Serra","image":{"@type":"ImageObject","inLanguage":"pt-BR","@id":"https:\/\/www.gaveanews.com\/#\/schema\/person\/image\/","url":"https:\/\/secure.gravatar.com\/avatar\/d7231369fe48db93292b3e88eb2162dbd9a34a47a8437d9ef3bcaca2a86a83d7?s=96&d=mm&r=g","contentUrl":"https:\/\/secure.gravatar.com\/avatar\/d7231369fe48db93292b3e88eb2162dbd9a34a47a8437d9ef3bcaca2a86a83d7?s=96&d=mm&r=g","caption":"Andr\u00e9 Serra"}}]}},"_links":{"self":[{"href":"https:\/\/www.gaveanews.com\/index.php\/wp-json\/wp\/v2\/posts\/238111","targetHints":{"allow":["GET"]}}],"collection":[{"href":"https:\/\/www.gaveanews.com\/index.php\/wp-json\/wp\/v2\/posts"}],"about":[{"href":"https:\/\/www.gaveanews.com\/index.php\/wp-json\/wp\/v2\/types\/post"}],"author":[{"embeddable":true,"href":"https:\/\/www.gaveanews.com\/index.php\/wp-json\/wp\/v2\/users\/21"}],"replies":[{"embeddable":true,"href":"https:\/\/www.gaveanews.com\/index.php\/wp-json\/wp\/v2\/comments?post=238111"}],"version-history":[{"count":1,"href":"https:\/\/www.gaveanews.com\/index.php\/wp-json\/wp\/v2\/posts\/238111\/revisions"}],"predecessor-version":[{"id":238140,"href":"https:\/\/www.gaveanews.com\/index.php\/wp-json\/wp\/v2\/posts\/238111\/revisions\/238140"}],"wp:featuredmedia":[{"embeddable":true,"href":"https:\/\/www.gaveanews.com\/index.php\/wp-json\/wp\/v2\/media\/170613"}],"wp:attachment":[{"href":"https:\/\/www.gaveanews.com\/index.php\/wp-json\/wp\/v2\/media?parent=238111"}],"wp:term":[{"taxonomy":"category","embeddable":true,"href":"https:\/\/www.gaveanews.com\/index.php\/wp-json\/wp\/v2\/categories?post=238111"},{"taxonomy":"post_tag","embeddable":true,"href":"https:\/\/www.gaveanews.com\/index.php\/wp-json\/wp\/v2\/tags?post=238111"}],"curies":[{"name":"wp","href":"https:\/\/api.w.org\/{rel}","templated":true}]}}