{"id":238142,"date":"2025-03-10T22:00:00","date_gmt":"2025-03-11T01:00:00","guid":{"rendered":"https:\/\/www.gaveanews.com\/?p=238142"},"modified":"2025-03-10T19:10:28","modified_gmt":"2025-03-10T22:10:28","slug":"barcelona-a-declaracao-de-hansi-flick-direcionada-a-raphinha-2","status":"publish","type":"post","link":"https:\/\/www.gaveanews.com\/index.php\/2025\/03\/10\/barcelona-a-declaracao-de-hansi-flick-direcionada-a-raphinha-2\/","title":{"rendered":"Barcelona: a declara\u00e7\u00e3o de Hansi Flick direcionada \u00e0 Raphinha"},"content":{"rendered":"\n<h2 class=\"wp-block-heading\" id=\"h-ele-jogou-bem-nesta-temporada-falou-o-treinador\">&#8220;Ele jogou bem nesta temporada&#8221;, falou o treinador <\/h2>\n\n\n\n<p>O brasileiro Raphinha vem fazendo uma bela temporada, que j\u00e1 se transformou em sua melhor em toda carreira. Para muitos, ele \u00e9 um dos candidatos \u00e0 pr\u00f3xima Bola de Ouro, que \u00e9 entregue pela revista France Football. Hansi Flick, t\u00e9cnico do Barcelona, tamb\u00e9m acha que o camisa 11 \u00e9 forte candidato ao pr\u00eamio. <\/p>\n\n\n\n<p>&#8220;Sim, evidentemente. Ele jogou bem nesta temporada, \u00e9 algo \u00f3bvio. Para n\u00f3s, sempre \u00e9 um jogador que ajuda com a sua din\u00e2mica, com os gols que marca.\u00a0Temos visto isso claramente nos \u00faltimos jogos. Ele tem as caracter\u00edsticas de um bom jogador: quando ataca, voc\u00ea pode ver como executa tudo bem. \u00c9 um atleta muito concentrado, e estou muito contente de t\u00ea-lo conosco, ainda mais neste n\u00edvel&#8221;, disse Hansi Flick. <\/p>\n\n\n\n<p>A declara\u00e7\u00e3o de Hansi Flick aconteceu na entrevista coletiva desta segunda-feira (10), dia que antecede a decis\u00e3o contra o Benfica nas oitavas de final da Champions League. No Est\u00e1dio da Luz, em Portugal, o time catal\u00e3o venceu por 1 a 0, com gol de Raphinha, e assim pode at\u00e9 empatar que se classifica para a pr\u00f3xima fase da competi\u00e7\u00e3o.<\/p>\n\n\n\n<p>Nesta temporada, Raphinha esteve em campo em 40 partidas, sendo titular em 39 delas. At\u00e9 aqui foram 25 gols marcados e 17 assist\u00eancias distribu\u00eddas, sendo nove gols e quatro assist\u00eancias apenas nesta edi\u00e7\u00e3o de Liga dos Campe\u00f5es. Sua bela temporada at\u00e9 aqui vem gerando muitos elogios da imprensa, especialmente da Espanha, que tamb\u00e9m o coloca como um dos favoritos na disputa pela Bola de Ouro. <\/p>\n\n\n\n<p>O \u00faltimo brasileiro a ser eleito o melhor jogador do mundo pela revista France Football foi o meia Kak\u00e1, em 2007, com seu grande desempenho pelo Milan na \u00e9poca. Nesta temporada, o time italiano venceu a Liga dos Campe\u00f5es, o Mundial de Clubes e a Supercopa da Europa.<\/p>\n\n\n\n<p>Muito provavelmente com Raphinha de titular, o Barcelona recebe o Benfica nesta ter\u00e7a-feira (11) no Est\u00e1dio Llu\u00eds Companys \u00e0s 14h45 (hor\u00e1rio de Bras\u00edlia) para confirmar sua vaga nas quartas de final da Champions League. <\/p>\n","protected":false},"excerpt":{"rendered":"<p>&#8220;Ele jogou bem nesta temporada&#8221;, falou o treinador O brasileiro Raphinha vem fazendo uma bela temporada, que j\u00e1 se transformou em sua melhor em toda carreira. Para muitos, ele \u00e9 um dos candidatos \u00e0 pr\u00f3xima Bola de Ouro, que \u00e9 entregue pela revista France Football. Hansi Flick, t\u00e9cnico do Barcelona, tamb\u00e9m acha que o camisa [&hellip;]<\/p>\n","protected":false},"author":21,"featured_media":172534,"comment_status":"open","ping_status":"closed","sticky":false,"template":"","format":"standard","meta":{"footnotes":""},"categories":[87],"tags":[],"class_list":["post-238142","post","type-post","status-publish","format-standard","has-post-thumbnail","hentry","category-barcelona"],"yoast_head":"<!-- This site is optimized with the Yoast SEO Premium plugin v24.2 (Yoast SEO v26.9) - https:\/\/yoast.com\/product\/yoast-seo-premium-wordpress\/ -->\n<title>Barcelona: a declara\u00e7\u00e3o de Hansi Flick direcionada \u00e0 Raphinha<\/title>\n<meta name=\"robots\" content=\"index, follow, max-snippet:-1, max-image-preview:large, max-video-preview:-1\" \/>\n<link rel=\"canonical\" href=\"https:\/\/www.gaveanews.com\/index.php\/2025\/03\/10\/barcelona-a-declaracao-de-hansi-flick-direcionada-a-raphinha-2\/\" \/>\n<meta property=\"og:locale\" content=\"pt_BR\" \/>\n<meta property=\"og:type\" content=\"article\" \/>\n<meta property=\"og:title\" content=\"Barcelona: a declara\u00e7\u00e3o de Hansi Flick direcionada \u00e0 Raphinha\" \/>\n<meta property=\"og:description\" content=\"&#8220;Ele jogou bem nesta temporada&#8221;, falou o treinador O brasileiro Raphinha vem fazendo uma bela temporada, que j\u00e1 se transformou em sua melhor em toda carreira. Para muitos, ele \u00e9 um dos candidatos \u00e0 pr\u00f3xima Bola de Ouro, que \u00e9 entregue pela revista France Football. Hansi Flick, t\u00e9cnico do Barcelona, tamb\u00e9m acha que o camisa [&hellip;]\" \/>\n<meta property=\"og:url\" content=\"https:\/\/www.gaveanews.com\/index.php\/2025\/03\/10\/barcelona-a-declaracao-de-hansi-flick-direcionada-a-raphinha-2\/\" \/>\n<meta property=\"og:site_name\" content=\"G\u00e1vea News\" \/>\n<meta property=\"article:publisher\" content=\"https:\/\/facebook.com\/gaveaNews\/\" \/>\n<meta property=\"article:published_time\" content=\"2025-03-11T01:00:00+00:00\" \/>\n<meta property=\"og:image\" content=\"https:\/\/www.gaveanews.com\/wp-content\/uploads\/Raphinha-em-acao-pelo-Barcelona.webp\" \/>\n\t<meta property=\"og:image:width\" content=\"1440\" \/>\n\t<meta property=\"og:image:height\" content=\"1799\" \/>\n\t<meta property=\"og:image:type\" content=\"image\/jpeg\" \/>\n<meta name=\"author\" content=\"Andr\u00e9 Serra\" \/>\n<meta name=\"twitter:card\" content=\"summary_large_image\" \/>\n<meta name=\"twitter:label1\" content=\"Escrito por\" \/>\n\t<meta name=\"twitter:data1\" content=\"Andr\u00e9 Serra\" \/>\n\t<meta name=\"twitter:label2\" content=\"Est. tempo de leitura\" \/>\n\t<meta name=\"twitter:data2\" content=\"3 minutos\" \/>\n<script type=\"application\/ld+json\" class=\"yoast-schema-graph\">{\"@context\":\"https:\/\/schema.org\",\"@graph\":[{\"@type\":\"NewsArticle\",\"@id\":\"https:\/\/www.gaveanews.com\/index.php\/2025\/03\/10\/barcelona-a-declaracao-de-hansi-flick-direcionada-a-raphinha-2\/#article\",\"isPartOf\":{\"@id\":\"https:\/\/www.gaveanews.com\/index.php\/2025\/03\/10\/barcelona-a-declaracao-de-hansi-flick-direcionada-a-raphinha-2\/\"},\"author\":{\"name\":\"Andr\u00e9 Serra\",\"@id\":\"https:\/\/www.gaveanews.com\/#\/schema\/person\/0277a79a1289c451c281ec0411d84f0c\"},\"headline\":\"Barcelona: a declara\u00e7\u00e3o de Hansi Flick direcionada \u00e0 Raphinha\",\"datePublished\":\"2025-03-11T01:00:00+00:00\",\"mainEntityOfPage\":{\"@id\":\"https:\/\/www.gaveanews.com\/index.php\/2025\/03\/10\/barcelona-a-declaracao-de-hansi-flick-direcionada-a-raphinha-2\/\"},\"wordCount\":356,\"commentCount\":0,\"image\":{\"@id\":\"https:\/\/www.gaveanews.com\/index.php\/2025\/03\/10\/barcelona-a-declaracao-de-hansi-flick-direcionada-a-raphinha-2\/#primaryimage\"},\"thumbnailUrl\":\"https:\/\/www.gaveanews.com\/wp-content\/uploads\/Raphinha-em-acao-pelo-Barcelona.webp\",\"articleSection\":[\"Barcelona\"],\"inLanguage\":\"pt-BR\",\"potentialAction\":[{\"@type\":\"CommentAction\",\"name\":\"Comment\",\"target\":[\"https:\/\/www.gaveanews.com\/index.php\/2025\/03\/10\/barcelona-a-declaracao-de-hansi-flick-direcionada-a-raphinha-2\/#respond\"]}],\"copyrightYear\":\"2025\",\"copyrightHolder\":{\"@id\":\"https:\/\/www.gaveanews.com\/#organization\"}},{\"@type\":\"WebPage\",\"@id\":\"https:\/\/www.gaveanews.com\/index.php\/2025\/03\/10\/barcelona-a-declaracao-de-hansi-flick-direcionada-a-raphinha-2\/\",\"url\":\"https:\/\/www.gaveanews.com\/index.php\/2025\/03\/10\/barcelona-a-declaracao-de-hansi-flick-direcionada-a-raphinha-2\/\",\"name\":\"Barcelona: a declara\u00e7\u00e3o de Hansi Flick direcionada \u00e0 Raphinha\",\"isPartOf\":{\"@id\":\"https:\/\/www.gaveanews.com\/#website\"},\"primaryImageOfPage\":{\"@id\":\"https:\/\/www.gaveanews.com\/index.php\/2025\/03\/10\/barcelona-a-declaracao-de-hansi-flick-direcionada-a-raphinha-2\/#primaryimage\"},\"image\":{\"@id\":\"https:\/\/www.gaveanews.com\/index.php\/2025\/03\/10\/barcelona-a-declaracao-de-hansi-flick-direcionada-a-raphinha-2\/#primaryimage\"},\"thumbnailUrl\":\"https:\/\/www.gaveanews.com\/wp-content\/uploads\/Raphinha-em-acao-pelo-Barcelona.webp\",\"datePublished\":\"2025-03-11T01:00:00+00:00\",\"author\":{\"@id\":\"https:\/\/www.gaveanews.com\/#\/schema\/person\/0277a79a1289c451c281ec0411d84f0c\"},\"breadcrumb\":{\"@id\":\"https:\/\/www.gaveanews.com\/index.php\/2025\/03\/10\/barcelona-a-declaracao-de-hansi-flick-direcionada-a-raphinha-2\/#breadcrumb\"},\"inLanguage\":\"pt-BR\",\"potentialAction\":[{\"@type\":\"ReadAction\",\"target\":[\"https:\/\/www.gaveanews.com\/index.php\/2025\/03\/10\/barcelona-a-declaracao-de-hansi-flick-direcionada-a-raphinha-2\/\"]}]},{\"@type\":\"ImageObject\",\"inLanguage\":\"pt-BR\",\"@id\":\"https:\/\/www.gaveanews.com\/index.php\/2025\/03\/10\/barcelona-a-declaracao-de-hansi-flick-direcionada-a-raphinha-2\/#primaryimage\",\"url\":\"https:\/\/www.gaveanews.com\/wp-content\/uploads\/Raphinha-em-acao-pelo-Barcelona.webp\",\"contentUrl\":\"https:\/\/www.gaveanews.com\/wp-content\/uploads\/Raphinha-em-acao-pelo-Barcelona.webp\",\"width\":1440,\"height\":1799,\"caption\":\"Raphinha em a\u00e7\u00e3o pelo Barcelona (Foto: Reprodu\u00e7\u00e3o\/Barcelona)\"},{\"@type\":\"BreadcrumbList\",\"@id\":\"https:\/\/www.gaveanews.com\/index.php\/2025\/03\/10\/barcelona-a-declaracao-de-hansi-flick-direcionada-a-raphinha-2\/#breadcrumb\",\"itemListElement\":[{\"@type\":\"ListItem\",\"position\":1,\"name\":\"Home\",\"item\":\"https:\/\/www.gaveanews.com\/\"},{\"@type\":\"ListItem\",\"position\":2,\"name\":\"Barcelona: a declara\u00e7\u00e3o de Hansi Flick direcionada \u00e0 Raphinha\"}]},{\"@type\":\"WebSite\",\"@id\":\"https:\/\/www.gaveanews.com\/#website\",\"url\":\"https:\/\/www.gaveanews.com\/\",\"name\":\"G\u00e1vea News\",\"description\":\"Veja todas as not\u00edcias sobre o Flamengo: Contrata\u00e7\u00f5es, categorias de base, resultados das partidas, tabela de classifica\u00e7\u00e3o, pr\u00f3ximos jogos!\",\"potentialAction\":[{\"@type\":\"SearchAction\",\"target\":{\"@type\":\"EntryPoint\",\"urlTemplate\":\"https:\/\/www.gaveanews.com\/?s={search_term_string}\"},\"query-input\":{\"@type\":\"PropertyValueSpecification\",\"valueRequired\":true,\"valueName\":\"search_term_string\"}}],\"inLanguage\":\"pt-BR\"},{\"@type\":\"Person\",\"@id\":\"https:\/\/www.gaveanews.com\/#\/schema\/person\/0277a79a1289c451c281ec0411d84f0c\",\"name\":\"Andr\u00e9 Serra\",\"image\":{\"@type\":\"ImageObject\",\"inLanguage\":\"pt-BR\",\"@id\":\"https:\/\/www.gaveanews.com\/#\/schema\/person\/image\/\",\"url\":\"https:\/\/secure.gravatar.com\/avatar\/d7231369fe48db93292b3e88eb2162dbd9a34a47a8437d9ef3bcaca2a86a83d7?s=96&d=mm&r=g\",\"contentUrl\":\"https:\/\/secure.gravatar.com\/avatar\/d7231369fe48db93292b3e88eb2162dbd9a34a47a8437d9ef3bcaca2a86a83d7?s=96&d=mm&r=g\",\"caption\":\"Andr\u00e9 Serra\"}}]}<\/script>\n<!-- \/ Yoast SEO Premium plugin. -->","yoast_head_json":{"title":"Barcelona: a declara\u00e7\u00e3o de Hansi Flick direcionada \u00e0 Raphinha","robots":{"index":"index","follow":"follow","max-snippet":"max-snippet:-1","max-image-preview":"max-image-preview:large","max-video-preview":"max-video-preview:-1"},"canonical":"https:\/\/www.gaveanews.com\/index.php\/2025\/03\/10\/barcelona-a-declaracao-de-hansi-flick-direcionada-a-raphinha-2\/","og_locale":"pt_BR","og_type":"article","og_title":"Barcelona: a declara\u00e7\u00e3o de Hansi Flick direcionada \u00e0 Raphinha","og_description":"&#8220;Ele jogou bem nesta temporada&#8221;, falou o treinador O brasileiro Raphinha vem fazendo uma bela temporada, que j\u00e1 se transformou em sua melhor em toda carreira. Para muitos, ele \u00e9 um dos candidatos \u00e0 pr\u00f3xima Bola de Ouro, que \u00e9 entregue pela revista France Football. Hansi Flick, t\u00e9cnico do Barcelona, tamb\u00e9m acha que o camisa [&hellip;]","og_url":"https:\/\/www.gaveanews.com\/index.php\/2025\/03\/10\/barcelona-a-declaracao-de-hansi-flick-direcionada-a-raphinha-2\/","og_site_name":"G\u00e1vea News","article_publisher":"https:\/\/facebook.com\/gaveaNews\/","article_published_time":"2025-03-11T01:00:00+00:00","og_image":[{"width":1440,"height":1799,"url":"https:\/\/www.gaveanews.com\/wp-content\/uploads\/Raphinha-em-acao-pelo-Barcelona.webp","type":"image\/jpeg"}],"author":"Andr\u00e9 Serra","twitter_card":"summary_large_image","twitter_misc":{"Escrito por":"Andr\u00e9 Serra","Est. tempo de leitura":"3 minutos"},"schema":{"@context":"https:\/\/schema.org","@graph":[{"@type":"NewsArticle","@id":"https:\/\/www.gaveanews.com\/index.php\/2025\/03\/10\/barcelona-a-declaracao-de-hansi-flick-direcionada-a-raphinha-2\/#article","isPartOf":{"@id":"https:\/\/www.gaveanews.com\/index.php\/2025\/03\/10\/barcelona-a-declaracao-de-hansi-flick-direcionada-a-raphinha-2\/"},"author":{"name":"Andr\u00e9 Serra","@id":"https:\/\/www.gaveanews.com\/#\/schema\/person\/0277a79a1289c451c281ec0411d84f0c"},"headline":"Barcelona: a declara\u00e7\u00e3o de Hansi Flick direcionada \u00e0 Raphinha","datePublished":"2025-03-11T01:00:00+00:00","mainEntityOfPage":{"@id":"https:\/\/www.gaveanews.com\/index.php\/2025\/03\/10\/barcelona-a-declaracao-de-hansi-flick-direcionada-a-raphinha-2\/"},"wordCount":356,"commentCount":0,"image":{"@id":"https:\/\/www.gaveanews.com\/index.php\/2025\/03\/10\/barcelona-a-declaracao-de-hansi-flick-direcionada-a-raphinha-2\/#primaryimage"},"thumbnailUrl":"https:\/\/www.gaveanews.com\/wp-content\/uploads\/Raphinha-em-acao-pelo-Barcelona.webp","articleSection":["Barcelona"],"inLanguage":"pt-BR","potentialAction":[{"@type":"CommentAction","name":"Comment","target":["https:\/\/www.gaveanews.com\/index.php\/2025\/03\/10\/barcelona-a-declaracao-de-hansi-flick-direcionada-a-raphinha-2\/#respond"]}],"copyrightYear":"2025","copyrightHolder":{"@id":"https:\/\/www.gaveanews.com\/#organization"}},{"@type":"WebPage","@id":"https:\/\/www.gaveanews.com\/index.php\/2025\/03\/10\/barcelona-a-declaracao-de-hansi-flick-direcionada-a-raphinha-2\/","url":"https:\/\/www.gaveanews.com\/index.php\/2025\/03\/10\/barcelona-a-declaracao-de-hansi-flick-direcionada-a-raphinha-2\/","name":"Barcelona: a declara\u00e7\u00e3o de Hansi Flick direcionada \u00e0 Raphinha","isPartOf":{"@id":"https:\/\/www.gaveanews.com\/#website"},"primaryImageOfPage":{"@id":"https:\/\/www.gaveanews.com\/index.php\/2025\/03\/10\/barcelona-a-declaracao-de-hansi-flick-direcionada-a-raphinha-2\/#primaryimage"},"image":{"@id":"https:\/\/www.gaveanews.com\/index.php\/2025\/03\/10\/barcelona-a-declaracao-de-hansi-flick-direcionada-a-raphinha-2\/#primaryimage"},"thumbnailUrl":"https:\/\/www.gaveanews.com\/wp-content\/uploads\/Raphinha-em-acao-pelo-Barcelona.webp","datePublished":"2025-03-11T01:00:00+00:00","author":{"@id":"https:\/\/www.gaveanews.com\/#\/schema\/person\/0277a79a1289c451c281ec0411d84f0c"},"breadcrumb":{"@id":"https:\/\/www.gaveanews.com\/index.php\/2025\/03\/10\/barcelona-a-declaracao-de-hansi-flick-direcionada-a-raphinha-2\/#breadcrumb"},"inLanguage":"pt-BR","potentialAction":[{"@type":"ReadAction","target":["https:\/\/www.gaveanews.com\/index.php\/2025\/03\/10\/barcelona-a-declaracao-de-hansi-flick-direcionada-a-raphinha-2\/"]}]},{"@type":"ImageObject","inLanguage":"pt-BR","@id":"https:\/\/www.gaveanews.com\/index.php\/2025\/03\/10\/barcelona-a-declaracao-de-hansi-flick-direcionada-a-raphinha-2\/#primaryimage","url":"https:\/\/www.gaveanews.com\/wp-content\/uploads\/Raphinha-em-acao-pelo-Barcelona.webp","contentUrl":"https:\/\/www.gaveanews.com\/wp-content\/uploads\/Raphinha-em-acao-pelo-Barcelona.webp","width":1440,"height":1799,"caption":"Raphinha em a\u00e7\u00e3o pelo Barcelona (Foto: Reprodu\u00e7\u00e3o\/Barcelona)"},{"@type":"BreadcrumbList","@id":"https:\/\/www.gaveanews.com\/index.php\/2025\/03\/10\/barcelona-a-declaracao-de-hansi-flick-direcionada-a-raphinha-2\/#breadcrumb","itemListElement":[{"@type":"ListItem","position":1,"name":"Home","item":"https:\/\/www.gaveanews.com\/"},{"@type":"ListItem","position":2,"name":"Barcelona: a declara\u00e7\u00e3o de Hansi Flick direcionada \u00e0 Raphinha"}]},{"@type":"WebSite","@id":"https:\/\/www.gaveanews.com\/#website","url":"https:\/\/www.gaveanews.com\/","name":"G\u00e1vea News","description":"Veja todas as not\u00edcias sobre o Flamengo: Contrata\u00e7\u00f5es, categorias de base, resultados das partidas, tabela de classifica\u00e7\u00e3o, pr\u00f3ximos jogos!","potentialAction":[{"@type":"SearchAction","target":{"@type":"EntryPoint","urlTemplate":"https:\/\/www.gaveanews.com\/?s={search_term_string}"},"query-input":{"@type":"PropertyValueSpecification","valueRequired":true,"valueName":"search_term_string"}}],"inLanguage":"pt-BR"},{"@type":"Person","@id":"https:\/\/www.gaveanews.com\/#\/schema\/person\/0277a79a1289c451c281ec0411d84f0c","name":"Andr\u00e9 Serra","image":{"@type":"ImageObject","inLanguage":"pt-BR","@id":"https:\/\/www.gaveanews.com\/#\/schema\/person\/image\/","url":"https:\/\/secure.gravatar.com\/avatar\/d7231369fe48db93292b3e88eb2162dbd9a34a47a8437d9ef3bcaca2a86a83d7?s=96&d=mm&r=g","contentUrl":"https:\/\/secure.gravatar.com\/avatar\/d7231369fe48db93292b3e88eb2162dbd9a34a47a8437d9ef3bcaca2a86a83d7?s=96&d=mm&r=g","caption":"Andr\u00e9 Serra"}}]}},"_links":{"self":[{"href":"https:\/\/www.gaveanews.com\/index.php\/wp-json\/wp\/v2\/posts\/238142","targetHints":{"allow":["GET"]}}],"collection":[{"href":"https:\/\/www.gaveanews.com\/index.php\/wp-json\/wp\/v2\/posts"}],"about":[{"href":"https:\/\/www.gaveanews.com\/index.php\/wp-json\/wp\/v2\/types\/post"}],"author":[{"embeddable":true,"href":"https:\/\/www.gaveanews.com\/index.php\/wp-json\/wp\/v2\/users\/21"}],"replies":[{"embeddable":true,"href":"https:\/\/www.gaveanews.com\/index.php\/wp-json\/wp\/v2\/comments?post=238142"}],"version-history":[{"count":1,"href":"https:\/\/www.gaveanews.com\/index.php\/wp-json\/wp\/v2\/posts\/238142\/revisions"}],"predecessor-version":[{"id":238156,"href":"https:\/\/www.gaveanews.com\/index.php\/wp-json\/wp\/v2\/posts\/238142\/revisions\/238156"}],"wp:featuredmedia":[{"embeddable":true,"href":"https:\/\/www.gaveanews.com\/index.php\/wp-json\/wp\/v2\/media\/172534"}],"wp:attachment":[{"href":"https:\/\/www.gaveanews.com\/index.php\/wp-json\/wp\/v2\/media?parent=238142"}],"wp:term":[{"taxonomy":"category","embeddable":true,"href":"https:\/\/www.gaveanews.com\/index.php\/wp-json\/wp\/v2\/categories?post=238142"},{"taxonomy":"post_tag","embeddable":true,"href":"https:\/\/www.gaveanews.com\/index.php\/wp-json\/wp\/v2\/tags?post=238142"}],"curies":[{"name":"wp","href":"https:\/\/api.w.org\/{rel}","templated":true}]}}