{"id":238166,"date":"2025-03-10T22:10:00","date_gmt":"2025-03-11T01:10:00","guid":{"rendered":"https:\/\/www.gaveanews.com\/?p=238166"},"modified":"2025-03-10T19:10:40","modified_gmt":"2025-03-10T22:10:40","slug":"jogador-do-internacional-cobra-mudanca-no-gre-nal","status":"publish","type":"post","link":"https:\/\/www.gaveanews.com\/index.php\/2025\/03\/10\/jogador-do-internacional-cobra-mudanca-no-gre-nal\/","title":{"rendered":"Jogador do Internacional cobra mudan\u00e7a no Gre-Nal"},"content":{"rendered":"\n<p>O Internacional largou em vantagem na decis\u00e3o do Campeonato Ga\u00facho ao vencer o Gr\u00eamio por 2 a 0 na Arena, no primeiro jogo da final disputado no s\u00e1bado (8 de mar\u00e7o). A partida, que estava originalmente marcada para 16h, precisou ser adiada para 17h45 devido ao intenso calor registrado em Porto Alegre.<\/p>\n\n\n\n<p>Com o resultado positivo, o Colorado chega para o confronto decisivo no Beira-Rio com a possibilidade de perder por at\u00e9 um gol de diferen\u00e7a para garantir o t\u00edtulo estadual. A segunda partida da final est\u00e1 programada para acontecer no domingo (16 de mar\u00e7o), \u00e0s 16h, por\u00e9m, h\u00e1 um movimento dentro do Internacional para que o hor\u00e1rio seja alterado.<\/p>\n\n\n\n<figure class=\"wp-block-image size-large\"><img loading=\"lazy\" decoding=\"async\" width=\"1024\" height=\"682\" src=\"http:\/\/www.gaveanews.com\/wp-content\/uploads\/Fernando-pelo-Internacional-1024x682.webp\" alt=\"\" class=\"wp-image-167604\" srcset=\"https:\/\/www.gaveanews.com\/wp-content\/uploads\/Fernando-pelo-Internacional-1024x682.webp 1024w, https:\/\/www.gaveanews.com\/wp-content\/uploads\/Fernando-pelo-Internacional-300x200.webp 300w, https:\/\/www.gaveanews.com\/wp-content\/uploads\/Fernando-pelo-Internacional-768x512.webp 768w, https:\/\/www.gaveanews.com\/wp-content\/uploads\/Fernando-pelo-Internacional-1536x1024.webp 1536w, https:\/\/www.gaveanews.com\/wp-content\/uploads\/Fernando-pelo-Internacional-630x420.webp 630w, https:\/\/www.gaveanews.com\/wp-content\/uploads\/Fernando-pelo-Internacional-1260x840.webp 1260w, https:\/\/www.gaveanews.com\/wp-content\/uploads\/Fernando-pelo-Internacional-640x427.webp 640w, https:\/\/www.gaveanews.com\/wp-content\/uploads\/Fernando-pelo-Internacional-1280x853.webp 1280w, https:\/\/www.gaveanews.com\/wp-content\/uploads\/Fernando-pelo-Internacional-681x454.webp 681w, https:\/\/www.gaveanews.com\/wp-content\/uploads\/Fernando-pelo-Internacional-1362x908.webp 1362w, https:\/\/www.gaveanews.com\/wp-content\/uploads\/Fernando-pelo-Internacional-100x67.webp 100w, https:\/\/www.gaveanews.com\/wp-content\/uploads\/Fernando-pelo-Internacional.webp 1568w\" sizes=\"auto, (max-width: 1024px) 100vw, 1024px\" \/><figcaption class=\"wp-element-caption\">Fernando pelo Internacional (Foto: Divulga\u00e7\u00e3o\/Internacional)<\/figcaption><\/figure>\n\n\n\n<p>O volante Fernando, um dos destaques do time na campanha, solicitou publicamente que a decis\u00e3o seja disputada mais tarde, assim como ocorreu no primeiro jogo. &#8220;Sei que tem a quest\u00e3o da grade de TV, mas se puderem colocar um pouco mais tarde, como hoje, melhor. Est\u00e1 muito calor&#8221;, afirmou o jogador.<\/p>\n\n\n\n<p>A preocupa\u00e7\u00e3o do atleta se deve ao impacto que as altas temperaturas podem ter no desempenho f\u00edsico dos jogadores. O meio-campista ressaltou que atuar sob um forte calor pode comprometer a intensidade da partida, afetando ambas as equipes. Ele refor\u00e7ou que a mudan\u00e7a para 17h45 seria uma solu\u00e7\u00e3o mais adequada para o espet\u00e1culo.<\/p>\n\n\n\n<p>Apesar do pedido, a decis\u00e3o final sobre a altera\u00e7\u00e3o do hor\u00e1rio cabe \u00e0 Federa\u00e7\u00e3o Ga\u00facha de Futebol e \u00e0 emissora que det\u00e9m os direitos de transmiss\u00e3o da competi\u00e7\u00e3o. At\u00e9 o momento, n\u00e3o houve um posicionamento oficial sobre uma poss\u00edvel mudan\u00e7a no hor\u00e1rio da partida.<\/p>\n\n\n\n<p>Fernando tamb\u00e9m comentou sobre a dificuldade da final contra o Gr\u00eamio e destacou que, mesmo com a vantagem conquistada no primeiro jogo, o confronto segue em aberto. &#8220;\u00c9 uma equipe qualificada, respeitamos muito o Gr\u00eamio. Assim como vencemos fora de casa, eles podem vencer no Beira-Rio. Vamos tentar fazer um bom jogo e garantir o t\u00edtulo&#8221;, concluiu.<\/p>\n","protected":false},"excerpt":{"rendered":"<p>O Internacional largou em vantagem na decis\u00e3o do Campeonato Ga\u00facho ao vencer o Gr\u00eamio por 2 a 0 na Arena, no primeiro jogo da final disputado no s\u00e1bado (8 de mar\u00e7o). A partida, que estava originalmente marcada para 16h, precisou ser adiada para 17h45 devido ao intenso calor registrado em Porto Alegre. Com o resultado [&hellip;]<\/p>\n","protected":false},"author":18,"featured_media":173600,"comment_status":"open","ping_status":"closed","sticky":false,"template":"","format":"standard","meta":{"footnotes":""},"categories":[147,148],"tags":[],"class_list":["post-238166","post","type-post","status-publish","format-standard","has-post-thumbnail","hentry","category-gremio","category-internacional"],"yoast_head":"<!-- This site is optimized with the Yoast SEO Premium plugin v24.2 (Yoast SEO v26.9) - https:\/\/yoast.com\/product\/yoast-seo-premium-wordpress\/ -->\n<title>Jogador do Internacional cobra mudan\u00e7a no Gre-Nal<\/title>\n<meta name=\"robots\" content=\"index, follow, max-snippet:-1, max-image-preview:large, max-video-preview:-1\" \/>\n<link rel=\"canonical\" href=\"https:\/\/www.gaveanews.com\/index.php\/2025\/03\/10\/jogador-do-internacional-cobra-mudanca-no-gre-nal\/\" \/>\n<meta property=\"og:locale\" content=\"pt_BR\" \/>\n<meta property=\"og:type\" content=\"article\" \/>\n<meta property=\"og:title\" content=\"Jogador do Internacional cobra mudan\u00e7a no Gre-Nal\" \/>\n<meta property=\"og:description\" content=\"O Internacional largou em vantagem na decis\u00e3o do Campeonato Ga\u00facho ao vencer o Gr\u00eamio por 2 a 0 na Arena, no primeiro jogo da final disputado no s\u00e1bado (8 de mar\u00e7o). A partida, que estava originalmente marcada para 16h, precisou ser adiada para 17h45 devido ao intenso calor registrado em Porto Alegre. Com o resultado [&hellip;]\" \/>\n<meta property=\"og:url\" content=\"https:\/\/www.gaveanews.com\/index.php\/2025\/03\/10\/jogador-do-internacional-cobra-mudanca-no-gre-nal\/\" \/>\n<meta property=\"og:site_name\" content=\"G\u00e1vea News\" \/>\n<meta property=\"article:publisher\" content=\"https:\/\/facebook.com\/gaveaNews\/\" \/>\n<meta property=\"article:published_time\" content=\"2025-03-11T01:10:00+00:00\" \/>\n<meta property=\"og:image\" content=\"https:\/\/www.gaveanews.com\/wp-content\/uploads\/Escudo-do-Internacional.webp\" \/>\n\t<meta property=\"og:image:width\" content=\"1728\" \/>\n\t<meta property=\"og:image:height\" content=\"1080\" \/>\n\t<meta property=\"og:image:type\" content=\"image\/webp\" \/>\n<meta name=\"author\" content=\"Paula Silva\" \/>\n<meta name=\"twitter:card\" content=\"summary_large_image\" \/>\n<meta name=\"twitter:label1\" content=\"Escrito por\" \/>\n\t<meta name=\"twitter:data1\" content=\"Paula Silva\" \/>\n\t<meta name=\"twitter:label2\" content=\"Est. tempo de leitura\" \/>\n\t<meta name=\"twitter:data2\" content=\"3 minutos\" \/>\n<script type=\"application\/ld+json\" class=\"yoast-schema-graph\">{\"@context\":\"https:\/\/schema.org\",\"@graph\":[{\"@type\":\"NewsArticle\",\"@id\":\"https:\/\/www.gaveanews.com\/index.php\/2025\/03\/10\/jogador-do-internacional-cobra-mudanca-no-gre-nal\/#article\",\"isPartOf\":{\"@id\":\"https:\/\/www.gaveanews.com\/index.php\/2025\/03\/10\/jogador-do-internacional-cobra-mudanca-no-gre-nal\/\"},\"author\":{\"name\":\"Paula Silva\",\"@id\":\"https:\/\/www.gaveanews.com\/#\/schema\/person\/daf63eec72e1164eb13dc35096c2b8da\"},\"headline\":\"Jogador do Internacional cobra mudan\u00e7a no Gre-Nal\",\"datePublished\":\"2025-03-11T01:10:00+00:00\",\"mainEntityOfPage\":{\"@id\":\"https:\/\/www.gaveanews.com\/index.php\/2025\/03\/10\/jogador-do-internacional-cobra-mudanca-no-gre-nal\/\"},\"wordCount\":357,\"commentCount\":0,\"image\":{\"@id\":\"https:\/\/www.gaveanews.com\/index.php\/2025\/03\/10\/jogador-do-internacional-cobra-mudanca-no-gre-nal\/#primaryimage\"},\"thumbnailUrl\":\"https:\/\/www.gaveanews.com\/wp-content\/uploads\/Escudo-do-Internacional.webp\",\"articleSection\":[\"Gr\u00eamio\",\"Internacional\"],\"inLanguage\":\"pt-BR\",\"potentialAction\":[{\"@type\":\"CommentAction\",\"name\":\"Comment\",\"target\":[\"https:\/\/www.gaveanews.com\/index.php\/2025\/03\/10\/jogador-do-internacional-cobra-mudanca-no-gre-nal\/#respond\"]}],\"copyrightYear\":\"2025\",\"copyrightHolder\":{\"@id\":\"https:\/\/www.gaveanews.com\/#organization\"}},{\"@type\":\"WebPage\",\"@id\":\"https:\/\/www.gaveanews.com\/index.php\/2025\/03\/10\/jogador-do-internacional-cobra-mudanca-no-gre-nal\/\",\"url\":\"https:\/\/www.gaveanews.com\/index.php\/2025\/03\/10\/jogador-do-internacional-cobra-mudanca-no-gre-nal\/\",\"name\":\"Jogador do Internacional cobra mudan\u00e7a no Gre-Nal\",\"isPartOf\":{\"@id\":\"https:\/\/www.gaveanews.com\/#website\"},\"primaryImageOfPage\":{\"@id\":\"https:\/\/www.gaveanews.com\/index.php\/2025\/03\/10\/jogador-do-internacional-cobra-mudanca-no-gre-nal\/#primaryimage\"},\"image\":{\"@id\":\"https:\/\/www.gaveanews.com\/index.php\/2025\/03\/10\/jogador-do-internacional-cobra-mudanca-no-gre-nal\/#primaryimage\"},\"thumbnailUrl\":\"https:\/\/www.gaveanews.com\/wp-content\/uploads\/Escudo-do-Internacional.webp\",\"datePublished\":\"2025-03-11T01:10:00+00:00\",\"author\":{\"@id\":\"https:\/\/www.gaveanews.com\/#\/schema\/person\/daf63eec72e1164eb13dc35096c2b8da\"},\"breadcrumb\":{\"@id\":\"https:\/\/www.gaveanews.com\/index.php\/2025\/03\/10\/jogador-do-internacional-cobra-mudanca-no-gre-nal\/#breadcrumb\"},\"inLanguage\":\"pt-BR\",\"potentialAction\":[{\"@type\":\"ReadAction\",\"target\":[\"https:\/\/www.gaveanews.com\/index.php\/2025\/03\/10\/jogador-do-internacional-cobra-mudanca-no-gre-nal\/\"]}]},{\"@type\":\"ImageObject\",\"inLanguage\":\"pt-BR\",\"@id\":\"https:\/\/www.gaveanews.com\/index.php\/2025\/03\/10\/jogador-do-internacional-cobra-mudanca-no-gre-nal\/#primaryimage\",\"url\":\"https:\/\/www.gaveanews.com\/wp-content\/uploads\/Escudo-do-Internacional.webp\",\"contentUrl\":\"https:\/\/www.gaveanews.com\/wp-content\/uploads\/Escudo-do-Internacional.webp\",\"width\":1728,\"height\":1080,\"caption\":\"Escudo do Internacional (Foto: Reprodu\u00e7\u00e3o)\"},{\"@type\":\"BreadcrumbList\",\"@id\":\"https:\/\/www.gaveanews.com\/index.php\/2025\/03\/10\/jogador-do-internacional-cobra-mudanca-no-gre-nal\/#breadcrumb\",\"itemListElement\":[{\"@type\":\"ListItem\",\"position\":1,\"name\":\"Home\",\"item\":\"https:\/\/www.gaveanews.com\/\"},{\"@type\":\"ListItem\",\"position\":2,\"name\":\"Jogador do Internacional cobra mudan\u00e7a no Gre-Nal\"}]},{\"@type\":\"WebSite\",\"@id\":\"https:\/\/www.gaveanews.com\/#website\",\"url\":\"https:\/\/www.gaveanews.com\/\",\"name\":\"G\u00e1vea News\",\"description\":\"Veja todas as not\u00edcias sobre o Flamengo: Contrata\u00e7\u00f5es, categorias de base, resultados das partidas, tabela de classifica\u00e7\u00e3o, pr\u00f3ximos jogos!\",\"potentialAction\":[{\"@type\":\"SearchAction\",\"target\":{\"@type\":\"EntryPoint\",\"urlTemplate\":\"https:\/\/www.gaveanews.com\/?s={search_term_string}\"},\"query-input\":{\"@type\":\"PropertyValueSpecification\",\"valueRequired\":true,\"valueName\":\"search_term_string\"}}],\"inLanguage\":\"pt-BR\"},{\"@type\":\"Person\",\"@id\":\"https:\/\/www.gaveanews.com\/#\/schema\/person\/daf63eec72e1164eb13dc35096c2b8da\",\"name\":\"Paula Silva\",\"image\":{\"@type\":\"ImageObject\",\"inLanguage\":\"pt-BR\",\"@id\":\"https:\/\/www.gaveanews.com\/#\/schema\/person\/image\/\",\"url\":\"https:\/\/secure.gravatar.com\/avatar\/eda381c845527cc5d64c13b901833cda29d97500ba040d3e6461f76f51d163bb?s=96&d=mm&r=g\",\"contentUrl\":\"https:\/\/secure.gravatar.com\/avatar\/eda381c845527cc5d64c13b901833cda29d97500ba040d3e6461f76f51d163bb?s=96&d=mm&r=g\",\"caption\":\"Paula Silva\"}}]}<\/script>\n<!-- \/ Yoast SEO Premium plugin. -->","yoast_head_json":{"title":"Jogador do Internacional cobra mudan\u00e7a no Gre-Nal","robots":{"index":"index","follow":"follow","max-snippet":"max-snippet:-1","max-image-preview":"max-image-preview:large","max-video-preview":"max-video-preview:-1"},"canonical":"https:\/\/www.gaveanews.com\/index.php\/2025\/03\/10\/jogador-do-internacional-cobra-mudanca-no-gre-nal\/","og_locale":"pt_BR","og_type":"article","og_title":"Jogador do Internacional cobra mudan\u00e7a no Gre-Nal","og_description":"O Internacional largou em vantagem na decis\u00e3o do Campeonato Ga\u00facho ao vencer o Gr\u00eamio por 2 a 0 na Arena, no primeiro jogo da final disputado no s\u00e1bado (8 de mar\u00e7o). A partida, que estava originalmente marcada para 16h, precisou ser adiada para 17h45 devido ao intenso calor registrado em Porto Alegre. Com o resultado [&hellip;]","og_url":"https:\/\/www.gaveanews.com\/index.php\/2025\/03\/10\/jogador-do-internacional-cobra-mudanca-no-gre-nal\/","og_site_name":"G\u00e1vea News","article_publisher":"https:\/\/facebook.com\/gaveaNews\/","article_published_time":"2025-03-11T01:10:00+00:00","og_image":[{"width":1728,"height":1080,"url":"https:\/\/www.gaveanews.com\/wp-content\/uploads\/Escudo-do-Internacional.webp","type":"image\/webp"}],"author":"Paula Silva","twitter_card":"summary_large_image","twitter_misc":{"Escrito por":"Paula Silva","Est. tempo de leitura":"3 minutos"},"schema":{"@context":"https:\/\/schema.org","@graph":[{"@type":"NewsArticle","@id":"https:\/\/www.gaveanews.com\/index.php\/2025\/03\/10\/jogador-do-internacional-cobra-mudanca-no-gre-nal\/#article","isPartOf":{"@id":"https:\/\/www.gaveanews.com\/index.php\/2025\/03\/10\/jogador-do-internacional-cobra-mudanca-no-gre-nal\/"},"author":{"name":"Paula Silva","@id":"https:\/\/www.gaveanews.com\/#\/schema\/person\/daf63eec72e1164eb13dc35096c2b8da"},"headline":"Jogador do Internacional cobra mudan\u00e7a no Gre-Nal","datePublished":"2025-03-11T01:10:00+00:00","mainEntityOfPage":{"@id":"https:\/\/www.gaveanews.com\/index.php\/2025\/03\/10\/jogador-do-internacional-cobra-mudanca-no-gre-nal\/"},"wordCount":357,"commentCount":0,"image":{"@id":"https:\/\/www.gaveanews.com\/index.php\/2025\/03\/10\/jogador-do-internacional-cobra-mudanca-no-gre-nal\/#primaryimage"},"thumbnailUrl":"https:\/\/www.gaveanews.com\/wp-content\/uploads\/Escudo-do-Internacional.webp","articleSection":["Gr\u00eamio","Internacional"],"inLanguage":"pt-BR","potentialAction":[{"@type":"CommentAction","name":"Comment","target":["https:\/\/www.gaveanews.com\/index.php\/2025\/03\/10\/jogador-do-internacional-cobra-mudanca-no-gre-nal\/#respond"]}],"copyrightYear":"2025","copyrightHolder":{"@id":"https:\/\/www.gaveanews.com\/#organization"}},{"@type":"WebPage","@id":"https:\/\/www.gaveanews.com\/index.php\/2025\/03\/10\/jogador-do-internacional-cobra-mudanca-no-gre-nal\/","url":"https:\/\/www.gaveanews.com\/index.php\/2025\/03\/10\/jogador-do-internacional-cobra-mudanca-no-gre-nal\/","name":"Jogador do Internacional cobra mudan\u00e7a no Gre-Nal","isPartOf":{"@id":"https:\/\/www.gaveanews.com\/#website"},"primaryImageOfPage":{"@id":"https:\/\/www.gaveanews.com\/index.php\/2025\/03\/10\/jogador-do-internacional-cobra-mudanca-no-gre-nal\/#primaryimage"},"image":{"@id":"https:\/\/www.gaveanews.com\/index.php\/2025\/03\/10\/jogador-do-internacional-cobra-mudanca-no-gre-nal\/#primaryimage"},"thumbnailUrl":"https:\/\/www.gaveanews.com\/wp-content\/uploads\/Escudo-do-Internacional.webp","datePublished":"2025-03-11T01:10:00+00:00","author":{"@id":"https:\/\/www.gaveanews.com\/#\/schema\/person\/daf63eec72e1164eb13dc35096c2b8da"},"breadcrumb":{"@id":"https:\/\/www.gaveanews.com\/index.php\/2025\/03\/10\/jogador-do-internacional-cobra-mudanca-no-gre-nal\/#breadcrumb"},"inLanguage":"pt-BR","potentialAction":[{"@type":"ReadAction","target":["https:\/\/www.gaveanews.com\/index.php\/2025\/03\/10\/jogador-do-internacional-cobra-mudanca-no-gre-nal\/"]}]},{"@type":"ImageObject","inLanguage":"pt-BR","@id":"https:\/\/www.gaveanews.com\/index.php\/2025\/03\/10\/jogador-do-internacional-cobra-mudanca-no-gre-nal\/#primaryimage","url":"https:\/\/www.gaveanews.com\/wp-content\/uploads\/Escudo-do-Internacional.webp","contentUrl":"https:\/\/www.gaveanews.com\/wp-content\/uploads\/Escudo-do-Internacional.webp","width":1728,"height":1080,"caption":"Escudo do Internacional (Foto: Reprodu\u00e7\u00e3o)"},{"@type":"BreadcrumbList","@id":"https:\/\/www.gaveanews.com\/index.php\/2025\/03\/10\/jogador-do-internacional-cobra-mudanca-no-gre-nal\/#breadcrumb","itemListElement":[{"@type":"ListItem","position":1,"name":"Home","item":"https:\/\/www.gaveanews.com\/"},{"@type":"ListItem","position":2,"name":"Jogador do Internacional cobra mudan\u00e7a no Gre-Nal"}]},{"@type":"WebSite","@id":"https:\/\/www.gaveanews.com\/#website","url":"https:\/\/www.gaveanews.com\/","name":"G\u00e1vea News","description":"Veja todas as not\u00edcias sobre o Flamengo: Contrata\u00e7\u00f5es, categorias de base, resultados das partidas, tabela de classifica\u00e7\u00e3o, pr\u00f3ximos jogos!","potentialAction":[{"@type":"SearchAction","target":{"@type":"EntryPoint","urlTemplate":"https:\/\/www.gaveanews.com\/?s={search_term_string}"},"query-input":{"@type":"PropertyValueSpecification","valueRequired":true,"valueName":"search_term_string"}}],"inLanguage":"pt-BR"},{"@type":"Person","@id":"https:\/\/www.gaveanews.com\/#\/schema\/person\/daf63eec72e1164eb13dc35096c2b8da","name":"Paula Silva","image":{"@type":"ImageObject","inLanguage":"pt-BR","@id":"https:\/\/www.gaveanews.com\/#\/schema\/person\/image\/","url":"https:\/\/secure.gravatar.com\/avatar\/eda381c845527cc5d64c13b901833cda29d97500ba040d3e6461f76f51d163bb?s=96&d=mm&r=g","contentUrl":"https:\/\/secure.gravatar.com\/avatar\/eda381c845527cc5d64c13b901833cda29d97500ba040d3e6461f76f51d163bb?s=96&d=mm&r=g","caption":"Paula Silva"}}]}},"_links":{"self":[{"href":"https:\/\/www.gaveanews.com\/index.php\/wp-json\/wp\/v2\/posts\/238166","targetHints":{"allow":["GET"]}}],"collection":[{"href":"https:\/\/www.gaveanews.com\/index.php\/wp-json\/wp\/v2\/posts"}],"about":[{"href":"https:\/\/www.gaveanews.com\/index.php\/wp-json\/wp\/v2\/types\/post"}],"author":[{"embeddable":true,"href":"https:\/\/www.gaveanews.com\/index.php\/wp-json\/wp\/v2\/users\/18"}],"replies":[{"embeddable":true,"href":"https:\/\/www.gaveanews.com\/index.php\/wp-json\/wp\/v2\/comments?post=238166"}],"version-history":[{"count":1,"href":"https:\/\/www.gaveanews.com\/index.php\/wp-json\/wp\/v2\/posts\/238166\/revisions"}],"predecessor-version":[{"id":238169,"href":"https:\/\/www.gaveanews.com\/index.php\/wp-json\/wp\/v2\/posts\/238166\/revisions\/238169"}],"wp:featuredmedia":[{"embeddable":true,"href":"https:\/\/www.gaveanews.com\/index.php\/wp-json\/wp\/v2\/media\/173600"}],"wp:attachment":[{"href":"https:\/\/www.gaveanews.com\/index.php\/wp-json\/wp\/v2\/media?parent=238166"}],"wp:term":[{"taxonomy":"category","embeddable":true,"href":"https:\/\/www.gaveanews.com\/index.php\/wp-json\/wp\/v2\/categories?post=238166"},{"taxonomy":"post_tag","embeddable":true,"href":"https:\/\/www.gaveanews.com\/index.php\/wp-json\/wp\/v2\/tags?post=238166"}],"curies":[{"name":"wp","href":"https:\/\/api.w.org\/{rel}","templated":true}]}}