{"id":238179,"date":"2025-03-10T22:25:00","date_gmt":"2025-03-11T01:25:00","guid":{"rendered":"https:\/\/www.gaveanews.com\/?p=238179"},"modified":"2025-03-10T19:11:00","modified_gmt":"2025-03-10T22:11:00","slug":"com-moral-atletico-mg-atinge-marca-expressiva-entre-clubes-da-serie-a","status":"publish","type":"post","link":"https:\/\/www.gaveanews.com\/index.php\/2025\/03\/10\/com-moral-atletico-mg-atinge-marca-expressiva-entre-clubes-da-serie-a\/","title":{"rendered":"Com moral! Atl\u00e9tico-MG atinge marca expressiva entre clubes da S\u00e9rie A"},"content":{"rendered":"\n<h2 class=\"wp-block-heading\" id=\"h-galo-venceu-o-america-e-chegou-em-grande-marca\">Galo venceu o Am\u00e9rica e chegou em grande marca <\/h2>\n\n\n\n<p>No \u00faltimo s\u00e1bado (8), o Atl\u00e9tico goleou o Am\u00e9rica por 4 a 0 e encaminhou o t\u00edtulo do Campeonato Mineiro. Jory (contra), Lyanco (duas vezes) e Rony marcaram a favor do Galo. O triunfo foi o nono seguido em 2025, assim tendo a maior sequencia de vit\u00f3rias entre todos os clubes da S\u00e9rie A do Brasileir\u00e3o. <\/p>\n\n\n\n<p>O Atl\u00e9tico estava empatado com o Vit\u00f3ria, com oito triunfos cada. Por\u00e9m, o Le\u00e3o da Barra sofreu um empate no meio do caminho e acabou ficando para tr\u00e1s. A sequ\u00eancia positiva vem acompanhada da invencibilidade da equipe no estadual, com nove vit\u00f3rias e um empate. <\/p>\n\n\n\n<h2 class=\"wp-block-heading\" id=\"h-times-que-o-atletico-venceu-nestes-nove-jogos\">Times que o Atl\u00e9tico venceu nestes nove jogos:<\/h2>\n\n\n\n<ol class=\"wp-block-list\">\n<li>Villa Nova-MG &#8211; Campeonato Mineiro <\/li>\n\n\n\n<li>Athletic &#8211; Campeonato Mineiro <\/li>\n\n\n\n<li>Cruzeiro &#8211; Campeonato Mineiro <\/li>\n\n\n\n<li>Itabirito  Campeonato Mineiro <\/li>\n\n\n\n<li>Tombense &#8211; Campeonato Mineiro <\/li>\n\n\n\n<li>Tocantin\u00f3polis &#8211; Copa do Brasil (primeira fase)<\/li>\n\n\n\n<li>Tombense &#8211; Campeonato Mineiro <\/li>\n\n\n\n<li>Manaus &#8211; Copa do Brasil (segunda fase)<\/li>\n\n\n\n<li>Am\u00e9rica-MG &#8211; Campeonato Mineiro <\/li>\n<\/ol>\n\n\n\n<p>A defesa do Galo que tem como base Everson, Natanael, Lyanco, Junior Alonso e Guilherme Arana na equipe titular, chegou a ficar sete jogos seguidos sem ser vazado. O bom desempenho da defesa se d\u00e1 tamb\u00e9m pelo ataque. O tri formado por Hulk, Cuello e Rony somam 14 gols dos 22 da equipe no ano.<\/p>\n\n\n\n<p>A d\u00e9cima vit\u00f3ria seguida por acontecer neste s\u00e1bado (15), quando o Atl\u00e9tico enfrenta o Am\u00e9rica pelo jogo de volta da final do Campeonato Mineiro. A bola rola \u00e0s 16h30 (hor\u00e1rio de Bras\u00edlia), no Est\u00e1dio do Mineir\u00e3o. Com a vit\u00f3ria por 4 a 0 no primeiro jogo, o Galo pode perder por at\u00e9 tr\u00eas gols de diferen\u00e7a que ainda fica com a ta\u00e7a do estadual. <\/p>\n\n\n\n<p>Depois da finaliza\u00e7\u00e3o do campeonato estadual, o Atl\u00e9tico ter\u00e1 compromisso apenas no dia 29, quando faz sua estreia no Campeonato Brasileiro deste ano. O Galo ir\u00e1 visitar o Gr\u00eamio em Porto Alegre, em jogo que est\u00e1 marcado para ter in\u00edcio \u00e0s 18h30 (hor\u00e1rio de Bras\u00edlia). <\/p>\n","protected":false},"excerpt":{"rendered":"<p>Galo venceu o Am\u00e9rica e chegou em grande marca No \u00faltimo s\u00e1bado (8), o Atl\u00e9tico goleou o Am\u00e9rica por 4 a 0 e encaminhou o t\u00edtulo do Campeonato Mineiro. Jory (contra), Lyanco (duas vezes) e Rony marcaram a favor do Galo. O triunfo foi o nono seguido em 2025, assim tendo a maior sequencia de [&hellip;]<\/p>\n","protected":false},"author":21,"featured_media":168221,"comment_status":"open","ping_status":"closed","sticky":false,"template":"","format":"standard","meta":{"footnotes":""},"categories":[136],"tags":[],"class_list":["post-238179","post","type-post","status-publish","format-standard","has-post-thumbnail","hentry","category-atletico-mg"],"yoast_head":"<!-- This site is optimized with the Yoast SEO Premium plugin v24.2 (Yoast SEO v26.9) - https:\/\/yoast.com\/product\/yoast-seo-premium-wordpress\/ -->\n<title>Com moral! Atl\u00e9tico-MG atinge marca expressiva entre clubes da S\u00e9rie A<\/title>\n<meta name=\"robots\" content=\"index, follow, max-snippet:-1, max-image-preview:large, max-video-preview:-1\" \/>\n<link rel=\"canonical\" href=\"https:\/\/www.gaveanews.com\/index.php\/2025\/03\/10\/com-moral-atletico-mg-atinge-marca-expressiva-entre-clubes-da-serie-a\/\" \/>\n<meta property=\"og:locale\" content=\"pt_BR\" \/>\n<meta property=\"og:type\" content=\"article\" \/>\n<meta property=\"og:title\" content=\"Com moral! Atl\u00e9tico-MG atinge marca expressiva entre clubes da S\u00e9rie A\" \/>\n<meta property=\"og:description\" content=\"Galo venceu o Am\u00e9rica e chegou em grande marca No \u00faltimo s\u00e1bado (8), o Atl\u00e9tico goleou o Am\u00e9rica por 4 a 0 e encaminhou o t\u00edtulo do Campeonato Mineiro. Jory (contra), Lyanco (duas vezes) e Rony marcaram a favor do Galo. O triunfo foi o nono seguido em 2025, assim tendo a maior sequencia de [&hellip;]\" \/>\n<meta property=\"og:url\" content=\"https:\/\/www.gaveanews.com\/index.php\/2025\/03\/10\/com-moral-atletico-mg-atinge-marca-expressiva-entre-clubes-da-serie-a\/\" \/>\n<meta property=\"og:site_name\" content=\"G\u00e1vea News\" \/>\n<meta property=\"article:publisher\" content=\"https:\/\/facebook.com\/gaveaNews\/\" \/>\n<meta property=\"article:published_time\" content=\"2025-03-11T01:25:00+00:00\" \/>\n<meta property=\"og:image\" content=\"https:\/\/www.gaveanews.com\/wp-content\/uploads\/Guilherme-Arana-pelo-Atletico-MG.webp\" \/>\n\t<meta property=\"og:image:width\" content=\"721\" \/>\n\t<meta property=\"og:image:height\" content=\"535\" \/>\n\t<meta property=\"og:image:type\" content=\"image\/jpeg\" \/>\n<meta name=\"author\" content=\"Andr\u00e9 Serra\" \/>\n<meta name=\"twitter:card\" content=\"summary_large_image\" \/>\n<meta name=\"twitter:label1\" content=\"Escrito por\" \/>\n\t<meta name=\"twitter:data1\" content=\"Andr\u00e9 Serra\" \/>\n\t<meta name=\"twitter:label2\" content=\"Est. tempo de leitura\" \/>\n\t<meta name=\"twitter:data2\" content=\"2 minutos\" \/>\n<script type=\"application\/ld+json\" class=\"yoast-schema-graph\">{\"@context\":\"https:\/\/schema.org\",\"@graph\":[{\"@type\":\"NewsArticle\",\"@id\":\"https:\/\/www.gaveanews.com\/index.php\/2025\/03\/10\/com-moral-atletico-mg-atinge-marca-expressiva-entre-clubes-da-serie-a\/#article\",\"isPartOf\":{\"@id\":\"https:\/\/www.gaveanews.com\/index.php\/2025\/03\/10\/com-moral-atletico-mg-atinge-marca-expressiva-entre-clubes-da-serie-a\/\"},\"author\":{\"name\":\"Andr\u00e9 Serra\",\"@id\":\"https:\/\/www.gaveanews.com\/#\/schema\/person\/0277a79a1289c451c281ec0411d84f0c\"},\"headline\":\"Com moral! Atl\u00e9tico-MG atinge marca expressiva entre clubes da S\u00e9rie A\",\"datePublished\":\"2025-03-11T01:25:00+00:00\",\"mainEntityOfPage\":{\"@id\":\"https:\/\/www.gaveanews.com\/index.php\/2025\/03\/10\/com-moral-atletico-mg-atinge-marca-expressiva-entre-clubes-da-serie-a\/\"},\"wordCount\":365,\"commentCount\":0,\"image\":{\"@id\":\"https:\/\/www.gaveanews.com\/index.php\/2025\/03\/10\/com-moral-atletico-mg-atinge-marca-expressiva-entre-clubes-da-serie-a\/#primaryimage\"},\"thumbnailUrl\":\"https:\/\/www.gaveanews.com\/wp-content\/uploads\/Guilherme-Arana-pelo-Atletico-MG.webp\",\"articleSection\":[\"Atl\u00e9tico-MG\"],\"inLanguage\":\"pt-BR\",\"potentialAction\":[{\"@type\":\"CommentAction\",\"name\":\"Comment\",\"target\":[\"https:\/\/www.gaveanews.com\/index.php\/2025\/03\/10\/com-moral-atletico-mg-atinge-marca-expressiva-entre-clubes-da-serie-a\/#respond\"]}],\"copyrightYear\":\"2025\",\"copyrightHolder\":{\"@id\":\"https:\/\/www.gaveanews.com\/#organization\"}},{\"@type\":\"WebPage\",\"@id\":\"https:\/\/www.gaveanews.com\/index.php\/2025\/03\/10\/com-moral-atletico-mg-atinge-marca-expressiva-entre-clubes-da-serie-a\/\",\"url\":\"https:\/\/www.gaveanews.com\/index.php\/2025\/03\/10\/com-moral-atletico-mg-atinge-marca-expressiva-entre-clubes-da-serie-a\/\",\"name\":\"Com moral! Atl\u00e9tico-MG atinge marca expressiva entre clubes da S\u00e9rie A\",\"isPartOf\":{\"@id\":\"https:\/\/www.gaveanews.com\/#website\"},\"primaryImageOfPage\":{\"@id\":\"https:\/\/www.gaveanews.com\/index.php\/2025\/03\/10\/com-moral-atletico-mg-atinge-marca-expressiva-entre-clubes-da-serie-a\/#primaryimage\"},\"image\":{\"@id\":\"https:\/\/www.gaveanews.com\/index.php\/2025\/03\/10\/com-moral-atletico-mg-atinge-marca-expressiva-entre-clubes-da-serie-a\/#primaryimage\"},\"thumbnailUrl\":\"https:\/\/www.gaveanews.com\/wp-content\/uploads\/Guilherme-Arana-pelo-Atletico-MG.webp\",\"datePublished\":\"2025-03-11T01:25:00+00:00\",\"author\":{\"@id\":\"https:\/\/www.gaveanews.com\/#\/schema\/person\/0277a79a1289c451c281ec0411d84f0c\"},\"breadcrumb\":{\"@id\":\"https:\/\/www.gaveanews.com\/index.php\/2025\/03\/10\/com-moral-atletico-mg-atinge-marca-expressiva-entre-clubes-da-serie-a\/#breadcrumb\"},\"inLanguage\":\"pt-BR\",\"potentialAction\":[{\"@type\":\"ReadAction\",\"target\":[\"https:\/\/www.gaveanews.com\/index.php\/2025\/03\/10\/com-moral-atletico-mg-atinge-marca-expressiva-entre-clubes-da-serie-a\/\"]}]},{\"@type\":\"ImageObject\",\"inLanguage\":\"pt-BR\",\"@id\":\"https:\/\/www.gaveanews.com\/index.php\/2025\/03\/10\/com-moral-atletico-mg-atinge-marca-expressiva-entre-clubes-da-serie-a\/#primaryimage\",\"url\":\"https:\/\/www.gaveanews.com\/wp-content\/uploads\/Guilherme-Arana-pelo-Atletico-MG.webp\",\"contentUrl\":\"https:\/\/www.gaveanews.com\/wp-content\/uploads\/Guilherme-Arana-pelo-Atletico-MG.webp\",\"width\":721,\"height\":535,\"caption\":\"Guilherme Arana pelo Atl\u00e9tico-MG (Foto: Pedro Souza\/Atl\u00e9tico-MG)\"},{\"@type\":\"BreadcrumbList\",\"@id\":\"https:\/\/www.gaveanews.com\/index.php\/2025\/03\/10\/com-moral-atletico-mg-atinge-marca-expressiva-entre-clubes-da-serie-a\/#breadcrumb\",\"itemListElement\":[{\"@type\":\"ListItem\",\"position\":1,\"name\":\"Home\",\"item\":\"https:\/\/www.gaveanews.com\/\"},{\"@type\":\"ListItem\",\"position\":2,\"name\":\"Com moral! Atl\u00e9tico-MG atinge marca expressiva entre clubes da S\u00e9rie A\"}]},{\"@type\":\"WebSite\",\"@id\":\"https:\/\/www.gaveanews.com\/#website\",\"url\":\"https:\/\/www.gaveanews.com\/\",\"name\":\"G\u00e1vea News\",\"description\":\"Veja todas as not\u00edcias sobre o Flamengo: Contrata\u00e7\u00f5es, categorias de base, resultados das partidas, tabela de classifica\u00e7\u00e3o, pr\u00f3ximos jogos!\",\"potentialAction\":[{\"@type\":\"SearchAction\",\"target\":{\"@type\":\"EntryPoint\",\"urlTemplate\":\"https:\/\/www.gaveanews.com\/?s={search_term_string}\"},\"query-input\":{\"@type\":\"PropertyValueSpecification\",\"valueRequired\":true,\"valueName\":\"search_term_string\"}}],\"inLanguage\":\"pt-BR\"},{\"@type\":\"Person\",\"@id\":\"https:\/\/www.gaveanews.com\/#\/schema\/person\/0277a79a1289c451c281ec0411d84f0c\",\"name\":\"Andr\u00e9 Serra\",\"image\":{\"@type\":\"ImageObject\",\"inLanguage\":\"pt-BR\",\"@id\":\"https:\/\/www.gaveanews.com\/#\/schema\/person\/image\/\",\"url\":\"https:\/\/secure.gravatar.com\/avatar\/d7231369fe48db93292b3e88eb2162dbd9a34a47a8437d9ef3bcaca2a86a83d7?s=96&d=mm&r=g\",\"contentUrl\":\"https:\/\/secure.gravatar.com\/avatar\/d7231369fe48db93292b3e88eb2162dbd9a34a47a8437d9ef3bcaca2a86a83d7?s=96&d=mm&r=g\",\"caption\":\"Andr\u00e9 Serra\"}}]}<\/script>\n<!-- \/ Yoast SEO Premium plugin. -->","yoast_head_json":{"title":"Com moral! Atl\u00e9tico-MG atinge marca expressiva entre clubes da S\u00e9rie A","robots":{"index":"index","follow":"follow","max-snippet":"max-snippet:-1","max-image-preview":"max-image-preview:large","max-video-preview":"max-video-preview:-1"},"canonical":"https:\/\/www.gaveanews.com\/index.php\/2025\/03\/10\/com-moral-atletico-mg-atinge-marca-expressiva-entre-clubes-da-serie-a\/","og_locale":"pt_BR","og_type":"article","og_title":"Com moral! Atl\u00e9tico-MG atinge marca expressiva entre clubes da S\u00e9rie A","og_description":"Galo venceu o Am\u00e9rica e chegou em grande marca No \u00faltimo s\u00e1bado (8), o Atl\u00e9tico goleou o Am\u00e9rica por 4 a 0 e encaminhou o t\u00edtulo do Campeonato Mineiro. Jory (contra), Lyanco (duas vezes) e Rony marcaram a favor do Galo. O triunfo foi o nono seguido em 2025, assim tendo a maior sequencia de [&hellip;]","og_url":"https:\/\/www.gaveanews.com\/index.php\/2025\/03\/10\/com-moral-atletico-mg-atinge-marca-expressiva-entre-clubes-da-serie-a\/","og_site_name":"G\u00e1vea News","article_publisher":"https:\/\/facebook.com\/gaveaNews\/","article_published_time":"2025-03-11T01:25:00+00:00","og_image":[{"width":721,"height":535,"url":"https:\/\/www.gaveanews.com\/wp-content\/uploads\/Guilherme-Arana-pelo-Atletico-MG.webp","type":"image\/jpeg"}],"author":"Andr\u00e9 Serra","twitter_card":"summary_large_image","twitter_misc":{"Escrito por":"Andr\u00e9 Serra","Est. tempo de leitura":"2 minutos"},"schema":{"@context":"https:\/\/schema.org","@graph":[{"@type":"NewsArticle","@id":"https:\/\/www.gaveanews.com\/index.php\/2025\/03\/10\/com-moral-atletico-mg-atinge-marca-expressiva-entre-clubes-da-serie-a\/#article","isPartOf":{"@id":"https:\/\/www.gaveanews.com\/index.php\/2025\/03\/10\/com-moral-atletico-mg-atinge-marca-expressiva-entre-clubes-da-serie-a\/"},"author":{"name":"Andr\u00e9 Serra","@id":"https:\/\/www.gaveanews.com\/#\/schema\/person\/0277a79a1289c451c281ec0411d84f0c"},"headline":"Com moral! Atl\u00e9tico-MG atinge marca expressiva entre clubes da S\u00e9rie A","datePublished":"2025-03-11T01:25:00+00:00","mainEntityOfPage":{"@id":"https:\/\/www.gaveanews.com\/index.php\/2025\/03\/10\/com-moral-atletico-mg-atinge-marca-expressiva-entre-clubes-da-serie-a\/"},"wordCount":365,"commentCount":0,"image":{"@id":"https:\/\/www.gaveanews.com\/index.php\/2025\/03\/10\/com-moral-atletico-mg-atinge-marca-expressiva-entre-clubes-da-serie-a\/#primaryimage"},"thumbnailUrl":"https:\/\/www.gaveanews.com\/wp-content\/uploads\/Guilherme-Arana-pelo-Atletico-MG.webp","articleSection":["Atl\u00e9tico-MG"],"inLanguage":"pt-BR","potentialAction":[{"@type":"CommentAction","name":"Comment","target":["https:\/\/www.gaveanews.com\/index.php\/2025\/03\/10\/com-moral-atletico-mg-atinge-marca-expressiva-entre-clubes-da-serie-a\/#respond"]}],"copyrightYear":"2025","copyrightHolder":{"@id":"https:\/\/www.gaveanews.com\/#organization"}},{"@type":"WebPage","@id":"https:\/\/www.gaveanews.com\/index.php\/2025\/03\/10\/com-moral-atletico-mg-atinge-marca-expressiva-entre-clubes-da-serie-a\/","url":"https:\/\/www.gaveanews.com\/index.php\/2025\/03\/10\/com-moral-atletico-mg-atinge-marca-expressiva-entre-clubes-da-serie-a\/","name":"Com moral! Atl\u00e9tico-MG atinge marca expressiva entre clubes da S\u00e9rie A","isPartOf":{"@id":"https:\/\/www.gaveanews.com\/#website"},"primaryImageOfPage":{"@id":"https:\/\/www.gaveanews.com\/index.php\/2025\/03\/10\/com-moral-atletico-mg-atinge-marca-expressiva-entre-clubes-da-serie-a\/#primaryimage"},"image":{"@id":"https:\/\/www.gaveanews.com\/index.php\/2025\/03\/10\/com-moral-atletico-mg-atinge-marca-expressiva-entre-clubes-da-serie-a\/#primaryimage"},"thumbnailUrl":"https:\/\/www.gaveanews.com\/wp-content\/uploads\/Guilherme-Arana-pelo-Atletico-MG.webp","datePublished":"2025-03-11T01:25:00+00:00","author":{"@id":"https:\/\/www.gaveanews.com\/#\/schema\/person\/0277a79a1289c451c281ec0411d84f0c"},"breadcrumb":{"@id":"https:\/\/www.gaveanews.com\/index.php\/2025\/03\/10\/com-moral-atletico-mg-atinge-marca-expressiva-entre-clubes-da-serie-a\/#breadcrumb"},"inLanguage":"pt-BR","potentialAction":[{"@type":"ReadAction","target":["https:\/\/www.gaveanews.com\/index.php\/2025\/03\/10\/com-moral-atletico-mg-atinge-marca-expressiva-entre-clubes-da-serie-a\/"]}]},{"@type":"ImageObject","inLanguage":"pt-BR","@id":"https:\/\/www.gaveanews.com\/index.php\/2025\/03\/10\/com-moral-atletico-mg-atinge-marca-expressiva-entre-clubes-da-serie-a\/#primaryimage","url":"https:\/\/www.gaveanews.com\/wp-content\/uploads\/Guilherme-Arana-pelo-Atletico-MG.webp","contentUrl":"https:\/\/www.gaveanews.com\/wp-content\/uploads\/Guilherme-Arana-pelo-Atletico-MG.webp","width":721,"height":535,"caption":"Guilherme Arana pelo Atl\u00e9tico-MG (Foto: Pedro Souza\/Atl\u00e9tico-MG)"},{"@type":"BreadcrumbList","@id":"https:\/\/www.gaveanews.com\/index.php\/2025\/03\/10\/com-moral-atletico-mg-atinge-marca-expressiva-entre-clubes-da-serie-a\/#breadcrumb","itemListElement":[{"@type":"ListItem","position":1,"name":"Home","item":"https:\/\/www.gaveanews.com\/"},{"@type":"ListItem","position":2,"name":"Com moral! Atl\u00e9tico-MG atinge marca expressiva entre clubes da S\u00e9rie A"}]},{"@type":"WebSite","@id":"https:\/\/www.gaveanews.com\/#website","url":"https:\/\/www.gaveanews.com\/","name":"G\u00e1vea News","description":"Veja todas as not\u00edcias sobre o Flamengo: Contrata\u00e7\u00f5es, categorias de base, resultados das partidas, tabela de classifica\u00e7\u00e3o, pr\u00f3ximos jogos!","potentialAction":[{"@type":"SearchAction","target":{"@type":"EntryPoint","urlTemplate":"https:\/\/www.gaveanews.com\/?s={search_term_string}"},"query-input":{"@type":"PropertyValueSpecification","valueRequired":true,"valueName":"search_term_string"}}],"inLanguage":"pt-BR"},{"@type":"Person","@id":"https:\/\/www.gaveanews.com\/#\/schema\/person\/0277a79a1289c451c281ec0411d84f0c","name":"Andr\u00e9 Serra","image":{"@type":"ImageObject","inLanguage":"pt-BR","@id":"https:\/\/www.gaveanews.com\/#\/schema\/person\/image\/","url":"https:\/\/secure.gravatar.com\/avatar\/d7231369fe48db93292b3e88eb2162dbd9a34a47a8437d9ef3bcaca2a86a83d7?s=96&d=mm&r=g","contentUrl":"https:\/\/secure.gravatar.com\/avatar\/d7231369fe48db93292b3e88eb2162dbd9a34a47a8437d9ef3bcaca2a86a83d7?s=96&d=mm&r=g","caption":"Andr\u00e9 Serra"}}]}},"_links":{"self":[{"href":"https:\/\/www.gaveanews.com\/index.php\/wp-json\/wp\/v2\/posts\/238179","targetHints":{"allow":["GET"]}}],"collection":[{"href":"https:\/\/www.gaveanews.com\/index.php\/wp-json\/wp\/v2\/posts"}],"about":[{"href":"https:\/\/www.gaveanews.com\/index.php\/wp-json\/wp\/v2\/types\/post"}],"author":[{"embeddable":true,"href":"https:\/\/www.gaveanews.com\/index.php\/wp-json\/wp\/v2\/users\/21"}],"replies":[{"embeddable":true,"href":"https:\/\/www.gaveanews.com\/index.php\/wp-json\/wp\/v2\/comments?post=238179"}],"version-history":[{"count":1,"href":"https:\/\/www.gaveanews.com\/index.php\/wp-json\/wp\/v2\/posts\/238179\/revisions"}],"predecessor-version":[{"id":238180,"href":"https:\/\/www.gaveanews.com\/index.php\/wp-json\/wp\/v2\/posts\/238179\/revisions\/238180"}],"wp:featuredmedia":[{"embeddable":true,"href":"https:\/\/www.gaveanews.com\/index.php\/wp-json\/wp\/v2\/media\/168221"}],"wp:attachment":[{"href":"https:\/\/www.gaveanews.com\/index.php\/wp-json\/wp\/v2\/media?parent=238179"}],"wp:term":[{"taxonomy":"category","embeddable":true,"href":"https:\/\/www.gaveanews.com\/index.php\/wp-json\/wp\/v2\/categories?post=238179"},{"taxonomy":"post_tag","embeddable":true,"href":"https:\/\/www.gaveanews.com\/index.php\/wp-json\/wp\/v2\/tags?post=238179"}],"curies":[{"name":"wp","href":"https:\/\/api.w.org\/{rel}","templated":true}]}}