{"id":238181,"date":"2025-03-11T00:05:00","date_gmt":"2025-03-11T03:05:00","guid":{"rendered":"https:\/\/www.gaveanews.com\/?p=238181"},"modified":"2025-03-10T23:11:17","modified_gmt":"2025-03-11T02:11:17","slug":"real-madrid-a-declaracao-de-carlo-ancelotti-apos-vaias","status":"publish","type":"post","link":"https:\/\/www.gaveanews.com\/index.php\/2025\/03\/11\/real-madrid-a-declaracao-de-carlo-ancelotti-apos-vaias\/","title":{"rendered":"Real Madrid: a declara\u00e7\u00e3o de Carlo Ancelotti ap\u00f3s vaias"},"content":{"rendered":"\n<h2 class=\"wp-block-heading\" id=\"h-o-que-temos-de-fazer-e-evitar-problemas-falou-o-treinador\">&#8220;O que temos de fazer \u00e9 evitar problemas&#8221;, falou o treinador<\/h2>\n\n\n\n<p>No \u00faltimo domingo (9), o Real Madrid venceu o Rayo Vallecano por 2 a 1, com gols de Vini Jr e Mbapp\u00e9. Apesar do triunfo, a equipe acabou sendo vaiada pela equipe por ter recuado nos minutos finais da partida para segurar o placar. <\/p>\n\n\n\n<p>O t\u00e9cnico Carlo Ancelotti, no entanto, elogiou a atitude da equipe e considerou normal a queda de rendimento ao tentar segurar o placar, especialmente em uma partida no meio dos confrontos das oitavas de final da Champions League.<\/p>\n\n\n\n<p>&#8220;Entendo que as pessoas n\u00e3o tenham gostado, mas quando voc\u00ea tem 2 a 1 no placar, aos 30 do segundo tempo, o que temos de fazer \u00e9 evitar problemas e nos defender bem&#8221;, afirmou o italiano na entrevista coletiva ap\u00f3s o jogo do \u00faltimo domingo.<\/p>\n\n\n\n<p>A atitude de recuar no duelo diante do Rayo Vallecano pode ser uma prepara\u00e7\u00e3o e uma proje\u00e7\u00e3o para o confronto contra o Atl\u00e9tico de Madrid pela Champions, que acontece nesta quarta-feira (12) no Metropolitano. Na ida, o clube merengue venceu por 1 a 0 e agora dever\u00e1 sofrer uma press\u00e3o dos donos da casa. <\/p>\n\n\n\n<p>Na entrevista coletiva, Carlo Ancelotti falou sobre outras equipes que tamb\u00e9m disputam a Champions League. O treinador comentou sobre as dificuldades dos outros times em suas ligas nacionais no \u00faltimo fim de semana. <\/p>\n\n\n\n<p>&#8220;Devemos levar em conta que muitas equipes que jogaram a Champions essa semana sofreram (no fim de semana). A Inter de Mil\u00e3o sofreu contra o Monza (venceu de virada por 3 a 2 no Italiano), o Liverpool sofreu contra o Southampton (venceu de virada por 3 a 1 no Ingl\u00eas), o Bayer Leverkusen perdeu, o Bayern de Munique tamb\u00e9m. \u00c9 muito complicado preparar esses jogos, ainda mais contra times que est\u00e3o bem, que lutam e jogam com intensidade, como o Rayo Vallecano&#8221;, falou o treinador. <\/p>\n\n\n\n<p>O treinador do Real Madrid ainda enfrenta dificuldades com les\u00f5es no elenco. No domingo, ele n\u00e3o contou com o zagueiro R\u00fcdiger, que estava gripado, nem com o goleiro Courtois, que se recupera de uma les\u00e3o. J\u00e1 o atacante Kylian Mbapp\u00e9, que perdeu alguns treinos devido a um problema dent\u00e1rio, foi substitu\u00eddo aos 35 minutos do segundo tempo. O franc\u00eas marcou o primeiro gol da partida e, durante a comemora\u00e7\u00e3o, pareceu desabafar. Embora n\u00e3o tenha se destacado tanto no jogo, Ancelotti afirmou que a substitui\u00e7\u00e3o n\u00e3o foi por conta da sua performance, mas sim devido \u00e0s circunst\u00e2ncias da partida.<\/p>\n\n\n\n<p>&#8220;Quando considero que \u00e9 para defender, eu tiro os atacantes, e n\u00e3o vejo nenhum problema nisso. Tirei Mbapp\u00e9 alguns minutos, como j\u00e1 fiz com o Rodrygo, e o descanso ser\u00e1 bom para ele pensando no jogo de quarta&#8221;, finalizou Carlo Ancelotti. <\/p>\n","protected":false},"excerpt":{"rendered":"<p>&#8220;O que temos de fazer \u00e9 evitar problemas&#8221;, falou o treinador No \u00faltimo domingo (9), o Real Madrid venceu o Rayo Vallecano por 2 a 1, com gols de Vini Jr e Mbapp\u00e9. Apesar do triunfo, a equipe acabou sendo vaiada pela equipe por ter recuado nos minutos finais da partida para segurar o placar. [&hellip;]<\/p>\n","protected":false},"author":21,"featured_media":119629,"comment_status":"open","ping_status":"closed","sticky":false,"template":"","format":"standard","meta":{"footnotes":""},"categories":[88],"tags":[],"class_list":["post-238181","post","type-post","status-publish","format-standard","has-post-thumbnail","hentry","category-real-madrid"],"yoast_head":"<!-- This site is optimized with the Yoast SEO Premium plugin v24.2 (Yoast SEO v26.9) - https:\/\/yoast.com\/product\/yoast-seo-premium-wordpress\/ -->\n<title>Real Madrid: a declara\u00e7\u00e3o de Carlo Ancelotti ap\u00f3s vaias<\/title>\n<meta name=\"robots\" content=\"index, follow, max-snippet:-1, max-image-preview:large, max-video-preview:-1\" \/>\n<link rel=\"canonical\" href=\"https:\/\/www.gaveanews.com\/index.php\/2025\/03\/11\/real-madrid-a-declaracao-de-carlo-ancelotti-apos-vaias\/\" \/>\n<meta property=\"og:locale\" content=\"pt_BR\" \/>\n<meta property=\"og:type\" content=\"article\" \/>\n<meta property=\"og:title\" content=\"Real Madrid: a declara\u00e7\u00e3o de Carlo Ancelotti ap\u00f3s vaias\" \/>\n<meta property=\"og:description\" content=\"&#8220;O que temos de fazer \u00e9 evitar problemas&#8221;, falou o treinador No \u00faltimo domingo (9), o Real Madrid venceu o Rayo Vallecano por 2 a 1, com gols de Vini Jr e Mbapp\u00e9. Apesar do triunfo, a equipe acabou sendo vaiada pela equipe por ter recuado nos minutos finais da partida para segurar o placar. [&hellip;]\" \/>\n<meta property=\"og:url\" content=\"https:\/\/www.gaveanews.com\/index.php\/2025\/03\/11\/real-madrid-a-declaracao-de-carlo-ancelotti-apos-vaias\/\" \/>\n<meta property=\"og:site_name\" content=\"G\u00e1vea News\" \/>\n<meta property=\"article:publisher\" content=\"https:\/\/facebook.com\/gaveaNews\/\" \/>\n<meta property=\"article:published_time\" content=\"2025-03-11T03:05:00+00:00\" \/>\n<meta property=\"og:image\" content=\"https:\/\/www.gaveanews.com\/wp-content\/uploads\/2023-04-29t184531z-1598421574-up1ej4t1g3tth-rtrmadp-3-soccer-spain-mad-uda-report.webp\" \/>\n\t<meta property=\"og:image:width\" content=\"984\" \/>\n\t<meta property=\"og:image:height\" content=\"678\" \/>\n\t<meta property=\"og:image:type\" content=\"image\/webp\" \/>\n<meta name=\"author\" content=\"Andr\u00e9 Serra\" \/>\n<meta name=\"twitter:card\" content=\"summary_large_image\" \/>\n<meta name=\"twitter:label1\" content=\"Escrito por\" \/>\n\t<meta name=\"twitter:data1\" content=\"Andr\u00e9 Serra\" \/>\n\t<meta name=\"twitter:label2\" content=\"Est. tempo de leitura\" \/>\n\t<meta name=\"twitter:data2\" content=\"3 minutos\" \/>\n<script type=\"application\/ld+json\" class=\"yoast-schema-graph\">{\"@context\":\"https:\/\/schema.org\",\"@graph\":[{\"@type\":\"NewsArticle\",\"@id\":\"https:\/\/www.gaveanews.com\/index.php\/2025\/03\/11\/real-madrid-a-declaracao-de-carlo-ancelotti-apos-vaias\/#article\",\"isPartOf\":{\"@id\":\"https:\/\/www.gaveanews.com\/index.php\/2025\/03\/11\/real-madrid-a-declaracao-de-carlo-ancelotti-apos-vaias\/\"},\"author\":{\"name\":\"Andr\u00e9 Serra\",\"@id\":\"https:\/\/www.gaveanews.com\/#\/schema\/person\/0277a79a1289c451c281ec0411d84f0c\"},\"headline\":\"Real Madrid: a declara\u00e7\u00e3o de Carlo Ancelotti ap\u00f3s vaias\",\"datePublished\":\"2025-03-11T03:05:00+00:00\",\"mainEntityOfPage\":{\"@id\":\"https:\/\/www.gaveanews.com\/index.php\/2025\/03\/11\/real-madrid-a-declaracao-de-carlo-ancelotti-apos-vaias\/\"},\"wordCount\":467,\"commentCount\":0,\"image\":{\"@id\":\"https:\/\/www.gaveanews.com\/index.php\/2025\/03\/11\/real-madrid-a-declaracao-de-carlo-ancelotti-apos-vaias\/#primaryimage\"},\"thumbnailUrl\":\"https:\/\/www.gaveanews.com\/wp-content\/uploads\/2023-04-29t184531z-1598421574-up1ej4t1g3tth-rtrmadp-3-soccer-spain-mad-uda-report.webp\",\"articleSection\":[\"Real Madrid\"],\"inLanguage\":\"pt-BR\",\"potentialAction\":[{\"@type\":\"CommentAction\",\"name\":\"Comment\",\"target\":[\"https:\/\/www.gaveanews.com\/index.php\/2025\/03\/11\/real-madrid-a-declaracao-de-carlo-ancelotti-apos-vaias\/#respond\"]}],\"copyrightYear\":\"2025\",\"copyrightHolder\":{\"@id\":\"https:\/\/www.gaveanews.com\/#organization\"}},{\"@type\":\"WebPage\",\"@id\":\"https:\/\/www.gaveanews.com\/index.php\/2025\/03\/11\/real-madrid-a-declaracao-de-carlo-ancelotti-apos-vaias\/\",\"url\":\"https:\/\/www.gaveanews.com\/index.php\/2025\/03\/11\/real-madrid-a-declaracao-de-carlo-ancelotti-apos-vaias\/\",\"name\":\"Real Madrid: a declara\u00e7\u00e3o de Carlo Ancelotti ap\u00f3s vaias\",\"isPartOf\":{\"@id\":\"https:\/\/www.gaveanews.com\/#website\"},\"primaryImageOfPage\":{\"@id\":\"https:\/\/www.gaveanews.com\/index.php\/2025\/03\/11\/real-madrid-a-declaracao-de-carlo-ancelotti-apos-vaias\/#primaryimage\"},\"image\":{\"@id\":\"https:\/\/www.gaveanews.com\/index.php\/2025\/03\/11\/real-madrid-a-declaracao-de-carlo-ancelotti-apos-vaias\/#primaryimage\"},\"thumbnailUrl\":\"https:\/\/www.gaveanews.com\/wp-content\/uploads\/2023-04-29t184531z-1598421574-up1ej4t1g3tth-rtrmadp-3-soccer-spain-mad-uda-report.webp\",\"datePublished\":\"2025-03-11T03:05:00+00:00\",\"author\":{\"@id\":\"https:\/\/www.gaveanews.com\/#\/schema\/person\/0277a79a1289c451c281ec0411d84f0c\"},\"breadcrumb\":{\"@id\":\"https:\/\/www.gaveanews.com\/index.php\/2025\/03\/11\/real-madrid-a-declaracao-de-carlo-ancelotti-apos-vaias\/#breadcrumb\"},\"inLanguage\":\"pt-BR\",\"potentialAction\":[{\"@type\":\"ReadAction\",\"target\":[\"https:\/\/www.gaveanews.com\/index.php\/2025\/03\/11\/real-madrid-a-declaracao-de-carlo-ancelotti-apos-vaias\/\"]}]},{\"@type\":\"ImageObject\",\"inLanguage\":\"pt-BR\",\"@id\":\"https:\/\/www.gaveanews.com\/index.php\/2025\/03\/11\/real-madrid-a-declaracao-de-carlo-ancelotti-apos-vaias\/#primaryimage\",\"url\":\"https:\/\/www.gaveanews.com\/wp-content\/uploads\/2023-04-29t184531z-1598421574-up1ej4t1g3tth-rtrmadp-3-soccer-spain-mad-uda-report.webp\",\"contentUrl\":\"https:\/\/www.gaveanews.com\/wp-content\/uploads\/2023-04-29t184531z-1598421574-up1ej4t1g3tth-rtrmadp-3-soccer-spain-mad-uda-report.webp\",\"width\":984,\"height\":678,\"caption\":\"Carlo Ancelotti, t\u00e9cnico do Real Madrid (Foto: Reuters)\"},{\"@type\":\"BreadcrumbList\",\"@id\":\"https:\/\/www.gaveanews.com\/index.php\/2025\/03\/11\/real-madrid-a-declaracao-de-carlo-ancelotti-apos-vaias\/#breadcrumb\",\"itemListElement\":[{\"@type\":\"ListItem\",\"position\":1,\"name\":\"Home\",\"item\":\"https:\/\/www.gaveanews.com\/\"},{\"@type\":\"ListItem\",\"position\":2,\"name\":\"Real Madrid: a declara\u00e7\u00e3o de Carlo Ancelotti ap\u00f3s vaias\"}]},{\"@type\":\"WebSite\",\"@id\":\"https:\/\/www.gaveanews.com\/#website\",\"url\":\"https:\/\/www.gaveanews.com\/\",\"name\":\"G\u00e1vea News\",\"description\":\"Veja todas as not\u00edcias sobre o Flamengo: Contrata\u00e7\u00f5es, categorias de base, resultados das partidas, tabela de classifica\u00e7\u00e3o, pr\u00f3ximos jogos!\",\"potentialAction\":[{\"@type\":\"SearchAction\",\"target\":{\"@type\":\"EntryPoint\",\"urlTemplate\":\"https:\/\/www.gaveanews.com\/?s={search_term_string}\"},\"query-input\":{\"@type\":\"PropertyValueSpecification\",\"valueRequired\":true,\"valueName\":\"search_term_string\"}}],\"inLanguage\":\"pt-BR\"},{\"@type\":\"Person\",\"@id\":\"https:\/\/www.gaveanews.com\/#\/schema\/person\/0277a79a1289c451c281ec0411d84f0c\",\"name\":\"Andr\u00e9 Serra\",\"image\":{\"@type\":\"ImageObject\",\"inLanguage\":\"pt-BR\",\"@id\":\"https:\/\/www.gaveanews.com\/#\/schema\/person\/image\/\",\"url\":\"https:\/\/secure.gravatar.com\/avatar\/d7231369fe48db93292b3e88eb2162dbd9a34a47a8437d9ef3bcaca2a86a83d7?s=96&d=mm&r=g\",\"contentUrl\":\"https:\/\/secure.gravatar.com\/avatar\/d7231369fe48db93292b3e88eb2162dbd9a34a47a8437d9ef3bcaca2a86a83d7?s=96&d=mm&r=g\",\"caption\":\"Andr\u00e9 Serra\"}}]}<\/script>\n<!-- \/ Yoast SEO Premium plugin. -->","yoast_head_json":{"title":"Real Madrid: a declara\u00e7\u00e3o de Carlo Ancelotti ap\u00f3s vaias","robots":{"index":"index","follow":"follow","max-snippet":"max-snippet:-1","max-image-preview":"max-image-preview:large","max-video-preview":"max-video-preview:-1"},"canonical":"https:\/\/www.gaveanews.com\/index.php\/2025\/03\/11\/real-madrid-a-declaracao-de-carlo-ancelotti-apos-vaias\/","og_locale":"pt_BR","og_type":"article","og_title":"Real Madrid: a declara\u00e7\u00e3o de Carlo Ancelotti ap\u00f3s vaias","og_description":"&#8220;O que temos de fazer \u00e9 evitar problemas&#8221;, falou o treinador No \u00faltimo domingo (9), o Real Madrid venceu o Rayo Vallecano por 2 a 1, com gols de Vini Jr e Mbapp\u00e9. Apesar do triunfo, a equipe acabou sendo vaiada pela equipe por ter recuado nos minutos finais da partida para segurar o placar. [&hellip;]","og_url":"https:\/\/www.gaveanews.com\/index.php\/2025\/03\/11\/real-madrid-a-declaracao-de-carlo-ancelotti-apos-vaias\/","og_site_name":"G\u00e1vea News","article_publisher":"https:\/\/facebook.com\/gaveaNews\/","article_published_time":"2025-03-11T03:05:00+00:00","og_image":[{"width":984,"height":678,"url":"https:\/\/www.gaveanews.com\/wp-content\/uploads\/2023-04-29t184531z-1598421574-up1ej4t1g3tth-rtrmadp-3-soccer-spain-mad-uda-report.webp","type":"image\/webp"}],"author":"Andr\u00e9 Serra","twitter_card":"summary_large_image","twitter_misc":{"Escrito por":"Andr\u00e9 Serra","Est. tempo de leitura":"3 minutos"},"schema":{"@context":"https:\/\/schema.org","@graph":[{"@type":"NewsArticle","@id":"https:\/\/www.gaveanews.com\/index.php\/2025\/03\/11\/real-madrid-a-declaracao-de-carlo-ancelotti-apos-vaias\/#article","isPartOf":{"@id":"https:\/\/www.gaveanews.com\/index.php\/2025\/03\/11\/real-madrid-a-declaracao-de-carlo-ancelotti-apos-vaias\/"},"author":{"name":"Andr\u00e9 Serra","@id":"https:\/\/www.gaveanews.com\/#\/schema\/person\/0277a79a1289c451c281ec0411d84f0c"},"headline":"Real Madrid: a declara\u00e7\u00e3o de Carlo Ancelotti ap\u00f3s vaias","datePublished":"2025-03-11T03:05:00+00:00","mainEntityOfPage":{"@id":"https:\/\/www.gaveanews.com\/index.php\/2025\/03\/11\/real-madrid-a-declaracao-de-carlo-ancelotti-apos-vaias\/"},"wordCount":467,"commentCount":0,"image":{"@id":"https:\/\/www.gaveanews.com\/index.php\/2025\/03\/11\/real-madrid-a-declaracao-de-carlo-ancelotti-apos-vaias\/#primaryimage"},"thumbnailUrl":"https:\/\/www.gaveanews.com\/wp-content\/uploads\/2023-04-29t184531z-1598421574-up1ej4t1g3tth-rtrmadp-3-soccer-spain-mad-uda-report.webp","articleSection":["Real Madrid"],"inLanguage":"pt-BR","potentialAction":[{"@type":"CommentAction","name":"Comment","target":["https:\/\/www.gaveanews.com\/index.php\/2025\/03\/11\/real-madrid-a-declaracao-de-carlo-ancelotti-apos-vaias\/#respond"]}],"copyrightYear":"2025","copyrightHolder":{"@id":"https:\/\/www.gaveanews.com\/#organization"}},{"@type":"WebPage","@id":"https:\/\/www.gaveanews.com\/index.php\/2025\/03\/11\/real-madrid-a-declaracao-de-carlo-ancelotti-apos-vaias\/","url":"https:\/\/www.gaveanews.com\/index.php\/2025\/03\/11\/real-madrid-a-declaracao-de-carlo-ancelotti-apos-vaias\/","name":"Real Madrid: a declara\u00e7\u00e3o de Carlo Ancelotti ap\u00f3s vaias","isPartOf":{"@id":"https:\/\/www.gaveanews.com\/#website"},"primaryImageOfPage":{"@id":"https:\/\/www.gaveanews.com\/index.php\/2025\/03\/11\/real-madrid-a-declaracao-de-carlo-ancelotti-apos-vaias\/#primaryimage"},"image":{"@id":"https:\/\/www.gaveanews.com\/index.php\/2025\/03\/11\/real-madrid-a-declaracao-de-carlo-ancelotti-apos-vaias\/#primaryimage"},"thumbnailUrl":"https:\/\/www.gaveanews.com\/wp-content\/uploads\/2023-04-29t184531z-1598421574-up1ej4t1g3tth-rtrmadp-3-soccer-spain-mad-uda-report.webp","datePublished":"2025-03-11T03:05:00+00:00","author":{"@id":"https:\/\/www.gaveanews.com\/#\/schema\/person\/0277a79a1289c451c281ec0411d84f0c"},"breadcrumb":{"@id":"https:\/\/www.gaveanews.com\/index.php\/2025\/03\/11\/real-madrid-a-declaracao-de-carlo-ancelotti-apos-vaias\/#breadcrumb"},"inLanguage":"pt-BR","potentialAction":[{"@type":"ReadAction","target":["https:\/\/www.gaveanews.com\/index.php\/2025\/03\/11\/real-madrid-a-declaracao-de-carlo-ancelotti-apos-vaias\/"]}]},{"@type":"ImageObject","inLanguage":"pt-BR","@id":"https:\/\/www.gaveanews.com\/index.php\/2025\/03\/11\/real-madrid-a-declaracao-de-carlo-ancelotti-apos-vaias\/#primaryimage","url":"https:\/\/www.gaveanews.com\/wp-content\/uploads\/2023-04-29t184531z-1598421574-up1ej4t1g3tth-rtrmadp-3-soccer-spain-mad-uda-report.webp","contentUrl":"https:\/\/www.gaveanews.com\/wp-content\/uploads\/2023-04-29t184531z-1598421574-up1ej4t1g3tth-rtrmadp-3-soccer-spain-mad-uda-report.webp","width":984,"height":678,"caption":"Carlo Ancelotti, t\u00e9cnico do Real Madrid (Foto: Reuters)"},{"@type":"BreadcrumbList","@id":"https:\/\/www.gaveanews.com\/index.php\/2025\/03\/11\/real-madrid-a-declaracao-de-carlo-ancelotti-apos-vaias\/#breadcrumb","itemListElement":[{"@type":"ListItem","position":1,"name":"Home","item":"https:\/\/www.gaveanews.com\/"},{"@type":"ListItem","position":2,"name":"Real Madrid: a declara\u00e7\u00e3o de Carlo Ancelotti ap\u00f3s vaias"}]},{"@type":"WebSite","@id":"https:\/\/www.gaveanews.com\/#website","url":"https:\/\/www.gaveanews.com\/","name":"G\u00e1vea News","description":"Veja todas as not\u00edcias sobre o Flamengo: Contrata\u00e7\u00f5es, categorias de base, resultados das partidas, tabela de classifica\u00e7\u00e3o, pr\u00f3ximos jogos!","potentialAction":[{"@type":"SearchAction","target":{"@type":"EntryPoint","urlTemplate":"https:\/\/www.gaveanews.com\/?s={search_term_string}"},"query-input":{"@type":"PropertyValueSpecification","valueRequired":true,"valueName":"search_term_string"}}],"inLanguage":"pt-BR"},{"@type":"Person","@id":"https:\/\/www.gaveanews.com\/#\/schema\/person\/0277a79a1289c451c281ec0411d84f0c","name":"Andr\u00e9 Serra","image":{"@type":"ImageObject","inLanguage":"pt-BR","@id":"https:\/\/www.gaveanews.com\/#\/schema\/person\/image\/","url":"https:\/\/secure.gravatar.com\/avatar\/d7231369fe48db93292b3e88eb2162dbd9a34a47a8437d9ef3bcaca2a86a83d7?s=96&d=mm&r=g","contentUrl":"https:\/\/secure.gravatar.com\/avatar\/d7231369fe48db93292b3e88eb2162dbd9a34a47a8437d9ef3bcaca2a86a83d7?s=96&d=mm&r=g","caption":"Andr\u00e9 Serra"}}]}},"_links":{"self":[{"href":"https:\/\/www.gaveanews.com\/index.php\/wp-json\/wp\/v2\/posts\/238181","targetHints":{"allow":["GET"]}}],"collection":[{"href":"https:\/\/www.gaveanews.com\/index.php\/wp-json\/wp\/v2\/posts"}],"about":[{"href":"https:\/\/www.gaveanews.com\/index.php\/wp-json\/wp\/v2\/types\/post"}],"author":[{"embeddable":true,"href":"https:\/\/www.gaveanews.com\/index.php\/wp-json\/wp\/v2\/users\/21"}],"replies":[{"embeddable":true,"href":"https:\/\/www.gaveanews.com\/index.php\/wp-json\/wp\/v2\/comments?post=238181"}],"version-history":[{"count":2,"href":"https:\/\/www.gaveanews.com\/index.php\/wp-json\/wp\/v2\/posts\/238181\/revisions"}],"predecessor-version":[{"id":238191,"href":"https:\/\/www.gaveanews.com\/index.php\/wp-json\/wp\/v2\/posts\/238181\/revisions\/238191"}],"wp:featuredmedia":[{"embeddable":true,"href":"https:\/\/www.gaveanews.com\/index.php\/wp-json\/wp\/v2\/media\/119629"}],"wp:attachment":[{"href":"https:\/\/www.gaveanews.com\/index.php\/wp-json\/wp\/v2\/media?parent=238181"}],"wp:term":[{"taxonomy":"category","embeddable":true,"href":"https:\/\/www.gaveanews.com\/index.php\/wp-json\/wp\/v2\/categories?post=238181"},{"taxonomy":"post_tag","embeddable":true,"href":"https:\/\/www.gaveanews.com\/index.php\/wp-json\/wp\/v2\/tags?post=238181"}],"curies":[{"name":"wp","href":"https:\/\/api.w.org\/{rel}","templated":true}]}}