{"id":238201,"date":"2025-03-10T22:40:00","date_gmt":"2025-03-11T01:40:00","guid":{"rendered":"https:\/\/www.gaveanews.com\/?p=238201"},"modified":"2025-03-10T19:52:22","modified_gmt":"2025-03-10T22:52:22","slug":"acabou-o-amor-torcida-do-santos-cobra-saida-de-dois-jogadores","status":"publish","type":"post","link":"https:\/\/www.gaveanews.com\/index.php\/2025\/03\/10\/acabou-o-amor-torcida-do-santos-cobra-saida-de-dois-jogadores\/","title":{"rendered":"Acabou o amor! Torcida do Santos cobra sa\u00edda de dois jogadores"},"content":{"rendered":"\n<p>A elimina\u00e7\u00e3o do Santos na semifinal do Campeonato Paulista, ap\u00f3s a derrota por 2 a 1 para o Corinthians, gerou uma grande insatisfa\u00e7\u00e3o entre os torcedores. A aus\u00eancia de Neymar, que sentiu uma les\u00e3o muscular e n\u00e3o p\u00f4de atuar, foi um dos principais fatores que aumentaram as cr\u00edticas da torcida. Al\u00e9m disso, o desempenho da equipe na partida foi considerado abaixo do esperado.<\/p>\n\n\n\n<p>Entre as principais cobran\u00e7as dos torcedores, est\u00e1 a sa\u00edda do t\u00e9cnico Pedro Caixinha. O treinador portugu\u00eas foi muito criticado por suas escolhas na escala\u00e7\u00e3o e substitui\u00e7\u00f5es durante o cl\u00e1ssico. A insatisfa\u00e7\u00e3o n\u00e3o se limita apenas \u00e0 comiss\u00e3o t\u00e9cnica, j\u00e1 que os jogadores Jo\u00e3o Basso e Leonardo Godoy tamb\u00e9m foram apontados como nomes que deveriam deixar o clube, por n\u00e3o atenderem \u00e0s expectativas do torcedor santista.<\/p>\n\n\n\n<p>A press\u00e3o pela sa\u00edda de Caixinha aumentou ainda mais ap\u00f3s declara\u00e7\u00f5es do ex-jogador e apresentador Neto. Durante seu programa na televis\u00e3o, ele afirmou que a demiss\u00e3o do treinador \u00e9 quest\u00e3o de tempo e indicou Tite como o favorito para assumir o comando da equipe. &#8220;O Caixinha n\u00e3o aguenta esses 30 dias de f\u00e9rias. Esquece&#8221;, disse Neto, refor\u00e7ando a insatisfa\u00e7\u00e3o geral com o trabalho do portugu\u00eas.<\/p>\n\n\n\n<p>Apesar da forte press\u00e3o, a diretoria do Santos, liderada pelo presidente Marcelo Teixeira, ainda mant\u00e9m o respaldo a Caixinha. O treinador tem contrato com o clube at\u00e9 dezembro de 2026, e o CEO Pedro Martins, respons\u00e1vel pela sua contrata\u00e7\u00e3o, tamb\u00e9m n\u00e3o deu sinais de uma poss\u00edvel mudan\u00e7a imediata no comando t\u00e9cnico.<\/p>\n\n\n\n<p>O Santos agora volta suas aten\u00e7\u00f5es para a sequ\u00eancia da temporada. O time s\u00f3 entra em campo novamente no dia 30 de mar\u00e7o, quando enfrenta o Vasco pelo Campeonato Brasileiro. Al\u00e9m disso, a equipe aguarda a defini\u00e7\u00e3o de seu advers\u00e1rio na terceira fase da Copa do Brasil, torneio no qual estreia devido ao t\u00edtulo da S\u00e9rie B conquistado em 2024.<\/p>\n\n\n\n<p>Com um per\u00edodo sem jogos oficiais, a torcida espera que mudan\u00e7as significativas aconte\u00e7am antes da retomada das competi\u00e7\u00f5es. A perman\u00eancia de Caixinha e de alguns jogadores segue como uma das grandes incertezas no ambiente santista.<\/p>\n","protected":false},"excerpt":{"rendered":"<p>A elimina\u00e7\u00e3o do Santos na semifinal do Campeonato Paulista, ap\u00f3s a derrota por 2 a 1 para o Corinthians, gerou uma grande insatisfa\u00e7\u00e3o entre os torcedores. A aus\u00eancia de Neymar, que sentiu uma les\u00e3o muscular e n\u00e3o p\u00f4de atuar, foi um dos principais fatores que aumentaram as cr\u00edticas da torcida. Al\u00e9m disso, o desempenho da [&hellip;]<\/p>\n","protected":false},"author":18,"featured_media":165619,"comment_status":"open","ping_status":"closed","sticky":false,"template":"","format":"standard","meta":{"footnotes":""},"categories":[139],"tags":[],"class_list":["post-238201","post","type-post","status-publish","format-standard","has-post-thumbnail","hentry","category-santos"],"yoast_head":"<!-- This site is optimized with the Yoast SEO Premium plugin v24.2 (Yoast SEO v26.9) - https:\/\/yoast.com\/product\/yoast-seo-premium-wordpress\/ -->\n<title>Acabou o amor! Torcida do Santos cobra sa\u00edda de dois jogadores<\/title>\n<meta name=\"robots\" content=\"index, follow, max-snippet:-1, max-image-preview:large, max-video-preview:-1\" \/>\n<link rel=\"canonical\" href=\"https:\/\/www.gaveanews.com\/index.php\/2025\/03\/10\/acabou-o-amor-torcida-do-santos-cobra-saida-de-dois-jogadores\/\" \/>\n<meta property=\"og:locale\" content=\"pt_BR\" \/>\n<meta property=\"og:type\" content=\"article\" \/>\n<meta property=\"og:title\" content=\"Acabou o amor! Torcida do Santos cobra sa\u00edda de dois jogadores\" \/>\n<meta property=\"og:description\" content=\"A elimina\u00e7\u00e3o do Santos na semifinal do Campeonato Paulista, ap\u00f3s a derrota por 2 a 1 para o Corinthians, gerou uma grande insatisfa\u00e7\u00e3o entre os torcedores. A aus\u00eancia de Neymar, que sentiu uma les\u00e3o muscular e n\u00e3o p\u00f4de atuar, foi um dos principais fatores que aumentaram as cr\u00edticas da torcida. Al\u00e9m disso, o desempenho da [&hellip;]\" \/>\n<meta property=\"og:url\" content=\"https:\/\/www.gaveanews.com\/index.php\/2025\/03\/10\/acabou-o-amor-torcida-do-santos-cobra-saida-de-dois-jogadores\/\" \/>\n<meta property=\"og:site_name\" content=\"G\u00e1vea News\" \/>\n<meta property=\"article:publisher\" content=\"https:\/\/facebook.com\/gaveaNews\/\" \/>\n<meta property=\"article:published_time\" content=\"2025-03-11T01:40:00+00:00\" \/>\n<meta property=\"og:image\" content=\"https:\/\/www.gaveanews.com\/wp-content\/uploads\/Escudo-do-Santos-2.webp\" \/>\n\t<meta property=\"og:image:width\" content=\"1424\" \/>\n\t<meta property=\"og:image:height\" content=\"949\" \/>\n\t<meta property=\"og:image:type\" content=\"image\/webp\" \/>\n<meta name=\"author\" content=\"Paula Silva\" \/>\n<meta name=\"twitter:card\" content=\"summary_large_image\" \/>\n<meta name=\"twitter:label1\" content=\"Escrito por\" \/>\n\t<meta name=\"twitter:data1\" content=\"Paula Silva\" \/>\n\t<meta name=\"twitter:label2\" content=\"Est. tempo de leitura\" \/>\n\t<meta name=\"twitter:data2\" content=\"3 minutos\" \/>\n<script type=\"application\/ld+json\" class=\"yoast-schema-graph\">{\"@context\":\"https:\/\/schema.org\",\"@graph\":[{\"@type\":\"NewsArticle\",\"@id\":\"https:\/\/www.gaveanews.com\/index.php\/2025\/03\/10\/acabou-o-amor-torcida-do-santos-cobra-saida-de-dois-jogadores\/#article\",\"isPartOf\":{\"@id\":\"https:\/\/www.gaveanews.com\/index.php\/2025\/03\/10\/acabou-o-amor-torcida-do-santos-cobra-saida-de-dois-jogadores\/\"},\"author\":{\"name\":\"Paula Silva\",\"@id\":\"https:\/\/www.gaveanews.com\/#\/schema\/person\/daf63eec72e1164eb13dc35096c2b8da\"},\"headline\":\"Acabou o amor! Torcida do Santos cobra sa\u00edda de dois jogadores\",\"datePublished\":\"2025-03-11T01:40:00+00:00\",\"mainEntityOfPage\":{\"@id\":\"https:\/\/www.gaveanews.com\/index.php\/2025\/03\/10\/acabou-o-amor-torcida-do-santos-cobra-saida-de-dois-jogadores\/\"},\"wordCount\":400,\"commentCount\":0,\"image\":{\"@id\":\"https:\/\/www.gaveanews.com\/index.php\/2025\/03\/10\/acabou-o-amor-torcida-do-santos-cobra-saida-de-dois-jogadores\/#primaryimage\"},\"thumbnailUrl\":\"https:\/\/www.gaveanews.com\/wp-content\/uploads\/Escudo-do-Santos-2.webp\",\"articleSection\":[\"Santos\"],\"inLanguage\":\"pt-BR\",\"potentialAction\":[{\"@type\":\"CommentAction\",\"name\":\"Comment\",\"target\":[\"https:\/\/www.gaveanews.com\/index.php\/2025\/03\/10\/acabou-o-amor-torcida-do-santos-cobra-saida-de-dois-jogadores\/#respond\"]}],\"copyrightYear\":\"2025\",\"copyrightHolder\":{\"@id\":\"https:\/\/www.gaveanews.com\/#organization\"}},{\"@type\":\"WebPage\",\"@id\":\"https:\/\/www.gaveanews.com\/index.php\/2025\/03\/10\/acabou-o-amor-torcida-do-santos-cobra-saida-de-dois-jogadores\/\",\"url\":\"https:\/\/www.gaveanews.com\/index.php\/2025\/03\/10\/acabou-o-amor-torcida-do-santos-cobra-saida-de-dois-jogadores\/\",\"name\":\"Acabou o amor! Torcida do Santos cobra sa\u00edda de dois jogadores\",\"isPartOf\":{\"@id\":\"https:\/\/www.gaveanews.com\/#website\"},\"primaryImageOfPage\":{\"@id\":\"https:\/\/www.gaveanews.com\/index.php\/2025\/03\/10\/acabou-o-amor-torcida-do-santos-cobra-saida-de-dois-jogadores\/#primaryimage\"},\"image\":{\"@id\":\"https:\/\/www.gaveanews.com\/index.php\/2025\/03\/10\/acabou-o-amor-torcida-do-santos-cobra-saida-de-dois-jogadores\/#primaryimage\"},\"thumbnailUrl\":\"https:\/\/www.gaveanews.com\/wp-content\/uploads\/Escudo-do-Santos-2.webp\",\"datePublished\":\"2025-03-11T01:40:00+00:00\",\"author\":{\"@id\":\"https:\/\/www.gaveanews.com\/#\/schema\/person\/daf63eec72e1164eb13dc35096c2b8da\"},\"breadcrumb\":{\"@id\":\"https:\/\/www.gaveanews.com\/index.php\/2025\/03\/10\/acabou-o-amor-torcida-do-santos-cobra-saida-de-dois-jogadores\/#breadcrumb\"},\"inLanguage\":\"pt-BR\",\"potentialAction\":[{\"@type\":\"ReadAction\",\"target\":[\"https:\/\/www.gaveanews.com\/index.php\/2025\/03\/10\/acabou-o-amor-torcida-do-santos-cobra-saida-de-dois-jogadores\/\"]}]},{\"@type\":\"ImageObject\",\"inLanguage\":\"pt-BR\",\"@id\":\"https:\/\/www.gaveanews.com\/index.php\/2025\/03\/10\/acabou-o-amor-torcida-do-santos-cobra-saida-de-dois-jogadores\/#primaryimage\",\"url\":\"https:\/\/www.gaveanews.com\/wp-content\/uploads\/Escudo-do-Santos-2.webp\",\"contentUrl\":\"https:\/\/www.gaveanews.com\/wp-content\/uploads\/Escudo-do-Santos-2.webp\",\"width\":1424,\"height\":949,\"caption\":\"Escudo do Santos (Foto: Raul Baretta\/Santos FC)\"},{\"@type\":\"BreadcrumbList\",\"@id\":\"https:\/\/www.gaveanews.com\/index.php\/2025\/03\/10\/acabou-o-amor-torcida-do-santos-cobra-saida-de-dois-jogadores\/#breadcrumb\",\"itemListElement\":[{\"@type\":\"ListItem\",\"position\":1,\"name\":\"Home\",\"item\":\"https:\/\/www.gaveanews.com\/\"},{\"@type\":\"ListItem\",\"position\":2,\"name\":\"Acabou o amor! Torcida do Santos cobra sa\u00edda de dois jogadores\"}]},{\"@type\":\"WebSite\",\"@id\":\"https:\/\/www.gaveanews.com\/#website\",\"url\":\"https:\/\/www.gaveanews.com\/\",\"name\":\"G\u00e1vea News\",\"description\":\"Veja todas as not\u00edcias sobre o Flamengo: Contrata\u00e7\u00f5es, categorias de base, resultados das partidas, tabela de classifica\u00e7\u00e3o, pr\u00f3ximos jogos!\",\"potentialAction\":[{\"@type\":\"SearchAction\",\"target\":{\"@type\":\"EntryPoint\",\"urlTemplate\":\"https:\/\/www.gaveanews.com\/?s={search_term_string}\"},\"query-input\":{\"@type\":\"PropertyValueSpecification\",\"valueRequired\":true,\"valueName\":\"search_term_string\"}}],\"inLanguage\":\"pt-BR\"},{\"@type\":\"Person\",\"@id\":\"https:\/\/www.gaveanews.com\/#\/schema\/person\/daf63eec72e1164eb13dc35096c2b8da\",\"name\":\"Paula Silva\",\"image\":{\"@type\":\"ImageObject\",\"inLanguage\":\"pt-BR\",\"@id\":\"https:\/\/www.gaveanews.com\/#\/schema\/person\/image\/\",\"url\":\"https:\/\/secure.gravatar.com\/avatar\/eda381c845527cc5d64c13b901833cda29d97500ba040d3e6461f76f51d163bb?s=96&d=mm&r=g\",\"contentUrl\":\"https:\/\/secure.gravatar.com\/avatar\/eda381c845527cc5d64c13b901833cda29d97500ba040d3e6461f76f51d163bb?s=96&d=mm&r=g\",\"caption\":\"Paula Silva\"}}]}<\/script>\n<!-- \/ Yoast SEO Premium plugin. -->","yoast_head_json":{"title":"Acabou o amor! Torcida do Santos cobra sa\u00edda de dois jogadores","robots":{"index":"index","follow":"follow","max-snippet":"max-snippet:-1","max-image-preview":"max-image-preview:large","max-video-preview":"max-video-preview:-1"},"canonical":"https:\/\/www.gaveanews.com\/index.php\/2025\/03\/10\/acabou-o-amor-torcida-do-santos-cobra-saida-de-dois-jogadores\/","og_locale":"pt_BR","og_type":"article","og_title":"Acabou o amor! Torcida do Santos cobra sa\u00edda de dois jogadores","og_description":"A elimina\u00e7\u00e3o do Santos na semifinal do Campeonato Paulista, ap\u00f3s a derrota por 2 a 1 para o Corinthians, gerou uma grande insatisfa\u00e7\u00e3o entre os torcedores. A aus\u00eancia de Neymar, que sentiu uma les\u00e3o muscular e n\u00e3o p\u00f4de atuar, foi um dos principais fatores que aumentaram as cr\u00edticas da torcida. Al\u00e9m disso, o desempenho da [&hellip;]","og_url":"https:\/\/www.gaveanews.com\/index.php\/2025\/03\/10\/acabou-o-amor-torcida-do-santos-cobra-saida-de-dois-jogadores\/","og_site_name":"G\u00e1vea News","article_publisher":"https:\/\/facebook.com\/gaveaNews\/","article_published_time":"2025-03-11T01:40:00+00:00","og_image":[{"width":1424,"height":949,"url":"https:\/\/www.gaveanews.com\/wp-content\/uploads\/Escudo-do-Santos-2.webp","type":"image\/webp"}],"author":"Paula Silva","twitter_card":"summary_large_image","twitter_misc":{"Escrito por":"Paula Silva","Est. tempo de leitura":"3 minutos"},"schema":{"@context":"https:\/\/schema.org","@graph":[{"@type":"NewsArticle","@id":"https:\/\/www.gaveanews.com\/index.php\/2025\/03\/10\/acabou-o-amor-torcida-do-santos-cobra-saida-de-dois-jogadores\/#article","isPartOf":{"@id":"https:\/\/www.gaveanews.com\/index.php\/2025\/03\/10\/acabou-o-amor-torcida-do-santos-cobra-saida-de-dois-jogadores\/"},"author":{"name":"Paula Silva","@id":"https:\/\/www.gaveanews.com\/#\/schema\/person\/daf63eec72e1164eb13dc35096c2b8da"},"headline":"Acabou o amor! Torcida do Santos cobra sa\u00edda de dois jogadores","datePublished":"2025-03-11T01:40:00+00:00","mainEntityOfPage":{"@id":"https:\/\/www.gaveanews.com\/index.php\/2025\/03\/10\/acabou-o-amor-torcida-do-santos-cobra-saida-de-dois-jogadores\/"},"wordCount":400,"commentCount":0,"image":{"@id":"https:\/\/www.gaveanews.com\/index.php\/2025\/03\/10\/acabou-o-amor-torcida-do-santos-cobra-saida-de-dois-jogadores\/#primaryimage"},"thumbnailUrl":"https:\/\/www.gaveanews.com\/wp-content\/uploads\/Escudo-do-Santos-2.webp","articleSection":["Santos"],"inLanguage":"pt-BR","potentialAction":[{"@type":"CommentAction","name":"Comment","target":["https:\/\/www.gaveanews.com\/index.php\/2025\/03\/10\/acabou-o-amor-torcida-do-santos-cobra-saida-de-dois-jogadores\/#respond"]}],"copyrightYear":"2025","copyrightHolder":{"@id":"https:\/\/www.gaveanews.com\/#organization"}},{"@type":"WebPage","@id":"https:\/\/www.gaveanews.com\/index.php\/2025\/03\/10\/acabou-o-amor-torcida-do-santos-cobra-saida-de-dois-jogadores\/","url":"https:\/\/www.gaveanews.com\/index.php\/2025\/03\/10\/acabou-o-amor-torcida-do-santos-cobra-saida-de-dois-jogadores\/","name":"Acabou o amor! Torcida do Santos cobra sa\u00edda de dois jogadores","isPartOf":{"@id":"https:\/\/www.gaveanews.com\/#website"},"primaryImageOfPage":{"@id":"https:\/\/www.gaveanews.com\/index.php\/2025\/03\/10\/acabou-o-amor-torcida-do-santos-cobra-saida-de-dois-jogadores\/#primaryimage"},"image":{"@id":"https:\/\/www.gaveanews.com\/index.php\/2025\/03\/10\/acabou-o-amor-torcida-do-santos-cobra-saida-de-dois-jogadores\/#primaryimage"},"thumbnailUrl":"https:\/\/www.gaveanews.com\/wp-content\/uploads\/Escudo-do-Santos-2.webp","datePublished":"2025-03-11T01:40:00+00:00","author":{"@id":"https:\/\/www.gaveanews.com\/#\/schema\/person\/daf63eec72e1164eb13dc35096c2b8da"},"breadcrumb":{"@id":"https:\/\/www.gaveanews.com\/index.php\/2025\/03\/10\/acabou-o-amor-torcida-do-santos-cobra-saida-de-dois-jogadores\/#breadcrumb"},"inLanguage":"pt-BR","potentialAction":[{"@type":"ReadAction","target":["https:\/\/www.gaveanews.com\/index.php\/2025\/03\/10\/acabou-o-amor-torcida-do-santos-cobra-saida-de-dois-jogadores\/"]}]},{"@type":"ImageObject","inLanguage":"pt-BR","@id":"https:\/\/www.gaveanews.com\/index.php\/2025\/03\/10\/acabou-o-amor-torcida-do-santos-cobra-saida-de-dois-jogadores\/#primaryimage","url":"https:\/\/www.gaveanews.com\/wp-content\/uploads\/Escudo-do-Santos-2.webp","contentUrl":"https:\/\/www.gaveanews.com\/wp-content\/uploads\/Escudo-do-Santos-2.webp","width":1424,"height":949,"caption":"Escudo do Santos (Foto: Raul Baretta\/Santos FC)"},{"@type":"BreadcrumbList","@id":"https:\/\/www.gaveanews.com\/index.php\/2025\/03\/10\/acabou-o-amor-torcida-do-santos-cobra-saida-de-dois-jogadores\/#breadcrumb","itemListElement":[{"@type":"ListItem","position":1,"name":"Home","item":"https:\/\/www.gaveanews.com\/"},{"@type":"ListItem","position":2,"name":"Acabou o amor! Torcida do Santos cobra sa\u00edda de dois jogadores"}]},{"@type":"WebSite","@id":"https:\/\/www.gaveanews.com\/#website","url":"https:\/\/www.gaveanews.com\/","name":"G\u00e1vea News","description":"Veja todas as not\u00edcias sobre o Flamengo: Contrata\u00e7\u00f5es, categorias de base, resultados das partidas, tabela de classifica\u00e7\u00e3o, pr\u00f3ximos jogos!","potentialAction":[{"@type":"SearchAction","target":{"@type":"EntryPoint","urlTemplate":"https:\/\/www.gaveanews.com\/?s={search_term_string}"},"query-input":{"@type":"PropertyValueSpecification","valueRequired":true,"valueName":"search_term_string"}}],"inLanguage":"pt-BR"},{"@type":"Person","@id":"https:\/\/www.gaveanews.com\/#\/schema\/person\/daf63eec72e1164eb13dc35096c2b8da","name":"Paula Silva","image":{"@type":"ImageObject","inLanguage":"pt-BR","@id":"https:\/\/www.gaveanews.com\/#\/schema\/person\/image\/","url":"https:\/\/secure.gravatar.com\/avatar\/eda381c845527cc5d64c13b901833cda29d97500ba040d3e6461f76f51d163bb?s=96&d=mm&r=g","contentUrl":"https:\/\/secure.gravatar.com\/avatar\/eda381c845527cc5d64c13b901833cda29d97500ba040d3e6461f76f51d163bb?s=96&d=mm&r=g","caption":"Paula Silva"}}]}},"_links":{"self":[{"href":"https:\/\/www.gaveanews.com\/index.php\/wp-json\/wp\/v2\/posts\/238201","targetHints":{"allow":["GET"]}}],"collection":[{"href":"https:\/\/www.gaveanews.com\/index.php\/wp-json\/wp\/v2\/posts"}],"about":[{"href":"https:\/\/www.gaveanews.com\/index.php\/wp-json\/wp\/v2\/types\/post"}],"author":[{"embeddable":true,"href":"https:\/\/www.gaveanews.com\/index.php\/wp-json\/wp\/v2\/users\/18"}],"replies":[{"embeddable":true,"href":"https:\/\/www.gaveanews.com\/index.php\/wp-json\/wp\/v2\/comments?post=238201"}],"version-history":[{"count":1,"href":"https:\/\/www.gaveanews.com\/index.php\/wp-json\/wp\/v2\/posts\/238201\/revisions"}],"predecessor-version":[{"id":238205,"href":"https:\/\/www.gaveanews.com\/index.php\/wp-json\/wp\/v2\/posts\/238201\/revisions\/238205"}],"wp:featuredmedia":[{"embeddable":true,"href":"https:\/\/www.gaveanews.com\/index.php\/wp-json\/wp\/v2\/media\/165619"}],"wp:attachment":[{"href":"https:\/\/www.gaveanews.com\/index.php\/wp-json\/wp\/v2\/media?parent=238201"}],"wp:term":[{"taxonomy":"category","embeddable":true,"href":"https:\/\/www.gaveanews.com\/index.php\/wp-json\/wp\/v2\/categories?post=238201"},{"taxonomy":"post_tag","embeddable":true,"href":"https:\/\/www.gaveanews.com\/index.php\/wp-json\/wp\/v2\/tags?post=238201"}],"curies":[{"name":"wp","href":"https:\/\/api.w.org\/{rel}","templated":true}]}}