{"id":238202,"date":"2025-03-11T00:35:00","date_gmt":"2025-03-11T03:35:00","guid":{"rendered":"https:\/\/www.gaveanews.com\/?p=238202"},"modified":"2025-03-10T23:17:25","modified_gmt":"2025-03-11T02:17:25","slug":"barcelona-a-declaracao-de-hansi-flick-direcionada-a-raphinha-3","status":"publish","type":"post","link":"https:\/\/www.gaveanews.com\/index.php\/2025\/03\/11\/barcelona-a-declaracao-de-hansi-flick-direcionada-a-raphinha-3\/","title":{"rendered":"Barcelona: a declara\u00e7\u00e3o de Hansi Flick direcionada a Raphinha"},"content":{"rendered":"\n<p>O t\u00e9cnico do Barcelona, Hansi Flick, n\u00e3o tem a menor d\u00favida que teremos outro brasileiro na briga pela pr\u00f3xima Bola de Ouro &#8211; pr\u00eamio concedido pela revista France Football ao melhor jogador do mundo na temporada antecessora \u00e0 premia\u00e7\u00e3o. Trata-se de Raphinha, que, na vis\u00e3o do treinador, tem demonstrado &#8220;caracter\u00edsticas de um grande jogador&#8221;.<\/p>\n\n\n\n<p>&#8220;Sim, evidentemente [estar\u00e1 na disputa do Ballon d&#8217;Or. Ele jogou bem nesta temporada, \u00e9 algo \u00f3bvio. Para n\u00f3s, sempre \u00e9 um jogador que ajuda com a sua din\u00e2mica, com os gols que marca. Temos visto isso claramente nos \u00faltimos jogos&#8221;, avaliou Flick em coletiva de imprensa nesta segunda-feira, 10.<\/p>\n\n\n\n<p>Por fim, o t\u00e9cnico enalteceu o potencial do brasileiro e demonstrou satisfa\u00e7\u00e3o em t\u00ea-lo no plantel. &#8220;Ele tem as caracter\u00edsticas de um grande jogador: quando ataca, voc\u00ea pode ver como executa tudo bem. \u00c9 um atleta muito concentrado, e estou muito contente de t\u00ea-lo conosco, ainda mais neste n\u00edvel\u201d, concluiu.<\/p>\n\n\n\n<h2 class=\"wp-block-heading\" id=\"h-brasileiros-no-topo-do-mundo\">Brasileiros no topo do mundo<\/h2>\n\n\n\n<p>O \u00faltimo a disputar o pr\u00eamio foi Vinicius J\u00fanior, do Real Madrid, na pol\u00eamica derrota para Rodri, do City, em outubro do ano passado. O camisa 7 dos merengues \u00e9, inclusive, um dos candidatos do time de Ancelotti \u00e0 pr\u00f3xima disputa do Ballon d&#8217;Or. Antes dele, Neymar tamb\u00e9m bateu na trave e ficou com &#8216;o bronze&#8217; numa concorr\u00eancia com Cristiano Ronaldo e Messi.<\/p>\n\n\n\n<p>Um jogador brasileiro n\u00e3o conquista o pr\u00eamio da revista France Football desde 2007, quando Kak\u00e1, \u00e0 \u00e9poca no Milan, atingiu tal feito depois de Rom\u00e1rio, Ronaldo, Ronaldinho e Rivaldo. O ex-S\u00e3o Paulo sagrou-se campe\u00e3o da Liga dos Campe\u00f5es, Mundial de Clubes e Supercopa da Europa naquele ano.<\/p>\n\n\n\n<h2 class=\"wp-block-heading\" id=\"h-raphinha-na-temporada\">Raphinha na temporada<\/h2>\n\n\n\n<p>Dos 40 jogos disputados na temporada, Raphinha foi titular de Flick em 39. O brasileiro guardou 25 bolas na rede, nove s\u00f3 na Champions League, e ainda contribuiu com 17 assist\u00eancias nesse per\u00edodo. Um desempenho que tem chamado aten\u00e7\u00e3o no Velho Continente, especialmente na Espanha.<\/p>\n\n\n\n<h2 class=\"wp-block-heading\" id=\"h-o-jogo-da-vida-do-barcelona\">O jogo da vida do Barcelona<\/h2>\n\n\n\n<p>A coletiva de Flick ocorreu \u00e0s v\u00e9speras do duelo de volta contra o Benfica, pelas oitavas de final da Champions League. O Barcelona venceu o advers\u00e1rio pelo placar m\u00ednimo em Lisboa, Portugal, justamente com gol de Raphinha e garantiu a vantagem do empate para decis\u00e3o desta ter\u00e7a-feira, 11. A bola rola no est\u00e1dio Llu\u00eds Companys \u00e0s 14h45 (de Bras\u00edlia).<\/p>\n","protected":false},"excerpt":{"rendered":"<p>O t\u00e9cnico do Barcelona, Hansi Flick, n\u00e3o tem a menor d\u00favida que teremos outro brasileiro na briga pela pr\u00f3xima Bola de Ouro &#8211; pr\u00eamio concedido pela revista France Football ao melhor jogador do mundo na temporada antecessora \u00e0 premia\u00e7\u00e3o. Trata-se de Raphinha, que, na vis\u00e3o do treinador, tem demonstrado &#8220;caracter\u00edsticas de um grande jogador&#8221;. &#8220;Sim, [&hellip;]<\/p>\n","protected":false},"author":30,"featured_media":172534,"comment_status":"open","ping_status":"closed","sticky":false,"template":"","format":"standard","meta":{"footnotes":""},"categories":[87],"tags":[],"class_list":["post-238202","post","type-post","status-publish","format-standard","has-post-thumbnail","hentry","category-barcelona"],"yoast_head":"<!-- This site is optimized with the Yoast SEO Premium plugin v24.2 (Yoast SEO v26.9) - https:\/\/yoast.com\/product\/yoast-seo-premium-wordpress\/ -->\n<title>Barcelona: a declara\u00e7\u00e3o de Hansi Flick direcionada a Raphinha<\/title>\n<meta name=\"robots\" content=\"index, follow, max-snippet:-1, max-image-preview:large, max-video-preview:-1\" \/>\n<link rel=\"canonical\" href=\"https:\/\/www.gaveanews.com\/index.php\/2025\/03\/11\/barcelona-a-declaracao-de-hansi-flick-direcionada-a-raphinha-3\/\" \/>\n<meta property=\"og:locale\" content=\"pt_BR\" \/>\n<meta property=\"og:type\" content=\"article\" \/>\n<meta property=\"og:title\" content=\"Barcelona: a declara\u00e7\u00e3o de Hansi Flick direcionada a Raphinha\" \/>\n<meta property=\"og:description\" content=\"O t\u00e9cnico do Barcelona, Hansi Flick, n\u00e3o tem a menor d\u00favida que teremos outro brasileiro na briga pela pr\u00f3xima Bola de Ouro &#8211; pr\u00eamio concedido pela revista France Football ao melhor jogador do mundo na temporada antecessora \u00e0 premia\u00e7\u00e3o. Trata-se de Raphinha, que, na vis\u00e3o do treinador, tem demonstrado &#8220;caracter\u00edsticas de um grande jogador&#8221;. &#8220;Sim, [&hellip;]\" \/>\n<meta property=\"og:url\" content=\"https:\/\/www.gaveanews.com\/index.php\/2025\/03\/11\/barcelona-a-declaracao-de-hansi-flick-direcionada-a-raphinha-3\/\" \/>\n<meta property=\"og:site_name\" content=\"G\u00e1vea News\" \/>\n<meta property=\"article:publisher\" content=\"https:\/\/facebook.com\/gaveaNews\/\" \/>\n<meta property=\"article:published_time\" content=\"2025-03-11T03:35:00+00:00\" \/>\n<meta property=\"og:image\" content=\"https:\/\/www.gaveanews.com\/wp-content\/uploads\/Raphinha-em-acao-pelo-Barcelona.webp\" \/>\n\t<meta property=\"og:image:width\" content=\"1440\" \/>\n\t<meta property=\"og:image:height\" content=\"1799\" \/>\n\t<meta property=\"og:image:type\" content=\"image\/jpeg\" \/>\n<meta name=\"author\" content=\"Ana Teixeira\" \/>\n<meta name=\"twitter:card\" content=\"summary_large_image\" \/>\n<meta name=\"twitter:label1\" content=\"Escrito por\" \/>\n\t<meta name=\"twitter:data1\" content=\"Ana Teixeira\" \/>\n\t<meta name=\"twitter:label2\" content=\"Est. tempo de leitura\" \/>\n\t<meta name=\"twitter:data2\" content=\"3 minutos\" \/>\n<script type=\"application\/ld+json\" class=\"yoast-schema-graph\">{\"@context\":\"https:\/\/schema.org\",\"@graph\":[{\"@type\":\"NewsArticle\",\"@id\":\"https:\/\/www.gaveanews.com\/index.php\/2025\/03\/11\/barcelona-a-declaracao-de-hansi-flick-direcionada-a-raphinha-3\/#article\",\"isPartOf\":{\"@id\":\"https:\/\/www.gaveanews.com\/index.php\/2025\/03\/11\/barcelona-a-declaracao-de-hansi-flick-direcionada-a-raphinha-3\/\"},\"author\":{\"name\":\"Ana Teixeira\",\"@id\":\"https:\/\/www.gaveanews.com\/#\/schema\/person\/3b19f7288b0ce20372991275e4f2e6c2\"},\"headline\":\"Barcelona: a declara\u00e7\u00e3o de Hansi Flick direcionada a Raphinha\",\"datePublished\":\"2025-03-11T03:35:00+00:00\",\"mainEntityOfPage\":{\"@id\":\"https:\/\/www.gaveanews.com\/index.php\/2025\/03\/11\/barcelona-a-declaracao-de-hansi-flick-direcionada-a-raphinha-3\/\"},\"wordCount\":417,\"commentCount\":0,\"image\":{\"@id\":\"https:\/\/www.gaveanews.com\/index.php\/2025\/03\/11\/barcelona-a-declaracao-de-hansi-flick-direcionada-a-raphinha-3\/#primaryimage\"},\"thumbnailUrl\":\"https:\/\/www.gaveanews.com\/wp-content\/uploads\/Raphinha-em-acao-pelo-Barcelona.webp\",\"articleSection\":[\"Barcelona\"],\"inLanguage\":\"pt-BR\",\"potentialAction\":[{\"@type\":\"CommentAction\",\"name\":\"Comment\",\"target\":[\"https:\/\/www.gaveanews.com\/index.php\/2025\/03\/11\/barcelona-a-declaracao-de-hansi-flick-direcionada-a-raphinha-3\/#respond\"]}],\"copyrightYear\":\"2025\",\"copyrightHolder\":{\"@id\":\"https:\/\/www.gaveanews.com\/#organization\"}},{\"@type\":\"WebPage\",\"@id\":\"https:\/\/www.gaveanews.com\/index.php\/2025\/03\/11\/barcelona-a-declaracao-de-hansi-flick-direcionada-a-raphinha-3\/\",\"url\":\"https:\/\/www.gaveanews.com\/index.php\/2025\/03\/11\/barcelona-a-declaracao-de-hansi-flick-direcionada-a-raphinha-3\/\",\"name\":\"Barcelona: a declara\u00e7\u00e3o de Hansi Flick direcionada a Raphinha\",\"isPartOf\":{\"@id\":\"https:\/\/www.gaveanews.com\/#website\"},\"primaryImageOfPage\":{\"@id\":\"https:\/\/www.gaveanews.com\/index.php\/2025\/03\/11\/barcelona-a-declaracao-de-hansi-flick-direcionada-a-raphinha-3\/#primaryimage\"},\"image\":{\"@id\":\"https:\/\/www.gaveanews.com\/index.php\/2025\/03\/11\/barcelona-a-declaracao-de-hansi-flick-direcionada-a-raphinha-3\/#primaryimage\"},\"thumbnailUrl\":\"https:\/\/www.gaveanews.com\/wp-content\/uploads\/Raphinha-em-acao-pelo-Barcelona.webp\",\"datePublished\":\"2025-03-11T03:35:00+00:00\",\"author\":{\"@id\":\"https:\/\/www.gaveanews.com\/#\/schema\/person\/3b19f7288b0ce20372991275e4f2e6c2\"},\"breadcrumb\":{\"@id\":\"https:\/\/www.gaveanews.com\/index.php\/2025\/03\/11\/barcelona-a-declaracao-de-hansi-flick-direcionada-a-raphinha-3\/#breadcrumb\"},\"inLanguage\":\"pt-BR\",\"potentialAction\":[{\"@type\":\"ReadAction\",\"target\":[\"https:\/\/www.gaveanews.com\/index.php\/2025\/03\/11\/barcelona-a-declaracao-de-hansi-flick-direcionada-a-raphinha-3\/\"]}]},{\"@type\":\"ImageObject\",\"inLanguage\":\"pt-BR\",\"@id\":\"https:\/\/www.gaveanews.com\/index.php\/2025\/03\/11\/barcelona-a-declaracao-de-hansi-flick-direcionada-a-raphinha-3\/#primaryimage\",\"url\":\"https:\/\/www.gaveanews.com\/wp-content\/uploads\/Raphinha-em-acao-pelo-Barcelona.webp\",\"contentUrl\":\"https:\/\/www.gaveanews.com\/wp-content\/uploads\/Raphinha-em-acao-pelo-Barcelona.webp\",\"width\":1440,\"height\":1799,\"caption\":\"Raphinha em a\u00e7\u00e3o pelo Barcelona (Foto: Reprodu\u00e7\u00e3o\/Barcelona)\"},{\"@type\":\"BreadcrumbList\",\"@id\":\"https:\/\/www.gaveanews.com\/index.php\/2025\/03\/11\/barcelona-a-declaracao-de-hansi-flick-direcionada-a-raphinha-3\/#breadcrumb\",\"itemListElement\":[{\"@type\":\"ListItem\",\"position\":1,\"name\":\"Home\",\"item\":\"https:\/\/www.gaveanews.com\/\"},{\"@type\":\"ListItem\",\"position\":2,\"name\":\"Barcelona: a declara\u00e7\u00e3o de Hansi Flick direcionada a Raphinha\"}]},{\"@type\":\"WebSite\",\"@id\":\"https:\/\/www.gaveanews.com\/#website\",\"url\":\"https:\/\/www.gaveanews.com\/\",\"name\":\"G\u00e1vea News\",\"description\":\"Veja todas as not\u00edcias sobre o Flamengo: Contrata\u00e7\u00f5es, categorias de base, resultados das partidas, tabela de classifica\u00e7\u00e3o, pr\u00f3ximos jogos!\",\"potentialAction\":[{\"@type\":\"SearchAction\",\"target\":{\"@type\":\"EntryPoint\",\"urlTemplate\":\"https:\/\/www.gaveanews.com\/?s={search_term_string}\"},\"query-input\":{\"@type\":\"PropertyValueSpecification\",\"valueRequired\":true,\"valueName\":\"search_term_string\"}}],\"inLanguage\":\"pt-BR\"},{\"@type\":\"Person\",\"@id\":\"https:\/\/www.gaveanews.com\/#\/schema\/person\/3b19f7288b0ce20372991275e4f2e6c2\",\"name\":\"Ana Teixeira\",\"image\":{\"@type\":\"ImageObject\",\"inLanguage\":\"pt-BR\",\"@id\":\"https:\/\/www.gaveanews.com\/#\/schema\/person\/image\/\",\"url\":\"https:\/\/secure.gravatar.com\/avatar\/0a73f5a5258f3fed37fc2fa641892f3f7a4748456d4d4792f9bc550e6c19e06c?s=96&d=mm&r=g\",\"contentUrl\":\"https:\/\/secure.gravatar.com\/avatar\/0a73f5a5258f3fed37fc2fa641892f3f7a4748456d4d4792f9bc550e6c19e06c?s=96&d=mm&r=g\",\"caption\":\"Ana Teixeira\"}}]}<\/script>\n<!-- \/ Yoast SEO Premium plugin. -->","yoast_head_json":{"title":"Barcelona: a declara\u00e7\u00e3o de Hansi Flick direcionada a Raphinha","robots":{"index":"index","follow":"follow","max-snippet":"max-snippet:-1","max-image-preview":"max-image-preview:large","max-video-preview":"max-video-preview:-1"},"canonical":"https:\/\/www.gaveanews.com\/index.php\/2025\/03\/11\/barcelona-a-declaracao-de-hansi-flick-direcionada-a-raphinha-3\/","og_locale":"pt_BR","og_type":"article","og_title":"Barcelona: a declara\u00e7\u00e3o de Hansi Flick direcionada a Raphinha","og_description":"O t\u00e9cnico do Barcelona, Hansi Flick, n\u00e3o tem a menor d\u00favida que teremos outro brasileiro na briga pela pr\u00f3xima Bola de Ouro &#8211; pr\u00eamio concedido pela revista France Football ao melhor jogador do mundo na temporada antecessora \u00e0 premia\u00e7\u00e3o. Trata-se de Raphinha, que, na vis\u00e3o do treinador, tem demonstrado &#8220;caracter\u00edsticas de um grande jogador&#8221;. &#8220;Sim, [&hellip;]","og_url":"https:\/\/www.gaveanews.com\/index.php\/2025\/03\/11\/barcelona-a-declaracao-de-hansi-flick-direcionada-a-raphinha-3\/","og_site_name":"G\u00e1vea News","article_publisher":"https:\/\/facebook.com\/gaveaNews\/","article_published_time":"2025-03-11T03:35:00+00:00","og_image":[{"width":1440,"height":1799,"url":"https:\/\/www.gaveanews.com\/wp-content\/uploads\/Raphinha-em-acao-pelo-Barcelona.webp","type":"image\/jpeg"}],"author":"Ana Teixeira","twitter_card":"summary_large_image","twitter_misc":{"Escrito por":"Ana Teixeira","Est. tempo de leitura":"3 minutos"},"schema":{"@context":"https:\/\/schema.org","@graph":[{"@type":"NewsArticle","@id":"https:\/\/www.gaveanews.com\/index.php\/2025\/03\/11\/barcelona-a-declaracao-de-hansi-flick-direcionada-a-raphinha-3\/#article","isPartOf":{"@id":"https:\/\/www.gaveanews.com\/index.php\/2025\/03\/11\/barcelona-a-declaracao-de-hansi-flick-direcionada-a-raphinha-3\/"},"author":{"name":"Ana Teixeira","@id":"https:\/\/www.gaveanews.com\/#\/schema\/person\/3b19f7288b0ce20372991275e4f2e6c2"},"headline":"Barcelona: a declara\u00e7\u00e3o de Hansi Flick direcionada a Raphinha","datePublished":"2025-03-11T03:35:00+00:00","mainEntityOfPage":{"@id":"https:\/\/www.gaveanews.com\/index.php\/2025\/03\/11\/barcelona-a-declaracao-de-hansi-flick-direcionada-a-raphinha-3\/"},"wordCount":417,"commentCount":0,"image":{"@id":"https:\/\/www.gaveanews.com\/index.php\/2025\/03\/11\/barcelona-a-declaracao-de-hansi-flick-direcionada-a-raphinha-3\/#primaryimage"},"thumbnailUrl":"https:\/\/www.gaveanews.com\/wp-content\/uploads\/Raphinha-em-acao-pelo-Barcelona.webp","articleSection":["Barcelona"],"inLanguage":"pt-BR","potentialAction":[{"@type":"CommentAction","name":"Comment","target":["https:\/\/www.gaveanews.com\/index.php\/2025\/03\/11\/barcelona-a-declaracao-de-hansi-flick-direcionada-a-raphinha-3\/#respond"]}],"copyrightYear":"2025","copyrightHolder":{"@id":"https:\/\/www.gaveanews.com\/#organization"}},{"@type":"WebPage","@id":"https:\/\/www.gaveanews.com\/index.php\/2025\/03\/11\/barcelona-a-declaracao-de-hansi-flick-direcionada-a-raphinha-3\/","url":"https:\/\/www.gaveanews.com\/index.php\/2025\/03\/11\/barcelona-a-declaracao-de-hansi-flick-direcionada-a-raphinha-3\/","name":"Barcelona: a declara\u00e7\u00e3o de Hansi Flick direcionada a Raphinha","isPartOf":{"@id":"https:\/\/www.gaveanews.com\/#website"},"primaryImageOfPage":{"@id":"https:\/\/www.gaveanews.com\/index.php\/2025\/03\/11\/barcelona-a-declaracao-de-hansi-flick-direcionada-a-raphinha-3\/#primaryimage"},"image":{"@id":"https:\/\/www.gaveanews.com\/index.php\/2025\/03\/11\/barcelona-a-declaracao-de-hansi-flick-direcionada-a-raphinha-3\/#primaryimage"},"thumbnailUrl":"https:\/\/www.gaveanews.com\/wp-content\/uploads\/Raphinha-em-acao-pelo-Barcelona.webp","datePublished":"2025-03-11T03:35:00+00:00","author":{"@id":"https:\/\/www.gaveanews.com\/#\/schema\/person\/3b19f7288b0ce20372991275e4f2e6c2"},"breadcrumb":{"@id":"https:\/\/www.gaveanews.com\/index.php\/2025\/03\/11\/barcelona-a-declaracao-de-hansi-flick-direcionada-a-raphinha-3\/#breadcrumb"},"inLanguage":"pt-BR","potentialAction":[{"@type":"ReadAction","target":["https:\/\/www.gaveanews.com\/index.php\/2025\/03\/11\/barcelona-a-declaracao-de-hansi-flick-direcionada-a-raphinha-3\/"]}]},{"@type":"ImageObject","inLanguage":"pt-BR","@id":"https:\/\/www.gaveanews.com\/index.php\/2025\/03\/11\/barcelona-a-declaracao-de-hansi-flick-direcionada-a-raphinha-3\/#primaryimage","url":"https:\/\/www.gaveanews.com\/wp-content\/uploads\/Raphinha-em-acao-pelo-Barcelona.webp","contentUrl":"https:\/\/www.gaveanews.com\/wp-content\/uploads\/Raphinha-em-acao-pelo-Barcelona.webp","width":1440,"height":1799,"caption":"Raphinha em a\u00e7\u00e3o pelo Barcelona (Foto: Reprodu\u00e7\u00e3o\/Barcelona)"},{"@type":"BreadcrumbList","@id":"https:\/\/www.gaveanews.com\/index.php\/2025\/03\/11\/barcelona-a-declaracao-de-hansi-flick-direcionada-a-raphinha-3\/#breadcrumb","itemListElement":[{"@type":"ListItem","position":1,"name":"Home","item":"https:\/\/www.gaveanews.com\/"},{"@type":"ListItem","position":2,"name":"Barcelona: a declara\u00e7\u00e3o de Hansi Flick direcionada a Raphinha"}]},{"@type":"WebSite","@id":"https:\/\/www.gaveanews.com\/#website","url":"https:\/\/www.gaveanews.com\/","name":"G\u00e1vea News","description":"Veja todas as not\u00edcias sobre o Flamengo: Contrata\u00e7\u00f5es, categorias de base, resultados das partidas, tabela de classifica\u00e7\u00e3o, pr\u00f3ximos jogos!","potentialAction":[{"@type":"SearchAction","target":{"@type":"EntryPoint","urlTemplate":"https:\/\/www.gaveanews.com\/?s={search_term_string}"},"query-input":{"@type":"PropertyValueSpecification","valueRequired":true,"valueName":"search_term_string"}}],"inLanguage":"pt-BR"},{"@type":"Person","@id":"https:\/\/www.gaveanews.com\/#\/schema\/person\/3b19f7288b0ce20372991275e4f2e6c2","name":"Ana Teixeira","image":{"@type":"ImageObject","inLanguage":"pt-BR","@id":"https:\/\/www.gaveanews.com\/#\/schema\/person\/image\/","url":"https:\/\/secure.gravatar.com\/avatar\/0a73f5a5258f3fed37fc2fa641892f3f7a4748456d4d4792f9bc550e6c19e06c?s=96&d=mm&r=g","contentUrl":"https:\/\/secure.gravatar.com\/avatar\/0a73f5a5258f3fed37fc2fa641892f3f7a4748456d4d4792f9bc550e6c19e06c?s=96&d=mm&r=g","caption":"Ana Teixeira"}}]}},"_links":{"self":[{"href":"https:\/\/www.gaveanews.com\/index.php\/wp-json\/wp\/v2\/posts\/238202","targetHints":{"allow":["GET"]}}],"collection":[{"href":"https:\/\/www.gaveanews.com\/index.php\/wp-json\/wp\/v2\/posts"}],"about":[{"href":"https:\/\/www.gaveanews.com\/index.php\/wp-json\/wp\/v2\/types\/post"}],"author":[{"embeddable":true,"href":"https:\/\/www.gaveanews.com\/index.php\/wp-json\/wp\/v2\/users\/30"}],"replies":[{"embeddable":true,"href":"https:\/\/www.gaveanews.com\/index.php\/wp-json\/wp\/v2\/comments?post=238202"}],"version-history":[{"count":4,"href":"https:\/\/www.gaveanews.com\/index.php\/wp-json\/wp\/v2\/posts\/238202\/revisions"}],"predecessor-version":[{"id":238306,"href":"https:\/\/www.gaveanews.com\/index.php\/wp-json\/wp\/v2\/posts\/238202\/revisions\/238306"}],"wp:featuredmedia":[{"embeddable":true,"href":"https:\/\/www.gaveanews.com\/index.php\/wp-json\/wp\/v2\/media\/172534"}],"wp:attachment":[{"href":"https:\/\/www.gaveanews.com\/index.php\/wp-json\/wp\/v2\/media?parent=238202"}],"wp:term":[{"taxonomy":"category","embeddable":true,"href":"https:\/\/www.gaveanews.com\/index.php\/wp-json\/wp\/v2\/categories?post=238202"},{"taxonomy":"post_tag","embeddable":true,"href":"https:\/\/www.gaveanews.com\/index.php\/wp-json\/wp\/v2\/tags?post=238202"}],"curies":[{"name":"wp","href":"https:\/\/api.w.org\/{rel}","templated":true}]}}